{"id":84591,"date":"2023-09-28T09:04:05","date_gmt":"2023-09-28T07:04:05","guid":{"rendered":"https:\/\/exaudi.org\/?p=84591"},"modified":"2023-09-29T16:22:20","modified_gmt":"2023-09-29T14:22:20","slug":"elogio-de-la-inactividad","status":"publish","type":"post","link":"https:\/\/exaudi.org\/es\/elogio-de-la-inactividad\/","title":{"rendered":"Elogio de la inactividad"},"content":{"rendered":"<audio class=\"wp-audio-shortcode\" id=\"audio-84591-1\" preload=\"none\" style=\"width: 100%;\" controls=\"controls\"><source type=\"audio\/mpeg\" src=\"https:\/\/exaudi.org\/wp-content\/uploads\/2023\/09\/Elogio-de-la-inactividad.mp3?_=1\" \/><a href=\"https:\/\/exaudi.org\/wp-content\/uploads\/2023\/09\/Elogio-de-la-inactividad.mp3\">https:\/\/exaudi.org\/wp-content\/uploads\/2023\/09\/Elogio-de-la-inactividad.mp3<\/a><\/audio>\n<p data-adtags-visited=\"true\">Una vez m\u00e1s vuelvo a Byung-Chul Han en otro de sus libros:\u00a0<em>Vida contemplativa. Elogio de la inactividad\u00a0<\/em>(Taurus, 2023). El tema es muy suyo y pone la atenci\u00f3n en otra cara del poliedro de su propuesta. Reflexiona, ahora, en la dimensi\u00f3n contemplativa de la existencia humana a la que denomina\u00a0<em>inactividad.<\/em>\u00a0Contin\u00faa la saga de sus libros en los que critica la hiperactividad, la hipercomunicaci\u00f3n, la sobreproducci\u00f3n, la autoexplotaci\u00f3n laboral; excesos que generan una sociedad gris, sin asombro ni aroma del tiempo.<\/p>\n<p data-adtags-visited=\"true\">En este libro Han se fija en la exaltaci\u00f3n del trabajo, entendido como actividad productiva, de tal manera que el descanso entre jornada y jornada laboral ser\u00eda un mero entretiempo, una pausa para despejarse y seguir trabajando. Ante este activismo laboral que absorbe el reposo, quit\u00e1ndole entidad propia, Han plantea que \u201cla inactividad\u201d -ausencia de actividad- no es un asunto residual, sino que ella misma tiene personalidad propia, no es un entreacto. M\u00e1s aun esta inactividad ser\u00eda \u201cel fin \u00faltimo de los esfuerzos humanos\u201d.<\/p>\n<p data-adtags-visited=\"true\">La inactividad -dice Han- nos saca del campo de \u201clo \u00fatil\u201d, nos pone fuera de la acci\u00f3n utilitarista, ansiosa de hacer para conseguir resultados. La inactividad, la contemplaci\u00f3n, en cambio, nos llevar\u00eda a estar y permanecer en el ser m\u00e1s \u00edntimo y denso de la existencia humana. Es escapar de las fuerzas centr\u00edfugas que disuelven lo humano en el mero producir. Se entiende, por esto, que Han dialogue con Hanna Arendt y haga una valoraci\u00f3n de la distinci\u00f3n que ella hace entre labor, trabajo y acci\u00f3n. En este aspecto, me parece que Han da en el clavo al se\u00f1alar la insuficiencia de este planteamiento, concluyendo que, para Arendt, tal como entiende la vida, no hay lugar para la vida contemplativa. Han encuentra que en Arendt hay una sobredosis de acci\u00f3n, escap\u00e1ndosele la dimensi\u00f3n contemplativa de la condici\u00f3n humana.<\/p>\n<p data-adtags-visited=\"true\">\u00a0Concuerdo con Han en el elogio de la inactividad y en su denodado esfuerzo por resaltar el car\u00e1cter humanizador de la contemplaci\u00f3n, es decir, recuperar la capacidad humana de poder descender a las honduras del ser y habitar en \u00e9l. Sin embargo, encuentro que su visi\u00f3n del trabajo humano es reductiva. Se queda paralizado en las pr\u00e1cticas patol\u00f3gicas del trabajo que, efectivamente, existen en no pocas organizaciones, generando una enfermiza sociedad del cansancio. Desde este supuesto, para Han la salvaci\u00f3n del ser humano estar\u00eda fuera del trabajo, como si no hubiese forma de encontrar nobleza entre los libros contables, en las l\u00edneas de producci\u00f3n industrial, en la actividad pesquera, en los tribunales, en las empresas.<\/p>\n<p data-adtags-visited=\"true\">El elogio de la inactividad de Han se convierte en una diatriba al trabajo, una especie de disyunci\u00f3n entre trabajo o contemplaci\u00f3n. Pienso que no hace falta llegar a esta exclusi\u00f3n y oposici\u00f3n. El reto humanizador es, m\u00e1s bien, aunar trabajo y contemplaci\u00f3n. Sin trabajo, sin el sudor de la frente, el ser humano se diluye. Es en la actividad laboral en donde encontramos el lugar para gran parte del florecimiento personal. All\u00ed vivimos y desarrollamos la \u00ednsita sociabilidad de nuestra coexistencia personal. Las malas pr\u00e1cticas laborales, la existencia de empresas que deterioran a la persona y al entorno no nos pueden hacer olvidar que hay, asimismo, empresas comprometidas con el buen hacer en sus operaciones.<\/p>\n<p data-adtags-visited=\"true\">Es de agradecer la defensa que Han hace de la inactividad, pero puestos a escoger, prefiero el amigable \u201cora et labora\u201d de la regla de San Benito o aquella luminosa afirmaci\u00f3n de Santa Teresa se\u00f1alando que Dios est\u00e1, tambi\u00e9n, entre las ollas. Entiendo que no sea f\u00e1cil descubrir y vivir la dimensi\u00f3n contemplativa del trabajo, pero con un poco de ayuda del Cielo y buena voluntad vale la pena esforzarse por encontrar el valor divino de lo humano.<\/p>\n<p data-adtags-visited=\"true\"><img loading=\"lazy\" decoding=\"async\" class=\"size-full wp-image-84596 aligncenter\" src=\"https:\/\/exaudi.org\/wp-content\/uploads\/2023\/09\/han-scaled.jpg\" alt=\"\" width=\"1920\" height=\"2560\" srcset=\"https:\/\/exaudi.org\/wp-content\/uploads\/2023\/09\/han-scaled.jpg 1920w, https:\/\/exaudi.org\/wp-content\/uploads\/2023\/09\/han-225x300.jpg 225w, https:\/\/exaudi.org\/wp-content\/uploads\/2023\/09\/han-768x1024.jpg 768w, https:\/\/exaudi.org\/wp-content\/uploads\/2023\/09\/han-770x1027.jpg 770w, https:\/\/exaudi.org\/wp-content\/uploads\/2023\/09\/han-1152x1536.jpg 1152w, https:\/\/exaudi.org\/wp-content\/uploads\/2023\/09\/han-1536x2048.jpg 1536w, https:\/\/exaudi.org\/wp-content\/uploads\/2023\/09\/han-500x667.jpg 500w, https:\/\/exaudi.org\/wp-content\/uploads\/2023\/09\/han-293x391.jpg 293w, https:\/\/exaudi.org\/wp-content\/uploads\/2023\/09\/han-1400x1867.jpg 1400w, https:\/\/exaudi.org\/wp-content\/uploads\/2023\/09\/han-390x520.jpg 390w\" sizes=\"auto, (max-width: 1920px) 100vw, 1920px\" \/><\/p>\n","protected":false},"excerpt":{"rendered":"<p>No es f\u00e1cil descubrir y vivir la dimensi\u00f3n contemplativa del trabajo, pero con un poco de ayuda del Cielo y buena voluntad vale la pena esforzarse por encontrar el valor divino de lo humano<\/p>\n","protected":false},"author":109,"featured_media":84592,"comment_status":"closed","ping_status":"closed","sticky":false,"template":"","format":"standard","meta":{"_acf_changed":false,"_crdt_document":"","inline_featured_image":false,"footnotes":""},"categories":[130],"tags":[10202,2127,10201,2008,4953],"class_list":["post-84591","post","type-post","status-publish","format-standard","has-post-thumbnail","hentry","category-voces","tag-byung-chul-han","tag-contemplacion","tag-inactividad","tag-trabajo","tag-trending-es"],"acf":[],"yoast_head":"<!-- This site is optimized with the Yoast SEO plugin v27.4 - https:\/\/yoast.com\/product\/yoast-seo-wordpress\/ -->\n<title>Elogio de la inactividad &#8211; Exaudi<\/title>\n<meta name=\"robots\" content=\"index, follow, max-snippet:-1, max-image-preview:large, max-video-preview:-1\" \/>\n<link rel=\"canonical\" href=\"https:\/\/exaudi.org\/es\/elogio-de-la-inactividad\/\" \/>\n<meta property=\"og:locale\" content=\"es_ES\" \/>\n<meta property=\"og:type\" content=\"article\" \/>\n<meta property=\"og:title\" content=\"Elogio de la inactividad &#8211; Exaudi\" \/>\n<meta property=\"og:description\" content=\"No es f\u00e1cil descubrir y vivir la dimensi\u00f3n contemplativa del trabajo, pero con un poco de ayuda del Cielo y buena voluntad vale la pena esforzarse por encontrar el valor divino de lo humano\" \/>\n<meta property=\"og:url\" content=\"https:\/\/exaudi.org\/es\/elogio-de-la-inactividad\/\" \/>\n<meta property=\"og:site_name\" content=\"Exaudi\" \/>\n<meta property=\"article:publisher\" content=\"https:\/\/www.facebook.com\/ExaudiNews\" \/>\n<meta property=\"article:published_time\" content=\"2023-09-28T07:04:05+00:00\" \/>\n<meta property=\"article:modified_time\" content=\"2023-09-29T14:22:20+00:00\" \/>\n<meta property=\"og:image\" content=\"https:\/\/exaudi.org\/wp-content\/uploads\/2023\/09\/pexels-andras-stefuca-17830998-scaled.jpg\" \/>\n\t<meta property=\"og:image:width\" content=\"2560\" \/>\n\t<meta property=\"og:image:height\" content=\"1707\" \/>\n\t<meta property=\"og:image:type\" content=\"image\/jpeg\" \/>\n<meta name=\"author\" content=\"Francisco Bobadilla\" \/>\n<meta name=\"twitter:card\" content=\"summary_large_image\" \/>\n<meta name=\"twitter:creator\" content=\"@Exaudi_News\" \/>\n<meta name=\"twitter:site\" content=\"@Exaudi_News\" \/>\n<meta name=\"twitter:label1\" content=\"Escrito por\" \/>\n\t<meta name=\"twitter:data1\" content=\"Francisco Bobadilla\" \/>\n\t<meta name=\"twitter:label2\" content=\"Tiempo de lectura\" \/>\n\t<meta name=\"twitter:data2\" content=\"3 minutos\" \/>\n<script type=\"application\/ld+json\" class=\"yoast-schema-graph\">{\"@context\":\"https:\\\/\\\/schema.org\",\"@graph\":[{\"@type\":\"Article\",\"@id\":\"https:\\\/\\\/exaudi.org\\\/es\\\/elogio-de-la-inactividad\\\/#article\",\"isPartOf\":{\"@id\":\"https:\\\/\\\/exaudi.org\\\/es\\\/elogio-de-la-inactividad\\\/\"},\"author\":{\"name\":\"Francisco Bobadilla\",\"@id\":\"https:\\\/\\\/exaudi.org\\\/#\\\/schema\\\/person\\\/f2d4ad1e1e2bb7dad42a623b75b7166b\"},\"headline\":\"Elogio de la inactividad\",\"datePublished\":\"2023-09-28T07:04:05+00:00\",\"dateModified\":\"2023-09-29T14:22:20+00:00\",\"mainEntityOfPage\":{\"@id\":\"https:\\\/\\\/exaudi.org\\\/es\\\/elogio-de-la-inactividad\\\/\"},\"wordCount\":673,\"image\":{\"@id\":\"https:\\\/\\\/exaudi.org\\\/es\\\/elogio-de-la-inactividad\\\/#primaryimage\"},\"thumbnailUrl\":\"https:\\\/\\\/exaudi.org\\\/wp-content\\\/uploads\\\/2023\\\/09\\\/pexels-andras-stefuca-17830998-scaled.jpg\",\"keywords\":[\"Byung-Chul Han\",\"Contemplaci\u00f3n\",\"Inactividad\",\"Trabajo\",\"Trending\"],\"articleSection\":[\"Voces\"],\"inLanguage\":\"es\"},{\"@type\":\"WebPage\",\"@id\":\"https:\\\/\\\/exaudi.org\\\/es\\\/elogio-de-la-inactividad\\\/\",\"url\":\"https:\\\/\\\/exaudi.org\\\/es\\\/elogio-de-la-inactividad\\\/\",\"name\":\"Elogio de la inactividad &#8211; Exaudi\",\"isPartOf\":{\"@id\":\"https:\\\/\\\/exaudi.org\\\/#website\"},\"primaryImageOfPage\":{\"@id\":\"https:\\\/\\\/exaudi.org\\\/es\\\/elogio-de-la-inactividad\\\/#primaryimage\"},\"image\":{\"@id\":\"https:\\\/\\\/exaudi.org\\\/es\\\/elogio-de-la-inactividad\\\/#primaryimage\"},\"thumbnailUrl\":\"https:\\\/\\\/exaudi.org\\\/wp-content\\\/uploads\\\/2023\\\/09\\\/pexels-andras-stefuca-17830998-scaled.jpg\",\"datePublished\":\"2023-09-28T07:04:05+00:00\",\"dateModified\":\"2023-09-29T14:22:20+00:00\",\"author\":{\"@id\":\"https:\\\/\\\/exaudi.org\\\/#\\\/schema\\\/person\\\/f2d4ad1e1e2bb7dad42a623b75b7166b\"},\"breadcrumb\":{\"@id\":\"https:\\\/\\\/exaudi.org\\\/es\\\/elogio-de-la-inactividad\\\/#breadcrumb\"},\"inLanguage\":\"es\",\"potentialAction\":[{\"@type\":\"ReadAction\",\"target\":[\"https:\\\/\\\/exaudi.org\\\/es\\\/elogio-de-la-inactividad\\\/\"]}]},{\"@type\":\"ImageObject\",\"inLanguage\":\"es\",\"@id\":\"https:\\\/\\\/exaudi.org\\\/es\\\/elogio-de-la-inactividad\\\/#primaryimage\",\"url\":\"https:\\\/\\\/exaudi.org\\\/wp-content\\\/uploads\\\/2023\\\/09\\\/pexels-andras-stefuca-17830998-scaled.jpg\",\"contentUrl\":\"https:\\\/\\\/exaudi.org\\\/wp-content\\\/uploads\\\/2023\\\/09\\\/pexels-andras-stefuca-17830998-scaled.jpg\",\"width\":2560,\"height\":1707},{\"@type\":\"BreadcrumbList\",\"@id\":\"https:\\\/\\\/exaudi.org\\\/es\\\/elogio-de-la-inactividad\\\/#breadcrumb\",\"itemListElement\":[{\"@type\":\"ListItem\",\"position\":1,\"name\":\"Portada\",\"item\":\"https:\\\/\\\/exaudi.org\\\/es\\\/\"},{\"@type\":\"ListItem\",\"position\":2,\"name\":\"Elogio de la inactividad\"}]},{\"@type\":\"WebSite\",\"@id\":\"https:\\\/\\\/exaudi.org\\\/#website\",\"url\":\"https:\\\/\\\/exaudi.org\\\/\",\"name\":\"Exaudi\",\"description\":\"News\",\"potentialAction\":[{\"@type\":\"SearchAction\",\"target\":{\"@type\":\"EntryPoint\",\"urlTemplate\":\"https:\\\/\\\/exaudi.org\\\/?s={search_term_string}\"},\"query-input\":{\"@type\":\"PropertyValueSpecification\",\"valueRequired\":true,\"valueName\":\"search_term_string\"}}],\"inLanguage\":\"es\"},{\"@type\":\"Person\",\"@id\":\"https:\\\/\\\/exaudi.org\\\/#\\\/schema\\\/person\\\/f2d4ad1e1e2bb7dad42a623b75b7166b\",\"name\":\"Francisco Bobadilla\",\"image\":{\"@type\":\"ImageObject\",\"inLanguage\":\"es\",\"@id\":\"https:\\\/\\\/secure.gravatar.com\\\/avatar\\\/8d65d74eeda045f5ef133a25b739fed12768ab871a0ddb2772cf98408d61ee37?s=96&d=mm&r=g\",\"url\":\"https:\\\/\\\/secure.gravatar.com\\\/avatar\\\/8d65d74eeda045f5ef133a25b739fed12768ab871a0ddb2772cf98408d61ee37?s=96&d=mm&r=g\",\"contentUrl\":\"https:\\\/\\\/secure.gravatar.com\\\/avatar\\\/8d65d74eeda045f5ef133a25b739fed12768ab871a0ddb2772cf98408d61ee37?s=96&d=mm&r=g\",\"caption\":\"Francisco Bobadilla\"},\"description\":\"Francisco Bobadilla es profesor principal de la Universidad de Piura, donde dicta clases para el pre-grado y posgrado. Interesado en las Humanidades y en la dimensi\u00f3n \u00e9tica de la conducta humana. Lector habitual, de cuyas lecturas se nutre en gran parte este blog. Es autor, entre otros, de los libros \u201cPasi\u00f3n por la Excelencia\u201d, \u201cEmpresas con alma\u201d, \u00abProgreso econ\u00f3mico y desarrollo humano\u00bb, \u00abEl C\u00f3digo da Vinci: de la ficci\u00f3n a la realidad\u00bb; \u00abLa disponibilidad de los derechos de la personalidad\u00bb. Abogado y Master en Derecho Civil por la PUCP, doctor en Derecho por la Universidad de Zaragoza; Licenciado en Ciencias de la Informaci\u00f3n por la Universidad de Piura. Sus temas: pensamiento pol\u00edtico y social, \u00e9tica y cultura, derechos de la persona.\",\"sameAs\":[\"https:\\\/\\\/tertuliaabierta.wordpress.com\\\/\"],\"url\":\"https:\\\/\\\/exaudi.org\\\/es\\\/author\\\/francisco-bobadilla\\\/\"}]}<\/script>\n<!-- \/ Yoast SEO plugin. -->","yoast_head_json":{"title":"Elogio de la inactividad &#8211; Exaudi","robots":{"index":"index","follow":"follow","max-snippet":"max-snippet:-1","max-image-preview":"max-image-preview:large","max-video-preview":"max-video-preview:-1"},"canonical":"https:\/\/exaudi.org\/es\/elogio-de-la-inactividad\/","og_locale":"es_ES","og_type":"article","og_title":"Elogio de la inactividad &#8211; Exaudi","og_description":"No es f\u00e1cil descubrir y vivir la dimensi\u00f3n contemplativa del trabajo, pero con un poco de ayuda del Cielo y buena voluntad vale la pena esforzarse por encontrar el valor divino de lo humano","og_url":"https:\/\/exaudi.org\/es\/elogio-de-la-inactividad\/","og_site_name":"Exaudi","article_publisher":"https:\/\/www.facebook.com\/ExaudiNews","article_published_time":"2023-09-28T07:04:05+00:00","article_modified_time":"2023-09-29T14:22:20+00:00","og_image":[{"width":2560,"height":1707,"url":"https:\/\/exaudi.org\/wp-content\/uploads\/2023\/09\/pexels-andras-stefuca-17830998-scaled.jpg","type":"image\/jpeg"}],"author":"Francisco Bobadilla","twitter_card":"summary_large_image","twitter_creator":"@Exaudi_News","twitter_site":"@Exaudi_News","twitter_misc":{"Escrito por":"Francisco Bobadilla","Tiempo de lectura":"3 minutos"},"schema":{"@context":"https:\/\/schema.org","@graph":[{"@type":"Article","@id":"https:\/\/exaudi.org\/es\/elogio-de-la-inactividad\/#article","isPartOf":{"@id":"https:\/\/exaudi.org\/es\/elogio-de-la-inactividad\/"},"author":{"name":"Francisco Bobadilla","@id":"https:\/\/exaudi.org\/#\/schema\/person\/f2d4ad1e1e2bb7dad42a623b75b7166b"},"headline":"Elogio de la inactividad","datePublished":"2023-09-28T07:04:05+00:00","dateModified":"2023-09-29T14:22:20+00:00","mainEntityOfPage":{"@id":"https:\/\/exaudi.org\/es\/elogio-de-la-inactividad\/"},"wordCount":673,"image":{"@id":"https:\/\/exaudi.org\/es\/elogio-de-la-inactividad\/#primaryimage"},"thumbnailUrl":"https:\/\/exaudi.org\/wp-content\/uploads\/2023\/09\/pexels-andras-stefuca-17830998-scaled.jpg","keywords":["Byung-Chul Han","Contemplaci\u00f3n","Inactividad","Trabajo","Trending"],"articleSection":["Voces"],"inLanguage":"es"},{"@type":"WebPage","@id":"https:\/\/exaudi.org\/es\/elogio-de-la-inactividad\/","url":"https:\/\/exaudi.org\/es\/elogio-de-la-inactividad\/","name":"Elogio de la inactividad &#8211; Exaudi","isPartOf":{"@id":"https:\/\/exaudi.org\/#website"},"primaryImageOfPage":{"@id":"https:\/\/exaudi.org\/es\/elogio-de-la-inactividad\/#primaryimage"},"image":{"@id":"https:\/\/exaudi.org\/es\/elogio-de-la-inactividad\/#primaryimage"},"thumbnailUrl":"https:\/\/exaudi.org\/wp-content\/uploads\/2023\/09\/pexels-andras-stefuca-17830998-scaled.jpg","datePublished":"2023-09-28T07:04:05+00:00","dateModified":"2023-09-29T14:22:20+00:00","author":{"@id":"https:\/\/exaudi.org\/#\/schema\/person\/f2d4ad1e1e2bb7dad42a623b75b7166b"},"breadcrumb":{"@id":"https:\/\/exaudi.org\/es\/elogio-de-la-inactividad\/#breadcrumb"},"inLanguage":"es","potentialAction":[{"@type":"ReadAction","target":["https:\/\/exaudi.org\/es\/elogio-de-la-inactividad\/"]}]},{"@type":"ImageObject","inLanguage":"es","@id":"https:\/\/exaudi.org\/es\/elogio-de-la-inactividad\/#primaryimage","url":"https:\/\/exaudi.org\/wp-content\/uploads\/2023\/09\/pexels-andras-stefuca-17830998-scaled.jpg","contentUrl":"https:\/\/exaudi.org\/wp-content\/uploads\/2023\/09\/pexels-andras-stefuca-17830998-scaled.jpg","width":2560,"height":1707},{"@type":"BreadcrumbList","@id":"https:\/\/exaudi.org\/es\/elogio-de-la-inactividad\/#breadcrumb","itemListElement":[{"@type":"ListItem","position":1,"name":"Portada","item":"https:\/\/exaudi.org\/es\/"},{"@type":"ListItem","position":2,"name":"Elogio de la inactividad"}]},{"@type":"WebSite","@id":"https:\/\/exaudi.org\/#website","url":"https:\/\/exaudi.org\/","name":"Exaudi","description":"News","potentialAction":[{"@type":"SearchAction","target":{"@type":"EntryPoint","urlTemplate":"https:\/\/exaudi.org\/?s={search_term_string}"},"query-input":{"@type":"PropertyValueSpecification","valueRequired":true,"valueName":"search_term_string"}}],"inLanguage":"es"},{"@type":"Person","@id":"https:\/\/exaudi.org\/#\/schema\/person\/f2d4ad1e1e2bb7dad42a623b75b7166b","name":"Francisco Bobadilla","image":{"@type":"ImageObject","inLanguage":"es","@id":"https:\/\/secure.gravatar.com\/avatar\/8d65d74eeda045f5ef133a25b739fed12768ab871a0ddb2772cf98408d61ee37?s=96&d=mm&r=g","url":"https:\/\/secure.gravatar.com\/avatar\/8d65d74eeda045f5ef133a25b739fed12768ab871a0ddb2772cf98408d61ee37?s=96&d=mm&r=g","contentUrl":"https:\/\/secure.gravatar.com\/avatar\/8d65d74eeda045f5ef133a25b739fed12768ab871a0ddb2772cf98408d61ee37?s=96&d=mm&r=g","caption":"Francisco Bobadilla"},"description":"Francisco Bobadilla es profesor principal de la Universidad de Piura, donde dicta clases para el pre-grado y posgrado. Interesado en las Humanidades y en la dimensi\u00f3n \u00e9tica de la conducta humana. Lector habitual, de cuyas lecturas se nutre en gran parte este blog. Es autor, entre otros, de los libros \u201cPasi\u00f3n por la Excelencia\u201d, \u201cEmpresas con alma\u201d, \u00abProgreso econ\u00f3mico y desarrollo humano\u00bb, \u00abEl C\u00f3digo da Vinci: de la ficci\u00f3n a la realidad\u00bb; \u00abLa disponibilidad de los derechos de la personalidad\u00bb. Abogado y Master en Derecho Civil por la PUCP, doctor en Derecho por la Universidad de Zaragoza; Licenciado en Ciencias de la Informaci\u00f3n por la Universidad de Piura. Sus temas: pensamiento pol\u00edtico y social, \u00e9tica y cultura, derechos de la persona.","sameAs":["https:\/\/tertuliaabierta.wordpress.com\/"],"url":"https:\/\/exaudi.org\/es\/author\/francisco-bobadilla\/"}]}},"jetpack_featured_media_url":"https:\/\/exaudi.org\/wp-content\/uploads\/2023\/09\/pexels-andras-stefuca-17830998-scaled.jpg","jetpack_shortlink":"https:\/\/wp.me\/pgKjF2-m0n","_links":{"self":[{"href":"https:\/\/exaudi.org\/es\/wp-json\/wp\/v2\/posts\/84591","targetHints":{"allow":["GET"]}}],"collection":[{"href":"https:\/\/exaudi.org\/es\/wp-json\/wp\/v2\/posts"}],"about":[{"href":"https:\/\/exaudi.org\/es\/wp-json\/wp\/v2\/types\/post"}],"author":[{"embeddable":true,"href":"https:\/\/exaudi.org\/es\/wp-json\/wp\/v2\/users\/109"}],"replies":[{"embeddable":true,"href":"https:\/\/exaudi.org\/es\/wp-json\/wp\/v2\/comments?post=84591"}],"version-history":[{"count":0,"href":"https:\/\/exaudi.org\/es\/wp-json\/wp\/v2\/posts\/84591\/revisions"}],"wp:featuredmedia":[{"embeddable":true,"href":"https:\/\/exaudi.org\/es\/wp-json\/wp\/v2\/media\/84592"}],"wp:attachment":[{"href":"https:\/\/exaudi.org\/es\/wp-json\/wp\/v2\/media?parent=84591"}],"wp:term":[{"taxonomy":"category","embeddable":true,"href":"https:\/\/exaudi.org\/es\/wp-json\/wp\/v2\/categories?post=84591"},{"taxonomy":"post_tag","embeddable":true,"href":"https:\/\/exaudi.org\/es\/wp-json\/wp\/v2\/tags?post=84591"}],"curies":[{"name":"wp","href":"https:\/\/api.w.org\/{rel}","templated":true}]}}