{"id":84566,"date":"2023-09-28T08:38:36","date_gmt":"2023-09-28T06:38:36","guid":{"rendered":"https:\/\/exaudi.org\/?p=84566"},"modified":"2023-09-28T09:03:30","modified_gmt":"2023-09-28T07:03:30","slug":"p-luis-martinez-la-iglesia-debe-vincular-la-formacion-de-conciencia-con-la-resolucion-de-problemas-como-el-alimenticio-para-transmitir-dignidad","status":"publish","type":"post","link":"https:\/\/exaudi.org\/es\/p-luis-martinez-la-iglesia-debe-vincular-la-formacion-de-conciencia-con-la-resolucion-de-problemas-como-el-alimenticio-para-transmitir-dignidad\/","title":{"rendered":"P Luis Mart\u00ednez: La Iglesia debe vincular la formaci\u00f3n de conciencia con la resoluci\u00f3n de problemas"},"content":{"rendered":"<audio class=\"wp-audio-shortcode\" id=\"audio-84566-1\" preload=\"none\" style=\"width: 100%;\" controls=\"controls\"><source type=\"audio\/mpeg\" src=\"https:\/\/exaudi.org\/wp-content\/uploads\/2023\/09\/Luis-Martinez.mp3?_=1\" \/><a href=\"https:\/\/exaudi.org\/wp-content\/uploads\/2023\/09\/Luis-Martinez.mp3\">https:\/\/exaudi.org\/wp-content\/uploads\/2023\/09\/Luis-Martinez.mp3<\/a><\/audio>\n<p>La Academia de L\u00edderes Cat\u00f3licos de Venezuela, con sede en la Arquidi\u00f3cesis de Valencia, ha estado organizando seminarios y encuentros desde 2022. Su objetivo es promover la doctrina social de la Iglesia y fomentar la participaci\u00f3n pol\u00edtica de los cat\u00f3licos en todo el pa\u00eds. El padre Luis Mart\u00ednez, director de la escuela, comparte su experiencia y los proyectos futuros. Adem\u00e1s, se ha anunciado que el futuro Cardenal Mons. Diego Padr\u00f3n se ha unido como presidente de la Academia en dicho pa\u00eds.<\/p>\n<p><strong>P: \u00bfCu\u00e1l es su opini\u00f3n sobre la situaci\u00f3n actual en Venezuela?<\/strong><\/p>\n<p><img loading=\"lazy\" decoding=\"async\" class=\"alignleft size-full wp-image-84573\" src=\"https:\/\/exaudi.org\/wp-content\/uploads\/2023\/09\/WhatsApp-Image-2023-09-27-at-11.34.13-PM.jpeg\" alt=\"\" width=\"1280\" height=\"960\" srcset=\"https:\/\/exaudi.org\/wp-content\/uploads\/2023\/09\/WhatsApp-Image-2023-09-27-at-11.34.13-PM.jpeg 1280w, https:\/\/exaudi.org\/wp-content\/uploads\/2023\/09\/WhatsApp-Image-2023-09-27-at-11.34.13-PM-300x225.jpeg 300w, https:\/\/exaudi.org\/wp-content\/uploads\/2023\/09\/WhatsApp-Image-2023-09-27-at-11.34.13-PM-1024x768.jpeg 1024w, https:\/\/exaudi.org\/wp-content\/uploads\/2023\/09\/WhatsApp-Image-2023-09-27-at-11.34.13-PM-770x578.jpeg 770w, https:\/\/exaudi.org\/wp-content\/uploads\/2023\/09\/WhatsApp-Image-2023-09-27-at-11.34.13-PM-500x375.jpeg 500w, https:\/\/exaudi.org\/wp-content\/uploads\/2023\/09\/WhatsApp-Image-2023-09-27-at-11.34.13-PM-293x220.jpeg 293w, https:\/\/exaudi.org\/wp-content\/uploads\/2023\/09\/WhatsApp-Image-2023-09-27-at-11.34.13-PM-390x293.jpeg 390w\" sizes=\"auto, (max-width: 1280px) 100vw, 1280px\" \/>LM: La situaci\u00f3n en Venezuela ha estado en declive durante m\u00e1s de 25 a\u00f1os, con un agravamiento en los \u00faltimos a\u00f1os. Esta crisis se manifiesta en todos los aspectos de la sociedad, lo que yo llamo \u00abda\u00f1o antropol\u00f3gico\u00bb. Esto implica que los venezolanos, debido a su cultura y caracter\u00edsticas, han contribuido de alguna manera a esta crisis al mantenerse indiferentes y callados frente al da\u00f1o que se les inflige. El \u00abda\u00f1o antropol\u00f3gico\u00bb no solo afecta las emociones y la psicolog\u00eda de las personas, sino tambi\u00e9n su capacidad de cambio personal y social, su compromiso c\u00edvico y pol\u00edtico, y su responsabilidad ciudadana. Esta crisis no es solo pol\u00edtica, sino tambi\u00e9n una herida en el tejido social que ha perdido la capacidad de trabajar juntos por el bien com\u00fan. Esta situaci\u00f3n se refleja en todas las instituciones del pa\u00eds.<\/p>\n<p>A pesar de esto, los venezolanos han buscado soluciones para sobrevivir, aunque algunas de ellas puedan ser equivocadas debido a la necesidad de subsistir. Se ha desarrollado una mentalidad de \u00abmega estado\u00bb, donde los ciudadanos demandan paternalismo oficial en lugar de comprometerse activamente en la soluci\u00f3n de los problemas. Por lo tanto, considero que la situaci\u00f3n en Venezuela va m\u00e1s all\u00e1 de un cambio pol\u00edtico necesario; es un cambio en la esencia de la sociedad que requiere sanaci\u00f3n social para construir una nueva cultura c\u00edvica, valores ciudadanos y participaci\u00f3n pol\u00edtica.<\/p>\n<p><strong>P: \u00bfQu\u00e9 papel ha desempe\u00f1ado la Iglesia frente a esta situaci\u00f3n?<\/strong><\/p>\n<p>LM: A lo largo de los siglos, la Iglesia ha interpretado bien los momentos clave de la historia. En Venezuela, ha mantenido la valent\u00eda y cohesi\u00f3n del Episcopado y ha desarrollado una teolog\u00eda pol\u00edtica que enfatiza el compromiso de los creyentes. En los microsistemas, la relaci\u00f3n entre gobierno e iglesia no genera tensiones y se promueve el encuentro y la reconciliaci\u00f3n. Sin embargo, la Iglesia ha perdido su liderazgo alternativo y no ha formado nuevos l\u00edderes pol\u00edticos y sociales. Tiene la oportunidad de aprovechar su doctrina y estructura para formar a futuros l\u00edderes desde la doctrina social de la Iglesia. La Iglesia debe vincular la formaci\u00f3n de conciencia con la resoluci\u00f3n de problemas como el alimenticio para transmitir dignidad.<\/p>\n<p><strong>P:\u00bfCree que es importante formar nuevos l\u00edderes con una visi\u00f3n cat\u00f3lica?<\/strong><\/p>\n<p>LM: El liderazgo cristiano, representado por Jes\u00fas, se caracteriza por su pedagog\u00eda de proposici\u00f3n en lugar de imposici\u00f3n. Jes\u00fas permite a sus seguidores descubrir la verdad por s\u00ed mismos, promoviendo la idea de que la verdad reside en cada individuo. Su estilo de liderazgo se basa en la confianza en aquellos a quienes elige, a pesar de sus debilidades. Este liderazgo tambi\u00e9n enfatiza la relaci\u00f3n entre la persona humana y la trascendencia, donde la trascendencia se manifiesta en la relaci\u00f3n con los dem\u00e1s y con Dios. La libertad es una parte fundamental de este liderazgo, entendida como la capacidad de elegir bien y evitar el mal, en l\u00ednea con la fe cristiana.<\/p>\n<p>El liderazgo cristiano proporciona respuestas a cuestiones de justicia, pol\u00edtica y econom\u00eda basadas en el evangelio y el magisterio. En un contexto como Venezuela, donde se necesitan respuestas a preguntas existenciales, el liderazgo cat\u00f3lico puede desempolvar los valores fundamentales y contribuir al crecimiento del pa\u00eds, promoviendo lo bello, lo bueno, lo bondadoso y lo verdadero en lugar de lo meramente ideol\u00f3gico.<\/p>\n<p><img loading=\"lazy\" decoding=\"async\" class=\"size-full wp-image-84576 alignright\" src=\"https:\/\/exaudi.org\/wp-content\/uploads\/2023\/09\/WhatsApp-Image-2023-09-27-at-11.34.13-PM-2.jpeg\" alt=\"\" width=\"750\" height=\"1000\" srcset=\"https:\/\/exaudi.org\/wp-content\/uploads\/2023\/09\/WhatsApp-Image-2023-09-27-at-11.34.13-PM-2.jpeg 750w, https:\/\/exaudi.org\/wp-content\/uploads\/2023\/09\/WhatsApp-Image-2023-09-27-at-11.34.13-PM-2-225x300.jpeg 225w, https:\/\/exaudi.org\/wp-content\/uploads\/2023\/09\/WhatsApp-Image-2023-09-27-at-11.34.13-PM-2-500x667.jpeg 500w, https:\/\/exaudi.org\/wp-content\/uploads\/2023\/09\/WhatsApp-Image-2023-09-27-at-11.34.13-PM-2-293x391.jpeg 293w, https:\/\/exaudi.org\/wp-content\/uploads\/2023\/09\/WhatsApp-Image-2023-09-27-at-11.34.13-PM-2-390x520.jpeg 390w\" sizes=\"auto, (max-width: 750px) 100vw, 750px\" \/>La Iglesia tiene la oportunidad de aprovechar su influencia a trav\u00e9s de sus colegios y congregaciones para fomentar el compromiso evang\u00e9lico en la vida ciudadana y la participaci\u00f3n pol\u00edtica, complementando las pr\u00e1cticas religiosas con virtudes c\u00edvicas y compromiso social.<\/p>\n<p><strong>P: \u00bfCu\u00e1les son las razones para establecer una Academia de L\u00edderes Cat\u00f3licos en el pa\u00eds?<\/strong><\/p>\n<p>LM: La Academia de L\u00edderes Cat\u00f3licos en Venezuela es una propuesta que aborda varios aspectos importantes en la formaci\u00f3n del pensamiento cr\u00edtico cristiano en el pa\u00eds. En primer lugar, destaca por su amplia estructura, construida desde la pluralidad y la transversalidad, que se alinea con la doctrina social de la Iglesia. Esto garantiza un lenguaje com\u00fan y un prop\u00f3sito compartido: descubrir la belleza y la verdad del Evangelio. Adem\u00e1s, la Academia cuenta con un personal altamente calificado, en su mayor\u00eda laicos, quienes tienen experiencia tanto en el \u00e1mbito pol\u00edtico como en el profesional y familiar. Esto demuestra que es posible vivir la vocaci\u00f3n cristiana en el mundo pol\u00edtico de manera aut\u00e9ntica y tangible.<\/p>\n<p>La Academia no busca formar pol\u00edticos ideol\u00f3gicamente, sino m\u00e1s bien cat\u00f3licos que participan en la pol\u00edtica como disc\u00edpulos de Cristo. Se enfoca en la formaci\u00f3n integral de sus miembros, combinando el \u00abser\u00bb como disc\u00edpulos de Jes\u00fas con el \u00abhacer\u00bb pol\u00edtico, lo que enriquece la capacidad de actuar en el \u00e1mbito pol\u00edtico de acuerdo con la vocaci\u00f3n y propuesta de Jes\u00fas.<\/p>\n<p><strong>P: \u00bfCu\u00e1l es su visi\u00f3n para el crecimiento de la Academia de Venezuela, con el Cardenal Diego Padr\u00f3n como presidente?<\/strong><\/p>\n<p>LM: El Cardenal Diego Padr\u00f3n es un querido amigo y pastor a quien conozco desde hace a\u00f1os. He seguido su ministerio episcopal en Cuman\u00e1, una ciudad que tiene un significado especial para m\u00ed, ya que mi madre es cumanesa. En varias ocasiones, Mons. Padr\u00f3n me invit\u00f3 a trabajar en Cuman\u00e1 en homenaje a mi madre, aunque no concretamos la colaboraci\u00f3n en ese momento. Sin embargo, posteriormente coincidimos en Valencia, y he tenido el privilegio de tenerlo en mi parroquia y como profesor en el Instituto y la Escuela de L\u00edderes.<\/p>\n<p>El nombramiento de Mons. Padr\u00f3n como cardenal es un signo de esperanza y reconocimiento para la Iglesia venezolana, que ha enfrentado desaf\u00edos junto con los creyentes y ha comprendido la importancia de compartir las alegr\u00edas y tristezas de los disc\u00edpulos de Cristo con los hombres del mundo. Mons. Padr\u00f3n ha comprendido esto profundamente, y su nombramiento como cardenal potenciar\u00e1 a\u00fan m\u00e1s su influencia y liderazgo.<\/p>\n<p><img loading=\"lazy\" decoding=\"async\" class=\"alignleft size-full wp-image-84570\" src=\"https:\/\/exaudi.org\/wp-content\/uploads\/2023\/09\/WhatsApp-Image-2023-09-27-at-11.34.13-PM-1.jpeg\" alt=\"\" width=\"1080\" height=\"810\" srcset=\"https:\/\/exaudi.org\/wp-content\/uploads\/2023\/09\/WhatsApp-Image-2023-09-27-at-11.34.13-PM-1.jpeg 1080w, https:\/\/exaudi.org\/wp-content\/uploads\/2023\/09\/WhatsApp-Image-2023-09-27-at-11.34.13-PM-1-300x225.jpeg 300w, https:\/\/exaudi.org\/wp-content\/uploads\/2023\/09\/WhatsApp-Image-2023-09-27-at-11.34.13-PM-1-1024x768.jpeg 1024w, https:\/\/exaudi.org\/wp-content\/uploads\/2023\/09\/WhatsApp-Image-2023-09-27-at-11.34.13-PM-1-770x578.jpeg 770w, https:\/\/exaudi.org\/wp-content\/uploads\/2023\/09\/WhatsApp-Image-2023-09-27-at-11.34.13-PM-1-500x375.jpeg 500w, https:\/\/exaudi.org\/wp-content\/uploads\/2023\/09\/WhatsApp-Image-2023-09-27-at-11.34.13-PM-1-293x220.jpeg 293w, https:\/\/exaudi.org\/wp-content\/uploads\/2023\/09\/WhatsApp-Image-2023-09-27-at-11.34.13-PM-1-390x293.jpeg 390w\" sizes=\"auto, (max-width: 1080px) 100vw, 1080px\" \/>Este cardenalato es motivo de gran alegr\u00eda para nosotros en la Arquidi\u00f3cesis de Valencia, y en la Academia de L\u00edderes Cat\u00f3licos lo vemos como un gran impulso para nuestra misi\u00f3n. Mons. Padr\u00f3n es un exalumno de la Academia y es muy querido a nivel nacional e internacional. Confiamos en que Dios y el Esp\u00edritu Santo lo guiar\u00e1n y cuidar\u00e1n en este nuevo rol, ya que el b\u00e1culo no solo gu\u00eda, sino tambi\u00e9n cuida a las ovejas. Esperamos que su contribuci\u00f3n resuene en toda la estructura de la Academia en todo el mundo.<\/p>\n<p>Nuestro presidente es un hombre muy capaz, que va a ayudarnos mucho, de modo que confiamos a Dios y al Esp\u00edritu Santo la gracia de que Mons. Padr\u00f3n en estos a\u00f1os nos impulse, nos acompa\u00f1e, nos cuide tambi\u00e9n, de alguna manera, \u00bfno? El b\u00e1culo tambi\u00e9n es para cuidar, no solamente para guiar a la oveja, sino para cuidarla. Y el que lleva el b\u00e1culo en la mano, pues, pueda cuidar tambi\u00e9n a quienes formamos parte de la Academia de L\u00edderes Cat\u00f3licos en Venezuela, y el aporte que pueda brindar tenga resonancia en toda la estructura de la Academia en el mundo entero.<\/p>\n<p><strong>La Academia de L\u00edderes Cat\u00f3licos de Venezuela forma parte de la Academia Internacional de L\u00edderes Cat\u00f3licos, cuyo origen se remonta a su fundaci\u00f3n en Chile en 2006. Desde entonces, ha expandido sus actividades a varios pa\u00edses de Am\u00e9rica y Europa, incluyendo Estados Unidos, M\u00e9xico, Colombia y Espa\u00f1a, entre otros.<\/strong><\/p>\n","protected":false},"excerpt":{"rendered":"<p>La Academia de L\u00edderes Cat\u00f3licos de Venezuela trabajando por una &#8216;mejor pol\u00edtica&#8217;: Entrevista con el padre Luis Mart\u00ednez<\/p>\n","protected":false},"author":107,"featured_media":84567,"comment_status":"closed","ping_status":"closed","sticky":false,"template":"","format":"standard","meta":{"_acf_changed":false,"_crdt_document":"","inline_featured_image":false,"footnotes":""},"categories":[108],"tags":[765,4953,966],"class_list":["post-84566","post","type-post","status-publish","format-standard","has-post-thumbnail","hentry","category-entrevistas","tag-academia-de-lideres-catolicos","tag-trending-es","tag-venezuela"],"acf":[],"yoast_head":"<!-- This site is optimized with the Yoast SEO plugin v27.5 - https:\/\/yoast.com\/product\/yoast-seo-wordpress\/ -->\n<title>P Luis Mart\u00ednez: La Iglesia debe vincular la formaci\u00f3n de conciencia con la resoluci\u00f3n de problemas &#8211; Exaudi<\/title>\n<meta name=\"robots\" content=\"index, follow, max-snippet:-1, max-image-preview:large, max-video-preview:-1\" \/>\n<link rel=\"canonical\" href=\"https:\/\/exaudi.org\/es\/p-luis-martinez-la-iglesia-debe-vincular-la-formacion-de-conciencia-con-la-resolucion-de-problemas-como-el-alimenticio-para-transmitir-dignidad\/\" \/>\n<meta property=\"og:locale\" content=\"es_ES\" \/>\n<meta property=\"og:type\" content=\"article\" \/>\n<meta property=\"og:title\" content=\"P Luis Mart\u00ednez: La Iglesia debe vincular la formaci\u00f3n de conciencia con la resoluci\u00f3n de problemas &#8211; Exaudi\" \/>\n<meta property=\"og:description\" content=\"La Academia de L\u00edderes Cat\u00f3licos de Venezuela trabajando por una &#039;mejor pol\u00edtica&#039;: Entrevista con el padre Luis Mart\u00ednez\" \/>\n<meta property=\"og:url\" content=\"https:\/\/exaudi.org\/es\/p-luis-martinez-la-iglesia-debe-vincular-la-formacion-de-conciencia-con-la-resolucion-de-problemas-como-el-alimenticio-para-transmitir-dignidad\/\" \/>\n<meta property=\"og:site_name\" content=\"Exaudi\" \/>\n<meta property=\"article:publisher\" content=\"https:\/\/www.facebook.com\/ExaudiNews\" \/>\n<meta property=\"article:published_time\" content=\"2023-09-28T06:38:36+00:00\" \/>\n<meta property=\"article:modified_time\" content=\"2023-09-28T07:03:30+00:00\" \/>\n<meta property=\"og:image\" content=\"https:\/\/exaudi.org\/wp-content\/uploads\/2023\/09\/WhatsApp-Image-2023-09-27-at-11.34.13-PM-3.jpeg\" \/>\n\t<meta property=\"og:image:width\" content=\"1008\" \/>\n\t<meta property=\"og:image:height\" content=\"756\" \/>\n\t<meta property=\"og:image:type\" content=\"image\/jpeg\" \/>\n<meta name=\"author\" content=\"Academia de L\u00edderes Cat\u00f3licos\" \/>\n<meta name=\"twitter:card\" content=\"summary_large_image\" \/>\n<meta name=\"twitter:creator\" content=\"@Exaudi_News\" \/>\n<meta name=\"twitter:site\" content=\"@Exaudi_News\" \/>\n<meta name=\"twitter:label1\" content=\"Escrito por\" \/>\n\t<meta name=\"twitter:data1\" content=\"Academia de L\u00edderes Cat\u00f3licos\" \/>\n\t<meta name=\"twitter:label2\" content=\"Tiempo de lectura\" \/>\n\t<meta name=\"twitter:data2\" content=\"7 minutos\" \/>\n<script type=\"application\/ld+json\" class=\"yoast-schema-graph\">{\"@context\":\"https:\\\/\\\/schema.org\",\"@graph\":[{\"@type\":\"Article\",\"@id\":\"https:\\\/\\\/exaudi.org\\\/es\\\/p-luis-martinez-la-iglesia-debe-vincular-la-formacion-de-conciencia-con-la-resolucion-de-problemas-como-el-alimenticio-para-transmitir-dignidad\\\/#article\",\"isPartOf\":{\"@id\":\"https:\\\/\\\/exaudi.org\\\/es\\\/p-luis-martinez-la-iglesia-debe-vincular-la-formacion-de-conciencia-con-la-resolucion-de-problemas-como-el-alimenticio-para-transmitir-dignidad\\\/\"},\"author\":{\"name\":\"Academia de L\u00edderes Cat\u00f3licos\",\"@id\":\"https:\\\/\\\/exaudi.org\\\/#\\\/schema\\\/person\\\/334968a332d5dad9f94e08897852c6af\"},\"headline\":\"P Luis Mart\u00ednez: La Iglesia debe vincular la formaci\u00f3n de conciencia con la resoluci\u00f3n de problemas\",\"datePublished\":\"2023-09-28T06:38:36+00:00\",\"dateModified\":\"2023-09-28T07:03:30+00:00\",\"mainEntityOfPage\":{\"@id\":\"https:\\\/\\\/exaudi.org\\\/es\\\/p-luis-martinez-la-iglesia-debe-vincular-la-formacion-de-conciencia-con-la-resolucion-de-problemas-como-el-alimenticio-para-transmitir-dignidad\\\/\"},\"wordCount\":1461,\"image\":{\"@id\":\"https:\\\/\\\/exaudi.org\\\/es\\\/p-luis-martinez-la-iglesia-debe-vincular-la-formacion-de-conciencia-con-la-resolucion-de-problemas-como-el-alimenticio-para-transmitir-dignidad\\\/#primaryimage\"},\"thumbnailUrl\":\"https:\\\/\\\/exaudi.org\\\/wp-content\\\/uploads\\\/2023\\\/09\\\/WhatsApp-Image-2023-09-27-at-11.34.13-PM-3.jpeg\",\"keywords\":[\"Academia de L\u00edderes Cat\u00f3licos\",\"Trending\",\"Venezuela\"],\"articleSection\":[\"Entrevistas\"],\"inLanguage\":\"es\"},{\"@type\":\"WebPage\",\"@id\":\"https:\\\/\\\/exaudi.org\\\/es\\\/p-luis-martinez-la-iglesia-debe-vincular-la-formacion-de-conciencia-con-la-resolucion-de-problemas-como-el-alimenticio-para-transmitir-dignidad\\\/\",\"url\":\"https:\\\/\\\/exaudi.org\\\/es\\\/p-luis-martinez-la-iglesia-debe-vincular-la-formacion-de-conciencia-con-la-resolucion-de-problemas-como-el-alimenticio-para-transmitir-dignidad\\\/\",\"name\":\"P Luis Mart\u00ednez: La Iglesia debe vincular la formaci\u00f3n de conciencia con la resoluci\u00f3n de problemas &#8211; Exaudi\",\"isPartOf\":{\"@id\":\"https:\\\/\\\/exaudi.org\\\/#website\"},\"primaryImageOfPage\":{\"@id\":\"https:\\\/\\\/exaudi.org\\\/es\\\/p-luis-martinez-la-iglesia-debe-vincular-la-formacion-de-conciencia-con-la-resolucion-de-problemas-como-el-alimenticio-para-transmitir-dignidad\\\/#primaryimage\"},\"image\":{\"@id\":\"https:\\\/\\\/exaudi.org\\\/es\\\/p-luis-martinez-la-iglesia-debe-vincular-la-formacion-de-conciencia-con-la-resolucion-de-problemas-como-el-alimenticio-para-transmitir-dignidad\\\/#primaryimage\"},\"thumbnailUrl\":\"https:\\\/\\\/exaudi.org\\\/wp-content\\\/uploads\\\/2023\\\/09\\\/WhatsApp-Image-2023-09-27-at-11.34.13-PM-3.jpeg\",\"datePublished\":\"2023-09-28T06:38:36+00:00\",\"dateModified\":\"2023-09-28T07:03:30+00:00\",\"author\":{\"@id\":\"https:\\\/\\\/exaudi.org\\\/#\\\/schema\\\/person\\\/334968a332d5dad9f94e08897852c6af\"},\"breadcrumb\":{\"@id\":\"https:\\\/\\\/exaudi.org\\\/es\\\/p-luis-martinez-la-iglesia-debe-vincular-la-formacion-de-conciencia-con-la-resolucion-de-problemas-como-el-alimenticio-para-transmitir-dignidad\\\/#breadcrumb\"},\"inLanguage\":\"es\",\"potentialAction\":[{\"@type\":\"ReadAction\",\"target\":[\"https:\\\/\\\/exaudi.org\\\/es\\\/p-luis-martinez-la-iglesia-debe-vincular-la-formacion-de-conciencia-con-la-resolucion-de-problemas-como-el-alimenticio-para-transmitir-dignidad\\\/\"]}]},{\"@type\":\"ImageObject\",\"inLanguage\":\"es\",\"@id\":\"https:\\\/\\\/exaudi.org\\\/es\\\/p-luis-martinez-la-iglesia-debe-vincular-la-formacion-de-conciencia-con-la-resolucion-de-problemas-como-el-alimenticio-para-transmitir-dignidad\\\/#primaryimage\",\"url\":\"https:\\\/\\\/exaudi.org\\\/wp-content\\\/uploads\\\/2023\\\/09\\\/WhatsApp-Image-2023-09-27-at-11.34.13-PM-3.jpeg\",\"contentUrl\":\"https:\\\/\\\/exaudi.org\\\/wp-content\\\/uploads\\\/2023\\\/09\\\/WhatsApp-Image-2023-09-27-at-11.34.13-PM-3.jpeg\",\"width\":1008,\"height\":756},{\"@type\":\"BreadcrumbList\",\"@id\":\"https:\\\/\\\/exaudi.org\\\/es\\\/p-luis-martinez-la-iglesia-debe-vincular-la-formacion-de-conciencia-con-la-resolucion-de-problemas-como-el-alimenticio-para-transmitir-dignidad\\\/#breadcrumb\",\"itemListElement\":[{\"@type\":\"ListItem\",\"position\":1,\"name\":\"Portada\",\"item\":\"https:\\\/\\\/exaudi.org\\\/es\\\/\"},{\"@type\":\"ListItem\",\"position\":2,\"name\":\"P Luis Mart\u00ednez: La Iglesia debe vincular la formaci\u00f3n de conciencia con la resoluci\u00f3n de problemas\"}]},{\"@type\":\"WebSite\",\"@id\":\"https:\\\/\\\/exaudi.org\\\/#website\",\"url\":\"https:\\\/\\\/exaudi.org\\\/\",\"name\":\"Exaudi\",\"description\":\"News\",\"potentialAction\":[{\"@type\":\"SearchAction\",\"target\":{\"@type\":\"EntryPoint\",\"urlTemplate\":\"https:\\\/\\\/exaudi.org\\\/?s={search_term_string}\"},\"query-input\":{\"@type\":\"PropertyValueSpecification\",\"valueRequired\":true,\"valueName\":\"search_term_string\"}}],\"inLanguage\":\"es\"},{\"@type\":\"Person\",\"@id\":\"https:\\\/\\\/exaudi.org\\\/#\\\/schema\\\/person\\\/334968a332d5dad9f94e08897852c6af\",\"name\":\"Academia de L\u00edderes Cat\u00f3licos\",\"image\":{\"@type\":\"ImageObject\",\"inLanguage\":\"es\",\"@id\":\"https:\\\/\\\/secure.gravatar.com\\\/avatar\\\/80d80b1e34d8fa01f6b95d10e695853ca4ea7e054050e21ad1a15d546d4600ca?s=96&d=mm&r=g\",\"url\":\"https:\\\/\\\/secure.gravatar.com\\\/avatar\\\/80d80b1e34d8fa01f6b95d10e695853ca4ea7e054050e21ad1a15d546d4600ca?s=96&d=mm&r=g\",\"contentUrl\":\"https:\\\/\\\/secure.gravatar.com\\\/avatar\\\/80d80b1e34d8fa01f6b95d10e695853ca4ea7e054050e21ad1a15d546d4600ca?s=96&d=mm&r=g\",\"caption\":\"Academia de L\u00edderes Cat\u00f3licos\"},\"description\":\"Es una fundaci\u00f3n de derecho privado sin fines de lucro que busca formar cat\u00f3licos que a partir de la experiencia cristiana desarrollen su vocaci\u00f3n pol\u00edtica con la ayuda de la Doctrina Social de la Iglesia. La Academia Latinoamericana de L\u00edderes Cat\u00f3licos tiene como misi\u00f3n, formar l\u00edderes desde una perspectiva cat\u00f3lica, arraigados en la fe de la Iglesia, para transformar el mundo social, pol\u00edtico y econ\u00f3mico a la luz de la Doctrina Social de la Iglesia. Formar una nueva generaci\u00f3n de cat\u00f3licos latinoamericanos con responsabilidades pol\u00edticas y sociales para que transformen el rostro del continente al servicio de sus pueblos, a la luz del Magisterio de la Iglesia y de cara a los Jubileos del V Centenario Guadalupano y de los dos mil a\u00f1os de la redenci\u00f3n.\",\"sameAs\":[\"https:\\\/\\\/liderescatolicos.net\\\/\",\"https:\\\/\\\/www.youtube.com\\\/c\\\/LderesCatlicos\"],\"url\":\"https:\\\/\\\/exaudi.org\\\/es\\\/author\\\/academia-de-lideres-catolicos\\\/\"}]}<\/script>\n<!-- \/ Yoast SEO plugin. -->","yoast_head_json":{"title":"P Luis Mart\u00ednez: La Iglesia debe vincular la formaci\u00f3n de conciencia con la resoluci\u00f3n de problemas &#8211; Exaudi","robots":{"index":"index","follow":"follow","max-snippet":"max-snippet:-1","max-image-preview":"max-image-preview:large","max-video-preview":"max-video-preview:-1"},"canonical":"https:\/\/exaudi.org\/es\/p-luis-martinez-la-iglesia-debe-vincular-la-formacion-de-conciencia-con-la-resolucion-de-problemas-como-el-alimenticio-para-transmitir-dignidad\/","og_locale":"es_ES","og_type":"article","og_title":"P Luis Mart\u00ednez: La Iglesia debe vincular la formaci\u00f3n de conciencia con la resoluci\u00f3n de problemas &#8211; Exaudi","og_description":"La Academia de L\u00edderes Cat\u00f3licos de Venezuela trabajando por una 'mejor pol\u00edtica': Entrevista con el padre Luis Mart\u00ednez","og_url":"https:\/\/exaudi.org\/es\/p-luis-martinez-la-iglesia-debe-vincular-la-formacion-de-conciencia-con-la-resolucion-de-problemas-como-el-alimenticio-para-transmitir-dignidad\/","og_site_name":"Exaudi","article_publisher":"https:\/\/www.facebook.com\/ExaudiNews","article_published_time":"2023-09-28T06:38:36+00:00","article_modified_time":"2023-09-28T07:03:30+00:00","og_image":[{"width":1008,"height":756,"url":"https:\/\/exaudi.org\/wp-content\/uploads\/2023\/09\/WhatsApp-Image-2023-09-27-at-11.34.13-PM-3.jpeg","type":"image\/jpeg"}],"author":"Academia de L\u00edderes Cat\u00f3licos","twitter_card":"summary_large_image","twitter_creator":"@Exaudi_News","twitter_site":"@Exaudi_News","twitter_misc":{"Escrito por":"Academia de L\u00edderes Cat\u00f3licos","Tiempo de lectura":"7 minutos"},"schema":{"@context":"https:\/\/schema.org","@graph":[{"@type":"Article","@id":"https:\/\/exaudi.org\/es\/p-luis-martinez-la-iglesia-debe-vincular-la-formacion-de-conciencia-con-la-resolucion-de-problemas-como-el-alimenticio-para-transmitir-dignidad\/#article","isPartOf":{"@id":"https:\/\/exaudi.org\/es\/p-luis-martinez-la-iglesia-debe-vincular-la-formacion-de-conciencia-con-la-resolucion-de-problemas-como-el-alimenticio-para-transmitir-dignidad\/"},"author":{"name":"Academia de L\u00edderes Cat\u00f3licos","@id":"https:\/\/exaudi.org\/#\/schema\/person\/334968a332d5dad9f94e08897852c6af"},"headline":"P Luis Mart\u00ednez: La Iglesia debe vincular la formaci\u00f3n de conciencia con la resoluci\u00f3n de problemas","datePublished":"2023-09-28T06:38:36+00:00","dateModified":"2023-09-28T07:03:30+00:00","mainEntityOfPage":{"@id":"https:\/\/exaudi.org\/es\/p-luis-martinez-la-iglesia-debe-vincular-la-formacion-de-conciencia-con-la-resolucion-de-problemas-como-el-alimenticio-para-transmitir-dignidad\/"},"wordCount":1461,"image":{"@id":"https:\/\/exaudi.org\/es\/p-luis-martinez-la-iglesia-debe-vincular-la-formacion-de-conciencia-con-la-resolucion-de-problemas-como-el-alimenticio-para-transmitir-dignidad\/#primaryimage"},"thumbnailUrl":"https:\/\/exaudi.org\/wp-content\/uploads\/2023\/09\/WhatsApp-Image-2023-09-27-at-11.34.13-PM-3.jpeg","keywords":["Academia de L\u00edderes Cat\u00f3licos","Trending","Venezuela"],"articleSection":["Entrevistas"],"inLanguage":"es"},{"@type":"WebPage","@id":"https:\/\/exaudi.org\/es\/p-luis-martinez-la-iglesia-debe-vincular-la-formacion-de-conciencia-con-la-resolucion-de-problemas-como-el-alimenticio-para-transmitir-dignidad\/","url":"https:\/\/exaudi.org\/es\/p-luis-martinez-la-iglesia-debe-vincular-la-formacion-de-conciencia-con-la-resolucion-de-problemas-como-el-alimenticio-para-transmitir-dignidad\/","name":"P Luis Mart\u00ednez: La Iglesia debe vincular la formaci\u00f3n de conciencia con la resoluci\u00f3n de problemas &#8211; Exaudi","isPartOf":{"@id":"https:\/\/exaudi.org\/#website"},"primaryImageOfPage":{"@id":"https:\/\/exaudi.org\/es\/p-luis-martinez-la-iglesia-debe-vincular-la-formacion-de-conciencia-con-la-resolucion-de-problemas-como-el-alimenticio-para-transmitir-dignidad\/#primaryimage"},"image":{"@id":"https:\/\/exaudi.org\/es\/p-luis-martinez-la-iglesia-debe-vincular-la-formacion-de-conciencia-con-la-resolucion-de-problemas-como-el-alimenticio-para-transmitir-dignidad\/#primaryimage"},"thumbnailUrl":"https:\/\/exaudi.org\/wp-content\/uploads\/2023\/09\/WhatsApp-Image-2023-09-27-at-11.34.13-PM-3.jpeg","datePublished":"2023-09-28T06:38:36+00:00","dateModified":"2023-09-28T07:03:30+00:00","author":{"@id":"https:\/\/exaudi.org\/#\/schema\/person\/334968a332d5dad9f94e08897852c6af"},"breadcrumb":{"@id":"https:\/\/exaudi.org\/es\/p-luis-martinez-la-iglesia-debe-vincular-la-formacion-de-conciencia-con-la-resolucion-de-problemas-como-el-alimenticio-para-transmitir-dignidad\/#breadcrumb"},"inLanguage":"es","potentialAction":[{"@type":"ReadAction","target":["https:\/\/exaudi.org\/es\/p-luis-martinez-la-iglesia-debe-vincular-la-formacion-de-conciencia-con-la-resolucion-de-problemas-como-el-alimenticio-para-transmitir-dignidad\/"]}]},{"@type":"ImageObject","inLanguage":"es","@id":"https:\/\/exaudi.org\/es\/p-luis-martinez-la-iglesia-debe-vincular-la-formacion-de-conciencia-con-la-resolucion-de-problemas-como-el-alimenticio-para-transmitir-dignidad\/#primaryimage","url":"https:\/\/exaudi.org\/wp-content\/uploads\/2023\/09\/WhatsApp-Image-2023-09-27-at-11.34.13-PM-3.jpeg","contentUrl":"https:\/\/exaudi.org\/wp-content\/uploads\/2023\/09\/WhatsApp-Image-2023-09-27-at-11.34.13-PM-3.jpeg","width":1008,"height":756},{"@type":"BreadcrumbList","@id":"https:\/\/exaudi.org\/es\/p-luis-martinez-la-iglesia-debe-vincular-la-formacion-de-conciencia-con-la-resolucion-de-problemas-como-el-alimenticio-para-transmitir-dignidad\/#breadcrumb","itemListElement":[{"@type":"ListItem","position":1,"name":"Portada","item":"https:\/\/exaudi.org\/es\/"},{"@type":"ListItem","position":2,"name":"P Luis Mart\u00ednez: La Iglesia debe vincular la formaci\u00f3n de conciencia con la resoluci\u00f3n de problemas"}]},{"@type":"WebSite","@id":"https:\/\/exaudi.org\/#website","url":"https:\/\/exaudi.org\/","name":"Exaudi","description":"News","potentialAction":[{"@type":"SearchAction","target":{"@type":"EntryPoint","urlTemplate":"https:\/\/exaudi.org\/?s={search_term_string}"},"query-input":{"@type":"PropertyValueSpecification","valueRequired":true,"valueName":"search_term_string"}}],"inLanguage":"es"},{"@type":"Person","@id":"https:\/\/exaudi.org\/#\/schema\/person\/334968a332d5dad9f94e08897852c6af","name":"Academia de L\u00edderes Cat\u00f3licos","image":{"@type":"ImageObject","inLanguage":"es","@id":"https:\/\/secure.gravatar.com\/avatar\/80d80b1e34d8fa01f6b95d10e695853ca4ea7e054050e21ad1a15d546d4600ca?s=96&d=mm&r=g","url":"https:\/\/secure.gravatar.com\/avatar\/80d80b1e34d8fa01f6b95d10e695853ca4ea7e054050e21ad1a15d546d4600ca?s=96&d=mm&r=g","contentUrl":"https:\/\/secure.gravatar.com\/avatar\/80d80b1e34d8fa01f6b95d10e695853ca4ea7e054050e21ad1a15d546d4600ca?s=96&d=mm&r=g","caption":"Academia de L\u00edderes Cat\u00f3licos"},"description":"Es una fundaci\u00f3n de derecho privado sin fines de lucro que busca formar cat\u00f3licos que a partir de la experiencia cristiana desarrollen su vocaci\u00f3n pol\u00edtica con la ayuda de la Doctrina Social de la Iglesia. La Academia Latinoamericana de L\u00edderes Cat\u00f3licos tiene como misi\u00f3n, formar l\u00edderes desde una perspectiva cat\u00f3lica, arraigados en la fe de la Iglesia, para transformar el mundo social, pol\u00edtico y econ\u00f3mico a la luz de la Doctrina Social de la Iglesia. Formar una nueva generaci\u00f3n de cat\u00f3licos latinoamericanos con responsabilidades pol\u00edticas y sociales para que transformen el rostro del continente al servicio de sus pueblos, a la luz del Magisterio de la Iglesia y de cara a los Jubileos del V Centenario Guadalupano y de los dos mil a\u00f1os de la redenci\u00f3n.","sameAs":["https:\/\/liderescatolicos.net\/","https:\/\/www.youtube.com\/c\/LderesCatlicos"],"url":"https:\/\/exaudi.org\/es\/author\/academia-de-lideres-catolicos\/"}]}},"jetpack_featured_media_url":"https:\/\/exaudi.org\/wp-content\/uploads\/2023\/09\/WhatsApp-Image-2023-09-27-at-11.34.13-PM-3.jpeg","jetpack_shortlink":"https:\/\/wp.me\/pgKjF2-lZY","_links":{"self":[{"href":"https:\/\/exaudi.org\/es\/wp-json\/wp\/v2\/posts\/84566","targetHints":{"allow":["GET"]}}],"collection":[{"href":"https:\/\/exaudi.org\/es\/wp-json\/wp\/v2\/posts"}],"about":[{"href":"https:\/\/exaudi.org\/es\/wp-json\/wp\/v2\/types\/post"}],"author":[{"embeddable":true,"href":"https:\/\/exaudi.org\/es\/wp-json\/wp\/v2\/users\/107"}],"replies":[{"embeddable":true,"href":"https:\/\/exaudi.org\/es\/wp-json\/wp\/v2\/comments?post=84566"}],"version-history":[{"count":0,"href":"https:\/\/exaudi.org\/es\/wp-json\/wp\/v2\/posts\/84566\/revisions"}],"wp:featuredmedia":[{"embeddable":true,"href":"https:\/\/exaudi.org\/es\/wp-json\/wp\/v2\/media\/84567"}],"wp:attachment":[{"href":"https:\/\/exaudi.org\/es\/wp-json\/wp\/v2\/media?parent=84566"}],"wp:term":[{"taxonomy":"category","embeddable":true,"href":"https:\/\/exaudi.org\/es\/wp-json\/wp\/v2\/categories?post=84566"},{"taxonomy":"post_tag","embeddable":true,"href":"https:\/\/exaudi.org\/es\/wp-json\/wp\/v2\/tags?post=84566"}],"curies":[{"name":"wp","href":"https:\/\/api.w.org\/{rel}","templated":true}]}}