{"id":84421,"date":"2023-09-26T09:28:45","date_gmt":"2023-09-26T07:28:45","guid":{"rendered":"https:\/\/exaudi.org\/?p=84421"},"modified":"2023-09-26T09:28:45","modified_gmt":"2023-09-26T07:28:45","slug":"chiapas-desgarrado-por-el-crimen-organizado","status":"publish","type":"post","link":"https:\/\/exaudi.org\/es\/chiapas-desgarrado-por-el-crimen-organizado\/","title":{"rendered":"Chiapas desgarrado por el crimen organizado"},"content":{"rendered":"<audio class=\"wp-audio-shortcode\" id=\"audio-84421-1\" preload=\"none\" style=\"width: 100%;\" controls=\"controls\"><source type=\"audio\/mpeg\" src=\"https:\/\/exaudi.org\/wp-content\/uploads\/2023\/09\/Chiapas-1.mp3?_=1\" \/><a href=\"https:\/\/exaudi.org\/wp-content\/uploads\/2023\/09\/Chiapas-1.mp3\">https:\/\/exaudi.org\/wp-content\/uploads\/2023\/09\/Chiapas-1.mp3<\/a><\/audio>\n<p>En estos tiempos de crisis frente a la violencia estructural e institucional con la presencia de la delincuencia organizada que lacera la vida de nuestras comunidades y nuestros pueblos de Chiapas estamos sufriendo los asesinatos, secuestros, desapariciones, amenazas, hostigamiento, extracci\u00f3n de nuestros bienes naturales, persecuci\u00f3n y despojos de los bienes, fruto de nuestro trabajo. Los grupos delincuenciales se han apoderado de nuestro territorio y nos encontramos en estado de sitio, bajo psicosis social con narco bloqueos, que usan come barrera humana a la sociedad civil, oblig\u00e1ndolos a estar y poner en riesgo su vida y la de su familia.<\/p>\n<p>De frente a esta realidad tan dolorosa, la iglesia promotora de la dignidad de la persona, servidora de la vida del ser humane y defensora de sus derechos, predica su liberaci\u00f3n, una liberaci\u00f3n que tiene, por encima de todo, el respeto a la dignidad de la persona, la promoci\u00f3n del bien com\u00fan del pueblo y la trascendencia que mira ante todo a Dies y solo de Dies deriva su esperanza y su fortaleza.<\/p>\n<p>Como iglesia diocesana y sociedad civil se ha denunciado permanentemente la crisis social, la represi\u00f3n y la presencia de grupos criminales, sin embargo, no ha habido respuesta para los pueblos, el silencio de las autoridades pone en riesgo la integridad humana y nos demuestra un estado fallido y rebasado y\/o coludido con las grupos delincuenciales, desde los fiscales municipales y regionales, presidentes municipales, el gobierno del estado y federal.<\/p>\n<p>La omisi\u00f3n del estado de frente a esta realidad mantiene a los pueblos en la incertidumbre total. Hacemos un llamado a la comunidad internacional a visibilizar la situaci\u00f3n de violencia que se ha perpetrado en nuestro Estado de Chiapas y que las autoridades correspondientes respondan brindando seguridad al pueblo.<\/p>\n<p><strong>Denunciamos:<\/strong><\/p>\n<ul>\n<li>Amenazas, hostigamiento, persecuci\u00f3n e intimidaci\u00f3n a la sociedad<\/li>\n<li>La presi\u00f3n y control social, pol\u00edtico y psicol\u00f3gico de diferentes grupos para que el pueblo tomen partido por uno o por otro grupo criminal.<\/li>\n<li>La manipulaci\u00f3n pol\u00edtica que se ejerce para brindar atenci\u00f3n desde los servicios b\u00e1sicos hasta otros, a los que el pueblo tiene derecho.<\/li>\n<li>El despojo de sus bienes, fruto de su esfuerzo y su trabajo.<\/li>\n<li>El desabasto de alimentos, granos b\u00e1sicos y otros enseres, as\u00ed como la falta de atenci\u00f3n m\u00e9dica Y medicamentos, debido a la continua violencia.<\/li>\n<li>La falta de atenci\u00f3n de las autoridades de los tres niveles de gobierno a las demandas del pueblo.<\/li>\n<li>Los reclutamientos forzados, dejando a las familias<\/li>\n<li>El control del territorio, saqueo, extracci\u00f3n y explotaci\u00f3n minera y cobra por \u00abderecho de piso\u00bb y \u00abde paso\u00bb (extorsi\u00f3n) violentando los derechos humanos y comunitarios.<\/li>\n<li>El ingreso de personas armadas en nuestras comunidades y pueblos.<\/li>\n<\/ul>\n<p>Responsabilizamos de los hechos ocurridos a los tres niveles de gobierno que han hecho caso omiso a las denuncias de la sociedad civil, y <strong>exigimos:<\/strong><\/p>\n<p>La atenci\u00f3n urgente a los casos de violencia e inseguridad que esta destruyendo la vida de nuestros pueblos.<\/p>\n<p>Atender las denuncias de la sociedad civil, girar y ejecutar de manera inmediata las \u00f3rdenes de aprehensi\u00f3n de los lideres de estos grupos delincuenciales.<\/p>\n<p>Que se respeten los centros educativos, libres de violencia Restablecer el orden social sin vulnerar a la sociedad civil.<\/p>\n<p>Que se haga valer el estado de derecho para nuestros<\/p>\n<p>Animamos el coraz\u00f3n de las familias de nuestras comunidades y pueblos que sufren en carne propia esta realidad, nos unimos y solidarizamos con las victimas. Que el Esp\u00edritu de Dios presente y actuante en el caminar de su pueblo sea nuestra esperanza y fortaleza en estos momentos de crisis y de profundo dolor.<\/p>\n<p>Nuestros Pueblos no son Campo de Batallas<\/p>\n<p>La paz es un grito que merece ser escuchado (Papa Francisco)<\/p>\n<p><em><b>Rodrigo Aguilar Mart\u00ednez Obispo de San Crist\u00f3bal de las Casas<\/b><\/em><\/p>\n<p><em><strong>Luis Manuel L\u00f3pez Alfaro Obispo Auxiliar<\/strong><\/em><\/p>\n","protected":false},"excerpt":{"rendered":"<p>En estos tiempos de crisis frente a la violencia estructural e institucional con la presencia de la delincuencia organizada que lacera la vida de nuestras comunidades y nuestros pueblos de Chiapas estamos sufriendo los asesinatos, secuestros, desapariciones, amenazas, hostigamiento, extracci\u00f3n de nuestros bienes naturales, persecuci\u00f3n y despojos de los bienes, fruto de nuestro trabajo. Los [&hellip;]<\/p>\n","protected":false},"author":15,"featured_media":84422,"comment_status":"closed","ping_status":"closed","sticky":false,"template":"","format":"standard","meta":{"_acf_changed":false,"_crdt_document":"","inline_featured_image":false,"footnotes":""},"categories":[74],"tags":[1131,8766,10173,10172,10174,4953],"class_list":["post-84421","post","type-post","status-publish","format-standard","has-post-thumbnail","hentry","category-iglesia-y-mundo","tag-chiapas","tag-crimen-organizado","tag-luis-manuel-lopez-alfaro","tag-rodrigo-aguilar-martinez","tag-san-cristobal-de-las-casas","tag-trending-es"],"acf":[],"yoast_head":"<!-- This site is optimized with the Yoast SEO plugin v27.5 - https:\/\/yoast.com\/product\/yoast-seo-wordpress\/ -->\n<title>Chiapas desgarrado por el crimen organizado &#8211; Exaudi<\/title>\n<meta name=\"robots\" content=\"index, follow, max-snippet:-1, max-image-preview:large, max-video-preview:-1\" \/>\n<link rel=\"canonical\" href=\"https:\/\/exaudi.org\/es\/chiapas-desgarrado-por-el-crimen-organizado\/\" \/>\n<meta property=\"og:locale\" content=\"es_ES\" \/>\n<meta property=\"og:type\" content=\"article\" \/>\n<meta property=\"og:title\" content=\"Chiapas desgarrado por el crimen organizado &#8211; Exaudi\" \/>\n<meta property=\"og:description\" content=\"En estos tiempos de crisis frente a la violencia estructural e institucional con la presencia de la delincuencia organizada que lacera la vida de nuestras comunidades y nuestros pueblos de Chiapas estamos sufriendo los asesinatos, secuestros, desapariciones, amenazas, hostigamiento, extracci\u00f3n de nuestros bienes naturales, persecuci\u00f3n y despojos de los bienes, fruto de nuestro trabajo. Los [&hellip;]\" \/>\n<meta property=\"og:url\" content=\"https:\/\/exaudi.org\/es\/chiapas-desgarrado-por-el-crimen-organizado\/\" \/>\n<meta property=\"og:site_name\" content=\"Exaudi\" \/>\n<meta property=\"article:publisher\" content=\"https:\/\/www.facebook.com\/ExaudiNews\" \/>\n<meta property=\"article:author\" content=\"https:\/\/www.facebook.com\/ExaudiNoticias\/\" \/>\n<meta property=\"article:published_time\" content=\"2023-09-26T07:28:45+00:00\" \/>\n<meta property=\"og:image\" content=\"https:\/\/exaudi.org\/wp-content\/uploads\/2023\/09\/245511-Chiapas-1024x576.png\" \/>\n\t<meta property=\"og:image:width\" content=\"1024\" \/>\n\t<meta property=\"og:image:height\" content=\"576\" \/>\n\t<meta property=\"og:image:type\" content=\"image\/png\" \/>\n<meta name=\"author\" content=\"Exaudi Redacci\u00f3n\" \/>\n<meta name=\"twitter:card\" content=\"summary_large_image\" \/>\n<meta name=\"twitter:creator\" content=\"@Exaudi_noticias\" \/>\n<meta name=\"twitter:site\" content=\"@Exaudi_News\" \/>\n<meta name=\"twitter:label1\" content=\"Escrito por\" \/>\n\t<meta name=\"twitter:data1\" content=\"Exaudi Redacci\u00f3n\" \/>\n\t<meta name=\"twitter:label2\" content=\"Tiempo de lectura\" \/>\n\t<meta name=\"twitter:data2\" content=\"3 minutos\" \/>\n<script type=\"application\/ld+json\" class=\"yoast-schema-graph\">{\"@context\":\"https:\\\/\\\/schema.org\",\"@graph\":[{\"@type\":\"Article\",\"@id\":\"https:\\\/\\\/exaudi.org\\\/es\\\/chiapas-desgarrado-por-el-crimen-organizado\\\/#article\",\"isPartOf\":{\"@id\":\"https:\\\/\\\/exaudi.org\\\/es\\\/chiapas-desgarrado-por-el-crimen-organizado\\\/\"},\"author\":{\"name\":\"Exaudi Redacci\u00f3n\",\"@id\":\"https:\\\/\\\/exaudi.org\\\/#\\\/schema\\\/person\\\/f5fc8f063065e38742da7afe15f25df7\"},\"headline\":\"Chiapas desgarrado por el crimen organizado\",\"datePublished\":\"2023-09-26T07:28:45+00:00\",\"mainEntityOfPage\":{\"@id\":\"https:\\\/\\\/exaudi.org\\\/es\\\/chiapas-desgarrado-por-el-crimen-organizado\\\/\"},\"wordCount\":673,\"image\":{\"@id\":\"https:\\\/\\\/exaudi.org\\\/es\\\/chiapas-desgarrado-por-el-crimen-organizado\\\/#primaryimage\"},\"thumbnailUrl\":\"https:\\\/\\\/exaudi.org\\\/wp-content\\\/uploads\\\/2023\\\/09\\\/245511-Chiapas.png\",\"keywords\":[\"Chiapas\",\"Crimen organizado\",\"Luis Manuel L\u00f3pez Alfaro\",\"Rodrigo Aguilar Martinez\",\"San Cristobal de las Casas\",\"Trending\"],\"articleSection\":[\"Iglesia y Mundo\"],\"inLanguage\":\"es\"},{\"@type\":\"WebPage\",\"@id\":\"https:\\\/\\\/exaudi.org\\\/es\\\/chiapas-desgarrado-por-el-crimen-organizado\\\/\",\"url\":\"https:\\\/\\\/exaudi.org\\\/es\\\/chiapas-desgarrado-por-el-crimen-organizado\\\/\",\"name\":\"Chiapas desgarrado por el crimen organizado &#8211; Exaudi\",\"isPartOf\":{\"@id\":\"https:\\\/\\\/exaudi.org\\\/#website\"},\"primaryImageOfPage\":{\"@id\":\"https:\\\/\\\/exaudi.org\\\/es\\\/chiapas-desgarrado-por-el-crimen-organizado\\\/#primaryimage\"},\"image\":{\"@id\":\"https:\\\/\\\/exaudi.org\\\/es\\\/chiapas-desgarrado-por-el-crimen-organizado\\\/#primaryimage\"},\"thumbnailUrl\":\"https:\\\/\\\/exaudi.org\\\/wp-content\\\/uploads\\\/2023\\\/09\\\/245511-Chiapas.png\",\"datePublished\":\"2023-09-26T07:28:45+00:00\",\"author\":{\"@id\":\"https:\\\/\\\/exaudi.org\\\/#\\\/schema\\\/person\\\/f5fc8f063065e38742da7afe15f25df7\"},\"breadcrumb\":{\"@id\":\"https:\\\/\\\/exaudi.org\\\/es\\\/chiapas-desgarrado-por-el-crimen-organizado\\\/#breadcrumb\"},\"inLanguage\":\"es\",\"potentialAction\":[{\"@type\":\"ReadAction\",\"target\":[\"https:\\\/\\\/exaudi.org\\\/es\\\/chiapas-desgarrado-por-el-crimen-organizado\\\/\"]}]},{\"@type\":\"ImageObject\",\"inLanguage\":\"es\",\"@id\":\"https:\\\/\\\/exaudi.org\\\/es\\\/chiapas-desgarrado-por-el-crimen-organizado\\\/#primaryimage\",\"url\":\"https:\\\/\\\/exaudi.org\\\/wp-content\\\/uploads\\\/2023\\\/09\\\/245511-Chiapas.png\",\"contentUrl\":\"https:\\\/\\\/exaudi.org\\\/wp-content\\\/uploads\\\/2023\\\/09\\\/245511-Chiapas.png\",\"width\":2560,\"height\":1439},{\"@type\":\"BreadcrumbList\",\"@id\":\"https:\\\/\\\/exaudi.org\\\/es\\\/chiapas-desgarrado-por-el-crimen-organizado\\\/#breadcrumb\",\"itemListElement\":[{\"@type\":\"ListItem\",\"position\":1,\"name\":\"Portada\",\"item\":\"https:\\\/\\\/exaudi.org\\\/es\\\/\"},{\"@type\":\"ListItem\",\"position\":2,\"name\":\"Chiapas desgarrado por el crimen organizado\"}]},{\"@type\":\"WebSite\",\"@id\":\"https:\\\/\\\/exaudi.org\\\/#website\",\"url\":\"https:\\\/\\\/exaudi.org\\\/\",\"name\":\"Exaudi\",\"description\":\"News\",\"potentialAction\":[{\"@type\":\"SearchAction\",\"target\":{\"@type\":\"EntryPoint\",\"urlTemplate\":\"https:\\\/\\\/exaudi.org\\\/?s={search_term_string}\"},\"query-input\":{\"@type\":\"PropertyValueSpecification\",\"valueRequired\":true,\"valueName\":\"search_term_string\"}}],\"inLanguage\":\"es\"},{\"@type\":\"Person\",\"@id\":\"https:\\\/\\\/exaudi.org\\\/#\\\/schema\\\/person\\\/f5fc8f063065e38742da7afe15f25df7\",\"name\":\"Exaudi Redacci\u00f3n\",\"image\":{\"@type\":\"ImageObject\",\"inLanguage\":\"es\",\"@id\":\"https:\\\/\\\/secure.gravatar.com\\\/avatar\\\/fe0f6a059fb68d9b3e11bc5850dd4899b1c7492091a3cb6dd9b01b56ad828be2?s=96&d=mm&r=g\",\"url\":\"https:\\\/\\\/secure.gravatar.com\\\/avatar\\\/fe0f6a059fb68d9b3e11bc5850dd4899b1c7492091a3cb6dd9b01b56ad828be2?s=96&d=mm&r=g\",\"contentUrl\":\"https:\\\/\\\/secure.gravatar.com\\\/avatar\\\/fe0f6a059fb68d9b3e11bc5850dd4899b1c7492091a3cb6dd9b01b56ad828be2?s=96&d=mm&r=g\",\"caption\":\"Exaudi Redacci\u00f3n\"},\"description\":\"\u00bfQu\u00e9 es Exaudi News? Exaudi News es un medio de comunicaci\u00f3n cat\u00f3lico internacional que informa, forma y transforma, diariamente en espa\u00f1ol, ingl\u00e9s e italiano. A trav\u00e9s de noticias, art\u00edculos de an\u00e1lisis y transmisiones en directo de los eventos del Papa, Exaudi busca fortalecer la unidad de los cristianos y contribuir a la evangelizaci\u00f3n del mundo, siempre guiados por la doctrina social de la Iglesia. Trabajamos para acercar la verdad y los valores cristianos a cada rinc\u00f3n del planeta. \u00a1Ay\u00fadanos a transformar el mundo con Exaudi! En Exaudi creemos que la evangelizaci\u00f3n y la informaci\u00f3n de calidad pueden cambiar vidas. Para continuar con nuestra misi\u00f3n y expandir nuestro alcance, necesitamos tu ayuda. Adem\u00e1s, buscamos personas comprometidas que deseen unirse a nuestro equipo. Con tu apoyo, lograremos llegar a m\u00e1s personas, difundir el mensaje de Cristo y reforzar la unidad de los cristianos. \u00bfTe unes a nuestra misi\u00f3n? Para m\u00e1s informaci\u00f3n sobre c\u00f3mo colaborar, visita Exaudi.org\\\/es o cont\u00e1ctanos directamente: info@exaudi.org Exaudi: Informa, forma y transforma.\",\"sameAs\":[\"https:\\\/\\\/www.facebook.com\\\/ExaudiNoticias\\\/\",\"https:\\\/\\\/www.instagram.com\\\/exaudi_noticias\\\/\",\"https:\\\/\\\/x.com\\\/Exaudi_noticias\",\"https:\\\/\\\/www.youtube.com\\\/@exaudicatholicnews\"],\"url\":\"https:\\\/\\\/exaudi.org\\\/es\\\/author\\\/redaccionexaudi\\\/\"}]}<\/script>\n<!-- \/ Yoast SEO plugin. -->","yoast_head_json":{"title":"Chiapas desgarrado por el crimen organizado &#8211; Exaudi","robots":{"index":"index","follow":"follow","max-snippet":"max-snippet:-1","max-image-preview":"max-image-preview:large","max-video-preview":"max-video-preview:-1"},"canonical":"https:\/\/exaudi.org\/es\/chiapas-desgarrado-por-el-crimen-organizado\/","og_locale":"es_ES","og_type":"article","og_title":"Chiapas desgarrado por el crimen organizado &#8211; Exaudi","og_description":"En estos tiempos de crisis frente a la violencia estructural e institucional con la presencia de la delincuencia organizada que lacera la vida de nuestras comunidades y nuestros pueblos de Chiapas estamos sufriendo los asesinatos, secuestros, desapariciones, amenazas, hostigamiento, extracci\u00f3n de nuestros bienes naturales, persecuci\u00f3n y despojos de los bienes, fruto de nuestro trabajo. Los [&hellip;]","og_url":"https:\/\/exaudi.org\/es\/chiapas-desgarrado-por-el-crimen-organizado\/","og_site_name":"Exaudi","article_publisher":"https:\/\/www.facebook.com\/ExaudiNews","article_author":"https:\/\/www.facebook.com\/ExaudiNoticias\/","article_published_time":"2023-09-26T07:28:45+00:00","og_image":[{"width":1024,"height":576,"url":"https:\/\/exaudi.org\/wp-content\/uploads\/2023\/09\/245511-Chiapas-1024x576.png","type":"image\/png"}],"author":"Exaudi Redacci\u00f3n","twitter_card":"summary_large_image","twitter_creator":"@Exaudi_noticias","twitter_site":"@Exaudi_News","twitter_misc":{"Escrito por":"Exaudi Redacci\u00f3n","Tiempo de lectura":"3 minutos"},"schema":{"@context":"https:\/\/schema.org","@graph":[{"@type":"Article","@id":"https:\/\/exaudi.org\/es\/chiapas-desgarrado-por-el-crimen-organizado\/#article","isPartOf":{"@id":"https:\/\/exaudi.org\/es\/chiapas-desgarrado-por-el-crimen-organizado\/"},"author":{"name":"Exaudi Redacci\u00f3n","@id":"https:\/\/exaudi.org\/#\/schema\/person\/f5fc8f063065e38742da7afe15f25df7"},"headline":"Chiapas desgarrado por el crimen organizado","datePublished":"2023-09-26T07:28:45+00:00","mainEntityOfPage":{"@id":"https:\/\/exaudi.org\/es\/chiapas-desgarrado-por-el-crimen-organizado\/"},"wordCount":673,"image":{"@id":"https:\/\/exaudi.org\/es\/chiapas-desgarrado-por-el-crimen-organizado\/#primaryimage"},"thumbnailUrl":"https:\/\/exaudi.org\/wp-content\/uploads\/2023\/09\/245511-Chiapas.png","keywords":["Chiapas","Crimen organizado","Luis Manuel L\u00f3pez Alfaro","Rodrigo Aguilar Martinez","San Cristobal de las Casas","Trending"],"articleSection":["Iglesia y Mundo"],"inLanguage":"es"},{"@type":"WebPage","@id":"https:\/\/exaudi.org\/es\/chiapas-desgarrado-por-el-crimen-organizado\/","url":"https:\/\/exaudi.org\/es\/chiapas-desgarrado-por-el-crimen-organizado\/","name":"Chiapas desgarrado por el crimen organizado &#8211; Exaudi","isPartOf":{"@id":"https:\/\/exaudi.org\/#website"},"primaryImageOfPage":{"@id":"https:\/\/exaudi.org\/es\/chiapas-desgarrado-por-el-crimen-organizado\/#primaryimage"},"image":{"@id":"https:\/\/exaudi.org\/es\/chiapas-desgarrado-por-el-crimen-organizado\/#primaryimage"},"thumbnailUrl":"https:\/\/exaudi.org\/wp-content\/uploads\/2023\/09\/245511-Chiapas.png","datePublished":"2023-09-26T07:28:45+00:00","author":{"@id":"https:\/\/exaudi.org\/#\/schema\/person\/f5fc8f063065e38742da7afe15f25df7"},"breadcrumb":{"@id":"https:\/\/exaudi.org\/es\/chiapas-desgarrado-por-el-crimen-organizado\/#breadcrumb"},"inLanguage":"es","potentialAction":[{"@type":"ReadAction","target":["https:\/\/exaudi.org\/es\/chiapas-desgarrado-por-el-crimen-organizado\/"]}]},{"@type":"ImageObject","inLanguage":"es","@id":"https:\/\/exaudi.org\/es\/chiapas-desgarrado-por-el-crimen-organizado\/#primaryimage","url":"https:\/\/exaudi.org\/wp-content\/uploads\/2023\/09\/245511-Chiapas.png","contentUrl":"https:\/\/exaudi.org\/wp-content\/uploads\/2023\/09\/245511-Chiapas.png","width":2560,"height":1439},{"@type":"BreadcrumbList","@id":"https:\/\/exaudi.org\/es\/chiapas-desgarrado-por-el-crimen-organizado\/#breadcrumb","itemListElement":[{"@type":"ListItem","position":1,"name":"Portada","item":"https:\/\/exaudi.org\/es\/"},{"@type":"ListItem","position":2,"name":"Chiapas desgarrado por el crimen organizado"}]},{"@type":"WebSite","@id":"https:\/\/exaudi.org\/#website","url":"https:\/\/exaudi.org\/","name":"Exaudi","description":"News","potentialAction":[{"@type":"SearchAction","target":{"@type":"EntryPoint","urlTemplate":"https:\/\/exaudi.org\/?s={search_term_string}"},"query-input":{"@type":"PropertyValueSpecification","valueRequired":true,"valueName":"search_term_string"}}],"inLanguage":"es"},{"@type":"Person","@id":"https:\/\/exaudi.org\/#\/schema\/person\/f5fc8f063065e38742da7afe15f25df7","name":"Exaudi Redacci\u00f3n","image":{"@type":"ImageObject","inLanguage":"es","@id":"https:\/\/secure.gravatar.com\/avatar\/fe0f6a059fb68d9b3e11bc5850dd4899b1c7492091a3cb6dd9b01b56ad828be2?s=96&d=mm&r=g","url":"https:\/\/secure.gravatar.com\/avatar\/fe0f6a059fb68d9b3e11bc5850dd4899b1c7492091a3cb6dd9b01b56ad828be2?s=96&d=mm&r=g","contentUrl":"https:\/\/secure.gravatar.com\/avatar\/fe0f6a059fb68d9b3e11bc5850dd4899b1c7492091a3cb6dd9b01b56ad828be2?s=96&d=mm&r=g","caption":"Exaudi Redacci\u00f3n"},"description":"\u00bfQu\u00e9 es Exaudi News? Exaudi News es un medio de comunicaci\u00f3n cat\u00f3lico internacional que informa, forma y transforma, diariamente en espa\u00f1ol, ingl\u00e9s e italiano. A trav\u00e9s de noticias, art\u00edculos de an\u00e1lisis y transmisiones en directo de los eventos del Papa, Exaudi busca fortalecer la unidad de los cristianos y contribuir a la evangelizaci\u00f3n del mundo, siempre guiados por la doctrina social de la Iglesia. Trabajamos para acercar la verdad y los valores cristianos a cada rinc\u00f3n del planeta. \u00a1Ay\u00fadanos a transformar el mundo con Exaudi! En Exaudi creemos que la evangelizaci\u00f3n y la informaci\u00f3n de calidad pueden cambiar vidas. Para continuar con nuestra misi\u00f3n y expandir nuestro alcance, necesitamos tu ayuda. Adem\u00e1s, buscamos personas comprometidas que deseen unirse a nuestro equipo. Con tu apoyo, lograremos llegar a m\u00e1s personas, difundir el mensaje de Cristo y reforzar la unidad de los cristianos. \u00bfTe unes a nuestra misi\u00f3n? Para m\u00e1s informaci\u00f3n sobre c\u00f3mo colaborar, visita Exaudi.org\/es o cont\u00e1ctanos directamente: info@exaudi.org Exaudi: Informa, forma y transforma.","sameAs":["https:\/\/www.facebook.com\/ExaudiNoticias\/","https:\/\/www.instagram.com\/exaudi_noticias\/","https:\/\/x.com\/Exaudi_noticias","https:\/\/www.youtube.com\/@exaudicatholicnews"],"url":"https:\/\/exaudi.org\/es\/author\/redaccionexaudi\/"}]}},"jetpack_featured_media_url":"https:\/\/exaudi.org\/wp-content\/uploads\/2023\/09\/245511-Chiapas.png","jetpack_shortlink":"https:\/\/wp.me\/pgKjF2-lXD","_links":{"self":[{"href":"https:\/\/exaudi.org\/es\/wp-json\/wp\/v2\/posts\/84421","targetHints":{"allow":["GET"]}}],"collection":[{"href":"https:\/\/exaudi.org\/es\/wp-json\/wp\/v2\/posts"}],"about":[{"href":"https:\/\/exaudi.org\/es\/wp-json\/wp\/v2\/types\/post"}],"author":[{"embeddable":true,"href":"https:\/\/exaudi.org\/es\/wp-json\/wp\/v2\/users\/15"}],"replies":[{"embeddable":true,"href":"https:\/\/exaudi.org\/es\/wp-json\/wp\/v2\/comments?post=84421"}],"version-history":[{"count":0,"href":"https:\/\/exaudi.org\/es\/wp-json\/wp\/v2\/posts\/84421\/revisions"}],"wp:featuredmedia":[{"embeddable":true,"href":"https:\/\/exaudi.org\/es\/wp-json\/wp\/v2\/media\/84422"}],"wp:attachment":[{"href":"https:\/\/exaudi.org\/es\/wp-json\/wp\/v2\/media?parent=84421"}],"wp:term":[{"taxonomy":"category","embeddable":true,"href":"https:\/\/exaudi.org\/es\/wp-json\/wp\/v2\/categories?post=84421"},{"taxonomy":"post_tag","embeddable":true,"href":"https:\/\/exaudi.org\/es\/wp-json\/wp\/v2\/tags?post=84421"}],"curies":[{"name":"wp","href":"https:\/\/api.w.org\/{rel}","templated":true}]}}