{"id":84307,"date":"2023-09-25T09:05:30","date_gmt":"2023-09-25T07:05:30","guid":{"rendered":"https:\/\/exaudi.org\/?p=84307"},"modified":"2023-09-26T12:17:31","modified_gmt":"2023-09-26T10:17:31","slug":"arbol-malo-frutos-buenos","status":"publish","type":"post","link":"https:\/\/exaudi.org\/es\/arbol-malo-frutos-buenos\/","title":{"rendered":"\u00c1rbol malo, frutos buenos"},"content":{"rendered":"<audio class=\"wp-audio-shortcode\" id=\"audio-84307-1\" preload=\"none\" style=\"width: 100%;\" controls=\"controls\"><source type=\"audio\/mpeg\" src=\"https:\/\/exaudi.org\/wp-content\/uploads\/2023\/09\/arbol.mp3?_=1\" \/><a href=\"https:\/\/exaudi.org\/wp-content\/uploads\/2023\/09\/arbol.mp3\">https:\/\/exaudi.org\/wp-content\/uploads\/2023\/09\/arbol.mp3<\/a><\/audio>\n<p><em>Mateo<\/em> 7, 17-18: \u201cAs\u00ed, todo \u00e1rbol bueno da frutos buenos, pero el \u00e1rbol malo da frutos malos. No puede el \u00e1rbol bueno dar frutos malos, ni el \u00e1rbol malo dar frutos buenos.\u201d Puede parecer pretencioso enmendarle la plana al mism\u00edsimo evangelio, pero el misterio de la naturaleza humana no deja de sorprendernos. La cansada historia bimilenaria de la Iglesia parec\u00eda haberlo visto todo en su decurso, pero al inicio del tercer milenio ha descubierto, con horror, profundidades nuevas del mal que puede anidar en el coraz\u00f3n humano. As\u00ed, lo que hemos vivido en este turbulento inicio de milenio \u201cpuede sorprender a los demonios\u201d -parafraseando a <em>Nefarious<\/em>&#8211; y, \u00bfpor qu\u00e9 no?, al mismo Jes\u00fas.<\/p>\n<p>Al inicio del nuevo siglo contemplamos con estupor c\u00f3mo puede Dios hacer surgir un \u00e1rbol frondoso de ra\u00edces podridas. Desde una perspectiva positiva, nos asombra la omnipotencia divina, que de los grandes males puede obtener bienes a\u00fan mayores, no permitiendo as\u00ed que el mal tenga la \u00faltima palabra en la historia del hombre. Desde una \u00f3ptica negativa, en cambio, somos testigos clarividentes de la vileza a la que puede llegar el coraz\u00f3n humano, de c\u00f3mo \u201cla corrupci\u00f3n de lo mejor es lo peor\u201d (san Jer\u00f3nimo).<\/p>\n<p>Tres personajes, relevantes en la historia reciente de la Iglesia, nos conducen a esta desconcertante conclusi\u00f3n: Marcial Maciel, fundador de los <em>Legionarios de Cristo<\/em> y del <em>Regnum Christi<\/em>; Luis Fernando Figari, fundador del <em>Sodalicio de Vida Cristiana<\/em> y Marko Rupnik, c\u00e9lebre artista, te\u00f3logo y director del <em>Centro Aletti<\/em>. Los tres gozaron de la confianza de san Juan Pablo II, los tres tuvieron \u201ccarreras eclesi\u00e1sticas\u201d deslumbrantes y los tres cayeron en desgracia al salir a la luz su doble vida. En el caso de Maciel y Figari, adem\u00e1s, se trata de fundadores de \u00f3rdenes religiosas y movimientos eclesiales, acusados del que sea quiz\u00e1 el m\u00e1s grave de los delitos, la pederastia. Nunca se hab\u00eda visto eso en la historia de la Iglesia. Por eso caus\u00f3 estupor y por eso tard\u00f3 tanto en ser reconocido el crimen, pues se supon\u00eda en el seno de la Iglesia, de buena fe, que no se trataban sino de calumnias hacia personas de \u00e9xito eclesial y humano. Tristemente, adem\u00e1s, estos horribles hallazgos abrieron los ojos de la Iglesia y, por desgracia, no son los \u00fanicos, pero s\u00ed los m\u00e1s notables.<\/p>\n<p>Ahora bien, si pasar\u00e1n a la historia por su esc\u00e1ndalo y el da\u00f1o irreparable que han causado a la imagen p\u00fablica de la Iglesia, curiosamente pasar\u00e1n tambi\u00e9n por los abundantes frutos de lo que ellos iniciaron. La huella de su vida entonces es ambivalente, como ambivalente es el coraz\u00f3n humano, el misterio del hombre, que nunca acabamos de comprender y ahondar. Los <em>Legionarios de Cristo<\/em> y el <em>Regnum Christi<\/em>, fundados por Maciel, siguen siendo una realidad viva y fecunda en el seno de la Iglesia. Lo mismo sucede con el <em>Sodalicio de Vida Cristiana<\/em> fundado por Figari. Ambos legados siguen sembrando bien espiritual y material en la Iglesia y en la sociedad. Por su parte, la obra teol\u00f3gica y sobre todo art\u00edstica de Rupnik, sigue adornando algunos de los principales espacios sagrados del catolicismo universal: la capilla <em>Redemptoris Mater<\/em>, del Vaticano, donde se celebran los retiros espirituales de la curia romana, a los que asiste el Papa, los santuarios de Lourdes, F\u00e1tima y san P\u00edo de Pietrelcina, o el Santuario Nacional de san Juan Pablo II, en Washington D.C.<\/p>\n<p>Esperemos que la Iglesia no ceda a la \u201ctentaci\u00f3n talib\u00e1n.\u201d Es decir, que as\u00ed como los talibanes ca\u00f1onearon en el 2001, por fidelidad al Cor\u00e1n, a los Budas de Bamiyan, colosales estatuas que hab\u00edan durado m\u00e1s de 1500 a\u00f1os, de modo an\u00e1logo ahora no retire la obra de Rupnik porque, independientemente de la vida del autor, es bella y eleva el alma hacia Dios, conduce a la oraci\u00f3n. La sabidur\u00eda de la Iglesia sabr\u00e1 preservar la belleza creada por Rupnik, juzgarlo es asunto de Dios. An\u00e1logamente, sabr\u00e1 conservar los legados de Maciel y Figari: <em>Legionarios de Cristo<\/em>, <em>Regnum Christi<\/em> y <em>Sodalicio de Vida Cristiana<\/em>, por el bien que han hecho y hacen tanto a la Iglesia como a la sociedad.<\/p>\n<p>Si bien, en estos tristes casos, no se cumple a la letra la sentencia evang\u00e9lica, s\u00ed en cambio lo que afirma el libro de Job: \u201cAl \u00e1rbol ca\u00eddo le queda esperanza de volver a reto\u00f1ar. Tal vez el tronco y las ra\u00edces se pudran en la tierra, pero en cuanto sientan el agua volver\u00e1n a florecer, y echar\u00e1n ramas, como \u00e1rbol reci\u00e9n plantado\u201d (<em>Job<\/em> 14, 7-9). El balance final es de purificaci\u00f3n y esperanza. Nos recuerda a todos que tarde o temprano la verdad se abre camino. Nos invita a asomarnos a las profundidades del coraz\u00f3n humano, capaz a un tiempo de grandeza y de miseria.<\/p>\n<p>No deja de ser significativo el hecho de que los ejercicios espirituales de la curia romana tengan lugar en la capilla <em>Redemptoris Mater<\/em>, obra de Rupnik. No s\u00f3lo para \u201cescarmentar en cabeza ajena\u201d, viendo c\u00f3mo las m\u00e1s graves faltas no perdonan ni a los altos dignatarios de la curia, o para ver c\u00f3mo santos, como Juan Pablo II, pudieron ser enga\u00f1ados por Rupnik, Maciel y Figari; sino para contemplar, asombrados, c\u00f3mo en la Iglesia y en el coraz\u00f3n humano, la belleza y la miseria pueden ir de la mano.<\/p>\n","protected":false},"excerpt":{"rendered":"<p>Tres personajes, relevantes en la historia reciente de la Iglesia, nos conducen a esta desconcertante conclusi\u00f3n<\/p>\n","protected":false},"author":116,"featured_media":84309,"comment_status":"closed","ping_status":"closed","sticky":false,"template":"","format":"standard","meta":{"_acf_changed":false,"_crdt_document":"","inline_featured_image":false,"footnotes":""},"categories":[130],"tags":[10094,10164,10166,10163,8270,1222,9780,4953],"class_list":["post-84307","post","type-post","status-publish","format-standard","has-post-thumbnail","hentry","category-voces","tag-centro-aletti","tag-legionarios-de-cristo","tag-luis-fernando-figari","tag-marcial-maciel","tag-marko-rupnik","tag-san-juan-pablo-ii","tag-sodalicio","tag-trending-es"],"acf":[],"yoast_head":"<!-- This site is optimized with the Yoast SEO plugin v27.4 - https:\/\/yoast.com\/product\/yoast-seo-wordpress\/ -->\n<title>\u00c1rbol malo, frutos buenos &#8211; Exaudi<\/title>\n<meta name=\"robots\" content=\"index, follow, max-snippet:-1, max-image-preview:large, max-video-preview:-1\" \/>\n<link rel=\"canonical\" href=\"https:\/\/exaudi.org\/es\/arbol-malo-frutos-buenos\/\" \/>\n<meta property=\"og:locale\" content=\"es_ES\" \/>\n<meta property=\"og:type\" content=\"article\" \/>\n<meta property=\"og:title\" content=\"\u00c1rbol malo, frutos buenos &#8211; Exaudi\" \/>\n<meta property=\"og:description\" content=\"Tres personajes, relevantes en la historia reciente de la Iglesia, nos conducen a esta desconcertante conclusi\u00f3n\" \/>\n<meta property=\"og:url\" content=\"https:\/\/exaudi.org\/es\/arbol-malo-frutos-buenos\/\" \/>\n<meta property=\"og:site_name\" content=\"Exaudi\" \/>\n<meta property=\"article:publisher\" content=\"https:\/\/www.facebook.com\/ExaudiNews\" \/>\n<meta property=\"article:published_time\" content=\"2023-09-25T07:05:30+00:00\" \/>\n<meta property=\"article:modified_time\" content=\"2023-09-26T10:17:31+00:00\" \/>\n<meta property=\"og:image\" content=\"https:\/\/exaudi.org\/wp-content\/uploads\/2023\/09\/pexels-david-bartus-1710355-scaled.jpg\" \/>\n\t<meta property=\"og:image:width\" content=\"2560\" \/>\n\t<meta property=\"og:image:height\" content=\"1707\" \/>\n\t<meta property=\"og:image:type\" content=\"image\/jpeg\" \/>\n<meta name=\"author\" content=\"Salvador Fabre\" \/>\n<meta name=\"twitter:card\" content=\"summary_large_image\" \/>\n<meta name=\"twitter:creator\" content=\"@Exaudi_News\" \/>\n<meta name=\"twitter:site\" content=\"@Exaudi_News\" \/>\n<meta name=\"twitter:label1\" content=\"Escrito por\" \/>\n\t<meta name=\"twitter:data1\" content=\"Salvador Fabre\" \/>\n\t<meta name=\"twitter:label2\" content=\"Tiempo de lectura\" \/>\n\t<meta name=\"twitter:data2\" content=\"5 minutos\" \/>\n<script type=\"application\/ld+json\" class=\"yoast-schema-graph\">{\"@context\":\"https:\\\/\\\/schema.org\",\"@graph\":[{\"@type\":\"Article\",\"@id\":\"https:\\\/\\\/exaudi.org\\\/es\\\/arbol-malo-frutos-buenos\\\/#article\",\"isPartOf\":{\"@id\":\"https:\\\/\\\/exaudi.org\\\/es\\\/arbol-malo-frutos-buenos\\\/\"},\"author\":{\"name\":\"Salvador Fabre\",\"@id\":\"https:\\\/\\\/exaudi.org\\\/#\\\/schema\\\/person\\\/29b1dbd9f3952eecacfc704ca1a473a8\"},\"headline\":\"\u00c1rbol malo, frutos buenos\",\"datePublished\":\"2023-09-25T07:05:30+00:00\",\"dateModified\":\"2023-09-26T10:17:31+00:00\",\"mainEntityOfPage\":{\"@id\":\"https:\\\/\\\/exaudi.org\\\/es\\\/arbol-malo-frutos-buenos\\\/\"},\"wordCount\":946,\"image\":{\"@id\":\"https:\\\/\\\/exaudi.org\\\/es\\\/arbol-malo-frutos-buenos\\\/#primaryimage\"},\"thumbnailUrl\":\"https:\\\/\\\/exaudi.org\\\/wp-content\\\/uploads\\\/2023\\\/09\\\/pexels-david-bartus-1710355-scaled.jpg\",\"keywords\":[\"Centro Aletti\",\"Legionarios de Cristo\",\"Luis Fernando Figari\",\"Marcial Maciel\",\"Marko Rupnik\",\"San Juan Pablo II\",\"Sodalicio\",\"Trending\"],\"articleSection\":[\"Voces\"],\"inLanguage\":\"es\"},{\"@type\":\"WebPage\",\"@id\":\"https:\\\/\\\/exaudi.org\\\/es\\\/arbol-malo-frutos-buenos\\\/\",\"url\":\"https:\\\/\\\/exaudi.org\\\/es\\\/arbol-malo-frutos-buenos\\\/\",\"name\":\"\u00c1rbol malo, frutos buenos &#8211; Exaudi\",\"isPartOf\":{\"@id\":\"https:\\\/\\\/exaudi.org\\\/#website\"},\"primaryImageOfPage\":{\"@id\":\"https:\\\/\\\/exaudi.org\\\/es\\\/arbol-malo-frutos-buenos\\\/#primaryimage\"},\"image\":{\"@id\":\"https:\\\/\\\/exaudi.org\\\/es\\\/arbol-malo-frutos-buenos\\\/#primaryimage\"},\"thumbnailUrl\":\"https:\\\/\\\/exaudi.org\\\/wp-content\\\/uploads\\\/2023\\\/09\\\/pexels-david-bartus-1710355-scaled.jpg\",\"datePublished\":\"2023-09-25T07:05:30+00:00\",\"dateModified\":\"2023-09-26T10:17:31+00:00\",\"author\":{\"@id\":\"https:\\\/\\\/exaudi.org\\\/#\\\/schema\\\/person\\\/29b1dbd9f3952eecacfc704ca1a473a8\"},\"breadcrumb\":{\"@id\":\"https:\\\/\\\/exaudi.org\\\/es\\\/arbol-malo-frutos-buenos\\\/#breadcrumb\"},\"inLanguage\":\"es\",\"potentialAction\":[{\"@type\":\"ReadAction\",\"target\":[\"https:\\\/\\\/exaudi.org\\\/es\\\/arbol-malo-frutos-buenos\\\/\"]}]},{\"@type\":\"ImageObject\",\"inLanguage\":\"es\",\"@id\":\"https:\\\/\\\/exaudi.org\\\/es\\\/arbol-malo-frutos-buenos\\\/#primaryimage\",\"url\":\"https:\\\/\\\/exaudi.org\\\/wp-content\\\/uploads\\\/2023\\\/09\\\/pexels-david-bartus-1710355-scaled.jpg\",\"contentUrl\":\"https:\\\/\\\/exaudi.org\\\/wp-content\\\/uploads\\\/2023\\\/09\\\/pexels-david-bartus-1710355-scaled.jpg\",\"width\":2560,\"height\":1707},{\"@type\":\"BreadcrumbList\",\"@id\":\"https:\\\/\\\/exaudi.org\\\/es\\\/arbol-malo-frutos-buenos\\\/#breadcrumb\",\"itemListElement\":[{\"@type\":\"ListItem\",\"position\":1,\"name\":\"Portada\",\"item\":\"https:\\\/\\\/exaudi.org\\\/es\\\/\"},{\"@type\":\"ListItem\",\"position\":2,\"name\":\"\u00c1rbol malo, frutos buenos\"}]},{\"@type\":\"WebSite\",\"@id\":\"https:\\\/\\\/exaudi.org\\\/#website\",\"url\":\"https:\\\/\\\/exaudi.org\\\/\",\"name\":\"Exaudi\",\"description\":\"News\",\"potentialAction\":[{\"@type\":\"SearchAction\",\"target\":{\"@type\":\"EntryPoint\",\"urlTemplate\":\"https:\\\/\\\/exaudi.org\\\/?s={search_term_string}\"},\"query-input\":{\"@type\":\"PropertyValueSpecification\",\"valueRequired\":true,\"valueName\":\"search_term_string\"}}],\"inLanguage\":\"es\"},{\"@type\":\"Person\",\"@id\":\"https:\\\/\\\/exaudi.org\\\/#\\\/schema\\\/person\\\/29b1dbd9f3952eecacfc704ca1a473a8\",\"name\":\"Salvador Fabre\",\"image\":{\"@type\":\"ImageObject\",\"inLanguage\":\"es\",\"@id\":\"https:\\\/\\\/secure.gravatar.com\\\/avatar\\\/8d1a5a78ba86b9a8255e1c5b454943b9168b1dc31a275487309b73b631a7ac5d?s=96&d=mm&r=g\",\"url\":\"https:\\\/\\\/secure.gravatar.com\\\/avatar\\\/8d1a5a78ba86b9a8255e1c5b454943b9168b1dc31a275487309b73b631a7ac5d?s=96&d=mm&r=g\",\"contentUrl\":\"https:\\\/\\\/secure.gravatar.com\\\/avatar\\\/8d1a5a78ba86b9a8255e1c5b454943b9168b1dc31a275487309b73b631a7ac5d?s=96&d=mm&r=g\",\"caption\":\"Salvador Fabre\"},\"description\":\"Doctor en filosof\u00eda - Pensar en Cristiano\",\"url\":\"https:\\\/\\\/exaudi.org\\\/es\\\/author\\\/dr-salvador-fabre\\\/\"}]}<\/script>\n<!-- \/ Yoast SEO plugin. -->","yoast_head_json":{"title":"\u00c1rbol malo, frutos buenos &#8211; Exaudi","robots":{"index":"index","follow":"follow","max-snippet":"max-snippet:-1","max-image-preview":"max-image-preview:large","max-video-preview":"max-video-preview:-1"},"canonical":"https:\/\/exaudi.org\/es\/arbol-malo-frutos-buenos\/","og_locale":"es_ES","og_type":"article","og_title":"\u00c1rbol malo, frutos buenos &#8211; Exaudi","og_description":"Tres personajes, relevantes en la historia reciente de la Iglesia, nos conducen a esta desconcertante conclusi\u00f3n","og_url":"https:\/\/exaudi.org\/es\/arbol-malo-frutos-buenos\/","og_site_name":"Exaudi","article_publisher":"https:\/\/www.facebook.com\/ExaudiNews","article_published_time":"2023-09-25T07:05:30+00:00","article_modified_time":"2023-09-26T10:17:31+00:00","og_image":[{"width":2560,"height":1707,"url":"https:\/\/exaudi.org\/wp-content\/uploads\/2023\/09\/pexels-david-bartus-1710355-scaled.jpg","type":"image\/jpeg"}],"author":"Salvador Fabre","twitter_card":"summary_large_image","twitter_creator":"@Exaudi_News","twitter_site":"@Exaudi_News","twitter_misc":{"Escrito por":"Salvador Fabre","Tiempo de lectura":"5 minutos"},"schema":{"@context":"https:\/\/schema.org","@graph":[{"@type":"Article","@id":"https:\/\/exaudi.org\/es\/arbol-malo-frutos-buenos\/#article","isPartOf":{"@id":"https:\/\/exaudi.org\/es\/arbol-malo-frutos-buenos\/"},"author":{"name":"Salvador Fabre","@id":"https:\/\/exaudi.org\/#\/schema\/person\/29b1dbd9f3952eecacfc704ca1a473a8"},"headline":"\u00c1rbol malo, frutos buenos","datePublished":"2023-09-25T07:05:30+00:00","dateModified":"2023-09-26T10:17:31+00:00","mainEntityOfPage":{"@id":"https:\/\/exaudi.org\/es\/arbol-malo-frutos-buenos\/"},"wordCount":946,"image":{"@id":"https:\/\/exaudi.org\/es\/arbol-malo-frutos-buenos\/#primaryimage"},"thumbnailUrl":"https:\/\/exaudi.org\/wp-content\/uploads\/2023\/09\/pexels-david-bartus-1710355-scaled.jpg","keywords":["Centro Aletti","Legionarios de Cristo","Luis Fernando Figari","Marcial Maciel","Marko Rupnik","San Juan Pablo II","Sodalicio","Trending"],"articleSection":["Voces"],"inLanguage":"es"},{"@type":"WebPage","@id":"https:\/\/exaudi.org\/es\/arbol-malo-frutos-buenos\/","url":"https:\/\/exaudi.org\/es\/arbol-malo-frutos-buenos\/","name":"\u00c1rbol malo, frutos buenos &#8211; Exaudi","isPartOf":{"@id":"https:\/\/exaudi.org\/#website"},"primaryImageOfPage":{"@id":"https:\/\/exaudi.org\/es\/arbol-malo-frutos-buenos\/#primaryimage"},"image":{"@id":"https:\/\/exaudi.org\/es\/arbol-malo-frutos-buenos\/#primaryimage"},"thumbnailUrl":"https:\/\/exaudi.org\/wp-content\/uploads\/2023\/09\/pexels-david-bartus-1710355-scaled.jpg","datePublished":"2023-09-25T07:05:30+00:00","dateModified":"2023-09-26T10:17:31+00:00","author":{"@id":"https:\/\/exaudi.org\/#\/schema\/person\/29b1dbd9f3952eecacfc704ca1a473a8"},"breadcrumb":{"@id":"https:\/\/exaudi.org\/es\/arbol-malo-frutos-buenos\/#breadcrumb"},"inLanguage":"es","potentialAction":[{"@type":"ReadAction","target":["https:\/\/exaudi.org\/es\/arbol-malo-frutos-buenos\/"]}]},{"@type":"ImageObject","inLanguage":"es","@id":"https:\/\/exaudi.org\/es\/arbol-malo-frutos-buenos\/#primaryimage","url":"https:\/\/exaudi.org\/wp-content\/uploads\/2023\/09\/pexels-david-bartus-1710355-scaled.jpg","contentUrl":"https:\/\/exaudi.org\/wp-content\/uploads\/2023\/09\/pexels-david-bartus-1710355-scaled.jpg","width":2560,"height":1707},{"@type":"BreadcrumbList","@id":"https:\/\/exaudi.org\/es\/arbol-malo-frutos-buenos\/#breadcrumb","itemListElement":[{"@type":"ListItem","position":1,"name":"Portada","item":"https:\/\/exaudi.org\/es\/"},{"@type":"ListItem","position":2,"name":"\u00c1rbol malo, frutos buenos"}]},{"@type":"WebSite","@id":"https:\/\/exaudi.org\/#website","url":"https:\/\/exaudi.org\/","name":"Exaudi","description":"News","potentialAction":[{"@type":"SearchAction","target":{"@type":"EntryPoint","urlTemplate":"https:\/\/exaudi.org\/?s={search_term_string}"},"query-input":{"@type":"PropertyValueSpecification","valueRequired":true,"valueName":"search_term_string"}}],"inLanguage":"es"},{"@type":"Person","@id":"https:\/\/exaudi.org\/#\/schema\/person\/29b1dbd9f3952eecacfc704ca1a473a8","name":"Salvador Fabre","image":{"@type":"ImageObject","inLanguage":"es","@id":"https:\/\/secure.gravatar.com\/avatar\/8d1a5a78ba86b9a8255e1c5b454943b9168b1dc31a275487309b73b631a7ac5d?s=96&d=mm&r=g","url":"https:\/\/secure.gravatar.com\/avatar\/8d1a5a78ba86b9a8255e1c5b454943b9168b1dc31a275487309b73b631a7ac5d?s=96&d=mm&r=g","contentUrl":"https:\/\/secure.gravatar.com\/avatar\/8d1a5a78ba86b9a8255e1c5b454943b9168b1dc31a275487309b73b631a7ac5d?s=96&d=mm&r=g","caption":"Salvador Fabre"},"description":"Doctor en filosof\u00eda - Pensar en Cristiano","url":"https:\/\/exaudi.org\/es\/author\/dr-salvador-fabre\/"}]}},"jetpack_featured_media_url":"https:\/\/exaudi.org\/wp-content\/uploads\/2023\/09\/pexels-david-bartus-1710355-scaled.jpg","jetpack_shortlink":"https:\/\/wp.me\/pgKjF2-lVN","_links":{"self":[{"href":"https:\/\/exaudi.org\/es\/wp-json\/wp\/v2\/posts\/84307","targetHints":{"allow":["GET"]}}],"collection":[{"href":"https:\/\/exaudi.org\/es\/wp-json\/wp\/v2\/posts"}],"about":[{"href":"https:\/\/exaudi.org\/es\/wp-json\/wp\/v2\/types\/post"}],"author":[{"embeddable":true,"href":"https:\/\/exaudi.org\/es\/wp-json\/wp\/v2\/users\/116"}],"replies":[{"embeddable":true,"href":"https:\/\/exaudi.org\/es\/wp-json\/wp\/v2\/comments?post=84307"}],"version-history":[{"count":0,"href":"https:\/\/exaudi.org\/es\/wp-json\/wp\/v2\/posts\/84307\/revisions"}],"wp:featuredmedia":[{"embeddable":true,"href":"https:\/\/exaudi.org\/es\/wp-json\/wp\/v2\/media\/84309"}],"wp:attachment":[{"href":"https:\/\/exaudi.org\/es\/wp-json\/wp\/v2\/media?parent=84307"}],"wp:term":[{"taxonomy":"category","embeddable":true,"href":"https:\/\/exaudi.org\/es\/wp-json\/wp\/v2\/categories?post=84307"},{"taxonomy":"post_tag","embeddable":true,"href":"https:\/\/exaudi.org\/es\/wp-json\/wp\/v2\/tags?post=84307"}],"curies":[{"name":"wp","href":"https:\/\/api.w.org\/{rel}","templated":true}]}}