{"id":84186,"date":"2023-09-23T10:42:42","date_gmt":"2023-09-23T08:42:42","guid":{"rendered":"https:\/\/exaudi.org\/?p=84186"},"modified":"2023-09-23T10:42:42","modified_gmt":"2023-09-23T08:42:42","slug":"el-papa-el-cielo-nos-bendecira-si-en-tierra-y-en-el-mar-sabemos-cuidar-de-los-mas-debiles","status":"publish","type":"post","link":"https:\/\/exaudi.org\/es\/el-papa-el-cielo-nos-bendecira-si-en-tierra-y-en-el-mar-sabemos-cuidar-de-los-mas-debiles\/","title":{"rendered":"El Papa: El cielo nos bendecir\u00e1, si en tierra y en el mar sabemos cuidar de los m\u00e1s d\u00e9biles"},"content":{"rendered":"<p>Viaje apost\u00f3lico a Marsella: momento de recogimiento con los l\u00edderes religiosos cerca del Memorial dedicado a los marineros y migrantes perdidos en el mar<\/p>\n<p>Ante el Memorial de los marineros y migrantes dispersos en el mar en Marsella, junto a los l\u00edderes religiosos, el Papa piensa en los numerosos hermanos y hermanas \u201cahogados en el miedo, junto con las esperanzas que llevaban en el coraz\u00f3n\u201d. Estamos ante una encrucijada, afirma: fraternidad o indiferencia, encuentro o confrontaci\u00f3n. No podemos resignarnos, dice, \u201ca ver seres humanos tratados como mercanc\u00eda de cambio\u201d.<\/p>\n<p>***<\/p>\n<h3><strong>Palabras del Papa<\/strong><\/h3>\n<p>Queridos hermanos y hermanas,<\/p>\n<p>gracias por estar aqu\u00ed. Ante nosotros est\u00e1 el mar, fuente de vida, pero este lugar evoca la tragedia de los naufragios, que causan la muerte. Estamos reunidos en memoria de los que no sobrevivieron, de los que no se salvaron. No nos acostumbremos a considerar los naufragios como hechos noticiables y las muertes en el mar como cifras: no, son nombres y apellidos, son rostros e historias, son vidas rotas y sue\u00f1os destrozados. Pienso en tantos hermanos y hermanas ahogados por el miedo, junto con las esperanzas que llevaban en el coraz\u00f3n. Ante semejante drama, no hacen falta palabras, sino hechos. Pero antes necesitamos humanidad, necesitamos silencio, llanto, compasi\u00f3n y oraci\u00f3n. Os invito ahora a un minuto de silencio en memoria de estos hermanos y hermanas nuestros: dej\u00e9monos conmover por sus tragedias. [momento de silencio].<\/p>\n<p>Demasiadas personas, que huyen de los conflictos, de la pobreza y de las cat\u00e1strofes medioambientales, encuentran en las olas del mar Mediterr\u00e1neo el \u00faltimo rechazo en su b\u00fasqueda de un futuro mejor. Y as\u00ed, este hermoso mar se ha convertido en un inmenso cementerio, donde muchos hermanos y hermanas se ven privados incluso del derecho a una tumba, y s\u00f3lo queda enterrada la dignidad humana. En el libro-testimonio \u00abHermanito\u00bb, el protagonista, al final del agitado viaje que le lleva de la Rep\u00fablica de Guinea a Europa, dice: \u00abCuando te sientas en el mar est\u00e1s en una encrucijada. A un lado est\u00e1 la vida, al otro la muerte. No hay otras salidas\u00bb (A. Arzallus Antia &#8211; I. Balde, Fratellino, Mil\u00e1n 2021, 107). Amigos, tenemos ante nosotros una encrucijada: por un lado, la fraternidad, que fecunda de bondad la comunidad humana; por otro, la indiferencia, que ensangrienta el Mediterr\u00e1neo. Nos encontramos en una encrucijada de civilizaci\u00f3n. O la cultura de la humanidad y de la fraternidad, o la cultura de la indiferencia: que cada cual se las arregle como pueda.<\/p>\n<p>No podemos resignarnos a ver a seres humanos tratados como moneda de cambio, encarcelados y torturados de forma atroz -sabemos, tantas veces, que cuando los enviamos lejos, est\u00e1n destinados a ser torturados y encarcelados-; no podemos seguir asistiendo a las tragedias de los naufragios, provocados por el tr\u00e1fico odioso y el fanatismo de la indiferencia. La indiferencia se convierte en fanatismo. Hay que rescatar a las personas que corren peligro de ahogarse al ser abandonadas sobre las olas. Es un deber de humanidad, \u00a1es un deber de civilizaci\u00f3n!<\/p>\n<p>El cielo nos bendecir\u00e1, si en tierra y en el mar sabemos cuidar de los m\u00e1s d\u00e9biles, si sabemos superar la par\u00e1lisis del miedo y del desinter\u00e9s que condena a la gente a la muerte con guantes de terciopelo. En esto, los representantes de las distintas religiones estamos llamados a ser un ejemplo. Dios, de hecho, bendijo al padre Abraham. Fue llamado a dejar su patria y \u00abparti\u00f3 sin saber a d\u00f3nde iba\u00bb (Hb 11,8). Como hu\u00e9sped y peregrino en tierra extranjera, acogi\u00f3 a los caminantes que pasaban junto a su tienda (cf. Gn 18): \u00abdesterrado de su patria, sin hogar, \u00e9l mismo fue hogar y patria de todos\u00bb (San Pedro Cris\u00f3logo, Discursos, 121). Y \u00abcomo recompensa por su hospitalidad, obtuvo descendencia\u00bb (san Ambrosio de Mil\u00e1n, De <em>officiis<\/em>, II, 21). En las ra\u00edces de los tres monote\u00edsmos mediterr\u00e1neos est\u00e1, pues, la hospitalidad, el amor al extranjero en nombre de Dios. Y esto es vital si, como nuestro padre Abraham, so\u00f1amos con un futuro pr\u00f3spero. No olvidemos el estribillo b\u00edblico: \u00abel hu\u00e9rfano, la viuda y el emigrante, el extranjero\u00bb. El hu\u00e9rfano, la viuda y el extranjero: \u00e9stos son los que Dios nos manda cuidar.<\/p>\n<p>Los creyentes, por tanto, debemos ser ejemplares en nuestra acogida mutua y fraterna. Las relaciones entre grupos religiosos no suelen ser f\u00e1ciles, pues el gusano del extremismo y la plaga ideol\u00f3gica del fundamentalismo corroen la vida real de las comunidades. Pero quisiera, a este respecto, hacerme eco de lo que escribi\u00f3 un hombre de Dios que vivi\u00f3 no lejos de aqu\u00ed: \u00abQue nadie guarde en su coraz\u00f3n sentimientos de odio hacia su pr\u00f3jimo, sino de amor, porque quien odia aunque s\u00f3lo sea a un hombre no podr\u00e1 estar tranquilo ante Dios. Dios no escucha su oraci\u00f3n mientras guarde ira en su coraz\u00f3n\u00bb (San C\u00e9sar de Arl\u00e9s, Discursos, XIV, 2).<\/p>\n<p>Hoy, tambi\u00e9n Marsella, caracterizada por un pluralismo religioso variado, se enfrenta a una encrucijada: encuentro o choque. Y os doy las gracias a todos vosotros, que est\u00e1is en el camino del encuentro: gracias por vuestra solidaridad y vuestro compromiso concreto en favor de la promoci\u00f3n humana y la integraci\u00f3n. Marsella es un modelo de integraci\u00f3n. Es bonito que aqu\u00ed, junto a distintas realidades que trabajan con emigrantes, exista la Marseille-Esp\u00e9rance, un organismo de di\u00e1logo interreligioso que promueve la fraternidad y la convivencia pac\u00edfica. Nos fijamos en los pioneros y testigos del di\u00e1logo, como Jules Isaac, que vivi\u00f3 cerca de aqu\u00ed y del que se conmemor\u00f3 recientemente el 60 aniversario de su muerte. Ustedes son la Marsella del futuro. Avanzad sin desaliento, para que esta ciudad sea para Francia, para Europa y para el mundo un mosaico de esperanza.<\/p>\n<p>Como deseo, quisiera finalmente citar unas palabras que David Sassoli pronunci\u00f3 en Bari, con ocasi\u00f3n de un encuentro anterior sobre el Mediterr\u00e1neo: \u00abEn Bagdad, en la Casa de la Sabidur\u00eda del Califa Al Ma&#8217;mun, jud\u00edos, cristianos y musulmanes sol\u00edan reunirse para leer los libros sagrados y a los fil\u00f3sofos griegos. Hoy, todos sentimos, creyentes y laicos, la necesidad de reconstruir esa casa para seguir juntos luchando contra los \u00eddolos, derribando muros, tendiendo puentes y dando contenido a un nuevo humanismo. Mirando profundamente nuestro tiempo y am\u00e1ndolo a\u00fan m\u00e1s cuando es dif\u00edcil amarlo, creo que \u00e9sta es la semilla sembrada en estos d\u00edas tan atentos a nuestro destino. \u00a1Dejemos de tener miedo a los problemas que nos plantea el Mediterr\u00e1neo! [&#8230;] Para la Uni\u00f3n Europea y para todos nosotros, nuestra supervivencia depende de ello\u00bb (Discurso con ocasi\u00f3n del Encuentro de reflexi\u00f3n y espiritualidad \u00abFrontera mediterr\u00e1nea de la paz\u00bb, 22 de febrero de 2020).<\/p>\n<p>Hermanos, hermanas, afrontemos juntos nuestros problemas, no perdamos la esperanza, \u00a1armemos un mosaico de paz!<\/p>\n<p>Me alegra ver aqu\u00ed a tantos de vosotros que os hac\u00e9is a la mar para salvar, para rescatar a los migrantes. Y muchas veces se os impide ir, porque -dicen- al barco le falta algo, falta esto o aquello&#8230; Son gestos de odio contra el hermano, disfrazados de \u00abequilibrio\u00bb. Gracias por todo lo que hac\u00e9is.<\/p>\n","protected":false},"excerpt":{"rendered":"<p>Recogimiento con los l\u00edderes religiosos cerca del Memorial dedicado a los marineros y migrantes perdidos en el mar<\/p>\n","protected":false},"author":15,"featured_media":84190,"comment_status":"closed","ping_status":"closed","sticky":false,"template":"","format":"standard","meta":{"_acf_changed":false,"_crdt_document":"","inline_featured_image":false,"footnotes":""},"categories":[116,68,120],"tags":[9800,10148,158,4953,6670],"class_list":["post-84186","post","type-post","status-publish","format-standard","has-post-thumbnail","hentry","category-encuentros","category-leon-xiv","category-viajes","tag-marsella","tag-memorial-de-los-marineros","tag-papa-francisco","tag-trending-es","tag-viaje"],"acf":[],"yoast_head":"<!-- This site is optimized with the Yoast SEO plugin v27.5 - https:\/\/yoast.com\/product\/yoast-seo-wordpress\/ -->\n<title>El Papa: El cielo nos bendecir\u00e1, si en tierra y en el mar sabemos cuidar de los m\u00e1s d\u00e9biles &#8211; Exaudi<\/title>\n<meta name=\"robots\" content=\"index, follow, max-snippet:-1, max-image-preview:large, max-video-preview:-1\" \/>\n<link rel=\"canonical\" href=\"https:\/\/exaudi.org\/es\/el-papa-el-cielo-nos-bendecira-si-en-tierra-y-en-el-mar-sabemos-cuidar-de-los-mas-debiles\/\" \/>\n<meta property=\"og:locale\" content=\"es_ES\" \/>\n<meta property=\"og:type\" content=\"article\" \/>\n<meta property=\"og:title\" content=\"El Papa: El cielo nos bendecir\u00e1, si en tierra y en el mar sabemos cuidar de los m\u00e1s d\u00e9biles &#8211; Exaudi\" \/>\n<meta property=\"og:description\" content=\"Recogimiento con los l\u00edderes religiosos cerca del Memorial dedicado a los marineros y migrantes perdidos en el mar\" \/>\n<meta property=\"og:url\" content=\"https:\/\/exaudi.org\/es\/el-papa-el-cielo-nos-bendecira-si-en-tierra-y-en-el-mar-sabemos-cuidar-de-los-mas-debiles\/\" \/>\n<meta property=\"og:site_name\" content=\"Exaudi\" \/>\n<meta property=\"article:publisher\" content=\"https:\/\/www.facebook.com\/ExaudiNews\" \/>\n<meta property=\"article:author\" content=\"https:\/\/www.facebook.com\/ExaudiNoticias\/\" \/>\n<meta property=\"article:published_time\" content=\"2023-09-23T08:42:42+00:00\" \/>\n<meta property=\"og:image\" content=\"https:\/\/exaudi.org\/wp-content\/uploads\/2023\/09\/Marsella3.jpeg\" \/>\n\t<meta property=\"og:image:width\" content=\"800\" \/>\n\t<meta property=\"og:image:height\" content=\"533\" \/>\n\t<meta property=\"og:image:type\" content=\"image\/jpeg\" \/>\n<meta name=\"author\" content=\"Exaudi Redacci\u00f3n\" \/>\n<meta name=\"twitter:card\" content=\"summary_large_image\" \/>\n<meta name=\"twitter:creator\" content=\"@Exaudi_noticias\" \/>\n<meta name=\"twitter:site\" content=\"@Exaudi_News\" \/>\n<meta name=\"twitter:label1\" content=\"Escrito por\" \/>\n\t<meta name=\"twitter:data1\" content=\"Exaudi Redacci\u00f3n\" \/>\n\t<meta name=\"twitter:label2\" content=\"Tiempo de lectura\" \/>\n\t<meta name=\"twitter:data2\" content=\"6 minutos\" \/>\n<script type=\"application\/ld+json\" class=\"yoast-schema-graph\">{\"@context\":\"https:\\\/\\\/schema.org\",\"@graph\":[{\"@type\":\"Article\",\"@id\":\"https:\\\/\\\/exaudi.org\\\/es\\\/el-papa-el-cielo-nos-bendecira-si-en-tierra-y-en-el-mar-sabemos-cuidar-de-los-mas-debiles\\\/#article\",\"isPartOf\":{\"@id\":\"https:\\\/\\\/exaudi.org\\\/es\\\/el-papa-el-cielo-nos-bendecira-si-en-tierra-y-en-el-mar-sabemos-cuidar-de-los-mas-debiles\\\/\"},\"author\":{\"name\":\"Exaudi Redacci\u00f3n\",\"@id\":\"https:\\\/\\\/exaudi.org\\\/#\\\/schema\\\/person\\\/f5fc8f063065e38742da7afe15f25df7\"},\"headline\":\"El Papa: El cielo nos bendecir\u00e1, si en tierra y en el mar sabemos cuidar de los m\u00e1s d\u00e9biles\",\"datePublished\":\"2023-09-23T08:42:42+00:00\",\"mainEntityOfPage\":{\"@id\":\"https:\\\/\\\/exaudi.org\\\/es\\\/el-papa-el-cielo-nos-bendecira-si-en-tierra-y-en-el-mar-sabemos-cuidar-de-los-mas-debiles\\\/\"},\"wordCount\":1245,\"image\":{\"@id\":\"https:\\\/\\\/exaudi.org\\\/es\\\/el-papa-el-cielo-nos-bendecira-si-en-tierra-y-en-el-mar-sabemos-cuidar-de-los-mas-debiles\\\/#primaryimage\"},\"thumbnailUrl\":\"https:\\\/\\\/exaudi.org\\\/wp-content\\\/uploads\\\/2023\\\/09\\\/Marsella3.jpeg\",\"keywords\":[\"Marsella\",\"Memorial de los marineros\",\"papa francisco\",\"Trending\",\"viaje\"],\"articleSection\":[\"Encuentros\",\"Le\u00f3n XIV\",\"Viajes\"],\"inLanguage\":\"es\"},{\"@type\":\"WebPage\",\"@id\":\"https:\\\/\\\/exaudi.org\\\/es\\\/el-papa-el-cielo-nos-bendecira-si-en-tierra-y-en-el-mar-sabemos-cuidar-de-los-mas-debiles\\\/\",\"url\":\"https:\\\/\\\/exaudi.org\\\/es\\\/el-papa-el-cielo-nos-bendecira-si-en-tierra-y-en-el-mar-sabemos-cuidar-de-los-mas-debiles\\\/\",\"name\":\"El Papa: El cielo nos bendecir\u00e1, si en tierra y en el mar sabemos cuidar de los m\u00e1s d\u00e9biles &#8211; Exaudi\",\"isPartOf\":{\"@id\":\"https:\\\/\\\/exaudi.org\\\/#website\"},\"primaryImageOfPage\":{\"@id\":\"https:\\\/\\\/exaudi.org\\\/es\\\/el-papa-el-cielo-nos-bendecira-si-en-tierra-y-en-el-mar-sabemos-cuidar-de-los-mas-debiles\\\/#primaryimage\"},\"image\":{\"@id\":\"https:\\\/\\\/exaudi.org\\\/es\\\/el-papa-el-cielo-nos-bendecira-si-en-tierra-y-en-el-mar-sabemos-cuidar-de-los-mas-debiles\\\/#primaryimage\"},\"thumbnailUrl\":\"https:\\\/\\\/exaudi.org\\\/wp-content\\\/uploads\\\/2023\\\/09\\\/Marsella3.jpeg\",\"datePublished\":\"2023-09-23T08:42:42+00:00\",\"author\":{\"@id\":\"https:\\\/\\\/exaudi.org\\\/#\\\/schema\\\/person\\\/f5fc8f063065e38742da7afe15f25df7\"},\"breadcrumb\":{\"@id\":\"https:\\\/\\\/exaudi.org\\\/es\\\/el-papa-el-cielo-nos-bendecira-si-en-tierra-y-en-el-mar-sabemos-cuidar-de-los-mas-debiles\\\/#breadcrumb\"},\"inLanguage\":\"es\",\"potentialAction\":[{\"@type\":\"ReadAction\",\"target\":[\"https:\\\/\\\/exaudi.org\\\/es\\\/el-papa-el-cielo-nos-bendecira-si-en-tierra-y-en-el-mar-sabemos-cuidar-de-los-mas-debiles\\\/\"]}]},{\"@type\":\"ImageObject\",\"inLanguage\":\"es\",\"@id\":\"https:\\\/\\\/exaudi.org\\\/es\\\/el-papa-el-cielo-nos-bendecira-si-en-tierra-y-en-el-mar-sabemos-cuidar-de-los-mas-debiles\\\/#primaryimage\",\"url\":\"https:\\\/\\\/exaudi.org\\\/wp-content\\\/uploads\\\/2023\\\/09\\\/Marsella3.jpeg\",\"contentUrl\":\"https:\\\/\\\/exaudi.org\\\/wp-content\\\/uploads\\\/2023\\\/09\\\/Marsella3.jpeg\",\"width\":800,\"height\":533},{\"@type\":\"BreadcrumbList\",\"@id\":\"https:\\\/\\\/exaudi.org\\\/es\\\/el-papa-el-cielo-nos-bendecira-si-en-tierra-y-en-el-mar-sabemos-cuidar-de-los-mas-debiles\\\/#breadcrumb\",\"itemListElement\":[{\"@type\":\"ListItem\",\"position\":1,\"name\":\"Portada\",\"item\":\"https:\\\/\\\/exaudi.org\\\/es\\\/\"},{\"@type\":\"ListItem\",\"position\":2,\"name\":\"El Papa: El cielo nos bendecir\u00e1, si en tierra y en el mar sabemos cuidar de los m\u00e1s d\u00e9biles\"}]},{\"@type\":\"WebSite\",\"@id\":\"https:\\\/\\\/exaudi.org\\\/#website\",\"url\":\"https:\\\/\\\/exaudi.org\\\/\",\"name\":\"Exaudi\",\"description\":\"News\",\"potentialAction\":[{\"@type\":\"SearchAction\",\"target\":{\"@type\":\"EntryPoint\",\"urlTemplate\":\"https:\\\/\\\/exaudi.org\\\/?s={search_term_string}\"},\"query-input\":{\"@type\":\"PropertyValueSpecification\",\"valueRequired\":true,\"valueName\":\"search_term_string\"}}],\"inLanguage\":\"es\"},{\"@type\":\"Person\",\"@id\":\"https:\\\/\\\/exaudi.org\\\/#\\\/schema\\\/person\\\/f5fc8f063065e38742da7afe15f25df7\",\"name\":\"Exaudi Redacci\u00f3n\",\"image\":{\"@type\":\"ImageObject\",\"inLanguage\":\"es\",\"@id\":\"https:\\\/\\\/secure.gravatar.com\\\/avatar\\\/fe0f6a059fb68d9b3e11bc5850dd4899b1c7492091a3cb6dd9b01b56ad828be2?s=96&d=mm&r=g\",\"url\":\"https:\\\/\\\/secure.gravatar.com\\\/avatar\\\/fe0f6a059fb68d9b3e11bc5850dd4899b1c7492091a3cb6dd9b01b56ad828be2?s=96&d=mm&r=g\",\"contentUrl\":\"https:\\\/\\\/secure.gravatar.com\\\/avatar\\\/fe0f6a059fb68d9b3e11bc5850dd4899b1c7492091a3cb6dd9b01b56ad828be2?s=96&d=mm&r=g\",\"caption\":\"Exaudi Redacci\u00f3n\"},\"description\":\"\u00bfQu\u00e9 es Exaudi News? Exaudi News es un medio de comunicaci\u00f3n cat\u00f3lico internacional que informa, forma y transforma, diariamente en espa\u00f1ol, ingl\u00e9s e italiano. A trav\u00e9s de noticias, art\u00edculos de an\u00e1lisis y transmisiones en directo de los eventos del Papa, Exaudi busca fortalecer la unidad de los cristianos y contribuir a la evangelizaci\u00f3n del mundo, siempre guiados por la doctrina social de la Iglesia. Trabajamos para acercar la verdad y los valores cristianos a cada rinc\u00f3n del planeta. \u00a1Ay\u00fadanos a transformar el mundo con Exaudi! En Exaudi creemos que la evangelizaci\u00f3n y la informaci\u00f3n de calidad pueden cambiar vidas. Para continuar con nuestra misi\u00f3n y expandir nuestro alcance, necesitamos tu ayuda. Adem\u00e1s, buscamos personas comprometidas que deseen unirse a nuestro equipo. Con tu apoyo, lograremos llegar a m\u00e1s personas, difundir el mensaje de Cristo y reforzar la unidad de los cristianos. \u00bfTe unes a nuestra misi\u00f3n? Para m\u00e1s informaci\u00f3n sobre c\u00f3mo colaborar, visita Exaudi.org\\\/es o cont\u00e1ctanos directamente: info@exaudi.org Exaudi: Informa, forma y transforma.\",\"sameAs\":[\"https:\\\/\\\/www.facebook.com\\\/ExaudiNoticias\\\/\",\"https:\\\/\\\/www.instagram.com\\\/exaudi_noticias\\\/\",\"https:\\\/\\\/x.com\\\/Exaudi_noticias\",\"https:\\\/\\\/www.youtube.com\\\/@exaudicatholicnews\"],\"url\":\"https:\\\/\\\/exaudi.org\\\/es\\\/author\\\/redaccionexaudi\\\/\"}]}<\/script>\n<!-- \/ Yoast SEO plugin. -->","yoast_head_json":{"title":"El Papa: El cielo nos bendecir\u00e1, si en tierra y en el mar sabemos cuidar de los m\u00e1s d\u00e9biles &#8211; Exaudi","robots":{"index":"index","follow":"follow","max-snippet":"max-snippet:-1","max-image-preview":"max-image-preview:large","max-video-preview":"max-video-preview:-1"},"canonical":"https:\/\/exaudi.org\/es\/el-papa-el-cielo-nos-bendecira-si-en-tierra-y-en-el-mar-sabemos-cuidar-de-los-mas-debiles\/","og_locale":"es_ES","og_type":"article","og_title":"El Papa: El cielo nos bendecir\u00e1, si en tierra y en el mar sabemos cuidar de los m\u00e1s d\u00e9biles &#8211; Exaudi","og_description":"Recogimiento con los l\u00edderes religiosos cerca del Memorial dedicado a los marineros y migrantes perdidos en el mar","og_url":"https:\/\/exaudi.org\/es\/el-papa-el-cielo-nos-bendecira-si-en-tierra-y-en-el-mar-sabemos-cuidar-de-los-mas-debiles\/","og_site_name":"Exaudi","article_publisher":"https:\/\/www.facebook.com\/ExaudiNews","article_author":"https:\/\/www.facebook.com\/ExaudiNoticias\/","article_published_time":"2023-09-23T08:42:42+00:00","og_image":[{"width":800,"height":533,"url":"https:\/\/exaudi.org\/wp-content\/uploads\/2023\/09\/Marsella3.jpeg","type":"image\/jpeg"}],"author":"Exaudi Redacci\u00f3n","twitter_card":"summary_large_image","twitter_creator":"@Exaudi_noticias","twitter_site":"@Exaudi_News","twitter_misc":{"Escrito por":"Exaudi Redacci\u00f3n","Tiempo de lectura":"6 minutos"},"schema":{"@context":"https:\/\/schema.org","@graph":[{"@type":"Article","@id":"https:\/\/exaudi.org\/es\/el-papa-el-cielo-nos-bendecira-si-en-tierra-y-en-el-mar-sabemos-cuidar-de-los-mas-debiles\/#article","isPartOf":{"@id":"https:\/\/exaudi.org\/es\/el-papa-el-cielo-nos-bendecira-si-en-tierra-y-en-el-mar-sabemos-cuidar-de-los-mas-debiles\/"},"author":{"name":"Exaudi Redacci\u00f3n","@id":"https:\/\/exaudi.org\/#\/schema\/person\/f5fc8f063065e38742da7afe15f25df7"},"headline":"El Papa: El cielo nos bendecir\u00e1, si en tierra y en el mar sabemos cuidar de los m\u00e1s d\u00e9biles","datePublished":"2023-09-23T08:42:42+00:00","mainEntityOfPage":{"@id":"https:\/\/exaudi.org\/es\/el-papa-el-cielo-nos-bendecira-si-en-tierra-y-en-el-mar-sabemos-cuidar-de-los-mas-debiles\/"},"wordCount":1245,"image":{"@id":"https:\/\/exaudi.org\/es\/el-papa-el-cielo-nos-bendecira-si-en-tierra-y-en-el-mar-sabemos-cuidar-de-los-mas-debiles\/#primaryimage"},"thumbnailUrl":"https:\/\/exaudi.org\/wp-content\/uploads\/2023\/09\/Marsella3.jpeg","keywords":["Marsella","Memorial de los marineros","papa francisco","Trending","viaje"],"articleSection":["Encuentros","Le\u00f3n XIV","Viajes"],"inLanguage":"es"},{"@type":"WebPage","@id":"https:\/\/exaudi.org\/es\/el-papa-el-cielo-nos-bendecira-si-en-tierra-y-en-el-mar-sabemos-cuidar-de-los-mas-debiles\/","url":"https:\/\/exaudi.org\/es\/el-papa-el-cielo-nos-bendecira-si-en-tierra-y-en-el-mar-sabemos-cuidar-de-los-mas-debiles\/","name":"El Papa: El cielo nos bendecir\u00e1, si en tierra y en el mar sabemos cuidar de los m\u00e1s d\u00e9biles &#8211; Exaudi","isPartOf":{"@id":"https:\/\/exaudi.org\/#website"},"primaryImageOfPage":{"@id":"https:\/\/exaudi.org\/es\/el-papa-el-cielo-nos-bendecira-si-en-tierra-y-en-el-mar-sabemos-cuidar-de-los-mas-debiles\/#primaryimage"},"image":{"@id":"https:\/\/exaudi.org\/es\/el-papa-el-cielo-nos-bendecira-si-en-tierra-y-en-el-mar-sabemos-cuidar-de-los-mas-debiles\/#primaryimage"},"thumbnailUrl":"https:\/\/exaudi.org\/wp-content\/uploads\/2023\/09\/Marsella3.jpeg","datePublished":"2023-09-23T08:42:42+00:00","author":{"@id":"https:\/\/exaudi.org\/#\/schema\/person\/f5fc8f063065e38742da7afe15f25df7"},"breadcrumb":{"@id":"https:\/\/exaudi.org\/es\/el-papa-el-cielo-nos-bendecira-si-en-tierra-y-en-el-mar-sabemos-cuidar-de-los-mas-debiles\/#breadcrumb"},"inLanguage":"es","potentialAction":[{"@type":"ReadAction","target":["https:\/\/exaudi.org\/es\/el-papa-el-cielo-nos-bendecira-si-en-tierra-y-en-el-mar-sabemos-cuidar-de-los-mas-debiles\/"]}]},{"@type":"ImageObject","inLanguage":"es","@id":"https:\/\/exaudi.org\/es\/el-papa-el-cielo-nos-bendecira-si-en-tierra-y-en-el-mar-sabemos-cuidar-de-los-mas-debiles\/#primaryimage","url":"https:\/\/exaudi.org\/wp-content\/uploads\/2023\/09\/Marsella3.jpeg","contentUrl":"https:\/\/exaudi.org\/wp-content\/uploads\/2023\/09\/Marsella3.jpeg","width":800,"height":533},{"@type":"BreadcrumbList","@id":"https:\/\/exaudi.org\/es\/el-papa-el-cielo-nos-bendecira-si-en-tierra-y-en-el-mar-sabemos-cuidar-de-los-mas-debiles\/#breadcrumb","itemListElement":[{"@type":"ListItem","position":1,"name":"Portada","item":"https:\/\/exaudi.org\/es\/"},{"@type":"ListItem","position":2,"name":"El Papa: El cielo nos bendecir\u00e1, si en tierra y en el mar sabemos cuidar de los m\u00e1s d\u00e9biles"}]},{"@type":"WebSite","@id":"https:\/\/exaudi.org\/#website","url":"https:\/\/exaudi.org\/","name":"Exaudi","description":"News","potentialAction":[{"@type":"SearchAction","target":{"@type":"EntryPoint","urlTemplate":"https:\/\/exaudi.org\/?s={search_term_string}"},"query-input":{"@type":"PropertyValueSpecification","valueRequired":true,"valueName":"search_term_string"}}],"inLanguage":"es"},{"@type":"Person","@id":"https:\/\/exaudi.org\/#\/schema\/person\/f5fc8f063065e38742da7afe15f25df7","name":"Exaudi Redacci\u00f3n","image":{"@type":"ImageObject","inLanguage":"es","@id":"https:\/\/secure.gravatar.com\/avatar\/fe0f6a059fb68d9b3e11bc5850dd4899b1c7492091a3cb6dd9b01b56ad828be2?s=96&d=mm&r=g","url":"https:\/\/secure.gravatar.com\/avatar\/fe0f6a059fb68d9b3e11bc5850dd4899b1c7492091a3cb6dd9b01b56ad828be2?s=96&d=mm&r=g","contentUrl":"https:\/\/secure.gravatar.com\/avatar\/fe0f6a059fb68d9b3e11bc5850dd4899b1c7492091a3cb6dd9b01b56ad828be2?s=96&d=mm&r=g","caption":"Exaudi Redacci\u00f3n"},"description":"\u00bfQu\u00e9 es Exaudi News? Exaudi News es un medio de comunicaci\u00f3n cat\u00f3lico internacional que informa, forma y transforma, diariamente en espa\u00f1ol, ingl\u00e9s e italiano. A trav\u00e9s de noticias, art\u00edculos de an\u00e1lisis y transmisiones en directo de los eventos del Papa, Exaudi busca fortalecer la unidad de los cristianos y contribuir a la evangelizaci\u00f3n del mundo, siempre guiados por la doctrina social de la Iglesia. Trabajamos para acercar la verdad y los valores cristianos a cada rinc\u00f3n del planeta. \u00a1Ay\u00fadanos a transformar el mundo con Exaudi! En Exaudi creemos que la evangelizaci\u00f3n y la informaci\u00f3n de calidad pueden cambiar vidas. Para continuar con nuestra misi\u00f3n y expandir nuestro alcance, necesitamos tu ayuda. Adem\u00e1s, buscamos personas comprometidas que deseen unirse a nuestro equipo. Con tu apoyo, lograremos llegar a m\u00e1s personas, difundir el mensaje de Cristo y reforzar la unidad de los cristianos. \u00bfTe unes a nuestra misi\u00f3n? Para m\u00e1s informaci\u00f3n sobre c\u00f3mo colaborar, visita Exaudi.org\/es o cont\u00e1ctanos directamente: info@exaudi.org Exaudi: Informa, forma y transforma.","sameAs":["https:\/\/www.facebook.com\/ExaudiNoticias\/","https:\/\/www.instagram.com\/exaudi_noticias\/","https:\/\/x.com\/Exaudi_noticias","https:\/\/www.youtube.com\/@exaudicatholicnews"],"url":"https:\/\/exaudi.org\/es\/author\/redaccionexaudi\/"}]}},"jetpack_featured_media_url":"https:\/\/exaudi.org\/wp-content\/uploads\/2023\/09\/Marsella3.jpeg","jetpack_shortlink":"https:\/\/wp.me\/pgKjF2-lTQ","_links":{"self":[{"href":"https:\/\/exaudi.org\/es\/wp-json\/wp\/v2\/posts\/84186","targetHints":{"allow":["GET"]}}],"collection":[{"href":"https:\/\/exaudi.org\/es\/wp-json\/wp\/v2\/posts"}],"about":[{"href":"https:\/\/exaudi.org\/es\/wp-json\/wp\/v2\/types\/post"}],"author":[{"embeddable":true,"href":"https:\/\/exaudi.org\/es\/wp-json\/wp\/v2\/users\/15"}],"replies":[{"embeddable":true,"href":"https:\/\/exaudi.org\/es\/wp-json\/wp\/v2\/comments?post=84186"}],"version-history":[{"count":0,"href":"https:\/\/exaudi.org\/es\/wp-json\/wp\/v2\/posts\/84186\/revisions"}],"wp:featuredmedia":[{"embeddable":true,"href":"https:\/\/exaudi.org\/es\/wp-json\/wp\/v2\/media\/84190"}],"wp:attachment":[{"href":"https:\/\/exaudi.org\/es\/wp-json\/wp\/v2\/media?parent=84186"}],"wp:term":[{"taxonomy":"category","embeddable":true,"href":"https:\/\/exaudi.org\/es\/wp-json\/wp\/v2\/categories?post=84186"},{"taxonomy":"post_tag","embeddable":true,"href":"https:\/\/exaudi.org\/es\/wp-json\/wp\/v2\/tags?post=84186"}],"curies":[{"name":"wp","href":"https:\/\/api.w.org\/{rel}","templated":true}]}}