{"id":84176,"date":"2023-09-23T09:55:17","date_gmt":"2023-09-23T07:55:17","guid":{"rendered":"https:\/\/exaudi.org\/?p=84176"},"modified":"2023-09-23T09:57:13","modified_gmt":"2023-09-23T07:57:13","slug":"el-papa-el-estilo-de-dios-es-el-de-la-cercania-la-compasion-y-la-ternura","status":"publish","type":"post","link":"https:\/\/exaudi.org\/es\/el-papa-el-estilo-de-dios-es-el-de-la-cercania-la-compasion-y-la-ternura\/","title":{"rendered":"El Papa: El estilo de Dios es el de la cercan\u00eda, la compasi\u00f3n y la ternura"},"content":{"rendered":"<div class=\"article__subTitle\">Es en la bas\u00edlica \u00abNotre-Dame de la Garde\u00bb que se desarrolla el primer momento de la visita del Papa Francisco a la ciudad francesa con ocasi\u00f3n de la clausura, ma\u00f1ana, de la iniciativa \u00ab<em>Rencontres M\u00e9diterran\u00e9ennes<\/em>\u00ab. En el santuario mariano habla al clero de la arquidi\u00f3cesis. \u00bb Llevemos a los hermanos la mirada de Dios, llevemos a Dios la sed de los hermanos &#8211; recomienda &#8211; difundamos la alegr\u00eda del Evangelio<\/div>\n<h3><strong>Palabras del Papa<\/strong><\/h3>\n<p>***<\/p>\n<p>Queridos hermanos y hermanas, \u00a1bon apr\u00e8s-midi!<\/p>\n<p>Me alegra comenzar mi visita compartiendo con vosotros este momento de oraci\u00f3n. Agradezco al cardenal Jean-Marc Aveline sus palabras de bienvenida y saludo a S.E. Mons. Eric de Moulins-Beaufort, a mis hermanos obispos, a los padres rectores y a todos vosotros, sacerdotes, di\u00e1conos y seminaristas, hombres y mujeres consagrados que trabaj\u00e1is en esta archidi\u00f3cesis con generosidad y compromiso para construir una civilizaci\u00f3n del encuentro con Dios y con el pr\u00f3jimo. Gracias por vuestra presencia y vuestro servicio, y gracias por vuestras oraciones.<\/p>\n<p>Cuando llegu\u00e9 a Marsella, me un\u00ed a los grandes: Santa Teresa del Ni\u00f1o Jes\u00fas, Charles de Foucauld, Juan Pablo II y tantos otros, que vinieron aqu\u00ed como peregrinos, para encomendarse a Notre Dame de la Garde. Ponemos bajo su manto los frutos de los Encuentros mediterr\u00e1neos, junto con las expectativas y esperanzas de vuestros corazones.<\/p>\n<p><img loading=\"lazy\" decoding=\"async\" class=\"alignright size-medium wp-image-84177\" src=\"https:\/\/exaudi.org\/wp-content\/uploads\/2023\/09\/Marsella-300x200.jpeg\" alt=\"\" width=\"300\" height=\"200\" srcset=\"https:\/\/exaudi.org\/wp-content\/uploads\/2023\/09\/Marsella-300x200.jpeg 300w, https:\/\/exaudi.org\/wp-content\/uploads\/2023\/09\/Marsella-770x513.jpeg 770w, https:\/\/exaudi.org\/wp-content\/uploads\/2023\/09\/Marsella-360x240.jpeg?crop=1 360w, https:\/\/exaudi.org\/wp-content\/uploads\/2023\/09\/Marsella-500x333.jpeg 500w, https:\/\/exaudi.org\/wp-content\/uploads\/2023\/09\/Marsella-370x247.jpeg 370w, https:\/\/exaudi.org\/wp-content\/uploads\/2023\/09\/Marsella-293x195.jpeg 293w, https:\/\/exaudi.org\/wp-content\/uploads\/2023\/09\/Marsella-120x80.jpeg 120w, https:\/\/exaudi.org\/wp-content\/uploads\/2023\/09\/Marsella-240x160.jpeg 240w, https:\/\/exaudi.org\/wp-content\/uploads\/2023\/09\/Marsella-390x260.jpeg 390w, https:\/\/exaudi.org\/wp-content\/uploads\/2023\/09\/Marsella.jpeg 800w\" sizes=\"auto, (max-width: 300px) 100vw, 300px\" \/>En la lectura b\u00edblica, el profeta Sofon\u00edas nos exhorta a la alegr\u00eda y a la confianza, record\u00e1ndonos que el Se\u00f1or, nuestro Dios, no est\u00e1 lejos, est\u00e1 aqu\u00ed, cerca de nosotros, para salvarnos (cf. 3,17). Es un mensaje que remite, en cierto modo, a la historia de esta Bas\u00edlica y a lo que representa. En efecto, no fue fundada en memoria de un milagro o de una aparici\u00f3n particular, sino simplemente porque, desde el siglo XIII, el santo Pueblo de Dios ha buscado y encontrado aqu\u00ed, en la colina de La Garde, la presencia del Se\u00f1or a trav\u00e9s de los ojos de su Santa Madre. Por eso, desde hace siglos, los marselleses -sobre todo los que navegan sobre las olas del Mediterr\u00e1neo- suben all\u00ed a rezar. Es el Pueblo Santo y fiel de Dios quien ha \u00abungido\u00bb -utilizo la palabra- este santuario, este lugar de oraci\u00f3n. Pueblo Santo de Dios que, como dice el Concilio, es infalible <em>in credendo<\/em>.<\/p>\n<p>Por un lado, la de Jes\u00fas, a quien siempre nos se\u00f1ala y cuyo amor se refleja en sus ojos -el gesto m\u00e1s aut\u00e9ntico de la Virgen es: \u00abHaced lo que \u00c9l os diga\u00bb, se\u00f1alando a Jes\u00fas- y, por otro, la de tantos hombres y mujeres de toda edad y condici\u00f3n, a quienes re\u00fane y lleva a Dios, como record\u00e1bamos al comienzo de esta oraci\u00f3n, depositando a sus pies una vela encendida. Aqu\u00ed, en la encrucijada de pueblos que es Marsella, es precisamente sobre esta encrucijada de miradas sobre la que quisiera reflexionar con vosotros, porque me parece que en ella se expresa bien la dimensi\u00f3n mariana de nuestro ministerio. En efecto, tambi\u00e9n nosotros, sacerdotes, consagrados, di\u00e1conos, estamos llamados a hacer sentir la mirada de Jes\u00fas y, al mismo tiempo, a llevar a Jes\u00fas la mirada de nuestros hermanos. Un intercambio de miradas. En el primer caso somos instrumentos de misericordia, en el segundo instrumentos de intercesi\u00f3n.<\/p>\n<p>Primera mirada: la de Jes\u00fas que acaricia al hombre. Es una mirada que va de arriba abajo, pero no para juzgar, sino para levantar a los que est\u00e1n abajo. Es una mirada llena de ternura, que se trasluce en los ojos de Mar\u00eda. Y nosotros, que estamos llamados a transmitir esta mirada, estamos obligados a abajarnos, a sentir compasi\u00f3n &#8211; esta palabra la subrayo: compasi\u00f3n. No olvidemos que el estilo de Dios es el de la cercan\u00eda, la compasi\u00f3n y la ternura, para hacer nuestra \u00abla benevolencia paciente y alentadora del Buen Pastor, que no reprende a la oveja perdida, sino que la lleva sobre sus hombros y se alegra de su vuelta al redil (cf. Lc 15, 4-7)\u00bb (Congregaci\u00f3n para el Clero, Directorio para el ministerio y la vida de los presb\u00edteros, 41). Me gusta pensar que el Se\u00f1or no sabe hacer el gesto de se\u00f1alar con el dedo para juzgar, pero sabe hacer el gesto de tender la mano para levantar.<\/p>\n<p>Hermanos, hermanas, aprendamos de esta mirada, no dejemos pasar un d\u00eda sin recordar cu\u00e1ndo la recibimos sobre nosotros, y hag\u00e1mosla nuestra, para ser hombres y mujeres de compasi\u00f3n. Cercan\u00eda, compasi\u00f3n, ternura. No lo olvidemos. Ser compasivo es ser cercano y tierno. Abramos las puertas de las iglesias y rector\u00edas, pero sobre todo las del coraz\u00f3n, para mostrar con nuestra mansedumbre, amabilidad y acogida el rostro de nuestro Se\u00f1or. Quien se acerque no encontrar\u00e1 distancia y juicio, encontrar\u00e1 el testimonio de una alegr\u00eda humilde, m\u00e1s fecunda que cualquier habilidad ostentosa. Que los heridos de la vida encuentren un puerto seguro, una acogida, en tu mirada, un aliento en tu abrazo, una caricia en tus manos, capaz de enjugar las l\u00e1grimas. Incluso en las m\u00faltiples ocupaciones de cada d\u00eda, por favor, no dej\u00e9is que falte el calor de la mirada paterna y materna de Dios. Y a los sacerdotes, por favor: en el Sacramento de la Penitencia, \u00a1perdonad siempre! Sed generosos como Dios es generoso con nosotros. \u00a1Perdonad! Y con el perd\u00f3n de Dios se abren muchos caminos en la vida. Es hermoso hacerlo dispensando su perd\u00f3n con generosidad, siempre, siempre, para soltar, por la gracia, a las personas de las cadenas del pecado y liberarlas de bloqueos, remordimientos, rencores y miedos contra los que ellas solas no pueden prevalecer. Es hermoso redescubrir con asombro, a cualquier edad, la alegr\u00eda de iluminar las vidas, en los momentos felices y tristes, con los Sacramentos, y de transmitir, en nombre de Dios, esperanzas inesperadas: su cercan\u00eda que consuela, su compasi\u00f3n que cura, su ternura que conmueve. Cercan\u00eda, compasi\u00f3n, ternura. S\u00e9 cercano a todos, especialmente a los fr\u00e1giles y a los menos afortunados, y que a los que sufren nunca les falte tu cercan\u00eda atenta y discreta. As\u00ed crecer\u00e1, en ellos pero tambi\u00e9n en ti, la fe que anima el presente, la esperanza que se abre al futuro y la caridad que dura para siempre. He aqu\u00ed el primer movimiento: lleva la mirada de Jes\u00fas a tus hermanos y hermanas. S\u00f3lo hay una situaci\u00f3n en la vida en la que est\u00e1 permitido despreciar a una persona: es cuando intentamos cogerla de la mano y levantarla. En otras situaciones es un pecado de orgullo. Mira con desprecio a las personas que est\u00e1n en el fondo y con tu mano -consciente o inconscientemente- te piden que las levantes. C\u00f3gelos de la mano y lev\u00e1ntalos: es un gesto muy bonito, es un gesto que no se puede hacer sin ternura.<\/p>\n<p><img loading=\"lazy\" decoding=\"async\" class=\"size-medium wp-image-84183 alignleft\" src=\"https:\/\/exaudi.org\/wp-content\/uploads\/2023\/09\/Nitre-Dame-de-la-Garde-300x200.jpeg\" alt=\"\" width=\"300\" height=\"200\" srcset=\"https:\/\/exaudi.org\/wp-content\/uploads\/2023\/09\/Nitre-Dame-de-la-Garde-300x200.jpeg 300w, https:\/\/exaudi.org\/wp-content\/uploads\/2023\/09\/Nitre-Dame-de-la-Garde-770x513.jpeg 770w, https:\/\/exaudi.org\/wp-content\/uploads\/2023\/09\/Nitre-Dame-de-la-Garde-360x240.jpeg?crop=1 360w, https:\/\/exaudi.org\/wp-content\/uploads\/2023\/09\/Nitre-Dame-de-la-Garde-500x333.jpeg 500w, https:\/\/exaudi.org\/wp-content\/uploads\/2023\/09\/Nitre-Dame-de-la-Garde-370x247.jpeg 370w, https:\/\/exaudi.org\/wp-content\/uploads\/2023\/09\/Nitre-Dame-de-la-Garde-293x195.jpeg 293w, https:\/\/exaudi.org\/wp-content\/uploads\/2023\/09\/Nitre-Dame-de-la-Garde-120x80.jpeg 120w, https:\/\/exaudi.org\/wp-content\/uploads\/2023\/09\/Nitre-Dame-de-la-Garde-240x160.jpeg 240w, https:\/\/exaudi.org\/wp-content\/uploads\/2023\/09\/Nitre-Dame-de-la-Garde-390x260.jpeg 390w, https:\/\/exaudi.org\/wp-content\/uploads\/2023\/09\/Nitre-Dame-de-la-Garde.jpeg 800w\" sizes=\"auto, (max-width: 300px) 100vw, 300px\" \/>Y luego est\u00e1 la segunda mirada: la de los hombres y mujeres que se dirigen a Jes\u00fas. Como Mar\u00eda, que en Can\u00e1 capt\u00f3 y llev\u00f3 ante el Se\u00f1or las preocupaciones de dos j\u00f3venes esposos (cf. Jn 2, 3), tambi\u00e9n vosotros est\u00e1is llamados a convertiros, para los dem\u00e1s -hombres y mujeres para los dem\u00e1s-, en voz que intercede (cf. Rm 8, 34). Por eso, el rezo del Breviario, la meditaci\u00f3n cotidiana de la Palabra, el Rosario y todas las dem\u00e1s oraciones, os recomiendo especialmente la oraci\u00f3n de adoraci\u00f3n. Hemos perdido un poco el sentido de la adoraci\u00f3n, debemos recuperarlo, recomiendo esto. Todas estas oraciones estar\u00e1n llenas de los rostros de aquellos que la Providencia pone en tu camino. Llevar\u00e9is con vosotros sus ojos, sus voces, sus preguntas: en la Mesa eucar\u00edstica, ante el Sagrario o en el silencio de vuestra habitaci\u00f3n, donde el Padre ve (cf. Mt 6,6). Os har\u00e9is eco fiel de ellos, como intercesores, como \u00ab\u00e1ngeles en la tierra\u00bb, mensajeros que llevan todo \u00abante la gloria del Se\u00f1or\u00bb (Tb 12, 12).<\/p>\n<p>Y quisiera resumir esta breve meditaci\u00f3n llamando vuestra atenci\u00f3n sobre tres im\u00e1genes de Mar\u00eda que se veneran en esta Bas\u00edlica. La primera es la gran imagen que se eleva en su cima y que la representa sosteniendo al Ni\u00f1o Jes\u00fas de la Bendici\u00f3n: he aqu\u00ed que, como Mar\u00eda, llevamos la bendici\u00f3n y la paz de Jes\u00fas a todas partes, a cada familia y a cada coraz\u00f3n. \u00a1Sembrar la paz! Es la mirada de la misericordia. La segunda imagen est\u00e1 debajo de nosotros, en la cripta: es la Virgen del ramo, regalo de un laico generoso. Ella tambi\u00e9n lleva al Ni\u00f1o Jes\u00fas en un brazo y nos lo muestra, pero en la otra mano, en lugar de un cetro, sostiene un ramo de flores. Nos hace pensar en c\u00f3mo Mar\u00eda, modelo de la Iglesia, a la vez que nos presenta a su Hijo, nos presenta tambi\u00e9n a \u00c9l, como un ramo de flores en el que cada persona es \u00fanica, es bella y preciosa a los ojos del Padre. Es la mirada de la intercesi\u00f3n. Esto es muy importante: la intercesi\u00f3n. La primera era la mirada de misericordia de la Virgen, \u00e9sta es la mirada de intercesi\u00f3n. Finalmente, la tercera imagen es la que vemos aqu\u00ed en el centro, sobre el altar, que llama la atenci\u00f3n por el esplendor que irradia. Tambi\u00e9n nosotros, queridos hermanos y hermanas, nos convertimos en Evangelio vivo en la medida en que lo damos, saliendo de nosotros mismos, reflejando su luz y su belleza con una vida humilde, alegre y rica de celo apost\u00f3lico. Que nos estimulen en esto los numerosos misioneros que parten de este alto lugar para anunciar al mundo entero la buena nueva de Jesucristo.<\/p>\n<p>Queridos hermanos, llevemos la mirada de Dios a nuestros hermanos, llevemos la sed de nuestros hermanos a Dios, difundamos la alegr\u00eda del Evangelio. Esta es nuestra vida y es incre\u00edblemente bella, a pesar de las dificultades y de las ca\u00eddas, incluso de nuestros pecados. Recemos juntos a la Virgen, para que nos acompa\u00f1e, para que nos proteja. Y t\u00fa, por favor, rezad por m\u00ed.<\/p>\n","protected":false},"excerpt":{"rendered":"<p>Oraci\u00f3n mariana con el clero diocesano (Marsella)<\/p>\n","protected":false},"author":15,"featured_media":84180,"comment_status":"closed","ping_status":"closed","sticky":false,"template":"","format":"standard","meta":{"_acf_changed":false,"_crdt_document":"","inline_featured_image":false,"footnotes":""},"categories":[68,118,120],"tags":[10147,2419,9800,158,6670],"class_list":["post-84176","post","type-post","status-publish","format-standard","has-post-thumbnail","hentry","category-leon-xiv","category-mensajes","category-viajes","tag-rencontres-mediterraneennes","tag-featured","tag-marsella","tag-papa-francisco","tag-viaje"],"acf":[],"yoast_head":"<!-- This site is optimized with the Yoast SEO plugin v27.5 - https:\/\/yoast.com\/product\/yoast-seo-wordpress\/ -->\n<title>El Papa: El estilo de Dios es el de la cercan\u00eda, la compasi\u00f3n y la ternura &#8211; Exaudi<\/title>\n<meta name=\"robots\" content=\"index, follow, max-snippet:-1, max-image-preview:large, max-video-preview:-1\" \/>\n<link rel=\"canonical\" href=\"https:\/\/exaudi.org\/es\/el-papa-el-estilo-de-dios-es-el-de-la-cercania-la-compasion-y-la-ternura\/\" \/>\n<meta property=\"og:locale\" content=\"es_ES\" \/>\n<meta property=\"og:type\" content=\"article\" \/>\n<meta property=\"og:title\" content=\"El Papa: El estilo de Dios es el de la cercan\u00eda, la compasi\u00f3n y la ternura &#8211; Exaudi\" \/>\n<meta property=\"og:description\" content=\"Oraci\u00f3n mariana con el clero diocesano (Marsella)\" \/>\n<meta property=\"og:url\" content=\"https:\/\/exaudi.org\/es\/el-papa-el-estilo-de-dios-es-el-de-la-cercania-la-compasion-y-la-ternura\/\" \/>\n<meta property=\"og:site_name\" content=\"Exaudi\" \/>\n<meta property=\"article:publisher\" content=\"https:\/\/www.facebook.com\/ExaudiNews\" \/>\n<meta property=\"article:author\" content=\"https:\/\/www.facebook.com\/ExaudiNoticias\/\" \/>\n<meta property=\"article:published_time\" content=\"2023-09-23T07:55:17+00:00\" \/>\n<meta property=\"article:modified_time\" content=\"2023-09-23T07:57:13+00:00\" \/>\n<meta property=\"og:image\" content=\"https:\/\/exaudi.org\/wp-content\/uploads\/2023\/09\/Marsella1.jpeg\" \/>\n\t<meta property=\"og:image:width\" content=\"800\" \/>\n\t<meta property=\"og:image:height\" content=\"533\" \/>\n\t<meta property=\"og:image:type\" content=\"image\/jpeg\" \/>\n<meta name=\"author\" content=\"Exaudi Redacci\u00f3n\" \/>\n<meta name=\"twitter:card\" content=\"summary_large_image\" \/>\n<meta name=\"twitter:creator\" content=\"@Exaudi_noticias\" \/>\n<meta name=\"twitter:site\" content=\"@Exaudi_News\" \/>\n<meta name=\"twitter:label1\" content=\"Escrito por\" \/>\n\t<meta name=\"twitter:data1\" content=\"Exaudi Redacci\u00f3n\" \/>\n\t<meta name=\"twitter:label2\" content=\"Tiempo de lectura\" \/>\n\t<meta name=\"twitter:data2\" content=\"9 minutos\" \/>\n<script type=\"application\/ld+json\" class=\"yoast-schema-graph\">{\"@context\":\"https:\\\/\\\/schema.org\",\"@graph\":[{\"@type\":\"Article\",\"@id\":\"https:\\\/\\\/exaudi.org\\\/es\\\/el-papa-el-estilo-de-dios-es-el-de-la-cercania-la-compasion-y-la-ternura\\\/#article\",\"isPartOf\":{\"@id\":\"https:\\\/\\\/exaudi.org\\\/es\\\/el-papa-el-estilo-de-dios-es-el-de-la-cercania-la-compasion-y-la-ternura\\\/\"},\"author\":{\"name\":\"Exaudi Redacci\u00f3n\",\"@id\":\"https:\\\/\\\/exaudi.org\\\/#\\\/schema\\\/person\\\/f5fc8f063065e38742da7afe15f25df7\"},\"headline\":\"El Papa: El estilo de Dios es el de la cercan\u00eda, la compasi\u00f3n y la ternura\",\"datePublished\":\"2023-09-23T07:55:17+00:00\",\"dateModified\":\"2023-09-23T07:57:13+00:00\",\"mainEntityOfPage\":{\"@id\":\"https:\\\/\\\/exaudi.org\\\/es\\\/el-papa-el-estilo-de-dios-es-el-de-la-cercania-la-compasion-y-la-ternura\\\/\"},\"wordCount\":1764,\"image\":{\"@id\":\"https:\\\/\\\/exaudi.org\\\/es\\\/el-papa-el-estilo-de-dios-es-el-de-la-cercania-la-compasion-y-la-ternura\\\/#primaryimage\"},\"thumbnailUrl\":\"https:\\\/\\\/exaudi.org\\\/wp-content\\\/uploads\\\/2023\\\/09\\\/Marsella1.jpeg\",\"keywords\":[\"\\\"Rencontres M\u00e9diterran\u00e9ennes\\\"\",\"Featured\",\"Marsella\",\"papa francisco\",\"viaje\"],\"articleSection\":[\"Le\u00f3n XIV\",\"Mensajes\",\"Viajes\"],\"inLanguage\":\"es\"},{\"@type\":\"WebPage\",\"@id\":\"https:\\\/\\\/exaudi.org\\\/es\\\/el-papa-el-estilo-de-dios-es-el-de-la-cercania-la-compasion-y-la-ternura\\\/\",\"url\":\"https:\\\/\\\/exaudi.org\\\/es\\\/el-papa-el-estilo-de-dios-es-el-de-la-cercania-la-compasion-y-la-ternura\\\/\",\"name\":\"El Papa: El estilo de Dios es el de la cercan\u00eda, la compasi\u00f3n y la ternura &#8211; Exaudi\",\"isPartOf\":{\"@id\":\"https:\\\/\\\/exaudi.org\\\/#website\"},\"primaryImageOfPage\":{\"@id\":\"https:\\\/\\\/exaudi.org\\\/es\\\/el-papa-el-estilo-de-dios-es-el-de-la-cercania-la-compasion-y-la-ternura\\\/#primaryimage\"},\"image\":{\"@id\":\"https:\\\/\\\/exaudi.org\\\/es\\\/el-papa-el-estilo-de-dios-es-el-de-la-cercania-la-compasion-y-la-ternura\\\/#primaryimage\"},\"thumbnailUrl\":\"https:\\\/\\\/exaudi.org\\\/wp-content\\\/uploads\\\/2023\\\/09\\\/Marsella1.jpeg\",\"datePublished\":\"2023-09-23T07:55:17+00:00\",\"dateModified\":\"2023-09-23T07:57:13+00:00\",\"author\":{\"@id\":\"https:\\\/\\\/exaudi.org\\\/#\\\/schema\\\/person\\\/f5fc8f063065e38742da7afe15f25df7\"},\"breadcrumb\":{\"@id\":\"https:\\\/\\\/exaudi.org\\\/es\\\/el-papa-el-estilo-de-dios-es-el-de-la-cercania-la-compasion-y-la-ternura\\\/#breadcrumb\"},\"inLanguage\":\"es\",\"potentialAction\":[{\"@type\":\"ReadAction\",\"target\":[\"https:\\\/\\\/exaudi.org\\\/es\\\/el-papa-el-estilo-de-dios-es-el-de-la-cercania-la-compasion-y-la-ternura\\\/\"]}]},{\"@type\":\"ImageObject\",\"inLanguage\":\"es\",\"@id\":\"https:\\\/\\\/exaudi.org\\\/es\\\/el-papa-el-estilo-de-dios-es-el-de-la-cercania-la-compasion-y-la-ternura\\\/#primaryimage\",\"url\":\"https:\\\/\\\/exaudi.org\\\/wp-content\\\/uploads\\\/2023\\\/09\\\/Marsella1.jpeg\",\"contentUrl\":\"https:\\\/\\\/exaudi.org\\\/wp-content\\\/uploads\\\/2023\\\/09\\\/Marsella1.jpeg\",\"width\":800,\"height\":533},{\"@type\":\"BreadcrumbList\",\"@id\":\"https:\\\/\\\/exaudi.org\\\/es\\\/el-papa-el-estilo-de-dios-es-el-de-la-cercania-la-compasion-y-la-ternura\\\/#breadcrumb\",\"itemListElement\":[{\"@type\":\"ListItem\",\"position\":1,\"name\":\"Portada\",\"item\":\"https:\\\/\\\/exaudi.org\\\/es\\\/\"},{\"@type\":\"ListItem\",\"position\":2,\"name\":\"El Papa: El estilo de Dios es el de la cercan\u00eda, la compasi\u00f3n y la ternura\"}]},{\"@type\":\"WebSite\",\"@id\":\"https:\\\/\\\/exaudi.org\\\/#website\",\"url\":\"https:\\\/\\\/exaudi.org\\\/\",\"name\":\"Exaudi\",\"description\":\"News\",\"potentialAction\":[{\"@type\":\"SearchAction\",\"target\":{\"@type\":\"EntryPoint\",\"urlTemplate\":\"https:\\\/\\\/exaudi.org\\\/?s={search_term_string}\"},\"query-input\":{\"@type\":\"PropertyValueSpecification\",\"valueRequired\":true,\"valueName\":\"search_term_string\"}}],\"inLanguage\":\"es\"},{\"@type\":\"Person\",\"@id\":\"https:\\\/\\\/exaudi.org\\\/#\\\/schema\\\/person\\\/f5fc8f063065e38742da7afe15f25df7\",\"name\":\"Exaudi Redacci\u00f3n\",\"image\":{\"@type\":\"ImageObject\",\"inLanguage\":\"es\",\"@id\":\"https:\\\/\\\/secure.gravatar.com\\\/avatar\\\/fe0f6a059fb68d9b3e11bc5850dd4899b1c7492091a3cb6dd9b01b56ad828be2?s=96&d=mm&r=g\",\"url\":\"https:\\\/\\\/secure.gravatar.com\\\/avatar\\\/fe0f6a059fb68d9b3e11bc5850dd4899b1c7492091a3cb6dd9b01b56ad828be2?s=96&d=mm&r=g\",\"contentUrl\":\"https:\\\/\\\/secure.gravatar.com\\\/avatar\\\/fe0f6a059fb68d9b3e11bc5850dd4899b1c7492091a3cb6dd9b01b56ad828be2?s=96&d=mm&r=g\",\"caption\":\"Exaudi Redacci\u00f3n\"},\"description\":\"\u00bfQu\u00e9 es Exaudi News? Exaudi News es un medio de comunicaci\u00f3n cat\u00f3lico internacional que informa, forma y transforma, diariamente en espa\u00f1ol, ingl\u00e9s e italiano. A trav\u00e9s de noticias, art\u00edculos de an\u00e1lisis y transmisiones en directo de los eventos del Papa, Exaudi busca fortalecer la unidad de los cristianos y contribuir a la evangelizaci\u00f3n del mundo, siempre guiados por la doctrina social de la Iglesia. Trabajamos para acercar la verdad y los valores cristianos a cada rinc\u00f3n del planeta. \u00a1Ay\u00fadanos a transformar el mundo con Exaudi! En Exaudi creemos que la evangelizaci\u00f3n y la informaci\u00f3n de calidad pueden cambiar vidas. Para continuar con nuestra misi\u00f3n y expandir nuestro alcance, necesitamos tu ayuda. Adem\u00e1s, buscamos personas comprometidas que deseen unirse a nuestro equipo. Con tu apoyo, lograremos llegar a m\u00e1s personas, difundir el mensaje de Cristo y reforzar la unidad de los cristianos. \u00bfTe unes a nuestra misi\u00f3n? Para m\u00e1s informaci\u00f3n sobre c\u00f3mo colaborar, visita Exaudi.org\\\/es o cont\u00e1ctanos directamente: info@exaudi.org Exaudi: Informa, forma y transforma.\",\"sameAs\":[\"https:\\\/\\\/www.facebook.com\\\/ExaudiNoticias\\\/\",\"https:\\\/\\\/www.instagram.com\\\/exaudi_noticias\\\/\",\"https:\\\/\\\/x.com\\\/Exaudi_noticias\",\"https:\\\/\\\/www.youtube.com\\\/@exaudicatholicnews\"],\"url\":\"https:\\\/\\\/exaudi.org\\\/es\\\/author\\\/redaccionexaudi\\\/\"}]}<\/script>\n<!-- \/ Yoast SEO plugin. -->","yoast_head_json":{"title":"El Papa: El estilo de Dios es el de la cercan\u00eda, la compasi\u00f3n y la ternura &#8211; Exaudi","robots":{"index":"index","follow":"follow","max-snippet":"max-snippet:-1","max-image-preview":"max-image-preview:large","max-video-preview":"max-video-preview:-1"},"canonical":"https:\/\/exaudi.org\/es\/el-papa-el-estilo-de-dios-es-el-de-la-cercania-la-compasion-y-la-ternura\/","og_locale":"es_ES","og_type":"article","og_title":"El Papa: El estilo de Dios es el de la cercan\u00eda, la compasi\u00f3n y la ternura &#8211; Exaudi","og_description":"Oraci\u00f3n mariana con el clero diocesano (Marsella)","og_url":"https:\/\/exaudi.org\/es\/el-papa-el-estilo-de-dios-es-el-de-la-cercania-la-compasion-y-la-ternura\/","og_site_name":"Exaudi","article_publisher":"https:\/\/www.facebook.com\/ExaudiNews","article_author":"https:\/\/www.facebook.com\/ExaudiNoticias\/","article_published_time":"2023-09-23T07:55:17+00:00","article_modified_time":"2023-09-23T07:57:13+00:00","og_image":[{"width":800,"height":533,"url":"https:\/\/exaudi.org\/wp-content\/uploads\/2023\/09\/Marsella1.jpeg","type":"image\/jpeg"}],"author":"Exaudi Redacci\u00f3n","twitter_card":"summary_large_image","twitter_creator":"@Exaudi_noticias","twitter_site":"@Exaudi_News","twitter_misc":{"Escrito por":"Exaudi Redacci\u00f3n","Tiempo de lectura":"9 minutos"},"schema":{"@context":"https:\/\/schema.org","@graph":[{"@type":"Article","@id":"https:\/\/exaudi.org\/es\/el-papa-el-estilo-de-dios-es-el-de-la-cercania-la-compasion-y-la-ternura\/#article","isPartOf":{"@id":"https:\/\/exaudi.org\/es\/el-papa-el-estilo-de-dios-es-el-de-la-cercania-la-compasion-y-la-ternura\/"},"author":{"name":"Exaudi Redacci\u00f3n","@id":"https:\/\/exaudi.org\/#\/schema\/person\/f5fc8f063065e38742da7afe15f25df7"},"headline":"El Papa: El estilo de Dios es el de la cercan\u00eda, la compasi\u00f3n y la ternura","datePublished":"2023-09-23T07:55:17+00:00","dateModified":"2023-09-23T07:57:13+00:00","mainEntityOfPage":{"@id":"https:\/\/exaudi.org\/es\/el-papa-el-estilo-de-dios-es-el-de-la-cercania-la-compasion-y-la-ternura\/"},"wordCount":1764,"image":{"@id":"https:\/\/exaudi.org\/es\/el-papa-el-estilo-de-dios-es-el-de-la-cercania-la-compasion-y-la-ternura\/#primaryimage"},"thumbnailUrl":"https:\/\/exaudi.org\/wp-content\/uploads\/2023\/09\/Marsella1.jpeg","keywords":["\"Rencontres M\u00e9diterran\u00e9ennes\"","Featured","Marsella","papa francisco","viaje"],"articleSection":["Le\u00f3n XIV","Mensajes","Viajes"],"inLanguage":"es"},{"@type":"WebPage","@id":"https:\/\/exaudi.org\/es\/el-papa-el-estilo-de-dios-es-el-de-la-cercania-la-compasion-y-la-ternura\/","url":"https:\/\/exaudi.org\/es\/el-papa-el-estilo-de-dios-es-el-de-la-cercania-la-compasion-y-la-ternura\/","name":"El Papa: El estilo de Dios es el de la cercan\u00eda, la compasi\u00f3n y la ternura &#8211; Exaudi","isPartOf":{"@id":"https:\/\/exaudi.org\/#website"},"primaryImageOfPage":{"@id":"https:\/\/exaudi.org\/es\/el-papa-el-estilo-de-dios-es-el-de-la-cercania-la-compasion-y-la-ternura\/#primaryimage"},"image":{"@id":"https:\/\/exaudi.org\/es\/el-papa-el-estilo-de-dios-es-el-de-la-cercania-la-compasion-y-la-ternura\/#primaryimage"},"thumbnailUrl":"https:\/\/exaudi.org\/wp-content\/uploads\/2023\/09\/Marsella1.jpeg","datePublished":"2023-09-23T07:55:17+00:00","dateModified":"2023-09-23T07:57:13+00:00","author":{"@id":"https:\/\/exaudi.org\/#\/schema\/person\/f5fc8f063065e38742da7afe15f25df7"},"breadcrumb":{"@id":"https:\/\/exaudi.org\/es\/el-papa-el-estilo-de-dios-es-el-de-la-cercania-la-compasion-y-la-ternura\/#breadcrumb"},"inLanguage":"es","potentialAction":[{"@type":"ReadAction","target":["https:\/\/exaudi.org\/es\/el-papa-el-estilo-de-dios-es-el-de-la-cercania-la-compasion-y-la-ternura\/"]}]},{"@type":"ImageObject","inLanguage":"es","@id":"https:\/\/exaudi.org\/es\/el-papa-el-estilo-de-dios-es-el-de-la-cercania-la-compasion-y-la-ternura\/#primaryimage","url":"https:\/\/exaudi.org\/wp-content\/uploads\/2023\/09\/Marsella1.jpeg","contentUrl":"https:\/\/exaudi.org\/wp-content\/uploads\/2023\/09\/Marsella1.jpeg","width":800,"height":533},{"@type":"BreadcrumbList","@id":"https:\/\/exaudi.org\/es\/el-papa-el-estilo-de-dios-es-el-de-la-cercania-la-compasion-y-la-ternura\/#breadcrumb","itemListElement":[{"@type":"ListItem","position":1,"name":"Portada","item":"https:\/\/exaudi.org\/es\/"},{"@type":"ListItem","position":2,"name":"El Papa: El estilo de Dios es el de la cercan\u00eda, la compasi\u00f3n y la ternura"}]},{"@type":"WebSite","@id":"https:\/\/exaudi.org\/#website","url":"https:\/\/exaudi.org\/","name":"Exaudi","description":"News","potentialAction":[{"@type":"SearchAction","target":{"@type":"EntryPoint","urlTemplate":"https:\/\/exaudi.org\/?s={search_term_string}"},"query-input":{"@type":"PropertyValueSpecification","valueRequired":true,"valueName":"search_term_string"}}],"inLanguage":"es"},{"@type":"Person","@id":"https:\/\/exaudi.org\/#\/schema\/person\/f5fc8f063065e38742da7afe15f25df7","name":"Exaudi Redacci\u00f3n","image":{"@type":"ImageObject","inLanguage":"es","@id":"https:\/\/secure.gravatar.com\/avatar\/fe0f6a059fb68d9b3e11bc5850dd4899b1c7492091a3cb6dd9b01b56ad828be2?s=96&d=mm&r=g","url":"https:\/\/secure.gravatar.com\/avatar\/fe0f6a059fb68d9b3e11bc5850dd4899b1c7492091a3cb6dd9b01b56ad828be2?s=96&d=mm&r=g","contentUrl":"https:\/\/secure.gravatar.com\/avatar\/fe0f6a059fb68d9b3e11bc5850dd4899b1c7492091a3cb6dd9b01b56ad828be2?s=96&d=mm&r=g","caption":"Exaudi Redacci\u00f3n"},"description":"\u00bfQu\u00e9 es Exaudi News? Exaudi News es un medio de comunicaci\u00f3n cat\u00f3lico internacional que informa, forma y transforma, diariamente en espa\u00f1ol, ingl\u00e9s e italiano. A trav\u00e9s de noticias, art\u00edculos de an\u00e1lisis y transmisiones en directo de los eventos del Papa, Exaudi busca fortalecer la unidad de los cristianos y contribuir a la evangelizaci\u00f3n del mundo, siempre guiados por la doctrina social de la Iglesia. Trabajamos para acercar la verdad y los valores cristianos a cada rinc\u00f3n del planeta. \u00a1Ay\u00fadanos a transformar el mundo con Exaudi! En Exaudi creemos que la evangelizaci\u00f3n y la informaci\u00f3n de calidad pueden cambiar vidas. Para continuar con nuestra misi\u00f3n y expandir nuestro alcance, necesitamos tu ayuda. Adem\u00e1s, buscamos personas comprometidas que deseen unirse a nuestro equipo. Con tu apoyo, lograremos llegar a m\u00e1s personas, difundir el mensaje de Cristo y reforzar la unidad de los cristianos. \u00bfTe unes a nuestra misi\u00f3n? Para m\u00e1s informaci\u00f3n sobre c\u00f3mo colaborar, visita Exaudi.org\/es o cont\u00e1ctanos directamente: info@exaudi.org Exaudi: Informa, forma y transforma.","sameAs":["https:\/\/www.facebook.com\/ExaudiNoticias\/","https:\/\/www.instagram.com\/exaudi_noticias\/","https:\/\/x.com\/Exaudi_noticias","https:\/\/www.youtube.com\/@exaudicatholicnews"],"url":"https:\/\/exaudi.org\/es\/author\/redaccionexaudi\/"}]}},"jetpack_featured_media_url":"https:\/\/exaudi.org\/wp-content\/uploads\/2023\/09\/Marsella1.jpeg","jetpack_shortlink":"https:\/\/wp.me\/pgKjF2-lTG","_links":{"self":[{"href":"https:\/\/exaudi.org\/es\/wp-json\/wp\/v2\/posts\/84176","targetHints":{"allow":["GET"]}}],"collection":[{"href":"https:\/\/exaudi.org\/es\/wp-json\/wp\/v2\/posts"}],"about":[{"href":"https:\/\/exaudi.org\/es\/wp-json\/wp\/v2\/types\/post"}],"author":[{"embeddable":true,"href":"https:\/\/exaudi.org\/es\/wp-json\/wp\/v2\/users\/15"}],"replies":[{"embeddable":true,"href":"https:\/\/exaudi.org\/es\/wp-json\/wp\/v2\/comments?post=84176"}],"version-history":[{"count":0,"href":"https:\/\/exaudi.org\/es\/wp-json\/wp\/v2\/posts\/84176\/revisions"}],"wp:featuredmedia":[{"embeddable":true,"href":"https:\/\/exaudi.org\/es\/wp-json\/wp\/v2\/media\/84180"}],"wp:attachment":[{"href":"https:\/\/exaudi.org\/es\/wp-json\/wp\/v2\/media?parent=84176"}],"wp:term":[{"taxonomy":"category","embeddable":true,"href":"https:\/\/exaudi.org\/es\/wp-json\/wp\/v2\/categories?post=84176"},{"taxonomy":"post_tag","embeddable":true,"href":"https:\/\/exaudi.org\/es\/wp-json\/wp\/v2\/tags?post=84176"}],"curies":[{"name":"wp","href":"https:\/\/api.w.org\/{rel}","templated":true}]}}