{"id":84026,"date":"2023-09-20T16:19:32","date_gmt":"2023-09-20T14:19:32","guid":{"rendered":"https:\/\/exaudi.org\/?p=84026"},"modified":"2023-09-22T08:54:12","modified_gmt":"2023-09-22T06:54:12","slug":"84026","status":"publish","type":"post","link":"https:\/\/exaudi.org\/es\/84026\/","title":{"rendered":"El Papa: No os olvid\u00e9is de los pobres, porque ser\u00e1n ellos los que os abran la puerta del Cielo"},"content":{"rendered":"<p>La audiencia general de esta ma\u00f1ana, mi\u00e9rcoles 13 de septiembre de 2023, tuvo lugar a las 9.00 horas en la Plaza de San Pedro.<\/p>\n<p>En su discurso en italiano, el Papa, reanudando el ciclo de catequesis Pasi\u00f3n por la evangelizaci\u00f3n: el celo apost\u00f3lico del creyente, centr\u00f3 su meditaci\u00f3n en el tema del testimonio de San Daniel Comboni, misionero en el continente africano, es una ocasi\u00f3n para subrayar que en la obra de evangelizaci\u00f3n todos est\u00e1n implicados y todos son protagonistas: que cese el \u00abcolonialismo econ\u00f3mico\u00bb que hoy esclaviza al continente<\/p>\n<p>La Audiencia General concluy\u00f3 con el rezo del\u00a0<em>Pater Noster<\/em>\u00a0y la Bendici\u00f3n Apost\u00f3lica.<\/p>\n<p>A continuaci\u00f3n, sigue la catequesis completa del Obispo de Roma, en espa\u00f1ol, ofrecida por la Oficina de Prensa de la Santa Sede.<\/p>\n<p><b>Catequesis. La pasi\u00f3n por la evangelizaci\u00f3n: el celo apost\u00f3lico del creyente.\u00a0<i>21. San Daniele Comboni<\/i><\/b><\/p>\n<p>***<\/p>\n<p>Queridos hermanos y hermanas, \u00a1buenos d\u00edas!<\/p>\n<p>En el camino de catequesis sobre la pasi\u00f3n evangelizadora, es decir el celo apost\u00f3lico, hoy nos detenemos en el testimonio de san Daniel Camboni. \u00c9l fue un ap\u00f3stol lleno de celo por \u00c1frica. De esos pueblos escribi\u00f3: \u00abse han adue\u00f1ado de mi coraz\u00f3n que vive solamente para ellos\u00bb (Escritos, 941), \u00abmorir\u00e9 con \u00c1frica en mis labios\u00bb (Escritos, 1441). \u00a1Es hermoso! \u2026Y a ellos se dirigi\u00f3 as\u00ed: \u00abel m\u00e1s feliz de mis d\u00edas ser\u00e1 en el que pueda dar la vida por vosotros\u00bb (Escritos, 3159). Esta es la expresi\u00f3n de una persona enamorada de Dios y de los hermanos que serv\u00eda en misi\u00f3n, a prop\u00f3sito de los cuales no se cansaba de recordar que \u00abJesucristo padeci\u00f3 y muri\u00f3 tambi\u00e9n por ellos\u00bb (Escritos, 2499; 4801).<\/p>\n<p>Lo afirmaba en un contexto caracterizado por el horror de la esclavitud, de la que era testigo. La esclavitud \u201ccosifica\u201d al hombre, cuyo valor se reduce al ser \u00fatil a alguien o algo. Pero Jes\u00fas, Dios hecho hombre, ha elevado la dignidad de cada ser humano y ha desenmascarado la falsedad de toda esclavitud. Comboni, a la luz de Cristo, tom\u00f3 conciencia del mal de la esclavitud; entendi\u00f3, adem\u00e1s, que la esclavitud social tiene sus ra\u00edces en una esclavitud m\u00e1s profunda, la del coraz\u00f3n, la del pecado, de la cual el Se\u00f1or nos libera. Como cristianos, por tanto, estamos llamados a combatir contra toda forma de esclavitud. Pero lamentablemente la esclavitud, as\u00ed como el colonialismo, no es un recuerdo del pasado, lamentablemente. En el \u00c1frica tan amada por Comboni, hoy desgarrada por tantos conflictos, \u00abtras el colonialismo pol\u00edtico, se ha desatado un \u201ccolonialismo econ\u00f3mico\u201d, igualmente esclavizador. (\u2026). Es un drama ante el cual el mundo econ\u00f3micamente m\u00e1s avanzado suele cerrar los ojos, los o\u00eddos y la boca\u00bb. Renuevo por tanto mi llamamiento: \u00abNo toquen el \u00c1frica. Dejen de asfixiarla, porque \u00c1frica no es una mina que explotar ni una tierra que saquear\u00bb (<a href=\"https:\/\/www.vatican.va\/content\/francesco\/es\/speeches\/2023\/january\/documents\/20230131-autorita-repdem-congo.html\">Encuentro con las Autoridades<\/a>, Kinshasa, 31 de enero 2023).<\/p>\n<p>Y volvemos a la historia de san Daniel. Pasado un primer periodo en \u00c1frica, tuvo que dejar la misi\u00f3n por motivos de salud. Demasiados misioneros hab\u00edan muerto despu\u00e9s de haber contra\u00eddo enfermedades, a causa del poco conocimiento de la realidad local. Sin embargo, si otros abandonaban \u00c1frica, no lo hizo Comboni. Despu\u00e9s de un tiempo de discernimiento, sinti\u00f3 que el Se\u00f1or le inspiraba un nuevo camino de evangelizaci\u00f3n, que \u00e9l sintetiz\u00f3 en estas palabras: \u00abSalvar \u00c1frica con \u00c1frica\u00bb (Escritos, 2741s). Es una intuici\u00f3n poderosa, nada de colonialismo en esto: es una intuici\u00f3n poderosa que contribuy\u00f3 a renovar el compromiso misionero: las personas evangelizadas no eran solo \u201cobjetos\u201d sino \u201csujetos de la misi\u00f3n\u201d. Y san Daniel Comboni deseaba hacer a todos los cristianos protagonistas de la acci\u00f3n evangelizadora. Y con este \u00e1nimo pens\u00f3 y actu\u00f3 de forma integral, involucrando al clero local y promoviendo el servicio laical de los catequistas. Los catequistas son un tesoro de la Iglesia: los catequistas son aquellos que van adelante en la evangelizaci\u00f3n. Concibi\u00f3 as\u00ed tambi\u00e9n el desarrollo humano, cuidando las artes y las profesiones, favoreciendo el rol de la familia y de la mujer en la transformaci\u00f3n de la cultura y de la sociedad. \u00a1Y qu\u00e9 importante, tambi\u00e9n hoy, hacer progresar la fe y el desarrollo humano desde dentro de los contextos de misi\u00f3n, en vez de trasplantar modelos externos o limitarse a un est\u00e9ril asistencialismo! \u00a0Ni modelos externos ni asistencialismo. Tomar de la cultura de los pueblos el camino para hacer la evangelizaci\u00f3n. Evangelizar la cultura e inculturar el Evangelio: van juntos.<\/p>\n<p>La gran pasi\u00f3n misionera de Comboni, sin embargo, no fue principalmente fruto de un empe\u00f1o humano: \u00e9l no estuvo impulsado por su valent\u00eda o motivado solo por valores importantes, como la libertad, la justicia o la paz; su celo naci\u00f3 de la alegr\u00eda del Evangelio, \u00a1acud\u00eda al amor de Cristo y llevaba al amor por Cristo! San Daniel escribi\u00f3: \u00abUna misi\u00f3n tan ardua y laboriosa como la nuestra no puede vivir de p\u00e1tina, de sujetos con el cuello torcido y llenos de ego\u00edsmo y de ellos mismos, que no cuidan adecuadamente la salud y la conversi\u00f3n de las almas\u00bb. Este es el drama del clericalismo, que lleva a los cristianos, tambi\u00e9n los laicos, a clericalizarse y a transformarlos \u2013 como dice aqu\u00ed \u2013 en sujetos del cuello torcido llenos de ego\u00edsmo. Esta es la peste del clericalismo. Y a\u00f1adi\u00f3: \u00abes necesario encenderles de caridad, que tenga su fuente de Dios, y del amor de Cristo; y cuando se ama realmente a Cristo, entonces son dulces las privaciones, los sufrimientos y el martirio\u00bb (Escritos, 6656). Su deseo era el de ver misioneros ardientes, alegres, comprometidos: misioneros \u2013 escribi\u00f3 \u2013 \u00absantos y capaces. [\u2026] Primero: santos, es decir ajenos al pecado y humildes. Pero no basta: es necesaria caridad que hace capaces los sujetos\u00bb (Escritos, 6655). La fuente de la capacidad misionera, para Comboni, es por tanto la caridad, en particular el celo en el hacer propios los sufrimientos de los otros.<\/p>\n<p>Su pasi\u00f3n evangelizadora, adem\u00e1s, no le llev\u00f3 nunca a actuar como solista, sino siempre en comuni\u00f3n, en la Iglesia. \u00abYo no tengo otra cosa que la vida para consagrar a la salud de esas almas \u2013 escribi\u00f3 \u2013 quisiera tener mil para consumarlas con tal fin\u00bb (Escritos, 2271).<\/p>\n<p>Hermanos y hermanas, san Daniel testimonia el amor del buen Pastor, que va a buscar a quien est\u00e1 perdido y da la vida por el reba\u00f1o. Su celo fue en\u00e9rgico y prof\u00e9tico en el oponerse a la indiferencia y a la exclusi\u00f3n. En las cartas se refer\u00eda apremiante a su amada Iglesia, que por demasiado tiempo hab\u00eda olvidado a \u00c1frica. El sue\u00f1o de Comboni es una Iglesia que hace causa com\u00fan con los crucificados de la historia, para experimentar con ellos la resurrecci\u00f3n. Yo, en este momento, os sugiero algo. Pensad en los crucificados de la historia de hoy: hombres, mujeres, ni\u00f1os, ancianos que son crucificados por historias de injusticia y de dominaci\u00f3n. Pensemos en ellos y recemos. Su testimonio parece repetir a todos nosotros, hombres y mujeres de Iglesia: \u201cNo os olvid\u00e9is los pobres, amadlos, porque en ellos est\u00e1 presente Jes\u00fas crucificado, esperando resucitar\u201d. No os olvid\u00e9is de los pobres: antes de venir aqu\u00ed, he tenido una reuni\u00f3n con legisladores brasile\u00f1os que trabajan por los pobres, que tratan de promover a los pobres con la asistencia y la justicia social. Y ellos no se olvidan de los pobres: trabajan por los pobres. A vosotros os digo: no os olvid\u00e9is de los pobres, porque ser\u00e1n ellos los que os abran la puerta del Cielo.<\/p>\n<hr size=\"1\" width=\"30%\" \/>\n<p><b>Saludos:<\/b><\/p>\n<p>Saludo cordialmente a los peregrinos de lengua espa\u00f1ola. Por intercesi\u00f3n de san Daniel Comboni, pidamos al Se\u00f1or que nos conceda un coraz\u00f3n semejante al suyo, sensible a los crucificados de hoy, que sufren a causa de la indiferencia y la exclusi\u00f3n. Que Jes\u00fas los bendiga y la Virgen Santa los cuide. Muchas gracias.<\/p>\n<hr size=\"1\" width=\"30%\" \/>\n<p><b>LLAMAMIENTO<\/b><\/p>\n<p>Ayer me llegaron noticias preocupantes de Nagorno Karabaj, en el C\u00e1ucaso meridional, donde la ya cr\u00edtica situaci\u00f3n humanitaria ahora se ha agravado por ulteriores enfrentamientos armados. Dirijo mi llamamiento sentido a todas las partes en causa y a la comunidad internacional, para que callen las armas y se realice todo esfuerzo para encontrar soluciones pac\u00edficas para el bien de las personas y el respeto de la dignidad.<\/p>\n<hr size=\"1\" width=\"30%\" \/>\n<p><b>Resumen le\u00eddo por el Santo Padre en espa\u00f1ol<\/b><\/p>\n<p>Queridos hermanos y hermanas:<\/p>\n<p>En nuestra catequesis de hoy nos acercamos a la figura de san Daniel Comboni, un misionero lleno de\u00a0<i>celo apost\u00f3lico<\/i>\u00a0por el continente africano. Daniel fue un enamorado de Dios y deseaba llevar ese amor a todas las personas que encontraba en su camino. En un contexto marcado por el horror de la esclavitud social, descubri\u00f3 que la ra\u00edz m\u00e1s profunda de toda esclavitud es la del coraz\u00f3n, \u2014es decir el coraz\u00f3n esclavo del pecado\u2014, de la cual nos libra el Se\u00f1or, y dedic\u00f3 su vida a combatir esas esclavitudes anunciando el Evangelio.<\/p>\n<p>La experiencia del amor gratuito de Dios nos hace verdaderamente libres. Esta certeza llev\u00f3 a Daniel Comboni a trabajar incansablemente para que los cristianos no sean s\u00f3lo \u201cespectadores\u201d sino \u201cprotagonistas\u201d de la acci\u00f3n evangelizadora de la Iglesia. Con su testimonio de vida, este santo nos indica que la fuente de toda actividad misionera es\u00a0<i>la caridad<\/i>\u00a0y que la misi\u00f3n no se lleva adelante de manera solitaria, sino siempre\u00a0<i>en comuni\u00f3n<\/i>\u00a0con toda la Iglesia, \u201c<i>caminando juntos<\/i>\u201d.<\/p>\n<p><iframe loading=\"lazy\" title=\"Audiencia General - 20 septiembre 2023 - Papa Francisco\" width=\"500\" height=\"281\" src=\"https:\/\/www.youtube.com\/embed\/CcV4V2-w7G0?feature=oembed\" frameborder=\"0\" allow=\"accelerometer; autoplay; clipboard-write; encrypted-media; gyroscope; picture-in-picture; web-share\" referrerpolicy=\"strict-origin-when-cross-origin\" allowfullscreen><\/iframe><\/p>\n<p>&nbsp;<\/p>\n","protected":false},"excerpt":{"rendered":"<p>Audiencia General<\/p>\n","protected":false},"author":15,"featured_media":84027,"comment_status":"closed","ping_status":"closed","sticky":false,"template":"","format":"standard","meta":{"_acf_changed":false,"_crdt_document":"","inline_featured_image":false,"footnotes":""},"categories":[112,68],"tags":[179,7438,1247,4953],"class_list":["post-84026","post","type-post","status-publish","format-standard","has-post-thumbnail","hentry","category-audiencia-general","category-leon-xiv","tag-audiencia-general","tag-cielo","tag-pobres","tag-trending-es"],"acf":[],"yoast_head":"<!-- This site is optimized with the Yoast SEO plugin v27.5 - https:\/\/yoast.com\/product\/yoast-seo-wordpress\/ -->\n<title>El Papa: No os olvid\u00e9is de los pobres, porque ser\u00e1n ellos los que os abran la puerta del Cielo &#8211; Exaudi<\/title>\n<meta name=\"robots\" content=\"index, follow, max-snippet:-1, max-image-preview:large, max-video-preview:-1\" \/>\n<link rel=\"canonical\" href=\"https:\/\/exaudi.org\/es\/84026\/\" \/>\n<meta property=\"og:locale\" content=\"es_ES\" \/>\n<meta property=\"og:type\" content=\"article\" \/>\n<meta property=\"og:title\" content=\"El Papa: No os olvid\u00e9is de los pobres, porque ser\u00e1n ellos los que os abran la puerta del Cielo &#8211; Exaudi\" \/>\n<meta property=\"og:description\" content=\"Audiencia General\" \/>\n<meta property=\"og:url\" content=\"https:\/\/exaudi.org\/es\/84026\/\" \/>\n<meta property=\"og:site_name\" content=\"Exaudi\" \/>\n<meta property=\"article:publisher\" content=\"https:\/\/www.facebook.com\/ExaudiNews\" \/>\n<meta property=\"article:author\" content=\"https:\/\/www.facebook.com\/ExaudiNoticias\/\" \/>\n<meta property=\"article:published_time\" content=\"2023-09-20T14:19:32+00:00\" \/>\n<meta property=\"article:modified_time\" content=\"2023-09-22T06:54:12+00:00\" \/>\n<meta property=\"og:image\" content=\"https:\/\/exaudi.org\/wp-content\/uploads\/2023\/09\/cq5dam.web_.800.800-20.jpeg\" \/>\n\t<meta property=\"og:image:width\" content=\"800\" \/>\n\t<meta property=\"og:image:height\" content=\"533\" \/>\n\t<meta property=\"og:image:type\" content=\"image\/jpeg\" \/>\n<meta name=\"author\" content=\"Exaudi Redacci\u00f3n\" \/>\n<meta name=\"twitter:card\" content=\"summary_large_image\" \/>\n<meta name=\"twitter:creator\" content=\"@Exaudi_noticias\" \/>\n<meta name=\"twitter:site\" content=\"@Exaudi_News\" \/>\n<meta name=\"twitter:label1\" content=\"Escrito por\" \/>\n\t<meta name=\"twitter:data1\" content=\"Exaudi Redacci\u00f3n\" \/>\n\t<meta name=\"twitter:label2\" content=\"Tiempo de lectura\" \/>\n\t<meta name=\"twitter:data2\" content=\"8 minutos\" \/>\n<script type=\"application\/ld+json\" class=\"yoast-schema-graph\">{\"@context\":\"https:\\\/\\\/schema.org\",\"@graph\":[{\"@type\":\"Article\",\"@id\":\"https:\\\/\\\/exaudi.org\\\/es\\\/84026\\\/#article\",\"isPartOf\":{\"@id\":\"https:\\\/\\\/exaudi.org\\\/es\\\/84026\\\/\"},\"author\":{\"name\":\"Exaudi Redacci\u00f3n\",\"@id\":\"https:\\\/\\\/exaudi.org\\\/#\\\/schema\\\/person\\\/f5fc8f063065e38742da7afe15f25df7\"},\"headline\":\"El Papa: No os olvid\u00e9is de los pobres, porque ser\u00e1n ellos los que os abran la puerta del Cielo\",\"datePublished\":\"2023-09-20T14:19:32+00:00\",\"dateModified\":\"2023-09-22T06:54:12+00:00\",\"mainEntityOfPage\":{\"@id\":\"https:\\\/\\\/exaudi.org\\\/es\\\/84026\\\/\"},\"wordCount\":1659,\"image\":{\"@id\":\"https:\\\/\\\/exaudi.org\\\/es\\\/84026\\\/#primaryimage\"},\"thumbnailUrl\":\"https:\\\/\\\/exaudi.org\\\/wp-content\\\/uploads\\\/2023\\\/09\\\/cq5dam.web_.800.800-20.jpeg\",\"keywords\":[\"audiencia general\",\"Cielo\",\"Pobres\",\"Trending\"],\"articleSection\":[\"Audiencia General\",\"Le\u00f3n XIV\"],\"inLanguage\":\"es\"},{\"@type\":\"WebPage\",\"@id\":\"https:\\\/\\\/exaudi.org\\\/es\\\/84026\\\/\",\"url\":\"https:\\\/\\\/exaudi.org\\\/es\\\/84026\\\/\",\"name\":\"El Papa: No os olvid\u00e9is de los pobres, porque ser\u00e1n ellos los que os abran la puerta del Cielo &#8211; Exaudi\",\"isPartOf\":{\"@id\":\"https:\\\/\\\/exaudi.org\\\/#website\"},\"primaryImageOfPage\":{\"@id\":\"https:\\\/\\\/exaudi.org\\\/es\\\/84026\\\/#primaryimage\"},\"image\":{\"@id\":\"https:\\\/\\\/exaudi.org\\\/es\\\/84026\\\/#primaryimage\"},\"thumbnailUrl\":\"https:\\\/\\\/exaudi.org\\\/wp-content\\\/uploads\\\/2023\\\/09\\\/cq5dam.web_.800.800-20.jpeg\",\"datePublished\":\"2023-09-20T14:19:32+00:00\",\"dateModified\":\"2023-09-22T06:54:12+00:00\",\"author\":{\"@id\":\"https:\\\/\\\/exaudi.org\\\/#\\\/schema\\\/person\\\/f5fc8f063065e38742da7afe15f25df7\"},\"breadcrumb\":{\"@id\":\"https:\\\/\\\/exaudi.org\\\/es\\\/84026\\\/#breadcrumb\"},\"inLanguage\":\"es\",\"potentialAction\":[{\"@type\":\"ReadAction\",\"target\":[\"https:\\\/\\\/exaudi.org\\\/es\\\/84026\\\/\"]}]},{\"@type\":\"ImageObject\",\"inLanguage\":\"es\",\"@id\":\"https:\\\/\\\/exaudi.org\\\/es\\\/84026\\\/#primaryimage\",\"url\":\"https:\\\/\\\/exaudi.org\\\/wp-content\\\/uploads\\\/2023\\\/09\\\/cq5dam.web_.800.800-20.jpeg\",\"contentUrl\":\"https:\\\/\\\/exaudi.org\\\/wp-content\\\/uploads\\\/2023\\\/09\\\/cq5dam.web_.800.800-20.jpeg\",\"width\":800,\"height\":533},{\"@type\":\"BreadcrumbList\",\"@id\":\"https:\\\/\\\/exaudi.org\\\/es\\\/84026\\\/#breadcrumb\",\"itemListElement\":[{\"@type\":\"ListItem\",\"position\":1,\"name\":\"Portada\",\"item\":\"https:\\\/\\\/exaudi.org\\\/es\\\/\"},{\"@type\":\"ListItem\",\"position\":2,\"name\":\"El Papa: No os olvid\u00e9is de los pobres, porque ser\u00e1n ellos los que os abran la puerta del Cielo\"}]},{\"@type\":\"WebSite\",\"@id\":\"https:\\\/\\\/exaudi.org\\\/#website\",\"url\":\"https:\\\/\\\/exaudi.org\\\/\",\"name\":\"Exaudi\",\"description\":\"News\",\"potentialAction\":[{\"@type\":\"SearchAction\",\"target\":{\"@type\":\"EntryPoint\",\"urlTemplate\":\"https:\\\/\\\/exaudi.org\\\/?s={search_term_string}\"},\"query-input\":{\"@type\":\"PropertyValueSpecification\",\"valueRequired\":true,\"valueName\":\"search_term_string\"}}],\"inLanguage\":\"es\"},{\"@type\":\"Person\",\"@id\":\"https:\\\/\\\/exaudi.org\\\/#\\\/schema\\\/person\\\/f5fc8f063065e38742da7afe15f25df7\",\"name\":\"Exaudi Redacci\u00f3n\",\"image\":{\"@type\":\"ImageObject\",\"inLanguage\":\"es\",\"@id\":\"https:\\\/\\\/secure.gravatar.com\\\/avatar\\\/fe0f6a059fb68d9b3e11bc5850dd4899b1c7492091a3cb6dd9b01b56ad828be2?s=96&d=mm&r=g\",\"url\":\"https:\\\/\\\/secure.gravatar.com\\\/avatar\\\/fe0f6a059fb68d9b3e11bc5850dd4899b1c7492091a3cb6dd9b01b56ad828be2?s=96&d=mm&r=g\",\"contentUrl\":\"https:\\\/\\\/secure.gravatar.com\\\/avatar\\\/fe0f6a059fb68d9b3e11bc5850dd4899b1c7492091a3cb6dd9b01b56ad828be2?s=96&d=mm&r=g\",\"caption\":\"Exaudi Redacci\u00f3n\"},\"description\":\"\u00bfQu\u00e9 es Exaudi News? Exaudi News es un medio de comunicaci\u00f3n cat\u00f3lico internacional que informa, forma y transforma, diariamente en espa\u00f1ol, ingl\u00e9s e italiano. A trav\u00e9s de noticias, art\u00edculos de an\u00e1lisis y transmisiones en directo de los eventos del Papa, Exaudi busca fortalecer la unidad de los cristianos y contribuir a la evangelizaci\u00f3n del mundo, siempre guiados por la doctrina social de la Iglesia. Trabajamos para acercar la verdad y los valores cristianos a cada rinc\u00f3n del planeta. \u00a1Ay\u00fadanos a transformar el mundo con Exaudi! En Exaudi creemos que la evangelizaci\u00f3n y la informaci\u00f3n de calidad pueden cambiar vidas. Para continuar con nuestra misi\u00f3n y expandir nuestro alcance, necesitamos tu ayuda. Adem\u00e1s, buscamos personas comprometidas que deseen unirse a nuestro equipo. Con tu apoyo, lograremos llegar a m\u00e1s personas, difundir el mensaje de Cristo y reforzar la unidad de los cristianos. \u00bfTe unes a nuestra misi\u00f3n? Para m\u00e1s informaci\u00f3n sobre c\u00f3mo colaborar, visita Exaudi.org\\\/es o cont\u00e1ctanos directamente: info@exaudi.org Exaudi: Informa, forma y transforma.\",\"sameAs\":[\"https:\\\/\\\/www.facebook.com\\\/ExaudiNoticias\\\/\",\"https:\\\/\\\/www.instagram.com\\\/exaudi_noticias\\\/\",\"https:\\\/\\\/x.com\\\/Exaudi_noticias\",\"https:\\\/\\\/www.youtube.com\\\/@exaudicatholicnews\"],\"url\":\"https:\\\/\\\/exaudi.org\\\/es\\\/author\\\/redaccionexaudi\\\/\"}]}<\/script>\n<!-- \/ Yoast SEO plugin. -->","yoast_head_json":{"title":"El Papa: No os olvid\u00e9is de los pobres, porque ser\u00e1n ellos los que os abran la puerta del Cielo &#8211; Exaudi","robots":{"index":"index","follow":"follow","max-snippet":"max-snippet:-1","max-image-preview":"max-image-preview:large","max-video-preview":"max-video-preview:-1"},"canonical":"https:\/\/exaudi.org\/es\/84026\/","og_locale":"es_ES","og_type":"article","og_title":"El Papa: No os olvid\u00e9is de los pobres, porque ser\u00e1n ellos los que os abran la puerta del Cielo &#8211; Exaudi","og_description":"Audiencia General","og_url":"https:\/\/exaudi.org\/es\/84026\/","og_site_name":"Exaudi","article_publisher":"https:\/\/www.facebook.com\/ExaudiNews","article_author":"https:\/\/www.facebook.com\/ExaudiNoticias\/","article_published_time":"2023-09-20T14:19:32+00:00","article_modified_time":"2023-09-22T06:54:12+00:00","og_image":[{"width":800,"height":533,"url":"https:\/\/exaudi.org\/wp-content\/uploads\/2023\/09\/cq5dam.web_.800.800-20.jpeg","type":"image\/jpeg"}],"author":"Exaudi Redacci\u00f3n","twitter_card":"summary_large_image","twitter_creator":"@Exaudi_noticias","twitter_site":"@Exaudi_News","twitter_misc":{"Escrito por":"Exaudi Redacci\u00f3n","Tiempo de lectura":"8 minutos"},"schema":{"@context":"https:\/\/schema.org","@graph":[{"@type":"Article","@id":"https:\/\/exaudi.org\/es\/84026\/#article","isPartOf":{"@id":"https:\/\/exaudi.org\/es\/84026\/"},"author":{"name":"Exaudi Redacci\u00f3n","@id":"https:\/\/exaudi.org\/#\/schema\/person\/f5fc8f063065e38742da7afe15f25df7"},"headline":"El Papa: No os olvid\u00e9is de los pobres, porque ser\u00e1n ellos los que os abran la puerta del Cielo","datePublished":"2023-09-20T14:19:32+00:00","dateModified":"2023-09-22T06:54:12+00:00","mainEntityOfPage":{"@id":"https:\/\/exaudi.org\/es\/84026\/"},"wordCount":1659,"image":{"@id":"https:\/\/exaudi.org\/es\/84026\/#primaryimage"},"thumbnailUrl":"https:\/\/exaudi.org\/wp-content\/uploads\/2023\/09\/cq5dam.web_.800.800-20.jpeg","keywords":["audiencia general","Cielo","Pobres","Trending"],"articleSection":["Audiencia General","Le\u00f3n XIV"],"inLanguage":"es"},{"@type":"WebPage","@id":"https:\/\/exaudi.org\/es\/84026\/","url":"https:\/\/exaudi.org\/es\/84026\/","name":"El Papa: No os olvid\u00e9is de los pobres, porque ser\u00e1n ellos los que os abran la puerta del Cielo &#8211; Exaudi","isPartOf":{"@id":"https:\/\/exaudi.org\/#website"},"primaryImageOfPage":{"@id":"https:\/\/exaudi.org\/es\/84026\/#primaryimage"},"image":{"@id":"https:\/\/exaudi.org\/es\/84026\/#primaryimage"},"thumbnailUrl":"https:\/\/exaudi.org\/wp-content\/uploads\/2023\/09\/cq5dam.web_.800.800-20.jpeg","datePublished":"2023-09-20T14:19:32+00:00","dateModified":"2023-09-22T06:54:12+00:00","author":{"@id":"https:\/\/exaudi.org\/#\/schema\/person\/f5fc8f063065e38742da7afe15f25df7"},"breadcrumb":{"@id":"https:\/\/exaudi.org\/es\/84026\/#breadcrumb"},"inLanguage":"es","potentialAction":[{"@type":"ReadAction","target":["https:\/\/exaudi.org\/es\/84026\/"]}]},{"@type":"ImageObject","inLanguage":"es","@id":"https:\/\/exaudi.org\/es\/84026\/#primaryimage","url":"https:\/\/exaudi.org\/wp-content\/uploads\/2023\/09\/cq5dam.web_.800.800-20.jpeg","contentUrl":"https:\/\/exaudi.org\/wp-content\/uploads\/2023\/09\/cq5dam.web_.800.800-20.jpeg","width":800,"height":533},{"@type":"BreadcrumbList","@id":"https:\/\/exaudi.org\/es\/84026\/#breadcrumb","itemListElement":[{"@type":"ListItem","position":1,"name":"Portada","item":"https:\/\/exaudi.org\/es\/"},{"@type":"ListItem","position":2,"name":"El Papa: No os olvid\u00e9is de los pobres, porque ser\u00e1n ellos los que os abran la puerta del Cielo"}]},{"@type":"WebSite","@id":"https:\/\/exaudi.org\/#website","url":"https:\/\/exaudi.org\/","name":"Exaudi","description":"News","potentialAction":[{"@type":"SearchAction","target":{"@type":"EntryPoint","urlTemplate":"https:\/\/exaudi.org\/?s={search_term_string}"},"query-input":{"@type":"PropertyValueSpecification","valueRequired":true,"valueName":"search_term_string"}}],"inLanguage":"es"},{"@type":"Person","@id":"https:\/\/exaudi.org\/#\/schema\/person\/f5fc8f063065e38742da7afe15f25df7","name":"Exaudi Redacci\u00f3n","image":{"@type":"ImageObject","inLanguage":"es","@id":"https:\/\/secure.gravatar.com\/avatar\/fe0f6a059fb68d9b3e11bc5850dd4899b1c7492091a3cb6dd9b01b56ad828be2?s=96&d=mm&r=g","url":"https:\/\/secure.gravatar.com\/avatar\/fe0f6a059fb68d9b3e11bc5850dd4899b1c7492091a3cb6dd9b01b56ad828be2?s=96&d=mm&r=g","contentUrl":"https:\/\/secure.gravatar.com\/avatar\/fe0f6a059fb68d9b3e11bc5850dd4899b1c7492091a3cb6dd9b01b56ad828be2?s=96&d=mm&r=g","caption":"Exaudi Redacci\u00f3n"},"description":"\u00bfQu\u00e9 es Exaudi News? Exaudi News es un medio de comunicaci\u00f3n cat\u00f3lico internacional que informa, forma y transforma, diariamente en espa\u00f1ol, ingl\u00e9s e italiano. A trav\u00e9s de noticias, art\u00edculos de an\u00e1lisis y transmisiones en directo de los eventos del Papa, Exaudi busca fortalecer la unidad de los cristianos y contribuir a la evangelizaci\u00f3n del mundo, siempre guiados por la doctrina social de la Iglesia. Trabajamos para acercar la verdad y los valores cristianos a cada rinc\u00f3n del planeta. \u00a1Ay\u00fadanos a transformar el mundo con Exaudi! En Exaudi creemos que la evangelizaci\u00f3n y la informaci\u00f3n de calidad pueden cambiar vidas. Para continuar con nuestra misi\u00f3n y expandir nuestro alcance, necesitamos tu ayuda. Adem\u00e1s, buscamos personas comprometidas que deseen unirse a nuestro equipo. Con tu apoyo, lograremos llegar a m\u00e1s personas, difundir el mensaje de Cristo y reforzar la unidad de los cristianos. \u00bfTe unes a nuestra misi\u00f3n? Para m\u00e1s informaci\u00f3n sobre c\u00f3mo colaborar, visita Exaudi.org\/es o cont\u00e1ctanos directamente: info@exaudi.org Exaudi: Informa, forma y transforma.","sameAs":["https:\/\/www.facebook.com\/ExaudiNoticias\/","https:\/\/www.instagram.com\/exaudi_noticias\/","https:\/\/x.com\/Exaudi_noticias","https:\/\/www.youtube.com\/@exaudicatholicnews"],"url":"https:\/\/exaudi.org\/es\/author\/redaccionexaudi\/"}]}},"jetpack_featured_media_url":"https:\/\/exaudi.org\/wp-content\/uploads\/2023\/09\/cq5dam.web_.800.800-20.jpeg","jetpack_shortlink":"https:\/\/wp.me\/sgKjF2-84026","_links":{"self":[{"href":"https:\/\/exaudi.org\/es\/wp-json\/wp\/v2\/posts\/84026","targetHints":{"allow":["GET"]}}],"collection":[{"href":"https:\/\/exaudi.org\/es\/wp-json\/wp\/v2\/posts"}],"about":[{"href":"https:\/\/exaudi.org\/es\/wp-json\/wp\/v2\/types\/post"}],"author":[{"embeddable":true,"href":"https:\/\/exaudi.org\/es\/wp-json\/wp\/v2\/users\/15"}],"replies":[{"embeddable":true,"href":"https:\/\/exaudi.org\/es\/wp-json\/wp\/v2\/comments?post=84026"}],"version-history":[{"count":0,"href":"https:\/\/exaudi.org\/es\/wp-json\/wp\/v2\/posts\/84026\/revisions"}],"wp:featuredmedia":[{"embeddable":true,"href":"https:\/\/exaudi.org\/es\/wp-json\/wp\/v2\/media\/84027"}],"wp:attachment":[{"href":"https:\/\/exaudi.org\/es\/wp-json\/wp\/v2\/media?parent=84026"}],"wp:term":[{"taxonomy":"category","embeddable":true,"href":"https:\/\/exaudi.org\/es\/wp-json\/wp\/v2\/categories?post=84026"},{"taxonomy":"post_tag","embeddable":true,"href":"https:\/\/exaudi.org\/es\/wp-json\/wp\/v2\/tags?post=84026"}],"curies":[{"name":"wp","href":"https:\/\/api.w.org\/{rel}","templated":true}]}}