{"id":84015,"date":"2023-09-21T09:00:40","date_gmt":"2023-09-21T07:00:40","guid":{"rendered":"https:\/\/exaudi.org\/?p=84015"},"modified":"2023-09-22T18:13:24","modified_gmt":"2023-09-22T16:13:24","slug":"accion-social-empresarial-apoya-la-formacion-de-los-jovenes-emprendedores-cristianos","status":"publish","type":"post","link":"https:\/\/exaudi.org\/es\/accion-social-empresarial-apoya-la-formacion-de-los-jovenes-emprendedores-cristianos\/","title":{"rendered":"Acci\u00f3n Social Empresarial apoya la formaci\u00f3n de los j\u00f3venes emprendedores cristianos"},"content":{"rendered":"<audio class=\"wp-audio-shortcode\" id=\"audio-84015-1\" preload=\"none\" style=\"width: 100%;\" controls=\"controls\"><source type=\"audio\/mpeg\" src=\"https:\/\/exaudi.org\/wp-content\/uploads\/2023\/09\/ASE.mp3?_=1\" \/><a href=\"https:\/\/exaudi.org\/wp-content\/uploads\/2023\/09\/ASE.mp3\">https:\/\/exaudi.org\/wp-content\/uploads\/2023\/09\/ASE.mp3<\/a><\/audio>\n<p>Dirigido a\u00a0<strong>j\u00f3venes empresarios, profesionales y estudiantes universitarios de entre 18 y 35 a\u00f1os<\/strong>\u00a0que destaquen por su capacidad de liderazgo empresarial y su compromiso con el bien com\u00fan a trav\u00e9s de la actividad econ\u00f3mica, el programa pretende formar a los emprendedores m\u00e1s j\u00f3venes en la creaci\u00f3n y gesti\u00f3n de empresas de acuerdo con las ense\u00f1anzas de la Iglesia Cat\u00f3lica.<\/p>\n<p>Entre las materias que contempla el plan de estudios est\u00e1n la formaci\u00f3n sobre pensamiento cat\u00f3lico de la empresa, en habilidades directivas, y el an\u00e1lisis de casos pr\u00e1cticos. Adem\u00e1s contar\u00e1 con un foro de l\u00edderes empresariales en el que participar\u00e1n, entre otros, Bruno Bobone, presidente de UNIAPAC Internacional, o Javier Fern\u00e1ndez-Cid, presidente de Acci\u00f3n Social Empresarial-ASE.<\/p>\n<p>El programa, que dar\u00e1 comienzo <strong>el s\u00e1bado 14 de octubre de 2023\u00a0<\/strong>y finalizar\u00e1 el s\u00e1bado 16 de diciembre con una ceremonia de clausura y entrega de diplomas, contar\u00e1, asimismo, con la participaci\u00f3n de un elenco de destacados profesores, profesionales, empresarios y dirigentes de empresa que trasmitir\u00e1n a los alumnos todas sus experiencias en el mundo empresarial. \u00a0Las nueve sesiones de las que consta el programa se llevar\u00e1n a cabo, de manera presencial, en el campus de la\u00a0<strong>Universidad Francisco de Vitoria en Pozuelo de Alarc\u00f3n, de 9:00 a 15:30<\/strong> horas.<\/p>\n<p>Gracias a las entidades colaboradoras participantes, entre las que destacan, adem\u00e1s de ASE, las fundaciones Blazer y Nemesio D\u00edaz o la entidad His Way At Work, \u00a0el programa ofrece un importante\u00a0sistema de becas que puede cubrir desde el 50% hasta el 100% del coste de la matr\u00edcula.<\/p>\n<p><strong>La Escuela de Gobierno y Liderazgo Isabel la Cat\u00f3lica<\/strong>, promovida por la Facultad de Derecho, Empresa y Gobierno de la Universidad Francisco de Vitoria, buscar identificar, atraer, formar y acompa\u00f1ar a futuros l\u00edderes de servicio que sepan guiar a las sociedades a trav\u00e9s de un cambio de \u00e9poca de una profundidad y alcance extraordinarios.<\/p>\n<p><strong>Acci\u00f3n Social Empresarial-ASE<\/strong> es la asociaci\u00f3n espa\u00f1ola de empresarios y directivos cristianos. Sin \u00e1nimo de lucro, fue erigida en 1951 por la Conferencia Episcopal Espa\u00f1ola (CEE) y est\u00e1 inscrita en el Registro de Entidades Religiosas. Forma parte de la Uni\u00f3n Cristiana Internacional de Ejecutivos (UNIAPAC) que con presencia en m\u00e1s de\u00a0 40 pa\u00edses de Europa, Am\u00e9rica Latina, Norteam\u00e9rica, \u00c1frica y Asia, representa a m\u00e1s de 45.000 ejecutivos de negocios. Entre los objetivos de la asociaci\u00f3n est\u00e1n la difusi\u00f3n del pensamiento social cristiano en el \u00e1mbito empresarial y econ\u00f3mico, enfoc\u00e1ndolos al servicio de la dignidad de la persona y del bien com\u00fan, el fomento de la iniciativa empresarial y la innovaci\u00f3n, y la promoci\u00f3n de la acci\u00f3n social de las empresas desde la libertad de empresa.<\/p>\n<p>Para m\u00e1s informaci\u00f3n sobre el programa consultar la <a href=\"https:\/\/eglisabellacatolica.com\/\" target=\"_blank\" rel=\"noopener\">p\u00e1gina web<\/a>.<\/p>\n","protected":false},"excerpt":{"rendered":"<p>Colaborando en la primera edici\u00f3n del \u201cPrograma de Doctrina Social de la Iglesia para J\u00f3venes Emprendedores y Empresarios\u201d organizado por la Escuela de Gobierno y Liderazgo Isabel la Cat\u00f3lica<\/p>\n","protected":false},"author":111,"featured_media":84016,"comment_status":"closed","ping_status":"closed","sticky":false,"template":"","format":"standard","meta":{"_acf_changed":false,"_crdt_document":"","inline_featured_image":false,"footnotes":""},"categories":[74,130],"tags":[10119,7537,10121,2523,10122,10118,10120,4953,9084,8888],"class_list":["post-84015","post","type-post","status-publish","format-standard","has-post-thumbnail","hentry","category-iglesia-y-mundo","category-voces","tag-accion-social-empresarial","tag-ase","tag-bruno-bobone","tag-doctrina-social-de-la-iglesia","tag-javier-fernandez-cid","tag-jovenes-emprendedores-cristianos","tag-la-escuela-de-gobierno-y-liderazgo-isabel-la-catolica","tag-trending-es","tag-uniapac","tag-universidad-francisco-de-vitoria"],"acf":[],"yoast_head":"<!-- This site is optimized with the Yoast SEO plugin v27.5 - https:\/\/yoast.com\/product\/yoast-seo-wordpress\/ -->\n<title>Acci\u00f3n Social Empresarial apoya la formaci\u00f3n de los j\u00f3venes emprendedores cristianos &#8211; Exaudi<\/title>\n<meta name=\"robots\" content=\"index, follow, max-snippet:-1, max-image-preview:large, max-video-preview:-1\" \/>\n<link rel=\"canonical\" href=\"https:\/\/exaudi.org\/es\/accion-social-empresarial-apoya-la-formacion-de-los-jovenes-emprendedores-cristianos\/\" \/>\n<meta property=\"og:locale\" content=\"es_ES\" \/>\n<meta property=\"og:type\" content=\"article\" \/>\n<meta property=\"og:title\" content=\"Acci\u00f3n Social Empresarial apoya la formaci\u00f3n de los j\u00f3venes emprendedores cristianos &#8211; Exaudi\" \/>\n<meta property=\"og:description\" content=\"Colaborando en la primera edici\u00f3n del \u201cPrograma de Doctrina Social de la Iglesia para J\u00f3venes Emprendedores y Empresarios\u201d organizado por la Escuela de Gobierno y Liderazgo Isabel la Cat\u00f3lica\" \/>\n<meta property=\"og:url\" content=\"https:\/\/exaudi.org\/es\/accion-social-empresarial-apoya-la-formacion-de-los-jovenes-emprendedores-cristianos\/\" \/>\n<meta property=\"og:site_name\" content=\"Exaudi\" \/>\n<meta property=\"article:publisher\" content=\"https:\/\/www.facebook.com\/ExaudiNews\" \/>\n<meta property=\"article:published_time\" content=\"2023-09-21T07:00:40+00:00\" \/>\n<meta property=\"article:modified_time\" content=\"2023-09-22T16:13:24+00:00\" \/>\n<meta property=\"og:image\" content=\"https:\/\/exaudi.org\/wp-content\/uploads\/2023\/09\/pexels-sora-shimazaki-5669627-scaled.jpg\" \/>\n\t<meta property=\"og:image:width\" content=\"2560\" \/>\n\t<meta property=\"og:image:height\" content=\"1707\" \/>\n\t<meta property=\"og:image:type\" content=\"image\/jpeg\" \/>\n<meta name=\"author\" content=\"ASE\" \/>\n<meta name=\"twitter:card\" content=\"summary_large_image\" \/>\n<meta name=\"twitter:creator\" content=\"@https:\/\/twitter.com\/somosase\" \/>\n<meta name=\"twitter:site\" content=\"@Exaudi_News\" \/>\n<meta name=\"twitter:label1\" content=\"Escrito por\" \/>\n\t<meta name=\"twitter:data1\" content=\"ASE\" \/>\n\t<meta name=\"twitter:label2\" content=\"Tiempo de lectura\" \/>\n\t<meta name=\"twitter:data2\" content=\"2 minutos\" \/>\n<script type=\"application\/ld+json\" class=\"yoast-schema-graph\">{\"@context\":\"https:\\\/\\\/schema.org\",\"@graph\":[{\"@type\":\"Article\",\"@id\":\"https:\\\/\\\/exaudi.org\\\/es\\\/accion-social-empresarial-apoya-la-formacion-de-los-jovenes-emprendedores-cristianos\\\/#article\",\"isPartOf\":{\"@id\":\"https:\\\/\\\/exaudi.org\\\/es\\\/accion-social-empresarial-apoya-la-formacion-de-los-jovenes-emprendedores-cristianos\\\/\"},\"author\":{\"name\":\"ASE\",\"@id\":\"https:\\\/\\\/exaudi.org\\\/#\\\/schema\\\/person\\\/079f96a619bd2de0fa21cacab25f741e\"},\"headline\":\"Acci\u00f3n Social Empresarial apoya la formaci\u00f3n de los j\u00f3venes emprendedores cristianos\",\"datePublished\":\"2023-09-21T07:00:40+00:00\",\"dateModified\":\"2023-09-22T16:13:24+00:00\",\"mainEntityOfPage\":{\"@id\":\"https:\\\/\\\/exaudi.org\\\/es\\\/accion-social-empresarial-apoya-la-formacion-de-los-jovenes-emprendedores-cristianos\\\/\"},\"wordCount\":511,\"image\":{\"@id\":\"https:\\\/\\\/exaudi.org\\\/es\\\/accion-social-empresarial-apoya-la-formacion-de-los-jovenes-emprendedores-cristianos\\\/#primaryimage\"},\"thumbnailUrl\":\"https:\\\/\\\/exaudi.org\\\/wp-content\\\/uploads\\\/2023\\\/09\\\/pexels-sora-shimazaki-5669627-scaled.jpg\",\"keywords\":[\"Acci\u00f3n Social Empresarial\",\"ASE\",\"Bruno Bobone\",\"Doctrina Social de la Iglesia\",\"Javier Fern\u00e1ndez-Cid\",\"j\u00f3venes emprendedores cristianos\",\"La Escuela de Gobierno y Liderazgo Isabel la Cat\u00f3lica\",\"Trending\",\"UNIAPAC\",\"Universidad Francisco de Vitoria\"],\"articleSection\":[\"Iglesia y Mundo\",\"Voces\"],\"inLanguage\":\"es\"},{\"@type\":\"WebPage\",\"@id\":\"https:\\\/\\\/exaudi.org\\\/es\\\/accion-social-empresarial-apoya-la-formacion-de-los-jovenes-emprendedores-cristianos\\\/\",\"url\":\"https:\\\/\\\/exaudi.org\\\/es\\\/accion-social-empresarial-apoya-la-formacion-de-los-jovenes-emprendedores-cristianos\\\/\",\"name\":\"Acci\u00f3n Social Empresarial apoya la formaci\u00f3n de los j\u00f3venes emprendedores cristianos &#8211; Exaudi\",\"isPartOf\":{\"@id\":\"https:\\\/\\\/exaudi.org\\\/#website\"},\"primaryImageOfPage\":{\"@id\":\"https:\\\/\\\/exaudi.org\\\/es\\\/accion-social-empresarial-apoya-la-formacion-de-los-jovenes-emprendedores-cristianos\\\/#primaryimage\"},\"image\":{\"@id\":\"https:\\\/\\\/exaudi.org\\\/es\\\/accion-social-empresarial-apoya-la-formacion-de-los-jovenes-emprendedores-cristianos\\\/#primaryimage\"},\"thumbnailUrl\":\"https:\\\/\\\/exaudi.org\\\/wp-content\\\/uploads\\\/2023\\\/09\\\/pexels-sora-shimazaki-5669627-scaled.jpg\",\"datePublished\":\"2023-09-21T07:00:40+00:00\",\"dateModified\":\"2023-09-22T16:13:24+00:00\",\"author\":{\"@id\":\"https:\\\/\\\/exaudi.org\\\/#\\\/schema\\\/person\\\/079f96a619bd2de0fa21cacab25f741e\"},\"breadcrumb\":{\"@id\":\"https:\\\/\\\/exaudi.org\\\/es\\\/accion-social-empresarial-apoya-la-formacion-de-los-jovenes-emprendedores-cristianos\\\/#breadcrumb\"},\"inLanguage\":\"es\",\"potentialAction\":[{\"@type\":\"ReadAction\",\"target\":[\"https:\\\/\\\/exaudi.org\\\/es\\\/accion-social-empresarial-apoya-la-formacion-de-los-jovenes-emprendedores-cristianos\\\/\"]}]},{\"@type\":\"ImageObject\",\"inLanguage\":\"es\",\"@id\":\"https:\\\/\\\/exaudi.org\\\/es\\\/accion-social-empresarial-apoya-la-formacion-de-los-jovenes-emprendedores-cristianos\\\/#primaryimage\",\"url\":\"https:\\\/\\\/exaudi.org\\\/wp-content\\\/uploads\\\/2023\\\/09\\\/pexels-sora-shimazaki-5669627-scaled.jpg\",\"contentUrl\":\"https:\\\/\\\/exaudi.org\\\/wp-content\\\/uploads\\\/2023\\\/09\\\/pexels-sora-shimazaki-5669627-scaled.jpg\",\"width\":2560,\"height\":1707},{\"@type\":\"BreadcrumbList\",\"@id\":\"https:\\\/\\\/exaudi.org\\\/es\\\/accion-social-empresarial-apoya-la-formacion-de-los-jovenes-emprendedores-cristianos\\\/#breadcrumb\",\"itemListElement\":[{\"@type\":\"ListItem\",\"position\":1,\"name\":\"Portada\",\"item\":\"https:\\\/\\\/exaudi.org\\\/es\\\/\"},{\"@type\":\"ListItem\",\"position\":2,\"name\":\"Acci\u00f3n Social Empresarial apoya la formaci\u00f3n de los j\u00f3venes emprendedores cristianos\"}]},{\"@type\":\"WebSite\",\"@id\":\"https:\\\/\\\/exaudi.org\\\/#website\",\"url\":\"https:\\\/\\\/exaudi.org\\\/\",\"name\":\"Exaudi\",\"description\":\"News\",\"potentialAction\":[{\"@type\":\"SearchAction\",\"target\":{\"@type\":\"EntryPoint\",\"urlTemplate\":\"https:\\\/\\\/exaudi.org\\\/?s={search_term_string}\"},\"query-input\":{\"@type\":\"PropertyValueSpecification\",\"valueRequired\":true,\"valueName\":\"search_term_string\"}}],\"inLanguage\":\"es\"},{\"@type\":\"Person\",\"@id\":\"https:\\\/\\\/exaudi.org\\\/#\\\/schema\\\/person\\\/079f96a619bd2de0fa21cacab25f741e\",\"name\":\"ASE\",\"image\":{\"@type\":\"ImageObject\",\"inLanguage\":\"es\",\"@id\":\"https:\\\/\\\/secure.gravatar.com\\\/avatar\\\/88e2f1318ec4679be125e9e3d76fbe63f85e701cb67566ede2213f3ce5dee074?s=96&d=mm&r=g\",\"url\":\"https:\\\/\\\/secure.gravatar.com\\\/avatar\\\/88e2f1318ec4679be125e9e3d76fbe63f85e701cb67566ede2213f3ce5dee074?s=96&d=mm&r=g\",\"contentUrl\":\"https:\\\/\\\/secure.gravatar.com\\\/avatar\\\/88e2f1318ec4679be125e9e3d76fbe63f85e701cb67566ede2213f3ce5dee074?s=96&d=mm&r=g\",\"caption\":\"ASE\"},\"description\":\"Acci\u00f3n Social Empresarial (ASE) es una asociaci\u00f3n privada de Empresarios, Directivos y profesionales de la Empresa, constituida de acuerdo con las normas del vigente C\u00f3digo de Derecho Can\u00f3nico, y erigida por la Conferencia Episcopal Espa\u00f1ola (CEE) como persona jur\u00eddica. Se rige por estos Estatutos y por las normas can\u00f3nicas que le sean aplicables. Carece de fin de lucro y estar\u00e1 inscrita en el Registro de Entidades Religiosas.\",\"sameAs\":[\"https:\\\/\\\/somosase.es\\\/\",\"https:\\\/\\\/www.instagram.com\\\/somosase\\\/\",\"https:\\\/\\\/www.linkedin.com\\\/in\\\/somosase\\\/\",\"https:\\\/\\\/x.com\\\/https:\\\/\\\/twitter.com\\\/somosase\",\"https:\\\/\\\/www.youtube.com\\\/channel\\\/UCSwPO1wNcCqMnCW7B4BTZIQ\"],\"url\":\"https:\\\/\\\/exaudi.org\\\/es\\\/author\\\/ase\\\/\"}]}<\/script>\n<!-- \/ Yoast SEO plugin. -->","yoast_head_json":{"title":"Acci\u00f3n Social Empresarial apoya la formaci\u00f3n de los j\u00f3venes emprendedores cristianos &#8211; Exaudi","robots":{"index":"index","follow":"follow","max-snippet":"max-snippet:-1","max-image-preview":"max-image-preview:large","max-video-preview":"max-video-preview:-1"},"canonical":"https:\/\/exaudi.org\/es\/accion-social-empresarial-apoya-la-formacion-de-los-jovenes-emprendedores-cristianos\/","og_locale":"es_ES","og_type":"article","og_title":"Acci\u00f3n Social Empresarial apoya la formaci\u00f3n de los j\u00f3venes emprendedores cristianos &#8211; Exaudi","og_description":"Colaborando en la primera edici\u00f3n del \u201cPrograma de Doctrina Social de la Iglesia para J\u00f3venes Emprendedores y Empresarios\u201d organizado por la Escuela de Gobierno y Liderazgo Isabel la Cat\u00f3lica","og_url":"https:\/\/exaudi.org\/es\/accion-social-empresarial-apoya-la-formacion-de-los-jovenes-emprendedores-cristianos\/","og_site_name":"Exaudi","article_publisher":"https:\/\/www.facebook.com\/ExaudiNews","article_published_time":"2023-09-21T07:00:40+00:00","article_modified_time":"2023-09-22T16:13:24+00:00","og_image":[{"width":2560,"height":1707,"url":"https:\/\/exaudi.org\/wp-content\/uploads\/2023\/09\/pexels-sora-shimazaki-5669627-scaled.jpg","type":"image\/jpeg"}],"author":"ASE","twitter_card":"summary_large_image","twitter_creator":"@https:\/\/twitter.com\/somosase","twitter_site":"@Exaudi_News","twitter_misc":{"Escrito por":"ASE","Tiempo de lectura":"2 minutos"},"schema":{"@context":"https:\/\/schema.org","@graph":[{"@type":"Article","@id":"https:\/\/exaudi.org\/es\/accion-social-empresarial-apoya-la-formacion-de-los-jovenes-emprendedores-cristianos\/#article","isPartOf":{"@id":"https:\/\/exaudi.org\/es\/accion-social-empresarial-apoya-la-formacion-de-los-jovenes-emprendedores-cristianos\/"},"author":{"name":"ASE","@id":"https:\/\/exaudi.org\/#\/schema\/person\/079f96a619bd2de0fa21cacab25f741e"},"headline":"Acci\u00f3n Social Empresarial apoya la formaci\u00f3n de los j\u00f3venes emprendedores cristianos","datePublished":"2023-09-21T07:00:40+00:00","dateModified":"2023-09-22T16:13:24+00:00","mainEntityOfPage":{"@id":"https:\/\/exaudi.org\/es\/accion-social-empresarial-apoya-la-formacion-de-los-jovenes-emprendedores-cristianos\/"},"wordCount":511,"image":{"@id":"https:\/\/exaudi.org\/es\/accion-social-empresarial-apoya-la-formacion-de-los-jovenes-emprendedores-cristianos\/#primaryimage"},"thumbnailUrl":"https:\/\/exaudi.org\/wp-content\/uploads\/2023\/09\/pexels-sora-shimazaki-5669627-scaled.jpg","keywords":["Acci\u00f3n Social Empresarial","ASE","Bruno Bobone","Doctrina Social de la Iglesia","Javier Fern\u00e1ndez-Cid","j\u00f3venes emprendedores cristianos","La Escuela de Gobierno y Liderazgo Isabel la Cat\u00f3lica","Trending","UNIAPAC","Universidad Francisco de Vitoria"],"articleSection":["Iglesia y Mundo","Voces"],"inLanguage":"es"},{"@type":"WebPage","@id":"https:\/\/exaudi.org\/es\/accion-social-empresarial-apoya-la-formacion-de-los-jovenes-emprendedores-cristianos\/","url":"https:\/\/exaudi.org\/es\/accion-social-empresarial-apoya-la-formacion-de-los-jovenes-emprendedores-cristianos\/","name":"Acci\u00f3n Social Empresarial apoya la formaci\u00f3n de los j\u00f3venes emprendedores cristianos &#8211; Exaudi","isPartOf":{"@id":"https:\/\/exaudi.org\/#website"},"primaryImageOfPage":{"@id":"https:\/\/exaudi.org\/es\/accion-social-empresarial-apoya-la-formacion-de-los-jovenes-emprendedores-cristianos\/#primaryimage"},"image":{"@id":"https:\/\/exaudi.org\/es\/accion-social-empresarial-apoya-la-formacion-de-los-jovenes-emprendedores-cristianos\/#primaryimage"},"thumbnailUrl":"https:\/\/exaudi.org\/wp-content\/uploads\/2023\/09\/pexels-sora-shimazaki-5669627-scaled.jpg","datePublished":"2023-09-21T07:00:40+00:00","dateModified":"2023-09-22T16:13:24+00:00","author":{"@id":"https:\/\/exaudi.org\/#\/schema\/person\/079f96a619bd2de0fa21cacab25f741e"},"breadcrumb":{"@id":"https:\/\/exaudi.org\/es\/accion-social-empresarial-apoya-la-formacion-de-los-jovenes-emprendedores-cristianos\/#breadcrumb"},"inLanguage":"es","potentialAction":[{"@type":"ReadAction","target":["https:\/\/exaudi.org\/es\/accion-social-empresarial-apoya-la-formacion-de-los-jovenes-emprendedores-cristianos\/"]}]},{"@type":"ImageObject","inLanguage":"es","@id":"https:\/\/exaudi.org\/es\/accion-social-empresarial-apoya-la-formacion-de-los-jovenes-emprendedores-cristianos\/#primaryimage","url":"https:\/\/exaudi.org\/wp-content\/uploads\/2023\/09\/pexels-sora-shimazaki-5669627-scaled.jpg","contentUrl":"https:\/\/exaudi.org\/wp-content\/uploads\/2023\/09\/pexels-sora-shimazaki-5669627-scaled.jpg","width":2560,"height":1707},{"@type":"BreadcrumbList","@id":"https:\/\/exaudi.org\/es\/accion-social-empresarial-apoya-la-formacion-de-los-jovenes-emprendedores-cristianos\/#breadcrumb","itemListElement":[{"@type":"ListItem","position":1,"name":"Portada","item":"https:\/\/exaudi.org\/es\/"},{"@type":"ListItem","position":2,"name":"Acci\u00f3n Social Empresarial apoya la formaci\u00f3n de los j\u00f3venes emprendedores cristianos"}]},{"@type":"WebSite","@id":"https:\/\/exaudi.org\/#website","url":"https:\/\/exaudi.org\/","name":"Exaudi","description":"News","potentialAction":[{"@type":"SearchAction","target":{"@type":"EntryPoint","urlTemplate":"https:\/\/exaudi.org\/?s={search_term_string}"},"query-input":{"@type":"PropertyValueSpecification","valueRequired":true,"valueName":"search_term_string"}}],"inLanguage":"es"},{"@type":"Person","@id":"https:\/\/exaudi.org\/#\/schema\/person\/079f96a619bd2de0fa21cacab25f741e","name":"ASE","image":{"@type":"ImageObject","inLanguage":"es","@id":"https:\/\/secure.gravatar.com\/avatar\/88e2f1318ec4679be125e9e3d76fbe63f85e701cb67566ede2213f3ce5dee074?s=96&d=mm&r=g","url":"https:\/\/secure.gravatar.com\/avatar\/88e2f1318ec4679be125e9e3d76fbe63f85e701cb67566ede2213f3ce5dee074?s=96&d=mm&r=g","contentUrl":"https:\/\/secure.gravatar.com\/avatar\/88e2f1318ec4679be125e9e3d76fbe63f85e701cb67566ede2213f3ce5dee074?s=96&d=mm&r=g","caption":"ASE"},"description":"Acci\u00f3n Social Empresarial (ASE) es una asociaci\u00f3n privada de Empresarios, Directivos y profesionales de la Empresa, constituida de acuerdo con las normas del vigente C\u00f3digo de Derecho Can\u00f3nico, y erigida por la Conferencia Episcopal Espa\u00f1ola (CEE) como persona jur\u00eddica. Se rige por estos Estatutos y por las normas can\u00f3nicas que le sean aplicables. Carece de fin de lucro y estar\u00e1 inscrita en el Registro de Entidades Religiosas.","sameAs":["https:\/\/somosase.es\/","https:\/\/www.instagram.com\/somosase\/","https:\/\/www.linkedin.com\/in\/somosase\/","https:\/\/x.com\/https:\/\/twitter.com\/somosase","https:\/\/www.youtube.com\/channel\/UCSwPO1wNcCqMnCW7B4BTZIQ"],"url":"https:\/\/exaudi.org\/es\/author\/ase\/"}]}},"jetpack_featured_media_url":"https:\/\/exaudi.org\/wp-content\/uploads\/2023\/09\/pexels-sora-shimazaki-5669627-scaled.jpg","jetpack_shortlink":"https:\/\/wp.me\/pgKjF2-lR5","_links":{"self":[{"href":"https:\/\/exaudi.org\/es\/wp-json\/wp\/v2\/posts\/84015","targetHints":{"allow":["GET"]}}],"collection":[{"href":"https:\/\/exaudi.org\/es\/wp-json\/wp\/v2\/posts"}],"about":[{"href":"https:\/\/exaudi.org\/es\/wp-json\/wp\/v2\/types\/post"}],"author":[{"embeddable":true,"href":"https:\/\/exaudi.org\/es\/wp-json\/wp\/v2\/users\/111"}],"replies":[{"embeddable":true,"href":"https:\/\/exaudi.org\/es\/wp-json\/wp\/v2\/comments?post=84015"}],"version-history":[{"count":0,"href":"https:\/\/exaudi.org\/es\/wp-json\/wp\/v2\/posts\/84015\/revisions"}],"wp:featuredmedia":[{"embeddable":true,"href":"https:\/\/exaudi.org\/es\/wp-json\/wp\/v2\/media\/84016"}],"wp:attachment":[{"href":"https:\/\/exaudi.org\/es\/wp-json\/wp\/v2\/media?parent=84015"}],"wp:term":[{"taxonomy":"category","embeddable":true,"href":"https:\/\/exaudi.org\/es\/wp-json\/wp\/v2\/categories?post=84015"},{"taxonomy":"post_tag","embeddable":true,"href":"https:\/\/exaudi.org\/es\/wp-json\/wp\/v2\/tags?post=84015"}],"curies":[{"name":"wp","href":"https:\/\/api.w.org\/{rel}","templated":true}]}}