{"id":83986,"date":"2023-09-21T08:45:44","date_gmt":"2023-09-21T06:45:44","guid":{"rendered":"https:\/\/exaudi.org\/?p=83986"},"modified":"2023-09-26T12:57:48","modified_gmt":"2023-09-26T10:57:48","slug":"titulacion-universitaria-en-la-formacion-de-catequistas","status":"publish","type":"post","link":"https:\/\/exaudi.org\/es\/titulacion-universitaria-en-la-formacion-de-catequistas\/","title":{"rendered":"Titulaci\u00f3n universitaria  en la formaci\u00f3n de catequistas"},"content":{"rendered":"<audio class=\"wp-audio-shortcode\" id=\"audio-83986-1\" preload=\"none\" style=\"width: 100%;\" controls=\"controls\"><source type=\"audio\/mpeg\" src=\"https:\/\/exaudi.org\/wp-content\/uploads\/2023\/09\/BeCat.mp3?_=1\" \/><a href=\"https:\/\/exaudi.org\/wp-content\/uploads\/2023\/09\/BeCat.mp3\">https:\/\/exaudi.org\/wp-content\/uploads\/2023\/09\/BeCat.mp3<\/a><\/audio>\n<p>La Universidad Internacional de La Rioja (UNIR), tras reconocer el trabajo realizado en el proyecto #BeCaT (<a href=\"https:\/\/becat.online\" rel=\"nofollow\">https:\/\/becat.online<\/a>) acaba de poner en marcha un t\u00edtulo propio denominado <strong>\u201cCurso Universitario en Did\u00e1ctica de la Catequesis\u201d, <\/strong>con un plan de estudios sencillo que alcanza el valor de 12 ECTS -unas <strong>300 horas de dedicaci\u00f3n<\/strong>&#8211;<strong>, <\/strong>siguiendo un ritmo muy asequible (12 a 15 horas mensuales) y con un coste simb\u00f3lico (10 \u20ac por asignatura en Espa\u00f1a, 5 \u20ac en Latinoam\u00e9rica). Las materias son independientes y se ofrece la opci\u00f3n de hacer una, varias o todas.<\/p>\n<p>Es una novedad interesante porque, a pesar de la importancia que la Iglesia da a la labor de catequesis, la realidad es que son pocas las acciones formativas sistematizadas y reconocidas dirigidas a los catequistas. Esta situaci\u00f3n contrasta con lo que se afirma en el Directorio para la Catequesis sobre las necesidades formativas de los catequistas. Adem\u00e1s de un \u201cser y saber estar con madurez humana, cristiana y conciencia misionera\u201d, el documento magisterial menciona una amplia relaci\u00f3n de materias que se refieren:<\/p>\n<ul>\n<li><strong>Al estudio<\/strong>: Historia de la salvaci\u00f3n, Antiguo Testamento, Nuevo Testamento, Historia de la Iglesia, S\u00edmbolo de la fe, Liturgia y sacramentos, vida moral, oraci\u00f3n, etc.<\/li>\n<li><strong>A la formaci\u00f3n pedag\u00f3gica y metodol\u00f3gica<\/strong>, como educador y comunicador, necesaria para adquirir una serie de competencias y actitudes.<\/li>\n<\/ul>\n<h3><strong>Dignificar la figura del catequista<\/strong><\/h3>\n<p>Iniciativas como esta no se ven todos los d\u00edas. Y menos cuando vienen avaladas por una trayectoria sobresaliente \u2013 11.000 certificados de cursos obtenidos en los tres \u00faltimos a\u00f1os, con participantes de 23 pa\u00edses, \u2026 &#8211; y por una universidad con reputaci\u00f3n de excelencia en la formaci\u00f3n online como es la UNIR.<\/p>\n<p>El planteamiento del proyecto, seg\u00fan sus responsables, es el de ofrecer un servicio a la familia cristiana y a la sociedad mediante la dignificaci\u00f3n de la figura del catequista, de quien se espera mucho y a quien, por tanto, hay que darle tambi\u00e9n mucho.<\/p>\n<h3><strong>Una oportunidad que conviene aprovechar<\/strong><\/h3>\n<p>\u00bfHabr\u00e1 otras instituciones que pongan en marcha iniciativas similares? Posiblemente, pero es dif\u00edcil alcanzar una equiparaci\u00f3n con lo que aqu\u00ed se ve: experiencia, riqueza de recursos multimedia, excelentes \u00edndices de satisfacci\u00f3n, acompa\u00f1amiento, carencia de \u00e1nimo de lucro \u2026 y, lo que m\u00e1s llama la atenci\u00f3n, disponibilidad para establecer acuerdos de colaboraci\u00f3n con las autoridades eclesi\u00e1sticas e instituciones que prestan un servicio a familias cristianas.<\/p>\n<p>No son s\u00f3lo los catequistas los que necesitan formaci\u00f3n, evidentemente. Todo cristiano deber\u00eda poner los medios para profundizar en cuestiones de fe, y a eso tambi\u00e9n se dirige #BeCaT a trav\u00e9s de otras instituciones que ayudan, como la Fundaci\u00f3n Familia y Fe (<a href=\"https:\/\/familiayfe.org\" target=\"_blank\" rel=\"noopener\">https:\/\/familiayfe.org<\/a>). Ojal\u00e1 contemos con propuestas similares en el futuro; pero, ya que esta esta opci\u00f3n est\u00e1 abierta \u201cen el presente\u201d, convendr\u00eda apoyarla, difundirla y obtener de ella todo el beneficio posible.<\/p>\n<p>El cat\u00f3lico de a pie necesita este tipo de ayuda, asequible a todos, con la misma calidad -por lo menos- que se pide en el \u00e1mbito profesional. Seamos listos, tengamos apertura de mente y conciencia de que se trata de una tarea urgente: no hay peor enemigo de la fe que la ignorancia y no hay mejor amigo de la evangelizaci\u00f3n que la formaci\u00f3n de buenos cristianos. En el fondo, esa es la tarea de la aut\u00e9ntica catequesis.<em> \u00bfNo deber\u00edamos sentirnos todos interpelados por este reto?<\/em><\/p>\n","protected":false},"excerpt":{"rendered":"<p>Novedad: #BeCaT \u2013 UNIR<\/p>\n","protected":false},"author":15,"featured_media":83987,"comment_status":"closed","ping_status":"closed","sticky":false,"template":"","format":"standard","meta":{"_acf_changed":false,"_crdt_document":"","inline_featured_image":false,"footnotes":""},"categories":[74],"tags":[8694,2155,4953,8579],"class_list":["post-83986","post","type-post","status-publish","format-standard","has-post-thumbnail","hentry","category-iglesia-y-mundo","tag-becat","tag-catequistas","tag-trending-es","tag-unir"],"acf":[],"yoast_head":"<!-- This site is optimized with the Yoast SEO plugin v27.5 - https:\/\/yoast.com\/product\/yoast-seo-wordpress\/ -->\n<title>Titulaci\u00f3n universitaria en la formaci\u00f3n de catequistas &#8211; Exaudi<\/title>\n<meta name=\"robots\" content=\"index, follow, max-snippet:-1, max-image-preview:large, max-video-preview:-1\" \/>\n<link rel=\"canonical\" href=\"https:\/\/exaudi.org\/es\/titulacion-universitaria-en-la-formacion-de-catequistas\/\" \/>\n<meta property=\"og:locale\" content=\"es_ES\" \/>\n<meta property=\"og:type\" content=\"article\" \/>\n<meta property=\"og:title\" content=\"Titulaci\u00f3n universitaria en la formaci\u00f3n de catequistas &#8211; Exaudi\" \/>\n<meta property=\"og:description\" content=\"Novedad: #BeCaT \u2013 UNIR\" \/>\n<meta property=\"og:url\" content=\"https:\/\/exaudi.org\/es\/titulacion-universitaria-en-la-formacion-de-catequistas\/\" \/>\n<meta property=\"og:site_name\" content=\"Exaudi\" \/>\n<meta property=\"article:publisher\" content=\"https:\/\/www.facebook.com\/ExaudiNews\" \/>\n<meta property=\"article:author\" content=\"https:\/\/www.facebook.com\/ExaudiNoticias\/\" \/>\n<meta property=\"article:published_time\" content=\"2023-09-21T06:45:44+00:00\" \/>\n<meta property=\"article:modified_time\" content=\"2023-09-26T10:57:48+00:00\" \/>\n<meta property=\"og:image\" content=\"https:\/\/exaudi.org\/wp-content\/uploads\/2023\/09\/Becat.jpg\" \/>\n\t<meta property=\"og:image:width\" content=\"1300\" \/>\n\t<meta property=\"og:image:height\" content=\"542\" \/>\n\t<meta property=\"og:image:type\" content=\"image\/jpeg\" \/>\n<meta name=\"author\" content=\"Exaudi Redacci\u00f3n\" \/>\n<meta name=\"twitter:card\" content=\"summary_large_image\" \/>\n<meta name=\"twitter:creator\" content=\"@Exaudi_noticias\" \/>\n<meta name=\"twitter:site\" content=\"@Exaudi_News\" \/>\n<meta name=\"twitter:label1\" content=\"Escrito por\" \/>\n\t<meta name=\"twitter:data1\" content=\"Exaudi Redacci\u00f3n\" \/>\n\t<meta name=\"twitter:label2\" content=\"Tiempo de lectura\" \/>\n\t<meta name=\"twitter:data2\" content=\"3 minutos\" \/>\n<script type=\"application\/ld+json\" class=\"yoast-schema-graph\">{\"@context\":\"https:\\\/\\\/schema.org\",\"@graph\":[{\"@type\":\"Article\",\"@id\":\"https:\\\/\\\/exaudi.org\\\/es\\\/titulacion-universitaria-en-la-formacion-de-catequistas\\\/#article\",\"isPartOf\":{\"@id\":\"https:\\\/\\\/exaudi.org\\\/es\\\/titulacion-universitaria-en-la-formacion-de-catequistas\\\/\"},\"author\":{\"name\":\"Exaudi Redacci\u00f3n\",\"@id\":\"https:\\\/\\\/exaudi.org\\\/#\\\/schema\\\/person\\\/f5fc8f063065e38742da7afe15f25df7\"},\"headline\":\"Titulaci\u00f3n universitaria en la formaci\u00f3n de catequistas\",\"datePublished\":\"2023-09-21T06:45:44+00:00\",\"dateModified\":\"2023-09-26T10:57:48+00:00\",\"mainEntityOfPage\":{\"@id\":\"https:\\\/\\\/exaudi.org\\\/es\\\/titulacion-universitaria-en-la-formacion-de-catequistas\\\/\"},\"wordCount\":601,\"image\":{\"@id\":\"https:\\\/\\\/exaudi.org\\\/es\\\/titulacion-universitaria-en-la-formacion-de-catequistas\\\/#primaryimage\"},\"thumbnailUrl\":\"https:\\\/\\\/exaudi.org\\\/wp-content\\\/uploads\\\/2023\\\/09\\\/Becat.jpg\",\"keywords\":[\"Becat\",\"Catequistas\",\"Trending\",\"Unir\"],\"articleSection\":[\"Iglesia y Mundo\"],\"inLanguage\":\"es\"},{\"@type\":\"WebPage\",\"@id\":\"https:\\\/\\\/exaudi.org\\\/es\\\/titulacion-universitaria-en-la-formacion-de-catequistas\\\/\",\"url\":\"https:\\\/\\\/exaudi.org\\\/es\\\/titulacion-universitaria-en-la-formacion-de-catequistas\\\/\",\"name\":\"Titulaci\u00f3n universitaria en la formaci\u00f3n de catequistas &#8211; Exaudi\",\"isPartOf\":{\"@id\":\"https:\\\/\\\/exaudi.org\\\/#website\"},\"primaryImageOfPage\":{\"@id\":\"https:\\\/\\\/exaudi.org\\\/es\\\/titulacion-universitaria-en-la-formacion-de-catequistas\\\/#primaryimage\"},\"image\":{\"@id\":\"https:\\\/\\\/exaudi.org\\\/es\\\/titulacion-universitaria-en-la-formacion-de-catequistas\\\/#primaryimage\"},\"thumbnailUrl\":\"https:\\\/\\\/exaudi.org\\\/wp-content\\\/uploads\\\/2023\\\/09\\\/Becat.jpg\",\"datePublished\":\"2023-09-21T06:45:44+00:00\",\"dateModified\":\"2023-09-26T10:57:48+00:00\",\"author\":{\"@id\":\"https:\\\/\\\/exaudi.org\\\/#\\\/schema\\\/person\\\/f5fc8f063065e38742da7afe15f25df7\"},\"breadcrumb\":{\"@id\":\"https:\\\/\\\/exaudi.org\\\/es\\\/titulacion-universitaria-en-la-formacion-de-catequistas\\\/#breadcrumb\"},\"inLanguage\":\"es\",\"potentialAction\":[{\"@type\":\"ReadAction\",\"target\":[\"https:\\\/\\\/exaudi.org\\\/es\\\/titulacion-universitaria-en-la-formacion-de-catequistas\\\/\"]}]},{\"@type\":\"ImageObject\",\"inLanguage\":\"es\",\"@id\":\"https:\\\/\\\/exaudi.org\\\/es\\\/titulacion-universitaria-en-la-formacion-de-catequistas\\\/#primaryimage\",\"url\":\"https:\\\/\\\/exaudi.org\\\/wp-content\\\/uploads\\\/2023\\\/09\\\/Becat.jpg\",\"contentUrl\":\"https:\\\/\\\/exaudi.org\\\/wp-content\\\/uploads\\\/2023\\\/09\\\/Becat.jpg\",\"width\":1300,\"height\":542},{\"@type\":\"BreadcrumbList\",\"@id\":\"https:\\\/\\\/exaudi.org\\\/es\\\/titulacion-universitaria-en-la-formacion-de-catequistas\\\/#breadcrumb\",\"itemListElement\":[{\"@type\":\"ListItem\",\"position\":1,\"name\":\"Portada\",\"item\":\"https:\\\/\\\/exaudi.org\\\/es\\\/\"},{\"@type\":\"ListItem\",\"position\":2,\"name\":\"Titulaci\u00f3n universitaria en la formaci\u00f3n de catequistas\"}]},{\"@type\":\"WebSite\",\"@id\":\"https:\\\/\\\/exaudi.org\\\/#website\",\"url\":\"https:\\\/\\\/exaudi.org\\\/\",\"name\":\"Exaudi\",\"description\":\"News\",\"potentialAction\":[{\"@type\":\"SearchAction\",\"target\":{\"@type\":\"EntryPoint\",\"urlTemplate\":\"https:\\\/\\\/exaudi.org\\\/?s={search_term_string}\"},\"query-input\":{\"@type\":\"PropertyValueSpecification\",\"valueRequired\":true,\"valueName\":\"search_term_string\"}}],\"inLanguage\":\"es\"},{\"@type\":\"Person\",\"@id\":\"https:\\\/\\\/exaudi.org\\\/#\\\/schema\\\/person\\\/f5fc8f063065e38742da7afe15f25df7\",\"name\":\"Exaudi Redacci\u00f3n\",\"image\":{\"@type\":\"ImageObject\",\"inLanguage\":\"es\",\"@id\":\"https:\\\/\\\/secure.gravatar.com\\\/avatar\\\/fe0f6a059fb68d9b3e11bc5850dd4899b1c7492091a3cb6dd9b01b56ad828be2?s=96&d=mm&r=g\",\"url\":\"https:\\\/\\\/secure.gravatar.com\\\/avatar\\\/fe0f6a059fb68d9b3e11bc5850dd4899b1c7492091a3cb6dd9b01b56ad828be2?s=96&d=mm&r=g\",\"contentUrl\":\"https:\\\/\\\/secure.gravatar.com\\\/avatar\\\/fe0f6a059fb68d9b3e11bc5850dd4899b1c7492091a3cb6dd9b01b56ad828be2?s=96&d=mm&r=g\",\"caption\":\"Exaudi Redacci\u00f3n\"},\"description\":\"\u00bfQu\u00e9 es Exaudi News? Exaudi News es un medio de comunicaci\u00f3n cat\u00f3lico internacional que informa, forma y transforma, diariamente en espa\u00f1ol, ingl\u00e9s e italiano. A trav\u00e9s de noticias, art\u00edculos de an\u00e1lisis y transmisiones en directo de los eventos del Papa, Exaudi busca fortalecer la unidad de los cristianos y contribuir a la evangelizaci\u00f3n del mundo, siempre guiados por la doctrina social de la Iglesia. Trabajamos para acercar la verdad y los valores cristianos a cada rinc\u00f3n del planeta. \u00a1Ay\u00fadanos a transformar el mundo con Exaudi! En Exaudi creemos que la evangelizaci\u00f3n y la informaci\u00f3n de calidad pueden cambiar vidas. Para continuar con nuestra misi\u00f3n y expandir nuestro alcance, necesitamos tu ayuda. Adem\u00e1s, buscamos personas comprometidas que deseen unirse a nuestro equipo. Con tu apoyo, lograremos llegar a m\u00e1s personas, difundir el mensaje de Cristo y reforzar la unidad de los cristianos. \u00bfTe unes a nuestra misi\u00f3n? Para m\u00e1s informaci\u00f3n sobre c\u00f3mo colaborar, visita Exaudi.org\\\/es o cont\u00e1ctanos directamente: info@exaudi.org Exaudi: Informa, forma y transforma.\",\"sameAs\":[\"https:\\\/\\\/www.facebook.com\\\/ExaudiNoticias\\\/\",\"https:\\\/\\\/www.instagram.com\\\/exaudi_noticias\\\/\",\"https:\\\/\\\/x.com\\\/Exaudi_noticias\",\"https:\\\/\\\/www.youtube.com\\\/@exaudicatholicnews\"],\"url\":\"https:\\\/\\\/exaudi.org\\\/es\\\/author\\\/redaccionexaudi\\\/\"}]}<\/script>\n<!-- \/ Yoast SEO plugin. -->","yoast_head_json":{"title":"Titulaci\u00f3n universitaria en la formaci\u00f3n de catequistas &#8211; Exaudi","robots":{"index":"index","follow":"follow","max-snippet":"max-snippet:-1","max-image-preview":"max-image-preview:large","max-video-preview":"max-video-preview:-1"},"canonical":"https:\/\/exaudi.org\/es\/titulacion-universitaria-en-la-formacion-de-catequistas\/","og_locale":"es_ES","og_type":"article","og_title":"Titulaci\u00f3n universitaria en la formaci\u00f3n de catequistas &#8211; Exaudi","og_description":"Novedad: #BeCaT \u2013 UNIR","og_url":"https:\/\/exaudi.org\/es\/titulacion-universitaria-en-la-formacion-de-catequistas\/","og_site_name":"Exaudi","article_publisher":"https:\/\/www.facebook.com\/ExaudiNews","article_author":"https:\/\/www.facebook.com\/ExaudiNoticias\/","article_published_time":"2023-09-21T06:45:44+00:00","article_modified_time":"2023-09-26T10:57:48+00:00","og_image":[{"width":1300,"height":542,"url":"https:\/\/exaudi.org\/wp-content\/uploads\/2023\/09\/Becat.jpg","type":"image\/jpeg"}],"author":"Exaudi Redacci\u00f3n","twitter_card":"summary_large_image","twitter_creator":"@Exaudi_noticias","twitter_site":"@Exaudi_News","twitter_misc":{"Escrito por":"Exaudi Redacci\u00f3n","Tiempo de lectura":"3 minutos"},"schema":{"@context":"https:\/\/schema.org","@graph":[{"@type":"Article","@id":"https:\/\/exaudi.org\/es\/titulacion-universitaria-en-la-formacion-de-catequistas\/#article","isPartOf":{"@id":"https:\/\/exaudi.org\/es\/titulacion-universitaria-en-la-formacion-de-catequistas\/"},"author":{"name":"Exaudi Redacci\u00f3n","@id":"https:\/\/exaudi.org\/#\/schema\/person\/f5fc8f063065e38742da7afe15f25df7"},"headline":"Titulaci\u00f3n universitaria en la formaci\u00f3n de catequistas","datePublished":"2023-09-21T06:45:44+00:00","dateModified":"2023-09-26T10:57:48+00:00","mainEntityOfPage":{"@id":"https:\/\/exaudi.org\/es\/titulacion-universitaria-en-la-formacion-de-catequistas\/"},"wordCount":601,"image":{"@id":"https:\/\/exaudi.org\/es\/titulacion-universitaria-en-la-formacion-de-catequistas\/#primaryimage"},"thumbnailUrl":"https:\/\/exaudi.org\/wp-content\/uploads\/2023\/09\/Becat.jpg","keywords":["Becat","Catequistas","Trending","Unir"],"articleSection":["Iglesia y Mundo"],"inLanguage":"es"},{"@type":"WebPage","@id":"https:\/\/exaudi.org\/es\/titulacion-universitaria-en-la-formacion-de-catequistas\/","url":"https:\/\/exaudi.org\/es\/titulacion-universitaria-en-la-formacion-de-catequistas\/","name":"Titulaci\u00f3n universitaria en la formaci\u00f3n de catequistas &#8211; Exaudi","isPartOf":{"@id":"https:\/\/exaudi.org\/#website"},"primaryImageOfPage":{"@id":"https:\/\/exaudi.org\/es\/titulacion-universitaria-en-la-formacion-de-catequistas\/#primaryimage"},"image":{"@id":"https:\/\/exaudi.org\/es\/titulacion-universitaria-en-la-formacion-de-catequistas\/#primaryimage"},"thumbnailUrl":"https:\/\/exaudi.org\/wp-content\/uploads\/2023\/09\/Becat.jpg","datePublished":"2023-09-21T06:45:44+00:00","dateModified":"2023-09-26T10:57:48+00:00","author":{"@id":"https:\/\/exaudi.org\/#\/schema\/person\/f5fc8f063065e38742da7afe15f25df7"},"breadcrumb":{"@id":"https:\/\/exaudi.org\/es\/titulacion-universitaria-en-la-formacion-de-catequistas\/#breadcrumb"},"inLanguage":"es","potentialAction":[{"@type":"ReadAction","target":["https:\/\/exaudi.org\/es\/titulacion-universitaria-en-la-formacion-de-catequistas\/"]}]},{"@type":"ImageObject","inLanguage":"es","@id":"https:\/\/exaudi.org\/es\/titulacion-universitaria-en-la-formacion-de-catequistas\/#primaryimage","url":"https:\/\/exaudi.org\/wp-content\/uploads\/2023\/09\/Becat.jpg","contentUrl":"https:\/\/exaudi.org\/wp-content\/uploads\/2023\/09\/Becat.jpg","width":1300,"height":542},{"@type":"BreadcrumbList","@id":"https:\/\/exaudi.org\/es\/titulacion-universitaria-en-la-formacion-de-catequistas\/#breadcrumb","itemListElement":[{"@type":"ListItem","position":1,"name":"Portada","item":"https:\/\/exaudi.org\/es\/"},{"@type":"ListItem","position":2,"name":"Titulaci\u00f3n universitaria en la formaci\u00f3n de catequistas"}]},{"@type":"WebSite","@id":"https:\/\/exaudi.org\/#website","url":"https:\/\/exaudi.org\/","name":"Exaudi","description":"News","potentialAction":[{"@type":"SearchAction","target":{"@type":"EntryPoint","urlTemplate":"https:\/\/exaudi.org\/?s={search_term_string}"},"query-input":{"@type":"PropertyValueSpecification","valueRequired":true,"valueName":"search_term_string"}}],"inLanguage":"es"},{"@type":"Person","@id":"https:\/\/exaudi.org\/#\/schema\/person\/f5fc8f063065e38742da7afe15f25df7","name":"Exaudi Redacci\u00f3n","image":{"@type":"ImageObject","inLanguage":"es","@id":"https:\/\/secure.gravatar.com\/avatar\/fe0f6a059fb68d9b3e11bc5850dd4899b1c7492091a3cb6dd9b01b56ad828be2?s=96&d=mm&r=g","url":"https:\/\/secure.gravatar.com\/avatar\/fe0f6a059fb68d9b3e11bc5850dd4899b1c7492091a3cb6dd9b01b56ad828be2?s=96&d=mm&r=g","contentUrl":"https:\/\/secure.gravatar.com\/avatar\/fe0f6a059fb68d9b3e11bc5850dd4899b1c7492091a3cb6dd9b01b56ad828be2?s=96&d=mm&r=g","caption":"Exaudi Redacci\u00f3n"},"description":"\u00bfQu\u00e9 es Exaudi News? Exaudi News es un medio de comunicaci\u00f3n cat\u00f3lico internacional que informa, forma y transforma, diariamente en espa\u00f1ol, ingl\u00e9s e italiano. A trav\u00e9s de noticias, art\u00edculos de an\u00e1lisis y transmisiones en directo de los eventos del Papa, Exaudi busca fortalecer la unidad de los cristianos y contribuir a la evangelizaci\u00f3n del mundo, siempre guiados por la doctrina social de la Iglesia. Trabajamos para acercar la verdad y los valores cristianos a cada rinc\u00f3n del planeta. \u00a1Ay\u00fadanos a transformar el mundo con Exaudi! En Exaudi creemos que la evangelizaci\u00f3n y la informaci\u00f3n de calidad pueden cambiar vidas. Para continuar con nuestra misi\u00f3n y expandir nuestro alcance, necesitamos tu ayuda. Adem\u00e1s, buscamos personas comprometidas que deseen unirse a nuestro equipo. Con tu apoyo, lograremos llegar a m\u00e1s personas, difundir el mensaje de Cristo y reforzar la unidad de los cristianos. \u00bfTe unes a nuestra misi\u00f3n? Para m\u00e1s informaci\u00f3n sobre c\u00f3mo colaborar, visita Exaudi.org\/es o cont\u00e1ctanos directamente: info@exaudi.org Exaudi: Informa, forma y transforma.","sameAs":["https:\/\/www.facebook.com\/ExaudiNoticias\/","https:\/\/www.instagram.com\/exaudi_noticias\/","https:\/\/x.com\/Exaudi_noticias","https:\/\/www.youtube.com\/@exaudicatholicnews"],"url":"https:\/\/exaudi.org\/es\/author\/redaccionexaudi\/"}]}},"jetpack_featured_media_url":"https:\/\/exaudi.org\/wp-content\/uploads\/2023\/09\/Becat.jpg","jetpack_shortlink":"https:\/\/wp.me\/pgKjF2-lQC","_links":{"self":[{"href":"https:\/\/exaudi.org\/es\/wp-json\/wp\/v2\/posts\/83986","targetHints":{"allow":["GET"]}}],"collection":[{"href":"https:\/\/exaudi.org\/es\/wp-json\/wp\/v2\/posts"}],"about":[{"href":"https:\/\/exaudi.org\/es\/wp-json\/wp\/v2\/types\/post"}],"author":[{"embeddable":true,"href":"https:\/\/exaudi.org\/es\/wp-json\/wp\/v2\/users\/15"}],"replies":[{"embeddable":true,"href":"https:\/\/exaudi.org\/es\/wp-json\/wp\/v2\/comments?post=83986"}],"version-history":[{"count":0,"href":"https:\/\/exaudi.org\/es\/wp-json\/wp\/v2\/posts\/83986\/revisions"}],"wp:featuredmedia":[{"embeddable":true,"href":"https:\/\/exaudi.org\/es\/wp-json\/wp\/v2\/media\/83987"}],"wp:attachment":[{"href":"https:\/\/exaudi.org\/es\/wp-json\/wp\/v2\/media?parent=83986"}],"wp:term":[{"taxonomy":"category","embeddable":true,"href":"https:\/\/exaudi.org\/es\/wp-json\/wp\/v2\/categories?post=83986"},{"taxonomy":"post_tag","embeddable":true,"href":"https:\/\/exaudi.org\/es\/wp-json\/wp\/v2\/tags?post=83986"}],"curies":[{"name":"wp","href":"https:\/\/api.w.org\/{rel}","templated":true}]}}