{"id":83969,"date":"2023-09-21T08:30:37","date_gmt":"2023-09-21T06:30:37","guid":{"rendered":"https:\/\/exaudi.org\/?p=83969"},"modified":"2023-09-26T12:57:56","modified_gmt":"2023-09-26T10:57:56","slug":"jornada-mundial-de-la-juventud-una-oportunidad-para-despertar-el-interes-por-el-aprendizaje-servicio-solidario","status":"publish","type":"post","link":"https:\/\/exaudi.org\/es\/jornada-mundial-de-la-juventud-una-oportunidad-para-despertar-el-interes-por-el-aprendizaje-servicio-solidario\/","title":{"rendered":"Jornada Mundial de la Juventud, una oportunidad para despertar el inter\u00e9s  por el aprendizaje-servicio solidario"},"content":{"rendered":"<audio class=\"wp-audio-shortcode\" id=\"audio-83969-1\" preload=\"none\" style=\"width: 100%;\" controls=\"controls\"><source type=\"audio\/mpeg\" src=\"https:\/\/exaudi.org\/wp-content\/uploads\/2023\/09\/JMJ.mp3?_=1\" \/><a href=\"https:\/\/exaudi.org\/wp-content\/uploads\/2023\/09\/JMJ.mp3\">https:\/\/exaudi.org\/wp-content\/uploads\/2023\/09\/JMJ.mp3<\/a><\/audio>\n<p><span style=\"font-weight: 400\">El Centro Latinoamericano de Aprendizaje y Servicio Solidario (<\/span><a href=\"https:\/\/www.clayss.org.ar\/index.html\" target=\"_blank\" rel=\"noopener\"><b>CLAYSS<\/b><\/a><span style=\"font-weight: 400\">)-<\/span><a href=\"https:\/\/www.uniservitate.org\/\" target=\"_blank\" rel=\"noopener\"><b>Uniservitate<\/b><\/a><span style=\"font-weight: 400\"> estuvo presente en Lisboa 2023 en la 37\u00ba Jornada Mundial de la Juventud (JMJ) con un stand en la Feria vocacional. En ese marco, la red global fue presentada en una mesa redonda convocada por el <\/span><b>Dicasterio para la Cultura y Educaci\u00f3n de la Santa Sede<\/b><span style=\"font-weight: 400\">.<\/span><span style=\"font-weight: 400\"><br \/>\n<\/span><span style=\"font-weight: 400\">La participaci\u00f3n de Uniservitate en la JMJ se fundament\u00f3 en la alianza estrat\u00e9gica que se viene desarrollando con el Dicasterio para la Cultura y Educaci\u00f3n en el marco del <\/span><a href=\"https:\/\/www.educationglobalcompact.org\/resources\/Risorse\/vademecum-espanol.pdf\" target=\"_blank\" rel=\"noopener\"><b>Pacto Educativo Global<\/b> <\/a><span style=\"font-weight: 400\">y, en particular, con el \u00e1rea de Educaci\u00f3n Superior. En ese contexto, Uniservitate promovi\u00f3 varias acciones preparatorias de la JMJ como la realizaci\u00f3n de <\/span><i><span style=\"font-weight: 400\">focus groups<\/span><\/i><span style=\"font-weight: 400\">. Los mismos se focalizaron en el futuro de la educaci\u00f3n y la <\/span><b>contribuci\u00f3n del aprendizaje-servicio solidario<\/b><span style=\"font-weight: 400\"> al logro de una educaci\u00f3n integral. Para ello, sesenta estudiantes de cinco universidades de distintos pa\u00edses respondieron preguntas sobre qu\u00e9 esperan de la educaci\u00f3n, la importancia del aprender y el valor del servicio.<\/span><\/p>\n<p><span style=\"font-weight: 400\"><img loading=\"lazy\" decoding=\"async\" class=\"alignleft wp-image-83979\" src=\"https:\/\/exaudi.org\/wp-content\/uploads\/2023\/09\/01.-Presencia-de-Uniservitate-en-la-JMJ-2023-Credito_-UNISERVITATE-scaled.jpg\" alt=\"\" width=\"764\" height=\"573\" srcset=\"https:\/\/exaudi.org\/wp-content\/uploads\/2023\/09\/01.-Presencia-de-Uniservitate-en-la-JMJ-2023-Credito_-UNISERVITATE-scaled.jpg 2560w, https:\/\/exaudi.org\/wp-content\/uploads\/2023\/09\/01.-Presencia-de-Uniservitate-en-la-JMJ-2023-Credito_-UNISERVITATE-300x225.jpg 300w, https:\/\/exaudi.org\/wp-content\/uploads\/2023\/09\/01.-Presencia-de-Uniservitate-en-la-JMJ-2023-Credito_-UNISERVITATE-1024x768.jpg 1024w, https:\/\/exaudi.org\/wp-content\/uploads\/2023\/09\/01.-Presencia-de-Uniservitate-en-la-JMJ-2023-Credito_-UNISERVITATE-770x578.jpg 770w, https:\/\/exaudi.org\/wp-content\/uploads\/2023\/09\/01.-Presencia-de-Uniservitate-en-la-JMJ-2023-Credito_-UNISERVITATE-1536x1152.jpg 1536w, https:\/\/exaudi.org\/wp-content\/uploads\/2023\/09\/01.-Presencia-de-Uniservitate-en-la-JMJ-2023-Credito_-UNISERVITATE-2048x1536.jpg 2048w, https:\/\/exaudi.org\/wp-content\/uploads\/2023\/09\/01.-Presencia-de-Uniservitate-en-la-JMJ-2023-Credito_-UNISERVITATE-500x375.jpg 500w, https:\/\/exaudi.org\/wp-content\/uploads\/2023\/09\/01.-Presencia-de-Uniservitate-en-la-JMJ-2023-Credito_-UNISERVITATE-293x220.jpg 293w, https:\/\/exaudi.org\/wp-content\/uploads\/2023\/09\/01.-Presencia-de-Uniservitate-en-la-JMJ-2023-Credito_-UNISERVITATE-1400x1050.jpg 1400w, https:\/\/exaudi.org\/wp-content\/uploads\/2023\/09\/01.-Presencia-de-Uniservitate-en-la-JMJ-2023-Credito_-UNISERVITATE-390x293.jpg 390w\" sizes=\"auto, (max-width: 764px) 100vw, 764px\" \/>\u201c<\/span><i><span style=\"font-weight: 400\">Hay j\u00f3venes que afirman que es muy dif\u00edcil poner junto al servicio y el aprendizaje, la vida y el estudio; por eso esta es una buena oportunidad para conocer m\u00e1s sobre Uniservitate<\/span><\/i><span style=\"font-weight: 400\">\u201d, expres\u00f3 la <\/span><b>subsecretaria de ese Dicasterio, Antonella Sciarrone Alibrandi<\/b><span style=\"font-weight: 400\">, moderadora del evento titulado \u201c<\/span><i><span style=\"font-weight: 400\">Hope, a calling to educate<\/span><\/i><span style=\"font-weight: 400\">\u201d en el que participaron los representantes de CLAYSS &#8211; Uniservitate junto con ante unos cuatrocientos j\u00f3venes junto a otras tres experiencias educativas inspiradoras convocadas por el Dicasterio para la Cultura y la Educaci\u00f3n de la Santa Sede.<\/span><\/p>\n<p><b>Isabel Tresca<\/b><span style=\"font-weight: 400\">, asesora pedag\u00f3gica en CLAYSS-Uniservitate coment\u00f3 al respecto: \u201c<\/span><i><span style=\"font-weight: 400\">Hemos presentado el valor del aprendizaje-servicio en la Educaci\u00f3n Superior y los objetivos de Uniservitate para lograr un cambio sistem\u00e1tico en las instituciones educativas cat\u00f3licas. \u00a1Y tuvimos una gran recepci\u00f3n!<\/span><\/i><span style=\"font-weight: 400\">\u201d. Y agreg\u00f3: \u201c<\/span><i><span style=\"font-weight: 400\">Adem\u00e1s, confirmamos nuestra adhesi\u00f3n al Pacto Educativo Global como una necesidad de seguir caminando juntos por una educaci\u00f3n integral, equitativa, igualitaria<\/span><\/i><span style=\"font-weight: 400\">\u201d.\u00a0<\/span><\/p>\n<p><span style=\"font-weight: 400\">Por su parte, <\/span><b>Mariano Garc\u00eda<\/b><span style=\"font-weight: 400\">, otro de los representantes de CLAYSS &#8211; Uniservitate ley\u00f3 la respuesta de un estudiante de la Universidad Cat\u00f3lica de Paran\u00e1 (Brasil) en uno de los <\/span><i><span style=\"font-weight: 400\">focus groups<\/span><\/i><span style=\"font-weight: 400\"> previos a la JMJ, como representativa del deseo de muchos: \u201c<\/span><i><span style=\"font-weight: 400\">Que el Pacto Educativo no se quede en promesas, sino que se aplique de forma efectiva, garantizando que todos los ni\u00f1os y j\u00f3venes tengan acceso a una educaci\u00f3n inclusiva, equitativa y de calidad, independientemente de su origen, g\u00e9nero, raza, religi\u00f3n o estatus socioecon\u00f3mico<\/span><\/i><span style=\"font-weight: 400\">\u201d.\u00a0<\/span><\/p>\n<h3><b>\u201cSue\u00f1o con una generaci\u00f3n de maestros\u201d<\/b><\/h3>\n<p><span style=\"font-weight: 400\">El <\/span><b>Papa Francisco <\/b><span style=\"font-weight: 400\">visit\u00f3 la <\/span><b>Universidad Cat\u00f3lica Portuguesa<\/b><span style=\"font-weight: 400\"> (UCP), una de las instituciones miembro de Uniservitate, e, imbuido por el esp\u00edritu de la JMJ llam\u00f3 a los\u00a0 estudiantes presentes \u201c<\/span><i><span style=\"font-weight: 400\">peregrinos del saber<\/span><\/i><span style=\"font-weight: 400\">\u201d. Invit\u00f3 a los j\u00f3venes a preguntarse qu\u00e9 les gustar\u00eda cambiar en Portugal y en el mundo y de qu\u00e9 manera la universidad, sobre todo la cat\u00f3lica, puede contribuir a esa transformaci\u00f3n. Y agreg\u00f3: \u00ab<\/span><i><span style=\"font-weight: 400\">Este anciano que les habla \u2014porque ya estoy viejo\u2014 sue\u00f1a que vuestra generaci\u00f3n sea una generaci\u00f3n de maestros: maestros en humanidad, maestros en compasi\u00f3n, maestros en nuevas oportunidades para el planeta y sus habitantes, maestros de esperanza. Y maestros que defiendan la vida del planeta amenazada en este momento por una grave destrucci\u00f3n ecol\u00f3gica<\/span><\/i><span style=\"font-weight: 400\">\u201d.<\/span><\/p>\n<p><span style=\"font-weight: 400\">Antes del mensaje del Pont\u00edfice dieron testimonio cuatro j\u00f3venes, una de los cuales valor\u00f3 especialmente el aprendizaje-servicio. <\/span><b>Mariana Craveiro, estudiante de psicolog\u00eda<\/b><span style=\"font-weight: 400\">, cont\u00f3 que en la UCP conoci\u00f3 el aprendizaje-servicio y esta propuesta pedag\u00f3gica le facilit\u00f3 una comprensi\u00f3n m\u00e1s integradora de las cuestiones curriculares y una mayor convicci\u00f3n sobre la responsabilidad c\u00edvica que implica la educaci\u00f3n. Y, dirigi\u00e9ndose al Papa, afirm\u00f3: \u201c<\/span><i><span style=\"font-weight: 400\">Querido padre, quiero ser protagonista del cambio y no una joven que mira por la ventana como el mundo pasa<\/span><\/i><span style=\"font-weight: 400\">\u00ab.<\/span><\/p>\n<p><span style=\"font-weight: 400\"><img loading=\"lazy\" decoding=\"async\" class=\" wp-image-83970 alignright\" src=\"https:\/\/exaudi.org\/wp-content\/uploads\/2023\/09\/04.-Presencia-de-Uniservitate-en-la-JMJ-2023-Credito_-UNISERVITATE.jpg\" alt=\"\" width=\"639\" height=\"497\" srcset=\"https:\/\/exaudi.org\/wp-content\/uploads\/2023\/09\/04.-Presencia-de-Uniservitate-en-la-JMJ-2023-Credito_-UNISERVITATE.jpg 1159w, https:\/\/exaudi.org\/wp-content\/uploads\/2023\/09\/04.-Presencia-de-Uniservitate-en-la-JMJ-2023-Credito_-UNISERVITATE-300x233.jpg 300w, https:\/\/exaudi.org\/wp-content\/uploads\/2023\/09\/04.-Presencia-de-Uniservitate-en-la-JMJ-2023-Credito_-UNISERVITATE-1024x796.jpg 1024w, https:\/\/exaudi.org\/wp-content\/uploads\/2023\/09\/04.-Presencia-de-Uniservitate-en-la-JMJ-2023-Credito_-UNISERVITATE-770x599.jpg 770w, https:\/\/exaudi.org\/wp-content\/uploads\/2023\/09\/04.-Presencia-de-Uniservitate-en-la-JMJ-2023-Credito_-UNISERVITATE-500x389.jpg 500w, https:\/\/exaudi.org\/wp-content\/uploads\/2023\/09\/04.-Presencia-de-Uniservitate-en-la-JMJ-2023-Credito_-UNISERVITATE-293x228.jpg 293w, https:\/\/exaudi.org\/wp-content\/uploads\/2023\/09\/04.-Presencia-de-Uniservitate-en-la-JMJ-2023-Credito_-UNISERVITATE-390x303.jpg 390w\" sizes=\"auto, (max-width: 639px) 100vw, 639px\" \/>Otro de los j\u00f3venes, <\/span><b>Tom\u00e1s Virtuoso, estudiante de Teolog\u00eda<\/b><span style=\"font-weight: 400\">, destac\u00f3 las ense\u00f1anzas de la Laudato Si\u2019 y entreg\u00f3 al Papa el Manifiesto fruto del IV Congreso Internacional del Cuidado de la Creaci\u00f3n, realizado en las v\u00edsperas de la JMJ en la UCP.<\/span><\/p>\n<p><b>La rectora de la UCP, Isabel Capeloa Gil<\/b><span style=\"font-weight: 400\">, al dar la bienvenida al Santo Padre afirm\u00f3 que \u201c<\/span><i><span style=\"font-weight: 400\">la universidad no existe para preservarse como instituci\u00f3n, sino para responder con valent\u00eda a los desaf\u00edos del presente y del futuro<\/span><\/i><span style=\"font-weight: 400\">\u201d. Concepto al que Francisco complet\u00f3 luego: \u201c<\/span><i><span style=\"font-weight: 400\">Ser\u00eda un desperdicio pensar en una universidad comprometida en formar a las nuevas generaciones solo para perpetuar el actual sistema elitista y desigual del mundo, en el que la instrucci\u00f3n superior es un privilegio para unos pocos. Si el conocimiento no es acogido como responsabilidad, se vuelve est\u00e9ril. Si el que ha recibido una instrucci\u00f3n superior no se esfuerza por restituir algo de aquello con lo que ha sido beneficiado, en el fondo no ha comprendido lo que se le ha ofrecido\u201d. <\/span><\/i><span style=\"font-weight: 400\">El Papa\u00a0<\/span><span style=\"font-weight: 400\">tambi\u00e9n inst\u00f3 a los j\u00f3venes a que<\/span><i><span style=\"font-weight: 400\"> \u201cno sean administradores de miedos, sino emprendedores de sue\u00f1os<\/span><\/i><span style=\"font-weight: 400\">\u201d.<\/span><\/p>\n<h3><b>Universitate en la JMJ<\/b><\/h3>\n<p><span style=\"font-weight: 400\">El stand de <\/span><b>Uniservitate<\/b><span style=\"font-weight: 400\">, uno de los 130 incluidos desplegados bajo la sombra de enormes \u00e1rboles del Jardim Vasco da Gama, en Bel\u00e9m (Lisboa), despert\u00f3 especial inter\u00e9s de los j\u00f3venes que lo descubr\u00edan entre los espacios de \u00f3rdenes religiosas, movimientos, asociaciones y proyectos sociales.<\/span><\/p>\n<p><span style=\"font-weight: 400\">Los peregrinos eran recibidos por los representantes de <\/span><b>CLAYSS<\/b><span style=\"font-weight: 400\"> \u2014Isabel Tresca, Mariano Garc\u00eda y Mar\u00eda de los Milagros Dominici\u2014 o por j\u00f3venes de universidades o instituciones que forman parte de la red global de Uniservitate como las universidades cat\u00f3licas de Chile, de Ucrania, de la Portuguesa, de la LUMSA de Italia y del Tangaza University College de Kenya, as\u00ed como de los Maristas de M\u00e9xico, Paraguay, Uruguay y Argentina. Despu\u00e9s de armar un rompecabezas con la forma poli\u00e9drica del logotipo de Uniservitate los visitantes pod\u00edan acceder con sus tel\u00e9fonos m\u00f3viles a videos sobre experiencias de aprendizaje-servicio solidario de distintos pa\u00edses. Adem\u00e1s, se les ofrec\u00eda responder a preguntas sobre solidaridad y educaci\u00f3n a las que acced\u00edan tambi\u00e9n a trav\u00e9s de un QR as\u00ed como a m\u00e1s informaci\u00f3n sobre el aprendizaje y servicio solidario y Uniservitate.\u00a0<\/span><\/p>\n<p><span style=\"font-weight: 400\">Todos, voluntarios y peregrinos, compartieron all\u00ed, adem\u00e1s de ricos mates argentinos, interesantes di\u00e1logos sobre sus experiencias en acciones solidarias y proyectos de aprendizaje-servicio y se tejieron entre ellos imprevistas y c\u00e1lidas redes de amistad.<\/span><\/p>\n<p><b>Sobre Uniservitate. <\/b><span style=\"font-weight: 400\">Uniservitate es un programa global para la promoci\u00f3n del Aprendizaje-Servicio en las Instituciones Cat\u00f3licas de Educaci\u00f3n Superior (ICC). Es una iniciativa de Porticus y est\u00e1 coordinado por CLAYSS. Su objetivo es generar un cambio sist\u00e9mico a trav\u00e9s de la institucionalizaci\u00f3n del aprendizaje-servicio\/compromiso con la comunidad como una herramienta para que las instituciones de educaci\u00f3n superior cumplan con su misi\u00f3n de ofrecer una educaci\u00f3n integral a las nuevas generaciones e involucrarse en un compromiso activo con los problemas de nuestro tiempo. La red global de Uniservitate est\u00e1 presente en 26 pa\u00edses de los 5 continentes a trav\u00e9s de asociaciones con m\u00e1s de 30 universidades e instituciones de educaci\u00f3n superior. M\u00e1s informaci\u00f3n: <\/span><a href=\"http:\/\/www.uniservitate.org\" target=\"_blank\" rel=\"noopener\"><span style=\"font-weight: 400\">www.uniservitate.org<\/span><\/a><span style=\"font-weight: 400\"> &#8211; Redes sociales: <\/span><a href=\"https:\/\/www.facebook.com\/uniservitate\/\" target=\"_blank\" rel=\"noopener\"><span style=\"font-weight: 400\">Facebook<\/span><\/a><span style=\"font-weight: 400\">, <\/span><a href=\"https:\/\/www.instagram.com\/uniservitate\/\" target=\"_blank\" rel=\"noopener\"><span style=\"font-weight: 400\">Instagram<\/span><\/a><span style=\"font-weight: 400\">, <\/span><a href=\"https:\/\/twitter.com\/i\/flow\/login?redirect_after_login=%2Funiservitate%2F\" target=\"_blank\" rel=\"noopener\"><span style=\"font-weight: 400\">Twitter<\/span><\/a><span style=\"font-weight: 400\">, <\/span><a href=\"https:\/\/www.linkedin.com\/authwall?trk=bf&amp;trkInfo=AQFsQuxFDNsCaQAAAYqEm4fgnipzJUI6XDU9kLkzmjusH8peKQFa5A-kJEcBXnMPxgZzpevDXY-2EEqf0lPe9PRts74bT3fBcb9WxQqCots5e2jzNZcoS3E5R1FJ-3gSlq4lNiw=&amp;original_referer=&amp;sessionRedirect=https%3A%2F%2Fwww.linkedin.com%2Fcompany%2Funiservitate%2F\" target=\"_blank\" rel=\"noopener\"><span style=\"font-weight: 400\">LinkedIn<\/span><\/a><span style=\"font-weight: 400\">, <\/span><a href=\"https:\/\/www.youtube.com\/channel\/UC-Zgel6NrRWFz2xp8HkkW6A?view_as=subscriber\" target=\"_blank\" rel=\"noopener\"><span style=\"font-weight: 400\">YouTube<\/span><\/a><span style=\"font-weight: 400\">.<\/span><\/p>\n","protected":false},"excerpt":{"rendered":"<p>La \u00faltima JMJ de Portugal fue el escenario ideal para que los j\u00f3venes reflexionen sobre qu\u00e9 esperan de la educaci\u00f3n, la importancia del aprender y el valor del servicio<\/p>\n","protected":false},"author":15,"featured_media":83973,"comment_status":"closed","ping_status":"closed","sticky":false,"template":"","format":"standard","meta":{"_acf_changed":false,"_crdt_document":"","inline_featured_image":false,"footnotes":""},"categories":[74],"tags":[9770,7351,5593,726,4953,7307],"class_list":["post-83969","post","type-post","status-publish","format-standard","has-post-thumbnail","hentry","category-iglesia-y-mundo","tag-aprendizaje","tag-jmj","tag-servicio","tag-solidaridad","tag-trending-es","tag-uniservitate"],"acf":[],"yoast_head":"<!-- This site is optimized with the Yoast SEO plugin v27.4 - https:\/\/yoast.com\/product\/yoast-seo-wordpress\/ -->\n<title>Jornada Mundial de la Juventud, una oportunidad para despertar el inter\u00e9s por el aprendizaje-servicio solidario &#8211; Exaudi<\/title>\n<meta name=\"robots\" content=\"index, follow, max-snippet:-1, max-image-preview:large, max-video-preview:-1\" \/>\n<link rel=\"canonical\" href=\"https:\/\/exaudi.org\/es\/jornada-mundial-de-la-juventud-una-oportunidad-para-despertar-el-interes-por-el-aprendizaje-servicio-solidario\/\" \/>\n<meta property=\"og:locale\" content=\"es_ES\" \/>\n<meta property=\"og:type\" content=\"article\" \/>\n<meta property=\"og:title\" content=\"Jornada Mundial de la Juventud, una oportunidad para despertar el inter\u00e9s por el aprendizaje-servicio solidario &#8211; Exaudi\" \/>\n<meta property=\"og:description\" content=\"La \u00faltima JMJ de Portugal fue el escenario ideal para que los j\u00f3venes reflexionen sobre qu\u00e9 esperan de la educaci\u00f3n, la importancia del aprender y el valor del servicio\" \/>\n<meta property=\"og:url\" content=\"https:\/\/exaudi.org\/es\/jornada-mundial-de-la-juventud-una-oportunidad-para-despertar-el-interes-por-el-aprendizaje-servicio-solidario\/\" \/>\n<meta property=\"og:site_name\" content=\"Exaudi\" \/>\n<meta property=\"article:publisher\" content=\"https:\/\/www.facebook.com\/ExaudiNews\" \/>\n<meta property=\"article:author\" content=\"https:\/\/www.facebook.com\/ExaudiNoticias\/\" \/>\n<meta property=\"article:published_time\" content=\"2023-09-21T06:30:37+00:00\" \/>\n<meta property=\"article:modified_time\" content=\"2023-09-26T10:57:56+00:00\" \/>\n<meta property=\"og:image\" content=\"https:\/\/exaudi.org\/wp-content\/uploads\/2023\/09\/03.-Presencia-de-Uniservitate-en-la-JMJ-2023-Credito_-UNISERVITATE-e1695203555528.jpg\" \/>\n\t<meta property=\"og:image:width\" content=\"1440\" \/>\n\t<meta property=\"og:image:height\" content=\"972\" \/>\n\t<meta property=\"og:image:type\" content=\"image\/jpeg\" \/>\n<meta name=\"author\" content=\"Exaudi Redacci\u00f3n\" \/>\n<meta name=\"twitter:card\" content=\"summary_large_image\" \/>\n<meta name=\"twitter:creator\" content=\"@Exaudi_noticias\" \/>\n<meta name=\"twitter:site\" content=\"@Exaudi_News\" \/>\n<meta name=\"twitter:label1\" content=\"Escrito por\" \/>\n\t<meta name=\"twitter:data1\" content=\"Exaudi Redacci\u00f3n\" \/>\n\t<meta name=\"twitter:label2\" content=\"Tiempo de lectura\" \/>\n\t<meta name=\"twitter:data2\" content=\"6 minutos\" \/>\n<script type=\"application\/ld+json\" class=\"yoast-schema-graph\">{\"@context\":\"https:\\\/\\\/schema.org\",\"@graph\":[{\"@type\":\"Article\",\"@id\":\"https:\\\/\\\/exaudi.org\\\/es\\\/jornada-mundial-de-la-juventud-una-oportunidad-para-despertar-el-interes-por-el-aprendizaje-servicio-solidario\\\/#article\",\"isPartOf\":{\"@id\":\"https:\\\/\\\/exaudi.org\\\/es\\\/jornada-mundial-de-la-juventud-una-oportunidad-para-despertar-el-interes-por-el-aprendizaje-servicio-solidario\\\/\"},\"author\":{\"name\":\"Exaudi Redacci\u00f3n\",\"@id\":\"https:\\\/\\\/exaudi.org\\\/#\\\/schema\\\/person\\\/f5fc8f063065e38742da7afe15f25df7\"},\"headline\":\"Jornada Mundial de la Juventud, una oportunidad para despertar el inter\u00e9s por el aprendizaje-servicio solidario\",\"datePublished\":\"2023-09-21T06:30:37+00:00\",\"dateModified\":\"2023-09-26T10:57:56+00:00\",\"mainEntityOfPage\":{\"@id\":\"https:\\\/\\\/exaudi.org\\\/es\\\/jornada-mundial-de-la-juventud-una-oportunidad-para-despertar-el-interes-por-el-aprendizaje-servicio-solidario\\\/\"},\"wordCount\":1263,\"image\":{\"@id\":\"https:\\\/\\\/exaudi.org\\\/es\\\/jornada-mundial-de-la-juventud-una-oportunidad-para-despertar-el-interes-por-el-aprendizaje-servicio-solidario\\\/#primaryimage\"},\"thumbnailUrl\":\"https:\\\/\\\/exaudi.org\\\/wp-content\\\/uploads\\\/2023\\\/09\\\/03.-Presencia-de-Uniservitate-en-la-JMJ-2023-Credito_-UNISERVITATE-e1695203555528.jpg\",\"keywords\":[\"Aprendizaje\",\"JMJ\",\"Servicio\",\"solidaridad\",\"Trending\",\"Uniservitate\"],\"articleSection\":[\"Iglesia y Mundo\"],\"inLanguage\":\"es\"},{\"@type\":\"WebPage\",\"@id\":\"https:\\\/\\\/exaudi.org\\\/es\\\/jornada-mundial-de-la-juventud-una-oportunidad-para-despertar-el-interes-por-el-aprendizaje-servicio-solidario\\\/\",\"url\":\"https:\\\/\\\/exaudi.org\\\/es\\\/jornada-mundial-de-la-juventud-una-oportunidad-para-despertar-el-interes-por-el-aprendizaje-servicio-solidario\\\/\",\"name\":\"Jornada Mundial de la Juventud, una oportunidad para despertar el inter\u00e9s por el aprendizaje-servicio solidario &#8211; Exaudi\",\"isPartOf\":{\"@id\":\"https:\\\/\\\/exaudi.org\\\/#website\"},\"primaryImageOfPage\":{\"@id\":\"https:\\\/\\\/exaudi.org\\\/es\\\/jornada-mundial-de-la-juventud-una-oportunidad-para-despertar-el-interes-por-el-aprendizaje-servicio-solidario\\\/#primaryimage\"},\"image\":{\"@id\":\"https:\\\/\\\/exaudi.org\\\/es\\\/jornada-mundial-de-la-juventud-una-oportunidad-para-despertar-el-interes-por-el-aprendizaje-servicio-solidario\\\/#primaryimage\"},\"thumbnailUrl\":\"https:\\\/\\\/exaudi.org\\\/wp-content\\\/uploads\\\/2023\\\/09\\\/03.-Presencia-de-Uniservitate-en-la-JMJ-2023-Credito_-UNISERVITATE-e1695203555528.jpg\",\"datePublished\":\"2023-09-21T06:30:37+00:00\",\"dateModified\":\"2023-09-26T10:57:56+00:00\",\"author\":{\"@id\":\"https:\\\/\\\/exaudi.org\\\/#\\\/schema\\\/person\\\/f5fc8f063065e38742da7afe15f25df7\"},\"breadcrumb\":{\"@id\":\"https:\\\/\\\/exaudi.org\\\/es\\\/jornada-mundial-de-la-juventud-una-oportunidad-para-despertar-el-interes-por-el-aprendizaje-servicio-solidario\\\/#breadcrumb\"},\"inLanguage\":\"es\",\"potentialAction\":[{\"@type\":\"ReadAction\",\"target\":[\"https:\\\/\\\/exaudi.org\\\/es\\\/jornada-mundial-de-la-juventud-una-oportunidad-para-despertar-el-interes-por-el-aprendizaje-servicio-solidario\\\/\"]}]},{\"@type\":\"ImageObject\",\"inLanguage\":\"es\",\"@id\":\"https:\\\/\\\/exaudi.org\\\/es\\\/jornada-mundial-de-la-juventud-una-oportunidad-para-despertar-el-interes-por-el-aprendizaje-servicio-solidario\\\/#primaryimage\",\"url\":\"https:\\\/\\\/exaudi.org\\\/wp-content\\\/uploads\\\/2023\\\/09\\\/03.-Presencia-de-Uniservitate-en-la-JMJ-2023-Credito_-UNISERVITATE-e1695203555528.jpg\",\"contentUrl\":\"https:\\\/\\\/exaudi.org\\\/wp-content\\\/uploads\\\/2023\\\/09\\\/03.-Presencia-de-Uniservitate-en-la-JMJ-2023-Credito_-UNISERVITATE-e1695203555528.jpg\",\"width\":1440,\"height\":972},{\"@type\":\"BreadcrumbList\",\"@id\":\"https:\\\/\\\/exaudi.org\\\/es\\\/jornada-mundial-de-la-juventud-una-oportunidad-para-despertar-el-interes-por-el-aprendizaje-servicio-solidario\\\/#breadcrumb\",\"itemListElement\":[{\"@type\":\"ListItem\",\"position\":1,\"name\":\"Portada\",\"item\":\"https:\\\/\\\/exaudi.org\\\/es\\\/\"},{\"@type\":\"ListItem\",\"position\":2,\"name\":\"Jornada Mundial de la Juventud, una oportunidad para despertar el inter\u00e9s por el aprendizaje-servicio solidario\"}]},{\"@type\":\"WebSite\",\"@id\":\"https:\\\/\\\/exaudi.org\\\/#website\",\"url\":\"https:\\\/\\\/exaudi.org\\\/\",\"name\":\"Exaudi\",\"description\":\"News\",\"potentialAction\":[{\"@type\":\"SearchAction\",\"target\":{\"@type\":\"EntryPoint\",\"urlTemplate\":\"https:\\\/\\\/exaudi.org\\\/?s={search_term_string}\"},\"query-input\":{\"@type\":\"PropertyValueSpecification\",\"valueRequired\":true,\"valueName\":\"search_term_string\"}}],\"inLanguage\":\"es\"},{\"@type\":\"Person\",\"@id\":\"https:\\\/\\\/exaudi.org\\\/#\\\/schema\\\/person\\\/f5fc8f063065e38742da7afe15f25df7\",\"name\":\"Exaudi Redacci\u00f3n\",\"image\":{\"@type\":\"ImageObject\",\"inLanguage\":\"es\",\"@id\":\"https:\\\/\\\/secure.gravatar.com\\\/avatar\\\/fe0f6a059fb68d9b3e11bc5850dd4899b1c7492091a3cb6dd9b01b56ad828be2?s=96&d=mm&r=g\",\"url\":\"https:\\\/\\\/secure.gravatar.com\\\/avatar\\\/fe0f6a059fb68d9b3e11bc5850dd4899b1c7492091a3cb6dd9b01b56ad828be2?s=96&d=mm&r=g\",\"contentUrl\":\"https:\\\/\\\/secure.gravatar.com\\\/avatar\\\/fe0f6a059fb68d9b3e11bc5850dd4899b1c7492091a3cb6dd9b01b56ad828be2?s=96&d=mm&r=g\",\"caption\":\"Exaudi Redacci\u00f3n\"},\"description\":\"\u00bfQu\u00e9 es Exaudi News? Exaudi News es un medio de comunicaci\u00f3n cat\u00f3lico internacional que informa, forma y transforma, diariamente en espa\u00f1ol, ingl\u00e9s e italiano. A trav\u00e9s de noticias, art\u00edculos de an\u00e1lisis y transmisiones en directo de los eventos del Papa, Exaudi busca fortalecer la unidad de los cristianos y contribuir a la evangelizaci\u00f3n del mundo, siempre guiados por la doctrina social de la Iglesia. Trabajamos para acercar la verdad y los valores cristianos a cada rinc\u00f3n del planeta. \u00a1Ay\u00fadanos a transformar el mundo con Exaudi! En Exaudi creemos que la evangelizaci\u00f3n y la informaci\u00f3n de calidad pueden cambiar vidas. Para continuar con nuestra misi\u00f3n y expandir nuestro alcance, necesitamos tu ayuda. Adem\u00e1s, buscamos personas comprometidas que deseen unirse a nuestro equipo. Con tu apoyo, lograremos llegar a m\u00e1s personas, difundir el mensaje de Cristo y reforzar la unidad de los cristianos. \u00bfTe unes a nuestra misi\u00f3n? Para m\u00e1s informaci\u00f3n sobre c\u00f3mo colaborar, visita Exaudi.org\\\/es o cont\u00e1ctanos directamente: info@exaudi.org Exaudi: Informa, forma y transforma.\",\"sameAs\":[\"https:\\\/\\\/www.facebook.com\\\/ExaudiNoticias\\\/\",\"https:\\\/\\\/www.instagram.com\\\/exaudi_noticias\\\/\",\"https:\\\/\\\/x.com\\\/Exaudi_noticias\",\"https:\\\/\\\/www.youtube.com\\\/@exaudicatholicnews\"],\"url\":\"https:\\\/\\\/exaudi.org\\\/es\\\/author\\\/redaccionexaudi\\\/\"}]}<\/script>\n<!-- \/ Yoast SEO plugin. -->","yoast_head_json":{"title":"Jornada Mundial de la Juventud, una oportunidad para despertar el inter\u00e9s por el aprendizaje-servicio solidario &#8211; Exaudi","robots":{"index":"index","follow":"follow","max-snippet":"max-snippet:-1","max-image-preview":"max-image-preview:large","max-video-preview":"max-video-preview:-1"},"canonical":"https:\/\/exaudi.org\/es\/jornada-mundial-de-la-juventud-una-oportunidad-para-despertar-el-interes-por-el-aprendizaje-servicio-solidario\/","og_locale":"es_ES","og_type":"article","og_title":"Jornada Mundial de la Juventud, una oportunidad para despertar el inter\u00e9s por el aprendizaje-servicio solidario &#8211; Exaudi","og_description":"La \u00faltima JMJ de Portugal fue el escenario ideal para que los j\u00f3venes reflexionen sobre qu\u00e9 esperan de la educaci\u00f3n, la importancia del aprender y el valor del servicio","og_url":"https:\/\/exaudi.org\/es\/jornada-mundial-de-la-juventud-una-oportunidad-para-despertar-el-interes-por-el-aprendizaje-servicio-solidario\/","og_site_name":"Exaudi","article_publisher":"https:\/\/www.facebook.com\/ExaudiNews","article_author":"https:\/\/www.facebook.com\/ExaudiNoticias\/","article_published_time":"2023-09-21T06:30:37+00:00","article_modified_time":"2023-09-26T10:57:56+00:00","og_image":[{"width":1440,"height":972,"url":"https:\/\/exaudi.org\/wp-content\/uploads\/2023\/09\/03.-Presencia-de-Uniservitate-en-la-JMJ-2023-Credito_-UNISERVITATE-e1695203555528.jpg","type":"image\/jpeg"}],"author":"Exaudi Redacci\u00f3n","twitter_card":"summary_large_image","twitter_creator":"@Exaudi_noticias","twitter_site":"@Exaudi_News","twitter_misc":{"Escrito por":"Exaudi Redacci\u00f3n","Tiempo de lectura":"6 minutos"},"schema":{"@context":"https:\/\/schema.org","@graph":[{"@type":"Article","@id":"https:\/\/exaudi.org\/es\/jornada-mundial-de-la-juventud-una-oportunidad-para-despertar-el-interes-por-el-aprendizaje-servicio-solidario\/#article","isPartOf":{"@id":"https:\/\/exaudi.org\/es\/jornada-mundial-de-la-juventud-una-oportunidad-para-despertar-el-interes-por-el-aprendizaje-servicio-solidario\/"},"author":{"name":"Exaudi Redacci\u00f3n","@id":"https:\/\/exaudi.org\/#\/schema\/person\/f5fc8f063065e38742da7afe15f25df7"},"headline":"Jornada Mundial de la Juventud, una oportunidad para despertar el inter\u00e9s por el aprendizaje-servicio solidario","datePublished":"2023-09-21T06:30:37+00:00","dateModified":"2023-09-26T10:57:56+00:00","mainEntityOfPage":{"@id":"https:\/\/exaudi.org\/es\/jornada-mundial-de-la-juventud-una-oportunidad-para-despertar-el-interes-por-el-aprendizaje-servicio-solidario\/"},"wordCount":1263,"image":{"@id":"https:\/\/exaudi.org\/es\/jornada-mundial-de-la-juventud-una-oportunidad-para-despertar-el-interes-por-el-aprendizaje-servicio-solidario\/#primaryimage"},"thumbnailUrl":"https:\/\/exaudi.org\/wp-content\/uploads\/2023\/09\/03.-Presencia-de-Uniservitate-en-la-JMJ-2023-Credito_-UNISERVITATE-e1695203555528.jpg","keywords":["Aprendizaje","JMJ","Servicio","solidaridad","Trending","Uniservitate"],"articleSection":["Iglesia y Mundo"],"inLanguage":"es"},{"@type":"WebPage","@id":"https:\/\/exaudi.org\/es\/jornada-mundial-de-la-juventud-una-oportunidad-para-despertar-el-interes-por-el-aprendizaje-servicio-solidario\/","url":"https:\/\/exaudi.org\/es\/jornada-mundial-de-la-juventud-una-oportunidad-para-despertar-el-interes-por-el-aprendizaje-servicio-solidario\/","name":"Jornada Mundial de la Juventud, una oportunidad para despertar el inter\u00e9s por el aprendizaje-servicio solidario &#8211; Exaudi","isPartOf":{"@id":"https:\/\/exaudi.org\/#website"},"primaryImageOfPage":{"@id":"https:\/\/exaudi.org\/es\/jornada-mundial-de-la-juventud-una-oportunidad-para-despertar-el-interes-por-el-aprendizaje-servicio-solidario\/#primaryimage"},"image":{"@id":"https:\/\/exaudi.org\/es\/jornada-mundial-de-la-juventud-una-oportunidad-para-despertar-el-interes-por-el-aprendizaje-servicio-solidario\/#primaryimage"},"thumbnailUrl":"https:\/\/exaudi.org\/wp-content\/uploads\/2023\/09\/03.-Presencia-de-Uniservitate-en-la-JMJ-2023-Credito_-UNISERVITATE-e1695203555528.jpg","datePublished":"2023-09-21T06:30:37+00:00","dateModified":"2023-09-26T10:57:56+00:00","author":{"@id":"https:\/\/exaudi.org\/#\/schema\/person\/f5fc8f063065e38742da7afe15f25df7"},"breadcrumb":{"@id":"https:\/\/exaudi.org\/es\/jornada-mundial-de-la-juventud-una-oportunidad-para-despertar-el-interes-por-el-aprendizaje-servicio-solidario\/#breadcrumb"},"inLanguage":"es","potentialAction":[{"@type":"ReadAction","target":["https:\/\/exaudi.org\/es\/jornada-mundial-de-la-juventud-una-oportunidad-para-despertar-el-interes-por-el-aprendizaje-servicio-solidario\/"]}]},{"@type":"ImageObject","inLanguage":"es","@id":"https:\/\/exaudi.org\/es\/jornada-mundial-de-la-juventud-una-oportunidad-para-despertar-el-interes-por-el-aprendizaje-servicio-solidario\/#primaryimage","url":"https:\/\/exaudi.org\/wp-content\/uploads\/2023\/09\/03.-Presencia-de-Uniservitate-en-la-JMJ-2023-Credito_-UNISERVITATE-e1695203555528.jpg","contentUrl":"https:\/\/exaudi.org\/wp-content\/uploads\/2023\/09\/03.-Presencia-de-Uniservitate-en-la-JMJ-2023-Credito_-UNISERVITATE-e1695203555528.jpg","width":1440,"height":972},{"@type":"BreadcrumbList","@id":"https:\/\/exaudi.org\/es\/jornada-mundial-de-la-juventud-una-oportunidad-para-despertar-el-interes-por-el-aprendizaje-servicio-solidario\/#breadcrumb","itemListElement":[{"@type":"ListItem","position":1,"name":"Portada","item":"https:\/\/exaudi.org\/es\/"},{"@type":"ListItem","position":2,"name":"Jornada Mundial de la Juventud, una oportunidad para despertar el inter\u00e9s por el aprendizaje-servicio solidario"}]},{"@type":"WebSite","@id":"https:\/\/exaudi.org\/#website","url":"https:\/\/exaudi.org\/","name":"Exaudi","description":"News","potentialAction":[{"@type":"SearchAction","target":{"@type":"EntryPoint","urlTemplate":"https:\/\/exaudi.org\/?s={search_term_string}"},"query-input":{"@type":"PropertyValueSpecification","valueRequired":true,"valueName":"search_term_string"}}],"inLanguage":"es"},{"@type":"Person","@id":"https:\/\/exaudi.org\/#\/schema\/person\/f5fc8f063065e38742da7afe15f25df7","name":"Exaudi Redacci\u00f3n","image":{"@type":"ImageObject","inLanguage":"es","@id":"https:\/\/secure.gravatar.com\/avatar\/fe0f6a059fb68d9b3e11bc5850dd4899b1c7492091a3cb6dd9b01b56ad828be2?s=96&d=mm&r=g","url":"https:\/\/secure.gravatar.com\/avatar\/fe0f6a059fb68d9b3e11bc5850dd4899b1c7492091a3cb6dd9b01b56ad828be2?s=96&d=mm&r=g","contentUrl":"https:\/\/secure.gravatar.com\/avatar\/fe0f6a059fb68d9b3e11bc5850dd4899b1c7492091a3cb6dd9b01b56ad828be2?s=96&d=mm&r=g","caption":"Exaudi Redacci\u00f3n"},"description":"\u00bfQu\u00e9 es Exaudi News? Exaudi News es un medio de comunicaci\u00f3n cat\u00f3lico internacional que informa, forma y transforma, diariamente en espa\u00f1ol, ingl\u00e9s e italiano. A trav\u00e9s de noticias, art\u00edculos de an\u00e1lisis y transmisiones en directo de los eventos del Papa, Exaudi busca fortalecer la unidad de los cristianos y contribuir a la evangelizaci\u00f3n del mundo, siempre guiados por la doctrina social de la Iglesia. Trabajamos para acercar la verdad y los valores cristianos a cada rinc\u00f3n del planeta. \u00a1Ay\u00fadanos a transformar el mundo con Exaudi! En Exaudi creemos que la evangelizaci\u00f3n y la informaci\u00f3n de calidad pueden cambiar vidas. Para continuar con nuestra misi\u00f3n y expandir nuestro alcance, necesitamos tu ayuda. Adem\u00e1s, buscamos personas comprometidas que deseen unirse a nuestro equipo. Con tu apoyo, lograremos llegar a m\u00e1s personas, difundir el mensaje de Cristo y reforzar la unidad de los cristianos. \u00bfTe unes a nuestra misi\u00f3n? Para m\u00e1s informaci\u00f3n sobre c\u00f3mo colaborar, visita Exaudi.org\/es o cont\u00e1ctanos directamente: info@exaudi.org Exaudi: Informa, forma y transforma.","sameAs":["https:\/\/www.facebook.com\/ExaudiNoticias\/","https:\/\/www.instagram.com\/exaudi_noticias\/","https:\/\/x.com\/Exaudi_noticias","https:\/\/www.youtube.com\/@exaudicatholicnews"],"url":"https:\/\/exaudi.org\/es\/author\/redaccionexaudi\/"}]}},"jetpack_featured_media_url":"https:\/\/exaudi.org\/wp-content\/uploads\/2023\/09\/03.-Presencia-de-Uniservitate-en-la-JMJ-2023-Credito_-UNISERVITATE-e1695203555528.jpg","jetpack_shortlink":"https:\/\/wp.me\/pgKjF2-lQl","_links":{"self":[{"href":"https:\/\/exaudi.org\/es\/wp-json\/wp\/v2\/posts\/83969","targetHints":{"allow":["GET"]}}],"collection":[{"href":"https:\/\/exaudi.org\/es\/wp-json\/wp\/v2\/posts"}],"about":[{"href":"https:\/\/exaudi.org\/es\/wp-json\/wp\/v2\/types\/post"}],"author":[{"embeddable":true,"href":"https:\/\/exaudi.org\/es\/wp-json\/wp\/v2\/users\/15"}],"replies":[{"embeddable":true,"href":"https:\/\/exaudi.org\/es\/wp-json\/wp\/v2\/comments?post=83969"}],"version-history":[{"count":0,"href":"https:\/\/exaudi.org\/es\/wp-json\/wp\/v2\/posts\/83969\/revisions"}],"wp:featuredmedia":[{"embeddable":true,"href":"https:\/\/exaudi.org\/es\/wp-json\/wp\/v2\/media\/83973"}],"wp:attachment":[{"href":"https:\/\/exaudi.org\/es\/wp-json\/wp\/v2\/media?parent=83969"}],"wp:term":[{"taxonomy":"category","embeddable":true,"href":"https:\/\/exaudi.org\/es\/wp-json\/wp\/v2\/categories?post=83969"},{"taxonomy":"post_tag","embeddable":true,"href":"https:\/\/exaudi.org\/es\/wp-json\/wp\/v2\/tags?post=83969"}],"curies":[{"name":"wp","href":"https:\/\/api.w.org\/{rel}","templated":true}]}}