{"id":83930,"date":"2023-09-19T18:17:54","date_gmt":"2023-09-19T16:17:54","guid":{"rendered":"https:\/\/exaudi.org\/?p=83930"},"modified":"2023-09-19T18:21:32","modified_gmt":"2023-09-19T16:21:32","slug":"francisco-reza-a-la-virgen-por-su-viaje-a-marsella","status":"publish","type":"post","link":"https:\/\/exaudi.org\/es\/francisco-reza-a-la-virgen-por-su-viaje-a-marsella\/","title":{"rendered":"Francisco reza a la Virgen por su viaje a Marsella"},"content":{"rendered":"<audio class=\"wp-audio-shortcode\" id=\"audio-83930-1\" preload=\"none\" style=\"width: 100%;\" controls=\"controls\"><source type=\"audio\/mpeg\" src=\"https:\/\/exaudi.org\/wp-content\/uploads\/2023\/09\/Viaje-Marsella.mp3?_=1\" \/><a href=\"https:\/\/exaudi.org\/wp-content\/uploads\/2023\/09\/Viaje-Marsella.mp3\">https:\/\/exaudi.org\/wp-content\/uploads\/2023\/09\/Viaje-Marsella.mp3<\/a><\/audio>\n<p>Siguiendo una tradici\u00f3n muy grata para Francisco, este martes 19 de septiembre por la ma\u00f1ana\u00a0el Pont\u00edfice dej\u00f3 la Casa Santa Marta y se dirigi\u00f3 a la Bas\u00edlica de Santa Mar\u00eda La Mayor, donde, como es costumbre, se detuvo en oraci\u00f3n ante el icono de la\u00a0<i>Virgen Salus Populi Romani<\/i>, encomend\u00e1ndole su pr\u00f3ximo Viaje Apost\u00f3lico a Marsella. Lo informa el director de la Oficina de Prensa de la Santa Sede, Matteo Bruni,\u00a0en comunicaci\u00f3n a los periodistas. Al final regres\u00f3 al Vaticano.<\/p>\n<p>Francisco ser\u00e1 el primer Sucesor de Pedro en visitar la ciudad ubicada en el sur de Francia en cinco siglos. La presencia del Obispo de Roma ser\u00e1 en el marco de la conclusi\u00f3n de los \u00abEncuentros Mediterr\u00e1neos\u00bb.<\/p>\n","protected":false},"excerpt":{"rendered":"<p>El Santo Padre visit\u00f3 la Bas\u00edlica de Santa Mar\u00eda la Mayor, como es habitual antes de cada viaje apost\u00f3lico. El Pont\u00edfice estar\u00e1 en Marsella, Francia, del 22 al 23 de septiembre para la conclusi\u00f3n de los \u00abEncuentros Mediterr\u00e1neos\u00bb<\/p>\n","protected":false},"author":15,"featured_media":83931,"comment_status":"closed","ping_status":"closed","sticky":false,"template":"","format":"standard","meta":{"_acf_changed":false,"_crdt_document":"","inline_featured_image":false,"footnotes":""},"categories":[68,126],"tags":[1293,676,158,4953,5843,1119],"class_list":["post-83930","post","type-post","status-publish","format-standard","has-post-thumbnail","hentry","category-leon-xiv","category-viajes-papales","tag-francia","tag-oracion","tag-papa-francisco","tag-trending-es","tag-viaje-apostolico","tag-virgen-maria"],"acf":[],"yoast_head":"<!-- This site is optimized with the Yoast SEO plugin v27.5 - https:\/\/yoast.com\/product\/yoast-seo-wordpress\/ -->\n<title>Francisco reza a la Virgen por su viaje a Marsella &#8211; Exaudi<\/title>\n<meta name=\"robots\" content=\"index, follow, max-snippet:-1, max-image-preview:large, max-video-preview:-1\" \/>\n<link rel=\"canonical\" href=\"https:\/\/exaudi.org\/es\/francisco-reza-a-la-virgen-por-su-viaje-a-marsella\/\" \/>\n<meta property=\"og:locale\" content=\"es_ES\" \/>\n<meta property=\"og:type\" content=\"article\" \/>\n<meta property=\"og:title\" content=\"Francisco reza a la Virgen por su viaje a Marsella &#8211; Exaudi\" \/>\n<meta property=\"og:description\" content=\"El Santo Padre visit\u00f3 la Bas\u00edlica de Santa Mar\u00eda la Mayor, como es habitual antes de cada viaje apost\u00f3lico. El Pont\u00edfice estar\u00e1 en Marsella, Francia, del 22 al 23 de septiembre para la conclusi\u00f3n de los &quot;Encuentros Mediterr\u00e1neos&quot;\" \/>\n<meta property=\"og:url\" content=\"https:\/\/exaudi.org\/es\/francisco-reza-a-la-virgen-por-su-viaje-a-marsella\/\" \/>\n<meta property=\"og:site_name\" content=\"Exaudi\" \/>\n<meta property=\"article:publisher\" content=\"https:\/\/www.facebook.com\/ExaudiNews\" \/>\n<meta property=\"article:author\" content=\"https:\/\/www.facebook.com\/ExaudiNoticias\/\" \/>\n<meta property=\"article:published_time\" content=\"2023-09-19T16:17:54+00:00\" \/>\n<meta property=\"article:modified_time\" content=\"2023-09-19T16:21:32+00:00\" \/>\n<meta property=\"og:image\" content=\"https:\/\/exaudi.org\/wp-content\/uploads\/2023\/09\/F6YTtT9XEAAsiWA.webp\" \/>\n\t<meta property=\"og:image:width\" content=\"680\" \/>\n\t<meta property=\"og:image:height\" content=\"488\" \/>\n\t<meta property=\"og:image:type\" content=\"image\/webp\" \/>\n<meta name=\"author\" content=\"Exaudi Redacci\u00f3n\" \/>\n<meta name=\"twitter:card\" content=\"summary_large_image\" \/>\n<meta name=\"twitter:creator\" content=\"@Exaudi_noticias\" \/>\n<meta name=\"twitter:site\" content=\"@Exaudi_News\" \/>\n<meta name=\"twitter:label1\" content=\"Escrito por\" \/>\n\t<meta name=\"twitter:data1\" content=\"Exaudi Redacci\u00f3n\" \/>\n\t<meta name=\"twitter:label2\" content=\"Tiempo de lectura\" \/>\n\t<meta name=\"twitter:data2\" content=\"1 minuto\" \/>\n<script type=\"application\/ld+json\" class=\"yoast-schema-graph\">{\"@context\":\"https:\\\/\\\/schema.org\",\"@graph\":[{\"@type\":\"Article\",\"@id\":\"https:\\\/\\\/exaudi.org\\\/es\\\/francisco-reza-a-la-virgen-por-su-viaje-a-marsella\\\/#article\",\"isPartOf\":{\"@id\":\"https:\\\/\\\/exaudi.org\\\/es\\\/francisco-reza-a-la-virgen-por-su-viaje-a-marsella\\\/\"},\"author\":{\"name\":\"Exaudi Redacci\u00f3n\",\"@id\":\"https:\\\/\\\/exaudi.org\\\/#\\\/schema\\\/person\\\/f5fc8f063065e38742da7afe15f25df7\"},\"headline\":\"Francisco reza a la Virgen por su viaje a Marsella\",\"datePublished\":\"2023-09-19T16:17:54+00:00\",\"dateModified\":\"2023-09-19T16:21:32+00:00\",\"mainEntityOfPage\":{\"@id\":\"https:\\\/\\\/exaudi.org\\\/es\\\/francisco-reza-a-la-virgen-por-su-viaje-a-marsella\\\/\"},\"wordCount\":150,\"image\":{\"@id\":\"https:\\\/\\\/exaudi.org\\\/es\\\/francisco-reza-a-la-virgen-por-su-viaje-a-marsella\\\/#primaryimage\"},\"thumbnailUrl\":\"https:\\\/\\\/exaudi.org\\\/wp-content\\\/uploads\\\/2023\\\/09\\\/F6YTtT9XEAAsiWA.webp\",\"keywords\":[\"Francia\",\"Oraci\u00f3n\",\"papa francisco\",\"Trending\",\"Viaje Apost\u00f3lico\",\"Virgen Mar\u00eda\"],\"articleSection\":[\"Le\u00f3n XIV\",\"Viajes Papales\"],\"inLanguage\":\"es\"},{\"@type\":\"WebPage\",\"@id\":\"https:\\\/\\\/exaudi.org\\\/es\\\/francisco-reza-a-la-virgen-por-su-viaje-a-marsella\\\/\",\"url\":\"https:\\\/\\\/exaudi.org\\\/es\\\/francisco-reza-a-la-virgen-por-su-viaje-a-marsella\\\/\",\"name\":\"Francisco reza a la Virgen por su viaje a Marsella &#8211; Exaudi\",\"isPartOf\":{\"@id\":\"https:\\\/\\\/exaudi.org\\\/#website\"},\"primaryImageOfPage\":{\"@id\":\"https:\\\/\\\/exaudi.org\\\/es\\\/francisco-reza-a-la-virgen-por-su-viaje-a-marsella\\\/#primaryimage\"},\"image\":{\"@id\":\"https:\\\/\\\/exaudi.org\\\/es\\\/francisco-reza-a-la-virgen-por-su-viaje-a-marsella\\\/#primaryimage\"},\"thumbnailUrl\":\"https:\\\/\\\/exaudi.org\\\/wp-content\\\/uploads\\\/2023\\\/09\\\/F6YTtT9XEAAsiWA.webp\",\"datePublished\":\"2023-09-19T16:17:54+00:00\",\"dateModified\":\"2023-09-19T16:21:32+00:00\",\"author\":{\"@id\":\"https:\\\/\\\/exaudi.org\\\/#\\\/schema\\\/person\\\/f5fc8f063065e38742da7afe15f25df7\"},\"breadcrumb\":{\"@id\":\"https:\\\/\\\/exaudi.org\\\/es\\\/francisco-reza-a-la-virgen-por-su-viaje-a-marsella\\\/#breadcrumb\"},\"inLanguage\":\"es\",\"potentialAction\":[{\"@type\":\"ReadAction\",\"target\":[\"https:\\\/\\\/exaudi.org\\\/es\\\/francisco-reza-a-la-virgen-por-su-viaje-a-marsella\\\/\"]}]},{\"@type\":\"ImageObject\",\"inLanguage\":\"es\",\"@id\":\"https:\\\/\\\/exaudi.org\\\/es\\\/francisco-reza-a-la-virgen-por-su-viaje-a-marsella\\\/#primaryimage\",\"url\":\"https:\\\/\\\/exaudi.org\\\/wp-content\\\/uploads\\\/2023\\\/09\\\/F6YTtT9XEAAsiWA.webp\",\"contentUrl\":\"https:\\\/\\\/exaudi.org\\\/wp-content\\\/uploads\\\/2023\\\/09\\\/F6YTtT9XEAAsiWA.webp\",\"width\":680,\"height\":488},{\"@type\":\"BreadcrumbList\",\"@id\":\"https:\\\/\\\/exaudi.org\\\/es\\\/francisco-reza-a-la-virgen-por-su-viaje-a-marsella\\\/#breadcrumb\",\"itemListElement\":[{\"@type\":\"ListItem\",\"position\":1,\"name\":\"Portada\",\"item\":\"https:\\\/\\\/exaudi.org\\\/es\\\/\"},{\"@type\":\"ListItem\",\"position\":2,\"name\":\"Francisco reza a la Virgen por su viaje a Marsella\"}]},{\"@type\":\"WebSite\",\"@id\":\"https:\\\/\\\/exaudi.org\\\/#website\",\"url\":\"https:\\\/\\\/exaudi.org\\\/\",\"name\":\"Exaudi\",\"description\":\"News\",\"potentialAction\":[{\"@type\":\"SearchAction\",\"target\":{\"@type\":\"EntryPoint\",\"urlTemplate\":\"https:\\\/\\\/exaudi.org\\\/?s={search_term_string}\"},\"query-input\":{\"@type\":\"PropertyValueSpecification\",\"valueRequired\":true,\"valueName\":\"search_term_string\"}}],\"inLanguage\":\"es\"},{\"@type\":\"Person\",\"@id\":\"https:\\\/\\\/exaudi.org\\\/#\\\/schema\\\/person\\\/f5fc8f063065e38742da7afe15f25df7\",\"name\":\"Exaudi Redacci\u00f3n\",\"image\":{\"@type\":\"ImageObject\",\"inLanguage\":\"es\",\"@id\":\"https:\\\/\\\/secure.gravatar.com\\\/avatar\\\/fe0f6a059fb68d9b3e11bc5850dd4899b1c7492091a3cb6dd9b01b56ad828be2?s=96&d=mm&r=g\",\"url\":\"https:\\\/\\\/secure.gravatar.com\\\/avatar\\\/fe0f6a059fb68d9b3e11bc5850dd4899b1c7492091a3cb6dd9b01b56ad828be2?s=96&d=mm&r=g\",\"contentUrl\":\"https:\\\/\\\/secure.gravatar.com\\\/avatar\\\/fe0f6a059fb68d9b3e11bc5850dd4899b1c7492091a3cb6dd9b01b56ad828be2?s=96&d=mm&r=g\",\"caption\":\"Exaudi Redacci\u00f3n\"},\"description\":\"\u00bfQu\u00e9 es Exaudi News? Exaudi News es un medio de comunicaci\u00f3n cat\u00f3lico internacional que informa, forma y transforma, diariamente en espa\u00f1ol, ingl\u00e9s e italiano. A trav\u00e9s de noticias, art\u00edculos de an\u00e1lisis y transmisiones en directo de los eventos del Papa, Exaudi busca fortalecer la unidad de los cristianos y contribuir a la evangelizaci\u00f3n del mundo, siempre guiados por la doctrina social de la Iglesia. Trabajamos para acercar la verdad y los valores cristianos a cada rinc\u00f3n del planeta. \u00a1Ay\u00fadanos a transformar el mundo con Exaudi! En Exaudi creemos que la evangelizaci\u00f3n y la informaci\u00f3n de calidad pueden cambiar vidas. Para continuar con nuestra misi\u00f3n y expandir nuestro alcance, necesitamos tu ayuda. Adem\u00e1s, buscamos personas comprometidas que deseen unirse a nuestro equipo. Con tu apoyo, lograremos llegar a m\u00e1s personas, difundir el mensaje de Cristo y reforzar la unidad de los cristianos. \u00bfTe unes a nuestra misi\u00f3n? Para m\u00e1s informaci\u00f3n sobre c\u00f3mo colaborar, visita Exaudi.org\\\/es o cont\u00e1ctanos directamente: info@exaudi.org Exaudi: Informa, forma y transforma.\",\"sameAs\":[\"https:\\\/\\\/www.facebook.com\\\/ExaudiNoticias\\\/\",\"https:\\\/\\\/www.instagram.com\\\/exaudi_noticias\\\/\",\"https:\\\/\\\/x.com\\\/Exaudi_noticias\",\"https:\\\/\\\/www.youtube.com\\\/@exaudicatholicnews\"],\"url\":\"https:\\\/\\\/exaudi.org\\\/es\\\/author\\\/redaccionexaudi\\\/\"}]}<\/script>\n<!-- \/ Yoast SEO plugin. -->","yoast_head_json":{"title":"Francisco reza a la Virgen por su viaje a Marsella &#8211; Exaudi","robots":{"index":"index","follow":"follow","max-snippet":"max-snippet:-1","max-image-preview":"max-image-preview:large","max-video-preview":"max-video-preview:-1"},"canonical":"https:\/\/exaudi.org\/es\/francisco-reza-a-la-virgen-por-su-viaje-a-marsella\/","og_locale":"es_ES","og_type":"article","og_title":"Francisco reza a la Virgen por su viaje a Marsella &#8211; Exaudi","og_description":"El Santo Padre visit\u00f3 la Bas\u00edlica de Santa Mar\u00eda la Mayor, como es habitual antes de cada viaje apost\u00f3lico. El Pont\u00edfice estar\u00e1 en Marsella, Francia, del 22 al 23 de septiembre para la conclusi\u00f3n de los \"Encuentros Mediterr\u00e1neos\"","og_url":"https:\/\/exaudi.org\/es\/francisco-reza-a-la-virgen-por-su-viaje-a-marsella\/","og_site_name":"Exaudi","article_publisher":"https:\/\/www.facebook.com\/ExaudiNews","article_author":"https:\/\/www.facebook.com\/ExaudiNoticias\/","article_published_time":"2023-09-19T16:17:54+00:00","article_modified_time":"2023-09-19T16:21:32+00:00","og_image":[{"width":680,"height":488,"url":"https:\/\/exaudi.org\/wp-content\/uploads\/2023\/09\/F6YTtT9XEAAsiWA.webp","type":"image\/webp"}],"author":"Exaudi Redacci\u00f3n","twitter_card":"summary_large_image","twitter_creator":"@Exaudi_noticias","twitter_site":"@Exaudi_News","twitter_misc":{"Escrito por":"Exaudi Redacci\u00f3n","Tiempo de lectura":"1 minuto"},"schema":{"@context":"https:\/\/schema.org","@graph":[{"@type":"Article","@id":"https:\/\/exaudi.org\/es\/francisco-reza-a-la-virgen-por-su-viaje-a-marsella\/#article","isPartOf":{"@id":"https:\/\/exaudi.org\/es\/francisco-reza-a-la-virgen-por-su-viaje-a-marsella\/"},"author":{"name":"Exaudi Redacci\u00f3n","@id":"https:\/\/exaudi.org\/#\/schema\/person\/f5fc8f063065e38742da7afe15f25df7"},"headline":"Francisco reza a la Virgen por su viaje a Marsella","datePublished":"2023-09-19T16:17:54+00:00","dateModified":"2023-09-19T16:21:32+00:00","mainEntityOfPage":{"@id":"https:\/\/exaudi.org\/es\/francisco-reza-a-la-virgen-por-su-viaje-a-marsella\/"},"wordCount":150,"image":{"@id":"https:\/\/exaudi.org\/es\/francisco-reza-a-la-virgen-por-su-viaje-a-marsella\/#primaryimage"},"thumbnailUrl":"https:\/\/exaudi.org\/wp-content\/uploads\/2023\/09\/F6YTtT9XEAAsiWA.webp","keywords":["Francia","Oraci\u00f3n","papa francisco","Trending","Viaje Apost\u00f3lico","Virgen Mar\u00eda"],"articleSection":["Le\u00f3n XIV","Viajes Papales"],"inLanguage":"es"},{"@type":"WebPage","@id":"https:\/\/exaudi.org\/es\/francisco-reza-a-la-virgen-por-su-viaje-a-marsella\/","url":"https:\/\/exaudi.org\/es\/francisco-reza-a-la-virgen-por-su-viaje-a-marsella\/","name":"Francisco reza a la Virgen por su viaje a Marsella &#8211; Exaudi","isPartOf":{"@id":"https:\/\/exaudi.org\/#website"},"primaryImageOfPage":{"@id":"https:\/\/exaudi.org\/es\/francisco-reza-a-la-virgen-por-su-viaje-a-marsella\/#primaryimage"},"image":{"@id":"https:\/\/exaudi.org\/es\/francisco-reza-a-la-virgen-por-su-viaje-a-marsella\/#primaryimage"},"thumbnailUrl":"https:\/\/exaudi.org\/wp-content\/uploads\/2023\/09\/F6YTtT9XEAAsiWA.webp","datePublished":"2023-09-19T16:17:54+00:00","dateModified":"2023-09-19T16:21:32+00:00","author":{"@id":"https:\/\/exaudi.org\/#\/schema\/person\/f5fc8f063065e38742da7afe15f25df7"},"breadcrumb":{"@id":"https:\/\/exaudi.org\/es\/francisco-reza-a-la-virgen-por-su-viaje-a-marsella\/#breadcrumb"},"inLanguage":"es","potentialAction":[{"@type":"ReadAction","target":["https:\/\/exaudi.org\/es\/francisco-reza-a-la-virgen-por-su-viaje-a-marsella\/"]}]},{"@type":"ImageObject","inLanguage":"es","@id":"https:\/\/exaudi.org\/es\/francisco-reza-a-la-virgen-por-su-viaje-a-marsella\/#primaryimage","url":"https:\/\/exaudi.org\/wp-content\/uploads\/2023\/09\/F6YTtT9XEAAsiWA.webp","contentUrl":"https:\/\/exaudi.org\/wp-content\/uploads\/2023\/09\/F6YTtT9XEAAsiWA.webp","width":680,"height":488},{"@type":"BreadcrumbList","@id":"https:\/\/exaudi.org\/es\/francisco-reza-a-la-virgen-por-su-viaje-a-marsella\/#breadcrumb","itemListElement":[{"@type":"ListItem","position":1,"name":"Portada","item":"https:\/\/exaudi.org\/es\/"},{"@type":"ListItem","position":2,"name":"Francisco reza a la Virgen por su viaje a Marsella"}]},{"@type":"WebSite","@id":"https:\/\/exaudi.org\/#website","url":"https:\/\/exaudi.org\/","name":"Exaudi","description":"News","potentialAction":[{"@type":"SearchAction","target":{"@type":"EntryPoint","urlTemplate":"https:\/\/exaudi.org\/?s={search_term_string}"},"query-input":{"@type":"PropertyValueSpecification","valueRequired":true,"valueName":"search_term_string"}}],"inLanguage":"es"},{"@type":"Person","@id":"https:\/\/exaudi.org\/#\/schema\/person\/f5fc8f063065e38742da7afe15f25df7","name":"Exaudi Redacci\u00f3n","image":{"@type":"ImageObject","inLanguage":"es","@id":"https:\/\/secure.gravatar.com\/avatar\/fe0f6a059fb68d9b3e11bc5850dd4899b1c7492091a3cb6dd9b01b56ad828be2?s=96&d=mm&r=g","url":"https:\/\/secure.gravatar.com\/avatar\/fe0f6a059fb68d9b3e11bc5850dd4899b1c7492091a3cb6dd9b01b56ad828be2?s=96&d=mm&r=g","contentUrl":"https:\/\/secure.gravatar.com\/avatar\/fe0f6a059fb68d9b3e11bc5850dd4899b1c7492091a3cb6dd9b01b56ad828be2?s=96&d=mm&r=g","caption":"Exaudi Redacci\u00f3n"},"description":"\u00bfQu\u00e9 es Exaudi News? Exaudi News es un medio de comunicaci\u00f3n cat\u00f3lico internacional que informa, forma y transforma, diariamente en espa\u00f1ol, ingl\u00e9s e italiano. A trav\u00e9s de noticias, art\u00edculos de an\u00e1lisis y transmisiones en directo de los eventos del Papa, Exaudi busca fortalecer la unidad de los cristianos y contribuir a la evangelizaci\u00f3n del mundo, siempre guiados por la doctrina social de la Iglesia. Trabajamos para acercar la verdad y los valores cristianos a cada rinc\u00f3n del planeta. \u00a1Ay\u00fadanos a transformar el mundo con Exaudi! En Exaudi creemos que la evangelizaci\u00f3n y la informaci\u00f3n de calidad pueden cambiar vidas. Para continuar con nuestra misi\u00f3n y expandir nuestro alcance, necesitamos tu ayuda. Adem\u00e1s, buscamos personas comprometidas que deseen unirse a nuestro equipo. Con tu apoyo, lograremos llegar a m\u00e1s personas, difundir el mensaje de Cristo y reforzar la unidad de los cristianos. \u00bfTe unes a nuestra misi\u00f3n? Para m\u00e1s informaci\u00f3n sobre c\u00f3mo colaborar, visita Exaudi.org\/es o cont\u00e1ctanos directamente: info@exaudi.org Exaudi: Informa, forma y transforma.","sameAs":["https:\/\/www.facebook.com\/ExaudiNoticias\/","https:\/\/www.instagram.com\/exaudi_noticias\/","https:\/\/x.com\/Exaudi_noticias","https:\/\/www.youtube.com\/@exaudicatholicnews"],"url":"https:\/\/exaudi.org\/es\/author\/redaccionexaudi\/"}]}},"jetpack_featured_media_url":"https:\/\/exaudi.org\/wp-content\/uploads\/2023\/09\/F6YTtT9XEAAsiWA.webp","jetpack_shortlink":"https:\/\/wp.me\/pgKjF2-lPI","_links":{"self":[{"href":"https:\/\/exaudi.org\/es\/wp-json\/wp\/v2\/posts\/83930","targetHints":{"allow":["GET"]}}],"collection":[{"href":"https:\/\/exaudi.org\/es\/wp-json\/wp\/v2\/posts"}],"about":[{"href":"https:\/\/exaudi.org\/es\/wp-json\/wp\/v2\/types\/post"}],"author":[{"embeddable":true,"href":"https:\/\/exaudi.org\/es\/wp-json\/wp\/v2\/users\/15"}],"replies":[{"embeddable":true,"href":"https:\/\/exaudi.org\/es\/wp-json\/wp\/v2\/comments?post=83930"}],"version-history":[{"count":0,"href":"https:\/\/exaudi.org\/es\/wp-json\/wp\/v2\/posts\/83930\/revisions"}],"wp:featuredmedia":[{"embeddable":true,"href":"https:\/\/exaudi.org\/es\/wp-json\/wp\/v2\/media\/83931"}],"wp:attachment":[{"href":"https:\/\/exaudi.org\/es\/wp-json\/wp\/v2\/media?parent=83930"}],"wp:term":[{"taxonomy":"category","embeddable":true,"href":"https:\/\/exaudi.org\/es\/wp-json\/wp\/v2\/categories?post=83930"},{"taxonomy":"post_tag","embeddable":true,"href":"https:\/\/exaudi.org\/es\/wp-json\/wp\/v2\/tags?post=83930"}],"curies":[{"name":"wp","href":"https:\/\/api.w.org\/{rel}","templated":true}]}}