{"id":83833,"date":"2023-09-19T08:53:23","date_gmt":"2023-09-19T06:53:23","guid":{"rendered":"https:\/\/exaudi.org\/?p=83833"},"modified":"2023-09-19T08:53:23","modified_gmt":"2023-09-19T06:53:23","slug":"el-vicariato-de-roma-concluye-la-visita-canonica-al-centro-aletti","status":"publish","type":"post","link":"https:\/\/exaudi.org\/es\/el-vicariato-de-roma-concluye-la-visita-canonica-al-centro-aletti\/","title":{"rendered":"El Vicariato de Roma concluye la visita can\u00f3nica al Centro Aletti"},"content":{"rendered":"<audio class=\"wp-audio-shortcode\" id=\"audio-83833-1\" preload=\"none\" style=\"width: 100%;\" controls=\"controls\"><source type=\"audio\/mpeg\" src=\"https:\/\/exaudi.org\/wp-content\/uploads\/2023\/09\/Aletti.mp3?_=1\" \/><a href=\"https:\/\/exaudi.org\/wp-content\/uploads\/2023\/09\/Aletti.mp3\">https:\/\/exaudi.org\/wp-content\/uploads\/2023\/09\/Aletti.mp3<\/a><\/audio>\n<p>El Vicariato de Roma anuncia la conclusi\u00f3n de la visita can\u00f3nica a la Asociaci\u00f3n P\u00fablica de Fieles de la Di\u00f3cesis de Roma \u00abCentro Aletti\u00bb. La investigaci\u00f3n, dirigida por el sacerdote Giacomo Incitti, profesor de Derecho Can\u00f3nico en la Pontificia Universidad Urbaniana, se hab\u00eda iniciado el pasado 16 de enero a ra\u00edz de las noticias difundidas por agencias de prensa y comunicados firmados por el padre Johan Verschueren, delegado del prep\u00f3sito general para las Casas Interprovinciales de Roma, sobre algunos hechos relativos al padre Marko Rupnik, acusado de abusar de religiosas mayores de edad, y tambi\u00e9n relacionadas con el Centro Aletti. El objetivo de la visita era investigar \u00bb las din\u00e1micas asociativas y la consistencia real de las cuestiones suscitadas por ciertas instancias \u00ab.<\/p>\n<p>Seg\u00fan informa un comunicado del Vicariato difundido hoy, la visita can\u00f3nica se llev\u00f3 a cabo con el objetivo, en particular, de \u00abconstatar el modo de conducci\u00f3n de la Asociaci\u00f3n y el funcionamiento efectivo de sus \u00f3rganos de gobierno; examinar la vida asociativa en todos sus aspectos, incluidas las relaciones de los miembros con el fundador y con el grupo de responsables, as\u00ed como las din\u00e1micas relacionales entre los propios miembros, con referencia tambi\u00e9n al per\u00edodo anterior al 5 de junio de 2019\u00bb. La investigaci\u00f3n, subraya la nota, \u00abse ha llevado a cabo con diligencia y confidencialidad, a trav\u00e9s de reuniones comunitarias y de un importante n\u00famero de entrevistas personales tanto con los miembros actuales como con numerosas personas que, por diversos motivos, han tenido contacto con la vida y actividades del Centro\u00bb.<\/p>\n<h3><strong>Informe final<\/strong><\/h3>\n<p>El 23 de junio de 2023, el visitador present\u00f3 el informe final, del que -leemos- \u00abse desprende claramente que existe una vida comunitaria sana en el Centro Aletti, sin criticidad particular alguna\u00bb. El visitador pudo constatar que los miembros del Centro Aletti, aunque amargados por las acusaciones recibidas y la forma en que fueron tratadas, optaron por guardar silencio -a pesar de la vehemencia de los medios de comunicaci\u00f3n- para custodiar el coraz\u00f3n y no pretender un estatus irreprochable con el que erigirse en jueces de los dem\u00e1s. Todo este asunto, en opini\u00f3n del Visitador, ha ayudado a las personas que viven la experiencia del Centro Aletti a reforzar su confianza en el Se\u00f1or, sabiendo que el don de la vida de Dios se abre paso incluso a trav\u00e9s de la prueba\u00bb.<\/p>\n<p>\u00abAl mismo tiempo, las nuevas necesidades, surgidas y evaluadas tambi\u00e9n a la luz de la decisi\u00f3n de la Compa\u00f1\u00eda de Jes\u00fas de retirarse del Centro Aletti, han requerido algunas modificaciones necesarias en el Estatuto, que, sin embargo, han dejado intactas las finalidades fundacionales\u00bb, contin\u00faa el comunicado, que explica que \u00absobre la base del informe final, el Cardenal Vicario, habiendo verificado la inexistencia de requisitos previos para ulteriores medidas de su competencia, ha decretado el cierre de la visita can\u00f3nica\u00bb.<\/p>\n<h3><strong>Examinadas las acusaciones<\/strong><\/h3>\n<p>Por \u00faltimo, leemos que \u00abseg\u00fan la petici\u00f3n expl\u00edcita formulada en el decreto de nombramiento, teniendo en cuenta el impacto en la vida de la Asociaci\u00f3n\u00bb, el Visitador Incitti \u00abexamin\u00f3 diligentemente tambi\u00e9n las principales acusaciones que se han formulado contra el padre Rupnik, especialmente la que dio lugar a la petici\u00f3n de excomuni\u00f3n\u00bb. Sobre la base del abundante material documental estudiado, el Visitador ha podido constatar y, por tanto, se\u00f1alar procedimientos gravemente an\u00f3malos, cuyo examen ha generado dudas fundadas incluso sobre la misma solicitud de excomuni\u00f3n. En consideraci\u00f3n de la gravedad de estas constataciones, el Cardenal Vicario remiti\u00f3 el informe a las Autoridades competentes\u00bb.<\/p>\n","protected":false},"excerpt":{"rendered":"<p>Del informe final se desprende \u00abclaramente que en el Centro Aletti existe una sana vida comunitaria sin criticidades particulares\u00bb.<\/p>\n","protected":false},"author":15,"featured_media":83834,"comment_status":"closed","ping_status":"closed","sticky":false,"template":"","format":"standard","meta":{"_acf_changed":false,"_crdt_document":"","inline_featured_image":false,"footnotes":""},"categories":[132],"tags":[10094,440,8270,1533,2718,4953,10095],"class_list":["post-83833","post","type-post","status-publish","format-standard","has-post-thumbnail","hentry","category-vaticano-es","tag-centro-aletti","tag-iglesia","tag-marko-rupnik","tag-roma-es","tag-sacerdotes","tag-trending-es","tag-vicariato-2"],"acf":[],"yoast_head":"<!-- This site is optimized with the Yoast SEO plugin v27.5 - https:\/\/yoast.com\/product\/yoast-seo-wordpress\/ -->\n<title>El Vicariato de Roma concluye la visita can\u00f3nica al Centro Aletti &#8211; Exaudi<\/title>\n<meta name=\"robots\" content=\"index, follow, max-snippet:-1, max-image-preview:large, max-video-preview:-1\" \/>\n<link rel=\"canonical\" href=\"https:\/\/exaudi.org\/es\/el-vicariato-de-roma-concluye-la-visita-canonica-al-centro-aletti\/\" \/>\n<meta property=\"og:locale\" content=\"es_ES\" \/>\n<meta property=\"og:type\" content=\"article\" \/>\n<meta property=\"og:title\" content=\"El Vicariato de Roma concluye la visita can\u00f3nica al Centro Aletti &#8211; Exaudi\" \/>\n<meta property=\"og:description\" content=\"Del informe final se desprende &quot;claramente que en el Centro Aletti existe una sana vida comunitaria sin criticidades particulares&quot;.\" \/>\n<meta property=\"og:url\" content=\"https:\/\/exaudi.org\/es\/el-vicariato-de-roma-concluye-la-visita-canonica-al-centro-aletti\/\" \/>\n<meta property=\"og:site_name\" content=\"Exaudi\" \/>\n<meta property=\"article:publisher\" content=\"https:\/\/www.facebook.com\/ExaudiNews\" \/>\n<meta property=\"article:author\" content=\"https:\/\/www.facebook.com\/ExaudiNoticias\/\" \/>\n<meta property=\"article:published_time\" content=\"2023-09-19T06:53:23+00:00\" \/>\n<meta property=\"og:image\" content=\"https:\/\/exaudi.org\/wp-content\/uploads\/2023\/09\/cq5dam.thumbnail.cropped.750.422-18.jpeg\" \/>\n\t<meta property=\"og:image:width\" content=\"750\" \/>\n\t<meta property=\"og:image:height\" content=\"422\" \/>\n\t<meta property=\"og:image:type\" content=\"image\/jpeg\" \/>\n<meta name=\"author\" content=\"Exaudi Redacci\u00f3n\" \/>\n<meta name=\"twitter:card\" content=\"summary_large_image\" \/>\n<meta name=\"twitter:creator\" content=\"@Exaudi_noticias\" \/>\n<meta name=\"twitter:site\" content=\"@Exaudi_News\" \/>\n<meta name=\"twitter:label1\" content=\"Escrito por\" \/>\n\t<meta name=\"twitter:data1\" content=\"Exaudi Redacci\u00f3n\" \/>\n\t<meta name=\"twitter:label2\" content=\"Tiempo de lectura\" \/>\n\t<meta name=\"twitter:data2\" content=\"3 minutos\" \/>\n<script type=\"application\/ld+json\" class=\"yoast-schema-graph\">{\"@context\":\"https:\\\/\\\/schema.org\",\"@graph\":[{\"@type\":\"Article\",\"@id\":\"https:\\\/\\\/exaudi.org\\\/es\\\/el-vicariato-de-roma-concluye-la-visita-canonica-al-centro-aletti\\\/#article\",\"isPartOf\":{\"@id\":\"https:\\\/\\\/exaudi.org\\\/es\\\/el-vicariato-de-roma-concluye-la-visita-canonica-al-centro-aletti\\\/\"},\"author\":{\"name\":\"Exaudi Redacci\u00f3n\",\"@id\":\"https:\\\/\\\/exaudi.org\\\/#\\\/schema\\\/person\\\/f5fc8f063065e38742da7afe15f25df7\"},\"headline\":\"El Vicariato de Roma concluye la visita can\u00f3nica al Centro Aletti\",\"datePublished\":\"2023-09-19T06:53:23+00:00\",\"mainEntityOfPage\":{\"@id\":\"https:\\\/\\\/exaudi.org\\\/es\\\/el-vicariato-de-roma-concluye-la-visita-canonica-al-centro-aletti\\\/\"},\"wordCount\":634,\"image\":{\"@id\":\"https:\\\/\\\/exaudi.org\\\/es\\\/el-vicariato-de-roma-concluye-la-visita-canonica-al-centro-aletti\\\/#primaryimage\"},\"thumbnailUrl\":\"https:\\\/\\\/exaudi.org\\\/wp-content\\\/uploads\\\/2023\\\/09\\\/cq5dam.thumbnail.cropped.750.422-18.jpeg\",\"keywords\":[\"Centro Aletti\",\"Iglesia\",\"Marko Rupnik\",\"Roma\",\"Sacerdotes\",\"Trending\",\"Vicariato\"],\"articleSection\":[\"Vaticano\"],\"inLanguage\":\"es\"},{\"@type\":\"WebPage\",\"@id\":\"https:\\\/\\\/exaudi.org\\\/es\\\/el-vicariato-de-roma-concluye-la-visita-canonica-al-centro-aletti\\\/\",\"url\":\"https:\\\/\\\/exaudi.org\\\/es\\\/el-vicariato-de-roma-concluye-la-visita-canonica-al-centro-aletti\\\/\",\"name\":\"El Vicariato de Roma concluye la visita can\u00f3nica al Centro Aletti &#8211; Exaudi\",\"isPartOf\":{\"@id\":\"https:\\\/\\\/exaudi.org\\\/#website\"},\"primaryImageOfPage\":{\"@id\":\"https:\\\/\\\/exaudi.org\\\/es\\\/el-vicariato-de-roma-concluye-la-visita-canonica-al-centro-aletti\\\/#primaryimage\"},\"image\":{\"@id\":\"https:\\\/\\\/exaudi.org\\\/es\\\/el-vicariato-de-roma-concluye-la-visita-canonica-al-centro-aletti\\\/#primaryimage\"},\"thumbnailUrl\":\"https:\\\/\\\/exaudi.org\\\/wp-content\\\/uploads\\\/2023\\\/09\\\/cq5dam.thumbnail.cropped.750.422-18.jpeg\",\"datePublished\":\"2023-09-19T06:53:23+00:00\",\"author\":{\"@id\":\"https:\\\/\\\/exaudi.org\\\/#\\\/schema\\\/person\\\/f5fc8f063065e38742da7afe15f25df7\"},\"breadcrumb\":{\"@id\":\"https:\\\/\\\/exaudi.org\\\/es\\\/el-vicariato-de-roma-concluye-la-visita-canonica-al-centro-aletti\\\/#breadcrumb\"},\"inLanguage\":\"es\",\"potentialAction\":[{\"@type\":\"ReadAction\",\"target\":[\"https:\\\/\\\/exaudi.org\\\/es\\\/el-vicariato-de-roma-concluye-la-visita-canonica-al-centro-aletti\\\/\"]}]},{\"@type\":\"ImageObject\",\"inLanguage\":\"es\",\"@id\":\"https:\\\/\\\/exaudi.org\\\/es\\\/el-vicariato-de-roma-concluye-la-visita-canonica-al-centro-aletti\\\/#primaryimage\",\"url\":\"https:\\\/\\\/exaudi.org\\\/wp-content\\\/uploads\\\/2023\\\/09\\\/cq5dam.thumbnail.cropped.750.422-18.jpeg\",\"contentUrl\":\"https:\\\/\\\/exaudi.org\\\/wp-content\\\/uploads\\\/2023\\\/09\\\/cq5dam.thumbnail.cropped.750.422-18.jpeg\",\"width\":750,\"height\":422},{\"@type\":\"BreadcrumbList\",\"@id\":\"https:\\\/\\\/exaudi.org\\\/es\\\/el-vicariato-de-roma-concluye-la-visita-canonica-al-centro-aletti\\\/#breadcrumb\",\"itemListElement\":[{\"@type\":\"ListItem\",\"position\":1,\"name\":\"Portada\",\"item\":\"https:\\\/\\\/exaudi.org\\\/es\\\/\"},{\"@type\":\"ListItem\",\"position\":2,\"name\":\"El Vicariato de Roma concluye la visita can\u00f3nica al Centro Aletti\"}]},{\"@type\":\"WebSite\",\"@id\":\"https:\\\/\\\/exaudi.org\\\/#website\",\"url\":\"https:\\\/\\\/exaudi.org\\\/\",\"name\":\"Exaudi\",\"description\":\"News\",\"potentialAction\":[{\"@type\":\"SearchAction\",\"target\":{\"@type\":\"EntryPoint\",\"urlTemplate\":\"https:\\\/\\\/exaudi.org\\\/?s={search_term_string}\"},\"query-input\":{\"@type\":\"PropertyValueSpecification\",\"valueRequired\":true,\"valueName\":\"search_term_string\"}}],\"inLanguage\":\"es\"},{\"@type\":\"Person\",\"@id\":\"https:\\\/\\\/exaudi.org\\\/#\\\/schema\\\/person\\\/f5fc8f063065e38742da7afe15f25df7\",\"name\":\"Exaudi Redacci\u00f3n\",\"image\":{\"@type\":\"ImageObject\",\"inLanguage\":\"es\",\"@id\":\"https:\\\/\\\/secure.gravatar.com\\\/avatar\\\/fe0f6a059fb68d9b3e11bc5850dd4899b1c7492091a3cb6dd9b01b56ad828be2?s=96&d=mm&r=g\",\"url\":\"https:\\\/\\\/secure.gravatar.com\\\/avatar\\\/fe0f6a059fb68d9b3e11bc5850dd4899b1c7492091a3cb6dd9b01b56ad828be2?s=96&d=mm&r=g\",\"contentUrl\":\"https:\\\/\\\/secure.gravatar.com\\\/avatar\\\/fe0f6a059fb68d9b3e11bc5850dd4899b1c7492091a3cb6dd9b01b56ad828be2?s=96&d=mm&r=g\",\"caption\":\"Exaudi Redacci\u00f3n\"},\"description\":\"\u00bfQu\u00e9 es Exaudi News? Exaudi News es un medio de comunicaci\u00f3n cat\u00f3lico internacional que informa, forma y transforma, diariamente en espa\u00f1ol, ingl\u00e9s e italiano. A trav\u00e9s de noticias, art\u00edculos de an\u00e1lisis y transmisiones en directo de los eventos del Papa, Exaudi busca fortalecer la unidad de los cristianos y contribuir a la evangelizaci\u00f3n del mundo, siempre guiados por la doctrina social de la Iglesia. Trabajamos para acercar la verdad y los valores cristianos a cada rinc\u00f3n del planeta. \u00a1Ay\u00fadanos a transformar el mundo con Exaudi! En Exaudi creemos que la evangelizaci\u00f3n y la informaci\u00f3n de calidad pueden cambiar vidas. Para continuar con nuestra misi\u00f3n y expandir nuestro alcance, necesitamos tu ayuda. Adem\u00e1s, buscamos personas comprometidas que deseen unirse a nuestro equipo. Con tu apoyo, lograremos llegar a m\u00e1s personas, difundir el mensaje de Cristo y reforzar la unidad de los cristianos. \u00bfTe unes a nuestra misi\u00f3n? Para m\u00e1s informaci\u00f3n sobre c\u00f3mo colaborar, visita Exaudi.org\\\/es o cont\u00e1ctanos directamente: info@exaudi.org Exaudi: Informa, forma y transforma.\",\"sameAs\":[\"https:\\\/\\\/www.facebook.com\\\/ExaudiNoticias\\\/\",\"https:\\\/\\\/www.instagram.com\\\/exaudi_noticias\\\/\",\"https:\\\/\\\/x.com\\\/Exaudi_noticias\",\"https:\\\/\\\/www.youtube.com\\\/@exaudicatholicnews\"],\"url\":\"https:\\\/\\\/exaudi.org\\\/es\\\/author\\\/redaccionexaudi\\\/\"}]}<\/script>\n<!-- \/ Yoast SEO plugin. -->","yoast_head_json":{"title":"El Vicariato de Roma concluye la visita can\u00f3nica al Centro Aletti &#8211; Exaudi","robots":{"index":"index","follow":"follow","max-snippet":"max-snippet:-1","max-image-preview":"max-image-preview:large","max-video-preview":"max-video-preview:-1"},"canonical":"https:\/\/exaudi.org\/es\/el-vicariato-de-roma-concluye-la-visita-canonica-al-centro-aletti\/","og_locale":"es_ES","og_type":"article","og_title":"El Vicariato de Roma concluye la visita can\u00f3nica al Centro Aletti &#8211; Exaudi","og_description":"Del informe final se desprende \"claramente que en el Centro Aletti existe una sana vida comunitaria sin criticidades particulares\".","og_url":"https:\/\/exaudi.org\/es\/el-vicariato-de-roma-concluye-la-visita-canonica-al-centro-aletti\/","og_site_name":"Exaudi","article_publisher":"https:\/\/www.facebook.com\/ExaudiNews","article_author":"https:\/\/www.facebook.com\/ExaudiNoticias\/","article_published_time":"2023-09-19T06:53:23+00:00","og_image":[{"width":750,"height":422,"url":"https:\/\/exaudi.org\/wp-content\/uploads\/2023\/09\/cq5dam.thumbnail.cropped.750.422-18.jpeg","type":"image\/jpeg"}],"author":"Exaudi Redacci\u00f3n","twitter_card":"summary_large_image","twitter_creator":"@Exaudi_noticias","twitter_site":"@Exaudi_News","twitter_misc":{"Escrito por":"Exaudi Redacci\u00f3n","Tiempo de lectura":"3 minutos"},"schema":{"@context":"https:\/\/schema.org","@graph":[{"@type":"Article","@id":"https:\/\/exaudi.org\/es\/el-vicariato-de-roma-concluye-la-visita-canonica-al-centro-aletti\/#article","isPartOf":{"@id":"https:\/\/exaudi.org\/es\/el-vicariato-de-roma-concluye-la-visita-canonica-al-centro-aletti\/"},"author":{"name":"Exaudi Redacci\u00f3n","@id":"https:\/\/exaudi.org\/#\/schema\/person\/f5fc8f063065e38742da7afe15f25df7"},"headline":"El Vicariato de Roma concluye la visita can\u00f3nica al Centro Aletti","datePublished":"2023-09-19T06:53:23+00:00","mainEntityOfPage":{"@id":"https:\/\/exaudi.org\/es\/el-vicariato-de-roma-concluye-la-visita-canonica-al-centro-aletti\/"},"wordCount":634,"image":{"@id":"https:\/\/exaudi.org\/es\/el-vicariato-de-roma-concluye-la-visita-canonica-al-centro-aletti\/#primaryimage"},"thumbnailUrl":"https:\/\/exaudi.org\/wp-content\/uploads\/2023\/09\/cq5dam.thumbnail.cropped.750.422-18.jpeg","keywords":["Centro Aletti","Iglesia","Marko Rupnik","Roma","Sacerdotes","Trending","Vicariato"],"articleSection":["Vaticano"],"inLanguage":"es"},{"@type":"WebPage","@id":"https:\/\/exaudi.org\/es\/el-vicariato-de-roma-concluye-la-visita-canonica-al-centro-aletti\/","url":"https:\/\/exaudi.org\/es\/el-vicariato-de-roma-concluye-la-visita-canonica-al-centro-aletti\/","name":"El Vicariato de Roma concluye la visita can\u00f3nica al Centro Aletti &#8211; Exaudi","isPartOf":{"@id":"https:\/\/exaudi.org\/#website"},"primaryImageOfPage":{"@id":"https:\/\/exaudi.org\/es\/el-vicariato-de-roma-concluye-la-visita-canonica-al-centro-aletti\/#primaryimage"},"image":{"@id":"https:\/\/exaudi.org\/es\/el-vicariato-de-roma-concluye-la-visita-canonica-al-centro-aletti\/#primaryimage"},"thumbnailUrl":"https:\/\/exaudi.org\/wp-content\/uploads\/2023\/09\/cq5dam.thumbnail.cropped.750.422-18.jpeg","datePublished":"2023-09-19T06:53:23+00:00","author":{"@id":"https:\/\/exaudi.org\/#\/schema\/person\/f5fc8f063065e38742da7afe15f25df7"},"breadcrumb":{"@id":"https:\/\/exaudi.org\/es\/el-vicariato-de-roma-concluye-la-visita-canonica-al-centro-aletti\/#breadcrumb"},"inLanguage":"es","potentialAction":[{"@type":"ReadAction","target":["https:\/\/exaudi.org\/es\/el-vicariato-de-roma-concluye-la-visita-canonica-al-centro-aletti\/"]}]},{"@type":"ImageObject","inLanguage":"es","@id":"https:\/\/exaudi.org\/es\/el-vicariato-de-roma-concluye-la-visita-canonica-al-centro-aletti\/#primaryimage","url":"https:\/\/exaudi.org\/wp-content\/uploads\/2023\/09\/cq5dam.thumbnail.cropped.750.422-18.jpeg","contentUrl":"https:\/\/exaudi.org\/wp-content\/uploads\/2023\/09\/cq5dam.thumbnail.cropped.750.422-18.jpeg","width":750,"height":422},{"@type":"BreadcrumbList","@id":"https:\/\/exaudi.org\/es\/el-vicariato-de-roma-concluye-la-visita-canonica-al-centro-aletti\/#breadcrumb","itemListElement":[{"@type":"ListItem","position":1,"name":"Portada","item":"https:\/\/exaudi.org\/es\/"},{"@type":"ListItem","position":2,"name":"El Vicariato de Roma concluye la visita can\u00f3nica al Centro Aletti"}]},{"@type":"WebSite","@id":"https:\/\/exaudi.org\/#website","url":"https:\/\/exaudi.org\/","name":"Exaudi","description":"News","potentialAction":[{"@type":"SearchAction","target":{"@type":"EntryPoint","urlTemplate":"https:\/\/exaudi.org\/?s={search_term_string}"},"query-input":{"@type":"PropertyValueSpecification","valueRequired":true,"valueName":"search_term_string"}}],"inLanguage":"es"},{"@type":"Person","@id":"https:\/\/exaudi.org\/#\/schema\/person\/f5fc8f063065e38742da7afe15f25df7","name":"Exaudi Redacci\u00f3n","image":{"@type":"ImageObject","inLanguage":"es","@id":"https:\/\/secure.gravatar.com\/avatar\/fe0f6a059fb68d9b3e11bc5850dd4899b1c7492091a3cb6dd9b01b56ad828be2?s=96&d=mm&r=g","url":"https:\/\/secure.gravatar.com\/avatar\/fe0f6a059fb68d9b3e11bc5850dd4899b1c7492091a3cb6dd9b01b56ad828be2?s=96&d=mm&r=g","contentUrl":"https:\/\/secure.gravatar.com\/avatar\/fe0f6a059fb68d9b3e11bc5850dd4899b1c7492091a3cb6dd9b01b56ad828be2?s=96&d=mm&r=g","caption":"Exaudi Redacci\u00f3n"},"description":"\u00bfQu\u00e9 es Exaudi News? Exaudi News es un medio de comunicaci\u00f3n cat\u00f3lico internacional que informa, forma y transforma, diariamente en espa\u00f1ol, ingl\u00e9s e italiano. A trav\u00e9s de noticias, art\u00edculos de an\u00e1lisis y transmisiones en directo de los eventos del Papa, Exaudi busca fortalecer la unidad de los cristianos y contribuir a la evangelizaci\u00f3n del mundo, siempre guiados por la doctrina social de la Iglesia. Trabajamos para acercar la verdad y los valores cristianos a cada rinc\u00f3n del planeta. \u00a1Ay\u00fadanos a transformar el mundo con Exaudi! En Exaudi creemos que la evangelizaci\u00f3n y la informaci\u00f3n de calidad pueden cambiar vidas. Para continuar con nuestra misi\u00f3n y expandir nuestro alcance, necesitamos tu ayuda. Adem\u00e1s, buscamos personas comprometidas que deseen unirse a nuestro equipo. Con tu apoyo, lograremos llegar a m\u00e1s personas, difundir el mensaje de Cristo y reforzar la unidad de los cristianos. \u00bfTe unes a nuestra misi\u00f3n? Para m\u00e1s informaci\u00f3n sobre c\u00f3mo colaborar, visita Exaudi.org\/es o cont\u00e1ctanos directamente: info@exaudi.org Exaudi: Informa, forma y transforma.","sameAs":["https:\/\/www.facebook.com\/ExaudiNoticias\/","https:\/\/www.instagram.com\/exaudi_noticias\/","https:\/\/x.com\/Exaudi_noticias","https:\/\/www.youtube.com\/@exaudicatholicnews"],"url":"https:\/\/exaudi.org\/es\/author\/redaccionexaudi\/"}]}},"jetpack_featured_media_url":"https:\/\/exaudi.org\/wp-content\/uploads\/2023\/09\/cq5dam.thumbnail.cropped.750.422-18.jpeg","jetpack_shortlink":"https:\/\/wp.me\/pgKjF2-lO9","_links":{"self":[{"href":"https:\/\/exaudi.org\/es\/wp-json\/wp\/v2\/posts\/83833","targetHints":{"allow":["GET"]}}],"collection":[{"href":"https:\/\/exaudi.org\/es\/wp-json\/wp\/v2\/posts"}],"about":[{"href":"https:\/\/exaudi.org\/es\/wp-json\/wp\/v2\/types\/post"}],"author":[{"embeddable":true,"href":"https:\/\/exaudi.org\/es\/wp-json\/wp\/v2\/users\/15"}],"replies":[{"embeddable":true,"href":"https:\/\/exaudi.org\/es\/wp-json\/wp\/v2\/comments?post=83833"}],"version-history":[{"count":0,"href":"https:\/\/exaudi.org\/es\/wp-json\/wp\/v2\/posts\/83833\/revisions"}],"wp:featuredmedia":[{"embeddable":true,"href":"https:\/\/exaudi.org\/es\/wp-json\/wp\/v2\/media\/83834"}],"wp:attachment":[{"href":"https:\/\/exaudi.org\/es\/wp-json\/wp\/v2\/media?parent=83833"}],"wp:term":[{"taxonomy":"category","embeddable":true,"href":"https:\/\/exaudi.org\/es\/wp-json\/wp\/v2\/categories?post=83833"},{"taxonomy":"post_tag","embeddable":true,"href":"https:\/\/exaudi.org\/es\/wp-json\/wp\/v2\/tags?post=83833"}],"curies":[{"name":"wp","href":"https:\/\/api.w.org\/{rel}","templated":true}]}}