{"id":83825,"date":"2023-09-19T08:49:35","date_gmt":"2023-09-19T06:49:35","guid":{"rendered":"https:\/\/exaudi.org\/?p=83825"},"modified":"2023-09-19T08:49:35","modified_gmt":"2023-09-19T06:49:35","slug":"sustancias-de-origen-humano-una-reflexion-desde-la-bioetica","status":"publish","type":"post","link":"https:\/\/exaudi.org\/es\/sustancias-de-origen-humano-una-reflexion-desde-la-bioetica\/","title":{"rendered":"Sustancias de origen humano: una reflexi\u00f3n desde la bio\u00e9tica"},"content":{"rendered":"<audio class=\"wp-audio-shortcode\" id=\"audio-83825-1\" preload=\"none\" style=\"width: 100%;\" controls=\"controls\"><source type=\"audio\/mpeg\" src=\"https:\/\/exaudi.org\/wp-content\/uploads\/2023\/09\/Sustancias.mp3?_=1\" \/><a href=\"https:\/\/exaudi.org\/wp-content\/uploads\/2023\/09\/Sustancias.mp3\">https:\/\/exaudi.org\/wp-content\/uploads\/2023\/09\/Sustancias.mp3<\/a><\/audio>\n<h3><strong>Introducci\u00f3n<\/strong><\/h3>\n<p>El pasado mi\u00e9rcoles 13 de septiembre, se aprob\u00f3 una\u00a0<strong><a href=\"https:\/\/www.europarl.europa.eu\/doceo\/document\/A-9-2023-0250_ES.html\" target=\"_blank\" rel=\"noopener\">propuesta del Parlamento Europeo<\/a><\/strong>\u00a0sobre la regulaci\u00f3n de las \u201csustancias de origen humano\u201d conocidas por sus siglas en ingl\u00e9s \u201cSOHO\u201d.<\/p>\n<p>La iniciativa pretende establecer un marco legal de actuaci\u00f3n con todas aquellas sustancias que, procedentes de seres humanos, son utilizadas en procedimientos terap\u00e9uticos o de investigaci\u00f3n, como terapias regenerativas,\u00a0<strong><a href=\"https:\/\/www.observatoriobioetica.org\/?s=reproducci%C3%B3n+asistida&amp;post_type%5B%5D=any&amp;search_limit_to_post_titles=0&amp;fs=1\" target=\"_blank\" rel=\"noopener\">reproducci\u00f3n asistida<\/a><\/strong>\u00a0y otras. Entre estas sustancias se incluyen aquellas con contenido celular o no, vivas o no, excluy\u00e9ndose de esta consideraci\u00f3n los \u00f3rganos utilizados en trasplantes, tal como se define en el Art\u00edculo 3(h) de la Directiva 2010\/53\/UE.<\/p>\n<p>En principio, la regulaci\u00f3n en la obtenci\u00f3n, manipulaci\u00f3n, conservaci\u00f3n y destino de estas sustancias parece una medida necesaria para establecer garant\u00edas suficientes en su utilizaci\u00f3n. \u00a0En primer lugar, regulando los procedimientos relacionados en su elecci\u00f3n y obtenci\u00f3n; en segundo lugar, garantizando el respeto a la dignidad en el trato de los donantes de procedencia de estas sustancias; en tercer lugar, precisando la idoneidad de los destinos de estas sustancias y su justa distribuci\u00f3n y, en cuarto lugar, estableciendo protocolos de seguimiento de su eficacia y seguridad tras su utilizaci\u00f3n que permita optimizar los procesos implementados.<\/p>\n<h3><strong>Dilemas bio\u00e9ticos<\/strong><\/h3>\n<p>Las dificultades en este procedimiento surgen cuando se incluye t\u00e1citamente entre estas sustancias a los propios\u00a0<strong><a href=\"https:\/\/www.observatoriobioetica.org\/2017\/04\/estatuto-biologico-del-embrion-humano-3\/15982\" target=\"_blank\" rel=\"noopener\">embriones humanos<\/a><\/strong>\u00a0o las c\u00e9lulas procedentes tras su destrucci\u00f3n.<\/p>\n<p><a href=\"https:\/\/www.observatoriobioetica.org\/wp-content\/uploads\/2015\/12\/bi%C3%B3nica.-biolog%C3%ADa-sint%C3%A9tica.-microbioma.-c%C3%A9lulas-sint%C3%A9ticas.-creaci%C3%B3n-artificial-de-vida.-inteligencia-artificial8.jpg\" data-caption=\"\"><img loading=\"lazy\" decoding=\"async\" class=\"wp-image-11207 alignright lazyloaded\" src=\"https:\/\/www.observatoriobioetica.org\/wp-content\/uploads\/2015\/12\/bi%C3%B3nica.-biolog%C3%ADa-sint%C3%A9tica.-microbioma.-c%C3%A9lulas-sint%C3%A9ticas.-creaci%C3%B3n-artificial-de-vida.-inteligencia-artificial8.jpg\" alt=\"Embriones congelados. Se permite a una mujer implantarse los embriones congelados de su marido fallecido.\" width=\"228\" height=\"228\" data-srcset=\"https:\/\/www.observatoriobioetica.org\/wp-content\/uploads\/2015\/12\/bi\u00f3nica.-biolog\u00eda-sint\u00e9tica.-microbioma.-c\u00e9lulas-sint\u00e9ticas.-creaci\u00f3n-artificial-de-vida.-inteligencia-artificial8-150x150.jpg 150w, https:\/\/www.observatoriobioetica.org\/wp-content\/uploads\/2015\/12\/bi\u00f3nica.-biolog\u00eda-sint\u00e9tica.-microbioma.-c\u00e9lulas-sint\u00e9ticas.-creaci\u00f3n-artificial-de-vida.-inteligencia-artificial8-300x300.jpg 300w, https:\/\/www.observatoriobioetica.org\/wp-content\/uploads\/2015\/12\/bi\u00f3nica.-biolog\u00eda-sint\u00e9tica.-microbioma.-c\u00e9lulas-sint\u00e9ticas.-creaci\u00f3n-artificial-de-vida.-inteligencia-artificial8.jpg 600w\" data-src=\"https:\/\/www.observatoriobioetica.org\/wp-content\/uploads\/2015\/12\/bi\u00f3nica.-biolog\u00eda-sint\u00e9tica.-microbioma.-c\u00e9lulas-sint\u00e9ticas.-creaci\u00f3n-artificial-de-vida.-inteligencia-artificial8.jpg\" data-sizes=\"(max-width: 228px) 100vw, 228px\" \/><\/a>Confundir una sustancia de origen humano con un embri\u00f3n solo puede ser consecuencia de una profunda ignorancia cient\u00edfica o de mala fe, que persiga su utilizaci\u00f3n sin restricciones.<\/p>\n<p>Que el embri\u00f3n humano es un individuo de la especie humana desde el momento de la concepci\u00f3n, que posee la informaci\u00f3n y potencialidad para evolucionar en un \u201ccontinuum\u201d hasta el nacimiento si se le nutre y salvaguarda, es una evidencia cient\u00edfica hoy indiscutible. Las trasnochadas pretensiones de definir un estado pre-embrionario en los primeros catorce d\u00edas de su vida, tratando de otorgarle un estatus diferente del de un ser humano, instauradas a mediados de los a\u00f1os ochenta tras la irrupci\u00f3n de la fecundaci\u00f3n in vitro, han sido abandonadas hasta por sus promotores ante la acumulaci\u00f3n de evidencias sobre su verdadera naturaleza.<\/p>\n<p>A pesar de ello, se ha establecido \u201cde facto\u201d una exclusi\u00f3n de los embriones tempranos de su consideraci\u00f3n como seres humanos, priv\u00e1ndoles de dignidad y derechos, abriendo la puerta a su creaci\u00f3n, manipulaci\u00f3n, edici\u00f3n, destrucci\u00f3n o criopreservaci\u00f3n sin l\u00edmites en sus primeros d\u00edas de vida, generalmente las dos primeras semanas, plazo tan arbitrario como injusto. La extensi\u00f3n del<strong><a href=\"https:\/\/www.observatoriobioetica.org\/?s=aborto+libre&amp;post_type%5B%5D=any&amp;search_limit_to_post_titles=0&amp;fs=1\" target=\"_blank\" rel=\"noopener\">\u00a0aborto libre<\/a><\/strong>\u00a0hasta la semana 14 de gestaci\u00f3n, como ocurre en Espa\u00f1a, extiende este plazo exento de garant\u00edas para el embri\u00f3n mucho m\u00e1s, hasta el momento en que nadie pone en duda su naturaleza humana, perfectamente constatable en su fisionom\u00eda.<\/p>\n<p>Esta inercia, extendida en todo el mundo y, desgraciadamente, en muchos cient\u00edficos o sanitarios, parece haber eliminado todo escr\u00fapulo en la manipulaci\u00f3n y destrucci\u00f3n de los embriones humanos inmaduros, que ahora pueden llegar a ser tratados como simples \u201csustancias de origen humano\u201d y no verdaderos seres humanos.<\/p>\n<p>Tres son los problemas bio\u00e9ticos fundamentales en la obtenci\u00f3n y manipulaci\u00f3n de las llamadas SOHO, que pasamos a evaluar.<\/p>\n<p>El primero lo constituye la procedencia embrionaria de material biol\u00f3gico humano cuya obtenci\u00f3n implique la destrucci\u00f3n del embri\u00f3n, sea de cualquier procedencia. Producir embriones para utilizarlos como material de experimentaci\u00f3n, utilizar los excedentes de la fecundaci\u00f3n in vitro que permanecen criopreservados, dise\u00f1ar nuevos modelos embrionarios procedentes de c\u00e9lulas pluripotentes y no del proceso de fecundaci\u00f3n, as\u00ed como experimentar con quimeras humano-animal para obtener \u00f3rganos y tejidos mezclando c\u00e9lulas procedentes de humanos con las de otras especies, son procedimientos que implican la destrucci\u00f3n de embriones o su manipulaci\u00f3n con el elevado riesgo que ello supone en su evoluci\u00f3n futura.<\/p>\n<p>El segundo es la utilizaci\u00f3n de material biol\u00f3gico procedente de abortos provocados, cuyo impulso puede justificar el incremento en la pr\u00e1ctica de abortos.<\/p>\n<p>Y el tercero es la necesidad de garantizar la posibilidad de identificar a los donantes de gametos -sustancias de origen humano- en el caso de que los nacidos por t\u00e9cnicas de reproducci\u00f3n asistida con gametos procedentes de donantes llegasen a reclamar la identificaci\u00f3n de los padres biol\u00f3gicos. La actual regulaci\u00f3n supone una oportunidad para unificar los criterios que permitan resolver los conflictos entre el derecho al anonimato de los donantes y el de los concebidos a conocer su procedencia gen\u00e9tica.<\/p>\n<h3><strong>Conclusi\u00f3n<\/strong><\/h3>\n<p>La protecci\u00f3n de los\u00a0<strong><a href=\"https:\/\/www.observatoriobioetica.org\/2017\/04\/estatuto-biologico-del-embrion-humano-3\/15982\" target=\"_blank\" rel=\"noopener\">embriones humanos<\/a><\/strong>, cualquiera que sea su origen, y su no utilizaci\u00f3n como fuente de material biol\u00f3gico que implique su destrucci\u00f3n se basa, entre otras razones, en la Sentencia:\u00a0<em>\u00abTJUE \u2013 Sentencia de 18.10.2011 (Gran Sala) , Oliver Br\u00fcstle c. Greenpeace Ev., C-34\/10 \u2013 \u00abDirectiva 94\/44\/CE sobre protecci\u00f3n jur\u00eddica de las invenciones biotecnol\u00f3gicas \u2013 Obtenci\u00f3n de c\u00e9lulas progenitoras a partir de c\u00e9lulas madre embrionarias\u00a0humanas\u00bb<\/em>, que define el embri\u00f3n humano como el producto de la fecundaci\u00f3n de los gametos o incluso, como el producto de la clonaci\u00f3n -transferencia del n\u00facleo de una c\u00e9lula madura a un ovocito previamente enucleado-, desde el primer instante de su andadura biol\u00f3gica, sin plazos ni par\u00e9ntesis.<\/p>\n<p>Reclamar el respeto a la dignidad de todo ser humano, al trato que debe otorg\u00e1rsele y los l\u00edmites de lo que se puede o no hacer con su cuerpo o las sustancias que de \u00e9l proceden constituye un deber de todo cient\u00edfico, pol\u00edtico o persona de bien, y el actual proceso de regulaci\u00f3n supone una excelente oportunidad para hacerlo con todos los seres humanos y todas las garant\u00edas, pero espec\u00edficamente, con los m\u00e1s d\u00e9biles, indefensos e inocentes: los embriones tempranos e inmaduros.<\/p>\n<h3><strong>* Escucha la entrevista de Julio Tudela en cadena Cope sobre este tema:\u00a0<\/strong><\/h3>\n<p><iframe loading=\"lazy\" title=\"La propuesta de Europa que atenta contra la vida: &quot;Equiparan una muestra de saliva a un embri\u00f3n&quot;.\" width=\"500\" height=\"281\" src=\"https:\/\/www.youtube.com\/embed\/rWDvTYlr8mI?feature=oembed\" frameborder=\"0\" allow=\"accelerometer; autoplay; clipboard-write; encrypted-media; gyroscope; picture-in-picture; web-share\" referrerpolicy=\"strict-origin-when-cross-origin\" allowfullscreen><\/iframe><\/p>\n<p><em><strong>Julio Tudela.\u00a0<a href=\"https:\/\/www.observatoriobioetica.org\/\" target=\"_blank\" rel=\"noopener\">Observatorio de Bio\u00e9tica<\/a>.\u00a0Instituto Ciencias de la Vida.\u00a0Universidad Cat\u00f3lica de Valencia<\/strong><\/em><\/p>\n","protected":false},"excerpt":{"rendered":"<p>La nueva regulaci\u00f3n de la Uni\u00f3n Europea<\/p>\n","protected":false},"author":87,"featured_media":83826,"comment_status":"closed","ping_status":"closed","sticky":false,"template":"","format":"standard","meta":{"_acf_changed":false,"_crdt_document":"","inline_featured_image":false,"footnotes":""},"categories":[130],"tags":[728,9981,10093,4953,2224],"class_list":["post-83825","post","type-post","status-publish","format-standard","has-post-thumbnail","hentry","category-voces","tag-bioetica","tag-julio-tudela","tag-sustancias-humanas","tag-trending-es","tag-union-europea"],"acf":[],"yoast_head":"<!-- This site is optimized with the Yoast SEO plugin v27.5 - https:\/\/yoast.com\/product\/yoast-seo-wordpress\/ -->\n<title>Sustancias de origen humano: una reflexi\u00f3n desde la bio\u00e9tica &#8211; Exaudi<\/title>\n<meta name=\"robots\" content=\"index, follow, max-snippet:-1, max-image-preview:large, max-video-preview:-1\" \/>\n<link rel=\"canonical\" href=\"https:\/\/exaudi.org\/es\/sustancias-de-origen-humano-una-reflexion-desde-la-bioetica\/\" \/>\n<meta property=\"og:locale\" content=\"es_ES\" \/>\n<meta property=\"og:type\" content=\"article\" \/>\n<meta property=\"og:title\" content=\"Sustancias de origen humano: una reflexi\u00f3n desde la bio\u00e9tica &#8211; Exaudi\" \/>\n<meta property=\"og:description\" content=\"La nueva regulaci\u00f3n de la Uni\u00f3n Europea\" \/>\n<meta property=\"og:url\" content=\"https:\/\/exaudi.org\/es\/sustancias-de-origen-humano-una-reflexion-desde-la-bioetica\/\" \/>\n<meta property=\"og:site_name\" content=\"Exaudi\" \/>\n<meta property=\"article:publisher\" content=\"https:\/\/www.facebook.com\/ExaudiNews\" \/>\n<meta property=\"article:author\" content=\"https:\/\/www.facebook.com\/observatoriodebioetica\/\" \/>\n<meta property=\"article:published_time\" content=\"2023-09-19T06:49:35+00:00\" \/>\n<meta property=\"og:image\" content=\"https:\/\/exaudi.org\/wp-content\/uploads\/2023\/09\/pexels-pixabay-356040-scaled.jpg\" \/>\n\t<meta property=\"og:image:width\" content=\"2560\" \/>\n\t<meta property=\"og:image:height\" content=\"1707\" \/>\n\t<meta property=\"og:image:type\" content=\"image\/jpeg\" \/>\n<meta name=\"author\" content=\"Observatorio de Bio\u00e9tica UCV\" \/>\n<meta name=\"twitter:card\" content=\"summary_large_image\" \/>\n<meta name=\"twitter:creator\" content=\"@obioetica\" \/>\n<meta name=\"twitter:site\" content=\"@Exaudi_News\" \/>\n<meta name=\"twitter:label1\" content=\"Escrito por\" \/>\n\t<meta name=\"twitter:data1\" content=\"Observatorio de Bio\u00e9tica UCV\" \/>\n\t<meta name=\"twitter:label2\" content=\"Tiempo de lectura\" \/>\n\t<meta name=\"twitter:data2\" content=\"5 minutos\" \/>\n<script type=\"application\/ld+json\" class=\"yoast-schema-graph\">{\"@context\":\"https:\\\/\\\/schema.org\",\"@graph\":[{\"@type\":\"Article\",\"@id\":\"https:\\\/\\\/exaudi.org\\\/es\\\/sustancias-de-origen-humano-una-reflexion-desde-la-bioetica\\\/#article\",\"isPartOf\":{\"@id\":\"https:\\\/\\\/exaudi.org\\\/es\\\/sustancias-de-origen-humano-una-reflexion-desde-la-bioetica\\\/\"},\"author\":{\"name\":\"Observatorio de Bio\u00e9tica UCV\",\"@id\":\"https:\\\/\\\/exaudi.org\\\/#\\\/schema\\\/person\\\/05d1c06e56ecb5490e9bff0d27026595\"},\"headline\":\"Sustancias de origen humano: una reflexi\u00f3n desde la bio\u00e9tica\",\"datePublished\":\"2023-09-19T06:49:35+00:00\",\"mainEntityOfPage\":{\"@id\":\"https:\\\/\\\/exaudi.org\\\/es\\\/sustancias-de-origen-humano-una-reflexion-desde-la-bioetica\\\/\"},\"wordCount\":1072,\"image\":{\"@id\":\"https:\\\/\\\/exaudi.org\\\/es\\\/sustancias-de-origen-humano-una-reflexion-desde-la-bioetica\\\/#primaryimage\"},\"thumbnailUrl\":\"https:\\\/\\\/exaudi.org\\\/wp-content\\\/uploads\\\/2023\\\/09\\\/pexels-pixabay-356040-scaled.jpg\",\"keywords\":[\"Bio\u00e9tica\",\"Julio Tudela\",\"Sustancias humanas\",\"Trending\",\"Uni\u00f3n Europea\"],\"articleSection\":[\"Voces\"],\"inLanguage\":\"es\"},{\"@type\":\"WebPage\",\"@id\":\"https:\\\/\\\/exaudi.org\\\/es\\\/sustancias-de-origen-humano-una-reflexion-desde-la-bioetica\\\/\",\"url\":\"https:\\\/\\\/exaudi.org\\\/es\\\/sustancias-de-origen-humano-una-reflexion-desde-la-bioetica\\\/\",\"name\":\"Sustancias de origen humano: una reflexi\u00f3n desde la bio\u00e9tica &#8211; Exaudi\",\"isPartOf\":{\"@id\":\"https:\\\/\\\/exaudi.org\\\/#website\"},\"primaryImageOfPage\":{\"@id\":\"https:\\\/\\\/exaudi.org\\\/es\\\/sustancias-de-origen-humano-una-reflexion-desde-la-bioetica\\\/#primaryimage\"},\"image\":{\"@id\":\"https:\\\/\\\/exaudi.org\\\/es\\\/sustancias-de-origen-humano-una-reflexion-desde-la-bioetica\\\/#primaryimage\"},\"thumbnailUrl\":\"https:\\\/\\\/exaudi.org\\\/wp-content\\\/uploads\\\/2023\\\/09\\\/pexels-pixabay-356040-scaled.jpg\",\"datePublished\":\"2023-09-19T06:49:35+00:00\",\"author\":{\"@id\":\"https:\\\/\\\/exaudi.org\\\/#\\\/schema\\\/person\\\/05d1c06e56ecb5490e9bff0d27026595\"},\"breadcrumb\":{\"@id\":\"https:\\\/\\\/exaudi.org\\\/es\\\/sustancias-de-origen-humano-una-reflexion-desde-la-bioetica\\\/#breadcrumb\"},\"inLanguage\":\"es\",\"potentialAction\":[{\"@type\":\"ReadAction\",\"target\":[\"https:\\\/\\\/exaudi.org\\\/es\\\/sustancias-de-origen-humano-una-reflexion-desde-la-bioetica\\\/\"]}]},{\"@type\":\"ImageObject\",\"inLanguage\":\"es\",\"@id\":\"https:\\\/\\\/exaudi.org\\\/es\\\/sustancias-de-origen-humano-una-reflexion-desde-la-bioetica\\\/#primaryimage\",\"url\":\"https:\\\/\\\/exaudi.org\\\/wp-content\\\/uploads\\\/2023\\\/09\\\/pexels-pixabay-356040-scaled.jpg\",\"contentUrl\":\"https:\\\/\\\/exaudi.org\\\/wp-content\\\/uploads\\\/2023\\\/09\\\/pexels-pixabay-356040-scaled.jpg\",\"width\":2560,\"height\":1707},{\"@type\":\"BreadcrumbList\",\"@id\":\"https:\\\/\\\/exaudi.org\\\/es\\\/sustancias-de-origen-humano-una-reflexion-desde-la-bioetica\\\/#breadcrumb\",\"itemListElement\":[{\"@type\":\"ListItem\",\"position\":1,\"name\":\"Portada\",\"item\":\"https:\\\/\\\/exaudi.org\\\/es\\\/\"},{\"@type\":\"ListItem\",\"position\":2,\"name\":\"Sustancias de origen humano: una reflexi\u00f3n desde la bio\u00e9tica\"}]},{\"@type\":\"WebSite\",\"@id\":\"https:\\\/\\\/exaudi.org\\\/#website\",\"url\":\"https:\\\/\\\/exaudi.org\\\/\",\"name\":\"Exaudi\",\"description\":\"News\",\"potentialAction\":[{\"@type\":\"SearchAction\",\"target\":{\"@type\":\"EntryPoint\",\"urlTemplate\":\"https:\\\/\\\/exaudi.org\\\/?s={search_term_string}\"},\"query-input\":{\"@type\":\"PropertyValueSpecification\",\"valueRequired\":true,\"valueName\":\"search_term_string\"}}],\"inLanguage\":\"es\"},{\"@type\":\"Person\",\"@id\":\"https:\\\/\\\/exaudi.org\\\/#\\\/schema\\\/person\\\/05d1c06e56ecb5490e9bff0d27026595\",\"name\":\"Observatorio de Bio\u00e9tica UCV\",\"image\":{\"@type\":\"ImageObject\",\"inLanguage\":\"es\",\"@id\":\"https:\\\/\\\/secure.gravatar.com\\\/avatar\\\/086563f59595a89fb0851de25d712a03657b1cdfa8af3c9cd0a1ee122fc5d596?s=96&d=mm&r=g\",\"url\":\"https:\\\/\\\/secure.gravatar.com\\\/avatar\\\/086563f59595a89fb0851de25d712a03657b1cdfa8af3c9cd0a1ee122fc5d596?s=96&d=mm&r=g\",\"contentUrl\":\"https:\\\/\\\/secure.gravatar.com\\\/avatar\\\/086563f59595a89fb0851de25d712a03657b1cdfa8af3c9cd0a1ee122fc5d596?s=96&d=mm&r=g\",\"caption\":\"Observatorio de Bio\u00e9tica UCV\"},\"description\":\"El Observatorio de Bio\u00e9tica se encuentra dentro del Instituto Ciencias de la vida de la Universidad Cat\u00f3lica de Valencia \u201cSan Vicente M\u00e1rtir\u201d . En el trasfondo de sus publicaciones, se defiende la vida humana desde la fecundaci\u00f3n a la muerte natural y la dignidad de la persona, teniendo como objetivo aunar esfuerzos para difundir la cultura de la vida como la define la Evangelium Vitae.\",\"sameAs\":[\"https:\\\/\\\/www.observatoriobioetica.org\\\/\",\"https:\\\/\\\/www.facebook.com\\\/observatoriodebioetica\\\/\",\"https:\\\/\\\/x.com\\\/obioetica\",\"https:\\\/\\\/www.youtube.com\\\/channel\\\/UC_Tr4WS5-TXoNo5e1MdQc7w\"],\"url\":\"https:\\\/\\\/exaudi.org\\\/es\\\/author\\\/observatoriodebioeticaucv\\\/\"}]}<\/script>\n<!-- \/ Yoast SEO plugin. -->","yoast_head_json":{"title":"Sustancias de origen humano: una reflexi\u00f3n desde la bio\u00e9tica &#8211; Exaudi","robots":{"index":"index","follow":"follow","max-snippet":"max-snippet:-1","max-image-preview":"max-image-preview:large","max-video-preview":"max-video-preview:-1"},"canonical":"https:\/\/exaudi.org\/es\/sustancias-de-origen-humano-una-reflexion-desde-la-bioetica\/","og_locale":"es_ES","og_type":"article","og_title":"Sustancias de origen humano: una reflexi\u00f3n desde la bio\u00e9tica &#8211; Exaudi","og_description":"La nueva regulaci\u00f3n de la Uni\u00f3n Europea","og_url":"https:\/\/exaudi.org\/es\/sustancias-de-origen-humano-una-reflexion-desde-la-bioetica\/","og_site_name":"Exaudi","article_publisher":"https:\/\/www.facebook.com\/ExaudiNews","article_author":"https:\/\/www.facebook.com\/observatoriodebioetica\/","article_published_time":"2023-09-19T06:49:35+00:00","og_image":[{"width":2560,"height":1707,"url":"https:\/\/exaudi.org\/wp-content\/uploads\/2023\/09\/pexels-pixabay-356040-scaled.jpg","type":"image\/jpeg"}],"author":"Observatorio de Bio\u00e9tica UCV","twitter_card":"summary_large_image","twitter_creator":"@obioetica","twitter_site":"@Exaudi_News","twitter_misc":{"Escrito por":"Observatorio de Bio\u00e9tica UCV","Tiempo de lectura":"5 minutos"},"schema":{"@context":"https:\/\/schema.org","@graph":[{"@type":"Article","@id":"https:\/\/exaudi.org\/es\/sustancias-de-origen-humano-una-reflexion-desde-la-bioetica\/#article","isPartOf":{"@id":"https:\/\/exaudi.org\/es\/sustancias-de-origen-humano-una-reflexion-desde-la-bioetica\/"},"author":{"name":"Observatorio de Bio\u00e9tica UCV","@id":"https:\/\/exaudi.org\/#\/schema\/person\/05d1c06e56ecb5490e9bff0d27026595"},"headline":"Sustancias de origen humano: una reflexi\u00f3n desde la bio\u00e9tica","datePublished":"2023-09-19T06:49:35+00:00","mainEntityOfPage":{"@id":"https:\/\/exaudi.org\/es\/sustancias-de-origen-humano-una-reflexion-desde-la-bioetica\/"},"wordCount":1072,"image":{"@id":"https:\/\/exaudi.org\/es\/sustancias-de-origen-humano-una-reflexion-desde-la-bioetica\/#primaryimage"},"thumbnailUrl":"https:\/\/exaudi.org\/wp-content\/uploads\/2023\/09\/pexels-pixabay-356040-scaled.jpg","keywords":["Bio\u00e9tica","Julio Tudela","Sustancias humanas","Trending","Uni\u00f3n Europea"],"articleSection":["Voces"],"inLanguage":"es"},{"@type":"WebPage","@id":"https:\/\/exaudi.org\/es\/sustancias-de-origen-humano-una-reflexion-desde-la-bioetica\/","url":"https:\/\/exaudi.org\/es\/sustancias-de-origen-humano-una-reflexion-desde-la-bioetica\/","name":"Sustancias de origen humano: una reflexi\u00f3n desde la bio\u00e9tica &#8211; Exaudi","isPartOf":{"@id":"https:\/\/exaudi.org\/#website"},"primaryImageOfPage":{"@id":"https:\/\/exaudi.org\/es\/sustancias-de-origen-humano-una-reflexion-desde-la-bioetica\/#primaryimage"},"image":{"@id":"https:\/\/exaudi.org\/es\/sustancias-de-origen-humano-una-reflexion-desde-la-bioetica\/#primaryimage"},"thumbnailUrl":"https:\/\/exaudi.org\/wp-content\/uploads\/2023\/09\/pexels-pixabay-356040-scaled.jpg","datePublished":"2023-09-19T06:49:35+00:00","author":{"@id":"https:\/\/exaudi.org\/#\/schema\/person\/05d1c06e56ecb5490e9bff0d27026595"},"breadcrumb":{"@id":"https:\/\/exaudi.org\/es\/sustancias-de-origen-humano-una-reflexion-desde-la-bioetica\/#breadcrumb"},"inLanguage":"es","potentialAction":[{"@type":"ReadAction","target":["https:\/\/exaudi.org\/es\/sustancias-de-origen-humano-una-reflexion-desde-la-bioetica\/"]}]},{"@type":"ImageObject","inLanguage":"es","@id":"https:\/\/exaudi.org\/es\/sustancias-de-origen-humano-una-reflexion-desde-la-bioetica\/#primaryimage","url":"https:\/\/exaudi.org\/wp-content\/uploads\/2023\/09\/pexels-pixabay-356040-scaled.jpg","contentUrl":"https:\/\/exaudi.org\/wp-content\/uploads\/2023\/09\/pexels-pixabay-356040-scaled.jpg","width":2560,"height":1707},{"@type":"BreadcrumbList","@id":"https:\/\/exaudi.org\/es\/sustancias-de-origen-humano-una-reflexion-desde-la-bioetica\/#breadcrumb","itemListElement":[{"@type":"ListItem","position":1,"name":"Portada","item":"https:\/\/exaudi.org\/es\/"},{"@type":"ListItem","position":2,"name":"Sustancias de origen humano: una reflexi\u00f3n desde la bio\u00e9tica"}]},{"@type":"WebSite","@id":"https:\/\/exaudi.org\/#website","url":"https:\/\/exaudi.org\/","name":"Exaudi","description":"News","potentialAction":[{"@type":"SearchAction","target":{"@type":"EntryPoint","urlTemplate":"https:\/\/exaudi.org\/?s={search_term_string}"},"query-input":{"@type":"PropertyValueSpecification","valueRequired":true,"valueName":"search_term_string"}}],"inLanguage":"es"},{"@type":"Person","@id":"https:\/\/exaudi.org\/#\/schema\/person\/05d1c06e56ecb5490e9bff0d27026595","name":"Observatorio de Bio\u00e9tica UCV","image":{"@type":"ImageObject","inLanguage":"es","@id":"https:\/\/secure.gravatar.com\/avatar\/086563f59595a89fb0851de25d712a03657b1cdfa8af3c9cd0a1ee122fc5d596?s=96&d=mm&r=g","url":"https:\/\/secure.gravatar.com\/avatar\/086563f59595a89fb0851de25d712a03657b1cdfa8af3c9cd0a1ee122fc5d596?s=96&d=mm&r=g","contentUrl":"https:\/\/secure.gravatar.com\/avatar\/086563f59595a89fb0851de25d712a03657b1cdfa8af3c9cd0a1ee122fc5d596?s=96&d=mm&r=g","caption":"Observatorio de Bio\u00e9tica UCV"},"description":"El Observatorio de Bio\u00e9tica se encuentra dentro del Instituto Ciencias de la vida de la Universidad Cat\u00f3lica de Valencia \u201cSan Vicente M\u00e1rtir\u201d . En el trasfondo de sus publicaciones, se defiende la vida humana desde la fecundaci\u00f3n a la muerte natural y la dignidad de la persona, teniendo como objetivo aunar esfuerzos para difundir la cultura de la vida como la define la Evangelium Vitae.","sameAs":["https:\/\/www.observatoriobioetica.org\/","https:\/\/www.facebook.com\/observatoriodebioetica\/","https:\/\/x.com\/obioetica","https:\/\/www.youtube.com\/channel\/UC_Tr4WS5-TXoNo5e1MdQc7w"],"url":"https:\/\/exaudi.org\/es\/author\/observatoriodebioeticaucv\/"}]}},"jetpack_featured_media_url":"https:\/\/exaudi.org\/wp-content\/uploads\/2023\/09\/pexels-pixabay-356040-scaled.jpg","jetpack_shortlink":"https:\/\/wp.me\/pgKjF2-lO1","_links":{"self":[{"href":"https:\/\/exaudi.org\/es\/wp-json\/wp\/v2\/posts\/83825","targetHints":{"allow":["GET"]}}],"collection":[{"href":"https:\/\/exaudi.org\/es\/wp-json\/wp\/v2\/posts"}],"about":[{"href":"https:\/\/exaudi.org\/es\/wp-json\/wp\/v2\/types\/post"}],"author":[{"embeddable":true,"href":"https:\/\/exaudi.org\/es\/wp-json\/wp\/v2\/users\/87"}],"replies":[{"embeddable":true,"href":"https:\/\/exaudi.org\/es\/wp-json\/wp\/v2\/comments?post=83825"}],"version-history":[{"count":0,"href":"https:\/\/exaudi.org\/es\/wp-json\/wp\/v2\/posts\/83825\/revisions"}],"wp:featuredmedia":[{"embeddable":true,"href":"https:\/\/exaudi.org\/es\/wp-json\/wp\/v2\/media\/83826"}],"wp:attachment":[{"href":"https:\/\/exaudi.org\/es\/wp-json\/wp\/v2\/media?parent=83825"}],"wp:term":[{"taxonomy":"category","embeddable":true,"href":"https:\/\/exaudi.org\/es\/wp-json\/wp\/v2\/categories?post=83825"},{"taxonomy":"post_tag","embeddable":true,"href":"https:\/\/exaudi.org\/es\/wp-json\/wp\/v2\/tags?post=83825"}],"curies":[{"name":"wp","href":"https:\/\/api.w.org\/{rel}","templated":true}]}}