{"id":83765,"date":"2023-09-18T08:57:51","date_gmt":"2023-09-18T06:57:51","guid":{"rendered":"https:\/\/exaudi.org\/?p=83765"},"modified":"2023-09-18T09:35:48","modified_gmt":"2023-09-18T07:35:48","slug":"conservar-la-tradicion-un-acto-subversivo","status":"publish","type":"post","link":"https:\/\/exaudi.org\/es\/conservar-la-tradicion-un-acto-subversivo\/","title":{"rendered":"Conservar la tradici\u00f3n, un acto subversivo"},"content":{"rendered":"<audio class=\"wp-audio-shortcode\" id=\"audio-83765-1\" preload=\"none\" style=\"width: 100%;\" controls=\"controls\"><source type=\"audio\/mpeg\" src=\"https:\/\/exaudi.org\/wp-content\/uploads\/2023\/09\/Tradicion.mp3?_=1\" \/><a href=\"https:\/\/exaudi.org\/wp-content\/uploads\/2023\/09\/Tradicion.mp3\">https:\/\/exaudi.org\/wp-content\/uploads\/2023\/09\/Tradicion.mp3<\/a><\/audio>\n<p>Recientemente el Papa Francisco animaba a los j\u00f3venes rusos a preservar y promover lo positivo del gran patrimonio cultural y espiritual ruso, siendo malinterpretadas sus palabras. El papa, a la que puede anima a conservar la tradici\u00f3n Es un tema recurrente del papa con los j\u00f3venes. En la JMJ en el desayuno que tuvo con ellos les motiv\u00f3 para \u00a0conversar<strong>\u00a0<\/strong>con las personas mayores <strong>\u00abque tienen la sabidur\u00eda que necesitan los j\u00f3venes<\/strong>\u00b7, dec\u00eda.<\/p>\n<p>La tradici\u00f3n o lo antiguo parece ser que no es un valor actual. Me comentaba un conocido marchante de pintura y antig\u00fcedades, c\u00f3mo se hab\u00eda devaluado la obra pict\u00f3rica y los objetos antiguos. Ya no era una inversi\u00f3n comprar arte, me dec\u00eda. A la parroquia de vez en cuando nos traen im\u00e1genes de una cierta calidad art\u00edstica, algunas de dos generaciones anteriores.<\/p>\n<p>La iglesia es revolucionariamente conservadora. No s\u00f3lo en sus edificios que siglo tras siglo conserva sino tambi\u00e9n en su patrimonio espiritual que son los santos, sus vidas y sus reliquias.<\/p>\n<p>La tradici\u00f3n es una de las razones por las que molesta iglesia. Miraba at\u00f3nito estos d\u00edas como en un canal de televisi\u00f3n p\u00fablica se mofaban de las vidas de unos m\u00e1rtires y santos, as\u00ed como de sus reliquias. No es objeto de esta reflexi\u00f3n comentar la baja calidad period\u00edstica ni la intenci\u00f3n adoctrinadora del ente p\u00fablico en concreto.<\/p>\n<p>Pienso que se mofaban de los santos por el simple hecho de ser personajes milenarios. No creo que sean ridiculizables personajes que plantaron cara al poder imperial que amordazaba cualquier acto de libertad y que colaboraron con su valerosidad a forjar una cultura occidental donde los derechos humanos inspirados en el cristianismo, nos definen ante sociedades clasistas, por ejemplo.<\/p>\n<p>La tradici\u00f3n de los m\u00e1rtires ayuda a conservar el sentido de la vida, la libertad, la verdad, la honradez, la dignidad humana, la justicia, la solidaridad. \u00a0Vencieron su propio ego\u00edsmo insolidario por un ideal. Durante siglos se ha construido un paradigma de sociedad que ahora est\u00e1 en crisis. El n\u00facleo de las creencias no es ni tan solo un constructo, sino mi propia decisi\u00f3n. Se cree en la vida m\u00e1s all\u00e1 de este mundo simplemente por deseo propio, por ejemplo. O bien, los hallazgos cient\u00edficos, en otro tiempo incuestionables, ahora se pueden despreciar sin m\u00e1s criterio que la propia opini\u00f3n.<\/p>\n<p>Mantener unos valores implica una tradici\u00f3n. Y a la vez asumir lo que otros han conquistado como un derecho. Y la tradici\u00f3n se podr\u00eda definir por el conjunto de creencias y costumbres que definen entidades supraindividuales.<\/p>\n<p>En cambio, la filosof\u00eda al uso en nuestros d\u00edas se basa en la destrucci\u00f3n de las seguridades o fundamentos que dan un sentido. En uno de los libros de autoayuda citan una frase de Robert Bolt \u201cuna creencia no es solamente una idea que la mente posee, es una idea que posee a la mente\u201d Y el autor del libro arguye que \u201cpara poder avanzar hemos de ser capaces de aprovechar nuevas experiencias que nos permitan transformar nuestras creencias\u201d.<\/p>\n<p>Podemos convenir que nuestra sociedad adolece de fidelidades y de sostener con el paso del tiempo las convicciones. Estamos en una sociedad que tiene una consistencia l\u00edquida en terminolog\u00eda del soci\u00f3logo polaco Zygmunt Bauman. De hecho, es seductora la idea de poder inventar-nos, incluso el g\u00e9nero. Pero de hecho, la realidad, la naturalesa, e incluso los instintos humanos de poder son persistentes y renunciar a un \u00f3rden natural o social lleva a los m\u00e1s d\u00e9biles a toparse con las consecuencias de sus credulidades. No es que la mente haya de ser esclava de las ideas, pero la tradici\u00f3n pue de ser una gu\u00eda para vivir una vida con sentido.\u00a0 \u00a0Me ha tocado en mi trabajo auxiliar a padres que pierden a sus hijos en accidentes por imprudencias donde no cre\u00edan en limitaciones, o a chic@s trans que despu\u00e9s de cambiar de identidad \u201clibremente\u201d tampoco encuentran el equilibrio que buscaban. El tema del suicidio y la transexualidad debiera estudiarse seriamente. Aunque tambi\u00e9n encontramos profesionales de la psiquiatr\u00eda que nos dicen que es un acto de libertad.<\/p>\n<p>Y lo que es peor, renunciar a la tradici\u00f3n se puede convertir\u00a0 en una dictadura de lo posible y\u00a0 como siempre los que m\u00e1s pueden hacer lo posible son los m\u00e1s poderosos, a costa de los d\u00e9biles. Las leyes recopiladas a lo largo de los siglos son instrumentos a favor de la \u201djusticia\u201d, concepto que actualmente en una sociedad l\u00edquida e individualista tambi\u00e9n est\u00e1 en crisis.<\/p>\n<p>Podemos ser libres como para creer que podemos volar, quiz\u00e1s la idea de que no podemos hacerlo es una idea que nos limita la mente, pero ignorar la tradici\u00f3n puede ser nefasto.<\/p>\n<p><img loading=\"lazy\" decoding=\"async\" class=\"size-full wp-image-83787 aligncenter\" src=\"https:\/\/exaudi.org\/wp-content\/uploads\/2023\/09\/Frases-2.jpg\" alt=\"\" width=\"1080\" height=\"1080\" srcset=\"https:\/\/exaudi.org\/wp-content\/uploads\/2023\/09\/Frases-2.jpg 1080w, https:\/\/exaudi.org\/wp-content\/uploads\/2023\/09\/Frases-2-300x300.jpg 300w, https:\/\/exaudi.org\/wp-content\/uploads\/2023\/09\/Frases-2-1024x1024.jpg 1024w, https:\/\/exaudi.org\/wp-content\/uploads\/2023\/09\/Frases-2-100x100.jpg?crop=1 100w, https:\/\/exaudi.org\/wp-content\/uploads\/2023\/09\/Frases-2-770x770.jpg 770w, https:\/\/exaudi.org\/wp-content\/uploads\/2023\/09\/Frases-2-500x500.jpg 500w, https:\/\/exaudi.org\/wp-content\/uploads\/2023\/09\/Frases-2-293x293.jpg 293w, https:\/\/exaudi.org\/wp-content\/uploads\/2023\/09\/Frases-2-390x390.jpg 390w, https:\/\/exaudi.org\/wp-content\/uploads\/2023\/09\/Frases-2-585x585.jpg 585w, https:\/\/exaudi.org\/wp-content\/uploads\/2023\/09\/Frases-2-900x900.jpg 900w\" sizes=\"auto, (max-width: 1080px) 100vw, 1080px\" \/><\/p>\n<p>&nbsp;<\/p>\n","protected":false},"excerpt":{"rendered":"<p>La tradici\u00f3n de los m\u00e1rtires ayuda a conservar el sentido de la vida, la libertad, la verdad, la honradez, la dignidad humana, la justicia, la solidaridad<\/p>\n","protected":false},"author":77,"featured_media":83766,"comment_status":"closed","ping_status":"closed","sticky":false,"template":"","format":"standard","meta":{"_acf_changed":false,"_crdt_document":"","inline_featured_image":false,"footnotes":""},"categories":[130,130,130,130,130,130,130],"tags":[360,10086,2375,9437,4953],"class_list":{"0":"post-83765","1":"post","2":"type-post","3":"status-publish","4":"format-standard","5":"has-post-thumbnail","6":"hentry","7":"category-voces","14":"tag-martires","15":"tag-modelos","16":"tag-santos","17":"tag-tradicion","18":"tag-trending-es"},"acf":[],"yoast_head":"<!-- This site is optimized with the Yoast SEO plugin v27.5 - https:\/\/yoast.com\/product\/yoast-seo-wordpress\/ -->\n<title>Conservar la tradici\u00f3n, un acto subversivo &#8211; Exaudi<\/title>\n<meta name=\"robots\" content=\"index, follow, max-snippet:-1, max-image-preview:large, max-video-preview:-1\" \/>\n<link rel=\"canonical\" href=\"https:\/\/exaudi.org\/es\/conservar-la-tradicion-un-acto-subversivo\/\" \/>\n<meta property=\"og:locale\" content=\"es_ES\" \/>\n<meta property=\"og:type\" content=\"article\" \/>\n<meta property=\"og:title\" content=\"Conservar la tradici\u00f3n, un acto subversivo &#8211; Exaudi\" \/>\n<meta property=\"og:description\" content=\"La tradici\u00f3n de los m\u00e1rtires ayuda a conservar el sentido de la vida, la libertad, la verdad, la honradez, la dignidad humana, la justicia, la solidaridad\" \/>\n<meta property=\"og:url\" content=\"https:\/\/exaudi.org\/es\/conservar-la-tradicion-un-acto-subversivo\/\" \/>\n<meta property=\"og:site_name\" content=\"Exaudi\" \/>\n<meta property=\"article:publisher\" content=\"https:\/\/www.facebook.com\/ExaudiNews\" \/>\n<meta property=\"article:published_time\" content=\"2023-09-18T06:57:51+00:00\" \/>\n<meta property=\"article:modified_time\" content=\"2023-09-18T07:35:48+00:00\" \/>\n<meta property=\"og:image\" content=\"https:\/\/exaudi.org\/wp-content\/uploads\/2023\/09\/pexels-pixabay-327472-scaled.jpg\" \/>\n\t<meta property=\"og:image:width\" content=\"2560\" \/>\n\t<meta property=\"og:image:height\" content=\"1707\" \/>\n\t<meta property=\"og:image:type\" content=\"image\/jpeg\" \/>\n<meta name=\"author\" content=\"Alfons Gea\" \/>\n<meta name=\"twitter:card\" content=\"summary_large_image\" \/>\n<meta name=\"twitter:creator\" content=\"@Exaudi_News\" \/>\n<meta name=\"twitter:site\" content=\"@Exaudi_News\" \/>\n<meta name=\"twitter:label1\" content=\"Escrito por\" \/>\n\t<meta name=\"twitter:data1\" content=\"Alfons Gea\" \/>\n\t<meta name=\"twitter:label2\" content=\"Tiempo de lectura\" \/>\n\t<meta name=\"twitter:data2\" content=\"4 minutos\" \/>\n<script type=\"application\/ld+json\" class=\"yoast-schema-graph\">{\"@context\":\"https:\\\/\\\/schema.org\",\"@graph\":[{\"@type\":\"Article\",\"@id\":\"https:\\\/\\\/exaudi.org\\\/es\\\/conservar-la-tradicion-un-acto-subversivo\\\/#article\",\"isPartOf\":{\"@id\":\"https:\\\/\\\/exaudi.org\\\/es\\\/conservar-la-tradicion-un-acto-subversivo\\\/\"},\"author\":{\"name\":\"Alfons Gea\",\"@id\":\"https:\\\/\\\/exaudi.org\\\/#\\\/schema\\\/person\\\/ac92bf102c0b53544ebdec5b9d0aed18\"},\"headline\":\"Conservar la tradici\u00f3n, un acto subversivo\",\"datePublished\":\"2023-09-18T06:57:51+00:00\",\"dateModified\":\"2023-09-18T07:35:48+00:00\",\"mainEntityOfPage\":{\"@id\":\"https:\\\/\\\/exaudi.org\\\/es\\\/conservar-la-tradicion-un-acto-subversivo\\\/\"},\"wordCount\":851,\"image\":{\"@id\":\"https:\\\/\\\/exaudi.org\\\/es\\\/conservar-la-tradicion-un-acto-subversivo\\\/#primaryimage\"},\"thumbnailUrl\":\"https:\\\/\\\/exaudi.org\\\/wp-content\\\/uploads\\\/2023\\\/09\\\/pexels-pixabay-327472-scaled.jpg\",\"keywords\":[\"M\u00e1rtires\",\"modelos\",\"Santos\",\"Tradici\u00f3n\",\"Trending\"],\"articleSection\":[\"Voces\",\"Voces\",\"Voces\",\"Voces\",\"Voces\",\"Voces\",\"Voces\"],\"inLanguage\":\"es\"},{\"@type\":\"WebPage\",\"@id\":\"https:\\\/\\\/exaudi.org\\\/es\\\/conservar-la-tradicion-un-acto-subversivo\\\/\",\"url\":\"https:\\\/\\\/exaudi.org\\\/es\\\/conservar-la-tradicion-un-acto-subversivo\\\/\",\"name\":\"Conservar la tradici\u00f3n, un acto subversivo &#8211; Exaudi\",\"isPartOf\":{\"@id\":\"https:\\\/\\\/exaudi.org\\\/#website\"},\"primaryImageOfPage\":{\"@id\":\"https:\\\/\\\/exaudi.org\\\/es\\\/conservar-la-tradicion-un-acto-subversivo\\\/#primaryimage\"},\"image\":{\"@id\":\"https:\\\/\\\/exaudi.org\\\/es\\\/conservar-la-tradicion-un-acto-subversivo\\\/#primaryimage\"},\"thumbnailUrl\":\"https:\\\/\\\/exaudi.org\\\/wp-content\\\/uploads\\\/2023\\\/09\\\/pexels-pixabay-327472-scaled.jpg\",\"datePublished\":\"2023-09-18T06:57:51+00:00\",\"dateModified\":\"2023-09-18T07:35:48+00:00\",\"author\":{\"@id\":\"https:\\\/\\\/exaudi.org\\\/#\\\/schema\\\/person\\\/ac92bf102c0b53544ebdec5b9d0aed18\"},\"breadcrumb\":{\"@id\":\"https:\\\/\\\/exaudi.org\\\/es\\\/conservar-la-tradicion-un-acto-subversivo\\\/#breadcrumb\"},\"inLanguage\":\"es\",\"potentialAction\":[{\"@type\":\"ReadAction\",\"target\":[\"https:\\\/\\\/exaudi.org\\\/es\\\/conservar-la-tradicion-un-acto-subversivo\\\/\"]}]},{\"@type\":\"ImageObject\",\"inLanguage\":\"es\",\"@id\":\"https:\\\/\\\/exaudi.org\\\/es\\\/conservar-la-tradicion-un-acto-subversivo\\\/#primaryimage\",\"url\":\"https:\\\/\\\/exaudi.org\\\/wp-content\\\/uploads\\\/2023\\\/09\\\/pexels-pixabay-327472-scaled.jpg\",\"contentUrl\":\"https:\\\/\\\/exaudi.org\\\/wp-content\\\/uploads\\\/2023\\\/09\\\/pexels-pixabay-327472-scaled.jpg\",\"width\":2560,\"height\":1707},{\"@type\":\"BreadcrumbList\",\"@id\":\"https:\\\/\\\/exaudi.org\\\/es\\\/conservar-la-tradicion-un-acto-subversivo\\\/#breadcrumb\",\"itemListElement\":[{\"@type\":\"ListItem\",\"position\":1,\"name\":\"Portada\",\"item\":\"https:\\\/\\\/exaudi.org\\\/es\\\/\"},{\"@type\":\"ListItem\",\"position\":2,\"name\":\"Conservar la tradici\u00f3n, un acto subversivo\"}]},{\"@type\":\"WebSite\",\"@id\":\"https:\\\/\\\/exaudi.org\\\/#website\",\"url\":\"https:\\\/\\\/exaudi.org\\\/\",\"name\":\"Exaudi\",\"description\":\"News\",\"potentialAction\":[{\"@type\":\"SearchAction\",\"target\":{\"@type\":\"EntryPoint\",\"urlTemplate\":\"https:\\\/\\\/exaudi.org\\\/?s={search_term_string}\"},\"query-input\":{\"@type\":\"PropertyValueSpecification\",\"valueRequired\":true,\"valueName\":\"search_term_string\"}}],\"inLanguage\":\"es\"},{\"@type\":\"Person\",\"@id\":\"https:\\\/\\\/exaudi.org\\\/#\\\/schema\\\/person\\\/ac92bf102c0b53544ebdec5b9d0aed18\",\"name\":\"Alfons Gea\",\"image\":{\"@type\":\"ImageObject\",\"inLanguage\":\"es\",\"@id\":\"https:\\\/\\\/secure.gravatar.com\\\/avatar\\\/24ebf96806e8303525f3910faa8289fe6c8726339b6a79ad483356d520db03c6?s=96&d=mm&r=g\",\"url\":\"https:\\\/\\\/secure.gravatar.com\\\/avatar\\\/24ebf96806e8303525f3910faa8289fe6c8726339b6a79ad483356d520db03c6?s=96&d=mm&r=g\",\"contentUrl\":\"https:\\\/\\\/secure.gravatar.com\\\/avatar\\\/24ebf96806e8303525f3910faa8289fe6c8726339b6a79ad483356d520db03c6?s=96&d=mm&r=g\",\"caption\":\"Alfons Gea\"},\"description\":\"Licenciado en Teolog\u00eda en Facultad de Teolog\u00eda de Barcelona (1988). Diplomado en Magisterio \u2013 profesor EGB. Universidad de Barcelona (1990). Licenciado en Psicopedagogia. Universidad Ram\u00f3n Llull, (1994). Responsable del Servicio de Atenci\u00f3n al Duelo de Funeraria Municipal de Terrassa (2001-2022). Terapeuta en Gabinete Gedi - Psicolog\u00eda aplicada (2022). P\u00e1rroco de St. Viucente de Jonquereas, de Sabadell (2012). Articulista en revistas especializadas y prensa comarcal. Formador en atenci\u00f3n al duelo de profesionales sanitarios y sociosanitarios: Trabajadoras sociales, psic\u00f3logas\\\/os, m\u00e9dicas, enfermer\u00eda, maestras (1995). Ha participado en varios programas de opini\u00f3n y debate de televisiones y radios nacionales. Anteriormente ejerci\u00f3 como asistente espiritual de los hospitales en Terrassa: San L\u00e1zaro, Mutua, y Hospital de Terrassa (1997-2018. Fue p\u00e1rroco de la parroquia Virgen de Montserrat de Terrassa (1997-2013) y responsable de Formaci\u00f3n de la Delegaci\u00f3n de Pastoral de la Salud de la di\u00f3cesis de Barcelona (1995-2005). Delegado episcopal de Pastoral de la salud de la di\u00f3cesis de Terrassa (2005-2012). Coordinador de la Pastoral de la Salud de la Conferencia episcopal catalana. Maestro de EGB, Coordinador de secundaria, subdirector de escuela, jefe de gabinete psicopedag\u00f3gico, fundador y director del Centro Sara \u2013 casa de acogida para enfermos de SIDA, educador en situaciones de riesgo social, Fundador del Taller Solidario \u2013 centro de inserci\u00f3n laboral.\",\"url\":\"https:\\\/\\\/exaudi.org\\\/es\\\/author\\\/alfonsogea\\\/\"}]}<\/script>\n<!-- \/ Yoast SEO plugin. -->","yoast_head_json":{"title":"Conservar la tradici\u00f3n, un acto subversivo &#8211; Exaudi","robots":{"index":"index","follow":"follow","max-snippet":"max-snippet:-1","max-image-preview":"max-image-preview:large","max-video-preview":"max-video-preview:-1"},"canonical":"https:\/\/exaudi.org\/es\/conservar-la-tradicion-un-acto-subversivo\/","og_locale":"es_ES","og_type":"article","og_title":"Conservar la tradici\u00f3n, un acto subversivo &#8211; Exaudi","og_description":"La tradici\u00f3n de los m\u00e1rtires ayuda a conservar el sentido de la vida, la libertad, la verdad, la honradez, la dignidad humana, la justicia, la solidaridad","og_url":"https:\/\/exaudi.org\/es\/conservar-la-tradicion-un-acto-subversivo\/","og_site_name":"Exaudi","article_publisher":"https:\/\/www.facebook.com\/ExaudiNews","article_published_time":"2023-09-18T06:57:51+00:00","article_modified_time":"2023-09-18T07:35:48+00:00","og_image":[{"width":2560,"height":1707,"url":"https:\/\/exaudi.org\/wp-content\/uploads\/2023\/09\/pexels-pixabay-327472-scaled.jpg","type":"image\/jpeg"}],"author":"Alfons Gea","twitter_card":"summary_large_image","twitter_creator":"@Exaudi_News","twitter_site":"@Exaudi_News","twitter_misc":{"Escrito por":"Alfons Gea","Tiempo de lectura":"4 minutos"},"schema":{"@context":"https:\/\/schema.org","@graph":[{"@type":"Article","@id":"https:\/\/exaudi.org\/es\/conservar-la-tradicion-un-acto-subversivo\/#article","isPartOf":{"@id":"https:\/\/exaudi.org\/es\/conservar-la-tradicion-un-acto-subversivo\/"},"author":{"name":"Alfons Gea","@id":"https:\/\/exaudi.org\/#\/schema\/person\/ac92bf102c0b53544ebdec5b9d0aed18"},"headline":"Conservar la tradici\u00f3n, un acto subversivo","datePublished":"2023-09-18T06:57:51+00:00","dateModified":"2023-09-18T07:35:48+00:00","mainEntityOfPage":{"@id":"https:\/\/exaudi.org\/es\/conservar-la-tradicion-un-acto-subversivo\/"},"wordCount":851,"image":{"@id":"https:\/\/exaudi.org\/es\/conservar-la-tradicion-un-acto-subversivo\/#primaryimage"},"thumbnailUrl":"https:\/\/exaudi.org\/wp-content\/uploads\/2023\/09\/pexels-pixabay-327472-scaled.jpg","keywords":["M\u00e1rtires","modelos","Santos","Tradici\u00f3n","Trending"],"articleSection":["Voces","Voces","Voces","Voces","Voces","Voces","Voces"],"inLanguage":"es"},{"@type":"WebPage","@id":"https:\/\/exaudi.org\/es\/conservar-la-tradicion-un-acto-subversivo\/","url":"https:\/\/exaudi.org\/es\/conservar-la-tradicion-un-acto-subversivo\/","name":"Conservar la tradici\u00f3n, un acto subversivo &#8211; Exaudi","isPartOf":{"@id":"https:\/\/exaudi.org\/#website"},"primaryImageOfPage":{"@id":"https:\/\/exaudi.org\/es\/conservar-la-tradicion-un-acto-subversivo\/#primaryimage"},"image":{"@id":"https:\/\/exaudi.org\/es\/conservar-la-tradicion-un-acto-subversivo\/#primaryimage"},"thumbnailUrl":"https:\/\/exaudi.org\/wp-content\/uploads\/2023\/09\/pexels-pixabay-327472-scaled.jpg","datePublished":"2023-09-18T06:57:51+00:00","dateModified":"2023-09-18T07:35:48+00:00","author":{"@id":"https:\/\/exaudi.org\/#\/schema\/person\/ac92bf102c0b53544ebdec5b9d0aed18"},"breadcrumb":{"@id":"https:\/\/exaudi.org\/es\/conservar-la-tradicion-un-acto-subversivo\/#breadcrumb"},"inLanguage":"es","potentialAction":[{"@type":"ReadAction","target":["https:\/\/exaudi.org\/es\/conservar-la-tradicion-un-acto-subversivo\/"]}]},{"@type":"ImageObject","inLanguage":"es","@id":"https:\/\/exaudi.org\/es\/conservar-la-tradicion-un-acto-subversivo\/#primaryimage","url":"https:\/\/exaudi.org\/wp-content\/uploads\/2023\/09\/pexels-pixabay-327472-scaled.jpg","contentUrl":"https:\/\/exaudi.org\/wp-content\/uploads\/2023\/09\/pexels-pixabay-327472-scaled.jpg","width":2560,"height":1707},{"@type":"BreadcrumbList","@id":"https:\/\/exaudi.org\/es\/conservar-la-tradicion-un-acto-subversivo\/#breadcrumb","itemListElement":[{"@type":"ListItem","position":1,"name":"Portada","item":"https:\/\/exaudi.org\/es\/"},{"@type":"ListItem","position":2,"name":"Conservar la tradici\u00f3n, un acto subversivo"}]},{"@type":"WebSite","@id":"https:\/\/exaudi.org\/#website","url":"https:\/\/exaudi.org\/","name":"Exaudi","description":"News","potentialAction":[{"@type":"SearchAction","target":{"@type":"EntryPoint","urlTemplate":"https:\/\/exaudi.org\/?s={search_term_string}"},"query-input":{"@type":"PropertyValueSpecification","valueRequired":true,"valueName":"search_term_string"}}],"inLanguage":"es"},{"@type":"Person","@id":"https:\/\/exaudi.org\/#\/schema\/person\/ac92bf102c0b53544ebdec5b9d0aed18","name":"Alfons Gea","image":{"@type":"ImageObject","inLanguage":"es","@id":"https:\/\/secure.gravatar.com\/avatar\/24ebf96806e8303525f3910faa8289fe6c8726339b6a79ad483356d520db03c6?s=96&d=mm&r=g","url":"https:\/\/secure.gravatar.com\/avatar\/24ebf96806e8303525f3910faa8289fe6c8726339b6a79ad483356d520db03c6?s=96&d=mm&r=g","contentUrl":"https:\/\/secure.gravatar.com\/avatar\/24ebf96806e8303525f3910faa8289fe6c8726339b6a79ad483356d520db03c6?s=96&d=mm&r=g","caption":"Alfons Gea"},"description":"Licenciado en Teolog\u00eda en Facultad de Teolog\u00eda de Barcelona (1988). Diplomado en Magisterio \u2013 profesor EGB. Universidad de Barcelona (1990). Licenciado en Psicopedagogia. Universidad Ram\u00f3n Llull, (1994). Responsable del Servicio de Atenci\u00f3n al Duelo de Funeraria Municipal de Terrassa (2001-2022). Terapeuta en Gabinete Gedi - Psicolog\u00eda aplicada (2022). P\u00e1rroco de St. Viucente de Jonquereas, de Sabadell (2012). Articulista en revistas especializadas y prensa comarcal. Formador en atenci\u00f3n al duelo de profesionales sanitarios y sociosanitarios: Trabajadoras sociales, psic\u00f3logas\/os, m\u00e9dicas, enfermer\u00eda, maestras (1995). Ha participado en varios programas de opini\u00f3n y debate de televisiones y radios nacionales. Anteriormente ejerci\u00f3 como asistente espiritual de los hospitales en Terrassa: San L\u00e1zaro, Mutua, y Hospital de Terrassa (1997-2018. Fue p\u00e1rroco de la parroquia Virgen de Montserrat de Terrassa (1997-2013) y responsable de Formaci\u00f3n de la Delegaci\u00f3n de Pastoral de la Salud de la di\u00f3cesis de Barcelona (1995-2005). Delegado episcopal de Pastoral de la salud de la di\u00f3cesis de Terrassa (2005-2012). Coordinador de la Pastoral de la Salud de la Conferencia episcopal catalana. Maestro de EGB, Coordinador de secundaria, subdirector de escuela, jefe de gabinete psicopedag\u00f3gico, fundador y director del Centro Sara \u2013 casa de acogida para enfermos de SIDA, educador en situaciones de riesgo social, Fundador del Taller Solidario \u2013 centro de inserci\u00f3n laboral.","url":"https:\/\/exaudi.org\/es\/author\/alfonsogea\/"}]}},"jetpack_featured_media_url":"https:\/\/exaudi.org\/wp-content\/uploads\/2023\/09\/pexels-pixabay-327472-scaled.jpg","jetpack_shortlink":"https:\/\/wp.me\/pgKjF2-lN3","_links":{"self":[{"href":"https:\/\/exaudi.org\/es\/wp-json\/wp\/v2\/posts\/83765","targetHints":{"allow":["GET"]}}],"collection":[{"href":"https:\/\/exaudi.org\/es\/wp-json\/wp\/v2\/posts"}],"about":[{"href":"https:\/\/exaudi.org\/es\/wp-json\/wp\/v2\/types\/post"}],"author":[{"embeddable":true,"href":"https:\/\/exaudi.org\/es\/wp-json\/wp\/v2\/users\/77"}],"replies":[{"embeddable":true,"href":"https:\/\/exaudi.org\/es\/wp-json\/wp\/v2\/comments?post=83765"}],"version-history":[{"count":0,"href":"https:\/\/exaudi.org\/es\/wp-json\/wp\/v2\/posts\/83765\/revisions"}],"wp:featuredmedia":[{"embeddable":true,"href":"https:\/\/exaudi.org\/es\/wp-json\/wp\/v2\/media\/83766"}],"wp:attachment":[{"href":"https:\/\/exaudi.org\/es\/wp-json\/wp\/v2\/media?parent=83765"}],"wp:term":[{"taxonomy":"category","embeddable":true,"href":"https:\/\/exaudi.org\/es\/wp-json\/wp\/v2\/categories?post=83765"},{"taxonomy":"post_tag","embeddable":true,"href":"https:\/\/exaudi.org\/es\/wp-json\/wp\/v2\/tags?post=83765"}],"curies":[{"name":"wp","href":"https:\/\/api.w.org\/{rel}","templated":true}]}}