{"id":83622,"date":"2023-09-15T13:10:08","date_gmt":"2023-09-15T11:10:08","guid":{"rendered":"https:\/\/exaudi.org\/?p=83622"},"modified":"2023-09-15T18:17:23","modified_gmt":"2023-09-15T16:17:23","slug":"sin-oracion-no-habra-sinodo","status":"publish","type":"post","link":"https:\/\/exaudi.org\/es\/sin-oracion-no-habra-sinodo\/","title":{"rendered":"Sin oraci\u00f3n no habr\u00e1 S\u00ednodo"},"content":{"rendered":"<audio class=\"wp-audio-shortcode\" id=\"audio-83622-1\" preload=\"none\" style=\"width: 100%;\" controls=\"controls\"><source type=\"audio\/mpeg\" src=\"https:\/\/exaudi.org\/wp-content\/uploads\/2023\/09\/Obispos-1.mp3?_=1\" \/><a href=\"https:\/\/exaudi.org\/wp-content\/uploads\/2023\/09\/Obispos-1.mp3\">https:\/\/exaudi.org\/wp-content\/uploads\/2023\/09\/Obispos-1.mp3<\/a><\/audio>\n<p>En una carta dirigida a los obispos y eparcas de todo el mundo, el <strong>cardenal Mario Grech<\/strong>, Secretario General de la Secretar\u00eda Generale del S\u00ednodo, invita a los fieles de todo el mundo a participar mediante la oraci\u00f3n a la XVI Asamblea General Ordinaria del S\u00ednodo de los Obispos que se inaugurar\u00e1 en el Vaticano el 4 de octubre.<\/p>\n<p>Con esta carta, el Secretario General quiere recordar que la Asamblea sinodal es ante todo un acontecimiento espiritual, de oraci\u00f3n y de escucha del Esp\u00edritu Santo, verdadero protagonista del evento. Para facilitar la participaci\u00f3n y solicitar la adhesi\u00f3n orante de los miembros de la asamblea de las comunidades locales, la Secretar\u00eda General del S\u00ednodo ha preparado una \u00abBendici\u00f3n Solemne\u00bb que se recitar\u00e1, en particular, al final de las Misas dominicales junto con las oraciones de intercesi\u00f3n. Se adjunta el original en lat\u00edn (las traducciones son s\u00f3lo documentos de trabajo para facilitar la labor de las Iglesias Locales).<\/p>\n<p>Respetando la riqueza de la tradici\u00f3n lit\u00fargica de las Iglesias Orientales Cat\u00f3licas sui iuris, la carta ha sido enviada tambi\u00e9n a los responsables de dichas Iglesias con la petici\u00f3n de implementar una bendici\u00f3n e<br \/>\nintercesiones similares en las Divinas Liturgias.<\/p>\n<p>El llamamiento del cardenal Grech forma parte de una serie de iniciativas encaminadas a recordar el car\u00e1cter eminentemente espiritual de la asamblea sinodal y a promover la participaci\u00f3n de todo el Pueblo<br \/>\nde Dios a trav\u00e9s de la oraci\u00f3n, entre las que se encuentran:<\/p>\n<ul>\n<li>la creaci\u00f3n, ya en 2021, de un sitio (www.prayforthesynod.va) en colaboraci\u00f3n con la Red Mundial de Oraci\u00f3n del Papa y la UISG (Uni\u00f3n Internacional de Superioras Generales) que propone cada primer lunes de mes un tiempo de oraci\u00f3n espec\u00edfico para el S\u00ednodo;<\/li>\n<li>la Vigilia Ecum\u00e9nica de Oraci\u00f3n (www.together2023.net) el pr\u00f3ximo 30 de septiembre en V\u00edsperas del S\u00ednodo, que ser\u00e1 emitida en Live streaming a partir de las 16.30 en los canales de Vatican News (vaticannews.va);<\/li>\n<li>un retiro espiritual para los miembros de la asamblea antes de la apertura de los trabajos (1-3 de octubre de 2023)<\/li>\n<\/ul>\n<h3><em><strong>ORACI\u00d3N UNIVERSAL &#8211; INTERCESIONES PARA LA MISA DOMINICAL<\/strong><\/em><\/h3>\n<p>Para los domingos XXV y XXVI del tiempo ordinario \u2013 A, que preceden a la apertura de la Asamblea sinodal, proponemos algunas intenciones para la Oraci\u00f3n Universal:<\/p>\n<p>Por la Iglesia, en v\u00edsperas de una nueva etapa del camino sinodal, para que la presencia viva y operante del Evangelio haga de ella, como de la vi\u00f1a de la par\u00e1bola, un lugar vital en el que todos los hombres y mujeres que esperan encontrar un sentido para la vida, encuentren lugar, palabra, aliento de esperanza, oremos;<\/p>\n<p>Por los obispos y todos los participantes en la Asamblea sinodal, para que de la escucha del Esp\u00edritu Santo surjan propuestas, a fin de que todo el Pueblo de Dios, en una din\u00e1mica de comuni\u00f3n, se sienta realmente part\u00edcipe de la vida de la Iglesia y sea testimonio vivo y atractivo de la novedad del Evangelio en el mundo, oremos;<\/p>\n<p>Por los te\u00f3logos: que un don de sabidur\u00eda y de revelaci\u00f3n acompa\u00f1e su contribuci\u00f3n a los trabajos del S\u00ednodo, para que el don de la fe se haga vida en todo el Pueblo de Dios, oremos;<\/p>\n<p>Por los j\u00f3venes, buscadores de verdad y de testimonio, de concreci\u00f3n y de espiritualidad, para que gracias al camino sinodal se sientan cada vez m\u00e1s implicados en la vida y en la misi\u00f3n de la Iglesia en medio de los desaf\u00edos del mundo de hoy, dando a muchos, con el entusiasmo propio de su edad, la esperanza que brota del encuentro con Jes\u00fas, oremos;<\/p>\n<p>Por nosotros aqu\u00ed reunidos, en comuni\u00f3n con las comunidades cristianas de todo el mundo: para que, gustando la bondad del Se\u00f1or que viene al encuentro de cada uno en el cuerpo y la sangre de Jes\u00fas, recibamos de \u00c9l una mirada nueva sobre el pr\u00f3jimo y seamos testigos de gratuidad en el mundo en que vivimos, oremos.<\/p>\n<p><em><strong>ORACI\u00d3N UNIVERSAL &#8211; INTERCESIONES PARA UN D\u00cdA DE LA SEMANA<\/strong><\/em><\/p>\n<p>Esta propuesta de oraci\u00f3n de intercesi\u00f3n puede utilizarse en un d\u00eda de la semana, ya sea como Oraci\u00f3n Universal en la Celebraci\u00f3n Eucar\u00edstica o como intercesi\u00f3n en las V\u00edsperas.<\/p>\n<p>Al Esp\u00edritu Santo, Creador y Se\u00f1or de la Iglesia, que la gu\u00eda a trav\u00e9s de los tiempos y mansamente la impulsa siempre hacia adelante, dirigimos nuestra s\u00faplica:<\/p>\n<p>R. \u00a1Ven, T\u00fa que siempre haces nuevas todas las cosas!<\/p>\n<p>Ven, Esp\u00edritu Santo, alma de la Iglesia: re\u00fane en la unidad y haz fructificar el esfuerzo, la esperanza, el deseo de cada uno de los que se dedican a la Asamblea del S\u00ednodo de los Obispos, te invocamos;<\/p>\n<p>Ven, suave Soplo de Dios, que en Jes\u00fas reavivas la llama apagada, devuelves el vigor a la ca\u00f1a resquebrajada, te invocamos;<\/p>\n<p>Ven, Esp\u00edritu Creador, que revives los huesos marchitos, re\u00fanes a los dispersos, pones en di\u00e1logo lenguas que no se reconocen, te invocamos;<\/p>\n<p>Ven, Fuego ardiente de Dios, que purifica todo pensamiento vano, quema y transforma toda tristeza en la alegr\u00eda de un nuevo nacimiento, te invocamos;<\/p>\n<p>Ven, Belleza de los peque\u00f1os y de los pobres, edifica la bella esposa del Cordero, a trav\u00e9s de las l\u00e1grimas de aquellos que aman la paz y tienen hambre de justicia, te invocamos;<\/p>\n<p>Ven, perd\u00f3n de Dios, y convi\u00e9rtenos a tu aliento reconciliador para una nueva fraternidad, te invocamos;<\/p>\n<p>Ven, Sabidur\u00eda inaccesible, y llena con tus dones a los sinodales, te invocamos;<\/p>\n<p>Ven, infalible Esperanza de la Iglesia, y suscita sue\u00f1os y deseos seg\u00fan el coraz\u00f3n de Dios, lo que al ojo humano parece imposible, te invocamos.<\/p>\n<p><em><strong><a href=\"https:\/\/exaudi.org\/wp-content\/uploads\/2023\/09\/Lettera-ai-Vescovi-IT-EN-ES-PT-FR.pdf\">Carta a los Obispos<\/a><\/strong><\/em><\/p>\n<p><em><strong>Texto Benedictio Sollemnis: <a href=\"https:\/\/exaudi.org\/wp-content\/uploads\/2023\/09\/LT_Testo-Benedictio-Sollemnis.pdf\">LT_Testo Benedictio Sollemnis<\/a><\/strong><\/em><\/p>\n","protected":false},"excerpt":{"rendered":"<p>Carta del Cardenal Mario Grech a los Obispos del Mundo<\/p>\n","protected":false},"author":15,"featured_media":83623,"comment_status":"closed","ping_status":"closed","sticky":false,"template":"","format":"standard","meta":{"_acf_changed":false,"_crdt_document":"","inline_featured_image":false,"footnotes":""},"categories":[72,144,132],"tags":[2430,602,676,4460,4953],"class_list":["post-83622","post","type-post","status-publish","format-standard","has-post-thumbnail","hentry","category-analisis","category-sinodos-es","category-vaticano-es","tag-cardenal-mario-grech","tag-obispos","tag-oracion","tag-sinodo-es","tag-trending-es"],"acf":[],"yoast_head":"<!-- This site is optimized with the Yoast SEO plugin v27.5 - https:\/\/yoast.com\/product\/yoast-seo-wordpress\/ -->\n<title>Sin oraci\u00f3n no habr\u00e1 S\u00ednodo &#8211; Exaudi<\/title>\n<meta name=\"robots\" content=\"index, follow, max-snippet:-1, max-image-preview:large, max-video-preview:-1\" \/>\n<link rel=\"canonical\" href=\"https:\/\/exaudi.org\/es\/sin-oracion-no-habra-sinodo\/\" \/>\n<meta property=\"og:locale\" content=\"es_ES\" \/>\n<meta property=\"og:type\" content=\"article\" \/>\n<meta property=\"og:title\" content=\"Sin oraci\u00f3n no habr\u00e1 S\u00ednodo &#8211; Exaudi\" \/>\n<meta property=\"og:description\" content=\"Carta del Cardenal Mario Grech a los Obispos del Mundo\" \/>\n<meta property=\"og:url\" content=\"https:\/\/exaudi.org\/es\/sin-oracion-no-habra-sinodo\/\" \/>\n<meta property=\"og:site_name\" content=\"Exaudi\" \/>\n<meta property=\"article:publisher\" content=\"https:\/\/www.facebook.com\/ExaudiNews\" \/>\n<meta property=\"article:author\" content=\"https:\/\/www.facebook.com\/ExaudiNoticias\/\" \/>\n<meta property=\"article:published_time\" content=\"2023-09-15T11:10:08+00:00\" \/>\n<meta property=\"article:modified_time\" content=\"2023-09-15T16:17:23+00:00\" \/>\n<meta property=\"og:image\" content=\"https:\/\/exaudi.org\/wp-content\/uploads\/2023\/09\/cq5dam.thumbnail.cropped.750.422-16.jpeg\" \/>\n\t<meta property=\"og:image:width\" content=\"750\" \/>\n\t<meta property=\"og:image:height\" content=\"422\" \/>\n\t<meta property=\"og:image:type\" content=\"image\/jpeg\" \/>\n<meta name=\"author\" content=\"Exaudi Redacci\u00f3n\" \/>\n<meta name=\"twitter:card\" content=\"summary_large_image\" \/>\n<meta name=\"twitter:creator\" content=\"@Exaudi_noticias\" \/>\n<meta name=\"twitter:site\" content=\"@Exaudi_News\" \/>\n<meta name=\"twitter:label1\" content=\"Escrito por\" \/>\n\t<meta name=\"twitter:data1\" content=\"Exaudi Redacci\u00f3n\" \/>\n\t<meta name=\"twitter:label2\" content=\"Tiempo de lectura\" \/>\n\t<meta name=\"twitter:data2\" content=\"5 minutos\" \/>\n<script type=\"application\/ld+json\" class=\"yoast-schema-graph\">{\"@context\":\"https:\\\/\\\/schema.org\",\"@graph\":[{\"@type\":\"Article\",\"@id\":\"https:\\\/\\\/exaudi.org\\\/es\\\/sin-oracion-no-habra-sinodo\\\/#article\",\"isPartOf\":{\"@id\":\"https:\\\/\\\/exaudi.org\\\/es\\\/sin-oracion-no-habra-sinodo\\\/\"},\"author\":{\"name\":\"Exaudi Redacci\u00f3n\",\"@id\":\"https:\\\/\\\/exaudi.org\\\/#\\\/schema\\\/person\\\/f5fc8f063065e38742da7afe15f25df7\"},\"headline\":\"Sin oraci\u00f3n no habr\u00e1 S\u00ednodo\",\"datePublished\":\"2023-09-15T11:10:08+00:00\",\"dateModified\":\"2023-09-15T16:17:23+00:00\",\"mainEntityOfPage\":{\"@id\":\"https:\\\/\\\/exaudi.org\\\/es\\\/sin-oracion-no-habra-sinodo\\\/\"},\"wordCount\":1034,\"image\":{\"@id\":\"https:\\\/\\\/exaudi.org\\\/es\\\/sin-oracion-no-habra-sinodo\\\/#primaryimage\"},\"thumbnailUrl\":\"https:\\\/\\\/exaudi.org\\\/wp-content\\\/uploads\\\/2023\\\/09\\\/cq5dam.thumbnail.cropped.750.422-16.jpeg\",\"keywords\":[\"Cardenal Mario Grech\",\"obispos\",\"Oraci\u00f3n\",\"Sinodo\",\"Trending\"],\"articleSection\":[\"An\u00e1lisis\",\"S\u00ednodos\",\"Vaticano\"],\"inLanguage\":\"es\"},{\"@type\":\"WebPage\",\"@id\":\"https:\\\/\\\/exaudi.org\\\/es\\\/sin-oracion-no-habra-sinodo\\\/\",\"url\":\"https:\\\/\\\/exaudi.org\\\/es\\\/sin-oracion-no-habra-sinodo\\\/\",\"name\":\"Sin oraci\u00f3n no habr\u00e1 S\u00ednodo &#8211; Exaudi\",\"isPartOf\":{\"@id\":\"https:\\\/\\\/exaudi.org\\\/#website\"},\"primaryImageOfPage\":{\"@id\":\"https:\\\/\\\/exaudi.org\\\/es\\\/sin-oracion-no-habra-sinodo\\\/#primaryimage\"},\"image\":{\"@id\":\"https:\\\/\\\/exaudi.org\\\/es\\\/sin-oracion-no-habra-sinodo\\\/#primaryimage\"},\"thumbnailUrl\":\"https:\\\/\\\/exaudi.org\\\/wp-content\\\/uploads\\\/2023\\\/09\\\/cq5dam.thumbnail.cropped.750.422-16.jpeg\",\"datePublished\":\"2023-09-15T11:10:08+00:00\",\"dateModified\":\"2023-09-15T16:17:23+00:00\",\"author\":{\"@id\":\"https:\\\/\\\/exaudi.org\\\/#\\\/schema\\\/person\\\/f5fc8f063065e38742da7afe15f25df7\"},\"breadcrumb\":{\"@id\":\"https:\\\/\\\/exaudi.org\\\/es\\\/sin-oracion-no-habra-sinodo\\\/#breadcrumb\"},\"inLanguage\":\"es\",\"potentialAction\":[{\"@type\":\"ReadAction\",\"target\":[\"https:\\\/\\\/exaudi.org\\\/es\\\/sin-oracion-no-habra-sinodo\\\/\"]}]},{\"@type\":\"ImageObject\",\"inLanguage\":\"es\",\"@id\":\"https:\\\/\\\/exaudi.org\\\/es\\\/sin-oracion-no-habra-sinodo\\\/#primaryimage\",\"url\":\"https:\\\/\\\/exaudi.org\\\/wp-content\\\/uploads\\\/2023\\\/09\\\/cq5dam.thumbnail.cropped.750.422-16.jpeg\",\"contentUrl\":\"https:\\\/\\\/exaudi.org\\\/wp-content\\\/uploads\\\/2023\\\/09\\\/cq5dam.thumbnail.cropped.750.422-16.jpeg\",\"width\":750,\"height\":422},{\"@type\":\"BreadcrumbList\",\"@id\":\"https:\\\/\\\/exaudi.org\\\/es\\\/sin-oracion-no-habra-sinodo\\\/#breadcrumb\",\"itemListElement\":[{\"@type\":\"ListItem\",\"position\":1,\"name\":\"Portada\",\"item\":\"https:\\\/\\\/exaudi.org\\\/es\\\/\"},{\"@type\":\"ListItem\",\"position\":2,\"name\":\"Sin oraci\u00f3n no habr\u00e1 S\u00ednodo\"}]},{\"@type\":\"WebSite\",\"@id\":\"https:\\\/\\\/exaudi.org\\\/#website\",\"url\":\"https:\\\/\\\/exaudi.org\\\/\",\"name\":\"Exaudi\",\"description\":\"News\",\"potentialAction\":[{\"@type\":\"SearchAction\",\"target\":{\"@type\":\"EntryPoint\",\"urlTemplate\":\"https:\\\/\\\/exaudi.org\\\/?s={search_term_string}\"},\"query-input\":{\"@type\":\"PropertyValueSpecification\",\"valueRequired\":true,\"valueName\":\"search_term_string\"}}],\"inLanguage\":\"es\"},{\"@type\":\"Person\",\"@id\":\"https:\\\/\\\/exaudi.org\\\/#\\\/schema\\\/person\\\/f5fc8f063065e38742da7afe15f25df7\",\"name\":\"Exaudi Redacci\u00f3n\",\"image\":{\"@type\":\"ImageObject\",\"inLanguage\":\"es\",\"@id\":\"https:\\\/\\\/secure.gravatar.com\\\/avatar\\\/fe0f6a059fb68d9b3e11bc5850dd4899b1c7492091a3cb6dd9b01b56ad828be2?s=96&d=mm&r=g\",\"url\":\"https:\\\/\\\/secure.gravatar.com\\\/avatar\\\/fe0f6a059fb68d9b3e11bc5850dd4899b1c7492091a3cb6dd9b01b56ad828be2?s=96&d=mm&r=g\",\"contentUrl\":\"https:\\\/\\\/secure.gravatar.com\\\/avatar\\\/fe0f6a059fb68d9b3e11bc5850dd4899b1c7492091a3cb6dd9b01b56ad828be2?s=96&d=mm&r=g\",\"caption\":\"Exaudi Redacci\u00f3n\"},\"description\":\"\u00bfQu\u00e9 es Exaudi News? Exaudi News es un medio de comunicaci\u00f3n cat\u00f3lico internacional que informa, forma y transforma, diariamente en espa\u00f1ol, ingl\u00e9s e italiano. A trav\u00e9s de noticias, art\u00edculos de an\u00e1lisis y transmisiones en directo de los eventos del Papa, Exaudi busca fortalecer la unidad de los cristianos y contribuir a la evangelizaci\u00f3n del mundo, siempre guiados por la doctrina social de la Iglesia. Trabajamos para acercar la verdad y los valores cristianos a cada rinc\u00f3n del planeta. \u00a1Ay\u00fadanos a transformar el mundo con Exaudi! En Exaudi creemos que la evangelizaci\u00f3n y la informaci\u00f3n de calidad pueden cambiar vidas. Para continuar con nuestra misi\u00f3n y expandir nuestro alcance, necesitamos tu ayuda. Adem\u00e1s, buscamos personas comprometidas que deseen unirse a nuestro equipo. Con tu apoyo, lograremos llegar a m\u00e1s personas, difundir el mensaje de Cristo y reforzar la unidad de los cristianos. \u00bfTe unes a nuestra misi\u00f3n? Para m\u00e1s informaci\u00f3n sobre c\u00f3mo colaborar, visita Exaudi.org\\\/es o cont\u00e1ctanos directamente: info@exaudi.org Exaudi: Informa, forma y transforma.\",\"sameAs\":[\"https:\\\/\\\/www.facebook.com\\\/ExaudiNoticias\\\/\",\"https:\\\/\\\/www.instagram.com\\\/exaudi_noticias\\\/\",\"https:\\\/\\\/x.com\\\/Exaudi_noticias\",\"https:\\\/\\\/www.youtube.com\\\/@exaudicatholicnews\"],\"url\":\"https:\\\/\\\/exaudi.org\\\/es\\\/author\\\/redaccionexaudi\\\/\"}]}<\/script>\n<!-- \/ Yoast SEO plugin. -->","yoast_head_json":{"title":"Sin oraci\u00f3n no habr\u00e1 S\u00ednodo &#8211; Exaudi","robots":{"index":"index","follow":"follow","max-snippet":"max-snippet:-1","max-image-preview":"max-image-preview:large","max-video-preview":"max-video-preview:-1"},"canonical":"https:\/\/exaudi.org\/es\/sin-oracion-no-habra-sinodo\/","og_locale":"es_ES","og_type":"article","og_title":"Sin oraci\u00f3n no habr\u00e1 S\u00ednodo &#8211; Exaudi","og_description":"Carta del Cardenal Mario Grech a los Obispos del Mundo","og_url":"https:\/\/exaudi.org\/es\/sin-oracion-no-habra-sinodo\/","og_site_name":"Exaudi","article_publisher":"https:\/\/www.facebook.com\/ExaudiNews","article_author":"https:\/\/www.facebook.com\/ExaudiNoticias\/","article_published_time":"2023-09-15T11:10:08+00:00","article_modified_time":"2023-09-15T16:17:23+00:00","og_image":[{"width":750,"height":422,"url":"https:\/\/exaudi.org\/wp-content\/uploads\/2023\/09\/cq5dam.thumbnail.cropped.750.422-16.jpeg","type":"image\/jpeg"}],"author":"Exaudi Redacci\u00f3n","twitter_card":"summary_large_image","twitter_creator":"@Exaudi_noticias","twitter_site":"@Exaudi_News","twitter_misc":{"Escrito por":"Exaudi Redacci\u00f3n","Tiempo de lectura":"5 minutos"},"schema":{"@context":"https:\/\/schema.org","@graph":[{"@type":"Article","@id":"https:\/\/exaudi.org\/es\/sin-oracion-no-habra-sinodo\/#article","isPartOf":{"@id":"https:\/\/exaudi.org\/es\/sin-oracion-no-habra-sinodo\/"},"author":{"name":"Exaudi Redacci\u00f3n","@id":"https:\/\/exaudi.org\/#\/schema\/person\/f5fc8f063065e38742da7afe15f25df7"},"headline":"Sin oraci\u00f3n no habr\u00e1 S\u00ednodo","datePublished":"2023-09-15T11:10:08+00:00","dateModified":"2023-09-15T16:17:23+00:00","mainEntityOfPage":{"@id":"https:\/\/exaudi.org\/es\/sin-oracion-no-habra-sinodo\/"},"wordCount":1034,"image":{"@id":"https:\/\/exaudi.org\/es\/sin-oracion-no-habra-sinodo\/#primaryimage"},"thumbnailUrl":"https:\/\/exaudi.org\/wp-content\/uploads\/2023\/09\/cq5dam.thumbnail.cropped.750.422-16.jpeg","keywords":["Cardenal Mario Grech","obispos","Oraci\u00f3n","Sinodo","Trending"],"articleSection":["An\u00e1lisis","S\u00ednodos","Vaticano"],"inLanguage":"es"},{"@type":"WebPage","@id":"https:\/\/exaudi.org\/es\/sin-oracion-no-habra-sinodo\/","url":"https:\/\/exaudi.org\/es\/sin-oracion-no-habra-sinodo\/","name":"Sin oraci\u00f3n no habr\u00e1 S\u00ednodo &#8211; Exaudi","isPartOf":{"@id":"https:\/\/exaudi.org\/#website"},"primaryImageOfPage":{"@id":"https:\/\/exaudi.org\/es\/sin-oracion-no-habra-sinodo\/#primaryimage"},"image":{"@id":"https:\/\/exaudi.org\/es\/sin-oracion-no-habra-sinodo\/#primaryimage"},"thumbnailUrl":"https:\/\/exaudi.org\/wp-content\/uploads\/2023\/09\/cq5dam.thumbnail.cropped.750.422-16.jpeg","datePublished":"2023-09-15T11:10:08+00:00","dateModified":"2023-09-15T16:17:23+00:00","author":{"@id":"https:\/\/exaudi.org\/#\/schema\/person\/f5fc8f063065e38742da7afe15f25df7"},"breadcrumb":{"@id":"https:\/\/exaudi.org\/es\/sin-oracion-no-habra-sinodo\/#breadcrumb"},"inLanguage":"es","potentialAction":[{"@type":"ReadAction","target":["https:\/\/exaudi.org\/es\/sin-oracion-no-habra-sinodo\/"]}]},{"@type":"ImageObject","inLanguage":"es","@id":"https:\/\/exaudi.org\/es\/sin-oracion-no-habra-sinodo\/#primaryimage","url":"https:\/\/exaudi.org\/wp-content\/uploads\/2023\/09\/cq5dam.thumbnail.cropped.750.422-16.jpeg","contentUrl":"https:\/\/exaudi.org\/wp-content\/uploads\/2023\/09\/cq5dam.thumbnail.cropped.750.422-16.jpeg","width":750,"height":422},{"@type":"BreadcrumbList","@id":"https:\/\/exaudi.org\/es\/sin-oracion-no-habra-sinodo\/#breadcrumb","itemListElement":[{"@type":"ListItem","position":1,"name":"Portada","item":"https:\/\/exaudi.org\/es\/"},{"@type":"ListItem","position":2,"name":"Sin oraci\u00f3n no habr\u00e1 S\u00ednodo"}]},{"@type":"WebSite","@id":"https:\/\/exaudi.org\/#website","url":"https:\/\/exaudi.org\/","name":"Exaudi","description":"News","potentialAction":[{"@type":"SearchAction","target":{"@type":"EntryPoint","urlTemplate":"https:\/\/exaudi.org\/?s={search_term_string}"},"query-input":{"@type":"PropertyValueSpecification","valueRequired":true,"valueName":"search_term_string"}}],"inLanguage":"es"},{"@type":"Person","@id":"https:\/\/exaudi.org\/#\/schema\/person\/f5fc8f063065e38742da7afe15f25df7","name":"Exaudi Redacci\u00f3n","image":{"@type":"ImageObject","inLanguage":"es","@id":"https:\/\/secure.gravatar.com\/avatar\/fe0f6a059fb68d9b3e11bc5850dd4899b1c7492091a3cb6dd9b01b56ad828be2?s=96&d=mm&r=g","url":"https:\/\/secure.gravatar.com\/avatar\/fe0f6a059fb68d9b3e11bc5850dd4899b1c7492091a3cb6dd9b01b56ad828be2?s=96&d=mm&r=g","contentUrl":"https:\/\/secure.gravatar.com\/avatar\/fe0f6a059fb68d9b3e11bc5850dd4899b1c7492091a3cb6dd9b01b56ad828be2?s=96&d=mm&r=g","caption":"Exaudi Redacci\u00f3n"},"description":"\u00bfQu\u00e9 es Exaudi News? Exaudi News es un medio de comunicaci\u00f3n cat\u00f3lico internacional que informa, forma y transforma, diariamente en espa\u00f1ol, ingl\u00e9s e italiano. A trav\u00e9s de noticias, art\u00edculos de an\u00e1lisis y transmisiones en directo de los eventos del Papa, Exaudi busca fortalecer la unidad de los cristianos y contribuir a la evangelizaci\u00f3n del mundo, siempre guiados por la doctrina social de la Iglesia. Trabajamos para acercar la verdad y los valores cristianos a cada rinc\u00f3n del planeta. \u00a1Ay\u00fadanos a transformar el mundo con Exaudi! En Exaudi creemos que la evangelizaci\u00f3n y la informaci\u00f3n de calidad pueden cambiar vidas. Para continuar con nuestra misi\u00f3n y expandir nuestro alcance, necesitamos tu ayuda. Adem\u00e1s, buscamos personas comprometidas que deseen unirse a nuestro equipo. Con tu apoyo, lograremos llegar a m\u00e1s personas, difundir el mensaje de Cristo y reforzar la unidad de los cristianos. \u00bfTe unes a nuestra misi\u00f3n? Para m\u00e1s informaci\u00f3n sobre c\u00f3mo colaborar, visita Exaudi.org\/es o cont\u00e1ctanos directamente: info@exaudi.org Exaudi: Informa, forma y transforma.","sameAs":["https:\/\/www.facebook.com\/ExaudiNoticias\/","https:\/\/www.instagram.com\/exaudi_noticias\/","https:\/\/x.com\/Exaudi_noticias","https:\/\/www.youtube.com\/@exaudicatholicnews"],"url":"https:\/\/exaudi.org\/es\/author\/redaccionexaudi\/"}]}},"jetpack_featured_media_url":"https:\/\/exaudi.org\/wp-content\/uploads\/2023\/09\/cq5dam.thumbnail.cropped.750.422-16.jpeg","jetpack_shortlink":"https:\/\/wp.me\/pgKjF2-lKK","_links":{"self":[{"href":"https:\/\/exaudi.org\/es\/wp-json\/wp\/v2\/posts\/83622","targetHints":{"allow":["GET"]}}],"collection":[{"href":"https:\/\/exaudi.org\/es\/wp-json\/wp\/v2\/posts"}],"about":[{"href":"https:\/\/exaudi.org\/es\/wp-json\/wp\/v2\/types\/post"}],"author":[{"embeddable":true,"href":"https:\/\/exaudi.org\/es\/wp-json\/wp\/v2\/users\/15"}],"replies":[{"embeddable":true,"href":"https:\/\/exaudi.org\/es\/wp-json\/wp\/v2\/comments?post=83622"}],"version-history":[{"count":0,"href":"https:\/\/exaudi.org\/es\/wp-json\/wp\/v2\/posts\/83622\/revisions"}],"wp:featuredmedia":[{"embeddable":true,"href":"https:\/\/exaudi.org\/es\/wp-json\/wp\/v2\/media\/83623"}],"wp:attachment":[{"href":"https:\/\/exaudi.org\/es\/wp-json\/wp\/v2\/media?parent=83622"}],"wp:term":[{"taxonomy":"category","embeddable":true,"href":"https:\/\/exaudi.org\/es\/wp-json\/wp\/v2\/categories?post=83622"},{"taxonomy":"post_tag","embeddable":true,"href":"https:\/\/exaudi.org\/es\/wp-json\/wp\/v2\/tags?post=83622"}],"curies":[{"name":"wp","href":"https:\/\/api.w.org\/{rel}","templated":true}]}}