{"id":83572,"date":"2023-09-15T08:45:52","date_gmt":"2023-09-15T06:45:52","guid":{"rendered":"https:\/\/exaudi.org\/?p=83572"},"modified":"2023-09-15T08:46:55","modified_gmt":"2023-09-15T06:46:55","slug":"card-parolin-eduquen-a-las-nuevas-generaciones-en-el-arte-de-la-politica","status":"publish","type":"post","link":"https:\/\/exaudi.org\/es\/card-parolin-eduquen-a-las-nuevas-generaciones-en-el-arte-de-la-politica\/","title":{"rendered":"Card. Parolin: Eduquen a las nuevas generaciones en el arte de la pol\u00edtica"},"content":{"rendered":"<audio class=\"wp-audio-shortcode\" id=\"audio-83572-1\" preload=\"none\" style=\"width: 100%;\" controls=\"controls\"><source type=\"audio\/mpeg\" src=\"https:\/\/exaudi.org\/wp-content\/uploads\/2023\/09\/ttsmaker-file-2023-9-15-8-46-29.mp3?_=1\" \/><a href=\"https:\/\/exaudi.org\/wp-content\/uploads\/2023\/09\/ttsmaker-file-2023-9-15-8-46-29.mp3\">https:\/\/exaudi.org\/wp-content\/uploads\/2023\/09\/ttsmaker-file-2023-9-15-8-46-29.mp3<\/a><\/audio>\n<p>\u201cFue un encuentro cordial en el que\u00a0hablamos de la misi\u00f3n que la nueva directiva tiene de cara al mandato de la 39a\u00a0Asamblea de Puerto Rico\u201d. Con estas palabras, el<b>\u00a0<\/b>arzobispo de Ciudad de Panam\u00e1 y segundo vicepresidente del Celam describi\u00f3 el fruct\u00edfero encuentro que mantuvieron el mi\u00e9rcoles 13 de septiembre con el secretario de Estado del Vaticano. Monse\u00f1or Jos\u00e9 Domingo Ulloa tambi\u00e9n explica, seg\u00fan informa la web del CELAM, que durante el encuentro compartieron la realidad de Am\u00e9rica Latina y el Caribe \u201ccon sus luces y sombras\u201d y esto les ha motivado a que como Iglesia \u201csigan jugando ese papel de acompa\u00f1ar y de dar esperanza al pueblo\u201d.<\/p>\n<h3><b>Educar a las nuevas generaciones<\/b><\/h3>\n<p>El cardenal Parolin adem\u00e1s invit\u00f3 a los Obispos del Celam a llevar la responsabilidad de \u201ceducar a las nuevas generaciones para el arte de la pol\u00edtica\u201d que tal y como dijo: \u201ces el arte del servir\u201d, aun cuando Am\u00e9rica Latina y el Caribe tiene \u201crealidades distintas, pero no distantes\u201d, por eso \u201cdebemos dar respuesta y acompa\u00f1ar\u201d y \u201cver lo que nos une\u201d.<\/p>\n<p>Por \u00faltimo, Monse\u00f1or Ulloa expresa la \u201curgencia\u201d de<b>\u00a0<\/b>mantener un di\u00e1logo fluido entre el Celam y la Secretar\u00eda de Estado\u00a0sobre todo \u201cpensando en la gran misi\u00f3n que tenemos de ir fortaleciendo la unidad entre todos los obispos del continente\u201d.<\/p>\n","protected":false},"excerpt":{"rendered":"<p>El cardenal Parolin recibe a la Presidencia del Celam y les propone el reto de llevar la responsabilidad de educar a las nuevas generaciones para el arte de la pol\u00edtica \u201cque es el arte del servir\u201d<\/p>\n","protected":false},"author":15,"featured_media":83573,"comment_status":"closed","ping_status":"closed","sticky":false,"template":"","format":"standard","meta":{"_acf_changed":false,"_crdt_document":"","inline_featured_image":false,"footnotes":""},"categories":[132],"tags":[464,10048,5593,10049,4953,272],"class_list":["post-83572","post","type-post","status-publish","format-standard","has-post-thumbnail","hentry","category-vaticano-es","tag-celam","tag-parolin-3","tag-servicio","tag-servir","tag-trending-es","tag-vaticano-es"],"acf":[],"yoast_head":"<!-- This site is optimized with the Yoast SEO plugin v27.5 - https:\/\/yoast.com\/product\/yoast-seo-wordpress\/ -->\n<title>Card. Parolin: Eduquen a las nuevas generaciones en el arte de la pol\u00edtica &#8211; Exaudi<\/title>\n<meta name=\"robots\" content=\"index, follow, max-snippet:-1, max-image-preview:large, max-video-preview:-1\" \/>\n<link rel=\"canonical\" href=\"https:\/\/exaudi.org\/es\/card-parolin-eduquen-a-las-nuevas-generaciones-en-el-arte-de-la-politica\/\" \/>\n<meta property=\"og:locale\" content=\"es_ES\" \/>\n<meta property=\"og:type\" content=\"article\" \/>\n<meta property=\"og:title\" content=\"Card. Parolin: Eduquen a las nuevas generaciones en el arte de la pol\u00edtica &#8211; Exaudi\" \/>\n<meta property=\"og:description\" content=\"El cardenal Parolin recibe a la Presidencia del Celam y les propone el reto de llevar la responsabilidad de educar a las nuevas generaciones para el arte de la pol\u00edtica \u201cque es el arte del servir\u201d\" \/>\n<meta property=\"og:url\" content=\"https:\/\/exaudi.org\/es\/card-parolin-eduquen-a-las-nuevas-generaciones-en-el-arte-de-la-politica\/\" \/>\n<meta property=\"og:site_name\" content=\"Exaudi\" \/>\n<meta property=\"article:publisher\" content=\"https:\/\/www.facebook.com\/ExaudiNews\" \/>\n<meta property=\"article:author\" content=\"https:\/\/www.facebook.com\/ExaudiNoticias\/\" \/>\n<meta property=\"article:published_time\" content=\"2023-09-15T06:45:52+00:00\" \/>\n<meta property=\"article:modified_time\" content=\"2023-09-15T06:46:55+00:00\" \/>\n<meta property=\"og:image\" content=\"https:\/\/exaudi.org\/wp-content\/uploads\/2023\/09\/parolin-958x559-1.jpeg\" \/>\n\t<meta property=\"og:image:width\" content=\"958\" \/>\n\t<meta property=\"og:image:height\" content=\"559\" \/>\n\t<meta property=\"og:image:type\" content=\"image\/jpeg\" \/>\n<meta name=\"author\" content=\"Exaudi Redacci\u00f3n\" \/>\n<meta name=\"twitter:card\" content=\"summary_large_image\" \/>\n<meta name=\"twitter:creator\" content=\"@Exaudi_noticias\" \/>\n<meta name=\"twitter:site\" content=\"@Exaudi_News\" \/>\n<meta name=\"twitter:label1\" content=\"Escrito por\" \/>\n\t<meta name=\"twitter:data1\" content=\"Exaudi Redacci\u00f3n\" \/>\n\t<meta name=\"twitter:label2\" content=\"Tiempo de lectura\" \/>\n\t<meta name=\"twitter:data2\" content=\"1 minuto\" \/>\n<script type=\"application\/ld+json\" class=\"yoast-schema-graph\">{\"@context\":\"https:\\\/\\\/schema.org\",\"@graph\":[{\"@type\":\"Article\",\"@id\":\"https:\\\/\\\/exaudi.org\\\/es\\\/card-parolin-eduquen-a-las-nuevas-generaciones-en-el-arte-de-la-politica\\\/#article\",\"isPartOf\":{\"@id\":\"https:\\\/\\\/exaudi.org\\\/es\\\/card-parolin-eduquen-a-las-nuevas-generaciones-en-el-arte-de-la-politica\\\/\"},\"author\":{\"name\":\"Exaudi Redacci\u00f3n\",\"@id\":\"https:\\\/\\\/exaudi.org\\\/#\\\/schema\\\/person\\\/f5fc8f063065e38742da7afe15f25df7\"},\"headline\":\"Card. Parolin: Eduquen a las nuevas generaciones en el arte de la pol\u00edtica\",\"datePublished\":\"2023-09-15T06:45:52+00:00\",\"dateModified\":\"2023-09-15T06:46:55+00:00\",\"mainEntityOfPage\":{\"@id\":\"https:\\\/\\\/exaudi.org\\\/es\\\/card-parolin-eduquen-a-las-nuevas-generaciones-en-el-arte-de-la-politica\\\/\"},\"wordCount\":261,\"image\":{\"@id\":\"https:\\\/\\\/exaudi.org\\\/es\\\/card-parolin-eduquen-a-las-nuevas-generaciones-en-el-arte-de-la-politica\\\/#primaryimage\"},\"thumbnailUrl\":\"https:\\\/\\\/exaudi.org\\\/wp-content\\\/uploads\\\/2023\\\/09\\\/parolin-958x559-1.jpeg\",\"keywords\":[\"CELAM\",\"Parolin\",\"Servicio\",\"Servir\",\"Trending\",\"Vaticano\"],\"articleSection\":[\"Vaticano\"],\"inLanguage\":\"es\"},{\"@type\":\"WebPage\",\"@id\":\"https:\\\/\\\/exaudi.org\\\/es\\\/card-parolin-eduquen-a-las-nuevas-generaciones-en-el-arte-de-la-politica\\\/\",\"url\":\"https:\\\/\\\/exaudi.org\\\/es\\\/card-parolin-eduquen-a-las-nuevas-generaciones-en-el-arte-de-la-politica\\\/\",\"name\":\"Card. Parolin: Eduquen a las nuevas generaciones en el arte de la pol\u00edtica &#8211; Exaudi\",\"isPartOf\":{\"@id\":\"https:\\\/\\\/exaudi.org\\\/#website\"},\"primaryImageOfPage\":{\"@id\":\"https:\\\/\\\/exaudi.org\\\/es\\\/card-parolin-eduquen-a-las-nuevas-generaciones-en-el-arte-de-la-politica\\\/#primaryimage\"},\"image\":{\"@id\":\"https:\\\/\\\/exaudi.org\\\/es\\\/card-parolin-eduquen-a-las-nuevas-generaciones-en-el-arte-de-la-politica\\\/#primaryimage\"},\"thumbnailUrl\":\"https:\\\/\\\/exaudi.org\\\/wp-content\\\/uploads\\\/2023\\\/09\\\/parolin-958x559-1.jpeg\",\"datePublished\":\"2023-09-15T06:45:52+00:00\",\"dateModified\":\"2023-09-15T06:46:55+00:00\",\"author\":{\"@id\":\"https:\\\/\\\/exaudi.org\\\/#\\\/schema\\\/person\\\/f5fc8f063065e38742da7afe15f25df7\"},\"breadcrumb\":{\"@id\":\"https:\\\/\\\/exaudi.org\\\/es\\\/card-parolin-eduquen-a-las-nuevas-generaciones-en-el-arte-de-la-politica\\\/#breadcrumb\"},\"inLanguage\":\"es\",\"potentialAction\":[{\"@type\":\"ReadAction\",\"target\":[\"https:\\\/\\\/exaudi.org\\\/es\\\/card-parolin-eduquen-a-las-nuevas-generaciones-en-el-arte-de-la-politica\\\/\"]}]},{\"@type\":\"ImageObject\",\"inLanguage\":\"es\",\"@id\":\"https:\\\/\\\/exaudi.org\\\/es\\\/card-parolin-eduquen-a-las-nuevas-generaciones-en-el-arte-de-la-politica\\\/#primaryimage\",\"url\":\"https:\\\/\\\/exaudi.org\\\/wp-content\\\/uploads\\\/2023\\\/09\\\/parolin-958x559-1.jpeg\",\"contentUrl\":\"https:\\\/\\\/exaudi.org\\\/wp-content\\\/uploads\\\/2023\\\/09\\\/parolin-958x559-1.jpeg\",\"width\":958,\"height\":559},{\"@type\":\"BreadcrumbList\",\"@id\":\"https:\\\/\\\/exaudi.org\\\/es\\\/card-parolin-eduquen-a-las-nuevas-generaciones-en-el-arte-de-la-politica\\\/#breadcrumb\",\"itemListElement\":[{\"@type\":\"ListItem\",\"position\":1,\"name\":\"Portada\",\"item\":\"https:\\\/\\\/exaudi.org\\\/es\\\/\"},{\"@type\":\"ListItem\",\"position\":2,\"name\":\"Card. Parolin: Eduquen a las nuevas generaciones en el arte de la pol\u00edtica\"}]},{\"@type\":\"WebSite\",\"@id\":\"https:\\\/\\\/exaudi.org\\\/#website\",\"url\":\"https:\\\/\\\/exaudi.org\\\/\",\"name\":\"Exaudi\",\"description\":\"News\",\"potentialAction\":[{\"@type\":\"SearchAction\",\"target\":{\"@type\":\"EntryPoint\",\"urlTemplate\":\"https:\\\/\\\/exaudi.org\\\/?s={search_term_string}\"},\"query-input\":{\"@type\":\"PropertyValueSpecification\",\"valueRequired\":true,\"valueName\":\"search_term_string\"}}],\"inLanguage\":\"es\"},{\"@type\":\"Person\",\"@id\":\"https:\\\/\\\/exaudi.org\\\/#\\\/schema\\\/person\\\/f5fc8f063065e38742da7afe15f25df7\",\"name\":\"Exaudi Redacci\u00f3n\",\"image\":{\"@type\":\"ImageObject\",\"inLanguage\":\"es\",\"@id\":\"https:\\\/\\\/secure.gravatar.com\\\/avatar\\\/fe0f6a059fb68d9b3e11bc5850dd4899b1c7492091a3cb6dd9b01b56ad828be2?s=96&d=mm&r=g\",\"url\":\"https:\\\/\\\/secure.gravatar.com\\\/avatar\\\/fe0f6a059fb68d9b3e11bc5850dd4899b1c7492091a3cb6dd9b01b56ad828be2?s=96&d=mm&r=g\",\"contentUrl\":\"https:\\\/\\\/secure.gravatar.com\\\/avatar\\\/fe0f6a059fb68d9b3e11bc5850dd4899b1c7492091a3cb6dd9b01b56ad828be2?s=96&d=mm&r=g\",\"caption\":\"Exaudi Redacci\u00f3n\"},\"description\":\"\u00bfQu\u00e9 es Exaudi News? Exaudi News es un medio de comunicaci\u00f3n cat\u00f3lico internacional que informa, forma y transforma, diariamente en espa\u00f1ol, ingl\u00e9s e italiano. A trav\u00e9s de noticias, art\u00edculos de an\u00e1lisis y transmisiones en directo de los eventos del Papa, Exaudi busca fortalecer la unidad de los cristianos y contribuir a la evangelizaci\u00f3n del mundo, siempre guiados por la doctrina social de la Iglesia. Trabajamos para acercar la verdad y los valores cristianos a cada rinc\u00f3n del planeta. \u00a1Ay\u00fadanos a transformar el mundo con Exaudi! En Exaudi creemos que la evangelizaci\u00f3n y la informaci\u00f3n de calidad pueden cambiar vidas. Para continuar con nuestra misi\u00f3n y expandir nuestro alcance, necesitamos tu ayuda. Adem\u00e1s, buscamos personas comprometidas que deseen unirse a nuestro equipo. Con tu apoyo, lograremos llegar a m\u00e1s personas, difundir el mensaje de Cristo y reforzar la unidad de los cristianos. \u00bfTe unes a nuestra misi\u00f3n? Para m\u00e1s informaci\u00f3n sobre c\u00f3mo colaborar, visita Exaudi.org\\\/es o cont\u00e1ctanos directamente: info@exaudi.org Exaudi: Informa, forma y transforma.\",\"sameAs\":[\"https:\\\/\\\/www.facebook.com\\\/ExaudiNoticias\\\/\",\"https:\\\/\\\/www.instagram.com\\\/exaudi_noticias\\\/\",\"https:\\\/\\\/x.com\\\/Exaudi_noticias\",\"https:\\\/\\\/www.youtube.com\\\/@exaudicatholicnews\"],\"url\":\"https:\\\/\\\/exaudi.org\\\/es\\\/author\\\/redaccionexaudi\\\/\"}]}<\/script>\n<!-- \/ Yoast SEO plugin. -->","yoast_head_json":{"title":"Card. Parolin: Eduquen a las nuevas generaciones en el arte de la pol\u00edtica &#8211; Exaudi","robots":{"index":"index","follow":"follow","max-snippet":"max-snippet:-1","max-image-preview":"max-image-preview:large","max-video-preview":"max-video-preview:-1"},"canonical":"https:\/\/exaudi.org\/es\/card-parolin-eduquen-a-las-nuevas-generaciones-en-el-arte-de-la-politica\/","og_locale":"es_ES","og_type":"article","og_title":"Card. Parolin: Eduquen a las nuevas generaciones en el arte de la pol\u00edtica &#8211; Exaudi","og_description":"El cardenal Parolin recibe a la Presidencia del Celam y les propone el reto de llevar la responsabilidad de educar a las nuevas generaciones para el arte de la pol\u00edtica \u201cque es el arte del servir\u201d","og_url":"https:\/\/exaudi.org\/es\/card-parolin-eduquen-a-las-nuevas-generaciones-en-el-arte-de-la-politica\/","og_site_name":"Exaudi","article_publisher":"https:\/\/www.facebook.com\/ExaudiNews","article_author":"https:\/\/www.facebook.com\/ExaudiNoticias\/","article_published_time":"2023-09-15T06:45:52+00:00","article_modified_time":"2023-09-15T06:46:55+00:00","og_image":[{"width":958,"height":559,"url":"https:\/\/exaudi.org\/wp-content\/uploads\/2023\/09\/parolin-958x559-1.jpeg","type":"image\/jpeg"}],"author":"Exaudi Redacci\u00f3n","twitter_card":"summary_large_image","twitter_creator":"@Exaudi_noticias","twitter_site":"@Exaudi_News","twitter_misc":{"Escrito por":"Exaudi Redacci\u00f3n","Tiempo de lectura":"1 minuto"},"schema":{"@context":"https:\/\/schema.org","@graph":[{"@type":"Article","@id":"https:\/\/exaudi.org\/es\/card-parolin-eduquen-a-las-nuevas-generaciones-en-el-arte-de-la-politica\/#article","isPartOf":{"@id":"https:\/\/exaudi.org\/es\/card-parolin-eduquen-a-las-nuevas-generaciones-en-el-arte-de-la-politica\/"},"author":{"name":"Exaudi Redacci\u00f3n","@id":"https:\/\/exaudi.org\/#\/schema\/person\/f5fc8f063065e38742da7afe15f25df7"},"headline":"Card. Parolin: Eduquen a las nuevas generaciones en el arte de la pol\u00edtica","datePublished":"2023-09-15T06:45:52+00:00","dateModified":"2023-09-15T06:46:55+00:00","mainEntityOfPage":{"@id":"https:\/\/exaudi.org\/es\/card-parolin-eduquen-a-las-nuevas-generaciones-en-el-arte-de-la-politica\/"},"wordCount":261,"image":{"@id":"https:\/\/exaudi.org\/es\/card-parolin-eduquen-a-las-nuevas-generaciones-en-el-arte-de-la-politica\/#primaryimage"},"thumbnailUrl":"https:\/\/exaudi.org\/wp-content\/uploads\/2023\/09\/parolin-958x559-1.jpeg","keywords":["CELAM","Parolin","Servicio","Servir","Trending","Vaticano"],"articleSection":["Vaticano"],"inLanguage":"es"},{"@type":"WebPage","@id":"https:\/\/exaudi.org\/es\/card-parolin-eduquen-a-las-nuevas-generaciones-en-el-arte-de-la-politica\/","url":"https:\/\/exaudi.org\/es\/card-parolin-eduquen-a-las-nuevas-generaciones-en-el-arte-de-la-politica\/","name":"Card. Parolin: Eduquen a las nuevas generaciones en el arte de la pol\u00edtica &#8211; Exaudi","isPartOf":{"@id":"https:\/\/exaudi.org\/#website"},"primaryImageOfPage":{"@id":"https:\/\/exaudi.org\/es\/card-parolin-eduquen-a-las-nuevas-generaciones-en-el-arte-de-la-politica\/#primaryimage"},"image":{"@id":"https:\/\/exaudi.org\/es\/card-parolin-eduquen-a-las-nuevas-generaciones-en-el-arte-de-la-politica\/#primaryimage"},"thumbnailUrl":"https:\/\/exaudi.org\/wp-content\/uploads\/2023\/09\/parolin-958x559-1.jpeg","datePublished":"2023-09-15T06:45:52+00:00","dateModified":"2023-09-15T06:46:55+00:00","author":{"@id":"https:\/\/exaudi.org\/#\/schema\/person\/f5fc8f063065e38742da7afe15f25df7"},"breadcrumb":{"@id":"https:\/\/exaudi.org\/es\/card-parolin-eduquen-a-las-nuevas-generaciones-en-el-arte-de-la-politica\/#breadcrumb"},"inLanguage":"es","potentialAction":[{"@type":"ReadAction","target":["https:\/\/exaudi.org\/es\/card-parolin-eduquen-a-las-nuevas-generaciones-en-el-arte-de-la-politica\/"]}]},{"@type":"ImageObject","inLanguage":"es","@id":"https:\/\/exaudi.org\/es\/card-parolin-eduquen-a-las-nuevas-generaciones-en-el-arte-de-la-politica\/#primaryimage","url":"https:\/\/exaudi.org\/wp-content\/uploads\/2023\/09\/parolin-958x559-1.jpeg","contentUrl":"https:\/\/exaudi.org\/wp-content\/uploads\/2023\/09\/parolin-958x559-1.jpeg","width":958,"height":559},{"@type":"BreadcrumbList","@id":"https:\/\/exaudi.org\/es\/card-parolin-eduquen-a-las-nuevas-generaciones-en-el-arte-de-la-politica\/#breadcrumb","itemListElement":[{"@type":"ListItem","position":1,"name":"Portada","item":"https:\/\/exaudi.org\/es\/"},{"@type":"ListItem","position":2,"name":"Card. Parolin: Eduquen a las nuevas generaciones en el arte de la pol\u00edtica"}]},{"@type":"WebSite","@id":"https:\/\/exaudi.org\/#website","url":"https:\/\/exaudi.org\/","name":"Exaudi","description":"News","potentialAction":[{"@type":"SearchAction","target":{"@type":"EntryPoint","urlTemplate":"https:\/\/exaudi.org\/?s={search_term_string}"},"query-input":{"@type":"PropertyValueSpecification","valueRequired":true,"valueName":"search_term_string"}}],"inLanguage":"es"},{"@type":"Person","@id":"https:\/\/exaudi.org\/#\/schema\/person\/f5fc8f063065e38742da7afe15f25df7","name":"Exaudi Redacci\u00f3n","image":{"@type":"ImageObject","inLanguage":"es","@id":"https:\/\/secure.gravatar.com\/avatar\/fe0f6a059fb68d9b3e11bc5850dd4899b1c7492091a3cb6dd9b01b56ad828be2?s=96&d=mm&r=g","url":"https:\/\/secure.gravatar.com\/avatar\/fe0f6a059fb68d9b3e11bc5850dd4899b1c7492091a3cb6dd9b01b56ad828be2?s=96&d=mm&r=g","contentUrl":"https:\/\/secure.gravatar.com\/avatar\/fe0f6a059fb68d9b3e11bc5850dd4899b1c7492091a3cb6dd9b01b56ad828be2?s=96&d=mm&r=g","caption":"Exaudi Redacci\u00f3n"},"description":"\u00bfQu\u00e9 es Exaudi News? Exaudi News es un medio de comunicaci\u00f3n cat\u00f3lico internacional que informa, forma y transforma, diariamente en espa\u00f1ol, ingl\u00e9s e italiano. A trav\u00e9s de noticias, art\u00edculos de an\u00e1lisis y transmisiones en directo de los eventos del Papa, Exaudi busca fortalecer la unidad de los cristianos y contribuir a la evangelizaci\u00f3n del mundo, siempre guiados por la doctrina social de la Iglesia. Trabajamos para acercar la verdad y los valores cristianos a cada rinc\u00f3n del planeta. \u00a1Ay\u00fadanos a transformar el mundo con Exaudi! En Exaudi creemos que la evangelizaci\u00f3n y la informaci\u00f3n de calidad pueden cambiar vidas. Para continuar con nuestra misi\u00f3n y expandir nuestro alcance, necesitamos tu ayuda. Adem\u00e1s, buscamos personas comprometidas que deseen unirse a nuestro equipo. Con tu apoyo, lograremos llegar a m\u00e1s personas, difundir el mensaje de Cristo y reforzar la unidad de los cristianos. \u00bfTe unes a nuestra misi\u00f3n? Para m\u00e1s informaci\u00f3n sobre c\u00f3mo colaborar, visita Exaudi.org\/es o cont\u00e1ctanos directamente: info@exaudi.org Exaudi: Informa, forma y transforma.","sameAs":["https:\/\/www.facebook.com\/ExaudiNoticias\/","https:\/\/www.instagram.com\/exaudi_noticias\/","https:\/\/x.com\/Exaudi_noticias","https:\/\/www.youtube.com\/@exaudicatholicnews"],"url":"https:\/\/exaudi.org\/es\/author\/redaccionexaudi\/"}]}},"jetpack_featured_media_url":"https:\/\/exaudi.org\/wp-content\/uploads\/2023\/09\/parolin-958x559-1.jpeg","jetpack_shortlink":"https:\/\/wp.me\/pgKjF2-lJW","_links":{"self":[{"href":"https:\/\/exaudi.org\/es\/wp-json\/wp\/v2\/posts\/83572","targetHints":{"allow":["GET"]}}],"collection":[{"href":"https:\/\/exaudi.org\/es\/wp-json\/wp\/v2\/posts"}],"about":[{"href":"https:\/\/exaudi.org\/es\/wp-json\/wp\/v2\/types\/post"}],"author":[{"embeddable":true,"href":"https:\/\/exaudi.org\/es\/wp-json\/wp\/v2\/users\/15"}],"replies":[{"embeddable":true,"href":"https:\/\/exaudi.org\/es\/wp-json\/wp\/v2\/comments?post=83572"}],"version-history":[{"count":0,"href":"https:\/\/exaudi.org\/es\/wp-json\/wp\/v2\/posts\/83572\/revisions"}],"wp:featuredmedia":[{"embeddable":true,"href":"https:\/\/exaudi.org\/es\/wp-json\/wp\/v2\/media\/83573"}],"wp:attachment":[{"href":"https:\/\/exaudi.org\/es\/wp-json\/wp\/v2\/media?parent=83572"}],"wp:term":[{"taxonomy":"category","embeddable":true,"href":"https:\/\/exaudi.org\/es\/wp-json\/wp\/v2\/categories?post=83572"},{"taxonomy":"post_tag","embeddable":true,"href":"https:\/\/exaudi.org\/es\/wp-json\/wp\/v2\/tags?post=83572"}],"curies":[{"name":"wp","href":"https:\/\/api.w.org\/{rel}","templated":true}]}}