{"id":83524,"date":"2023-09-14T10:01:39","date_gmt":"2023-09-14T08:01:39","guid":{"rendered":"https:\/\/exaudi.org\/?p=83524"},"modified":"2025-12-16T12:05:03","modified_gmt":"2025-12-16T11:05:03","slug":"paz-en-la-tierra-2","status":"publish","type":"post","link":"https:\/\/exaudi.org\/es\/paz-en-la-tierra-2\/","title":{"rendered":"Paz en la tierra"},"content":{"rendered":"<h3><strong>Paz en la tierra: El anhelo de Jesucristo y la visi\u00f3n del Papa Juan XXIII<\/strong><\/h3>\n<p>\u2018La paz est\u00e9 con ustedes\u2019 (Jn 20, 19). Son las primeras palabras que Jesucristo dirige a sus disc\u00edpulos despu\u00e9s de la resurrecci\u00f3n, y expresan un deseo manifiesto de Dios para la humanidad: Que la paz est\u00e9 con todos nosotros.<\/p>\n<p>Hace 60 a\u00f1os (1963), y haciendo eco de este profundo anhelo de Jesucristo, el Papa Juan XXIII public\u00f3 la Carta Enc\u00edclica \u2018Pacem in terris\u2019, o \u2018Paz en la tierra\u2019, en la que se refiere a la paz entre todos los pueblos de la tierra; paz que ha de fundarse en la verdad, en la justicia, en el amor y en la libertad. Preocupado de la situaci\u00f3n mundial, el pont\u00edfice propone ciertos principios elementales que son la base para lograr la paz mundial. El documento no est\u00e1 dirigido solo a \u2018cat\u00f3licos\u2019, sino que \u2018a todas las personas de buena voluntad\u2019, sin importar su credo.<\/p>\n<h3><strong>Los pilares de la paz: Reflexiones desde la Carta Enc\u00edclica &#8216;Pacem in terris<\/strong><\/h3>\n<p>Sobre el mensaje de este documento pontificio, destaco seis puntos claves:<\/p>\n<ol>\n<li><em>La dignidad humana<\/em>: la dignidad humana es el valor inherente y constitutivo que tenemos las personas por el solo hecho de existir. Somos personas dignas, personas valiosas. En este sentido, tenemos el deber de respetar la dignidad de todos, pues en ella se fundan la paz y la justicia.<\/li>\n<li><em>Los derechos humanos<\/em>: los derechos humanos fundamentales emanan del ser de cada persona, y los estados tienen la responsabilidad de reconocer estos derechos. En este documento, el pont\u00edfice Juan XXIII aboga por el reconocimiento y la protecci\u00f3n de los derechos humanos fundamentales, como la libertad, la igualdad y la justicia.<\/li>\n<li><em>Responsabilidades de los gobiernos<\/em>: Se\u00f1ala que los gobiernos tienen la responsabilidad de impulsar el bien com\u00fan, ser garantes de la justicia y del respeto a los derechos humanos. Tambi\u00e9n, de promover la participaci\u00f3n de las personas en la toma de decisiones.<\/li>\n<li><em>La cooperaci\u00f3n internacional<\/em>: Aboga por la cooperaci\u00f3n y el di\u00e1logo entre las naciones para resolver los conflictos y promover la paz en el mundo. En este sentido, destaca la importancia de las organizaciones internacionales para el logro de este objetivo.<\/li>\n<li><em>La eliminaci\u00f3n de la guerra<\/em>: Juan XXIII condena la guerra por el horror que significa, por sus v\u00edctimas y por todo el da\u00f1o y muerte que produce. En su lugar, propone el di\u00e1logo y la negociaci\u00f3n como medios para resolver los conflictos.<\/li>\n<li><em>La solidaridad y la fraternidad<\/em>: Para que la paz avance y alcance a todos los pueblos y naciones de la tierra, es fundamental promover la solidaridad, la fraternidad y la cooperaci\u00f3n.<\/li>\n<\/ol>\n<h3><strong>&#8216;La actualidad de la Carta Enc\u00edclica &#8216;Pacem in terris&#8217;: La vigencia del mensaje de Juan XXIII para construir un mundo m\u00e1s humano, pac\u00edfico y fraterno<\/strong><\/h3>\n<p>Si bien este es un texto escrito hace seis decenios, el mensaje de esta Carta Enc\u00edclica tiene mucha vigencia en nuestros d\u00edas. Tambi\u00e9n hoy la convivencia humana se ve en ocasiones deteriorada o da\u00f1ada. Es entonces este texto una referencia importante para la humanidad en el desaf\u00edo diario de construir un mundo m\u00e1s humano, m\u00e1s pac\u00edfico y m\u00e1s fraterno.<\/p>\n<p>Que a la luz del Evangelio y siguiendo sus ense\u00f1anzas, tengamos siempre presente el respeto a la dignidad y derechos fundamentales de las personas, especialmente de quienes son m\u00e1s vulnerables y se encuentran postergados.<\/p>\n<p><em><strong>Patricio Bahamondes Becerra, profesor de la <a href=\"https:\/\/www.liderescatolicos.cl\/\" target=\"_blank\" rel=\"noopener\">Academia de L\u00edderes Cat\u00f3licos de Chile<\/a><\/strong><\/em><\/p>\n<p>&nbsp;<\/p>\n","protected":false},"excerpt":{"rendered":"<p>A 60 a\u00f1os de la \u00faltima Enc\u00edclica del Papa Juan XXIII<\/p>\n","protected":false},"author":107,"featured_media":150671,"comment_status":"closed","ping_status":"closed","sticky":false,"template":"","format":"standard","meta":{"_acf_changed":false,"_crdt_document":"","inline_featured_image":false,"footnotes":""},"categories":[130],"tags":[10035,8978,10034,10036],"class_list":["post-83524","post","type-post","status-publish","format-standard","has-post-thumbnail","hentry","category-voces","tag-enciclica","tag-pacem-in-terris","tag-papa-juan-xxiii","tag-paz-en-la-tierra"],"acf":[],"yoast_head":"<!-- This site is optimized with the Yoast SEO plugin v27.4 - https:\/\/yoast.com\/product\/yoast-seo-wordpress\/ -->\n<title>Paz en la tierra &#8211; Exaudi<\/title>\n<meta name=\"robots\" content=\"index, follow, max-snippet:-1, max-image-preview:large, max-video-preview:-1\" \/>\n<link rel=\"canonical\" href=\"https:\/\/exaudi.org\/es\/paz-en-la-tierra-2\/\" \/>\n<meta property=\"og:locale\" content=\"es_ES\" \/>\n<meta property=\"og:type\" content=\"article\" \/>\n<meta property=\"og:title\" content=\"Paz en la tierra &#8211; Exaudi\" \/>\n<meta property=\"og:description\" content=\"A 60 a\u00f1os de la \u00faltima Enc\u00edclica del Papa Juan XXIII\" \/>\n<meta property=\"og:url\" content=\"https:\/\/exaudi.org\/es\/paz-en-la-tierra-2\/\" \/>\n<meta property=\"og:site_name\" content=\"Exaudi\" \/>\n<meta property=\"article:publisher\" content=\"https:\/\/www.facebook.com\/ExaudiNews\" \/>\n<meta property=\"article:published_time\" content=\"2023-09-14T08:01:39+00:00\" \/>\n<meta property=\"article:modified_time\" content=\"2025-12-16T11:05:03+00:00\" \/>\n<meta property=\"og:image\" content=\"https:\/\/exaudi.org\/wp-content\/uploads\/2023\/09\/pexels-earano-1330218-scaled.jpg\" \/>\n\t<meta property=\"og:image:width\" content=\"2560\" \/>\n\t<meta property=\"og:image:height\" content=\"1707\" \/>\n\t<meta property=\"og:image:type\" content=\"image\/jpeg\" \/>\n<meta name=\"author\" content=\"Academia de L\u00edderes Cat\u00f3licos\" \/>\n<meta name=\"twitter:card\" content=\"summary_large_image\" \/>\n<meta name=\"twitter:creator\" content=\"@Exaudi_News\" \/>\n<meta name=\"twitter:site\" content=\"@Exaudi_News\" \/>\n<meta name=\"twitter:label1\" content=\"Escrito por\" \/>\n\t<meta name=\"twitter:data1\" content=\"Academia de L\u00edderes Cat\u00f3licos\" \/>\n\t<meta name=\"twitter:label2\" content=\"Tiempo de lectura\" \/>\n\t<meta name=\"twitter:data2\" content=\"3 minutos\" \/>\n<script type=\"application\/ld+json\" class=\"yoast-schema-graph\">{\"@context\":\"https:\\\/\\\/schema.org\",\"@graph\":[{\"@type\":\"Article\",\"@id\":\"https:\\\/\\\/exaudi.org\\\/es\\\/paz-en-la-tierra-2\\\/#article\",\"isPartOf\":{\"@id\":\"https:\\\/\\\/exaudi.org\\\/es\\\/paz-en-la-tierra-2\\\/\"},\"author\":{\"name\":\"Academia de L\u00edderes Cat\u00f3licos\",\"@id\":\"https:\\\/\\\/exaudi.org\\\/#\\\/schema\\\/person\\\/334968a332d5dad9f94e08897852c6af\"},\"headline\":\"Paz en la tierra\",\"datePublished\":\"2023-09-14T08:01:39+00:00\",\"dateModified\":\"2025-12-16T11:05:03+00:00\",\"mainEntityOfPage\":{\"@id\":\"https:\\\/\\\/exaudi.org\\\/es\\\/paz-en-la-tierra-2\\\/\"},\"wordCount\":606,\"image\":{\"@id\":\"https:\\\/\\\/exaudi.org\\\/es\\\/paz-en-la-tierra-2\\\/#primaryimage\"},\"thumbnailUrl\":\"https:\\\/\\\/exaudi.org\\\/wp-content\\\/uploads\\\/2023\\\/09\\\/pexels-earano-1330218-scaled.jpg\",\"keywords\":[\"Enc\u00edclica\",\"Pacem in Terris\",\"Papa Juan XXIII\",\"Paz en la tierra\"],\"articleSection\":[\"Voces\"],\"inLanguage\":\"es\"},{\"@type\":\"WebPage\",\"@id\":\"https:\\\/\\\/exaudi.org\\\/es\\\/paz-en-la-tierra-2\\\/\",\"url\":\"https:\\\/\\\/exaudi.org\\\/es\\\/paz-en-la-tierra-2\\\/\",\"name\":\"Paz en la tierra &#8211; Exaudi\",\"isPartOf\":{\"@id\":\"https:\\\/\\\/exaudi.org\\\/#website\"},\"primaryImageOfPage\":{\"@id\":\"https:\\\/\\\/exaudi.org\\\/es\\\/paz-en-la-tierra-2\\\/#primaryimage\"},\"image\":{\"@id\":\"https:\\\/\\\/exaudi.org\\\/es\\\/paz-en-la-tierra-2\\\/#primaryimage\"},\"thumbnailUrl\":\"https:\\\/\\\/exaudi.org\\\/wp-content\\\/uploads\\\/2023\\\/09\\\/pexels-earano-1330218-scaled.jpg\",\"datePublished\":\"2023-09-14T08:01:39+00:00\",\"dateModified\":\"2025-12-16T11:05:03+00:00\",\"author\":{\"@id\":\"https:\\\/\\\/exaudi.org\\\/#\\\/schema\\\/person\\\/334968a332d5dad9f94e08897852c6af\"},\"breadcrumb\":{\"@id\":\"https:\\\/\\\/exaudi.org\\\/es\\\/paz-en-la-tierra-2\\\/#breadcrumb\"},\"inLanguage\":\"es\",\"potentialAction\":[{\"@type\":\"ReadAction\",\"target\":[\"https:\\\/\\\/exaudi.org\\\/es\\\/paz-en-la-tierra-2\\\/\"]}]},{\"@type\":\"ImageObject\",\"inLanguage\":\"es\",\"@id\":\"https:\\\/\\\/exaudi.org\\\/es\\\/paz-en-la-tierra-2\\\/#primaryimage\",\"url\":\"https:\\\/\\\/exaudi.org\\\/wp-content\\\/uploads\\\/2023\\\/09\\\/pexels-earano-1330218-scaled.jpg\",\"contentUrl\":\"https:\\\/\\\/exaudi.org\\\/wp-content\\\/uploads\\\/2023\\\/09\\\/pexels-earano-1330218-scaled.jpg\",\"width\":2560,\"height\":1707},{\"@type\":\"BreadcrumbList\",\"@id\":\"https:\\\/\\\/exaudi.org\\\/es\\\/paz-en-la-tierra-2\\\/#breadcrumb\",\"itemListElement\":[{\"@type\":\"ListItem\",\"position\":1,\"name\":\"Portada\",\"item\":\"https:\\\/\\\/exaudi.org\\\/es\\\/\"},{\"@type\":\"ListItem\",\"position\":2,\"name\":\"Paz en la tierra\"}]},{\"@type\":\"WebSite\",\"@id\":\"https:\\\/\\\/exaudi.org\\\/#website\",\"url\":\"https:\\\/\\\/exaudi.org\\\/\",\"name\":\"Exaudi\",\"description\":\"News\",\"potentialAction\":[{\"@type\":\"SearchAction\",\"target\":{\"@type\":\"EntryPoint\",\"urlTemplate\":\"https:\\\/\\\/exaudi.org\\\/?s={search_term_string}\"},\"query-input\":{\"@type\":\"PropertyValueSpecification\",\"valueRequired\":true,\"valueName\":\"search_term_string\"}}],\"inLanguage\":\"es\"},{\"@type\":\"Person\",\"@id\":\"https:\\\/\\\/exaudi.org\\\/#\\\/schema\\\/person\\\/334968a332d5dad9f94e08897852c6af\",\"name\":\"Academia de L\u00edderes Cat\u00f3licos\",\"image\":{\"@type\":\"ImageObject\",\"inLanguage\":\"es\",\"@id\":\"https:\\\/\\\/secure.gravatar.com\\\/avatar\\\/80d80b1e34d8fa01f6b95d10e695853ca4ea7e054050e21ad1a15d546d4600ca?s=96&d=mm&r=g\",\"url\":\"https:\\\/\\\/secure.gravatar.com\\\/avatar\\\/80d80b1e34d8fa01f6b95d10e695853ca4ea7e054050e21ad1a15d546d4600ca?s=96&d=mm&r=g\",\"contentUrl\":\"https:\\\/\\\/secure.gravatar.com\\\/avatar\\\/80d80b1e34d8fa01f6b95d10e695853ca4ea7e054050e21ad1a15d546d4600ca?s=96&d=mm&r=g\",\"caption\":\"Academia de L\u00edderes Cat\u00f3licos\"},\"description\":\"Es una fundaci\u00f3n de derecho privado sin fines de lucro que busca formar cat\u00f3licos que a partir de la experiencia cristiana desarrollen su vocaci\u00f3n pol\u00edtica con la ayuda de la Doctrina Social de la Iglesia. La Academia Latinoamericana de L\u00edderes Cat\u00f3licos tiene como misi\u00f3n, formar l\u00edderes desde una perspectiva cat\u00f3lica, arraigados en la fe de la Iglesia, para transformar el mundo social, pol\u00edtico y econ\u00f3mico a la luz de la Doctrina Social de la Iglesia. Formar una nueva generaci\u00f3n de cat\u00f3licos latinoamericanos con responsabilidades pol\u00edticas y sociales para que transformen el rostro del continente al servicio de sus pueblos, a la luz del Magisterio de la Iglesia y de cara a los Jubileos del V Centenario Guadalupano y de los dos mil a\u00f1os de la redenci\u00f3n.\",\"sameAs\":[\"https:\\\/\\\/liderescatolicos.net\\\/\",\"https:\\\/\\\/www.youtube.com\\\/c\\\/LderesCatlicos\"],\"url\":\"https:\\\/\\\/exaudi.org\\\/es\\\/author\\\/academia-de-lideres-catolicos\\\/\"}]}<\/script>\n<!-- \/ Yoast SEO plugin. -->","yoast_head_json":{"title":"Paz en la tierra &#8211; Exaudi","robots":{"index":"index","follow":"follow","max-snippet":"max-snippet:-1","max-image-preview":"max-image-preview:large","max-video-preview":"max-video-preview:-1"},"canonical":"https:\/\/exaudi.org\/es\/paz-en-la-tierra-2\/","og_locale":"es_ES","og_type":"article","og_title":"Paz en la tierra &#8211; Exaudi","og_description":"A 60 a\u00f1os de la \u00faltima Enc\u00edclica del Papa Juan XXIII","og_url":"https:\/\/exaudi.org\/es\/paz-en-la-tierra-2\/","og_site_name":"Exaudi","article_publisher":"https:\/\/www.facebook.com\/ExaudiNews","article_published_time":"2023-09-14T08:01:39+00:00","article_modified_time":"2025-12-16T11:05:03+00:00","og_image":[{"width":2560,"height":1707,"url":"https:\/\/exaudi.org\/wp-content\/uploads\/2023\/09\/pexels-earano-1330218-scaled.jpg","type":"image\/jpeg"}],"author":"Academia de L\u00edderes Cat\u00f3licos","twitter_card":"summary_large_image","twitter_creator":"@Exaudi_News","twitter_site":"@Exaudi_News","twitter_misc":{"Escrito por":"Academia de L\u00edderes Cat\u00f3licos","Tiempo de lectura":"3 minutos"},"schema":{"@context":"https:\/\/schema.org","@graph":[{"@type":"Article","@id":"https:\/\/exaudi.org\/es\/paz-en-la-tierra-2\/#article","isPartOf":{"@id":"https:\/\/exaudi.org\/es\/paz-en-la-tierra-2\/"},"author":{"name":"Academia de L\u00edderes Cat\u00f3licos","@id":"https:\/\/exaudi.org\/#\/schema\/person\/334968a332d5dad9f94e08897852c6af"},"headline":"Paz en la tierra","datePublished":"2023-09-14T08:01:39+00:00","dateModified":"2025-12-16T11:05:03+00:00","mainEntityOfPage":{"@id":"https:\/\/exaudi.org\/es\/paz-en-la-tierra-2\/"},"wordCount":606,"image":{"@id":"https:\/\/exaudi.org\/es\/paz-en-la-tierra-2\/#primaryimage"},"thumbnailUrl":"https:\/\/exaudi.org\/wp-content\/uploads\/2023\/09\/pexels-earano-1330218-scaled.jpg","keywords":["Enc\u00edclica","Pacem in Terris","Papa Juan XXIII","Paz en la tierra"],"articleSection":["Voces"],"inLanguage":"es"},{"@type":"WebPage","@id":"https:\/\/exaudi.org\/es\/paz-en-la-tierra-2\/","url":"https:\/\/exaudi.org\/es\/paz-en-la-tierra-2\/","name":"Paz en la tierra &#8211; Exaudi","isPartOf":{"@id":"https:\/\/exaudi.org\/#website"},"primaryImageOfPage":{"@id":"https:\/\/exaudi.org\/es\/paz-en-la-tierra-2\/#primaryimage"},"image":{"@id":"https:\/\/exaudi.org\/es\/paz-en-la-tierra-2\/#primaryimage"},"thumbnailUrl":"https:\/\/exaudi.org\/wp-content\/uploads\/2023\/09\/pexels-earano-1330218-scaled.jpg","datePublished":"2023-09-14T08:01:39+00:00","dateModified":"2025-12-16T11:05:03+00:00","author":{"@id":"https:\/\/exaudi.org\/#\/schema\/person\/334968a332d5dad9f94e08897852c6af"},"breadcrumb":{"@id":"https:\/\/exaudi.org\/es\/paz-en-la-tierra-2\/#breadcrumb"},"inLanguage":"es","potentialAction":[{"@type":"ReadAction","target":["https:\/\/exaudi.org\/es\/paz-en-la-tierra-2\/"]}]},{"@type":"ImageObject","inLanguage":"es","@id":"https:\/\/exaudi.org\/es\/paz-en-la-tierra-2\/#primaryimage","url":"https:\/\/exaudi.org\/wp-content\/uploads\/2023\/09\/pexels-earano-1330218-scaled.jpg","contentUrl":"https:\/\/exaudi.org\/wp-content\/uploads\/2023\/09\/pexels-earano-1330218-scaled.jpg","width":2560,"height":1707},{"@type":"BreadcrumbList","@id":"https:\/\/exaudi.org\/es\/paz-en-la-tierra-2\/#breadcrumb","itemListElement":[{"@type":"ListItem","position":1,"name":"Portada","item":"https:\/\/exaudi.org\/es\/"},{"@type":"ListItem","position":2,"name":"Paz en la tierra"}]},{"@type":"WebSite","@id":"https:\/\/exaudi.org\/#website","url":"https:\/\/exaudi.org\/","name":"Exaudi","description":"News","potentialAction":[{"@type":"SearchAction","target":{"@type":"EntryPoint","urlTemplate":"https:\/\/exaudi.org\/?s={search_term_string}"},"query-input":{"@type":"PropertyValueSpecification","valueRequired":true,"valueName":"search_term_string"}}],"inLanguage":"es"},{"@type":"Person","@id":"https:\/\/exaudi.org\/#\/schema\/person\/334968a332d5dad9f94e08897852c6af","name":"Academia de L\u00edderes Cat\u00f3licos","image":{"@type":"ImageObject","inLanguage":"es","@id":"https:\/\/secure.gravatar.com\/avatar\/80d80b1e34d8fa01f6b95d10e695853ca4ea7e054050e21ad1a15d546d4600ca?s=96&d=mm&r=g","url":"https:\/\/secure.gravatar.com\/avatar\/80d80b1e34d8fa01f6b95d10e695853ca4ea7e054050e21ad1a15d546d4600ca?s=96&d=mm&r=g","contentUrl":"https:\/\/secure.gravatar.com\/avatar\/80d80b1e34d8fa01f6b95d10e695853ca4ea7e054050e21ad1a15d546d4600ca?s=96&d=mm&r=g","caption":"Academia de L\u00edderes Cat\u00f3licos"},"description":"Es una fundaci\u00f3n de derecho privado sin fines de lucro que busca formar cat\u00f3licos que a partir de la experiencia cristiana desarrollen su vocaci\u00f3n pol\u00edtica con la ayuda de la Doctrina Social de la Iglesia. La Academia Latinoamericana de L\u00edderes Cat\u00f3licos tiene como misi\u00f3n, formar l\u00edderes desde una perspectiva cat\u00f3lica, arraigados en la fe de la Iglesia, para transformar el mundo social, pol\u00edtico y econ\u00f3mico a la luz de la Doctrina Social de la Iglesia. Formar una nueva generaci\u00f3n de cat\u00f3licos latinoamericanos con responsabilidades pol\u00edticas y sociales para que transformen el rostro del continente al servicio de sus pueblos, a la luz del Magisterio de la Iglesia y de cara a los Jubileos del V Centenario Guadalupano y de los dos mil a\u00f1os de la redenci\u00f3n.","sameAs":["https:\/\/liderescatolicos.net\/","https:\/\/www.youtube.com\/c\/LderesCatlicos"],"url":"https:\/\/exaudi.org\/es\/author\/academia-de-lideres-catolicos\/"}]}},"jetpack_featured_media_url":"https:\/\/exaudi.org\/wp-content\/uploads\/2023\/09\/pexels-earano-1330218-scaled.jpg","jetpack_shortlink":"https:\/\/wp.me\/pgKjF2-lJa","_links":{"self":[{"href":"https:\/\/exaudi.org\/es\/wp-json\/wp\/v2\/posts\/83524","targetHints":{"allow":["GET"]}}],"collection":[{"href":"https:\/\/exaudi.org\/es\/wp-json\/wp\/v2\/posts"}],"about":[{"href":"https:\/\/exaudi.org\/es\/wp-json\/wp\/v2\/types\/post"}],"author":[{"embeddable":true,"href":"https:\/\/exaudi.org\/es\/wp-json\/wp\/v2\/users\/107"}],"replies":[{"embeddable":true,"href":"https:\/\/exaudi.org\/es\/wp-json\/wp\/v2\/comments?post=83524"}],"version-history":[{"count":2,"href":"https:\/\/exaudi.org\/es\/wp-json\/wp\/v2\/posts\/83524\/revisions"}],"predecessor-version":[{"id":150675,"href":"https:\/\/exaudi.org\/es\/wp-json\/wp\/v2\/posts\/83524\/revisions\/150675"}],"wp:featuredmedia":[{"embeddable":true,"href":"https:\/\/exaudi.org\/es\/wp-json\/wp\/v2\/media\/150671"}],"wp:attachment":[{"href":"https:\/\/exaudi.org\/es\/wp-json\/wp\/v2\/media?parent=83524"}],"wp:term":[{"taxonomy":"category","embeddable":true,"href":"https:\/\/exaudi.org\/es\/wp-json\/wp\/v2\/categories?post=83524"},{"taxonomy":"post_tag","embeddable":true,"href":"https:\/\/exaudi.org\/es\/wp-json\/wp\/v2\/tags?post=83524"}],"curies":[{"name":"wp","href":"https:\/\/api.w.org\/{rel}","templated":true}]}}