{"id":83475,"date":"2023-08-11T10:50:05","date_gmt":"2023-08-11T08:50:05","guid":{"rendered":"https:\/\/exaudi.org\/?p=83475"},"modified":"2023-09-13T17:41:29","modified_gmt":"2023-09-13T15:41:29","slug":"papa-francisco-saca-conclusiones-de-su-visita-a-portugal-con-motivo-de-la-jmj","status":"publish","type":"post","link":"https:\/\/exaudi.org\/es\/papa-francisco-saca-conclusiones-de-su-visita-a-portugal-con-motivo-de-la-jmj\/","title":{"rendered":"Papa Francisco saca conclusiones de su visita a Portugal con motivo de la JMJ"},"content":{"rendered":"<p class=\"link-underline mb-[45px] text-lg text-neutrals-80\">El mi\u00e9rcoles, durante la audiencia general en el Vaticano, el Papa Francisco afirm\u00f3 que la Jornada Mundial de la Juventud (JMJ) Lisboa 2023 demostr\u00f3 que un mundo sin guerras es posible y que el encuentro fue \u00abun regalo de Dios\u00bb.<\/p>\n<p class=\"link-underline mb-[45px] text-lg text-neutrals-80\">\u00abMientras en Ucrania y en otras partes del mundo hay luchas, y mientras en ciertos lugares ocultos se planea la guerra, la JMJ ha mostrado a todos que otro mundo es posible: \u00a1un mundo de hermanos y hermanas, donde las banderas de todos los pueblos ondean juntas, una al lado de la otra, sin odio, sin miedo, sin l\u00edmites, sin armas!\u00bb, dijo el Santo Padre al concluir su visita a Portugal con motivo de la JMJ Lisboa 2023.<\/p>\n<p class=\"link-underline mb-[45px] text-lg text-neutrals-80\">El Papa Francisco tambi\u00e9n dej\u00f3 unas palabras para los l\u00edderes mundiales, pregunt\u00e1ndose si el mensaje de los j\u00f3venes ha sido escuchado. \u00abEsperamos que el mundo entero escuche esta Jornada Mundial de la Juventud y vea la belleza de los j\u00f3venes que avanzan\u00bb, dijo.<\/p>\n<p class=\"link-underline mb-[45px] text-lg text-neutrals-80\">Respecto al encuentro, el Santo Padre revel\u00f3 que fue sentido por todos como \u00abun regalo de Dios\u00bb, ya que tuvo lugar despu\u00e9s de la Pandemia, representando as\u00ed un punto de inflexi\u00f3n para los j\u00f3venes que vieron afectados sus \u00abcomportamientos sociales\u00bb. Seg\u00fan el Papa Francisco, con la JMJ \u00ab&#8216;Dios dio un empuj\u00f3n&#8217; en la direcci\u00f3n opuesta: marc\u00f3 un nuevo comienzo de la gran peregrinaci\u00f3n de los j\u00f3venes de todos los continentes, en nombre de Jesucristo\u00bb.<\/p>\n<p class=\"link-underline mb-[45px] text-lg text-neutrals-80\">Siguiendo con la reflexi\u00f3n sobre la JMJ, el Papa tambi\u00e9n subray\u00f3 que la JMJ no eran unas \u00abvacaciones\u00bb o un \u00abencuentro espiritual en s\u00ed mismo\u00bb, sino un \u00abencuentro con Cristo vivo a trav\u00e9s de la Iglesia\u00bb. \u00abLos j\u00f3venes van al encuentro de Cristo. Es verdad que donde hay j\u00f3venes, hay alegr\u00eda, \u00a1hay un poco de todo esto! Mi visita a Portugal con ocasi\u00f3n de la JMJ fue enriquecida por el ambiente festivo de esta ola de j\u00f3venes\u00bb, subray\u00f3.<\/p>\n<p class=\"link-underline mb-[45px] text-lg text-neutrals-80\">El Papa Francisco estuvo en Portugal con motivo de la JMJ Lisboa 2023, que se celebr\u00f3 entre el 1 y el 6 de agosto y reuni\u00f3 a j\u00f3venes de todo el mundo, con cerca de 1,5 millones de peregrinos en la Misa de Env\u00edo.<\/p>\n","protected":false},"excerpt":{"rendered":"<p>El mi\u00e9rcoles, durante la audiencia general en el Vaticano, el Papa Francisco afirm\u00f3 que la Jornada Mundial de la Juventud (JMJ) Lisboa 2023 demostr\u00f3 que un mundo sin guerras es posible y que el encuentro fue \u00abun regalo de Dios\u00bb. \u00abMientras en Ucrania y en otras partes del mundo hay luchas, y mientras en ciertos [&hellip;]<\/p>\n","protected":false},"author":15,"featured_media":83476,"comment_status":"closed","ping_status":"closed","sticky":false,"template":"","format":"standard","meta":{"_acf_changed":false,"_crdt_document":"","inline_featured_image":false,"footnotes":""},"categories":[154,68],"tags":[10027,7351,7352],"class_list":["post-83475","post","type-post","status-publish","format-standard","has-post-thumbnail","hentry","category-jmj","category-leon-xiv","tag-conclusiones","tag-jmj","tag-jmj-lisboa-2023"],"acf":[],"yoast_head":"<!-- This site is optimized with the Yoast SEO plugin v27.4 - https:\/\/yoast.com\/product\/yoast-seo-wordpress\/ -->\n<title>Papa Francisco saca conclusiones de su visita a Portugal con motivo de la JMJ &#8211; Exaudi<\/title>\n<meta name=\"robots\" content=\"index, follow, max-snippet:-1, max-image-preview:large, max-video-preview:-1\" \/>\n<link rel=\"canonical\" href=\"https:\/\/exaudi.org\/es\/papa-francisco-saca-conclusiones-de-su-visita-a-portugal-con-motivo-de-la-jmj\/\" \/>\n<meta property=\"og:locale\" content=\"es_ES\" \/>\n<meta property=\"og:type\" content=\"article\" \/>\n<meta property=\"og:title\" content=\"Papa Francisco saca conclusiones de su visita a Portugal con motivo de la JMJ &#8211; Exaudi\" \/>\n<meta property=\"og:description\" content=\"El mi\u00e9rcoles, durante la audiencia general en el Vaticano, el Papa Francisco afirm\u00f3 que la Jornada Mundial de la Juventud (JMJ) Lisboa 2023 demostr\u00f3 que un mundo sin guerras es posible y que el encuentro fue \u00abun regalo de Dios\u00bb. \u00abMientras en Ucrania y en otras partes del mundo hay luchas, y mientras en ciertos [&hellip;]\" \/>\n<meta property=\"og:url\" content=\"https:\/\/exaudi.org\/es\/papa-francisco-saca-conclusiones-de-su-visita-a-portugal-con-motivo-de-la-jmj\/\" \/>\n<meta property=\"og:site_name\" content=\"Exaudi\" \/>\n<meta property=\"article:publisher\" content=\"https:\/\/www.facebook.com\/ExaudiNews\" \/>\n<meta property=\"article:author\" content=\"https:\/\/www.facebook.com\/ExaudiNoticias\/\" \/>\n<meta property=\"article:published_time\" content=\"2023-08-11T08:50:05+00:00\" \/>\n<meta property=\"article:modified_time\" content=\"2023-09-13T15:41:29+00:00\" \/>\n<meta property=\"og:image\" content=\"https:\/\/exaudi.org\/wp-content\/uploads\/2023\/09\/Papa_Francisco_jovens_1024x683_54470e1367.jpeg\" \/>\n\t<meta property=\"og:image:width\" content=\"1024\" \/>\n\t<meta property=\"og:image:height\" content=\"683\" \/>\n\t<meta property=\"og:image:type\" content=\"image\/jpeg\" \/>\n<meta name=\"author\" content=\"Exaudi Redacci\u00f3n\" \/>\n<meta name=\"twitter:card\" content=\"summary_large_image\" \/>\n<meta name=\"twitter:creator\" content=\"@Exaudi_noticias\" \/>\n<meta name=\"twitter:site\" content=\"@Exaudi_News\" \/>\n<meta name=\"twitter:label1\" content=\"Escrito por\" \/>\n\t<meta name=\"twitter:data1\" content=\"Exaudi Redacci\u00f3n\" \/>\n\t<meta name=\"twitter:label2\" content=\"Tiempo de lectura\" \/>\n\t<meta name=\"twitter:data2\" content=\"2 minutos\" \/>\n<script type=\"application\/ld+json\" class=\"yoast-schema-graph\">{\"@context\":\"https:\\\/\\\/schema.org\",\"@graph\":[{\"@type\":\"Article\",\"@id\":\"https:\\\/\\\/exaudi.org\\\/es\\\/papa-francisco-saca-conclusiones-de-su-visita-a-portugal-con-motivo-de-la-jmj\\\/#article\",\"isPartOf\":{\"@id\":\"https:\\\/\\\/exaudi.org\\\/es\\\/papa-francisco-saca-conclusiones-de-su-visita-a-portugal-con-motivo-de-la-jmj\\\/\"},\"author\":{\"name\":\"Exaudi Redacci\u00f3n\",\"@id\":\"https:\\\/\\\/exaudi.org\\\/#\\\/schema\\\/person\\\/f5fc8f063065e38742da7afe15f25df7\"},\"headline\":\"Papa Francisco saca conclusiones de su visita a Portugal con motivo de la JMJ\",\"datePublished\":\"2023-08-11T08:50:05+00:00\",\"dateModified\":\"2023-09-13T15:41:29+00:00\",\"mainEntityOfPage\":{\"@id\":\"https:\\\/\\\/exaudi.org\\\/es\\\/papa-francisco-saca-conclusiones-de-su-visita-a-portugal-con-motivo-de-la-jmj\\\/\"},\"wordCount\":390,\"image\":{\"@id\":\"https:\\\/\\\/exaudi.org\\\/es\\\/papa-francisco-saca-conclusiones-de-su-visita-a-portugal-con-motivo-de-la-jmj\\\/#primaryimage\"},\"thumbnailUrl\":\"https:\\\/\\\/exaudi.org\\\/wp-content\\\/uploads\\\/2023\\\/09\\\/Papa_Francisco_jovens_1024x683_54470e1367.jpeg\",\"keywords\":[\"conclusiones\",\"JMJ\",\"JMJ Lisboa 2023\"],\"articleSection\":[\"JMJ\",\"Le\u00f3n XIV\"],\"inLanguage\":\"es\"},{\"@type\":\"WebPage\",\"@id\":\"https:\\\/\\\/exaudi.org\\\/es\\\/papa-francisco-saca-conclusiones-de-su-visita-a-portugal-con-motivo-de-la-jmj\\\/\",\"url\":\"https:\\\/\\\/exaudi.org\\\/es\\\/papa-francisco-saca-conclusiones-de-su-visita-a-portugal-con-motivo-de-la-jmj\\\/\",\"name\":\"Papa Francisco saca conclusiones de su visita a Portugal con motivo de la JMJ &#8211; Exaudi\",\"isPartOf\":{\"@id\":\"https:\\\/\\\/exaudi.org\\\/#website\"},\"primaryImageOfPage\":{\"@id\":\"https:\\\/\\\/exaudi.org\\\/es\\\/papa-francisco-saca-conclusiones-de-su-visita-a-portugal-con-motivo-de-la-jmj\\\/#primaryimage\"},\"image\":{\"@id\":\"https:\\\/\\\/exaudi.org\\\/es\\\/papa-francisco-saca-conclusiones-de-su-visita-a-portugal-con-motivo-de-la-jmj\\\/#primaryimage\"},\"thumbnailUrl\":\"https:\\\/\\\/exaudi.org\\\/wp-content\\\/uploads\\\/2023\\\/09\\\/Papa_Francisco_jovens_1024x683_54470e1367.jpeg\",\"datePublished\":\"2023-08-11T08:50:05+00:00\",\"dateModified\":\"2023-09-13T15:41:29+00:00\",\"author\":{\"@id\":\"https:\\\/\\\/exaudi.org\\\/#\\\/schema\\\/person\\\/f5fc8f063065e38742da7afe15f25df7\"},\"breadcrumb\":{\"@id\":\"https:\\\/\\\/exaudi.org\\\/es\\\/papa-francisco-saca-conclusiones-de-su-visita-a-portugal-con-motivo-de-la-jmj\\\/#breadcrumb\"},\"inLanguage\":\"es\",\"potentialAction\":[{\"@type\":\"ReadAction\",\"target\":[\"https:\\\/\\\/exaudi.org\\\/es\\\/papa-francisco-saca-conclusiones-de-su-visita-a-portugal-con-motivo-de-la-jmj\\\/\"]}]},{\"@type\":\"ImageObject\",\"inLanguage\":\"es\",\"@id\":\"https:\\\/\\\/exaudi.org\\\/es\\\/papa-francisco-saca-conclusiones-de-su-visita-a-portugal-con-motivo-de-la-jmj\\\/#primaryimage\",\"url\":\"https:\\\/\\\/exaudi.org\\\/wp-content\\\/uploads\\\/2023\\\/09\\\/Papa_Francisco_jovens_1024x683_54470e1367.jpeg\",\"contentUrl\":\"https:\\\/\\\/exaudi.org\\\/wp-content\\\/uploads\\\/2023\\\/09\\\/Papa_Francisco_jovens_1024x683_54470e1367.jpeg\",\"width\":1024,\"height\":683},{\"@type\":\"BreadcrumbList\",\"@id\":\"https:\\\/\\\/exaudi.org\\\/es\\\/papa-francisco-saca-conclusiones-de-su-visita-a-portugal-con-motivo-de-la-jmj\\\/#breadcrumb\",\"itemListElement\":[{\"@type\":\"ListItem\",\"position\":1,\"name\":\"Portada\",\"item\":\"https:\\\/\\\/exaudi.org\\\/es\\\/\"},{\"@type\":\"ListItem\",\"position\":2,\"name\":\"Papa Francisco saca conclusiones de su visita a Portugal con motivo de la JMJ\"}]},{\"@type\":\"WebSite\",\"@id\":\"https:\\\/\\\/exaudi.org\\\/#website\",\"url\":\"https:\\\/\\\/exaudi.org\\\/\",\"name\":\"Exaudi\",\"description\":\"News\",\"potentialAction\":[{\"@type\":\"SearchAction\",\"target\":{\"@type\":\"EntryPoint\",\"urlTemplate\":\"https:\\\/\\\/exaudi.org\\\/?s={search_term_string}\"},\"query-input\":{\"@type\":\"PropertyValueSpecification\",\"valueRequired\":true,\"valueName\":\"search_term_string\"}}],\"inLanguage\":\"es\"},{\"@type\":\"Person\",\"@id\":\"https:\\\/\\\/exaudi.org\\\/#\\\/schema\\\/person\\\/f5fc8f063065e38742da7afe15f25df7\",\"name\":\"Exaudi Redacci\u00f3n\",\"image\":{\"@type\":\"ImageObject\",\"inLanguage\":\"es\",\"@id\":\"https:\\\/\\\/secure.gravatar.com\\\/avatar\\\/fe0f6a059fb68d9b3e11bc5850dd4899b1c7492091a3cb6dd9b01b56ad828be2?s=96&d=mm&r=g\",\"url\":\"https:\\\/\\\/secure.gravatar.com\\\/avatar\\\/fe0f6a059fb68d9b3e11bc5850dd4899b1c7492091a3cb6dd9b01b56ad828be2?s=96&d=mm&r=g\",\"contentUrl\":\"https:\\\/\\\/secure.gravatar.com\\\/avatar\\\/fe0f6a059fb68d9b3e11bc5850dd4899b1c7492091a3cb6dd9b01b56ad828be2?s=96&d=mm&r=g\",\"caption\":\"Exaudi Redacci\u00f3n\"},\"description\":\"\u00bfQu\u00e9 es Exaudi News? Exaudi News es un medio de comunicaci\u00f3n cat\u00f3lico internacional que informa, forma y transforma, diariamente en espa\u00f1ol, ingl\u00e9s e italiano. A trav\u00e9s de noticias, art\u00edculos de an\u00e1lisis y transmisiones en directo de los eventos del Papa, Exaudi busca fortalecer la unidad de los cristianos y contribuir a la evangelizaci\u00f3n del mundo, siempre guiados por la doctrina social de la Iglesia. Trabajamos para acercar la verdad y los valores cristianos a cada rinc\u00f3n del planeta. \u00a1Ay\u00fadanos a transformar el mundo con Exaudi! En Exaudi creemos que la evangelizaci\u00f3n y la informaci\u00f3n de calidad pueden cambiar vidas. Para continuar con nuestra misi\u00f3n y expandir nuestro alcance, necesitamos tu ayuda. Adem\u00e1s, buscamos personas comprometidas que deseen unirse a nuestro equipo. Con tu apoyo, lograremos llegar a m\u00e1s personas, difundir el mensaje de Cristo y reforzar la unidad de los cristianos. \u00bfTe unes a nuestra misi\u00f3n? Para m\u00e1s informaci\u00f3n sobre c\u00f3mo colaborar, visita Exaudi.org\\\/es o cont\u00e1ctanos directamente: info@exaudi.org Exaudi: Informa, forma y transforma.\",\"sameAs\":[\"https:\\\/\\\/www.facebook.com\\\/ExaudiNoticias\\\/\",\"https:\\\/\\\/www.instagram.com\\\/exaudi_noticias\\\/\",\"https:\\\/\\\/x.com\\\/Exaudi_noticias\",\"https:\\\/\\\/www.youtube.com\\\/@exaudicatholicnews\"],\"url\":\"https:\\\/\\\/exaudi.org\\\/es\\\/author\\\/redaccionexaudi\\\/\"}]}<\/script>\n<!-- \/ Yoast SEO plugin. -->","yoast_head_json":{"title":"Papa Francisco saca conclusiones de su visita a Portugal con motivo de la JMJ &#8211; Exaudi","robots":{"index":"index","follow":"follow","max-snippet":"max-snippet:-1","max-image-preview":"max-image-preview:large","max-video-preview":"max-video-preview:-1"},"canonical":"https:\/\/exaudi.org\/es\/papa-francisco-saca-conclusiones-de-su-visita-a-portugal-con-motivo-de-la-jmj\/","og_locale":"es_ES","og_type":"article","og_title":"Papa Francisco saca conclusiones de su visita a Portugal con motivo de la JMJ &#8211; Exaudi","og_description":"El mi\u00e9rcoles, durante la audiencia general en el Vaticano, el Papa Francisco afirm\u00f3 que la Jornada Mundial de la Juventud (JMJ) Lisboa 2023 demostr\u00f3 que un mundo sin guerras es posible y que el encuentro fue \u00abun regalo de Dios\u00bb. \u00abMientras en Ucrania y en otras partes del mundo hay luchas, y mientras en ciertos [&hellip;]","og_url":"https:\/\/exaudi.org\/es\/papa-francisco-saca-conclusiones-de-su-visita-a-portugal-con-motivo-de-la-jmj\/","og_site_name":"Exaudi","article_publisher":"https:\/\/www.facebook.com\/ExaudiNews","article_author":"https:\/\/www.facebook.com\/ExaudiNoticias\/","article_published_time":"2023-08-11T08:50:05+00:00","article_modified_time":"2023-09-13T15:41:29+00:00","og_image":[{"width":1024,"height":683,"url":"https:\/\/exaudi.org\/wp-content\/uploads\/2023\/09\/Papa_Francisco_jovens_1024x683_54470e1367.jpeg","type":"image\/jpeg"}],"author":"Exaudi Redacci\u00f3n","twitter_card":"summary_large_image","twitter_creator":"@Exaudi_noticias","twitter_site":"@Exaudi_News","twitter_misc":{"Escrito por":"Exaudi Redacci\u00f3n","Tiempo de lectura":"2 minutos"},"schema":{"@context":"https:\/\/schema.org","@graph":[{"@type":"Article","@id":"https:\/\/exaudi.org\/es\/papa-francisco-saca-conclusiones-de-su-visita-a-portugal-con-motivo-de-la-jmj\/#article","isPartOf":{"@id":"https:\/\/exaudi.org\/es\/papa-francisco-saca-conclusiones-de-su-visita-a-portugal-con-motivo-de-la-jmj\/"},"author":{"name":"Exaudi Redacci\u00f3n","@id":"https:\/\/exaudi.org\/#\/schema\/person\/f5fc8f063065e38742da7afe15f25df7"},"headline":"Papa Francisco saca conclusiones de su visita a Portugal con motivo de la JMJ","datePublished":"2023-08-11T08:50:05+00:00","dateModified":"2023-09-13T15:41:29+00:00","mainEntityOfPage":{"@id":"https:\/\/exaudi.org\/es\/papa-francisco-saca-conclusiones-de-su-visita-a-portugal-con-motivo-de-la-jmj\/"},"wordCount":390,"image":{"@id":"https:\/\/exaudi.org\/es\/papa-francisco-saca-conclusiones-de-su-visita-a-portugal-con-motivo-de-la-jmj\/#primaryimage"},"thumbnailUrl":"https:\/\/exaudi.org\/wp-content\/uploads\/2023\/09\/Papa_Francisco_jovens_1024x683_54470e1367.jpeg","keywords":["conclusiones","JMJ","JMJ Lisboa 2023"],"articleSection":["JMJ","Le\u00f3n XIV"],"inLanguage":"es"},{"@type":"WebPage","@id":"https:\/\/exaudi.org\/es\/papa-francisco-saca-conclusiones-de-su-visita-a-portugal-con-motivo-de-la-jmj\/","url":"https:\/\/exaudi.org\/es\/papa-francisco-saca-conclusiones-de-su-visita-a-portugal-con-motivo-de-la-jmj\/","name":"Papa Francisco saca conclusiones de su visita a Portugal con motivo de la JMJ &#8211; Exaudi","isPartOf":{"@id":"https:\/\/exaudi.org\/#website"},"primaryImageOfPage":{"@id":"https:\/\/exaudi.org\/es\/papa-francisco-saca-conclusiones-de-su-visita-a-portugal-con-motivo-de-la-jmj\/#primaryimage"},"image":{"@id":"https:\/\/exaudi.org\/es\/papa-francisco-saca-conclusiones-de-su-visita-a-portugal-con-motivo-de-la-jmj\/#primaryimage"},"thumbnailUrl":"https:\/\/exaudi.org\/wp-content\/uploads\/2023\/09\/Papa_Francisco_jovens_1024x683_54470e1367.jpeg","datePublished":"2023-08-11T08:50:05+00:00","dateModified":"2023-09-13T15:41:29+00:00","author":{"@id":"https:\/\/exaudi.org\/#\/schema\/person\/f5fc8f063065e38742da7afe15f25df7"},"breadcrumb":{"@id":"https:\/\/exaudi.org\/es\/papa-francisco-saca-conclusiones-de-su-visita-a-portugal-con-motivo-de-la-jmj\/#breadcrumb"},"inLanguage":"es","potentialAction":[{"@type":"ReadAction","target":["https:\/\/exaudi.org\/es\/papa-francisco-saca-conclusiones-de-su-visita-a-portugal-con-motivo-de-la-jmj\/"]}]},{"@type":"ImageObject","inLanguage":"es","@id":"https:\/\/exaudi.org\/es\/papa-francisco-saca-conclusiones-de-su-visita-a-portugal-con-motivo-de-la-jmj\/#primaryimage","url":"https:\/\/exaudi.org\/wp-content\/uploads\/2023\/09\/Papa_Francisco_jovens_1024x683_54470e1367.jpeg","contentUrl":"https:\/\/exaudi.org\/wp-content\/uploads\/2023\/09\/Papa_Francisco_jovens_1024x683_54470e1367.jpeg","width":1024,"height":683},{"@type":"BreadcrumbList","@id":"https:\/\/exaudi.org\/es\/papa-francisco-saca-conclusiones-de-su-visita-a-portugal-con-motivo-de-la-jmj\/#breadcrumb","itemListElement":[{"@type":"ListItem","position":1,"name":"Portada","item":"https:\/\/exaudi.org\/es\/"},{"@type":"ListItem","position":2,"name":"Papa Francisco saca conclusiones de su visita a Portugal con motivo de la JMJ"}]},{"@type":"WebSite","@id":"https:\/\/exaudi.org\/#website","url":"https:\/\/exaudi.org\/","name":"Exaudi","description":"News","potentialAction":[{"@type":"SearchAction","target":{"@type":"EntryPoint","urlTemplate":"https:\/\/exaudi.org\/?s={search_term_string}"},"query-input":{"@type":"PropertyValueSpecification","valueRequired":true,"valueName":"search_term_string"}}],"inLanguage":"es"},{"@type":"Person","@id":"https:\/\/exaudi.org\/#\/schema\/person\/f5fc8f063065e38742da7afe15f25df7","name":"Exaudi Redacci\u00f3n","image":{"@type":"ImageObject","inLanguage":"es","@id":"https:\/\/secure.gravatar.com\/avatar\/fe0f6a059fb68d9b3e11bc5850dd4899b1c7492091a3cb6dd9b01b56ad828be2?s=96&d=mm&r=g","url":"https:\/\/secure.gravatar.com\/avatar\/fe0f6a059fb68d9b3e11bc5850dd4899b1c7492091a3cb6dd9b01b56ad828be2?s=96&d=mm&r=g","contentUrl":"https:\/\/secure.gravatar.com\/avatar\/fe0f6a059fb68d9b3e11bc5850dd4899b1c7492091a3cb6dd9b01b56ad828be2?s=96&d=mm&r=g","caption":"Exaudi Redacci\u00f3n"},"description":"\u00bfQu\u00e9 es Exaudi News? Exaudi News es un medio de comunicaci\u00f3n cat\u00f3lico internacional que informa, forma y transforma, diariamente en espa\u00f1ol, ingl\u00e9s e italiano. A trav\u00e9s de noticias, art\u00edculos de an\u00e1lisis y transmisiones en directo de los eventos del Papa, Exaudi busca fortalecer la unidad de los cristianos y contribuir a la evangelizaci\u00f3n del mundo, siempre guiados por la doctrina social de la Iglesia. Trabajamos para acercar la verdad y los valores cristianos a cada rinc\u00f3n del planeta. \u00a1Ay\u00fadanos a transformar el mundo con Exaudi! En Exaudi creemos que la evangelizaci\u00f3n y la informaci\u00f3n de calidad pueden cambiar vidas. Para continuar con nuestra misi\u00f3n y expandir nuestro alcance, necesitamos tu ayuda. Adem\u00e1s, buscamos personas comprometidas que deseen unirse a nuestro equipo. Con tu apoyo, lograremos llegar a m\u00e1s personas, difundir el mensaje de Cristo y reforzar la unidad de los cristianos. \u00bfTe unes a nuestra misi\u00f3n? Para m\u00e1s informaci\u00f3n sobre c\u00f3mo colaborar, visita Exaudi.org\/es o cont\u00e1ctanos directamente: info@exaudi.org Exaudi: Informa, forma y transforma.","sameAs":["https:\/\/www.facebook.com\/ExaudiNoticias\/","https:\/\/www.instagram.com\/exaudi_noticias\/","https:\/\/x.com\/Exaudi_noticias","https:\/\/www.youtube.com\/@exaudicatholicnews"],"url":"https:\/\/exaudi.org\/es\/author\/redaccionexaudi\/"}]}},"jetpack_featured_media_url":"https:\/\/exaudi.org\/wp-content\/uploads\/2023\/09\/Papa_Francisco_jovens_1024x683_54470e1367.jpeg","jetpack_shortlink":"https:\/\/wp.me\/pgKjF2-lIn","_links":{"self":[{"href":"https:\/\/exaudi.org\/es\/wp-json\/wp\/v2\/posts\/83475","targetHints":{"allow":["GET"]}}],"collection":[{"href":"https:\/\/exaudi.org\/es\/wp-json\/wp\/v2\/posts"}],"about":[{"href":"https:\/\/exaudi.org\/es\/wp-json\/wp\/v2\/types\/post"}],"author":[{"embeddable":true,"href":"https:\/\/exaudi.org\/es\/wp-json\/wp\/v2\/users\/15"}],"replies":[{"embeddable":true,"href":"https:\/\/exaudi.org\/es\/wp-json\/wp\/v2\/comments?post=83475"}],"version-history":[{"count":0,"href":"https:\/\/exaudi.org\/es\/wp-json\/wp\/v2\/posts\/83475\/revisions"}],"wp:featuredmedia":[{"embeddable":true,"href":"https:\/\/exaudi.org\/es\/wp-json\/wp\/v2\/media\/83476"}],"wp:attachment":[{"href":"https:\/\/exaudi.org\/es\/wp-json\/wp\/v2\/media?parent=83475"}],"wp:term":[{"taxonomy":"category","embeddable":true,"href":"https:\/\/exaudi.org\/es\/wp-json\/wp\/v2\/categories?post=83475"},{"taxonomy":"post_tag","embeddable":true,"href":"https:\/\/exaudi.org\/es\/wp-json\/wp\/v2\/tags?post=83475"}],"curies":[{"name":"wp","href":"https:\/\/api.w.org\/{rel}","templated":true}]}}