{"id":83459,"date":"2023-09-13T15:58:16","date_gmt":"2023-09-13T13:58:16","guid":{"rendered":"https:\/\/exaudi.org\/?p=83459"},"modified":"2023-09-13T16:08:12","modified_gmt":"2023-09-13T14:08:12","slug":"reflexiones-de-monsenor-oscar-ojea-sobre-este-tiempo-particular-de-la-argentina","status":"publish","type":"post","link":"https:\/\/exaudi.org\/es\/reflexiones-de-monsenor-oscar-ojea-sobre-este-tiempo-particular-de-la-argentina\/","title":{"rendered":"Reflexiones de monse\u00f1or Oscar Ojea sobre este tiempo particular de la Argentina"},"content":{"rendered":"<audio class=\"wp-audio-shortcode\" id=\"audio-83459-1\" preload=\"none\" style=\"width: 100%;\" controls=\"controls\"><source type=\"audio\/mpeg\" src=\"https:\/\/exaudi.org\/wp-content\/uploads\/2023\/09\/ttsmaker-file-2023-9-13-15-58-0.mp3?_=1\" \/><a href=\"https:\/\/exaudi.org\/wp-content\/uploads\/2023\/09\/ttsmaker-file-2023-9-13-15-58-0.mp3\">https:\/\/exaudi.org\/wp-content\/uploads\/2023\/09\/ttsmaker-file-2023-9-13-15-58-0.mp3<\/a><\/audio>\n<p>En di\u00e1logo con la Oficina de Comunicaci\u00f3n y Prensa de la Conferencia Episcopal Argentina, su presidente, monse\u00f1or Oscar Ojea, comparti\u00f3 reflexiones sobre este tiempo particular de nuestro pa\u00eds, en el que la sociedad toda debe asumir su compromiso com\u00fan ante las elecciones generales del pr\u00f3ximo 22 de octubre.<\/p>\n<p><em><strong>\u00bfC\u00f3mo ve la situaci\u00f3n del pa\u00eds en el tiempo previo a las elecciones?<\/strong><\/em><\/p>\n<p>El 22 de agosto, es decir, una semana despu\u00e9s de las P.A.S.O. publicamos una Declaraci\u00f3n ecum\u00e9nica e interreligiosa titulada: \u201cDeclaraci\u00f3n conjunta por un di\u00e1logo responsable y comprometido\u201d. Me pareci\u00f3 muy valioso el haber logrado esta declaraci\u00f3n interreligiosa y ecum\u00e9nica con total consenso m\u00e1s que por el hecho mismo del escrito. All\u00ed decimos cosas muy importantes, entre otras que\u00a0<strong>es imposible construir un pa\u00eds sin di\u00e1logo y con insultos, gritos y descalificaciones.<\/strong>\u00a0Nos pregunt\u00e1bamos como se va a gobernar un pa\u00eds dividido. Y afirm\u00e1bamos que\u00a0<strong>el clima de violencia en las expresiones de los candidatos no ayuda a la paz social<\/strong>. Este documento sigue teniendo absoluta actualidad y est\u00e1 dirigido a todos los candidatos y candidatas que participan en las pr\u00f3ximas elecciones nacionales del 22 de octubre.<\/p>\n<p><em><strong>\u00bfQu\u00e9 piensa usted acerca de las expresiones vertidas contra el Santo Padre?<\/strong><\/em><\/p>\n<p>Muchas veces el Papa Francisco se ha visto maltratado sistem\u00e1ticamente por algunos medios de comunicaci\u00f3n, esto ha contribuido a que se lo lea poco y a que se difunda menos su palabra y pensamiento, deteni\u00e9ndonos en peque\u00f1eces muy buscadas con mala intenci\u00f3n por un sector de la prensa. En ese contexto tambi\u00e9n uno de los candidatos se ha expresado con insultos irreproducibles y con falsedades. Como expres\u00f3 monse\u00f1or Gustavo Carrara\u00a0<strong>el Papa es para nosotros un profeta de la dignidad humana en un tiempo de violencia y exclusi\u00f3n<\/strong>. Pero, por otra parte, tambi\u00e9n es un Jefe de Estado al que se le debe un respeto particular.<\/p>\n<p><strong><em>\u00bfQu\u00e9 es lo que m\u00e1s le preocupa sobre los sucesos que ocurren en el pa\u00eds?<\/em><\/strong><\/p>\n<p><strong>En este tiempo de desesperanza y decepci\u00f3n que provoca la creciente pobreza en nuestro pa\u00eds me preocupa mucho que haya aparecido un clima de autodestrucci\u00f3n.<\/strong>\u00a0Un deseo de que todo se desborde para caer en el vac\u00edo. Esto es como una enfermedad social que anula todo horizonte y proyecto de futuro. Una suerte de auto boicot. En la Declaraci\u00f3n ecum\u00e9nica e interreligiosa habl\u00e1bamos de principios irrenunciables a los cuales como creyentes y como personas no creyentes de buena voluntad adherimos. Y constituye un mensaje para todos los candidatos y candidatas.<\/p>\n<p><em><strong>\u00bfCu\u00e1les son para la Iglesia esos principios para todos los candidatos?<\/strong><\/em><\/p>\n<p>En primer lugar,\u00a0<strong>el cuidado de la vida de cada uno de los ciudadanos y ciudadanas<\/strong>. Para nosotros la vida debe ser cuidada desde el inicio de la concepci\u00f3n, pasando por todas las etapas de su desarrollo hasta la muerte natural.<\/p>\n<p>En segundo lugar,\u00a0<strong>la opci\u00f3n preferencial por los pobres y excluidos<\/strong>. Para el Evangelio en ellos est\u00e1 presente Jes\u00fas. \u201cTuve hambre y me diste de comer, tuve sed y me diste de beber\u201d (Mateo 25,35). Jes\u00fas se identifica con ellos, por lo tanto, es imposible que la Iglesia renuncie a estar junto a ellos. En estos \u00faltimos a\u00f1os le hemos pedido a todos los gobiernos un Estado presente, tanto brindando seguridad como garantizando la provisi\u00f3n de bienes primarios para la vida humana, en particular en los barrios m\u00e1s humildes, el respeto por las econom\u00edas solidarias, y la creaci\u00f3n de trabajo genuino y digno, ya que el trabajo es un aut\u00e9ntico ordenador de la vida. Esto no es hacer \u201cpobrismo\u201d. Pensarlo as\u00ed ser\u00eda desconocer todo el trabajo para la promoci\u00f3n humana que realiza la Iglesia buscando crear las condiciones para una vida m\u00e1s humana y m\u00e1s justa.\u00a0<strong>Ante cualquier gobierno que sea electo la Iglesia no va a renunciar a reclamar los derechos de los \u00faltimos, porque esto ser\u00eda traicionar el Evangelio<\/strong>.<\/p>\n<p>Es irrenunciable tambi\u00e9n el compromiso con\u00a0<strong>el cuidado de la casa com\u00fan<\/strong>. Hay que combatir la crisis socio-ambiental que vive el mundo producida por el cambio clim\u00e1tico que nos pone en riesgo como humanidad.<\/p>\n<p>Finalmente, recordamos en el documento del 22 de agosto a todos los candidatos para las pr\u00f3ximas elecciones, que es imprescindible que la\u00a0<strong>libertad y nuestros v\u00ednculos sean vividos conforme al esp\u00edritu y a la letra de la Constituci\u00f3n Nacional<\/strong>\u00a0como marco que gu\u00eda acciones y decisiones.<\/p>\n<p><strong><em>\u00bfLa Iglesia avala o critica a alg\u00fan candidato en particular?<\/em><\/strong><\/p>\n<p><strong>Nosotros como Iglesia intentamos iluminar la conciencia de los fieles con los principios del Evangelio<\/strong>. Ante un acto de enorme responsabilidad como es la emisi\u00f3n del voto respetamos la voluntad popular.\u00a0<strong>No avalamos\u00a0a ning\u00fan candidato en particular porque no es nuestra misi\u00f3n y no nos corresponde<\/strong>. Expresamos principios que creemos puedan ser \u00fatiles para reflexionar el futuro de este pueblo que amamos y al que servimos. Nuestra misi\u00f3n es pastoral y si bien enunciar esos principios puede incomodar, o los mismos candidatos expresar su desacuerdo,\u00a0<strong>de ninguna manera renunciaremos a la vocaci\u00f3n primera de anunciar el Evangelio con libertad<\/strong>.<\/p>\n<p><em><strong>\u00bfC\u00f3mo considera la Iglesia a la activad pol\u00edtica?<\/strong><\/em><\/p>\n<p>En el cap\u00edtulo V de la Enc\u00edclica Fratelli Tutti, Francisco nos habla de la mejor pol\u00edtica. Para la doctrina social de la Iglesia la pol\u00edtica es la m\u00e1s noble de todas las artes, como dec\u00eda el Papa Pio XI y lo vuelve a refrendar el mismo Papa Francisco.\u00a0<strong>La vocaci\u00f3n del pol\u00edtico es transformar la realidad, hacerla m\u00e1s humana, para que las personas a las que sirve como pol\u00edtico puedan desarrollar al m\u00e1ximo sus talentos y capacidades al servicio del del bien com\u00fan<\/strong>.<\/p>\n<p>Publicado en <a href=\"https:\/\/episcopado.org\/\" target=\"_blank\" rel=\"noopener\">la web de la CEA<\/a><\/p>\n","protected":false},"excerpt":{"rendered":"<p>En di\u00e1logo con la Oficina de Comunicaci\u00f3n y Prensa de la Conferencia Episcopal Argentina, su presidente, monse\u00f1or Oscar Ojea, comparti\u00f3 reflexiones sobre este tiempo particular de nuestro pa\u00eds, en el que la sociedad toda debe asumir su compromiso com\u00fan ante las elecciones generales del pr\u00f3ximo 22 de octubre. \u00bfC\u00f3mo ve la situaci\u00f3n del pa\u00eds en [&hellip;]<\/p>\n","protected":false},"author":15,"featured_media":83460,"comment_status":"closed","ping_status":"closed","sticky":false,"template":"","format":"standard","meta":{"_acf_changed":false,"_crdt_document":"","inline_featured_image":false,"footnotes":""},"categories":[108,74],"tags":[10026,742,3115,4953],"class_list":["post-83459","post","type-post","status-publish","format-standard","has-post-thumbnail","hentry","category-entrevistas","category-iglesia-y-mundo","tag-arginina","tag-conferencia-episcopal-argentina-cea","tag-monsenor-oscar-ojea","tag-trending-es"],"acf":[],"yoast_head":"<!-- This site is optimized with the Yoast SEO plugin v27.5 - https:\/\/yoast.com\/product\/yoast-seo-wordpress\/ -->\n<title>Reflexiones de monse\u00f1or Oscar Ojea sobre este tiempo particular de la Argentina &#8211; Exaudi<\/title>\n<meta name=\"robots\" content=\"index, follow, max-snippet:-1, max-image-preview:large, max-video-preview:-1\" \/>\n<link rel=\"canonical\" href=\"https:\/\/exaudi.org\/es\/reflexiones-de-monsenor-oscar-ojea-sobre-este-tiempo-particular-de-la-argentina\/\" \/>\n<meta property=\"og:locale\" content=\"es_ES\" \/>\n<meta property=\"og:type\" content=\"article\" \/>\n<meta property=\"og:title\" content=\"Reflexiones de monse\u00f1or Oscar Ojea sobre este tiempo particular de la Argentina &#8211; Exaudi\" \/>\n<meta property=\"og:description\" content=\"En di\u00e1logo con la Oficina de Comunicaci\u00f3n y Prensa de la Conferencia Episcopal Argentina, su presidente, monse\u00f1or Oscar Ojea, comparti\u00f3 reflexiones sobre este tiempo particular de nuestro pa\u00eds, en el que la sociedad toda debe asumir su compromiso com\u00fan ante las elecciones generales del pr\u00f3ximo 22 de octubre. \u00bfC\u00f3mo ve la situaci\u00f3n del pa\u00eds en [&hellip;]\" \/>\n<meta property=\"og:url\" content=\"https:\/\/exaudi.org\/es\/reflexiones-de-monsenor-oscar-ojea-sobre-este-tiempo-particular-de-la-argentina\/\" \/>\n<meta property=\"og:site_name\" content=\"Exaudi\" \/>\n<meta property=\"article:publisher\" content=\"https:\/\/www.facebook.com\/ExaudiNews\" \/>\n<meta property=\"article:author\" content=\"https:\/\/www.facebook.com\/ExaudiNoticias\/\" \/>\n<meta property=\"article:published_time\" content=\"2023-09-13T13:58:16+00:00\" \/>\n<meta property=\"article:modified_time\" content=\"2023-09-13T14:08:12+00:00\" \/>\n<meta property=\"og:image\" content=\"https:\/\/exaudi.org\/wp-content\/uploads\/2023\/09\/img-900x500-1.jpg\" \/>\n\t<meta property=\"og:image:width\" content=\"900\" \/>\n\t<meta property=\"og:image:height\" content=\"500\" \/>\n\t<meta property=\"og:image:type\" content=\"image\/jpeg\" \/>\n<meta name=\"author\" content=\"Exaudi Redacci\u00f3n\" \/>\n<meta name=\"twitter:card\" content=\"summary_large_image\" \/>\n<meta name=\"twitter:creator\" content=\"@Exaudi_noticias\" \/>\n<meta name=\"twitter:site\" content=\"@Exaudi_News\" \/>\n<meta name=\"twitter:label1\" content=\"Escrito por\" \/>\n\t<meta name=\"twitter:data1\" content=\"Exaudi Redacci\u00f3n\" \/>\n\t<meta name=\"twitter:label2\" content=\"Tiempo de lectura\" \/>\n\t<meta name=\"twitter:data2\" content=\"5 minutos\" \/>\n<script type=\"application\/ld+json\" class=\"yoast-schema-graph\">{\"@context\":\"https:\\\/\\\/schema.org\",\"@graph\":[{\"@type\":\"Article\",\"@id\":\"https:\\\/\\\/exaudi.org\\\/es\\\/reflexiones-de-monsenor-oscar-ojea-sobre-este-tiempo-particular-de-la-argentina\\\/#article\",\"isPartOf\":{\"@id\":\"https:\\\/\\\/exaudi.org\\\/es\\\/reflexiones-de-monsenor-oscar-ojea-sobre-este-tiempo-particular-de-la-argentina\\\/\"},\"author\":{\"name\":\"Exaudi Redacci\u00f3n\",\"@id\":\"https:\\\/\\\/exaudi.org\\\/#\\\/schema\\\/person\\\/f5fc8f063065e38742da7afe15f25df7\"},\"headline\":\"Reflexiones de monse\u00f1or Oscar Ojea sobre este tiempo particular de la Argentina\",\"datePublished\":\"2023-09-13T13:58:16+00:00\",\"dateModified\":\"2023-09-13T14:08:12+00:00\",\"mainEntityOfPage\":{\"@id\":\"https:\\\/\\\/exaudi.org\\\/es\\\/reflexiones-de-monsenor-oscar-ojea-sobre-este-tiempo-particular-de-la-argentina\\\/\"},\"wordCount\":1032,\"image\":{\"@id\":\"https:\\\/\\\/exaudi.org\\\/es\\\/reflexiones-de-monsenor-oscar-ojea-sobre-este-tiempo-particular-de-la-argentina\\\/#primaryimage\"},\"thumbnailUrl\":\"https:\\\/\\\/exaudi.org\\\/wp-content\\\/uploads\\\/2023\\\/09\\\/img-900x500-1.jpg\",\"keywords\":[\"Arginina\",\"Conferencia Episcopal Argentina (CEA)\",\"Monse\u00f1or Oscar Ojea\",\"Trending\"],\"articleSection\":[\"Entrevistas\",\"Iglesia y Mundo\"],\"inLanguage\":\"es\"},{\"@type\":\"WebPage\",\"@id\":\"https:\\\/\\\/exaudi.org\\\/es\\\/reflexiones-de-monsenor-oscar-ojea-sobre-este-tiempo-particular-de-la-argentina\\\/\",\"url\":\"https:\\\/\\\/exaudi.org\\\/es\\\/reflexiones-de-monsenor-oscar-ojea-sobre-este-tiempo-particular-de-la-argentina\\\/\",\"name\":\"Reflexiones de monse\u00f1or Oscar Ojea sobre este tiempo particular de la Argentina &#8211; Exaudi\",\"isPartOf\":{\"@id\":\"https:\\\/\\\/exaudi.org\\\/#website\"},\"primaryImageOfPage\":{\"@id\":\"https:\\\/\\\/exaudi.org\\\/es\\\/reflexiones-de-monsenor-oscar-ojea-sobre-este-tiempo-particular-de-la-argentina\\\/#primaryimage\"},\"image\":{\"@id\":\"https:\\\/\\\/exaudi.org\\\/es\\\/reflexiones-de-monsenor-oscar-ojea-sobre-este-tiempo-particular-de-la-argentina\\\/#primaryimage\"},\"thumbnailUrl\":\"https:\\\/\\\/exaudi.org\\\/wp-content\\\/uploads\\\/2023\\\/09\\\/img-900x500-1.jpg\",\"datePublished\":\"2023-09-13T13:58:16+00:00\",\"dateModified\":\"2023-09-13T14:08:12+00:00\",\"author\":{\"@id\":\"https:\\\/\\\/exaudi.org\\\/#\\\/schema\\\/person\\\/f5fc8f063065e38742da7afe15f25df7\"},\"breadcrumb\":{\"@id\":\"https:\\\/\\\/exaudi.org\\\/es\\\/reflexiones-de-monsenor-oscar-ojea-sobre-este-tiempo-particular-de-la-argentina\\\/#breadcrumb\"},\"inLanguage\":\"es\",\"potentialAction\":[{\"@type\":\"ReadAction\",\"target\":[\"https:\\\/\\\/exaudi.org\\\/es\\\/reflexiones-de-monsenor-oscar-ojea-sobre-este-tiempo-particular-de-la-argentina\\\/\"]}]},{\"@type\":\"ImageObject\",\"inLanguage\":\"es\",\"@id\":\"https:\\\/\\\/exaudi.org\\\/es\\\/reflexiones-de-monsenor-oscar-ojea-sobre-este-tiempo-particular-de-la-argentina\\\/#primaryimage\",\"url\":\"https:\\\/\\\/exaudi.org\\\/wp-content\\\/uploads\\\/2023\\\/09\\\/img-900x500-1.jpg\",\"contentUrl\":\"https:\\\/\\\/exaudi.org\\\/wp-content\\\/uploads\\\/2023\\\/09\\\/img-900x500-1.jpg\",\"width\":900,\"height\":500},{\"@type\":\"BreadcrumbList\",\"@id\":\"https:\\\/\\\/exaudi.org\\\/es\\\/reflexiones-de-monsenor-oscar-ojea-sobre-este-tiempo-particular-de-la-argentina\\\/#breadcrumb\",\"itemListElement\":[{\"@type\":\"ListItem\",\"position\":1,\"name\":\"Portada\",\"item\":\"https:\\\/\\\/exaudi.org\\\/es\\\/\"},{\"@type\":\"ListItem\",\"position\":2,\"name\":\"Reflexiones de monse\u00f1or Oscar Ojea sobre este tiempo particular de la Argentina\"}]},{\"@type\":\"WebSite\",\"@id\":\"https:\\\/\\\/exaudi.org\\\/#website\",\"url\":\"https:\\\/\\\/exaudi.org\\\/\",\"name\":\"Exaudi\",\"description\":\"News\",\"potentialAction\":[{\"@type\":\"SearchAction\",\"target\":{\"@type\":\"EntryPoint\",\"urlTemplate\":\"https:\\\/\\\/exaudi.org\\\/?s={search_term_string}\"},\"query-input\":{\"@type\":\"PropertyValueSpecification\",\"valueRequired\":true,\"valueName\":\"search_term_string\"}}],\"inLanguage\":\"es\"},{\"@type\":\"Person\",\"@id\":\"https:\\\/\\\/exaudi.org\\\/#\\\/schema\\\/person\\\/f5fc8f063065e38742da7afe15f25df7\",\"name\":\"Exaudi Redacci\u00f3n\",\"image\":{\"@type\":\"ImageObject\",\"inLanguage\":\"es\",\"@id\":\"https:\\\/\\\/secure.gravatar.com\\\/avatar\\\/fe0f6a059fb68d9b3e11bc5850dd4899b1c7492091a3cb6dd9b01b56ad828be2?s=96&d=mm&r=g\",\"url\":\"https:\\\/\\\/secure.gravatar.com\\\/avatar\\\/fe0f6a059fb68d9b3e11bc5850dd4899b1c7492091a3cb6dd9b01b56ad828be2?s=96&d=mm&r=g\",\"contentUrl\":\"https:\\\/\\\/secure.gravatar.com\\\/avatar\\\/fe0f6a059fb68d9b3e11bc5850dd4899b1c7492091a3cb6dd9b01b56ad828be2?s=96&d=mm&r=g\",\"caption\":\"Exaudi Redacci\u00f3n\"},\"description\":\"\u00bfQu\u00e9 es Exaudi News? Exaudi News es un medio de comunicaci\u00f3n cat\u00f3lico internacional que informa, forma y transforma, diariamente en espa\u00f1ol, ingl\u00e9s e italiano. A trav\u00e9s de noticias, art\u00edculos de an\u00e1lisis y transmisiones en directo de los eventos del Papa, Exaudi busca fortalecer la unidad de los cristianos y contribuir a la evangelizaci\u00f3n del mundo, siempre guiados por la doctrina social de la Iglesia. Trabajamos para acercar la verdad y los valores cristianos a cada rinc\u00f3n del planeta. \u00a1Ay\u00fadanos a transformar el mundo con Exaudi! En Exaudi creemos que la evangelizaci\u00f3n y la informaci\u00f3n de calidad pueden cambiar vidas. Para continuar con nuestra misi\u00f3n y expandir nuestro alcance, necesitamos tu ayuda. Adem\u00e1s, buscamos personas comprometidas que deseen unirse a nuestro equipo. Con tu apoyo, lograremos llegar a m\u00e1s personas, difundir el mensaje de Cristo y reforzar la unidad de los cristianos. \u00bfTe unes a nuestra misi\u00f3n? Para m\u00e1s informaci\u00f3n sobre c\u00f3mo colaborar, visita Exaudi.org\\\/es o cont\u00e1ctanos directamente: info@exaudi.org Exaudi: Informa, forma y transforma.\",\"sameAs\":[\"https:\\\/\\\/www.facebook.com\\\/ExaudiNoticias\\\/\",\"https:\\\/\\\/www.instagram.com\\\/exaudi_noticias\\\/\",\"https:\\\/\\\/x.com\\\/Exaudi_noticias\",\"https:\\\/\\\/www.youtube.com\\\/@exaudicatholicnews\"],\"url\":\"https:\\\/\\\/exaudi.org\\\/es\\\/author\\\/redaccionexaudi\\\/\"}]}<\/script>\n<!-- \/ Yoast SEO plugin. -->","yoast_head_json":{"title":"Reflexiones de monse\u00f1or Oscar Ojea sobre este tiempo particular de la Argentina &#8211; Exaudi","robots":{"index":"index","follow":"follow","max-snippet":"max-snippet:-1","max-image-preview":"max-image-preview:large","max-video-preview":"max-video-preview:-1"},"canonical":"https:\/\/exaudi.org\/es\/reflexiones-de-monsenor-oscar-ojea-sobre-este-tiempo-particular-de-la-argentina\/","og_locale":"es_ES","og_type":"article","og_title":"Reflexiones de monse\u00f1or Oscar Ojea sobre este tiempo particular de la Argentina &#8211; Exaudi","og_description":"En di\u00e1logo con la Oficina de Comunicaci\u00f3n y Prensa de la Conferencia Episcopal Argentina, su presidente, monse\u00f1or Oscar Ojea, comparti\u00f3 reflexiones sobre este tiempo particular de nuestro pa\u00eds, en el que la sociedad toda debe asumir su compromiso com\u00fan ante las elecciones generales del pr\u00f3ximo 22 de octubre. \u00bfC\u00f3mo ve la situaci\u00f3n del pa\u00eds en [&hellip;]","og_url":"https:\/\/exaudi.org\/es\/reflexiones-de-monsenor-oscar-ojea-sobre-este-tiempo-particular-de-la-argentina\/","og_site_name":"Exaudi","article_publisher":"https:\/\/www.facebook.com\/ExaudiNews","article_author":"https:\/\/www.facebook.com\/ExaudiNoticias\/","article_published_time":"2023-09-13T13:58:16+00:00","article_modified_time":"2023-09-13T14:08:12+00:00","og_image":[{"width":900,"height":500,"url":"https:\/\/exaudi.org\/wp-content\/uploads\/2023\/09\/img-900x500-1.jpg","type":"image\/jpeg"}],"author":"Exaudi Redacci\u00f3n","twitter_card":"summary_large_image","twitter_creator":"@Exaudi_noticias","twitter_site":"@Exaudi_News","twitter_misc":{"Escrito por":"Exaudi Redacci\u00f3n","Tiempo de lectura":"5 minutos"},"schema":{"@context":"https:\/\/schema.org","@graph":[{"@type":"Article","@id":"https:\/\/exaudi.org\/es\/reflexiones-de-monsenor-oscar-ojea-sobre-este-tiempo-particular-de-la-argentina\/#article","isPartOf":{"@id":"https:\/\/exaudi.org\/es\/reflexiones-de-monsenor-oscar-ojea-sobre-este-tiempo-particular-de-la-argentina\/"},"author":{"name":"Exaudi Redacci\u00f3n","@id":"https:\/\/exaudi.org\/#\/schema\/person\/f5fc8f063065e38742da7afe15f25df7"},"headline":"Reflexiones de monse\u00f1or Oscar Ojea sobre este tiempo particular de la Argentina","datePublished":"2023-09-13T13:58:16+00:00","dateModified":"2023-09-13T14:08:12+00:00","mainEntityOfPage":{"@id":"https:\/\/exaudi.org\/es\/reflexiones-de-monsenor-oscar-ojea-sobre-este-tiempo-particular-de-la-argentina\/"},"wordCount":1032,"image":{"@id":"https:\/\/exaudi.org\/es\/reflexiones-de-monsenor-oscar-ojea-sobre-este-tiempo-particular-de-la-argentina\/#primaryimage"},"thumbnailUrl":"https:\/\/exaudi.org\/wp-content\/uploads\/2023\/09\/img-900x500-1.jpg","keywords":["Arginina","Conferencia Episcopal Argentina (CEA)","Monse\u00f1or Oscar Ojea","Trending"],"articleSection":["Entrevistas","Iglesia y Mundo"],"inLanguage":"es"},{"@type":"WebPage","@id":"https:\/\/exaudi.org\/es\/reflexiones-de-monsenor-oscar-ojea-sobre-este-tiempo-particular-de-la-argentina\/","url":"https:\/\/exaudi.org\/es\/reflexiones-de-monsenor-oscar-ojea-sobre-este-tiempo-particular-de-la-argentina\/","name":"Reflexiones de monse\u00f1or Oscar Ojea sobre este tiempo particular de la Argentina &#8211; Exaudi","isPartOf":{"@id":"https:\/\/exaudi.org\/#website"},"primaryImageOfPage":{"@id":"https:\/\/exaudi.org\/es\/reflexiones-de-monsenor-oscar-ojea-sobre-este-tiempo-particular-de-la-argentina\/#primaryimage"},"image":{"@id":"https:\/\/exaudi.org\/es\/reflexiones-de-monsenor-oscar-ojea-sobre-este-tiempo-particular-de-la-argentina\/#primaryimage"},"thumbnailUrl":"https:\/\/exaudi.org\/wp-content\/uploads\/2023\/09\/img-900x500-1.jpg","datePublished":"2023-09-13T13:58:16+00:00","dateModified":"2023-09-13T14:08:12+00:00","author":{"@id":"https:\/\/exaudi.org\/#\/schema\/person\/f5fc8f063065e38742da7afe15f25df7"},"breadcrumb":{"@id":"https:\/\/exaudi.org\/es\/reflexiones-de-monsenor-oscar-ojea-sobre-este-tiempo-particular-de-la-argentina\/#breadcrumb"},"inLanguage":"es","potentialAction":[{"@type":"ReadAction","target":["https:\/\/exaudi.org\/es\/reflexiones-de-monsenor-oscar-ojea-sobre-este-tiempo-particular-de-la-argentina\/"]}]},{"@type":"ImageObject","inLanguage":"es","@id":"https:\/\/exaudi.org\/es\/reflexiones-de-monsenor-oscar-ojea-sobre-este-tiempo-particular-de-la-argentina\/#primaryimage","url":"https:\/\/exaudi.org\/wp-content\/uploads\/2023\/09\/img-900x500-1.jpg","contentUrl":"https:\/\/exaudi.org\/wp-content\/uploads\/2023\/09\/img-900x500-1.jpg","width":900,"height":500},{"@type":"BreadcrumbList","@id":"https:\/\/exaudi.org\/es\/reflexiones-de-monsenor-oscar-ojea-sobre-este-tiempo-particular-de-la-argentina\/#breadcrumb","itemListElement":[{"@type":"ListItem","position":1,"name":"Portada","item":"https:\/\/exaudi.org\/es\/"},{"@type":"ListItem","position":2,"name":"Reflexiones de monse\u00f1or Oscar Ojea sobre este tiempo particular de la Argentina"}]},{"@type":"WebSite","@id":"https:\/\/exaudi.org\/#website","url":"https:\/\/exaudi.org\/","name":"Exaudi","description":"News","potentialAction":[{"@type":"SearchAction","target":{"@type":"EntryPoint","urlTemplate":"https:\/\/exaudi.org\/?s={search_term_string}"},"query-input":{"@type":"PropertyValueSpecification","valueRequired":true,"valueName":"search_term_string"}}],"inLanguage":"es"},{"@type":"Person","@id":"https:\/\/exaudi.org\/#\/schema\/person\/f5fc8f063065e38742da7afe15f25df7","name":"Exaudi Redacci\u00f3n","image":{"@type":"ImageObject","inLanguage":"es","@id":"https:\/\/secure.gravatar.com\/avatar\/fe0f6a059fb68d9b3e11bc5850dd4899b1c7492091a3cb6dd9b01b56ad828be2?s=96&d=mm&r=g","url":"https:\/\/secure.gravatar.com\/avatar\/fe0f6a059fb68d9b3e11bc5850dd4899b1c7492091a3cb6dd9b01b56ad828be2?s=96&d=mm&r=g","contentUrl":"https:\/\/secure.gravatar.com\/avatar\/fe0f6a059fb68d9b3e11bc5850dd4899b1c7492091a3cb6dd9b01b56ad828be2?s=96&d=mm&r=g","caption":"Exaudi Redacci\u00f3n"},"description":"\u00bfQu\u00e9 es Exaudi News? Exaudi News es un medio de comunicaci\u00f3n cat\u00f3lico internacional que informa, forma y transforma, diariamente en espa\u00f1ol, ingl\u00e9s e italiano. A trav\u00e9s de noticias, art\u00edculos de an\u00e1lisis y transmisiones en directo de los eventos del Papa, Exaudi busca fortalecer la unidad de los cristianos y contribuir a la evangelizaci\u00f3n del mundo, siempre guiados por la doctrina social de la Iglesia. Trabajamos para acercar la verdad y los valores cristianos a cada rinc\u00f3n del planeta. \u00a1Ay\u00fadanos a transformar el mundo con Exaudi! En Exaudi creemos que la evangelizaci\u00f3n y la informaci\u00f3n de calidad pueden cambiar vidas. Para continuar con nuestra misi\u00f3n y expandir nuestro alcance, necesitamos tu ayuda. Adem\u00e1s, buscamos personas comprometidas que deseen unirse a nuestro equipo. Con tu apoyo, lograremos llegar a m\u00e1s personas, difundir el mensaje de Cristo y reforzar la unidad de los cristianos. \u00bfTe unes a nuestra misi\u00f3n? Para m\u00e1s informaci\u00f3n sobre c\u00f3mo colaborar, visita Exaudi.org\/es o cont\u00e1ctanos directamente: info@exaudi.org Exaudi: Informa, forma y transforma.","sameAs":["https:\/\/www.facebook.com\/ExaudiNoticias\/","https:\/\/www.instagram.com\/exaudi_noticias\/","https:\/\/x.com\/Exaudi_noticias","https:\/\/www.youtube.com\/@exaudicatholicnews"],"url":"https:\/\/exaudi.org\/es\/author\/redaccionexaudi\/"}]}},"jetpack_featured_media_url":"https:\/\/exaudi.org\/wp-content\/uploads\/2023\/09\/img-900x500-1.jpg","jetpack_shortlink":"https:\/\/wp.me\/pgKjF2-lI7","_links":{"self":[{"href":"https:\/\/exaudi.org\/es\/wp-json\/wp\/v2\/posts\/83459","targetHints":{"allow":["GET"]}}],"collection":[{"href":"https:\/\/exaudi.org\/es\/wp-json\/wp\/v2\/posts"}],"about":[{"href":"https:\/\/exaudi.org\/es\/wp-json\/wp\/v2\/types\/post"}],"author":[{"embeddable":true,"href":"https:\/\/exaudi.org\/es\/wp-json\/wp\/v2\/users\/15"}],"replies":[{"embeddable":true,"href":"https:\/\/exaudi.org\/es\/wp-json\/wp\/v2\/comments?post=83459"}],"version-history":[{"count":0,"href":"https:\/\/exaudi.org\/es\/wp-json\/wp\/v2\/posts\/83459\/revisions"}],"wp:featuredmedia":[{"embeddable":true,"href":"https:\/\/exaudi.org\/es\/wp-json\/wp\/v2\/media\/83460"}],"wp:attachment":[{"href":"https:\/\/exaudi.org\/es\/wp-json\/wp\/v2\/media?parent=83459"}],"wp:term":[{"taxonomy":"category","embeddable":true,"href":"https:\/\/exaudi.org\/es\/wp-json\/wp\/v2\/categories?post=83459"},{"taxonomy":"post_tag","embeddable":true,"href":"https:\/\/exaudi.org\/es\/wp-json\/wp\/v2\/tags?post=83459"}],"curies":[{"name":"wp","href":"https:\/\/api.w.org\/{rel}","templated":true}]}}