{"id":83380,"date":"2023-08-10T16:05:11","date_gmt":"2023-08-10T14:05:11","guid":{"rendered":"https:\/\/exaudi.org\/?p=83380"},"modified":"2023-09-12T16:07:31","modified_gmt":"2023-09-12T14:07:31","slug":"cuatro-analisis-sobre-la-jmj-de-lisboa","status":"publish","type":"post","link":"https:\/\/exaudi.org\/es\/cuatro-analisis-sobre-la-jmj-de-lisboa\/","title":{"rendered":"Cuatro an\u00e1lisis sobre la JMJ de Lisboa"},"content":{"rendered":"<audio class=\"wp-audio-shortcode\" id=\"audio-83380-1\" preload=\"none\" style=\"width: 100%;\" controls=\"controls\"><source type=\"audio\/mpeg\" src=\"https:\/\/exaudi.org\/wp-content\/uploads\/2023\/09\/ttsmaker-file-2023-9-12-16-4-40.mp3?_=1\" \/><a href=\"https:\/\/exaudi.org\/wp-content\/uploads\/2023\/09\/ttsmaker-file-2023-9-12-16-4-40.mp3\">https:\/\/exaudi.org\/wp-content\/uploads\/2023\/09\/ttsmaker-file-2023-9-12-16-4-40.mp3<\/a><\/audio>\n<p>Este 6 de agosto de 2023 concluy\u00f3 la <strong>XXXVII Jornada de la Juventud (JMJ) en Lisboa<\/strong>. La Eucarist\u00eda en el Parque Tejo, donde el Papa anunci\u00f3 que la pr\u00f3xima JMJ en 2027 ser\u00e1 en Se\u00fal (Corea del Sur), as\u00ed como el encuentro del Papa con los voluntarios y la ceremonia de despedida, constituyen la agenda del \u00faltimo d\u00eda en la capital portuguesa.<\/p>\n<p><strong>\u00bfQu\u00e9 ha representado esta JMJ para la Iglesia latinoamericana y caribe\u00f1a, as\u00ed como para el proceso sinodal de la Iglesia universal?<\/strong>\u00a0Un pastoralista, un cantautor \u00a0cat\u00f3lico y dos periodistas analizan lo que ha representado este encuentro mundial de las juventudes cat\u00f3licas.<\/p>\n<h3><strong>Participaci\u00f3n masiva y expresiva<\/strong><\/h3>\n<p>Para el Padre Fabio Antunes do Nascimento, Secretario Adscrito a la Secretar\u00eda General del Consejo Episcopal Latinoamericano (Celam), quien tambi\u00e9n hace coordina el Equipo Latinoamericano y Caribe\u00f1o de Pastoral Juvenil, \u201c<strong>este evento fue muy positivo para el trabajo que venimos realizando como Equipo Latinoamericano de Pastoral Juvenil<\/strong>\u201d.<\/p>\n<p>Concretamente, subraya que \u201cla participaci\u00f3n de los j\u00f3venes latinoamericanos fue masiva y expresiva\u201d, al tiempo que afirma que \u201cesto nos anima porque fortalece el camino que venimos haciendo como Iglesia en Am\u00e9rica Latina y abre los horizontes hacia el futuro:\u00a0<strong>consolidar el trabajo de la pastoral de la juventud en el continente, fortalecer los grupos y las bases<\/strong>, principalmente en la perspectiva de que los j\u00f3venes sean los primeros en vivir la Iglesia sinodal que nos pide el Papa Francisco\u201d.<\/p>\n<h3><strong>Un coraz\u00f3n lleno de esperanza<\/strong><\/h3>\n<p>El cantautor chileno Crist\u00f3bal Fones, por su parte, comenta que \u201cdespu\u00e9s de estos d\u00edas de compartir \u201cel coraz\u00f3n queda lleno de esperanza al ver que\u00a0<strong>la juventud no solo tiene fe sino deseos de que esta fe se traduzca en la vida y en compromisos concretos<\/strong>\u201d.<\/p>\n<p>\u201cNos volvemos a nuestros pa\u00edses llenos de desaf\u00edos y de m\u00fasica\u201d, contin\u00faa el jesuita, al asegurar que se siente \u201c<strong>privilegiado como latinoamericano de poder transmitir el Evangelio en notas musicales<\/strong>, en canciones, que son, en el fondo, una excusa para el encuentro y para formar comunidad\u201d.<\/p>\n<p>\u00bfCu\u00e1l es su mensaje para los j\u00f3venes? \u201cQue\u00a0<strong>vuelva a sus comunidades con todo lo vivido en la JMJ para compartirlo y repartirlo<\/strong>, como el pan, para que no se quede en nosotros de modo ego\u00edsta, sino que pueda alimentar a muchas otras personas, a muchos j\u00f3venes solos, tristes, que nos necesitan, de modo que espero que el fuego que hemos vivido aqu\u00ed lo podamos expandir en muchos otros lugares\u201d.<\/p>\n<h3><strong>Vivir la alegr\u00eda del Evangelio<\/strong><\/h3>\n<p>Por su parte, el P. Johan Pacheco, jefe de redacci\u00f3n de Vatican News en espa\u00f1ol, destaca que \u201cesta JMJ nos ha permitido encontrarnos con el Papa Francisco y vivir la alegr\u00eda del evangelio (\u2026)\u00a0<strong>dando testimonio de la misericordia del Se\u00f1or<\/strong>\u201d.<\/p>\n<p>Al palpar desde los primeros d\u00edas la alegr\u00eda de los j\u00f3venes, el sacerdote comunicador subraya que \u201cpudimos sentirnos parte de esa Iglesia viva que camina en el s\u00ednodo\u201d. En cada encuentro del Papa con los j\u00f3venes, nos ha mostrado que\u00a0<strong>la Iglesia se acerca y es para todos \u201cporque Cristo abre sus brazos para abrazarnos y vivir en comuni\u00f3n<\/strong>\u201d.<\/p>\n<p>Para el P. Pacheco es muy significativo el tema mariano que se ha meditado durante la JMJ: \u201cMar\u00eda se levant\u00f3 y parti\u00f3 sin demora\u201d (Lc 1, 39). \u201cEstamos invitados a levantarnos e ir en camino, al encuentro de los dem\u00e1s, a\u00a0<strong>ser constructores de la paz y anunciar el Evangelio<\/strong>. Este es el sentido de la misa de env\u00edo que hemos vivido al clausurarse la JMJ\u201d, ha dicho.<\/p>\n<h3><strong>Tres novedades<\/strong><\/h3>\n<p>Desde el punto de vista del periodista ingl\u00e9s Austen Ivereigh, quien tambi\u00e9n es uno de los bi\u00f3grafos del Papa Francisco,\u00a0<strong>\u201cesta Jornada Mundial de la Juventud ha sido una de las m\u00e1s importantes que ha habido en muchos a\u00f1os\u201d<\/strong>.<\/p>\n<p>En su an\u00e1lisis, Ivereigh apunta que\u00a0<strong>esta JMJ ha tenido algunos elementos que otras no hab\u00edan considerado, y que son fundamentales en el pontificado de Francisco.\u00a0<\/strong>\u201cUno de ellos es la ecolog\u00eda integral\u201d, tem\u00e1tica que hac\u00eda parte de las catequesis.<\/p>\n<p>Otro elemento clave ha sido\u00a0<strong>el m\u00e9todo sinodal que se utiliz\u00f3 en las catequesis<\/strong>. \u201cAnteriormente era el obispo el que hablaba a los j\u00f3venes, ahora comienza con un di\u00e1logo entre los j\u00f3venes, buscando escuchar al Esp\u00edritu, y el obispo responde a lo que suscita estos di\u00e1logos\u201d.<\/p>\n<p>El tercer elemento sugestivo ha sido el componente interreligioso y ecum\u00e9nico de esta JMJ. \u201cPor ejemplo, la noche del viernes se realiz\u00f3 una actividad en la que participaron grupos cat\u00f3licos carism\u00e1ticos y grupos evang\u00e9licos. Y\u00a0<strong>esto refuerza el mensaje del Papa de que \u2018la Iglesia es de todos\u2019, que tambi\u00e9n es el tema del s\u00ednodo<\/strong>\u201d.<\/p>\n<p>\u201c<strong>La Iglesia del futuro debe ser la de la escucha<\/strong>, antes que hablar, [la Iglesia necesita] escuchar\u201d, concluye el periodista ingl\u00e9s.<\/p>\n<p><em>\u00d3scar Elizalde &#8211; ADN Celam<\/em><\/p>\n","protected":false},"excerpt":{"rendered":"<p>Este 6 de agosto de 2023 concluy\u00f3 la XXXVII Jornada de la Juventud (JMJ) en Lisboa. La Eucarist\u00eda en el Parque Tejo, donde el Papa anunci\u00f3 que la pr\u00f3xima JMJ en 2027 ser\u00e1 en Se\u00fal (Corea del Sur), as\u00ed como el encuentro del Papa con los voluntarios y la ceremonia de despedida, constituyen la agenda [&hellip;]<\/p>\n","protected":false},"author":15,"featured_media":83381,"comment_status":"closed","ping_status":"closed","sticky":false,"template":"","format":"standard","meta":{"_acf_changed":false,"_crdt_document":"","inline_featured_image":false,"footnotes":""},"categories":[74,154],"tags":[7351,7352,3527],"class_list":["post-83380","post","type-post","status-publish","format-standard","has-post-thumbnail","hentry","category-iglesia-y-mundo","category-jmj","tag-jmj","tag-jmj-lisboa-2023","tag-lisboa-es"],"acf":[],"yoast_head":"<!-- This site is optimized with the Yoast SEO plugin v27.4 - https:\/\/yoast.com\/product\/yoast-seo-wordpress\/ -->\n<title>Cuatro an\u00e1lisis sobre la JMJ de Lisboa &#8211; Exaudi<\/title>\n<meta name=\"robots\" content=\"index, follow, max-snippet:-1, max-image-preview:large, max-video-preview:-1\" \/>\n<link rel=\"canonical\" href=\"https:\/\/exaudi.org\/es\/cuatro-analisis-sobre-la-jmj-de-lisboa\/\" \/>\n<meta property=\"og:locale\" content=\"es_ES\" \/>\n<meta property=\"og:type\" content=\"article\" \/>\n<meta property=\"og:title\" content=\"Cuatro an\u00e1lisis sobre la JMJ de Lisboa &#8211; Exaudi\" \/>\n<meta property=\"og:description\" content=\"Este 6 de agosto de 2023 concluy\u00f3 la XXXVII Jornada de la Juventud (JMJ) en Lisboa. La Eucarist\u00eda en el Parque Tejo, donde el Papa anunci\u00f3 que la pr\u00f3xima JMJ en 2027 ser\u00e1 en Se\u00fal (Corea del Sur), as\u00ed como el encuentro del Papa con los voluntarios y la ceremonia de despedida, constituyen la agenda [&hellip;]\" \/>\n<meta property=\"og:url\" content=\"https:\/\/exaudi.org\/es\/cuatro-analisis-sobre-la-jmj-de-lisboa\/\" \/>\n<meta property=\"og:site_name\" content=\"Exaudi\" \/>\n<meta property=\"article:publisher\" content=\"https:\/\/www.facebook.com\/ExaudiNews\" \/>\n<meta property=\"article:author\" content=\"https:\/\/www.facebook.com\/ExaudiNoticias\/\" \/>\n<meta property=\"article:published_time\" content=\"2023-08-10T14:05:11+00:00\" \/>\n<meta property=\"article:modified_time\" content=\"2023-09-12T14:07:31+00:00\" \/>\n<meta property=\"og:image\" content=\"https:\/\/exaudi.org\/wp-content\/uploads\/2023\/09\/cq5dam.thumbnail.cropped.1500.844-1.jpeg\" \/>\n\t<meta property=\"og:image:width\" content=\"1500\" \/>\n\t<meta property=\"og:image:height\" content=\"844\" \/>\n\t<meta property=\"og:image:type\" content=\"image\/jpeg\" \/>\n<meta name=\"author\" content=\"Exaudi Redacci\u00f3n\" \/>\n<meta name=\"twitter:card\" content=\"summary_large_image\" \/>\n<meta name=\"twitter:creator\" content=\"@Exaudi_noticias\" \/>\n<meta name=\"twitter:site\" content=\"@Exaudi_News\" \/>\n<meta name=\"twitter:label1\" content=\"Escrito por\" \/>\n\t<meta name=\"twitter:data1\" content=\"Exaudi Redacci\u00f3n\" \/>\n\t<meta name=\"twitter:label2\" content=\"Tiempo de lectura\" \/>\n\t<meta name=\"twitter:data2\" content=\"4 minutos\" \/>\n<script type=\"application\/ld+json\" class=\"yoast-schema-graph\">{\"@context\":\"https:\\\/\\\/schema.org\",\"@graph\":[{\"@type\":\"Article\",\"@id\":\"https:\\\/\\\/exaudi.org\\\/es\\\/cuatro-analisis-sobre-la-jmj-de-lisboa\\\/#article\",\"isPartOf\":{\"@id\":\"https:\\\/\\\/exaudi.org\\\/es\\\/cuatro-analisis-sobre-la-jmj-de-lisboa\\\/\"},\"author\":{\"name\":\"Exaudi Redacci\u00f3n\",\"@id\":\"https:\\\/\\\/exaudi.org\\\/#\\\/schema\\\/person\\\/f5fc8f063065e38742da7afe15f25df7\"},\"headline\":\"Cuatro an\u00e1lisis sobre la JMJ de Lisboa\",\"datePublished\":\"2023-08-10T14:05:11+00:00\",\"dateModified\":\"2023-09-12T14:07:31+00:00\",\"mainEntityOfPage\":{\"@id\":\"https:\\\/\\\/exaudi.org\\\/es\\\/cuatro-analisis-sobre-la-jmj-de-lisboa\\\/\"},\"wordCount\":864,\"image\":{\"@id\":\"https:\\\/\\\/exaudi.org\\\/es\\\/cuatro-analisis-sobre-la-jmj-de-lisboa\\\/#primaryimage\"},\"thumbnailUrl\":\"https:\\\/\\\/exaudi.org\\\/wp-content\\\/uploads\\\/2023\\\/09\\\/cq5dam.thumbnail.cropped.1500.844-1.jpeg\",\"keywords\":[\"JMJ\",\"JMJ Lisboa 2023\",\"lisboa\"],\"articleSection\":[\"Iglesia y Mundo\",\"JMJ\"],\"inLanguage\":\"es\"},{\"@type\":\"WebPage\",\"@id\":\"https:\\\/\\\/exaudi.org\\\/es\\\/cuatro-analisis-sobre-la-jmj-de-lisboa\\\/\",\"url\":\"https:\\\/\\\/exaudi.org\\\/es\\\/cuatro-analisis-sobre-la-jmj-de-lisboa\\\/\",\"name\":\"Cuatro an\u00e1lisis sobre la JMJ de Lisboa &#8211; Exaudi\",\"isPartOf\":{\"@id\":\"https:\\\/\\\/exaudi.org\\\/#website\"},\"primaryImageOfPage\":{\"@id\":\"https:\\\/\\\/exaudi.org\\\/es\\\/cuatro-analisis-sobre-la-jmj-de-lisboa\\\/#primaryimage\"},\"image\":{\"@id\":\"https:\\\/\\\/exaudi.org\\\/es\\\/cuatro-analisis-sobre-la-jmj-de-lisboa\\\/#primaryimage\"},\"thumbnailUrl\":\"https:\\\/\\\/exaudi.org\\\/wp-content\\\/uploads\\\/2023\\\/09\\\/cq5dam.thumbnail.cropped.1500.844-1.jpeg\",\"datePublished\":\"2023-08-10T14:05:11+00:00\",\"dateModified\":\"2023-09-12T14:07:31+00:00\",\"author\":{\"@id\":\"https:\\\/\\\/exaudi.org\\\/#\\\/schema\\\/person\\\/f5fc8f063065e38742da7afe15f25df7\"},\"breadcrumb\":{\"@id\":\"https:\\\/\\\/exaudi.org\\\/es\\\/cuatro-analisis-sobre-la-jmj-de-lisboa\\\/#breadcrumb\"},\"inLanguage\":\"es\",\"potentialAction\":[{\"@type\":\"ReadAction\",\"target\":[\"https:\\\/\\\/exaudi.org\\\/es\\\/cuatro-analisis-sobre-la-jmj-de-lisboa\\\/\"]}]},{\"@type\":\"ImageObject\",\"inLanguage\":\"es\",\"@id\":\"https:\\\/\\\/exaudi.org\\\/es\\\/cuatro-analisis-sobre-la-jmj-de-lisboa\\\/#primaryimage\",\"url\":\"https:\\\/\\\/exaudi.org\\\/wp-content\\\/uploads\\\/2023\\\/09\\\/cq5dam.thumbnail.cropped.1500.844-1.jpeg\",\"contentUrl\":\"https:\\\/\\\/exaudi.org\\\/wp-content\\\/uploads\\\/2023\\\/09\\\/cq5dam.thumbnail.cropped.1500.844-1.jpeg\",\"width\":1500,\"height\":844},{\"@type\":\"BreadcrumbList\",\"@id\":\"https:\\\/\\\/exaudi.org\\\/es\\\/cuatro-analisis-sobre-la-jmj-de-lisboa\\\/#breadcrumb\",\"itemListElement\":[{\"@type\":\"ListItem\",\"position\":1,\"name\":\"Portada\",\"item\":\"https:\\\/\\\/exaudi.org\\\/es\\\/\"},{\"@type\":\"ListItem\",\"position\":2,\"name\":\"Cuatro an\u00e1lisis sobre la JMJ de Lisboa\"}]},{\"@type\":\"WebSite\",\"@id\":\"https:\\\/\\\/exaudi.org\\\/#website\",\"url\":\"https:\\\/\\\/exaudi.org\\\/\",\"name\":\"Exaudi\",\"description\":\"News\",\"potentialAction\":[{\"@type\":\"SearchAction\",\"target\":{\"@type\":\"EntryPoint\",\"urlTemplate\":\"https:\\\/\\\/exaudi.org\\\/?s={search_term_string}\"},\"query-input\":{\"@type\":\"PropertyValueSpecification\",\"valueRequired\":true,\"valueName\":\"search_term_string\"}}],\"inLanguage\":\"es\"},{\"@type\":\"Person\",\"@id\":\"https:\\\/\\\/exaudi.org\\\/#\\\/schema\\\/person\\\/f5fc8f063065e38742da7afe15f25df7\",\"name\":\"Exaudi Redacci\u00f3n\",\"image\":{\"@type\":\"ImageObject\",\"inLanguage\":\"es\",\"@id\":\"https:\\\/\\\/secure.gravatar.com\\\/avatar\\\/fe0f6a059fb68d9b3e11bc5850dd4899b1c7492091a3cb6dd9b01b56ad828be2?s=96&d=mm&r=g\",\"url\":\"https:\\\/\\\/secure.gravatar.com\\\/avatar\\\/fe0f6a059fb68d9b3e11bc5850dd4899b1c7492091a3cb6dd9b01b56ad828be2?s=96&d=mm&r=g\",\"contentUrl\":\"https:\\\/\\\/secure.gravatar.com\\\/avatar\\\/fe0f6a059fb68d9b3e11bc5850dd4899b1c7492091a3cb6dd9b01b56ad828be2?s=96&d=mm&r=g\",\"caption\":\"Exaudi Redacci\u00f3n\"},\"description\":\"\u00bfQu\u00e9 es Exaudi News? Exaudi News es un medio de comunicaci\u00f3n cat\u00f3lico internacional que informa, forma y transforma, diariamente en espa\u00f1ol, ingl\u00e9s e italiano. A trav\u00e9s de noticias, art\u00edculos de an\u00e1lisis y transmisiones en directo de los eventos del Papa, Exaudi busca fortalecer la unidad de los cristianos y contribuir a la evangelizaci\u00f3n del mundo, siempre guiados por la doctrina social de la Iglesia. Trabajamos para acercar la verdad y los valores cristianos a cada rinc\u00f3n del planeta. \u00a1Ay\u00fadanos a transformar el mundo con Exaudi! En Exaudi creemos que la evangelizaci\u00f3n y la informaci\u00f3n de calidad pueden cambiar vidas. Para continuar con nuestra misi\u00f3n y expandir nuestro alcance, necesitamos tu ayuda. Adem\u00e1s, buscamos personas comprometidas que deseen unirse a nuestro equipo. Con tu apoyo, lograremos llegar a m\u00e1s personas, difundir el mensaje de Cristo y reforzar la unidad de los cristianos. \u00bfTe unes a nuestra misi\u00f3n? Para m\u00e1s informaci\u00f3n sobre c\u00f3mo colaborar, visita Exaudi.org\\\/es o cont\u00e1ctanos directamente: info@exaudi.org Exaudi: Informa, forma y transforma.\",\"sameAs\":[\"https:\\\/\\\/www.facebook.com\\\/ExaudiNoticias\\\/\",\"https:\\\/\\\/www.instagram.com\\\/exaudi_noticias\\\/\",\"https:\\\/\\\/x.com\\\/Exaudi_noticias\",\"https:\\\/\\\/www.youtube.com\\\/@exaudicatholicnews\"],\"url\":\"https:\\\/\\\/exaudi.org\\\/es\\\/author\\\/redaccionexaudi\\\/\"}]}<\/script>\n<!-- \/ Yoast SEO plugin. -->","yoast_head_json":{"title":"Cuatro an\u00e1lisis sobre la JMJ de Lisboa &#8211; Exaudi","robots":{"index":"index","follow":"follow","max-snippet":"max-snippet:-1","max-image-preview":"max-image-preview:large","max-video-preview":"max-video-preview:-1"},"canonical":"https:\/\/exaudi.org\/es\/cuatro-analisis-sobre-la-jmj-de-lisboa\/","og_locale":"es_ES","og_type":"article","og_title":"Cuatro an\u00e1lisis sobre la JMJ de Lisboa &#8211; Exaudi","og_description":"Este 6 de agosto de 2023 concluy\u00f3 la XXXVII Jornada de la Juventud (JMJ) en Lisboa. La Eucarist\u00eda en el Parque Tejo, donde el Papa anunci\u00f3 que la pr\u00f3xima JMJ en 2027 ser\u00e1 en Se\u00fal (Corea del Sur), as\u00ed como el encuentro del Papa con los voluntarios y la ceremonia de despedida, constituyen la agenda [&hellip;]","og_url":"https:\/\/exaudi.org\/es\/cuatro-analisis-sobre-la-jmj-de-lisboa\/","og_site_name":"Exaudi","article_publisher":"https:\/\/www.facebook.com\/ExaudiNews","article_author":"https:\/\/www.facebook.com\/ExaudiNoticias\/","article_published_time":"2023-08-10T14:05:11+00:00","article_modified_time":"2023-09-12T14:07:31+00:00","og_image":[{"width":1500,"height":844,"url":"https:\/\/exaudi.org\/wp-content\/uploads\/2023\/09\/cq5dam.thumbnail.cropped.1500.844-1.jpeg","type":"image\/jpeg"}],"author":"Exaudi Redacci\u00f3n","twitter_card":"summary_large_image","twitter_creator":"@Exaudi_noticias","twitter_site":"@Exaudi_News","twitter_misc":{"Escrito por":"Exaudi Redacci\u00f3n","Tiempo de lectura":"4 minutos"},"schema":{"@context":"https:\/\/schema.org","@graph":[{"@type":"Article","@id":"https:\/\/exaudi.org\/es\/cuatro-analisis-sobre-la-jmj-de-lisboa\/#article","isPartOf":{"@id":"https:\/\/exaudi.org\/es\/cuatro-analisis-sobre-la-jmj-de-lisboa\/"},"author":{"name":"Exaudi Redacci\u00f3n","@id":"https:\/\/exaudi.org\/#\/schema\/person\/f5fc8f063065e38742da7afe15f25df7"},"headline":"Cuatro an\u00e1lisis sobre la JMJ de Lisboa","datePublished":"2023-08-10T14:05:11+00:00","dateModified":"2023-09-12T14:07:31+00:00","mainEntityOfPage":{"@id":"https:\/\/exaudi.org\/es\/cuatro-analisis-sobre-la-jmj-de-lisboa\/"},"wordCount":864,"image":{"@id":"https:\/\/exaudi.org\/es\/cuatro-analisis-sobre-la-jmj-de-lisboa\/#primaryimage"},"thumbnailUrl":"https:\/\/exaudi.org\/wp-content\/uploads\/2023\/09\/cq5dam.thumbnail.cropped.1500.844-1.jpeg","keywords":["JMJ","JMJ Lisboa 2023","lisboa"],"articleSection":["Iglesia y Mundo","JMJ"],"inLanguage":"es"},{"@type":"WebPage","@id":"https:\/\/exaudi.org\/es\/cuatro-analisis-sobre-la-jmj-de-lisboa\/","url":"https:\/\/exaudi.org\/es\/cuatro-analisis-sobre-la-jmj-de-lisboa\/","name":"Cuatro an\u00e1lisis sobre la JMJ de Lisboa &#8211; Exaudi","isPartOf":{"@id":"https:\/\/exaudi.org\/#website"},"primaryImageOfPage":{"@id":"https:\/\/exaudi.org\/es\/cuatro-analisis-sobre-la-jmj-de-lisboa\/#primaryimage"},"image":{"@id":"https:\/\/exaudi.org\/es\/cuatro-analisis-sobre-la-jmj-de-lisboa\/#primaryimage"},"thumbnailUrl":"https:\/\/exaudi.org\/wp-content\/uploads\/2023\/09\/cq5dam.thumbnail.cropped.1500.844-1.jpeg","datePublished":"2023-08-10T14:05:11+00:00","dateModified":"2023-09-12T14:07:31+00:00","author":{"@id":"https:\/\/exaudi.org\/#\/schema\/person\/f5fc8f063065e38742da7afe15f25df7"},"breadcrumb":{"@id":"https:\/\/exaudi.org\/es\/cuatro-analisis-sobre-la-jmj-de-lisboa\/#breadcrumb"},"inLanguage":"es","potentialAction":[{"@type":"ReadAction","target":["https:\/\/exaudi.org\/es\/cuatro-analisis-sobre-la-jmj-de-lisboa\/"]}]},{"@type":"ImageObject","inLanguage":"es","@id":"https:\/\/exaudi.org\/es\/cuatro-analisis-sobre-la-jmj-de-lisboa\/#primaryimage","url":"https:\/\/exaudi.org\/wp-content\/uploads\/2023\/09\/cq5dam.thumbnail.cropped.1500.844-1.jpeg","contentUrl":"https:\/\/exaudi.org\/wp-content\/uploads\/2023\/09\/cq5dam.thumbnail.cropped.1500.844-1.jpeg","width":1500,"height":844},{"@type":"BreadcrumbList","@id":"https:\/\/exaudi.org\/es\/cuatro-analisis-sobre-la-jmj-de-lisboa\/#breadcrumb","itemListElement":[{"@type":"ListItem","position":1,"name":"Portada","item":"https:\/\/exaudi.org\/es\/"},{"@type":"ListItem","position":2,"name":"Cuatro an\u00e1lisis sobre la JMJ de Lisboa"}]},{"@type":"WebSite","@id":"https:\/\/exaudi.org\/#website","url":"https:\/\/exaudi.org\/","name":"Exaudi","description":"News","potentialAction":[{"@type":"SearchAction","target":{"@type":"EntryPoint","urlTemplate":"https:\/\/exaudi.org\/?s={search_term_string}"},"query-input":{"@type":"PropertyValueSpecification","valueRequired":true,"valueName":"search_term_string"}}],"inLanguage":"es"},{"@type":"Person","@id":"https:\/\/exaudi.org\/#\/schema\/person\/f5fc8f063065e38742da7afe15f25df7","name":"Exaudi Redacci\u00f3n","image":{"@type":"ImageObject","inLanguage":"es","@id":"https:\/\/secure.gravatar.com\/avatar\/fe0f6a059fb68d9b3e11bc5850dd4899b1c7492091a3cb6dd9b01b56ad828be2?s=96&d=mm&r=g","url":"https:\/\/secure.gravatar.com\/avatar\/fe0f6a059fb68d9b3e11bc5850dd4899b1c7492091a3cb6dd9b01b56ad828be2?s=96&d=mm&r=g","contentUrl":"https:\/\/secure.gravatar.com\/avatar\/fe0f6a059fb68d9b3e11bc5850dd4899b1c7492091a3cb6dd9b01b56ad828be2?s=96&d=mm&r=g","caption":"Exaudi Redacci\u00f3n"},"description":"\u00bfQu\u00e9 es Exaudi News? Exaudi News es un medio de comunicaci\u00f3n cat\u00f3lico internacional que informa, forma y transforma, diariamente en espa\u00f1ol, ingl\u00e9s e italiano. A trav\u00e9s de noticias, art\u00edculos de an\u00e1lisis y transmisiones en directo de los eventos del Papa, Exaudi busca fortalecer la unidad de los cristianos y contribuir a la evangelizaci\u00f3n del mundo, siempre guiados por la doctrina social de la Iglesia. Trabajamos para acercar la verdad y los valores cristianos a cada rinc\u00f3n del planeta. \u00a1Ay\u00fadanos a transformar el mundo con Exaudi! En Exaudi creemos que la evangelizaci\u00f3n y la informaci\u00f3n de calidad pueden cambiar vidas. Para continuar con nuestra misi\u00f3n y expandir nuestro alcance, necesitamos tu ayuda. Adem\u00e1s, buscamos personas comprometidas que deseen unirse a nuestro equipo. Con tu apoyo, lograremos llegar a m\u00e1s personas, difundir el mensaje de Cristo y reforzar la unidad de los cristianos. \u00bfTe unes a nuestra misi\u00f3n? Para m\u00e1s informaci\u00f3n sobre c\u00f3mo colaborar, visita Exaudi.org\/es o cont\u00e1ctanos directamente: info@exaudi.org Exaudi: Informa, forma y transforma.","sameAs":["https:\/\/www.facebook.com\/ExaudiNoticias\/","https:\/\/www.instagram.com\/exaudi_noticias\/","https:\/\/x.com\/Exaudi_noticias","https:\/\/www.youtube.com\/@exaudicatholicnews"],"url":"https:\/\/exaudi.org\/es\/author\/redaccionexaudi\/"}]}},"jetpack_featured_media_url":"https:\/\/exaudi.org\/wp-content\/uploads\/2023\/09\/cq5dam.thumbnail.cropped.1500.844-1.jpeg","jetpack_shortlink":"https:\/\/wp.me\/pgKjF2-lGQ","_links":{"self":[{"href":"https:\/\/exaudi.org\/es\/wp-json\/wp\/v2\/posts\/83380","targetHints":{"allow":["GET"]}}],"collection":[{"href":"https:\/\/exaudi.org\/es\/wp-json\/wp\/v2\/posts"}],"about":[{"href":"https:\/\/exaudi.org\/es\/wp-json\/wp\/v2\/types\/post"}],"author":[{"embeddable":true,"href":"https:\/\/exaudi.org\/es\/wp-json\/wp\/v2\/users\/15"}],"replies":[{"embeddable":true,"href":"https:\/\/exaudi.org\/es\/wp-json\/wp\/v2\/comments?post=83380"}],"version-history":[{"count":0,"href":"https:\/\/exaudi.org\/es\/wp-json\/wp\/v2\/posts\/83380\/revisions"}],"wp:featuredmedia":[{"embeddable":true,"href":"https:\/\/exaudi.org\/es\/wp-json\/wp\/v2\/media\/83381"}],"wp:attachment":[{"href":"https:\/\/exaudi.org\/es\/wp-json\/wp\/v2\/media?parent=83380"}],"wp:term":[{"taxonomy":"category","embeddable":true,"href":"https:\/\/exaudi.org\/es\/wp-json\/wp\/v2\/categories?post=83380"},{"taxonomy":"post_tag","embeddable":true,"href":"https:\/\/exaudi.org\/es\/wp-json\/wp\/v2\/tags?post=83380"}],"curies":[{"name":"wp","href":"https:\/\/api.w.org\/{rel}","templated":true}]}}