{"id":83346,"date":"2023-09-12T09:49:18","date_gmt":"2023-09-12T07:49:18","guid":{"rendered":"https:\/\/exaudi.org\/?p=83346"},"modified":"2023-09-12T09:57:31","modified_gmt":"2023-09-12T07:57:31","slug":"con-cinco-anos-senti-que-dios-me-miraba","status":"publish","type":"post","link":"https:\/\/exaudi.org\/es\/con-cinco-anos-senti-que-dios-me-miraba\/","title":{"rendered":"\u00abCon cinco a\u00f1os, sent\u00ed que Dios me miraba\u00bb"},"content":{"rendered":"<audio class=\"wp-audio-shortcode\" id=\"audio-83346-1\" preload=\"none\" style=\"width: 100%;\" controls=\"controls\"><source type=\"audio\/mpeg\" src=\"https:\/\/exaudi.org\/wp-content\/uploads\/2023\/09\/\u271d\ufe0f-MI-VOCACION-NACIO-VIENDO-A-CRISTO-CRUCIFICADO-David-seminarista-de-Guatemala-testimonio-128-kbps.mp3?_=1\" \/><a href=\"https:\/\/exaudi.org\/wp-content\/uploads\/2023\/09\/\u271d\ufe0f-MI-VOCACION-NACIO-VIENDO-A-CRISTO-CRUCIFICADO-David-seminarista-de-Guatemala-testimonio-128-kbps.mp3\">https:\/\/exaudi.org\/wp-content\/uploads\/2023\/09\/\u271d\ufe0f-MI-VOCACION-NACIO-VIENDO-A-CRISTO-CRUCIFICADO-David-seminarista-de-Guatemala-testimonio-128-kbps.mp3<\/a><\/audio>\n<p>Despu\u00e9s de una historia de mucha intimidad con Dios y de problemas para seguir en el seminario de su di\u00f3cesis, David se prepara en el seminario Bidasoa para ser sacerdote gracias a la Fundaci\u00f3n CARF.<\/p>\n<p>Desde joven, David, de la di\u00f3cesis de Escuintla (Guatemala), sinti\u00f3 una llamada especial del Se\u00f1or, sin saber qu\u00e9 era realmente. Su vocaci\u00f3n comenz\u00f3 a fraguarse en su familia. Con un t\u00edo sacerdote en el que se fijaba mucho, su abuela le ense\u00f1\u00f3 a rezar el rosario. Aprendi\u00f3 a tener mis ratos de conversaci\u00f3n con Dios. \u00abElla siempre dijo que yo ser\u00eda sacerdote. Los abuelos son un libro grande en donde se puede aprender muchas cosas y\u00a0<strong>son la base fundamental de una familia: sin ellos, las costumbres y tradiciones desaparecer\u00edan<\/strong>\u00bb.<\/p>\n<p>Con apenas cinco a\u00f1os, un d\u00eda, sentado en la parroquia de su t\u00edo, se qued\u00f3 observando el crucifijo del altar. \u00abSent\u00ed como el Se\u00f1or me miraba; as\u00ed que comenc\u00e9 a charlar con \u00c9l, y \u00bfsabes que fue lo mejor? que \u00c9l me respond\u00eda. Puede sonar como algo que me imagin\u00e9, pero para m\u00ed es algo real. Lo \u00fanico que me dec\u00eda era: \u201cMe duele, me duele\u201d y yo le preguntaba qu\u00e9 era lo que le dol\u00eda y \u00c9l solo me respond\u00eda: \u201cS\u00edgueme y lo veras\u201d\u00bb.<\/p>\n<h3 class=\"wp-block-heading\">El peque\u00f1o de cinco hermanos<\/h3>\n<p><strong>David es el m\u00e1s peque\u00f1o de cinco hermanos, una familia numerosa, algo que hoy en d\u00eda se ve como una locura.\u00a0<\/strong>\u00abMis padres siempre han trabajado mucho para darnos una formaci\u00f3n. Viv\u00edamos al d\u00eda, pero gracias a Dios nunca nos falt\u00f3 de nada. Mi padre es militar y mi madre siempre busc\u00f3 la manera de traer dinero a casa, ya fuera vendiendo helados hasta tener un sal\u00f3n de belleza, con el cual nos pag\u00f3 a todos los estudios. Mi madre siempre ha trabajado y a\u00fan lo hace.\u00a0<strong>Es una mujer excepcional. Es mi modelo de vida<\/strong>\u00bb.<\/p>\n<p><iframe loading=\"lazy\" title=\"\u271d\ufe0f MI VOCACI\u00d3N NACI\u00d3 VIENDO A CRISTO CRUCIFICADO - David, seminarista de #Guatemala #testimonio\" width=\"500\" height=\"281\" src=\"https:\/\/www.youtube.com\/embed\/l9FFJmn-cTs?feature=oembed\" frameborder=\"0\" allow=\"accelerometer; autoplay; clipboard-write; encrypted-media; gyroscope; picture-in-picture; web-share\" referrerpolicy=\"strict-origin-when-cross-origin\" allowfullscreen><\/iframe><\/p>\n<blockquote>\n<h4 id=\"headline-5-184597\" class=\"ct-headline et_pb_module_header\"><a id=\"span-6-184597\" class=\"ct-link-text\" href=\"https:\/\/fundacioncarf.org\/donar\/\" target=\"_self\" rel=\"noopener\"><span id=\"span-7-184597\" class=\"ct-span\">Ayuda a formar seminaristas y sacerdotes de Guatemala para servir a la Iglesia en todo el mundo. \u00a1Dona ahora!<\/span><\/a><\/h4>\n<\/blockquote>\n<h3 class=\"wp-block-heading\">\u00abMi madre se convirti\u00f3 al catolicismo\u00bb<\/h3>\n<p>Antes de casarse su madre era mormona. Se convirti\u00f3 al poco de conocer a su padre, practicando la fe de forma muy piadosa. Ense\u00f1\u00f3 a David a amar a Dios sobre todas las cosas y a tener una gran devoci\u00f3n a la Virgen Mar\u00eda. \u00abEn su sencillez y humildad, yo quise seguir al Se\u00f1or\u00bb.\u00a0Adem\u00e1s de la influencia en la vocaci\u00f3n de su hijo, su madre le ayud\u00f3 a comprender y aceptar cuando una de sus hermanas se hizo adventista.<\/p>\n<p><img loading=\"lazy\" decoding=\"async\" class=\"alignleft size-full wp-image-83353\" src=\"https:\/\/exaudi.org\/wp-content\/uploads\/2023\/09\/david2.jpg\" alt=\"\" width=\"1290\" height=\"738\" srcset=\"https:\/\/exaudi.org\/wp-content\/uploads\/2023\/09\/david2.jpg 1290w, https:\/\/exaudi.org\/wp-content\/uploads\/2023\/09\/david2-300x172.jpg 300w, https:\/\/exaudi.org\/wp-content\/uploads\/2023\/09\/david2-1024x586.jpg 1024w, https:\/\/exaudi.org\/wp-content\/uploads\/2023\/09\/david2-770x441.jpg 770w, https:\/\/exaudi.org\/wp-content\/uploads\/2023\/09\/david2-500x286.jpg 500w, https:\/\/exaudi.org\/wp-content\/uploads\/2023\/09\/david2-293x168.jpg 293w, https:\/\/exaudi.org\/wp-content\/uploads\/2023\/09\/david2-390x223.jpg 390w\" sizes=\"auto, (max-width: 1290px) 100vw, 1290px\" \/>La familia de David tambi\u00e9n ha pasado por momentos de Cruz que han sabido acoger con mucha fe. La segunda de los hermanos falleci\u00f3 con apenas tres meses de vida a causa de una enfermedad que en aquel momento no ten\u00eda curaci\u00f3n. Cada a\u00f1o, cuando se llega su cumplea\u00f1os, la recuerdan con especial cari\u00f1o y emoci\u00f3n. \u00abMi madre sigue entristeci\u00e9ndose, pero cree firmemente que es nuestro \u00e1ngel guardi\u00e1n y que nos cuida y nos reserva un lugar en el Cielo\u00bb.<\/p>\n<h3 class=\"wp-block-heading\">El itinerario de su vocaci\u00f3n<\/h3>\n<p>David entr\u00f3 el proped\u00e9utico (curso de discernimiento del seminario) en Guatemala cuando ten\u00eda 17 a\u00f1os. Luego, por cuestiones personales, decidi\u00f3 dejar el seminario y comenz\u00f3 a estudiar en la universidad la carrera de Ciencias Jur\u00eddicas y Sociales, acompa\u00f1ado espiritualmente por un sacerdote.<\/p>\n<p><img loading=\"lazy\" decoding=\"async\" class=\"size-full wp-image-83356 alignright\" src=\"https:\/\/exaudi.org\/wp-content\/uploads\/2023\/09\/david3.jpg\" alt=\"\" width=\"1290\" height=\"738\" srcset=\"https:\/\/exaudi.org\/wp-content\/uploads\/2023\/09\/david3.jpg 1290w, https:\/\/exaudi.org\/wp-content\/uploads\/2023\/09\/david3-300x172.jpg 300w, https:\/\/exaudi.org\/wp-content\/uploads\/2023\/09\/david3-1024x586.jpg 1024w, https:\/\/exaudi.org\/wp-content\/uploads\/2023\/09\/david3-770x441.jpg 770w, https:\/\/exaudi.org\/wp-content\/uploads\/2023\/09\/david3-500x286.jpg 500w, https:\/\/exaudi.org\/wp-content\/uploads\/2023\/09\/david3-293x168.jpg 293w, https:\/\/exaudi.org\/wp-content\/uploads\/2023\/09\/david3-390x223.jpg 390w\" sizes=\"auto, (max-width: 1290px) 100vw, 1290px\" \/>\u00abCuando el Se\u00f1or me volvi\u00f3 a llamar con m\u00e1s fuerza, lo dej\u00e9 todo y comenc\u00e9 a estudiar Filosof\u00eda en la\u00a0<a href=\"https:\/\/es.pusc.it\/\" target=\"_blank\" rel=\"noopener\" data-type=\"URL\" data-id=\"https:\/\/es.pusc.it\/\">Universidad Pontificia de la Santa Cruz<\/a>\u00a0en Roma. Despu\u00e9s, regres\u00e9 a Guatemala y estuve trabajando en el Tribunal Eclesi\u00e1stico. Fue entonces cuando mi obispo decidi\u00f3 que deb\u00eda continuar los estudios teol\u00f3gicos y llegu\u00e9 a Espa\u00f1a, a Pamplona, en 2021. El Se\u00f1or es el que gu\u00eda mi camino y \u00c9l decide c\u00f3mo se realiza y c\u00f3mo finalizar\u00e1. Estoy en sus manos\u00bb.<\/p>\n<h3 class=\"wp-block-heading\">El sacerdote del siglo XXI<\/h3>\n<p>Ante un mundo secularizado y con escasez de vocaciones, David cree que el sacerdote tiene que ser una persona bien preparada, que conozca y sepa de Teolog\u00eda. Que sea un hombre de fe, de esperanza y de caridad. Que sea un sacerdote al ciento por uno, es decir, que siempre est\u00e9 para los dem\u00e1s, que no est\u00e9 ausente. Un sacerdote que no margine ni haga distinci\u00f3n.\u00a0<strong>Que sepa ser un pastor con may\u00fasculas\u00a0<\/strong>y que, como dice el papa Francisco, al final del d\u00eda huela a oveja. Que sea Cristo para la gente.<\/p>\n","protected":false},"excerpt":{"rendered":"<p>David Ariel Echeverr\u00eda, de 28 a\u00f1os, es un ejemplo de c\u00f3mo las vocaciones sacerdotales germinan dentro de las familias<\/p>\n","protected":false},"author":119,"featured_media":83350,"comment_status":"closed","ping_status":"closed","sticky":false,"template":"","format":"standard","meta":{"_acf_changed":false,"_crdt_document":"","inline_featured_image":false,"footnotes":""},"categories":[74,98],"tags":[5279,9879,953,1926,8182,4953,7440],"class_list":["post-83346","post","type-post","status-publish","format-standard","has-post-thumbnail","hentry","category-iglesia-y-mundo","category-testimonios","tag-conferencia-episcopal-de-guatemala","tag-fundacion-carf","tag-guatemala","tag-sacerdote","tag-testimonios","tag-trending-es","tag-vocacion"],"acf":[],"yoast_head":"<!-- This site is optimized with the Yoast SEO plugin v27.4 - https:\/\/yoast.com\/product\/yoast-seo-wordpress\/ -->\n<title>\u00abCon cinco a\u00f1os, sent\u00ed que Dios me miraba\u00bb &#8211; Exaudi<\/title>\n<meta name=\"robots\" content=\"index, follow, max-snippet:-1, max-image-preview:large, max-video-preview:-1\" \/>\n<link rel=\"canonical\" href=\"https:\/\/exaudi.org\/es\/con-cinco-anos-senti-que-dios-me-miraba\/\" \/>\n<meta property=\"og:locale\" content=\"es_ES\" \/>\n<meta property=\"og:type\" content=\"article\" \/>\n<meta property=\"og:title\" content=\"\u00abCon cinco a\u00f1os, sent\u00ed que Dios me miraba\u00bb &#8211; Exaudi\" \/>\n<meta property=\"og:description\" content=\"David Ariel Echeverr\u00eda, de 28 a\u00f1os, es un ejemplo de c\u00f3mo las vocaciones sacerdotales germinan dentro de las familias\" \/>\n<meta property=\"og:url\" content=\"https:\/\/exaudi.org\/es\/con-cinco-anos-senti-que-dios-me-miraba\/\" \/>\n<meta property=\"og:site_name\" content=\"Exaudi\" \/>\n<meta property=\"article:publisher\" content=\"https:\/\/www.facebook.com\/ExaudiNews\" \/>\n<meta property=\"article:author\" content=\"https:\/\/www.facebook.com\/fundacioncarf\/\" \/>\n<meta property=\"article:published_time\" content=\"2023-09-12T07:49:18+00:00\" \/>\n<meta property=\"article:modified_time\" content=\"2023-09-12T07:57:31+00:00\" \/>\n<meta property=\"og:image\" content=\"https:\/\/exaudi.org\/wp-content\/uploads\/2023\/09\/david1.jpg\" \/>\n\t<meta property=\"og:image:width\" content=\"1290\" \/>\n\t<meta property=\"og:image:height\" content=\"738\" \/>\n\t<meta property=\"og:image:type\" content=\"image\/jpeg\" \/>\n<meta name=\"author\" content=\"Fundaci\u00f3n CARF\" \/>\n<meta name=\"twitter:card\" content=\"summary_large_image\" \/>\n<meta name=\"twitter:creator\" content=\"@https:\/\/x.com\/fundacioncarf\" \/>\n<meta name=\"twitter:site\" content=\"@Exaudi_News\" \/>\n<meta name=\"twitter:label1\" content=\"Escrito por\" \/>\n\t<meta name=\"twitter:data1\" content=\"Fundaci\u00f3n CARF\" \/>\n\t<meta name=\"twitter:label2\" content=\"Tiempo de lectura\" \/>\n\t<meta name=\"twitter:data2\" content=\"4 minutos\" \/>\n<script type=\"application\/ld+json\" class=\"yoast-schema-graph\">{\"@context\":\"https:\\\/\\\/schema.org\",\"@graph\":[{\"@type\":\"Article\",\"@id\":\"https:\\\/\\\/exaudi.org\\\/es\\\/con-cinco-anos-senti-que-dios-me-miraba\\\/#article\",\"isPartOf\":{\"@id\":\"https:\\\/\\\/exaudi.org\\\/es\\\/con-cinco-anos-senti-que-dios-me-miraba\\\/\"},\"author\":{\"name\":\"Fundaci\u00f3n CARF\",\"@id\":\"https:\\\/\\\/exaudi.org\\\/#\\\/schema\\\/person\\\/fab8261a088ccf38cb54b3c50baa7baf\"},\"headline\":\"\u00abCon cinco a\u00f1os, sent\u00ed que Dios me miraba\u00bb\",\"datePublished\":\"2023-09-12T07:49:18+00:00\",\"dateModified\":\"2023-09-12T07:57:31+00:00\",\"mainEntityOfPage\":{\"@id\":\"https:\\\/\\\/exaudi.org\\\/es\\\/con-cinco-anos-senti-que-dios-me-miraba\\\/\"},\"wordCount\":812,\"image\":{\"@id\":\"https:\\\/\\\/exaudi.org\\\/es\\\/con-cinco-anos-senti-que-dios-me-miraba\\\/#primaryimage\"},\"thumbnailUrl\":\"https:\\\/\\\/exaudi.org\\\/wp-content\\\/uploads\\\/2023\\\/09\\\/david1.jpg\",\"keywords\":[\"Conferencia Episcopal de Guatemala\",\"Fundaci\u00f3n CARF\",\"Guatemala\",\"Sacerdote\",\"Testimonios\",\"Trending\",\"Vocaci\u00f3n\"],\"articleSection\":[\"Iglesia y Mundo\",\"Testimonios\"],\"inLanguage\":\"es\"},{\"@type\":\"WebPage\",\"@id\":\"https:\\\/\\\/exaudi.org\\\/es\\\/con-cinco-anos-senti-que-dios-me-miraba\\\/\",\"url\":\"https:\\\/\\\/exaudi.org\\\/es\\\/con-cinco-anos-senti-que-dios-me-miraba\\\/\",\"name\":\"\u00abCon cinco a\u00f1os, sent\u00ed que Dios me miraba\u00bb &#8211; Exaudi\",\"isPartOf\":{\"@id\":\"https:\\\/\\\/exaudi.org\\\/#website\"},\"primaryImageOfPage\":{\"@id\":\"https:\\\/\\\/exaudi.org\\\/es\\\/con-cinco-anos-senti-que-dios-me-miraba\\\/#primaryimage\"},\"image\":{\"@id\":\"https:\\\/\\\/exaudi.org\\\/es\\\/con-cinco-anos-senti-que-dios-me-miraba\\\/#primaryimage\"},\"thumbnailUrl\":\"https:\\\/\\\/exaudi.org\\\/wp-content\\\/uploads\\\/2023\\\/09\\\/david1.jpg\",\"datePublished\":\"2023-09-12T07:49:18+00:00\",\"dateModified\":\"2023-09-12T07:57:31+00:00\",\"author\":{\"@id\":\"https:\\\/\\\/exaudi.org\\\/#\\\/schema\\\/person\\\/fab8261a088ccf38cb54b3c50baa7baf\"},\"breadcrumb\":{\"@id\":\"https:\\\/\\\/exaudi.org\\\/es\\\/con-cinco-anos-senti-que-dios-me-miraba\\\/#breadcrumb\"},\"inLanguage\":\"es\",\"potentialAction\":[{\"@type\":\"ReadAction\",\"target\":[\"https:\\\/\\\/exaudi.org\\\/es\\\/con-cinco-anos-senti-que-dios-me-miraba\\\/\"]}]},{\"@type\":\"ImageObject\",\"inLanguage\":\"es\",\"@id\":\"https:\\\/\\\/exaudi.org\\\/es\\\/con-cinco-anos-senti-que-dios-me-miraba\\\/#primaryimage\",\"url\":\"https:\\\/\\\/exaudi.org\\\/wp-content\\\/uploads\\\/2023\\\/09\\\/david1.jpg\",\"contentUrl\":\"https:\\\/\\\/exaudi.org\\\/wp-content\\\/uploads\\\/2023\\\/09\\\/david1.jpg\",\"width\":1290,\"height\":738},{\"@type\":\"BreadcrumbList\",\"@id\":\"https:\\\/\\\/exaudi.org\\\/es\\\/con-cinco-anos-senti-que-dios-me-miraba\\\/#breadcrumb\",\"itemListElement\":[{\"@type\":\"ListItem\",\"position\":1,\"name\":\"Portada\",\"item\":\"https:\\\/\\\/exaudi.org\\\/es\\\/\"},{\"@type\":\"ListItem\",\"position\":2,\"name\":\"\u00abCon cinco a\u00f1os, sent\u00ed que Dios me miraba\u00bb\"}]},{\"@type\":\"WebSite\",\"@id\":\"https:\\\/\\\/exaudi.org\\\/#website\",\"url\":\"https:\\\/\\\/exaudi.org\\\/\",\"name\":\"Exaudi\",\"description\":\"News\",\"potentialAction\":[{\"@type\":\"SearchAction\",\"target\":{\"@type\":\"EntryPoint\",\"urlTemplate\":\"https:\\\/\\\/exaudi.org\\\/?s={search_term_string}\"},\"query-input\":{\"@type\":\"PropertyValueSpecification\",\"valueRequired\":true,\"valueName\":\"search_term_string\"}}],\"inLanguage\":\"es\"},{\"@type\":\"Person\",\"@id\":\"https:\\\/\\\/exaudi.org\\\/#\\\/schema\\\/person\\\/fab8261a088ccf38cb54b3c50baa7baf\",\"name\":\"Fundaci\u00f3n CARF\",\"image\":{\"@type\":\"ImageObject\",\"inLanguage\":\"es\",\"@id\":\"https:\\\/\\\/secure.gravatar.com\\\/avatar\\\/ab292d3529973c0d1cf4cda9208c6a8a7ee52923f0a291c39104715fa46aae4b?s=96&d=mm&r=g\",\"url\":\"https:\\\/\\\/secure.gravatar.com\\\/avatar\\\/ab292d3529973c0d1cf4cda9208c6a8a7ee52923f0a291c39104715fa46aae4b?s=96&d=mm&r=g\",\"contentUrl\":\"https:\\\/\\\/secure.gravatar.com\\\/avatar\\\/ab292d3529973c0d1cf4cda9208c6a8a7ee52923f0a291c39104715fa46aae4b?s=96&d=mm&r=g\",\"caption\":\"Fundaci\u00f3n CARF\"},\"description\":\"Trabajamos para llevar la sonrisa de Dios a todos los rincones del mundo a trav\u00e9s de los sacerdotes y ayudando a su formaci\u00f3n. Gracias a nuestros benefactores, ayudamos a la formaci\u00f3n de los sacerdotes, difundimos su buen nombre y rezamos por su fidelidad y las vocaciones. Trabajamos para servir a la Iglesia y que ninguna vocaci\u00f3n se pierda y luego ellos puedan transmitir en su labor pastoral toda la luz, ciencia y doctrina recibida. Acad\u00e9mico Las licenciaturas, programas de especializacio\u0301n o doctorados, otorgan a cada candidato una formaci\u00f3n espec\u00edfica en Teologi\u0301a, Filosofi\u0301a, Derecho Cano\u0301nico o Comunicacio\u0301n Social Institucional. Espiritual Los seminaristas y sacerdotes complementan su formacio\u0301n acade\u0301mica y humana con la espiritual, ya que deben estar preparados para seguir su vocaci\u00f3n y prestar su cuerpo y su espi\u0301ritu al Sen\u0303or. Humano A trave\u0301s del ambiente de familia y de preparaci\u00f3n, se consigue el desarrollo de actitudes, capacidades y valores que impactan en el crecimiento personal y social de los sacerdotes.\",\"sameAs\":[\"https:\\\/\\\/fundacioncarf.org\\\/\",\"https:\\\/\\\/www.facebook.com\\\/fundacioncarf\\\/\",\"https:\\\/\\\/www.instagram.com\\\/fundacioncarf\\\/\",\"https:\\\/\\\/www.linkedin.com\\\/company\\\/fundacioncarf\\\/posts\\\/?feedView=all\",\"https:\\\/\\\/x.com\\\/https:\\\/\\\/x.com\\\/fundacioncarf\",\"https:\\\/\\\/www.youtube.com\\\/c\\\/fundacioncarf\"],\"url\":\"https:\\\/\\\/exaudi.org\\\/es\\\/author\\\/carf\\\/\"}]}<\/script>\n<!-- \/ Yoast SEO plugin. -->","yoast_head_json":{"title":"\u00abCon cinco a\u00f1os, sent\u00ed que Dios me miraba\u00bb &#8211; Exaudi","robots":{"index":"index","follow":"follow","max-snippet":"max-snippet:-1","max-image-preview":"max-image-preview:large","max-video-preview":"max-video-preview:-1"},"canonical":"https:\/\/exaudi.org\/es\/con-cinco-anos-senti-que-dios-me-miraba\/","og_locale":"es_ES","og_type":"article","og_title":"\u00abCon cinco a\u00f1os, sent\u00ed que Dios me miraba\u00bb &#8211; Exaudi","og_description":"David Ariel Echeverr\u00eda, de 28 a\u00f1os, es un ejemplo de c\u00f3mo las vocaciones sacerdotales germinan dentro de las familias","og_url":"https:\/\/exaudi.org\/es\/con-cinco-anos-senti-que-dios-me-miraba\/","og_site_name":"Exaudi","article_publisher":"https:\/\/www.facebook.com\/ExaudiNews","article_author":"https:\/\/www.facebook.com\/fundacioncarf\/","article_published_time":"2023-09-12T07:49:18+00:00","article_modified_time":"2023-09-12T07:57:31+00:00","og_image":[{"width":1290,"height":738,"url":"https:\/\/exaudi.org\/wp-content\/uploads\/2023\/09\/david1.jpg","type":"image\/jpeg"}],"author":"Fundaci\u00f3n CARF","twitter_card":"summary_large_image","twitter_creator":"@https:\/\/x.com\/fundacioncarf","twitter_site":"@Exaudi_News","twitter_misc":{"Escrito por":"Fundaci\u00f3n CARF","Tiempo de lectura":"4 minutos"},"schema":{"@context":"https:\/\/schema.org","@graph":[{"@type":"Article","@id":"https:\/\/exaudi.org\/es\/con-cinco-anos-senti-que-dios-me-miraba\/#article","isPartOf":{"@id":"https:\/\/exaudi.org\/es\/con-cinco-anos-senti-que-dios-me-miraba\/"},"author":{"name":"Fundaci\u00f3n CARF","@id":"https:\/\/exaudi.org\/#\/schema\/person\/fab8261a088ccf38cb54b3c50baa7baf"},"headline":"\u00abCon cinco a\u00f1os, sent\u00ed que Dios me miraba\u00bb","datePublished":"2023-09-12T07:49:18+00:00","dateModified":"2023-09-12T07:57:31+00:00","mainEntityOfPage":{"@id":"https:\/\/exaudi.org\/es\/con-cinco-anos-senti-que-dios-me-miraba\/"},"wordCount":812,"image":{"@id":"https:\/\/exaudi.org\/es\/con-cinco-anos-senti-que-dios-me-miraba\/#primaryimage"},"thumbnailUrl":"https:\/\/exaudi.org\/wp-content\/uploads\/2023\/09\/david1.jpg","keywords":["Conferencia Episcopal de Guatemala","Fundaci\u00f3n CARF","Guatemala","Sacerdote","Testimonios","Trending","Vocaci\u00f3n"],"articleSection":["Iglesia y Mundo","Testimonios"],"inLanguage":"es"},{"@type":"WebPage","@id":"https:\/\/exaudi.org\/es\/con-cinco-anos-senti-que-dios-me-miraba\/","url":"https:\/\/exaudi.org\/es\/con-cinco-anos-senti-que-dios-me-miraba\/","name":"\u00abCon cinco a\u00f1os, sent\u00ed que Dios me miraba\u00bb &#8211; Exaudi","isPartOf":{"@id":"https:\/\/exaudi.org\/#website"},"primaryImageOfPage":{"@id":"https:\/\/exaudi.org\/es\/con-cinco-anos-senti-que-dios-me-miraba\/#primaryimage"},"image":{"@id":"https:\/\/exaudi.org\/es\/con-cinco-anos-senti-que-dios-me-miraba\/#primaryimage"},"thumbnailUrl":"https:\/\/exaudi.org\/wp-content\/uploads\/2023\/09\/david1.jpg","datePublished":"2023-09-12T07:49:18+00:00","dateModified":"2023-09-12T07:57:31+00:00","author":{"@id":"https:\/\/exaudi.org\/#\/schema\/person\/fab8261a088ccf38cb54b3c50baa7baf"},"breadcrumb":{"@id":"https:\/\/exaudi.org\/es\/con-cinco-anos-senti-que-dios-me-miraba\/#breadcrumb"},"inLanguage":"es","potentialAction":[{"@type":"ReadAction","target":["https:\/\/exaudi.org\/es\/con-cinco-anos-senti-que-dios-me-miraba\/"]}]},{"@type":"ImageObject","inLanguage":"es","@id":"https:\/\/exaudi.org\/es\/con-cinco-anos-senti-que-dios-me-miraba\/#primaryimage","url":"https:\/\/exaudi.org\/wp-content\/uploads\/2023\/09\/david1.jpg","contentUrl":"https:\/\/exaudi.org\/wp-content\/uploads\/2023\/09\/david1.jpg","width":1290,"height":738},{"@type":"BreadcrumbList","@id":"https:\/\/exaudi.org\/es\/con-cinco-anos-senti-que-dios-me-miraba\/#breadcrumb","itemListElement":[{"@type":"ListItem","position":1,"name":"Portada","item":"https:\/\/exaudi.org\/es\/"},{"@type":"ListItem","position":2,"name":"\u00abCon cinco a\u00f1os, sent\u00ed que Dios me miraba\u00bb"}]},{"@type":"WebSite","@id":"https:\/\/exaudi.org\/#website","url":"https:\/\/exaudi.org\/","name":"Exaudi","description":"News","potentialAction":[{"@type":"SearchAction","target":{"@type":"EntryPoint","urlTemplate":"https:\/\/exaudi.org\/?s={search_term_string}"},"query-input":{"@type":"PropertyValueSpecification","valueRequired":true,"valueName":"search_term_string"}}],"inLanguage":"es"},{"@type":"Person","@id":"https:\/\/exaudi.org\/#\/schema\/person\/fab8261a088ccf38cb54b3c50baa7baf","name":"Fundaci\u00f3n CARF","image":{"@type":"ImageObject","inLanguage":"es","@id":"https:\/\/secure.gravatar.com\/avatar\/ab292d3529973c0d1cf4cda9208c6a8a7ee52923f0a291c39104715fa46aae4b?s=96&d=mm&r=g","url":"https:\/\/secure.gravatar.com\/avatar\/ab292d3529973c0d1cf4cda9208c6a8a7ee52923f0a291c39104715fa46aae4b?s=96&d=mm&r=g","contentUrl":"https:\/\/secure.gravatar.com\/avatar\/ab292d3529973c0d1cf4cda9208c6a8a7ee52923f0a291c39104715fa46aae4b?s=96&d=mm&r=g","caption":"Fundaci\u00f3n CARF"},"description":"Trabajamos para llevar la sonrisa de Dios a todos los rincones del mundo a trav\u00e9s de los sacerdotes y ayudando a su formaci\u00f3n. Gracias a nuestros benefactores, ayudamos a la formaci\u00f3n de los sacerdotes, difundimos su buen nombre y rezamos por su fidelidad y las vocaciones. Trabajamos para servir a la Iglesia y que ninguna vocaci\u00f3n se pierda y luego ellos puedan transmitir en su labor pastoral toda la luz, ciencia y doctrina recibida. Acad\u00e9mico Las licenciaturas, programas de especializacio\u0301n o doctorados, otorgan a cada candidato una formaci\u00f3n espec\u00edfica en Teologi\u0301a, Filosofi\u0301a, Derecho Cano\u0301nico o Comunicacio\u0301n Social Institucional. Espiritual Los seminaristas y sacerdotes complementan su formacio\u0301n acade\u0301mica y humana con la espiritual, ya que deben estar preparados para seguir su vocaci\u00f3n y prestar su cuerpo y su espi\u0301ritu al Sen\u0303or. Humano A trave\u0301s del ambiente de familia y de preparaci\u00f3n, se consigue el desarrollo de actitudes, capacidades y valores que impactan en el crecimiento personal y social de los sacerdotes.","sameAs":["https:\/\/fundacioncarf.org\/","https:\/\/www.facebook.com\/fundacioncarf\/","https:\/\/www.instagram.com\/fundacioncarf\/","https:\/\/www.linkedin.com\/company\/fundacioncarf\/posts\/?feedView=all","https:\/\/x.com\/https:\/\/x.com\/fundacioncarf","https:\/\/www.youtube.com\/c\/fundacioncarf"],"url":"https:\/\/exaudi.org\/es\/author\/carf\/"}]}},"jetpack_featured_media_url":"https:\/\/exaudi.org\/wp-content\/uploads\/2023\/09\/david1.jpg","jetpack_shortlink":"https:\/\/wp.me\/pgKjF2-lGi","_links":{"self":[{"href":"https:\/\/exaudi.org\/es\/wp-json\/wp\/v2\/posts\/83346","targetHints":{"allow":["GET"]}}],"collection":[{"href":"https:\/\/exaudi.org\/es\/wp-json\/wp\/v2\/posts"}],"about":[{"href":"https:\/\/exaudi.org\/es\/wp-json\/wp\/v2\/types\/post"}],"author":[{"embeddable":true,"href":"https:\/\/exaudi.org\/es\/wp-json\/wp\/v2\/users\/119"}],"replies":[{"embeddable":true,"href":"https:\/\/exaudi.org\/es\/wp-json\/wp\/v2\/comments?post=83346"}],"version-history":[{"count":0,"href":"https:\/\/exaudi.org\/es\/wp-json\/wp\/v2\/posts\/83346\/revisions"}],"wp:featuredmedia":[{"embeddable":true,"href":"https:\/\/exaudi.org\/es\/wp-json\/wp\/v2\/media\/83350"}],"wp:attachment":[{"href":"https:\/\/exaudi.org\/es\/wp-json\/wp\/v2\/media?parent=83346"}],"wp:term":[{"taxonomy":"category","embeddable":true,"href":"https:\/\/exaudi.org\/es\/wp-json\/wp\/v2\/categories?post=83346"},{"taxonomy":"post_tag","embeddable":true,"href":"https:\/\/exaudi.org\/es\/wp-json\/wp\/v2\/tags?post=83346"}],"curies":[{"name":"wp","href":"https:\/\/api.w.org\/{rel}","templated":true}]}}