{"id":83291,"date":"2023-09-11T14:01:21","date_gmt":"2023-09-11T12:01:21","guid":{"rendered":"https:\/\/exaudi.org\/?p=83291"},"modified":"2023-09-11T14:01:21","modified_gmt":"2023-09-11T12:01:21","slug":"torreciudad-celebrara-el-16-de-septiembre-la-31a-jornada-mariana-de-la-familia","status":"publish","type":"post","link":"https:\/\/exaudi.org\/es\/torreciudad-celebrara-el-16-de-septiembre-la-31a-jornada-mariana-de-la-familia\/","title":{"rendered":"Torreciudad celebrar\u00e1 el 16 de septiembre la 31\u00aa Jornada Mariana de la Familia"},"content":{"rendered":"<audio class=\"wp-audio-shortcode\" id=\"audio-83291-1\" preload=\"none\" style=\"width: 100%;\" controls=\"controls\"><source type=\"audio\/mpeg\" src=\"https:\/\/exaudi.org\/wp-content\/uploads\/2023\/09\/Torreciudad.mp3?_=1\" \/><a href=\"https:\/\/exaudi.org\/wp-content\/uploads\/2023\/09\/Torreciudad.mp3\">https:\/\/exaudi.org\/wp-content\/uploads\/2023\/09\/Torreciudad.mp3<\/a><\/audio>\n<p>El pr\u00f3ximo 16 de septiembre, s\u00e1bado, se celebrar\u00e1 en Torreciudad la 31\u00aa Jornada Mariana de la Familia, un evento festivo centrado en la devoci\u00f3n a la Virgen Mar\u00eda y dirigido a familias de toda Espa\u00f1a.<\/p>\n<p>La concelebraci\u00f3n eucar\u00edstica ser\u00e1 presidida por el obispo de Barbastro-Monz\u00f3n, \u00c1ngel P\u00e9rez Pueyo y tendr\u00e1 lugar en el altar de la explanada. En ella cantar\u00e1 el <em>Coro del colegio Alborada<\/em> de Alcal\u00e1 de Henares (Madrid). La eucarist\u00eda es el centro de la jornada, en la que las familias peregrinan para rezar por sus ilusiones y retos para este curso escolar reci\u00e9n comenzado.<\/p>\n<p>Los participantes acudir\u00e1n con sus parroquias, centros de ense\u00f1anza y asociaciones. Torreciudad difunde entre ellos varias opciones para aprovechar el desplazamiento al Alto Arag\u00f3n y disfrutar durante el fin de semana de los atractivos con que cuentan las comarcas cercanas.<\/p>\n<p>Las familias protagonizan el programa, que incluye ofrendas de localidades aragonesas y de varios puntos de la geograf\u00eda espa\u00f1ola, reforzando as\u00ed a Torreciudad como \u00absantuario de la familia\u00bb. Las ofrendas suelen consistir en frutos, flores y trabajos manuales realizados por asociaciones, parroquias o colegios. Muchas de ellas se destinan a paliar carencias sociales en el entorno en colaboraci\u00f3n con C\u00e1ritas Diocesana de Barbastro-Monz\u00f3n.<\/p>\n<p>Un equipo de voluntarios ayudar\u00e1 a los asistentes y atender\u00e1n, entre otros, los servicios de aparcamiento, colocaci\u00f3n de sillas, guarder\u00eda, parque infantil y limpieza. En la jornada se cuenta con el apoyo de Guardia Civil, Turismo de Arag\u00f3n, Protecci\u00f3n Civil y las comarcas oscenses del Somontano de Barbastro, Ribagorza y Cinca Medio y los ayuntamientos de Secastilla y El Grado.<\/p>\n<h3><strong>Informaciones de inter\u00e9s<\/strong><\/h3>\n<ul>\n<li><em> Programa de actos<\/em><\/li>\n<\/ul>\n<p>09:00 h. Apertura del recinto<\/p>\n<p>12:00 h. Oraci\u00f3n y ofrendas de los participantes<\/p>\n<p>12:30 h. Celebraci\u00f3n eucar\u00edstica<\/p>\n<p>14:00 h. Ofrecimiento de ni\u00f1os a la Virgen de Torreciudad en el templo<\/p>\n<p>16:00 h. Santo rosario y exposici\u00f3n solemne del Sant\u00edsimo<\/p>\n<p>17:00 h. Fin de la jornada<\/p>\n<ul>\n<li><em>Servicios ofrecidos<\/em><\/li>\n<\/ul>\n<p>-Puestos de bocadillos y bebidas<\/p>\n<p>-Botiqu\u00edn y ambulancia<\/p>\n<p>-Consigna y guarder\u00eda<\/p>\n<p>-El parque infantil funciona de 14:00 a 17:00<\/p>\n<ul>\n<li><em>Inscripci\u00f3n de autobuses<\/em><\/li>\n<\/ul>\n<p>La inscripci\u00f3n de autobuses se realiza en el siguiente enlace, para disponer de acceso directo al santuario: <a href=\"https:\/\/torreciudad.org\/inscripcion-de-autobuses-jornada-mariana-de-la-familia-2023\/\" target=\"_blank\" rel=\"noopener\">https:\/\/torreciudad.org\/inscripcion-de-autobuses-jornada-mariana-de-la-familia-2023\/<\/a><\/p>\n<ul>\n<li><em>Viajes organizados<\/em><\/li>\n<\/ul>\n<p>En el apartado de informaci\u00f3n general de la jornada en la web del santuario hay un listado con viajes organizados desde diversos lugares de Espa\u00f1a: <a href=\"https:\/\/torreciudad.org\/evento\/31a-jornada-mariana-de-la-familia\/\" target=\"_blank\" rel=\"noopener\">https:\/\/torreciudad.org\/evento\/31a-jornada-mariana-de-la-familia\/<\/a><\/p>\n<ul>\n<li><em>Alojamientos<\/em><\/li>\n<\/ul>\n<p>En este enlace se accede a un mapa de ubicaci\u00f3n de lugares cercanos al santuario donde poder alojarse: <a href=\"https:\/\/torreciudad.org\/mapa-de-alojamientos-cerca-de-torreciudad\/\" target=\"_blank\" rel=\"noopener\">https:\/\/torreciudad.org\/mapa-de-alojamientos-cerca-de-torreciudad\/<\/a><\/p>\n<ul>\n<li><em>Para disfrutar en las comarcas cercanas<\/em><\/li>\n<\/ul>\n<p>Aqu\u00ed ofrecemos una selecci\u00f3n de atractivos tur\u00edsticos situados en el entorno de Torreciudad: <a href=\"https:\/\/torreciudad.org\/ven\/de-interes-en-el-entorno\/\" target=\"_blank\" rel=\"noopener\">https:\/\/torreciudad.org\/ven\/de-interes-en-el-entorno\/<\/a><\/p>\n<ul>\n<li><em>V\u00eddeos de promoci\u00f3n<\/em><\/li>\n<li>\u00abMadre, te lo dejo a ti\u00bb: <a href=\"https:\/\/youtu.be\/GZU7Ezpar60\" target=\"_blank\" rel=\"noopener\">https:\/\/youtu.be\/GZU7Ezpar60<\/a><\/li>\n<li>\u00abQue nuestros nietos sigan el legado\u00bb: <a href=\"https:\/\/youtu.be\/gUS09YOcHqo\" target=\"_blank\" rel=\"noopener\">https:\/\/youtu.be\/gUS09YOcHqo<\/a><\/li>\n<\/ul>\n<p>* * *<\/p>\n<p><img loading=\"lazy\" decoding=\"async\" class=\"size-full wp-image-83295 aligncenter\" src=\"https:\/\/exaudi.org\/wp-content\/uploads\/2023\/09\/31a-Jornada-Mariana-de-la-Familia-en-Torreciudad.jpg\" alt=\"\" width=\"1594\" height=\"2362\" srcset=\"https:\/\/exaudi.org\/wp-content\/uploads\/2023\/09\/31a-Jornada-Mariana-de-la-Familia-en-Torreciudad.jpg 1594w, https:\/\/exaudi.org\/wp-content\/uploads\/2023\/09\/31a-Jornada-Mariana-de-la-Familia-en-Torreciudad-202x300.jpg 202w, https:\/\/exaudi.org\/wp-content\/uploads\/2023\/09\/31a-Jornada-Mariana-de-la-Familia-en-Torreciudad-691x1024.jpg 691w, https:\/\/exaudi.org\/wp-content\/uploads\/2023\/09\/31a-Jornada-Mariana-de-la-Familia-en-Torreciudad-770x1141.jpg 770w, https:\/\/exaudi.org\/wp-content\/uploads\/2023\/09\/31a-Jornada-Mariana-de-la-Familia-en-Torreciudad-1037x1536.jpg 1037w, https:\/\/exaudi.org\/wp-content\/uploads\/2023\/09\/31a-Jornada-Mariana-de-la-Familia-en-Torreciudad-1382x2048.jpg 1382w, https:\/\/exaudi.org\/wp-content\/uploads\/2023\/09\/31a-Jornada-Mariana-de-la-Familia-en-Torreciudad-500x741.jpg 500w, https:\/\/exaudi.org\/wp-content\/uploads\/2023\/09\/31a-Jornada-Mariana-de-la-Familia-en-Torreciudad-293x434.jpg 293w, https:\/\/exaudi.org\/wp-content\/uploads\/2023\/09\/31a-Jornada-Mariana-de-la-Familia-en-Torreciudad-1400x2075.jpg 1400w, https:\/\/exaudi.org\/wp-content\/uploads\/2023\/09\/31a-Jornada-Mariana-de-la-Familia-en-Torreciudad-390x578.jpg 390w\" sizes=\"auto, (max-width: 1594px) 100vw, 1594px\" \/><\/p>\n","protected":false},"excerpt":{"rendered":"<p>Invita a familias de toda Espa\u00f1a a participar en esta jornada festiva y de acci\u00f3n de gracias<\/p>\n","protected":false},"author":15,"featured_media":83292,"comment_status":"closed","ping_status":"closed","sticky":false,"template":"","format":"standard","meta":{"_acf_changed":false,"_crdt_document":"","inline_featured_image":false,"footnotes":""},"categories":[74],"tags":[6876,4915,4953],"class_list":["post-83291","post","type-post","status-publish","format-standard","has-post-thumbnail","hentry","category-iglesia-y-mundo","tag-jornada-mariana-de-la-familia","tag-torreciudad","tag-trending-es"],"acf":[],"yoast_head":"<!-- This site is optimized with the Yoast SEO plugin v27.5 - https:\/\/yoast.com\/product\/yoast-seo-wordpress\/ -->\n<title>Torreciudad celebrar\u00e1 el 16 de septiembre la 31\u00aa Jornada Mariana de la Familia &#8211; Exaudi<\/title>\n<meta name=\"robots\" content=\"index, follow, max-snippet:-1, max-image-preview:large, max-video-preview:-1\" \/>\n<link rel=\"canonical\" href=\"https:\/\/exaudi.org\/es\/torreciudad-celebrara-el-16-de-septiembre-la-31a-jornada-mariana-de-la-familia\/\" \/>\n<meta property=\"og:locale\" content=\"es_ES\" \/>\n<meta property=\"og:type\" content=\"article\" \/>\n<meta property=\"og:title\" content=\"Torreciudad celebrar\u00e1 el 16 de septiembre la 31\u00aa Jornada Mariana de la Familia &#8211; Exaudi\" \/>\n<meta property=\"og:description\" content=\"Invita a familias de toda Espa\u00f1a a participar en esta jornada festiva y de acci\u00f3n de gracias\" \/>\n<meta property=\"og:url\" content=\"https:\/\/exaudi.org\/es\/torreciudad-celebrara-el-16-de-septiembre-la-31a-jornada-mariana-de-la-familia\/\" \/>\n<meta property=\"og:site_name\" content=\"Exaudi\" \/>\n<meta property=\"article:publisher\" content=\"https:\/\/www.facebook.com\/ExaudiNews\" \/>\n<meta property=\"article:author\" content=\"https:\/\/www.facebook.com\/ExaudiNoticias\/\" \/>\n<meta property=\"article:published_time\" content=\"2023-09-11T12:01:21+00:00\" \/>\n<meta property=\"og:image\" content=\"https:\/\/exaudi.org\/wp-content\/uploads\/2023\/09\/Ven-a-Torreciudad-12-768x512-1.jpg\" \/>\n\t<meta property=\"og:image:width\" content=\"768\" \/>\n\t<meta property=\"og:image:height\" content=\"512\" \/>\n\t<meta property=\"og:image:type\" content=\"image\/jpeg\" \/>\n<meta name=\"author\" content=\"Exaudi Redacci\u00f3n\" \/>\n<meta name=\"twitter:card\" content=\"summary_large_image\" \/>\n<meta name=\"twitter:creator\" content=\"@Exaudi_noticias\" \/>\n<meta name=\"twitter:site\" content=\"@Exaudi_News\" \/>\n<meta name=\"twitter:label1\" content=\"Escrito por\" \/>\n\t<meta name=\"twitter:data1\" content=\"Exaudi Redacci\u00f3n\" \/>\n\t<meta name=\"twitter:label2\" content=\"Tiempo de lectura\" \/>\n\t<meta name=\"twitter:data2\" content=\"3 minutos\" \/>\n<script type=\"application\/ld+json\" class=\"yoast-schema-graph\">{\"@context\":\"https:\\\/\\\/schema.org\",\"@graph\":[{\"@type\":\"Article\",\"@id\":\"https:\\\/\\\/exaudi.org\\\/es\\\/torreciudad-celebrara-el-16-de-septiembre-la-31a-jornada-mariana-de-la-familia\\\/#article\",\"isPartOf\":{\"@id\":\"https:\\\/\\\/exaudi.org\\\/es\\\/torreciudad-celebrara-el-16-de-septiembre-la-31a-jornada-mariana-de-la-familia\\\/\"},\"author\":{\"name\":\"Exaudi Redacci\u00f3n\",\"@id\":\"https:\\\/\\\/exaudi.org\\\/#\\\/schema\\\/person\\\/f5fc8f063065e38742da7afe15f25df7\"},\"headline\":\"Torreciudad celebrar\u00e1 el 16 de septiembre la 31\u00aa Jornada Mariana de la Familia\",\"datePublished\":\"2023-09-11T12:01:21+00:00\",\"mainEntityOfPage\":{\"@id\":\"https:\\\/\\\/exaudi.org\\\/es\\\/torreciudad-celebrara-el-16-de-septiembre-la-31a-jornada-mariana-de-la-familia\\\/\"},\"wordCount\":513,\"image\":{\"@id\":\"https:\\\/\\\/exaudi.org\\\/es\\\/torreciudad-celebrara-el-16-de-septiembre-la-31a-jornada-mariana-de-la-familia\\\/#primaryimage\"},\"thumbnailUrl\":\"https:\\\/\\\/exaudi.org\\\/wp-content\\\/uploads\\\/2023\\\/09\\\/Ven-a-Torreciudad-12-768x512-1.jpg\",\"keywords\":[\"Jornada Mariana de la Familia\",\"Torreciudad\",\"Trending\"],\"articleSection\":[\"Iglesia y Mundo\"],\"inLanguage\":\"es\"},{\"@type\":\"WebPage\",\"@id\":\"https:\\\/\\\/exaudi.org\\\/es\\\/torreciudad-celebrara-el-16-de-septiembre-la-31a-jornada-mariana-de-la-familia\\\/\",\"url\":\"https:\\\/\\\/exaudi.org\\\/es\\\/torreciudad-celebrara-el-16-de-septiembre-la-31a-jornada-mariana-de-la-familia\\\/\",\"name\":\"Torreciudad celebrar\u00e1 el 16 de septiembre la 31\u00aa Jornada Mariana de la Familia &#8211; Exaudi\",\"isPartOf\":{\"@id\":\"https:\\\/\\\/exaudi.org\\\/#website\"},\"primaryImageOfPage\":{\"@id\":\"https:\\\/\\\/exaudi.org\\\/es\\\/torreciudad-celebrara-el-16-de-septiembre-la-31a-jornada-mariana-de-la-familia\\\/#primaryimage\"},\"image\":{\"@id\":\"https:\\\/\\\/exaudi.org\\\/es\\\/torreciudad-celebrara-el-16-de-septiembre-la-31a-jornada-mariana-de-la-familia\\\/#primaryimage\"},\"thumbnailUrl\":\"https:\\\/\\\/exaudi.org\\\/wp-content\\\/uploads\\\/2023\\\/09\\\/Ven-a-Torreciudad-12-768x512-1.jpg\",\"datePublished\":\"2023-09-11T12:01:21+00:00\",\"author\":{\"@id\":\"https:\\\/\\\/exaudi.org\\\/#\\\/schema\\\/person\\\/f5fc8f063065e38742da7afe15f25df7\"},\"breadcrumb\":{\"@id\":\"https:\\\/\\\/exaudi.org\\\/es\\\/torreciudad-celebrara-el-16-de-septiembre-la-31a-jornada-mariana-de-la-familia\\\/#breadcrumb\"},\"inLanguage\":\"es\",\"potentialAction\":[{\"@type\":\"ReadAction\",\"target\":[\"https:\\\/\\\/exaudi.org\\\/es\\\/torreciudad-celebrara-el-16-de-septiembre-la-31a-jornada-mariana-de-la-familia\\\/\"]}]},{\"@type\":\"ImageObject\",\"inLanguage\":\"es\",\"@id\":\"https:\\\/\\\/exaudi.org\\\/es\\\/torreciudad-celebrara-el-16-de-septiembre-la-31a-jornada-mariana-de-la-familia\\\/#primaryimage\",\"url\":\"https:\\\/\\\/exaudi.org\\\/wp-content\\\/uploads\\\/2023\\\/09\\\/Ven-a-Torreciudad-12-768x512-1.jpg\",\"contentUrl\":\"https:\\\/\\\/exaudi.org\\\/wp-content\\\/uploads\\\/2023\\\/09\\\/Ven-a-Torreciudad-12-768x512-1.jpg\",\"width\":768,\"height\":512},{\"@type\":\"BreadcrumbList\",\"@id\":\"https:\\\/\\\/exaudi.org\\\/es\\\/torreciudad-celebrara-el-16-de-septiembre-la-31a-jornada-mariana-de-la-familia\\\/#breadcrumb\",\"itemListElement\":[{\"@type\":\"ListItem\",\"position\":1,\"name\":\"Portada\",\"item\":\"https:\\\/\\\/exaudi.org\\\/es\\\/\"},{\"@type\":\"ListItem\",\"position\":2,\"name\":\"Torreciudad celebrar\u00e1 el 16 de septiembre la 31\u00aa Jornada Mariana de la Familia\"}]},{\"@type\":\"WebSite\",\"@id\":\"https:\\\/\\\/exaudi.org\\\/#website\",\"url\":\"https:\\\/\\\/exaudi.org\\\/\",\"name\":\"Exaudi\",\"description\":\"News\",\"potentialAction\":[{\"@type\":\"SearchAction\",\"target\":{\"@type\":\"EntryPoint\",\"urlTemplate\":\"https:\\\/\\\/exaudi.org\\\/?s={search_term_string}\"},\"query-input\":{\"@type\":\"PropertyValueSpecification\",\"valueRequired\":true,\"valueName\":\"search_term_string\"}}],\"inLanguage\":\"es\"},{\"@type\":\"Person\",\"@id\":\"https:\\\/\\\/exaudi.org\\\/#\\\/schema\\\/person\\\/f5fc8f063065e38742da7afe15f25df7\",\"name\":\"Exaudi Redacci\u00f3n\",\"image\":{\"@type\":\"ImageObject\",\"inLanguage\":\"es\",\"@id\":\"https:\\\/\\\/secure.gravatar.com\\\/avatar\\\/fe0f6a059fb68d9b3e11bc5850dd4899b1c7492091a3cb6dd9b01b56ad828be2?s=96&d=mm&r=g\",\"url\":\"https:\\\/\\\/secure.gravatar.com\\\/avatar\\\/fe0f6a059fb68d9b3e11bc5850dd4899b1c7492091a3cb6dd9b01b56ad828be2?s=96&d=mm&r=g\",\"contentUrl\":\"https:\\\/\\\/secure.gravatar.com\\\/avatar\\\/fe0f6a059fb68d9b3e11bc5850dd4899b1c7492091a3cb6dd9b01b56ad828be2?s=96&d=mm&r=g\",\"caption\":\"Exaudi Redacci\u00f3n\"},\"description\":\"\u00bfQu\u00e9 es Exaudi News? Exaudi News es un medio de comunicaci\u00f3n cat\u00f3lico internacional que informa, forma y transforma, diariamente en espa\u00f1ol, ingl\u00e9s e italiano. A trav\u00e9s de noticias, art\u00edculos de an\u00e1lisis y transmisiones en directo de los eventos del Papa, Exaudi busca fortalecer la unidad de los cristianos y contribuir a la evangelizaci\u00f3n del mundo, siempre guiados por la doctrina social de la Iglesia. Trabajamos para acercar la verdad y los valores cristianos a cada rinc\u00f3n del planeta. \u00a1Ay\u00fadanos a transformar el mundo con Exaudi! En Exaudi creemos que la evangelizaci\u00f3n y la informaci\u00f3n de calidad pueden cambiar vidas. Para continuar con nuestra misi\u00f3n y expandir nuestro alcance, necesitamos tu ayuda. Adem\u00e1s, buscamos personas comprometidas que deseen unirse a nuestro equipo. Con tu apoyo, lograremos llegar a m\u00e1s personas, difundir el mensaje de Cristo y reforzar la unidad de los cristianos. \u00bfTe unes a nuestra misi\u00f3n? Para m\u00e1s informaci\u00f3n sobre c\u00f3mo colaborar, visita Exaudi.org\\\/es o cont\u00e1ctanos directamente: info@exaudi.org Exaudi: Informa, forma y transforma.\",\"sameAs\":[\"https:\\\/\\\/www.facebook.com\\\/ExaudiNoticias\\\/\",\"https:\\\/\\\/www.instagram.com\\\/exaudi_noticias\\\/\",\"https:\\\/\\\/x.com\\\/Exaudi_noticias\",\"https:\\\/\\\/www.youtube.com\\\/@exaudicatholicnews\"],\"url\":\"https:\\\/\\\/exaudi.org\\\/es\\\/author\\\/redaccionexaudi\\\/\"}]}<\/script>\n<!-- \/ Yoast SEO plugin. -->","yoast_head_json":{"title":"Torreciudad celebrar\u00e1 el 16 de septiembre la 31\u00aa Jornada Mariana de la Familia &#8211; Exaudi","robots":{"index":"index","follow":"follow","max-snippet":"max-snippet:-1","max-image-preview":"max-image-preview:large","max-video-preview":"max-video-preview:-1"},"canonical":"https:\/\/exaudi.org\/es\/torreciudad-celebrara-el-16-de-septiembre-la-31a-jornada-mariana-de-la-familia\/","og_locale":"es_ES","og_type":"article","og_title":"Torreciudad celebrar\u00e1 el 16 de septiembre la 31\u00aa Jornada Mariana de la Familia &#8211; Exaudi","og_description":"Invita a familias de toda Espa\u00f1a a participar en esta jornada festiva y de acci\u00f3n de gracias","og_url":"https:\/\/exaudi.org\/es\/torreciudad-celebrara-el-16-de-septiembre-la-31a-jornada-mariana-de-la-familia\/","og_site_name":"Exaudi","article_publisher":"https:\/\/www.facebook.com\/ExaudiNews","article_author":"https:\/\/www.facebook.com\/ExaudiNoticias\/","article_published_time":"2023-09-11T12:01:21+00:00","og_image":[{"width":768,"height":512,"url":"https:\/\/exaudi.org\/wp-content\/uploads\/2023\/09\/Ven-a-Torreciudad-12-768x512-1.jpg","type":"image\/jpeg"}],"author":"Exaudi Redacci\u00f3n","twitter_card":"summary_large_image","twitter_creator":"@Exaudi_noticias","twitter_site":"@Exaudi_News","twitter_misc":{"Escrito por":"Exaudi Redacci\u00f3n","Tiempo de lectura":"3 minutos"},"schema":{"@context":"https:\/\/schema.org","@graph":[{"@type":"Article","@id":"https:\/\/exaudi.org\/es\/torreciudad-celebrara-el-16-de-septiembre-la-31a-jornada-mariana-de-la-familia\/#article","isPartOf":{"@id":"https:\/\/exaudi.org\/es\/torreciudad-celebrara-el-16-de-septiembre-la-31a-jornada-mariana-de-la-familia\/"},"author":{"name":"Exaudi Redacci\u00f3n","@id":"https:\/\/exaudi.org\/#\/schema\/person\/f5fc8f063065e38742da7afe15f25df7"},"headline":"Torreciudad celebrar\u00e1 el 16 de septiembre la 31\u00aa Jornada Mariana de la Familia","datePublished":"2023-09-11T12:01:21+00:00","mainEntityOfPage":{"@id":"https:\/\/exaudi.org\/es\/torreciudad-celebrara-el-16-de-septiembre-la-31a-jornada-mariana-de-la-familia\/"},"wordCount":513,"image":{"@id":"https:\/\/exaudi.org\/es\/torreciudad-celebrara-el-16-de-septiembre-la-31a-jornada-mariana-de-la-familia\/#primaryimage"},"thumbnailUrl":"https:\/\/exaudi.org\/wp-content\/uploads\/2023\/09\/Ven-a-Torreciudad-12-768x512-1.jpg","keywords":["Jornada Mariana de la Familia","Torreciudad","Trending"],"articleSection":["Iglesia y Mundo"],"inLanguage":"es"},{"@type":"WebPage","@id":"https:\/\/exaudi.org\/es\/torreciudad-celebrara-el-16-de-septiembre-la-31a-jornada-mariana-de-la-familia\/","url":"https:\/\/exaudi.org\/es\/torreciudad-celebrara-el-16-de-septiembre-la-31a-jornada-mariana-de-la-familia\/","name":"Torreciudad celebrar\u00e1 el 16 de septiembre la 31\u00aa Jornada Mariana de la Familia &#8211; Exaudi","isPartOf":{"@id":"https:\/\/exaudi.org\/#website"},"primaryImageOfPage":{"@id":"https:\/\/exaudi.org\/es\/torreciudad-celebrara-el-16-de-septiembre-la-31a-jornada-mariana-de-la-familia\/#primaryimage"},"image":{"@id":"https:\/\/exaudi.org\/es\/torreciudad-celebrara-el-16-de-septiembre-la-31a-jornada-mariana-de-la-familia\/#primaryimage"},"thumbnailUrl":"https:\/\/exaudi.org\/wp-content\/uploads\/2023\/09\/Ven-a-Torreciudad-12-768x512-1.jpg","datePublished":"2023-09-11T12:01:21+00:00","author":{"@id":"https:\/\/exaudi.org\/#\/schema\/person\/f5fc8f063065e38742da7afe15f25df7"},"breadcrumb":{"@id":"https:\/\/exaudi.org\/es\/torreciudad-celebrara-el-16-de-septiembre-la-31a-jornada-mariana-de-la-familia\/#breadcrumb"},"inLanguage":"es","potentialAction":[{"@type":"ReadAction","target":["https:\/\/exaudi.org\/es\/torreciudad-celebrara-el-16-de-septiembre-la-31a-jornada-mariana-de-la-familia\/"]}]},{"@type":"ImageObject","inLanguage":"es","@id":"https:\/\/exaudi.org\/es\/torreciudad-celebrara-el-16-de-septiembre-la-31a-jornada-mariana-de-la-familia\/#primaryimage","url":"https:\/\/exaudi.org\/wp-content\/uploads\/2023\/09\/Ven-a-Torreciudad-12-768x512-1.jpg","contentUrl":"https:\/\/exaudi.org\/wp-content\/uploads\/2023\/09\/Ven-a-Torreciudad-12-768x512-1.jpg","width":768,"height":512},{"@type":"BreadcrumbList","@id":"https:\/\/exaudi.org\/es\/torreciudad-celebrara-el-16-de-septiembre-la-31a-jornada-mariana-de-la-familia\/#breadcrumb","itemListElement":[{"@type":"ListItem","position":1,"name":"Portada","item":"https:\/\/exaudi.org\/es\/"},{"@type":"ListItem","position":2,"name":"Torreciudad celebrar\u00e1 el 16 de septiembre la 31\u00aa Jornada Mariana de la Familia"}]},{"@type":"WebSite","@id":"https:\/\/exaudi.org\/#website","url":"https:\/\/exaudi.org\/","name":"Exaudi","description":"News","potentialAction":[{"@type":"SearchAction","target":{"@type":"EntryPoint","urlTemplate":"https:\/\/exaudi.org\/?s={search_term_string}"},"query-input":{"@type":"PropertyValueSpecification","valueRequired":true,"valueName":"search_term_string"}}],"inLanguage":"es"},{"@type":"Person","@id":"https:\/\/exaudi.org\/#\/schema\/person\/f5fc8f063065e38742da7afe15f25df7","name":"Exaudi Redacci\u00f3n","image":{"@type":"ImageObject","inLanguage":"es","@id":"https:\/\/secure.gravatar.com\/avatar\/fe0f6a059fb68d9b3e11bc5850dd4899b1c7492091a3cb6dd9b01b56ad828be2?s=96&d=mm&r=g","url":"https:\/\/secure.gravatar.com\/avatar\/fe0f6a059fb68d9b3e11bc5850dd4899b1c7492091a3cb6dd9b01b56ad828be2?s=96&d=mm&r=g","contentUrl":"https:\/\/secure.gravatar.com\/avatar\/fe0f6a059fb68d9b3e11bc5850dd4899b1c7492091a3cb6dd9b01b56ad828be2?s=96&d=mm&r=g","caption":"Exaudi Redacci\u00f3n"},"description":"\u00bfQu\u00e9 es Exaudi News? Exaudi News es un medio de comunicaci\u00f3n cat\u00f3lico internacional que informa, forma y transforma, diariamente en espa\u00f1ol, ingl\u00e9s e italiano. A trav\u00e9s de noticias, art\u00edculos de an\u00e1lisis y transmisiones en directo de los eventos del Papa, Exaudi busca fortalecer la unidad de los cristianos y contribuir a la evangelizaci\u00f3n del mundo, siempre guiados por la doctrina social de la Iglesia. Trabajamos para acercar la verdad y los valores cristianos a cada rinc\u00f3n del planeta. \u00a1Ay\u00fadanos a transformar el mundo con Exaudi! En Exaudi creemos que la evangelizaci\u00f3n y la informaci\u00f3n de calidad pueden cambiar vidas. Para continuar con nuestra misi\u00f3n y expandir nuestro alcance, necesitamos tu ayuda. Adem\u00e1s, buscamos personas comprometidas que deseen unirse a nuestro equipo. Con tu apoyo, lograremos llegar a m\u00e1s personas, difundir el mensaje de Cristo y reforzar la unidad de los cristianos. \u00bfTe unes a nuestra misi\u00f3n? Para m\u00e1s informaci\u00f3n sobre c\u00f3mo colaborar, visita Exaudi.org\/es o cont\u00e1ctanos directamente: info@exaudi.org Exaudi: Informa, forma y transforma.","sameAs":["https:\/\/www.facebook.com\/ExaudiNoticias\/","https:\/\/www.instagram.com\/exaudi_noticias\/","https:\/\/x.com\/Exaudi_noticias","https:\/\/www.youtube.com\/@exaudicatholicnews"],"url":"https:\/\/exaudi.org\/es\/author\/redaccionexaudi\/"}]}},"jetpack_featured_media_url":"https:\/\/exaudi.org\/wp-content\/uploads\/2023\/09\/Ven-a-Torreciudad-12-768x512-1.jpg","jetpack_shortlink":"https:\/\/wp.me\/pgKjF2-lFp","_links":{"self":[{"href":"https:\/\/exaudi.org\/es\/wp-json\/wp\/v2\/posts\/83291","targetHints":{"allow":["GET"]}}],"collection":[{"href":"https:\/\/exaudi.org\/es\/wp-json\/wp\/v2\/posts"}],"about":[{"href":"https:\/\/exaudi.org\/es\/wp-json\/wp\/v2\/types\/post"}],"author":[{"embeddable":true,"href":"https:\/\/exaudi.org\/es\/wp-json\/wp\/v2\/users\/15"}],"replies":[{"embeddable":true,"href":"https:\/\/exaudi.org\/es\/wp-json\/wp\/v2\/comments?post=83291"}],"version-history":[{"count":0,"href":"https:\/\/exaudi.org\/es\/wp-json\/wp\/v2\/posts\/83291\/revisions"}],"wp:featuredmedia":[{"embeddable":true,"href":"https:\/\/exaudi.org\/es\/wp-json\/wp\/v2\/media\/83292"}],"wp:attachment":[{"href":"https:\/\/exaudi.org\/es\/wp-json\/wp\/v2\/media?parent=83291"}],"wp:term":[{"taxonomy":"category","embeddable":true,"href":"https:\/\/exaudi.org\/es\/wp-json\/wp\/v2\/categories?post=83291"},{"taxonomy":"post_tag","embeddable":true,"href":"https:\/\/exaudi.org\/es\/wp-json\/wp\/v2\/tags?post=83291"}],"curies":[{"name":"wp","href":"https:\/\/api.w.org\/{rel}","templated":true}]}}