{"id":8329,"date":"2026-03-30T07:30:24","date_gmt":"2026-03-30T05:30:24","guid":{"rendered":"https:\/\/exaudi.org\/?p=8329"},"modified":"2026-03-30T09:24:02","modified_gmt":"2026-03-30T07:24:02","slug":"san-pedro-regalado-30-marzo","status":"publish","type":"post","link":"https:\/\/exaudi.org\/es\/san-pedro-regalado-30-marzo\/","title":{"rendered":"San Pedro Regalado, 30 de marzo"},"content":{"rendered":"<p><span style=\"font-weight: 400;\">San Pedro Regalado y de la Costanilla naci\u00f3 en Valladolid, Espa\u00f1a, hacia 1390. Perdi\u00f3 a su padre siendo muy peque\u00f1o. Su madre lo llevaba temprano al convento de San Francisco donde actuaba como monaguillo, por lo que f\u00e1cilmente se estableci\u00f3 un v\u00ednculo entra\u00f1able con los religiosos a los que acompa\u00f1aba en la santa misa, despertando en \u00e9l una temprana vocaci\u00f3n. A los 13 a\u00f1os ingres\u00f3 en el convento.\u00a0<\/span><\/p>\n<p><iframe title=\"Spotify Embed: San Pedro Regalado, 30 de marzo\" style=\"border-radius: 12px\" width=\"100%\" height=\"152\" frameborder=\"0\" allowfullscreen allow=\"autoplay; clipboard-write; encrypted-media; fullscreen; picture-in-picture\" loading=\"lazy\" src=\"https:\/\/open.spotify.com\/embed\/episode\/16f7vmEDbsX7q9n5TFjH8C?si=1fpe1nrySDm2EPyo8YWouw&amp;context=spotify%3Ashow%3A2yh3xbVwh4e1WksFGord4D&amp;utm_source=oembed\"><\/iframe><\/p>\n<p><span style=\"font-weight: 400;\">Era jovenc\u00edsimo cuando le impusieron el h\u00e1bito. Los muros de los claustros albergaban a personas sin escr\u00fapulos ni vocaci\u00f3n. Se hab\u00edan recluido en esos recintos con variadas y distintas intenciones, lo cual se evidenciaba en una falta de esp\u00edritu religioso. A nada de ello fue ajeno el momento hist\u00f3rico que propici\u00f3 numerosos arribismos de esta naturaleza.<\/span><\/p>\n<p><span style=\"font-weight: 400;\"> En esa \u00e9poca, el venerable fray Pedro de Villacreces, egregio maestro en teolog\u00eda por las universidades de Par\u00eds, Toulouse y Salamanca, estaba dispuesto a actuar para renovar la vida mon\u00e1stica que se hab\u00eda impregnado de muchas sombras proyectadas en ella al margen de la consagraci\u00f3n. Con este objetivo, el obispo de Osma le autoriz\u00f3 a fundar por tierras burgalesas.\u00a0<\/span><\/p>\n<p><span style=\"font-weight: 400;\">En 1404 lleg\u00f3 a Valladolid. Proced\u00eda de las cuevas de Arlanza y del eremitorio de La Salceda donde se hallaba buscando seguidores para secundarle en tan delicada misi\u00f3n. Cuando Pedro Regalado lo conoci\u00f3 a sus 14 a\u00f1os, entr\u00f3 en inmediata sinton\u00eda con \u00e9l. La diferencia de edad \u2013el fraile superaba los 60\u2013, nunca fue un muro entre ambos; todo lo contrario. <\/span><\/p>\n<p><span style=\"font-weight: 400;\">Y es que los dos compart\u00edan el anhelo de conquistar la santidad, y ante este alt\u00edsimo fin nada se interpone. Entonces fray Pedro ya era considerado santo por muchos, y fue instructor del joven que aprendi\u00f3 a estimar junto al fraile el cumplimiento de la observancia franciscana.\u00a0<\/span><\/p>\n<p><span style=\"font-weight: 400;\">Unidos partieron rumbo a La Aguilera, lugar colindante a Aranda de Duero, para fundar un convento. Con sumo gozo, y sin temor a la austeridad porque buscaba la gloria de Dios con todas sus fuerzas, se abraz\u00f3 el muchacho al rigor de la regla. Y no era balad\u00ed. De las veinticuatro horas que tiene el d\u00eda, diez estaban destinadas a la oraci\u00f3n comunitaria y personal, trabajo y limosna. <\/span><\/p>\n<p><span style=\"font-weight: 400;\">\u00c9ste era, en esencia, el plan cotidiano. El bondadoso fraile se ocup\u00f3 de formar a san Pedro Regalado para el sacerdocio. \u00c9ste celebr\u00f3 su primera misa en la ermita del convento en 1412. De alg\u00fan modo era su credencial para realizar el apostolado en la cuenca media del Duero. Su virtud, percibida en palabras y gestos, era bendecida con hechos prodigiosos por los que fue reconocido como \u201cel santo del Duero\u201d. <\/span><\/p>\n<p><span style=\"font-weight: 400;\">Nadie quedaba indiferente ante sus dotes taumat\u00fargicas. Fray Pedro de Villacreces pod\u00eda respirar tranquilo; Dios hab\u00eda bendecido a la Orden con un gran santo. Durante once a\u00f1os cumpli\u00f3 con alegr\u00eda las humildes misiones que le encomendaron. Ofrec\u00eda limosnas a los pobres que llegaban al convento, trabaj\u00f3 en la cocina como ayudante, y fue sacrist\u00e1n, entre otras.\u00a0<\/span><\/p>\n<p><span style=\"font-weight: 400;\">En 1415 cuando fray Pedro fund\u00f3 El Abrojo en la provincia de Valladolid, su disc\u00edpulo estaba tan bien formado y hab\u00eda dado tales muestras de virtud que no dud\u00f3 en elegirlo maestro de novicios. Y como tal prosigui\u00f3 su vida de intens\u00edsima mortificaci\u00f3n y penitencia. Recorr\u00eda el entorno como un consumado predicador. <\/span><\/p>\n<p><span style=\"font-weight: 400;\">Con su sencillez y ardor apost\u00f3lico arrebataba numerosas conversiones. Todos acud\u00edan a \u00e9l con el coraz\u00f3n contrito y la certeza de que saldr\u00edan plenamente renovados despu\u00e9s de mostrarle las huellas de sus heridas. Nada tiene de particular que en octubre de 1422, cuando se produjo la muerte de Villacreces, tras el cap\u00edtulo de Pe\u00f1afiel los religiosos de las dos casas fundadas por \u00e9l pensaran en Pedro Regalado para que siguiera al frente de todos como prelado o vicario. <\/span><\/p>\n<p><span style=\"font-weight: 400;\">Y no se equivocaron. La reforma se extendi\u00f3 como un floreciente rosario de nuevas fundaciones, conocidas como \u201clas siete de la fama\u201d.\u00a0<\/span><\/p>\n<p><span style=\"font-weight: 400;\">San Pedro Regalado, con su inflamada devoci\u00f3n por la Eucarist\u00eda, la Pasi\u00f3n de Cristo y Mar\u00eda, hilvanaba las jornadas consumi\u00e9ndose en oraci\u00f3n y sacrificios, sosteniendo el rigor de la regla que hab\u00eda heredado. Toda disciplina cab\u00eda en su acontecer. Los habitantes del lugar sab\u00edan de su severo ascetismo. <\/span><\/p>\n<p><span style=\"font-weight: 400;\">Ve\u00edan su escu\u00e1lida figura perfilada sobre el cerro del \u00c1guila, rebosante de austeridades, portando los s\u00edmbolos del Redentor: cruz, corona de espinas y soga, mientras realizaba el Via Crucis.\u00a0<\/span><\/p>\n<p><span style=\"font-weight: 400;\">Los milagros se suced\u00edan, como tambi\u00e9n los favores celestiales que recib\u00eda. Uno de ellos, quiz\u00e1 el m\u00e1s renombrado, alude a un 25 de marzo, festividad de la Anunciaci\u00f3n; estuvo vinculado a su amor por Mar\u00eda. Fue Ella quien debi\u00f3 colmar el anhelo del santo de poder postrarse ante su imagen en la iglesia de La Aguilera mientras rezaba maitines. <\/span><\/p>\n<p><span style=\"font-weight: 400;\">El lugar distaba unos ochenta km. del Abrojo. Pero los \u00e1ngeles hicieron posible este sue\u00f1o de Pedro traslad\u00e1ndole en un santiam\u00e9n al templo, mientras una estrella que simbolizaba a la Virgen los conduc\u00eda. Devuelto del mismo modo al convento, una vez hubo cumplido su anhelo, todo se produjo en tan brev\u00edsimo espacio de tiempo que ninguno de sus hermanos lleg\u00f3 a percatarse de su ausencia, ignorando lo concerniente a este hecho prodigioso.\u00a0<\/span><\/p>\n<p><span style=\"font-weight: 400;\">En 1456 Pedro viaj\u00f3 a San Antonio de Fresneda, cerca de Belorado, y se reuni\u00f3 con un religioso antiguo compa\u00f1ero suyo que se hallaba enfermo. Tambi\u00e9n \u00e9l regres\u00f3 al Abrojo debilitado. Ante la cercan\u00eda de su muerte, se traslad\u00f3 a La Aguilera y el 30 de marzo de ese a\u00f1o entreg\u00f3 su alma a Dios. <\/span><\/p>\n<p><span style=\"font-weight: 400;\">Cuando en el est\u00edo de 1493 la reina Isabel la Cat\u00f3lica visit\u00f3 el convento, se dirigi\u00f3 a las damas de su s\u00e9quito y aludiendo a la tumba de san Pedro Regalado, dijo: \u201cPisad despacio, que debajo de estas losas descansan los huesos de un santo\u201d. Fue beatificado por Inocencio XI el 17 de agosto de 1683. Benedicto XIV lo canoniz\u00f3 el 29 de junio de 1746. Es el Patr\u00f3n de Valladolid.<\/span><\/p>\n<p><img loading=\"lazy\" decoding=\"async\" class=\"size-full wp-image-158178 alignnone\" src=\"https:\/\/exaudi.org\/wp-content\/uploads\/2025\/03\/Copia-de-Santoral-3.jpg\" alt=\"\" width=\"1080\" height=\"1080\" srcset=\"https:\/\/exaudi.org\/wp-content\/uploads\/2025\/03\/Copia-de-Santoral-3.jpg 1080w, https:\/\/exaudi.org\/wp-content\/uploads\/2025\/03\/Copia-de-Santoral-3-300x300.jpg 300w, https:\/\/exaudi.org\/wp-content\/uploads\/2025\/03\/Copia-de-Santoral-3-1024x1024.jpg 1024w, https:\/\/exaudi.org\/wp-content\/uploads\/2025\/03\/Copia-de-Santoral-3-100x100.jpg?crop=1 100w, https:\/\/exaudi.org\/wp-content\/uploads\/2025\/03\/Copia-de-Santoral-3-770x770.jpg 770w, https:\/\/exaudi.org\/wp-content\/uploads\/2025\/03\/Copia-de-Santoral-3-500x500.jpg 500w\" sizes=\"auto, (max-width: 1080px) 100vw, 1080px\" \/><\/p>\n<p><img loading=\"lazy\" decoding=\"async\" class=\"alignright wp-image-2208\" src=\"https:\/\/exaudi.org\/wp-content\/uploads\/2021\/02\/santoral-scaled-1-725x1024.jpg\" alt=\"santoral Isabel Orellana\" width=\"262\" height=\"370\" \/><\/p>\n<div class=\"page\" title=\"Page 4\">\n<div class=\"layoutArea\">\n<div class=\"column\">\n<h6><em>\u00a9 <a href=\"https:\/\/exaudi.org\/es\/author\/isabelorellana\/\" target=\"_blank\" rel=\"noopener noreferrer\">Isabel Orellana Vilches<\/a>, 2018<\/em><br \/>\n<em>Autora vinculada a<\/em><br \/>\n<img loading=\"lazy\" decoding=\"async\" class=\"alignnone size-full wp-image-41949\" src=\"https:\/\/www.idente.org\/wp-content\/uploads\/logo-cedro-v01-843x295-1-e1603384654546.png\" alt=\"\" width=\"80\" height=\"28\" \/><br \/>\nObra protegida por derechos de autor.<br \/>\nInscrita en el Registro de la Propiedad Intelectual el 24 de noviembre de 2014.<br \/>\n________________<br \/>\nDerechos de edici\u00f3n reservados:<br \/>\nFundaci\u00f3n <a href=\"https:\/\/rielo.com\/\" target=\"_blank\" rel=\"noopener noreferrer\">Fernando Rielo<\/a><br \/>\nGoya 20, 4.\u00ba izq. int. 28001 Madrid<br \/>\nTlf.: (34) 91 575 40 91<br \/>\nCorreo electr\u00f3nico: fundacion@rielo.com<\/h6>\n<div class=\"page\" title=\"Page 4\">\n<div class=\"layoutArea\">\n<div class=\"column\">\n<h6>Dep\u00f3sito legal: M-18664-2020<br \/>\nISBN: 978-84-946646-6-3<\/h6>\n<\/div>\n<\/div>\n<\/div>\n<\/div>\n<\/div>\n<\/div>\n","protected":false},"excerpt":{"rendered":"<p>Patr\u00f3n de Valladolid, Espa\u00f1a<\/p>\n","protected":false},"author":23,"featured_media":158174,"comment_status":"closed","ping_status":"closed","sticky":false,"template":"","format":"standard","meta":{"_acf_changed":false,"_crdt_document":"","inline_featured_image":false,"footnotes":""},"categories":[74,2772],"tags":[388,1259,387,58880],"class_list":["post-8329","post","type-post","status-publish","format-standard","has-post-thumbnail","hentry","category-iglesia-y-mundo","category-santoral","tag-isabel-orellana-vilches","tag-san-pedro-regalado","tag-santoral","tag-trending-es-151"],"acf":[],"yoast_head":"<!-- This site is optimized with the Yoast SEO plugin v27.5 - https:\/\/yoast.com\/product\/yoast-seo-wordpress\/ -->\n<title>San Pedro Regalado, 30 de marzo - Exaudi Espa\u00f1a<\/title>\n<meta name=\"description\" content=\"Santoral del 30 de marzo sobre San Pedro Regalado, por Isabel Orellana Vilches y la Fundaci\u00f3n Fernando Rielo.\" \/>\n<meta name=\"robots\" content=\"index, follow, max-snippet:-1, max-image-preview:large, max-video-preview:-1\" \/>\n<link rel=\"canonical\" href=\"https:\/\/exaudi.org\/es\/san-pedro-regalado-30-marzo\/\" \/>\n<meta property=\"og:locale\" content=\"es_ES\" \/>\n<meta property=\"og:type\" content=\"article\" \/>\n<meta property=\"og:title\" content=\"San Pedro Regalado, 30 de marzo - Exaudi Espa\u00f1a\" \/>\n<meta property=\"og:description\" content=\"Santoral del 30 de marzo sobre San Pedro Regalado, por Isabel Orellana Vilches y la Fundaci\u00f3n Fernando Rielo.\" \/>\n<meta property=\"og:url\" content=\"https:\/\/exaudi.org\/es\/san-pedro-regalado-30-marzo\/\" \/>\n<meta property=\"og:site_name\" content=\"Exaudi\" \/>\n<meta property=\"article:publisher\" content=\"https:\/\/www.facebook.com\/ExaudiNews\" \/>\n<meta property=\"article:published_time\" content=\"2026-03-30T05:30:24+00:00\" \/>\n<meta property=\"article:modified_time\" content=\"2026-03-30T07:24:02+00:00\" \/>\n<meta property=\"og:image\" content=\"https:\/\/exaudi.org\/wp-content\/uploads\/2025\/03\/san-pedro-regalado_70.png\" \/>\n\t<meta property=\"og:image:width\" content=\"480\" \/>\n\t<meta property=\"og:image:height\" content=\"270\" \/>\n\t<meta property=\"og:image:type\" content=\"image\/png\" \/>\n<meta name=\"author\" content=\"Isabel Orellana\" \/>\n<meta name=\"twitter:card\" content=\"summary_large_image\" \/>\n<meta name=\"twitter:creator\" content=\"@Exaudi_News\" \/>\n<meta name=\"twitter:site\" content=\"@Exaudi_News\" \/>\n<meta name=\"twitter:label1\" content=\"Escrito por\" \/>\n\t<meta name=\"twitter:data1\" content=\"Isabel Orellana\" \/>\n\t<meta name=\"twitter:label2\" content=\"Tiempo de lectura\" \/>\n\t<meta name=\"twitter:data2\" content=\"5 minutos\" \/>\n<script type=\"application\/ld+json\" class=\"yoast-schema-graph\">{\"@context\":\"https:\\\/\\\/schema.org\",\"@graph\":[{\"@type\":\"Article\",\"@id\":\"https:\\\/\\\/exaudi.org\\\/es\\\/san-pedro-regalado-30-marzo\\\/#article\",\"isPartOf\":{\"@id\":\"https:\\\/\\\/exaudi.org\\\/es\\\/san-pedro-regalado-30-marzo\\\/\"},\"author\":{\"name\":\"Isabel Orellana\",\"@id\":\"https:\\\/\\\/exaudi.org\\\/#\\\/schema\\\/person\\\/64e18b96fd6118559a9217b5b3375fdc\"},\"headline\":\"San Pedro Regalado, 30 de marzo\",\"datePublished\":\"2026-03-30T05:30:24+00:00\",\"dateModified\":\"2026-03-30T07:24:02+00:00\",\"mainEntityOfPage\":{\"@id\":\"https:\\\/\\\/exaudi.org\\\/es\\\/san-pedro-regalado-30-marzo\\\/\"},\"wordCount\":1120,\"image\":{\"@id\":\"https:\\\/\\\/exaudi.org\\\/es\\\/san-pedro-regalado-30-marzo\\\/#primaryimage\"},\"thumbnailUrl\":\"https:\\\/\\\/exaudi.org\\\/wp-content\\\/uploads\\\/2025\\\/03\\\/san-pedro-regalado_70.png\",\"keywords\":[\"Isabel Orellana Vilches\",\"San Pedro Regalado\",\"Santoral\",\"Trending\"],\"articleSection\":[\"Iglesia y Mundo\",\"Santoral\"],\"inLanguage\":\"es\"},{\"@type\":\"WebPage\",\"@id\":\"https:\\\/\\\/exaudi.org\\\/es\\\/san-pedro-regalado-30-marzo\\\/\",\"url\":\"https:\\\/\\\/exaudi.org\\\/es\\\/san-pedro-regalado-30-marzo\\\/\",\"name\":\"San Pedro Regalado, 30 de marzo - Exaudi Espa\u00f1a\",\"isPartOf\":{\"@id\":\"https:\\\/\\\/exaudi.org\\\/#website\"},\"primaryImageOfPage\":{\"@id\":\"https:\\\/\\\/exaudi.org\\\/es\\\/san-pedro-regalado-30-marzo\\\/#primaryimage\"},\"image\":{\"@id\":\"https:\\\/\\\/exaudi.org\\\/es\\\/san-pedro-regalado-30-marzo\\\/#primaryimage\"},\"thumbnailUrl\":\"https:\\\/\\\/exaudi.org\\\/wp-content\\\/uploads\\\/2025\\\/03\\\/san-pedro-regalado_70.png\",\"datePublished\":\"2026-03-30T05:30:24+00:00\",\"dateModified\":\"2026-03-30T07:24:02+00:00\",\"author\":{\"@id\":\"https:\\\/\\\/exaudi.org\\\/#\\\/schema\\\/person\\\/64e18b96fd6118559a9217b5b3375fdc\"},\"description\":\"Santoral del 30 de marzo sobre San Pedro Regalado, por Isabel Orellana Vilches y la Fundaci\u00f3n Fernando Rielo.\",\"breadcrumb\":{\"@id\":\"https:\\\/\\\/exaudi.org\\\/es\\\/san-pedro-regalado-30-marzo\\\/#breadcrumb\"},\"inLanguage\":\"es\",\"potentialAction\":[{\"@type\":\"ReadAction\",\"target\":[\"https:\\\/\\\/exaudi.org\\\/es\\\/san-pedro-regalado-30-marzo\\\/\"]}]},{\"@type\":\"ImageObject\",\"inLanguage\":\"es\",\"@id\":\"https:\\\/\\\/exaudi.org\\\/es\\\/san-pedro-regalado-30-marzo\\\/#primaryimage\",\"url\":\"https:\\\/\\\/exaudi.org\\\/wp-content\\\/uploads\\\/2025\\\/03\\\/san-pedro-regalado_70.png\",\"contentUrl\":\"https:\\\/\\\/exaudi.org\\\/wp-content\\\/uploads\\\/2025\\\/03\\\/san-pedro-regalado_70.png\",\"width\":480,\"height\":270},{\"@type\":\"BreadcrumbList\",\"@id\":\"https:\\\/\\\/exaudi.org\\\/es\\\/san-pedro-regalado-30-marzo\\\/#breadcrumb\",\"itemListElement\":[{\"@type\":\"ListItem\",\"position\":1,\"name\":\"Portada\",\"item\":\"https:\\\/\\\/exaudi.org\\\/es\\\/\"},{\"@type\":\"ListItem\",\"position\":2,\"name\":\"San Pedro Regalado, 30 de marzo\"}]},{\"@type\":\"WebSite\",\"@id\":\"https:\\\/\\\/exaudi.org\\\/#website\",\"url\":\"https:\\\/\\\/exaudi.org\\\/\",\"name\":\"Exaudi\",\"description\":\"News\",\"potentialAction\":[{\"@type\":\"SearchAction\",\"target\":{\"@type\":\"EntryPoint\",\"urlTemplate\":\"https:\\\/\\\/exaudi.org\\\/?s={search_term_string}\"},\"query-input\":{\"@type\":\"PropertyValueSpecification\",\"valueRequired\":true,\"valueName\":\"search_term_string\"}}],\"inLanguage\":\"es\"},{\"@type\":\"Person\",\"@id\":\"https:\\\/\\\/exaudi.org\\\/#\\\/schema\\\/person\\\/64e18b96fd6118559a9217b5b3375fdc\",\"name\":\"Isabel Orellana\",\"image\":{\"@type\":\"ImageObject\",\"inLanguage\":\"es\",\"@id\":\"https:\\\/\\\/secure.gravatar.com\\\/avatar\\\/51968380bbb6b22ae85c605634860366fd9a2a611c6341125115bca32cd6c171?s=96&d=mm&r=g\",\"url\":\"https:\\\/\\\/secure.gravatar.com\\\/avatar\\\/51968380bbb6b22ae85c605634860366fd9a2a611c6341125115bca32cd6c171?s=96&d=mm&r=g\",\"contentUrl\":\"https:\\\/\\\/secure.gravatar.com\\\/avatar\\\/51968380bbb6b22ae85c605634860366fd9a2a611c6341125115bca32cd6c171?s=96&d=mm&r=g\",\"caption\":\"Isabel Orellana\"},\"description\":\"Isabel Orellana Vilches Misionera idente. Doctora en Filosof\u00eda por la Universidad Aut\u00f3noma de Barcelona con la tesis Realismo y progreso cient\u00edfico en la epistemolog\u00eda popperiana. Ha cursado estudios de teolog\u00eda en la Universidad Pontificia de Salamanca. Con amplia actividad docente desde 1986, ha publicado libros como: Realismo y progreso cient\u00edfico en la epistemolog\u00eda popperiana, Universitat Aut\u00f2noma de Barcelona, 1993; El evangelio habla a los j\u00f3venes, Atenas, Madrid, 1997; Qu\u00e9 es... LA TOLERANCIA, Paulinas, Madrid, 1999; Pedagog\u00eda del dolor. Ensayo antropol\u00f3gico, Palabra, Madrid, 1999; En colaboraci\u00f3n con Enrique Rivera de Ventosa (\u2020) OFM. Cap. San Francisco de As\u00eds y Fernando Rielo: Convergencias. Respuestas desde la fe a los interrogantes del hombre de hoy, Universidad Pontificia, Salamanca, 2001; La \\\"mirada\\\" del cine. Recursos did\u00e1cticos del s\u00e9ptimo arte. Librer\u00eda Cervantes, Salamanca, 2001; Paradojas de la convivencia, San Pablo, Madrid, 2002; En la Universidad T\u00e9cnica Particular de Loja, Ecuador, ha publicado: La confianza. El arte de amar, 2002; Educar para la responsabilidad, 2003; Apuntes de \u00e9tica en Karl R. Popper, 2003; De soledades y comunicaci\u00f3n, 2005; Yo educo; t\u00fa respondes, 2008; Humanismo y fe en un crisol de culturas, 2008; Repensar lo cotidiano, 2008; Convivir: un constante desaf\u00edo, 2009; La l\u00f3gica del amor, 2010; El dolor del amor. Apuntes sobre la enfermedad y el dolor en relaci\u00f3n con la virtud heroica, el martirio y la vida santa. Seminario Diocesano de M\u00e1laga, 2006 y Universidad T\u00e9cnica Particular de Loja, Ecuador (2007). Cuenta con numerosas colaboraciones en obras colectivas, as\u00ed como relatos, cuentos, f\u00e1bula y novela juvenil, adem\u00e1s de art\u00edculos de tem\u00e1tica cient\u00edfica, pedag\u00f3gica y espiritual, que viene publicando en distintas revistas nacionales e internacionales. En 2012 culmin\u00f3 el santoral Llamados a ser santos y poco m\u00e1s tarde Epopeyas de amor prologado por mons. Fernando Sebasti\u00e1n. Es la bi\u00f3grafa oficial del fundador de su familia espiritual, autora de Fernando Rielo Pardal. Fundador de los Misioneros Identes, Descl\u00e9e de Brouwer, Bilbao, 2009. Culmina la biograf\u00eda completa. Encargada del santoral de ZENIT desde 2012 a 2020 y ahora en Exaudi\",\"url\":\"https:\\\/\\\/exaudi.org\\\/es\\\/author\\\/isabelorellana\\\/\"}]}<\/script>\n<!-- \/ Yoast SEO plugin. -->","yoast_head_json":{"title":"San Pedro Regalado, 30 de marzo - Exaudi Espa\u00f1a","description":"Santoral del 30 de marzo sobre San Pedro Regalado, por Isabel Orellana Vilches y la Fundaci\u00f3n Fernando Rielo.","robots":{"index":"index","follow":"follow","max-snippet":"max-snippet:-1","max-image-preview":"max-image-preview:large","max-video-preview":"max-video-preview:-1"},"canonical":"https:\/\/exaudi.org\/es\/san-pedro-regalado-30-marzo\/","og_locale":"es_ES","og_type":"article","og_title":"San Pedro Regalado, 30 de marzo - Exaudi Espa\u00f1a","og_description":"Santoral del 30 de marzo sobre San Pedro Regalado, por Isabel Orellana Vilches y la Fundaci\u00f3n Fernando Rielo.","og_url":"https:\/\/exaudi.org\/es\/san-pedro-regalado-30-marzo\/","og_site_name":"Exaudi","article_publisher":"https:\/\/www.facebook.com\/ExaudiNews","article_published_time":"2026-03-30T05:30:24+00:00","article_modified_time":"2026-03-30T07:24:02+00:00","og_image":[{"width":480,"height":270,"url":"https:\/\/exaudi.org\/wp-content\/uploads\/2025\/03\/san-pedro-regalado_70.png","type":"image\/png"}],"author":"Isabel Orellana","twitter_card":"summary_large_image","twitter_creator":"@Exaudi_News","twitter_site":"@Exaudi_News","twitter_misc":{"Escrito por":"Isabel Orellana","Tiempo de lectura":"5 minutos"},"schema":{"@context":"https:\/\/schema.org","@graph":[{"@type":"Article","@id":"https:\/\/exaudi.org\/es\/san-pedro-regalado-30-marzo\/#article","isPartOf":{"@id":"https:\/\/exaudi.org\/es\/san-pedro-regalado-30-marzo\/"},"author":{"name":"Isabel Orellana","@id":"https:\/\/exaudi.org\/#\/schema\/person\/64e18b96fd6118559a9217b5b3375fdc"},"headline":"San Pedro Regalado, 30 de marzo","datePublished":"2026-03-30T05:30:24+00:00","dateModified":"2026-03-30T07:24:02+00:00","mainEntityOfPage":{"@id":"https:\/\/exaudi.org\/es\/san-pedro-regalado-30-marzo\/"},"wordCount":1120,"image":{"@id":"https:\/\/exaudi.org\/es\/san-pedro-regalado-30-marzo\/#primaryimage"},"thumbnailUrl":"https:\/\/exaudi.org\/wp-content\/uploads\/2025\/03\/san-pedro-regalado_70.png","keywords":["Isabel Orellana Vilches","San Pedro Regalado","Santoral","Trending"],"articleSection":["Iglesia y Mundo","Santoral"],"inLanguage":"es"},{"@type":"WebPage","@id":"https:\/\/exaudi.org\/es\/san-pedro-regalado-30-marzo\/","url":"https:\/\/exaudi.org\/es\/san-pedro-regalado-30-marzo\/","name":"San Pedro Regalado, 30 de marzo - Exaudi Espa\u00f1a","isPartOf":{"@id":"https:\/\/exaudi.org\/#website"},"primaryImageOfPage":{"@id":"https:\/\/exaudi.org\/es\/san-pedro-regalado-30-marzo\/#primaryimage"},"image":{"@id":"https:\/\/exaudi.org\/es\/san-pedro-regalado-30-marzo\/#primaryimage"},"thumbnailUrl":"https:\/\/exaudi.org\/wp-content\/uploads\/2025\/03\/san-pedro-regalado_70.png","datePublished":"2026-03-30T05:30:24+00:00","dateModified":"2026-03-30T07:24:02+00:00","author":{"@id":"https:\/\/exaudi.org\/#\/schema\/person\/64e18b96fd6118559a9217b5b3375fdc"},"description":"Santoral del 30 de marzo sobre San Pedro Regalado, por Isabel Orellana Vilches y la Fundaci\u00f3n Fernando Rielo.","breadcrumb":{"@id":"https:\/\/exaudi.org\/es\/san-pedro-regalado-30-marzo\/#breadcrumb"},"inLanguage":"es","potentialAction":[{"@type":"ReadAction","target":["https:\/\/exaudi.org\/es\/san-pedro-regalado-30-marzo\/"]}]},{"@type":"ImageObject","inLanguage":"es","@id":"https:\/\/exaudi.org\/es\/san-pedro-regalado-30-marzo\/#primaryimage","url":"https:\/\/exaudi.org\/wp-content\/uploads\/2025\/03\/san-pedro-regalado_70.png","contentUrl":"https:\/\/exaudi.org\/wp-content\/uploads\/2025\/03\/san-pedro-regalado_70.png","width":480,"height":270},{"@type":"BreadcrumbList","@id":"https:\/\/exaudi.org\/es\/san-pedro-regalado-30-marzo\/#breadcrumb","itemListElement":[{"@type":"ListItem","position":1,"name":"Portada","item":"https:\/\/exaudi.org\/es\/"},{"@type":"ListItem","position":2,"name":"San Pedro Regalado, 30 de marzo"}]},{"@type":"WebSite","@id":"https:\/\/exaudi.org\/#website","url":"https:\/\/exaudi.org\/","name":"Exaudi","description":"News","potentialAction":[{"@type":"SearchAction","target":{"@type":"EntryPoint","urlTemplate":"https:\/\/exaudi.org\/?s={search_term_string}"},"query-input":{"@type":"PropertyValueSpecification","valueRequired":true,"valueName":"search_term_string"}}],"inLanguage":"es"},{"@type":"Person","@id":"https:\/\/exaudi.org\/#\/schema\/person\/64e18b96fd6118559a9217b5b3375fdc","name":"Isabel Orellana","image":{"@type":"ImageObject","inLanguage":"es","@id":"https:\/\/secure.gravatar.com\/avatar\/51968380bbb6b22ae85c605634860366fd9a2a611c6341125115bca32cd6c171?s=96&d=mm&r=g","url":"https:\/\/secure.gravatar.com\/avatar\/51968380bbb6b22ae85c605634860366fd9a2a611c6341125115bca32cd6c171?s=96&d=mm&r=g","contentUrl":"https:\/\/secure.gravatar.com\/avatar\/51968380bbb6b22ae85c605634860366fd9a2a611c6341125115bca32cd6c171?s=96&d=mm&r=g","caption":"Isabel Orellana"},"description":"Isabel Orellana Vilches Misionera idente. Doctora en Filosof\u00eda por la Universidad Aut\u00f3noma de Barcelona con la tesis Realismo y progreso cient\u00edfico en la epistemolog\u00eda popperiana. Ha cursado estudios de teolog\u00eda en la Universidad Pontificia de Salamanca. Con amplia actividad docente desde 1986, ha publicado libros como: Realismo y progreso cient\u00edfico en la epistemolog\u00eda popperiana, Universitat Aut\u00f2noma de Barcelona, 1993; El evangelio habla a los j\u00f3venes, Atenas, Madrid, 1997; Qu\u00e9 es... LA TOLERANCIA, Paulinas, Madrid, 1999; Pedagog\u00eda del dolor. Ensayo antropol\u00f3gico, Palabra, Madrid, 1999; En colaboraci\u00f3n con Enrique Rivera de Ventosa (\u2020) OFM. Cap. San Francisco de As\u00eds y Fernando Rielo: Convergencias. Respuestas desde la fe a los interrogantes del hombre de hoy, Universidad Pontificia, Salamanca, 2001; La \"mirada\" del cine. Recursos did\u00e1cticos del s\u00e9ptimo arte. Librer\u00eda Cervantes, Salamanca, 2001; Paradojas de la convivencia, San Pablo, Madrid, 2002; En la Universidad T\u00e9cnica Particular de Loja, Ecuador, ha publicado: La confianza. El arte de amar, 2002; Educar para la responsabilidad, 2003; Apuntes de \u00e9tica en Karl R. Popper, 2003; De soledades y comunicaci\u00f3n, 2005; Yo educo; t\u00fa respondes, 2008; Humanismo y fe en un crisol de culturas, 2008; Repensar lo cotidiano, 2008; Convivir: un constante desaf\u00edo, 2009; La l\u00f3gica del amor, 2010; El dolor del amor. Apuntes sobre la enfermedad y el dolor en relaci\u00f3n con la virtud heroica, el martirio y la vida santa. Seminario Diocesano de M\u00e1laga, 2006 y Universidad T\u00e9cnica Particular de Loja, Ecuador (2007). Cuenta con numerosas colaboraciones en obras colectivas, as\u00ed como relatos, cuentos, f\u00e1bula y novela juvenil, adem\u00e1s de art\u00edculos de tem\u00e1tica cient\u00edfica, pedag\u00f3gica y espiritual, que viene publicando en distintas revistas nacionales e internacionales. En 2012 culmin\u00f3 el santoral Llamados a ser santos y poco m\u00e1s tarde Epopeyas de amor prologado por mons. Fernando Sebasti\u00e1n. Es la bi\u00f3grafa oficial del fundador de su familia espiritual, autora de Fernando Rielo Pardal. Fundador de los Misioneros Identes, Descl\u00e9e de Brouwer, Bilbao, 2009. Culmina la biograf\u00eda completa. Encargada del santoral de ZENIT desde 2012 a 2020 y ahora en Exaudi","url":"https:\/\/exaudi.org\/es\/author\/isabelorellana\/"}]}},"jetpack_featured_media_url":"https:\/\/exaudi.org\/wp-content\/uploads\/2025\/03\/san-pedro-regalado_70.png","jetpack_shortlink":"https:\/\/wp.me\/pgKjF2-2al","_links":{"self":[{"href":"https:\/\/exaudi.org\/es\/wp-json\/wp\/v2\/posts\/8329","targetHints":{"allow":["GET"]}}],"collection":[{"href":"https:\/\/exaudi.org\/es\/wp-json\/wp\/v2\/posts"}],"about":[{"href":"https:\/\/exaudi.org\/es\/wp-json\/wp\/v2\/types\/post"}],"author":[{"embeddable":true,"href":"https:\/\/exaudi.org\/es\/wp-json\/wp\/v2\/users\/23"}],"replies":[{"embeddable":true,"href":"https:\/\/exaudi.org\/es\/wp-json\/wp\/v2\/comments?post=8329"}],"version-history":[{"count":3,"href":"https:\/\/exaudi.org\/es\/wp-json\/wp\/v2\/posts\/8329\/revisions"}],"predecessor-version":[{"id":163694,"href":"https:\/\/exaudi.org\/es\/wp-json\/wp\/v2\/posts\/8329\/revisions\/163694"}],"wp:featuredmedia":[{"embeddable":true,"href":"https:\/\/exaudi.org\/es\/wp-json\/wp\/v2\/media\/158174"}],"wp:attachment":[{"href":"https:\/\/exaudi.org\/es\/wp-json\/wp\/v2\/media?parent=8329"}],"wp:term":[{"taxonomy":"category","embeddable":true,"href":"https:\/\/exaudi.org\/es\/wp-json\/wp\/v2\/categories?post=8329"},{"taxonomy":"post_tag","embeddable":true,"href":"https:\/\/exaudi.org\/es\/wp-json\/wp\/v2\/tags?post=8329"}],"curies":[{"name":"wp","href":"https:\/\/api.w.org\/{rel}","templated":true}]}}