{"id":83188,"date":"2023-09-11T09:30:13","date_gmt":"2023-09-11T07:30:13","guid":{"rendered":"https:\/\/exaudi.org\/?p=83188"},"modified":"2023-09-15T18:15:58","modified_gmt":"2023-09-15T16:15:58","slug":"un-seminarista-asesinado-brutalmente-y-otro-secuestrado-en-nigeria","status":"publish","type":"post","link":"https:\/\/exaudi.org\/es\/un-seminarista-asesinado-brutalmente-y-otro-secuestrado-en-nigeria\/","title":{"rendered":"Un seminarista asesinado brutalmente y otro secuestrado en Nigeria"},"content":{"rendered":"<audio class=\"wp-audio-shortcode\" id=\"audio-83188-1\" preload=\"none\" style=\"width: 100%;\" controls=\"controls\"><source type=\"audio\/mpeg\" src=\"https:\/\/exaudi.org\/wp-content\/uploads\/2023\/09\/Es-ACS.mp3?_=1\" \/><a href=\"https:\/\/exaudi.org\/wp-content\/uploads\/2023\/09\/Es-ACS.mp3\">https:\/\/exaudi.org\/wp-content\/uploads\/2023\/09\/Es-ACS.mp3<\/a><\/audio>\n<p>El terrible incidente tuvo lugar anoche, alrededor de las 8 pm, jueves 07 de septiembre, cuando un gran grupo de bandidos Fulani atacaron e incendiaron la rector\u00eda de la parroquia de San Rafael Fadan Kamantan, en la di\u00f3cesis de Kafanchan, en el estado de Kaduna.<\/p>\n<p>Seg\u00fan la informaci\u00f3n enviada a la organizaci\u00f3n ben\u00e9fica cat\u00f3lica internacional por diferentes fuentes &#8211; y confirmada por el obispo de Kafanchan, Mons. Julius Kundi &#8211; el p\u00e1rroco P. Emmanuel Okolo, y el sacerdote asistente pudieron escapar del fuego, pero un seminarista, Na&#8217;aman Danlami, de 25 a\u00f1os, muri\u00f3 en el ataque.<\/p>\n<p>En declaraciones telef\u00f3nicas a ACN, Mons. Kundi dijo: \u00abLos atacantes ten\u00edan como objetivo secuestrar al p\u00e1rroco. Cuando fracasaron en su intento de entrar en la casa del padre, la incendiaron. Los dos sacerdotes pudieron escapar pero terriblemente el seminarista fue devorado por las llamas.\u00bb<\/p>\n<p>\u00abEl asalto dur\u00f3 m\u00e1s de una hora, pero no hubo reacci\u00f3n ni apoyo de las fuerzas militares. A un kil\u00f3metro de distancia hay un punto de control, pero hubo una ausencia total de reacci\u00f3n. Los ciudadanos nigerianos estamos desprotegidos. Apenas nos beneficiamos de las fuerzas de seguridad\u00bb, explic\u00f3 el obispo.<\/p>\n<p>ACN lamenta el atentado en una larga lista contra miembros y propiedades de la Iglesia en Nigeria. Un incidente muy similar tuvo lugar en enero de 2022, cuando el sacerdote cat\u00f3lico <a href=\"https:\/\/acninternational.org\/priest-killed-in-attack-in-northern-nigeria\/\" target=\"_blank\" rel=\"noopener\">padre Isaac Achi fue asesinado<\/a> y quemado en su rectoria. Su asistente, el padre Colins Omeh, sufri\u00f3 heridas de bala.<\/p>\n<p>\u201cEs una perdida terrible. Hemos recuperado el cuerpo de Na&#8217;aman Danlami esta misma ma<strong>\u00f1<\/strong>ana y lo hemos llevado a la morge. Este seminarista es el segundo miembro que perdemos en la di\u00f3cesis a manos de los ataques terroristas de los bandidos fulanis<a href=\"https:\/\/acninternational.org\/another-priest-killed-in-nigeria\/\" target=\"_blank\" rel=\"noopener\">, el a\u00f1o pasado fue secuestrado y brutalmente asesinado el padre John Mark Cheitnum<\/a>, Director de Comunicaciones de la di\u00f3cesis de Kafanchan\u201d, recuerda el obispo.<\/p>\n<p>La noticia de este \u00faltimo ataque en Nigeria llega el mismo d\u00eda en que se informara a la fundaci\u00f3n ACN sobre el secuestro de otro seminarista, Ezequiel Nuhu, raptado ayer en Kaduna, junto con su padre. Nuhu es un seminarista en Abuja y hab\u00eda ido al sur de Kaduna para pasar las vacaciones con su familia.<\/p>\n<p><a href=\"https:\/\/youtu.be\/MmXEYnUpL9E\">Nigeria ha sido un pa\u00eds particularmente peligroso<\/a> para el clero cat\u00f3lico en los \u00faltimos a\u00f1os. En 2022 cuatro sacerdotes fueron asesinados en el pa\u00eds y 28 fueron secuestrados. En 2023 el <a href=\"https:\/\/acninternational.org\/kidnapped-priest-and-seminarian-released-after-three-weeks-captivity-in-nigeria\/\" target=\"_blank\" rel=\"noopener\">n\u00famero de miembros del clero que han sido victima de un secuestro<\/a> ya se eleva a catorce.<\/p>\n<p>Aid to the Church in Need pide oraciones por el descanso de Na&#8217;aman Danlami, por su familia y su comunidad. Tambi\u00e9n reza por la seguridad y la pronta liberaci\u00f3n de Ezequiel Nuhu.<\/p>\n<div style=\"width: 368px;\" class=\"wp-video\"><video class=\"wp-video-shortcode\" id=\"video-83188-1\" width=\"368\" height=\"672\" preload=\"metadata\" controls=\"controls\"><source type=\"video\/mp4\" src=\"https:\/\/exaudi.org\/wp-content\/uploads\/2023\/09\/ACN-20230908-152823.mp4?_=1\" \/><a href=\"https:\/\/exaudi.org\/wp-content\/uploads\/2023\/09\/ACN-20230908-152823.mp4\">https:\/\/exaudi.org\/wp-content\/uploads\/2023\/09\/ACN-20230908-152823.mp4<\/a><\/video><\/div>\n","protected":false},"excerpt":{"rendered":"<p>ACN International denuncia el \u00faltimo atentado a la Iglesia cat\u00f3lica en Nigeria, en el que muri\u00f3 quemado un seminarista de la di\u00f3cesis de Kafanchan, as\u00ed como el secuestro de otro seminarista en el sur de Kaduna<\/p>\n","protected":false},"author":89,"featured_media":83189,"comment_status":"closed","ping_status":"closed","sticky":false,"template":"","format":"standard","meta":{"_acf_changed":false,"_crdt_document":"","inline_featured_image":false,"footnotes":""},"categories":[72,74],"tags":[9122,6296,2025,1618,9987,4953],"class_list":["post-83188","post","type-post","status-publish","format-standard","has-post-thumbnail","hentry","category-analisis","category-iglesia-y-mundo","tag-acn-ayuda-a-la-iglesia-que-sufre","tag-acs-es","tag-asesinato","tag-secuestro","tag-seminarista","tag-trending-es"],"acf":[],"yoast_head":"<!-- This site is optimized with the Yoast SEO plugin v27.4 - https:\/\/yoast.com\/product\/yoast-seo-wordpress\/ -->\n<title>Un seminarista asesinado brutalmente y otro secuestrado en Nigeria &#8211; Exaudi<\/title>\n<meta name=\"robots\" content=\"index, follow, max-snippet:-1, max-image-preview:large, max-video-preview:-1\" \/>\n<link rel=\"canonical\" href=\"https:\/\/exaudi.org\/es\/un-seminarista-asesinado-brutalmente-y-otro-secuestrado-en-nigeria\/\" \/>\n<meta property=\"og:locale\" content=\"es_ES\" \/>\n<meta property=\"og:type\" content=\"article\" \/>\n<meta property=\"og:title\" content=\"Un seminarista asesinado brutalmente y otro secuestrado en Nigeria &#8211; Exaudi\" \/>\n<meta property=\"og:description\" content=\"ACN International denuncia el \u00faltimo atentado a la Iglesia cat\u00f3lica en Nigeria, en el que muri\u00f3 quemado un seminarista de la di\u00f3cesis de Kafanchan, as\u00ed como el secuestro de otro seminarista en el sur de Kaduna\" \/>\n<meta property=\"og:url\" content=\"https:\/\/exaudi.org\/es\/un-seminarista-asesinado-brutalmente-y-otro-secuestrado-en-nigeria\/\" \/>\n<meta property=\"og:site_name\" content=\"Exaudi\" \/>\n<meta property=\"article:publisher\" content=\"https:\/\/www.facebook.com\/ExaudiNews\" \/>\n<meta property=\"article:author\" content=\"https:\/\/www.facebook.com\/ayudaalaiglesianecesitada\/?ref=ts\" \/>\n<meta property=\"article:published_time\" content=\"2023-09-11T07:30:13+00:00\" \/>\n<meta property=\"article:modified_time\" content=\"2023-09-15T16:15:58+00:00\" \/>\n<meta property=\"og:image\" content=\"https:\/\/exaudi.org\/wp-content\/uploads\/2023\/09\/Ezequiel-Nuhu-e1694253075282.jpg\" \/>\n\t<meta property=\"og:image:width\" content=\"612\" \/>\n\t<meta property=\"og:image:height\" content=\"441\" \/>\n\t<meta property=\"og:image:type\" content=\"image\/jpeg\" \/>\n<meta name=\"author\" content=\"Ayuda a la Iglesia Necesitada\" \/>\n<meta name=\"twitter:card\" content=\"summary_large_image\" \/>\n<meta name=\"twitter:creator\" content=\"@https:\/\/x.com\/AyudaIglesNeces\" \/>\n<meta name=\"twitter:site\" content=\"@Exaudi_News\" \/>\n<meta name=\"twitter:label1\" content=\"Escrito por\" \/>\n\t<meta name=\"twitter:data1\" content=\"Ayuda a la Iglesia Necesitada\" \/>\n\t<meta name=\"twitter:label2\" content=\"Tiempo de lectura\" \/>\n\t<meta name=\"twitter:data2\" content=\"2 minutos\" \/>\n<script type=\"application\/ld+json\" class=\"yoast-schema-graph\">{\"@context\":\"https:\\\/\\\/schema.org\",\"@graph\":[{\"@type\":\"Article\",\"@id\":\"https:\\\/\\\/exaudi.org\\\/es\\\/un-seminarista-asesinado-brutalmente-y-otro-secuestrado-en-nigeria\\\/#article\",\"isPartOf\":{\"@id\":\"https:\\\/\\\/exaudi.org\\\/es\\\/un-seminarista-asesinado-brutalmente-y-otro-secuestrado-en-nigeria\\\/\"},\"author\":{\"name\":\"Ayuda a la Iglesia Necesitada\",\"@id\":\"https:\\\/\\\/exaudi.org\\\/#\\\/schema\\\/person\\\/d4906ab3b6c174ffe37d722c51c73317\"},\"headline\":\"Un seminarista asesinado brutalmente y otro secuestrado en Nigeria\",\"datePublished\":\"2023-09-11T07:30:13+00:00\",\"dateModified\":\"2023-09-15T16:15:58+00:00\",\"mainEntityOfPage\":{\"@id\":\"https:\\\/\\\/exaudi.org\\\/es\\\/un-seminarista-asesinado-brutalmente-y-otro-secuestrado-en-nigeria\\\/\"},\"wordCount\":501,\"image\":{\"@id\":\"https:\\\/\\\/exaudi.org\\\/es\\\/un-seminarista-asesinado-brutalmente-y-otro-secuestrado-en-nigeria\\\/#primaryimage\"},\"thumbnailUrl\":\"https:\\\/\\\/exaudi.org\\\/wp-content\\\/uploads\\\/2023\\\/09\\\/Ezequiel-Nuhu-e1694253075282.jpg\",\"keywords\":[\"ACN \u2013 Ayuda a la Iglesia que Sufre\",\"Acs\",\"Asesinato\",\"Secuestro\",\"seminarista\",\"Trending\"],\"articleSection\":[\"An\u00e1lisis\",\"Iglesia y Mundo\"],\"inLanguage\":\"es\"},{\"@type\":\"WebPage\",\"@id\":\"https:\\\/\\\/exaudi.org\\\/es\\\/un-seminarista-asesinado-brutalmente-y-otro-secuestrado-en-nigeria\\\/\",\"url\":\"https:\\\/\\\/exaudi.org\\\/es\\\/un-seminarista-asesinado-brutalmente-y-otro-secuestrado-en-nigeria\\\/\",\"name\":\"Un seminarista asesinado brutalmente y otro secuestrado en Nigeria &#8211; Exaudi\",\"isPartOf\":{\"@id\":\"https:\\\/\\\/exaudi.org\\\/#website\"},\"primaryImageOfPage\":{\"@id\":\"https:\\\/\\\/exaudi.org\\\/es\\\/un-seminarista-asesinado-brutalmente-y-otro-secuestrado-en-nigeria\\\/#primaryimage\"},\"image\":{\"@id\":\"https:\\\/\\\/exaudi.org\\\/es\\\/un-seminarista-asesinado-brutalmente-y-otro-secuestrado-en-nigeria\\\/#primaryimage\"},\"thumbnailUrl\":\"https:\\\/\\\/exaudi.org\\\/wp-content\\\/uploads\\\/2023\\\/09\\\/Ezequiel-Nuhu-e1694253075282.jpg\",\"datePublished\":\"2023-09-11T07:30:13+00:00\",\"dateModified\":\"2023-09-15T16:15:58+00:00\",\"author\":{\"@id\":\"https:\\\/\\\/exaudi.org\\\/#\\\/schema\\\/person\\\/d4906ab3b6c174ffe37d722c51c73317\"},\"breadcrumb\":{\"@id\":\"https:\\\/\\\/exaudi.org\\\/es\\\/un-seminarista-asesinado-brutalmente-y-otro-secuestrado-en-nigeria\\\/#breadcrumb\"},\"inLanguage\":\"es\",\"potentialAction\":[{\"@type\":\"ReadAction\",\"target\":[\"https:\\\/\\\/exaudi.org\\\/es\\\/un-seminarista-asesinado-brutalmente-y-otro-secuestrado-en-nigeria\\\/\"]}]},{\"@type\":\"ImageObject\",\"inLanguage\":\"es\",\"@id\":\"https:\\\/\\\/exaudi.org\\\/es\\\/un-seminarista-asesinado-brutalmente-y-otro-secuestrado-en-nigeria\\\/#primaryimage\",\"url\":\"https:\\\/\\\/exaudi.org\\\/wp-content\\\/uploads\\\/2023\\\/09\\\/Ezequiel-Nuhu-e1694253075282.jpg\",\"contentUrl\":\"https:\\\/\\\/exaudi.org\\\/wp-content\\\/uploads\\\/2023\\\/09\\\/Ezequiel-Nuhu-e1694253075282.jpg\",\"width\":612,\"height\":441},{\"@type\":\"BreadcrumbList\",\"@id\":\"https:\\\/\\\/exaudi.org\\\/es\\\/un-seminarista-asesinado-brutalmente-y-otro-secuestrado-en-nigeria\\\/#breadcrumb\",\"itemListElement\":[{\"@type\":\"ListItem\",\"position\":1,\"name\":\"Portada\",\"item\":\"https:\\\/\\\/exaudi.org\\\/es\\\/\"},{\"@type\":\"ListItem\",\"position\":2,\"name\":\"Un seminarista asesinado brutalmente y otro secuestrado en Nigeria\"}]},{\"@type\":\"WebSite\",\"@id\":\"https:\\\/\\\/exaudi.org\\\/#website\",\"url\":\"https:\\\/\\\/exaudi.org\\\/\",\"name\":\"Exaudi\",\"description\":\"News\",\"potentialAction\":[{\"@type\":\"SearchAction\",\"target\":{\"@type\":\"EntryPoint\",\"urlTemplate\":\"https:\\\/\\\/exaudi.org\\\/?s={search_term_string}\"},\"query-input\":{\"@type\":\"PropertyValueSpecification\",\"valueRequired\":true,\"valueName\":\"search_term_string\"}}],\"inLanguage\":\"es\"},{\"@type\":\"Person\",\"@id\":\"https:\\\/\\\/exaudi.org\\\/#\\\/schema\\\/person\\\/d4906ab3b6c174ffe37d722c51c73317\",\"name\":\"Ayuda a la Iglesia Necesitada\",\"image\":{\"@type\":\"ImageObject\",\"inLanguage\":\"es\",\"@id\":\"https:\\\/\\\/secure.gravatar.com\\\/avatar\\\/18b646e6575a46729bc25d1c374d5965acb9854728a2929ada390e85905160db?s=96&d=mm&r=g\",\"url\":\"https:\\\/\\\/secure.gravatar.com\\\/avatar\\\/18b646e6575a46729bc25d1c374d5965acb9854728a2929ada390e85905160db?s=96&d=mm&r=g\",\"contentUrl\":\"https:\\\/\\\/secure.gravatar.com\\\/avatar\\\/18b646e6575a46729bc25d1c374d5965acb9854728a2929ada390e85905160db?s=96&d=mm&r=g\",\"caption\":\"Ayuda a la Iglesia Necesitada\"},\"description\":\"Ayuda a la Iglesia Necesitada (ACN) es la Fundaci\u00f3n Pontificia que apoya a la Iglesia cat\u00f3lica en su labor evangelizadora en las comunidades m\u00e1s necesitadas, discriminadas y perseguidas del mundo. Cada a\u00f1o, ACN financia m\u00e1s de 5.000 proyectos pastorales y de emergencia humanitaria en m\u00e1s de 130 pa\u00edses. Cuenta con m\u00e1s de 20 oficinas en el mundo (en Espa\u00f1a desde 1965), dedicadas a informar sobre la realidad de estos cristianos; al fomento de la oraci\u00f3n, y a la recaudaci\u00f3n de fondos para la cobertura de proyectos. El 100% de los proyectos que desarrolla ACN se sostienen gracias a los donativos de personas f\u00edsicas u organizaciones que valoran la labor de la Iglesia en el mundo. La Fundaci\u00f3n no recibe subvenciones de organismos p\u00fablicos.\",\"sameAs\":[\"https:\\\/\\\/www.facebook.com\\\/ayudaalaiglesianecesitada\\\/?ref=ts\",\"https:\\\/\\\/www.instagram.com\\\/ayudaiglesianecesitada\\\/\",\"https:\\\/\\\/x.com\\\/https:\\\/\\\/x.com\\\/AyudaIglesNeces\",\"https:\\\/\\\/www.youtube.com\\\/user\\\/AINorg\"],\"url\":\"https:\\\/\\\/exaudi.org\\\/es\\\/author\\\/ayudaalaiglesianecesitada\\\/\"}]}<\/script>\n<!-- \/ Yoast SEO plugin. -->","yoast_head_json":{"title":"Un seminarista asesinado brutalmente y otro secuestrado en Nigeria &#8211; Exaudi","robots":{"index":"index","follow":"follow","max-snippet":"max-snippet:-1","max-image-preview":"max-image-preview:large","max-video-preview":"max-video-preview:-1"},"canonical":"https:\/\/exaudi.org\/es\/un-seminarista-asesinado-brutalmente-y-otro-secuestrado-en-nigeria\/","og_locale":"es_ES","og_type":"article","og_title":"Un seminarista asesinado brutalmente y otro secuestrado en Nigeria &#8211; Exaudi","og_description":"ACN International denuncia el \u00faltimo atentado a la Iglesia cat\u00f3lica en Nigeria, en el que muri\u00f3 quemado un seminarista de la di\u00f3cesis de Kafanchan, as\u00ed como el secuestro de otro seminarista en el sur de Kaduna","og_url":"https:\/\/exaudi.org\/es\/un-seminarista-asesinado-brutalmente-y-otro-secuestrado-en-nigeria\/","og_site_name":"Exaudi","article_publisher":"https:\/\/www.facebook.com\/ExaudiNews","article_author":"https:\/\/www.facebook.com\/ayudaalaiglesianecesitada\/?ref=ts","article_published_time":"2023-09-11T07:30:13+00:00","article_modified_time":"2023-09-15T16:15:58+00:00","og_image":[{"width":612,"height":441,"url":"https:\/\/exaudi.org\/wp-content\/uploads\/2023\/09\/Ezequiel-Nuhu-e1694253075282.jpg","type":"image\/jpeg"}],"author":"Ayuda a la Iglesia Necesitada","twitter_card":"summary_large_image","twitter_creator":"@https:\/\/x.com\/AyudaIglesNeces","twitter_site":"@Exaudi_News","twitter_misc":{"Escrito por":"Ayuda a la Iglesia Necesitada","Tiempo de lectura":"2 minutos"},"schema":{"@context":"https:\/\/schema.org","@graph":[{"@type":"Article","@id":"https:\/\/exaudi.org\/es\/un-seminarista-asesinado-brutalmente-y-otro-secuestrado-en-nigeria\/#article","isPartOf":{"@id":"https:\/\/exaudi.org\/es\/un-seminarista-asesinado-brutalmente-y-otro-secuestrado-en-nigeria\/"},"author":{"name":"Ayuda a la Iglesia Necesitada","@id":"https:\/\/exaudi.org\/#\/schema\/person\/d4906ab3b6c174ffe37d722c51c73317"},"headline":"Un seminarista asesinado brutalmente y otro secuestrado en Nigeria","datePublished":"2023-09-11T07:30:13+00:00","dateModified":"2023-09-15T16:15:58+00:00","mainEntityOfPage":{"@id":"https:\/\/exaudi.org\/es\/un-seminarista-asesinado-brutalmente-y-otro-secuestrado-en-nigeria\/"},"wordCount":501,"image":{"@id":"https:\/\/exaudi.org\/es\/un-seminarista-asesinado-brutalmente-y-otro-secuestrado-en-nigeria\/#primaryimage"},"thumbnailUrl":"https:\/\/exaudi.org\/wp-content\/uploads\/2023\/09\/Ezequiel-Nuhu-e1694253075282.jpg","keywords":["ACN \u2013 Ayuda a la Iglesia que Sufre","Acs","Asesinato","Secuestro","seminarista","Trending"],"articleSection":["An\u00e1lisis","Iglesia y Mundo"],"inLanguage":"es"},{"@type":"WebPage","@id":"https:\/\/exaudi.org\/es\/un-seminarista-asesinado-brutalmente-y-otro-secuestrado-en-nigeria\/","url":"https:\/\/exaudi.org\/es\/un-seminarista-asesinado-brutalmente-y-otro-secuestrado-en-nigeria\/","name":"Un seminarista asesinado brutalmente y otro secuestrado en Nigeria &#8211; Exaudi","isPartOf":{"@id":"https:\/\/exaudi.org\/#website"},"primaryImageOfPage":{"@id":"https:\/\/exaudi.org\/es\/un-seminarista-asesinado-brutalmente-y-otro-secuestrado-en-nigeria\/#primaryimage"},"image":{"@id":"https:\/\/exaudi.org\/es\/un-seminarista-asesinado-brutalmente-y-otro-secuestrado-en-nigeria\/#primaryimage"},"thumbnailUrl":"https:\/\/exaudi.org\/wp-content\/uploads\/2023\/09\/Ezequiel-Nuhu-e1694253075282.jpg","datePublished":"2023-09-11T07:30:13+00:00","dateModified":"2023-09-15T16:15:58+00:00","author":{"@id":"https:\/\/exaudi.org\/#\/schema\/person\/d4906ab3b6c174ffe37d722c51c73317"},"breadcrumb":{"@id":"https:\/\/exaudi.org\/es\/un-seminarista-asesinado-brutalmente-y-otro-secuestrado-en-nigeria\/#breadcrumb"},"inLanguage":"es","potentialAction":[{"@type":"ReadAction","target":["https:\/\/exaudi.org\/es\/un-seminarista-asesinado-brutalmente-y-otro-secuestrado-en-nigeria\/"]}]},{"@type":"ImageObject","inLanguage":"es","@id":"https:\/\/exaudi.org\/es\/un-seminarista-asesinado-brutalmente-y-otro-secuestrado-en-nigeria\/#primaryimage","url":"https:\/\/exaudi.org\/wp-content\/uploads\/2023\/09\/Ezequiel-Nuhu-e1694253075282.jpg","contentUrl":"https:\/\/exaudi.org\/wp-content\/uploads\/2023\/09\/Ezequiel-Nuhu-e1694253075282.jpg","width":612,"height":441},{"@type":"BreadcrumbList","@id":"https:\/\/exaudi.org\/es\/un-seminarista-asesinado-brutalmente-y-otro-secuestrado-en-nigeria\/#breadcrumb","itemListElement":[{"@type":"ListItem","position":1,"name":"Portada","item":"https:\/\/exaudi.org\/es\/"},{"@type":"ListItem","position":2,"name":"Un seminarista asesinado brutalmente y otro secuestrado en Nigeria"}]},{"@type":"WebSite","@id":"https:\/\/exaudi.org\/#website","url":"https:\/\/exaudi.org\/","name":"Exaudi","description":"News","potentialAction":[{"@type":"SearchAction","target":{"@type":"EntryPoint","urlTemplate":"https:\/\/exaudi.org\/?s={search_term_string}"},"query-input":{"@type":"PropertyValueSpecification","valueRequired":true,"valueName":"search_term_string"}}],"inLanguage":"es"},{"@type":"Person","@id":"https:\/\/exaudi.org\/#\/schema\/person\/d4906ab3b6c174ffe37d722c51c73317","name":"Ayuda a la Iglesia Necesitada","image":{"@type":"ImageObject","inLanguage":"es","@id":"https:\/\/secure.gravatar.com\/avatar\/18b646e6575a46729bc25d1c374d5965acb9854728a2929ada390e85905160db?s=96&d=mm&r=g","url":"https:\/\/secure.gravatar.com\/avatar\/18b646e6575a46729bc25d1c374d5965acb9854728a2929ada390e85905160db?s=96&d=mm&r=g","contentUrl":"https:\/\/secure.gravatar.com\/avatar\/18b646e6575a46729bc25d1c374d5965acb9854728a2929ada390e85905160db?s=96&d=mm&r=g","caption":"Ayuda a la Iglesia Necesitada"},"description":"Ayuda a la Iglesia Necesitada (ACN) es la Fundaci\u00f3n Pontificia que apoya a la Iglesia cat\u00f3lica en su labor evangelizadora en las comunidades m\u00e1s necesitadas, discriminadas y perseguidas del mundo. Cada a\u00f1o, ACN financia m\u00e1s de 5.000 proyectos pastorales y de emergencia humanitaria en m\u00e1s de 130 pa\u00edses. Cuenta con m\u00e1s de 20 oficinas en el mundo (en Espa\u00f1a desde 1965), dedicadas a informar sobre la realidad de estos cristianos; al fomento de la oraci\u00f3n, y a la recaudaci\u00f3n de fondos para la cobertura de proyectos. El 100% de los proyectos que desarrolla ACN se sostienen gracias a los donativos de personas f\u00edsicas u organizaciones que valoran la labor de la Iglesia en el mundo. La Fundaci\u00f3n no recibe subvenciones de organismos p\u00fablicos.","sameAs":["https:\/\/www.facebook.com\/ayudaalaiglesianecesitada\/?ref=ts","https:\/\/www.instagram.com\/ayudaiglesianecesitada\/","https:\/\/x.com\/https:\/\/x.com\/AyudaIglesNeces","https:\/\/www.youtube.com\/user\/AINorg"],"url":"https:\/\/exaudi.org\/es\/author\/ayudaalaiglesianecesitada\/"}]}},"jetpack_featured_media_url":"https:\/\/exaudi.org\/wp-content\/uploads\/2023\/09\/Ezequiel-Nuhu-e1694253075282.jpg","jetpack_shortlink":"https:\/\/wp.me\/pgKjF2-lDK","_links":{"self":[{"href":"https:\/\/exaudi.org\/es\/wp-json\/wp\/v2\/posts\/83188","targetHints":{"allow":["GET"]}}],"collection":[{"href":"https:\/\/exaudi.org\/es\/wp-json\/wp\/v2\/posts"}],"about":[{"href":"https:\/\/exaudi.org\/es\/wp-json\/wp\/v2\/types\/post"}],"author":[{"embeddable":true,"href":"https:\/\/exaudi.org\/es\/wp-json\/wp\/v2\/users\/89"}],"replies":[{"embeddable":true,"href":"https:\/\/exaudi.org\/es\/wp-json\/wp\/v2\/comments?post=83188"}],"version-history":[{"count":0,"href":"https:\/\/exaudi.org\/es\/wp-json\/wp\/v2\/posts\/83188\/revisions"}],"wp:featuredmedia":[{"embeddable":true,"href":"https:\/\/exaudi.org\/es\/wp-json\/wp\/v2\/media\/83189"}],"wp:attachment":[{"href":"https:\/\/exaudi.org\/es\/wp-json\/wp\/v2\/media?parent=83188"}],"wp:term":[{"taxonomy":"category","embeddable":true,"href":"https:\/\/exaudi.org\/es\/wp-json\/wp\/v2\/categories?post=83188"},{"taxonomy":"post_tag","embeddable":true,"href":"https:\/\/exaudi.org\/es\/wp-json\/wp\/v2\/tags?post=83188"}],"curies":[{"name":"wp","href":"https:\/\/api.w.org\/{rel}","templated":true}]}}