{"id":83170,"date":"2023-09-11T09:00:51","date_gmt":"2023-09-11T07:00:51","guid":{"rendered":"https:\/\/exaudi.org\/?p=83170"},"modified":"2023-09-12T12:45:23","modified_gmt":"2023-09-12T10:45:23","slug":"y-los-derechos-de-los-nascituros","status":"publish","type":"post","link":"https:\/\/exaudi.org\/es\/y-los-derechos-de-los-nascituros\/","title":{"rendered":"\u00bfY los derechos de los nascituros?"},"content":{"rendered":"<audio class=\"wp-audio-shortcode\" id=\"audio-83170-1\" preload=\"none\" style=\"width: 100%;\" controls=\"controls\"><source type=\"audio\/mpeg\" src=\"https:\/\/exaudi.org\/wp-content\/uploads\/2023\/09\/Nasciturus.mp3?_=1\" \/><a href=\"https:\/\/exaudi.org\/wp-content\/uploads\/2023\/09\/Nasciturus.mp3\">https:\/\/exaudi.org\/wp-content\/uploads\/2023\/09\/Nasciturus.mp3<\/a><\/audio>\n<p>El\u00a0<a href=\"https:\/\/exaudi.org\/es\/author\/felipearizmendi\/\" target=\"_blank\" rel=\"noopener\">cardenal Felipe Arizmendi<\/a>, obispo em\u00e9rito de San Crist\u00f3bal de Las Casas y responsable de la Doctrina de la Fe en la\u00a0<a href=\"https:\/\/www.cem.org.mx\/\" target=\"_blank\" rel=\"noopener\">Conferencia del Episcopado Mexicano (CEM)<\/a>, ofrece a los lectores de Exaudi su art\u00edculo titulado \u201c<strong>\u00bfY los derechos de los <em>nascituros?<\/em><\/strong>\u201d<\/p>\n<p>***<\/p>\n<h3><strong>MIRAR<\/strong><\/h3>\n<p>La Suprema Corte de Justicia de nuestra naci\u00f3n acaba de ordenar al Congreso de la Uni\u00f3n derogar la penalizaci\u00f3n del aborto, prevista desde 1931 en el C\u00f3digo Penal Federal, y por tanto eliminar esta penalizaci\u00f3n en todas las legislaciones de nuestro pa\u00eds. La raz\u00f3n que m\u00e1s adujeron los ministros de la Corte es que se debe proteger la libertad de la mujer, para que elija lo mejor para ella. Dijeron que penalizar el aborto es contrario al derecho de la mujer a elegir. Dijeron que castigar con c\u00e1rcel la interrupci\u00f3n voluntaria del embarazo es una violaci\u00f3n a los derechos humanos de las mujeres.<\/p>\n<p>Y yo me pregunto: \u00bfD\u00f3nde quedan los derechos de los que se est\u00e1n gestando en el vientre materno? \u00bfEllos no tienen derechos, empezando por el primero que es el derecho a la vida? Aunque tenga pocas semanas de gestaci\u00f3n, es un ser humano en proceso de crecimiento y desarrollo. No son un mont\u00f3n de c\u00e9lulas malignas de las cuales hay que deshacerse. Es un ser humano. \u00bfQui\u00e9n tiene libertad para matar a un ser humano? Si se afirma que abortar es un ejercicio de libertad, la libertad personal tiene l\u00edmites, que son los derechos de los dem\u00e1s. Nadie duda que las mujeres tengan derecho de elegir, siempre y cuando no entren en juego los derechos de terceros. Por ejemplo, una mujer, o cualquier persona, puede pensar que su libertad le permite robar lo que quiera, o incluso matar y desaparecer a otros. Y esto no es verdad, porque no es justo. Ni robar, ni mentir, ni matar es un derecho absoluto que tenemos, para hacer lo que nos d\u00e9 la gana. Y en este caso del aborto, la libertad de la mujer para elegir debe tomar en cuenta los derechos de la criatura que est\u00e1 en su seno, quien es inocente y no culpable.<\/p>\n<p>Llama la atenci\u00f3n cu\u00e1nto esc\u00e1ndalo se hace en medios informativos porque alguien maltrat\u00f3 un gatito, un perro o cualquier otro animal. Se les procesa y se les encarcela. \u00bfVale m\u00e1s un perrito que un ser humano? No estamos insistiendo en que se meta a la c\u00e1rcel a quien aborte o ayude a hacerlo, sino que se tome en cuenta el derecho de la criatura humana a su propia vida.<\/p>\n<p>Como he dicho en otras ocasiones, la Suprema Corte de Justicia deber\u00eda llamarse s\u00f3lo de Constitucionalidad, como es en varios pa\u00edses, pues su funci\u00f3n no es determinar lo que es justo, sino que s\u00f3lo si algo est\u00e1 o no de acuerdo con la Constituci\u00f3n nacional.<\/p>\n<h3><strong>DISCERNIR<\/strong><\/h3>\n<p>El Catecismo de la Iglesia Cat\u00f3lica, que tiene como fundamento la Palabra de Dios, dice con toda claridad:<\/p>\n<ol start=\"2270\">\n<li><em> \u201cLa vida humana debe ser respetada y protegida de manera absoluta desde el momento de la concepci\u00f3n. Desde el primer momento de su existencia, el ser humano debe ver reconocidos sus derechos de persona, entre los cuales est\u00e1 el derecho inviolable de todo ser inocente a la vida.<\/em><\/li>\n<li><em> Desde el siglo primero, la Iglesia ha afirmado la malicia moral de todo aborto provocado. Esta ense\u00f1anza no ha cambiado; permanece invariable. El aborto directo, es decir, querido como un fin o como un medio, es gravemente contrario a la ley moral. Dios, Se\u00f1or de la vida, ha confiado a los hombres la excelsa misi\u00f3n de conservar la vida, misi\u00f3n que deben cumplir de modo digno del hombre. Por consiguiente, se ha de proteger la vida con el m\u00e1ximo cuidado desde la concepci\u00f3n; tanto el aborto como el infanticidio son cr\u00edmenes abominables.<\/em><\/li>\n<li><em>La cooperaci\u00f3n formal a un aborto constituye una falta grave. La Iglesia sanciona con pena can\u00f3nica de excomuni\u00f3n este delito contra la vida humana. \u201cQuien procura el aborto, si \u00e9ste se produce, incurre en excomuni\u00f3n latae sententiae\u201d (CIC can. 1398), es decir, \u201cde modo que incurre ipso facto en ella quien comete el delito\u201d (CIC can. 1314), en las condiciones previstas por el Derecho (Cf. CIC can. 1323-1324). Con esto la Iglesia no pretende restringir el \u00e1mbito de la misericordia; lo que hace es manifestar la gravedad del crimen cometido, el da\u00f1o irreparable causado al inocente a quien se da muerte, a sus padres y a toda la sociedad.<\/em><\/li>\n<li><em> El derecho inalienable de todo individuo humano inocente a la vida constituye un elemento constitutivo de la sociedad civil y de su legislaci\u00f3n: Los derechos inalienables de la persona deben ser reconocidos y respetados por parte de la sociedad civil y de la autoridad pol\u00edtica. Estos derechos del hombre no est\u00e1n subordinados ni a los individuos ni a los padres, y tampoco son una concesi\u00f3n de la sociedad o del Estado: pertenecen a la naturaleza humana y son inherentes a la persona en virtud del acto creador que la ha originado. Entre esos derechos fundamentales es preciso recordar a este prop\u00f3sito el derecho de todo ser humano a la vida y a la integridad f\u00edsica desde la concepci\u00f3n hasta la muerte.<\/em><\/li>\n<\/ol>\n<p><em>\u00a0<\/em><em>Cuando una ley positiva priva a una categor\u00eda de seres humanos de la protecci\u00f3n que el ordenamiento civil les debe, el Estado niega la igualdad de todos ante la ley. Cuando el Estado no pone su poder al servicio de los derechos de todo ciudadano, y particularmente de quien es m\u00e1s d\u00e9bil, se quebrantan los fundamentos mismos del Estado de derecho&#8230; El respeto y la protecci\u00f3n que se han de garantizar, desde su misma concepci\u00f3n, a quien debe nacer, exige que la ley prevea sanciones penales apropiadas para toda deliberada violaci\u00f3n de \u00a0\u00a0\u00a0sus \u00a0derechos.<\/em><\/p>\n<ol start=\"2274\">\n<li><em> Puesto que debe ser tratado como una persona desde la concepci\u00f3n, el embri\u00f3n deber\u00e1 ser defendido en su integridad, cuidado y atendido m\u00e9dicamente en la medida de lo posible, como todo otro ser humano\u201d.<\/em><\/li>\n<\/ol>\n<h3><strong>ACTUAR<\/strong><\/h3>\n<p>Es posible cambiar las leyes, pero eso depende de los legisladores que escojamos. Lo que todos podemos es decidir: \u00bfa qui\u00e9n le hago caso: a Dios, o a las leyes humanas que est\u00e1n en contra de la voluntad de Dios? Promovamos el respeto a la vida desde su inicio hasta su t\u00e9rmino natural.<\/p>\n","protected":false},"excerpt":{"rendered":"<p>\u00bfA qui\u00e9n le hago caso: a Dios, o a las leyes humanas que est\u00e1n en contra de la voluntad de Dios?<\/p>\n","protected":false},"author":24,"featured_media":83175,"comment_status":"closed","ping_status":"closed","sticky":false,"template":"","format":"standard","meta":{"_acf_changed":false,"_crdt_document":"","inline_featured_image":false,"footnotes":""},"categories":[130],"tags":[1121,6507,9986,4953],"class_list":["post-83170","post","type-post","status-publish","format-standard","has-post-thumbnail","hentry","category-voces","tag-aborto","tag-card-arizmendi","tag-nascituros","tag-trending-es"],"acf":[],"yoast_head":"<!-- This site is optimized with the Yoast SEO plugin v27.4 - https:\/\/yoast.com\/product\/yoast-seo-wordpress\/ -->\n<title>\u00bfY los derechos de los nascituros? &#8211; Exaudi<\/title>\n<meta name=\"robots\" content=\"index, follow, max-snippet:-1, max-image-preview:large, max-video-preview:-1\" \/>\n<link rel=\"canonical\" href=\"https:\/\/exaudi.org\/es\/y-los-derechos-de-los-nascituros\/\" \/>\n<meta property=\"og:locale\" content=\"es_ES\" \/>\n<meta property=\"og:type\" content=\"article\" \/>\n<meta property=\"og:title\" content=\"\u00bfY los derechos de los nascituros? &#8211; Exaudi\" \/>\n<meta property=\"og:description\" content=\"\u00bfA qui\u00e9n le hago caso: a Dios, o a las leyes humanas que est\u00e1n en contra de la voluntad de Dios?\" \/>\n<meta property=\"og:url\" content=\"https:\/\/exaudi.org\/es\/y-los-derechos-de-los-nascituros\/\" \/>\n<meta property=\"og:site_name\" content=\"Exaudi\" \/>\n<meta property=\"article:publisher\" content=\"https:\/\/www.facebook.com\/ExaudiNews\" \/>\n<meta property=\"article:published_time\" content=\"2023-09-11T07:00:51+00:00\" \/>\n<meta property=\"article:modified_time\" content=\"2023-09-12T10:45:23+00:00\" \/>\n<meta property=\"og:image\" content=\"https:\/\/exaudi.org\/wp-content\/uploads\/2023\/09\/pexels-pixabay-208189-scaled.jpg\" \/>\n\t<meta property=\"og:image:width\" content=\"2560\" \/>\n\t<meta property=\"og:image:height\" content=\"1707\" \/>\n\t<meta property=\"og:image:type\" content=\"image\/jpeg\" \/>\n<meta name=\"author\" content=\"Cardenal Felipe Arizmendi\" \/>\n<meta name=\"twitter:card\" content=\"summary_large_image\" \/>\n<meta name=\"twitter:creator\" content=\"@Exaudi_News\" \/>\n<meta name=\"twitter:site\" content=\"@Exaudi_News\" \/>\n<meta name=\"twitter:label1\" content=\"Escrito por\" \/>\n\t<meta name=\"twitter:data1\" content=\"Cardenal Felipe Arizmendi\" \/>\n\t<meta name=\"twitter:label2\" content=\"Tiempo de lectura\" \/>\n\t<meta name=\"twitter:data2\" content=\"6 minutos\" \/>\n<script type=\"application\/ld+json\" class=\"yoast-schema-graph\">{\"@context\":\"https:\\\/\\\/schema.org\",\"@graph\":[{\"@type\":\"Article\",\"@id\":\"https:\\\/\\\/exaudi.org\\\/es\\\/y-los-derechos-de-los-nascituros\\\/#article\",\"isPartOf\":{\"@id\":\"https:\\\/\\\/exaudi.org\\\/es\\\/y-los-derechos-de-los-nascituros\\\/\"},\"author\":{\"name\":\"Cardenal Felipe Arizmendi\",\"@id\":\"https:\\\/\\\/exaudi.org\\\/#\\\/schema\\\/person\\\/c7d223f87e58f1105d044d8da1439102\"},\"headline\":\"\u00bfY los derechos de los nascituros?\",\"datePublished\":\"2023-09-11T07:00:51+00:00\",\"dateModified\":\"2023-09-12T10:45:23+00:00\",\"mainEntityOfPage\":{\"@id\":\"https:\\\/\\\/exaudi.org\\\/es\\\/y-los-derechos-de-los-nascituros\\\/\"},\"wordCount\":1115,\"image\":{\"@id\":\"https:\\\/\\\/exaudi.org\\\/es\\\/y-los-derechos-de-los-nascituros\\\/#primaryimage\"},\"thumbnailUrl\":\"https:\\\/\\\/exaudi.org\\\/wp-content\\\/uploads\\\/2023\\\/09\\\/pexels-pixabay-208189-scaled.jpg\",\"keywords\":[\"Aborto\",\"Card. Arizmendi\",\"Nascituros\",\"Trending\"],\"articleSection\":[\"Voces\"],\"inLanguage\":\"es\"},{\"@type\":\"WebPage\",\"@id\":\"https:\\\/\\\/exaudi.org\\\/es\\\/y-los-derechos-de-los-nascituros\\\/\",\"url\":\"https:\\\/\\\/exaudi.org\\\/es\\\/y-los-derechos-de-los-nascituros\\\/\",\"name\":\"\u00bfY los derechos de los nascituros? &#8211; Exaudi\",\"isPartOf\":{\"@id\":\"https:\\\/\\\/exaudi.org\\\/#website\"},\"primaryImageOfPage\":{\"@id\":\"https:\\\/\\\/exaudi.org\\\/es\\\/y-los-derechos-de-los-nascituros\\\/#primaryimage\"},\"image\":{\"@id\":\"https:\\\/\\\/exaudi.org\\\/es\\\/y-los-derechos-de-los-nascituros\\\/#primaryimage\"},\"thumbnailUrl\":\"https:\\\/\\\/exaudi.org\\\/wp-content\\\/uploads\\\/2023\\\/09\\\/pexels-pixabay-208189-scaled.jpg\",\"datePublished\":\"2023-09-11T07:00:51+00:00\",\"dateModified\":\"2023-09-12T10:45:23+00:00\",\"author\":{\"@id\":\"https:\\\/\\\/exaudi.org\\\/#\\\/schema\\\/person\\\/c7d223f87e58f1105d044d8da1439102\"},\"breadcrumb\":{\"@id\":\"https:\\\/\\\/exaudi.org\\\/es\\\/y-los-derechos-de-los-nascituros\\\/#breadcrumb\"},\"inLanguage\":\"es\",\"potentialAction\":[{\"@type\":\"ReadAction\",\"target\":[\"https:\\\/\\\/exaudi.org\\\/es\\\/y-los-derechos-de-los-nascituros\\\/\"]}]},{\"@type\":\"ImageObject\",\"inLanguage\":\"es\",\"@id\":\"https:\\\/\\\/exaudi.org\\\/es\\\/y-los-derechos-de-los-nascituros\\\/#primaryimage\",\"url\":\"https:\\\/\\\/exaudi.org\\\/wp-content\\\/uploads\\\/2023\\\/09\\\/pexels-pixabay-208189-scaled.jpg\",\"contentUrl\":\"https:\\\/\\\/exaudi.org\\\/wp-content\\\/uploads\\\/2023\\\/09\\\/pexels-pixabay-208189-scaled.jpg\",\"width\":2560,\"height\":1707},{\"@type\":\"BreadcrumbList\",\"@id\":\"https:\\\/\\\/exaudi.org\\\/es\\\/y-los-derechos-de-los-nascituros\\\/#breadcrumb\",\"itemListElement\":[{\"@type\":\"ListItem\",\"position\":1,\"name\":\"Portada\",\"item\":\"https:\\\/\\\/exaudi.org\\\/es\\\/\"},{\"@type\":\"ListItem\",\"position\":2,\"name\":\"\u00bfY los derechos de los nascituros?\"}]},{\"@type\":\"WebSite\",\"@id\":\"https:\\\/\\\/exaudi.org\\\/#website\",\"url\":\"https:\\\/\\\/exaudi.org\\\/\",\"name\":\"Exaudi\",\"description\":\"News\",\"potentialAction\":[{\"@type\":\"SearchAction\",\"target\":{\"@type\":\"EntryPoint\",\"urlTemplate\":\"https:\\\/\\\/exaudi.org\\\/?s={search_term_string}\"},\"query-input\":{\"@type\":\"PropertyValueSpecification\",\"valueRequired\":true,\"valueName\":\"search_term_string\"}}],\"inLanguage\":\"es\"},{\"@type\":\"Person\",\"@id\":\"https:\\\/\\\/exaudi.org\\\/#\\\/schema\\\/person\\\/c7d223f87e58f1105d044d8da1439102\",\"name\":\"Cardenal Felipe Arizmendi\",\"image\":{\"@type\":\"ImageObject\",\"inLanguage\":\"es\",\"@id\":\"https:\\\/\\\/secure.gravatar.com\\\/avatar\\\/4ffc5520d896b86d39346168903de33a17ef0f23d16de0ff45062c1ff422ed2f?s=96&d=mm&r=g\",\"url\":\"https:\\\/\\\/secure.gravatar.com\\\/avatar\\\/4ffc5520d896b86d39346168903de33a17ef0f23d16de0ff45062c1ff422ed2f?s=96&d=mm&r=g\",\"contentUrl\":\"https:\\\/\\\/secure.gravatar.com\\\/avatar\\\/4ffc5520d896b86d39346168903de33a17ef0f23d16de0ff45062c1ff422ed2f?s=96&d=mm&r=g\",\"caption\":\"Cardenal Felipe Arizmendi\"},\"description\":\"Nacido en Chiltepec el 1 de mayo de 1940. Estudi\u00f3 Humanidades y Filosof\u00eda en el Seminario de Toluca, de 1952 a 1959. Curs\u00f3 la Teolog\u00eda en la Universidad Pontificia de Salamanca, Espa\u00f1a, de 1959 a 1963, obteniendo la licenciatura en Teolog\u00eda Dogm\u00e1tica. Por su cuenta, se especializ\u00f3 en Liturgia. Fue ordenado sacerdote el 25 de agosto de 1963 en Toluca. Sirvi\u00f3 como Vicario Parroquial en tres parroquias por tres a\u00f1os y medio y fue p\u00e1rroco de una comunidad ind\u00edgena otom\u00ed, de 1967 a 1970. Fue Director Espiritual del Seminario de Toluca por diez a\u00f1os, y Rector del mismo de 1981 a 1991. El 7 de marzo de 1991, fue ordenado obispo de la di\u00f3cesis de Tapachula, donde estuvo hasta el 30 de abril del a\u00f1o 2000. El 1 de mayo del 2000, inici\u00f3 su ministerio episcopal como XLVI obispo de la di\u00f3cesis de San Crist\u00f3bal de las Casas, Chiapas, una de las di\u00f3cesis m\u00e1s antiguas de M\u00e9xico, erigida en 1539; all\u00ed sirvi\u00f3 por casi 18 a\u00f1os. Ha ocupado diversos cargos en la Conferencia del Episcopado Mexicano y en el CELAM. El 3 de noviembre de 2017, el Papa Francisco le acept\u00f3, por edad, su renuncia al servicio episcopal en esta di\u00f3cesis, que entreg\u00f3 a su sucesor el 3 de enero de 2018. Desde entonces, reside en la ciudad de Toluca. Desde 1979, escribe art\u00edculos de actualidad en varios medios religiosos y civiles. Es autor de varias publicaciones.\",\"url\":\"https:\\\/\\\/exaudi.org\\\/es\\\/author\\\/felipearizmendi\\\/\"}]}<\/script>\n<!-- \/ Yoast SEO plugin. -->","yoast_head_json":{"title":"\u00bfY los derechos de los nascituros? &#8211; Exaudi","robots":{"index":"index","follow":"follow","max-snippet":"max-snippet:-1","max-image-preview":"max-image-preview:large","max-video-preview":"max-video-preview:-1"},"canonical":"https:\/\/exaudi.org\/es\/y-los-derechos-de-los-nascituros\/","og_locale":"es_ES","og_type":"article","og_title":"\u00bfY los derechos de los nascituros? &#8211; Exaudi","og_description":"\u00bfA qui\u00e9n le hago caso: a Dios, o a las leyes humanas que est\u00e1n en contra de la voluntad de Dios?","og_url":"https:\/\/exaudi.org\/es\/y-los-derechos-de-los-nascituros\/","og_site_name":"Exaudi","article_publisher":"https:\/\/www.facebook.com\/ExaudiNews","article_published_time":"2023-09-11T07:00:51+00:00","article_modified_time":"2023-09-12T10:45:23+00:00","og_image":[{"width":2560,"height":1707,"url":"https:\/\/exaudi.org\/wp-content\/uploads\/2023\/09\/pexels-pixabay-208189-scaled.jpg","type":"image\/jpeg"}],"author":"Cardenal Felipe Arizmendi","twitter_card":"summary_large_image","twitter_creator":"@Exaudi_News","twitter_site":"@Exaudi_News","twitter_misc":{"Escrito por":"Cardenal Felipe Arizmendi","Tiempo de lectura":"6 minutos"},"schema":{"@context":"https:\/\/schema.org","@graph":[{"@type":"Article","@id":"https:\/\/exaudi.org\/es\/y-los-derechos-de-los-nascituros\/#article","isPartOf":{"@id":"https:\/\/exaudi.org\/es\/y-los-derechos-de-los-nascituros\/"},"author":{"name":"Cardenal Felipe Arizmendi","@id":"https:\/\/exaudi.org\/#\/schema\/person\/c7d223f87e58f1105d044d8da1439102"},"headline":"\u00bfY los derechos de los nascituros?","datePublished":"2023-09-11T07:00:51+00:00","dateModified":"2023-09-12T10:45:23+00:00","mainEntityOfPage":{"@id":"https:\/\/exaudi.org\/es\/y-los-derechos-de-los-nascituros\/"},"wordCount":1115,"image":{"@id":"https:\/\/exaudi.org\/es\/y-los-derechos-de-los-nascituros\/#primaryimage"},"thumbnailUrl":"https:\/\/exaudi.org\/wp-content\/uploads\/2023\/09\/pexels-pixabay-208189-scaled.jpg","keywords":["Aborto","Card. Arizmendi","Nascituros","Trending"],"articleSection":["Voces"],"inLanguage":"es"},{"@type":"WebPage","@id":"https:\/\/exaudi.org\/es\/y-los-derechos-de-los-nascituros\/","url":"https:\/\/exaudi.org\/es\/y-los-derechos-de-los-nascituros\/","name":"\u00bfY los derechos de los nascituros? &#8211; Exaudi","isPartOf":{"@id":"https:\/\/exaudi.org\/#website"},"primaryImageOfPage":{"@id":"https:\/\/exaudi.org\/es\/y-los-derechos-de-los-nascituros\/#primaryimage"},"image":{"@id":"https:\/\/exaudi.org\/es\/y-los-derechos-de-los-nascituros\/#primaryimage"},"thumbnailUrl":"https:\/\/exaudi.org\/wp-content\/uploads\/2023\/09\/pexels-pixabay-208189-scaled.jpg","datePublished":"2023-09-11T07:00:51+00:00","dateModified":"2023-09-12T10:45:23+00:00","author":{"@id":"https:\/\/exaudi.org\/#\/schema\/person\/c7d223f87e58f1105d044d8da1439102"},"breadcrumb":{"@id":"https:\/\/exaudi.org\/es\/y-los-derechos-de-los-nascituros\/#breadcrumb"},"inLanguage":"es","potentialAction":[{"@type":"ReadAction","target":["https:\/\/exaudi.org\/es\/y-los-derechos-de-los-nascituros\/"]}]},{"@type":"ImageObject","inLanguage":"es","@id":"https:\/\/exaudi.org\/es\/y-los-derechos-de-los-nascituros\/#primaryimage","url":"https:\/\/exaudi.org\/wp-content\/uploads\/2023\/09\/pexels-pixabay-208189-scaled.jpg","contentUrl":"https:\/\/exaudi.org\/wp-content\/uploads\/2023\/09\/pexels-pixabay-208189-scaled.jpg","width":2560,"height":1707},{"@type":"BreadcrumbList","@id":"https:\/\/exaudi.org\/es\/y-los-derechos-de-los-nascituros\/#breadcrumb","itemListElement":[{"@type":"ListItem","position":1,"name":"Portada","item":"https:\/\/exaudi.org\/es\/"},{"@type":"ListItem","position":2,"name":"\u00bfY los derechos de los nascituros?"}]},{"@type":"WebSite","@id":"https:\/\/exaudi.org\/#website","url":"https:\/\/exaudi.org\/","name":"Exaudi","description":"News","potentialAction":[{"@type":"SearchAction","target":{"@type":"EntryPoint","urlTemplate":"https:\/\/exaudi.org\/?s={search_term_string}"},"query-input":{"@type":"PropertyValueSpecification","valueRequired":true,"valueName":"search_term_string"}}],"inLanguage":"es"},{"@type":"Person","@id":"https:\/\/exaudi.org\/#\/schema\/person\/c7d223f87e58f1105d044d8da1439102","name":"Cardenal Felipe Arizmendi","image":{"@type":"ImageObject","inLanguage":"es","@id":"https:\/\/secure.gravatar.com\/avatar\/4ffc5520d896b86d39346168903de33a17ef0f23d16de0ff45062c1ff422ed2f?s=96&d=mm&r=g","url":"https:\/\/secure.gravatar.com\/avatar\/4ffc5520d896b86d39346168903de33a17ef0f23d16de0ff45062c1ff422ed2f?s=96&d=mm&r=g","contentUrl":"https:\/\/secure.gravatar.com\/avatar\/4ffc5520d896b86d39346168903de33a17ef0f23d16de0ff45062c1ff422ed2f?s=96&d=mm&r=g","caption":"Cardenal Felipe Arizmendi"},"description":"Nacido en Chiltepec el 1 de mayo de 1940. Estudi\u00f3 Humanidades y Filosof\u00eda en el Seminario de Toluca, de 1952 a 1959. Curs\u00f3 la Teolog\u00eda en la Universidad Pontificia de Salamanca, Espa\u00f1a, de 1959 a 1963, obteniendo la licenciatura en Teolog\u00eda Dogm\u00e1tica. Por su cuenta, se especializ\u00f3 en Liturgia. Fue ordenado sacerdote el 25 de agosto de 1963 en Toluca. Sirvi\u00f3 como Vicario Parroquial en tres parroquias por tres a\u00f1os y medio y fue p\u00e1rroco de una comunidad ind\u00edgena otom\u00ed, de 1967 a 1970. Fue Director Espiritual del Seminario de Toluca por diez a\u00f1os, y Rector del mismo de 1981 a 1991. El 7 de marzo de 1991, fue ordenado obispo de la di\u00f3cesis de Tapachula, donde estuvo hasta el 30 de abril del a\u00f1o 2000. El 1 de mayo del 2000, inici\u00f3 su ministerio episcopal como XLVI obispo de la di\u00f3cesis de San Crist\u00f3bal de las Casas, Chiapas, una de las di\u00f3cesis m\u00e1s antiguas de M\u00e9xico, erigida en 1539; all\u00ed sirvi\u00f3 por casi 18 a\u00f1os. Ha ocupado diversos cargos en la Conferencia del Episcopado Mexicano y en el CELAM. El 3 de noviembre de 2017, el Papa Francisco le acept\u00f3, por edad, su renuncia al servicio episcopal en esta di\u00f3cesis, que entreg\u00f3 a su sucesor el 3 de enero de 2018. Desde entonces, reside en la ciudad de Toluca. Desde 1979, escribe art\u00edculos de actualidad en varios medios religiosos y civiles. Es autor de varias publicaciones.","url":"https:\/\/exaudi.org\/es\/author\/felipearizmendi\/"}]}},"jetpack_featured_media_url":"https:\/\/exaudi.org\/wp-content\/uploads\/2023\/09\/pexels-pixabay-208189-scaled.jpg","jetpack_shortlink":"https:\/\/wp.me\/pgKjF2-lDs","_links":{"self":[{"href":"https:\/\/exaudi.org\/es\/wp-json\/wp\/v2\/posts\/83170","targetHints":{"allow":["GET"]}}],"collection":[{"href":"https:\/\/exaudi.org\/es\/wp-json\/wp\/v2\/posts"}],"about":[{"href":"https:\/\/exaudi.org\/es\/wp-json\/wp\/v2\/types\/post"}],"author":[{"embeddable":true,"href":"https:\/\/exaudi.org\/es\/wp-json\/wp\/v2\/users\/24"}],"replies":[{"embeddable":true,"href":"https:\/\/exaudi.org\/es\/wp-json\/wp\/v2\/comments?post=83170"}],"version-history":[{"count":0,"href":"https:\/\/exaudi.org\/es\/wp-json\/wp\/v2\/posts\/83170\/revisions"}],"wp:featuredmedia":[{"embeddable":true,"href":"https:\/\/exaudi.org\/es\/wp-json\/wp\/v2\/media\/83175"}],"wp:attachment":[{"href":"https:\/\/exaudi.org\/es\/wp-json\/wp\/v2\/media?parent=83170"}],"wp:term":[{"taxonomy":"category","embeddable":true,"href":"https:\/\/exaudi.org\/es\/wp-json\/wp\/v2\/categories?post=83170"},{"taxonomy":"post_tag","embeddable":true,"href":"https:\/\/exaudi.org\/es\/wp-json\/wp\/v2\/tags?post=83170"}],"curies":[{"name":"wp","href":"https:\/\/api.w.org\/{rel}","templated":true}]}}