{"id":83109,"date":"2023-09-09T09:00:25","date_gmt":"2023-09-09T07:00:25","guid":{"rendered":"https:\/\/exaudi.org\/?p=83109"},"modified":"2023-09-08T09:36:37","modified_gmt":"2023-09-08T07:36:37","slug":"francisco-sacudidos-por-los-ecos-de-muerte-y-guerra-la-fe-nos-anima-a-vivir-como-hermanos","status":"publish","type":"post","link":"https:\/\/exaudi.org\/es\/francisco-sacudidos-por-los-ecos-de-muerte-y-guerra-la-fe-nos-anima-a-vivir-como-hermanos\/","title":{"rendered":"Francisco: Sacudidos por los ecos de muerte y guerra, la fe nos anima a vivir como hermanos"},"content":{"rendered":"<audio class=\"wp-audio-shortcode\" id=\"audio-83109-1\" preload=\"none\" style=\"width: 100%;\" controls=\"controls\"><source type=\"audio\/mpeg\" src=\"https:\/\/exaudi.org\/wp-content\/uploads\/2023\/09\/Biblia.mp3?_=1\" \/><a href=\"https:\/\/exaudi.org\/wp-content\/uploads\/2023\/09\/Biblia.mp3\">https:\/\/exaudi.org\/wp-content\/uploads\/2023\/09\/Biblia.mp3<\/a><\/audio>\n<p>\u00abAlianza y pactos entre universalismo y particularismo\u00bb, tema de la XLVII Semana B\u00edblica Nacional, fue el punto de partida de la reflexi\u00f3n del Papa Francisco, al recibir esta ma\u00f1ana a casi un centenar de miembros de la Asociaci\u00f3n B\u00edblica Italiana, en el Palacio Apost\u00f3lico. Para el Pont\u00edfice, el tema de las alianzas es una de las \u201cprincipales preocupaciones de la Iglesia\u201d, pues tienen mucho que ver con sus relaciones con el mundo contempor\u00e1neo y con la necesidad de lograr que los seres humanos puedan vivir en paz, como hermanos, sin barreras entre las personas y los pueblos y en el respeto de la Creaci\u00f3n.<\/p>\n<p>En efecto, el Santo Padre enumer\u00f3 las tres alianzas y pactos estudiados en los encuentros de este a\u00f1o: La alianza con No\u00e9 que se centra en la relaci\u00f3n entre la humanidad y la creaci\u00f3n; la alianza con Abraham que se centra en las tres grandes religiones monote\u00edstas en su matriz com\u00fan; y el pacto con el Sina\u00ed.<\/p>\n<h3><strong>El uso sobrio de los recursos del planeta<\/strong><\/h3>\n<p>Para el Pont\u00edfice, el pacto de No\u00e9 implica una clara referencia a la relaci\u00f3n entre el hombre y la creaci\u00f3n, pues en el relato del Diluvio, \u201cDios devuelve la esperanza y la salvaci\u00f3n a la humanidad, asolada por el odio y la violencia mediante la justicia del Patriarca\u201d. Una justicia, a\u00f1adi\u00f3 Francisco, que tiene una dimensi\u00f3n ecol\u00f3gica inalienable, al redescubrir y respetar \u00ablos ritmos inscritos en la naturaleza por la mano del Creador\u00bb. La alianza de No\u00e9, por tanto, \u201c<b>sigue incit\u00e1ndonos<\/b>\u00a0<b>a un uso justo y sobrio de los recursos del planeta\u201d.<\/b><\/p>\n<h3><strong>Una vocaci\u00f3n humana y divina que lleve a la paz<\/strong><\/h3>\n<p>El segundo tema, el pacto abrah\u00e1mico acomuna a las tres grandes religiones monote\u00edstas, una imagen para el Papa de gran actualidad:<\/p>\n<p>\u201c<i>Como ense\u00f1a el Concilio Vaticano II,\u00a0<b>en un tiempo sacudido por los ecos de la muerte y de la guerra, la fe com\u00fan en un Dios \u00fanico nos invita y nos anima a vivir como hermanos.<\/b>\u00a0Es en ella donde, llamados a una misma vocaci\u00f3n humana y divina, sin violencia y sin enga\u00f1o, podemos y debemos trabajar juntos en la construcci\u00f3n del mundo en la paz verdadera<\/i>\u00bb<\/p>\n<h3><strong>Separatismos que cavan zanjas y alzan muros\u00a0<\/strong><\/h3>\n<p>Finalmente, sobre el don de la ley y la elecci\u00f3n del pueblo de Israel en el pacto del Sina\u00ed, el Santo Padre record\u00f3 que, en la Biblia, sin caer en lecturas \u201cexclusivistas\u201d, esa elecci\u00f3n se hace en funci\u00f3n de un bien universal y no cae \u201cen formas de separaci\u00f3n o exclusi\u00f3n\u201d.<\/p>\n<p>\u201c<i>Dios nunca elige a alguien para excluir a otros, sino siempre para incluir a todos. \u00c9sta es una advertencia importante para nuestro tiempo<b>, en el que las derivas separatistas, cada vez mayores, cavan zanjas y levantan barreras entre las personas y entre los pueblos,<\/b>\u00a0en detrimento de la unidad del g\u00e9nero humano y del mismo Cuerpo de Cristo, seg\u00fan el designio de Dios<\/i>\u201d.<\/p>\n<h3><strong>Escuchando la Biblia se pasa de la divisi\u00f3n a la unidad<\/strong><\/h3>\n<p>Francisco, al concluir su discurso, invit\u00f3 a la Asociaci\u00f3n B\u00edblica Italiana a continuar su servicio permanente a la Iglesia, estando presentes, como desde su creaci\u00f3n, en todas las di\u00f3cesis, en colaboraci\u00f3n con la Conferencia episcopal italiana. \u201cEspero que esta presencia crezca en todo el territorio, evitando toda forma de elitismo y preclusi\u00f3n\u201d.<\/p>\n<p>\u201c<i>Queridos amigos, sigan adelante en su misi\u00f3n de ayudar al pueblo de Dios a alimentarse de la Palabra, para que la Biblia sea cada vez m\u00e1s patrimonio de todos: El libro del pueblo del Se\u00f1or que, escuch\u00e1ndolo, pasa de la dispersi\u00f3n y la divisi\u00f3n a la unidad<\/i>\u201d.<\/p>\n","protected":false},"excerpt":{"rendered":"<p>El Papa a los miembros de la Asociaci\u00f3n B\u00edblica Italiana, record\u00f3 que la Biblia debe ser cada vez m\u00e1s patrimonio de todos, pues su misi\u00f3n es ayudar al pueblo de Dios a alimentarse de la Palabra: \u00abescuch\u00e1ndola se pasa de la dispersi\u00f3n y la divisi\u00f3n a la unidad\u201d<\/p>\n","protected":false},"author":15,"featured_media":83110,"comment_status":"closed","ping_status":"closed","sticky":false,"template":"","format":"standard","meta":{"_acf_changed":false,"_crdt_document":"","inline_featured_image":false,"footnotes":""},"categories":[68,132],"tags":[9978,158,5198,4953,272],"class_list":["post-83109","post","type-post","status-publish","format-standard","has-post-thumbnail","hentry","category-leon-xiv","category-vaticano-es","tag-instituciones-y-personas","tag-papa-francisco","tag-sagrada-escritura","tag-trending-es","tag-vaticano-es"],"acf":[],"yoast_head":"<!-- This site is optimized with the Yoast SEO plugin v27.4 - https:\/\/yoast.com\/product\/yoast-seo-wordpress\/ -->\n<title>Francisco: Sacudidos por los ecos de muerte y guerra, la fe nos anima a vivir como hermanos &#8211; Exaudi<\/title>\n<meta name=\"robots\" content=\"index, follow, max-snippet:-1, max-image-preview:large, max-video-preview:-1\" \/>\n<link rel=\"canonical\" href=\"https:\/\/exaudi.org\/es\/francisco-sacudidos-por-los-ecos-de-muerte-y-guerra-la-fe-nos-anima-a-vivir-como-hermanos\/\" \/>\n<meta property=\"og:locale\" content=\"es_ES\" \/>\n<meta property=\"og:type\" content=\"article\" \/>\n<meta property=\"og:title\" content=\"Francisco: Sacudidos por los ecos de muerte y guerra, la fe nos anima a vivir como hermanos &#8211; Exaudi\" \/>\n<meta property=\"og:description\" content=\"El Papa a los miembros de la Asociaci\u00f3n B\u00edblica Italiana, record\u00f3 que la Biblia debe ser cada vez m\u00e1s patrimonio de todos, pues su misi\u00f3n es ayudar al pueblo de Dios a alimentarse de la Palabra: &quot;escuch\u00e1ndola se pasa de la dispersi\u00f3n y la divisi\u00f3n a la unidad\u201d\" \/>\n<meta property=\"og:url\" content=\"https:\/\/exaudi.org\/es\/francisco-sacudidos-por-los-ecos-de-muerte-y-guerra-la-fe-nos-anima-a-vivir-como-hermanos\/\" \/>\n<meta property=\"og:site_name\" content=\"Exaudi\" \/>\n<meta property=\"article:publisher\" content=\"https:\/\/www.facebook.com\/ExaudiNews\" \/>\n<meta property=\"article:author\" content=\"https:\/\/www.facebook.com\/ExaudiNoticias\/\" \/>\n<meta property=\"article:published_time\" content=\"2023-09-09T07:00:25+00:00\" \/>\n<meta property=\"og:image\" content=\"https:\/\/exaudi.org\/wp-content\/uploads\/2023\/09\/cq5dam.thumbnail.cropped.750.422-9.jpeg\" \/>\n\t<meta property=\"og:image:width\" content=\"750\" \/>\n\t<meta property=\"og:image:height\" content=\"422\" \/>\n\t<meta property=\"og:image:type\" content=\"image\/jpeg\" \/>\n<meta name=\"author\" content=\"Exaudi Redacci\u00f3n\" \/>\n<meta name=\"twitter:card\" content=\"summary_large_image\" \/>\n<meta name=\"twitter:creator\" content=\"@Exaudi_noticias\" \/>\n<meta name=\"twitter:site\" content=\"@Exaudi_News\" \/>\n<meta name=\"twitter:label1\" content=\"Escrito por\" \/>\n\t<meta name=\"twitter:data1\" content=\"Exaudi Redacci\u00f3n\" \/>\n\t<meta name=\"twitter:label2\" content=\"Tiempo de lectura\" \/>\n\t<meta name=\"twitter:data2\" content=\"3 minutos\" \/>\n<script type=\"application\/ld+json\" class=\"yoast-schema-graph\">{\"@context\":\"https:\\\/\\\/schema.org\",\"@graph\":[{\"@type\":\"Article\",\"@id\":\"https:\\\/\\\/exaudi.org\\\/es\\\/francisco-sacudidos-por-los-ecos-de-muerte-y-guerra-la-fe-nos-anima-a-vivir-como-hermanos\\\/#article\",\"isPartOf\":{\"@id\":\"https:\\\/\\\/exaudi.org\\\/es\\\/francisco-sacudidos-por-los-ecos-de-muerte-y-guerra-la-fe-nos-anima-a-vivir-como-hermanos\\\/\"},\"author\":{\"name\":\"Exaudi Redacci\u00f3n\",\"@id\":\"https:\\\/\\\/exaudi.org\\\/#\\\/schema\\\/person\\\/f5fc8f063065e38742da7afe15f25df7\"},\"headline\":\"Francisco: Sacudidos por los ecos de muerte y guerra, la fe nos anima a vivir como hermanos\",\"datePublished\":\"2023-09-09T07:00:25+00:00\",\"mainEntityOfPage\":{\"@id\":\"https:\\\/\\\/exaudi.org\\\/es\\\/francisco-sacudidos-por-los-ecos-de-muerte-y-guerra-la-fe-nos-anima-a-vivir-como-hermanos\\\/\"},\"wordCount\":667,\"image\":{\"@id\":\"https:\\\/\\\/exaudi.org\\\/es\\\/francisco-sacudidos-por-los-ecos-de-muerte-y-guerra-la-fe-nos-anima-a-vivir-como-hermanos\\\/#primaryimage\"},\"thumbnailUrl\":\"https:\\\/\\\/exaudi.org\\\/wp-content\\\/uploads\\\/2023\\\/09\\\/cq5dam.thumbnail.cropped.750.422-9.jpeg\",\"keywords\":[\"INSTITUCIONES Y PERSONAS\",\"papa francisco\",\"Sagrada Escritura\",\"Trending\",\"Vaticano\"],\"articleSection\":[\"Le\u00f3n XIV\",\"Vaticano\"],\"inLanguage\":\"es\"},{\"@type\":\"WebPage\",\"@id\":\"https:\\\/\\\/exaudi.org\\\/es\\\/francisco-sacudidos-por-los-ecos-de-muerte-y-guerra-la-fe-nos-anima-a-vivir-como-hermanos\\\/\",\"url\":\"https:\\\/\\\/exaudi.org\\\/es\\\/francisco-sacudidos-por-los-ecos-de-muerte-y-guerra-la-fe-nos-anima-a-vivir-como-hermanos\\\/\",\"name\":\"Francisco: Sacudidos por los ecos de muerte y guerra, la fe nos anima a vivir como hermanos &#8211; Exaudi\",\"isPartOf\":{\"@id\":\"https:\\\/\\\/exaudi.org\\\/#website\"},\"primaryImageOfPage\":{\"@id\":\"https:\\\/\\\/exaudi.org\\\/es\\\/francisco-sacudidos-por-los-ecos-de-muerte-y-guerra-la-fe-nos-anima-a-vivir-como-hermanos\\\/#primaryimage\"},\"image\":{\"@id\":\"https:\\\/\\\/exaudi.org\\\/es\\\/francisco-sacudidos-por-los-ecos-de-muerte-y-guerra-la-fe-nos-anima-a-vivir-como-hermanos\\\/#primaryimage\"},\"thumbnailUrl\":\"https:\\\/\\\/exaudi.org\\\/wp-content\\\/uploads\\\/2023\\\/09\\\/cq5dam.thumbnail.cropped.750.422-9.jpeg\",\"datePublished\":\"2023-09-09T07:00:25+00:00\",\"author\":{\"@id\":\"https:\\\/\\\/exaudi.org\\\/#\\\/schema\\\/person\\\/f5fc8f063065e38742da7afe15f25df7\"},\"breadcrumb\":{\"@id\":\"https:\\\/\\\/exaudi.org\\\/es\\\/francisco-sacudidos-por-los-ecos-de-muerte-y-guerra-la-fe-nos-anima-a-vivir-como-hermanos\\\/#breadcrumb\"},\"inLanguage\":\"es\",\"potentialAction\":[{\"@type\":\"ReadAction\",\"target\":[\"https:\\\/\\\/exaudi.org\\\/es\\\/francisco-sacudidos-por-los-ecos-de-muerte-y-guerra-la-fe-nos-anima-a-vivir-como-hermanos\\\/\"]}]},{\"@type\":\"ImageObject\",\"inLanguage\":\"es\",\"@id\":\"https:\\\/\\\/exaudi.org\\\/es\\\/francisco-sacudidos-por-los-ecos-de-muerte-y-guerra-la-fe-nos-anima-a-vivir-como-hermanos\\\/#primaryimage\",\"url\":\"https:\\\/\\\/exaudi.org\\\/wp-content\\\/uploads\\\/2023\\\/09\\\/cq5dam.thumbnail.cropped.750.422-9.jpeg\",\"contentUrl\":\"https:\\\/\\\/exaudi.org\\\/wp-content\\\/uploads\\\/2023\\\/09\\\/cq5dam.thumbnail.cropped.750.422-9.jpeg\",\"width\":750,\"height\":422,\"caption\":\"Vatican Media\"},{\"@type\":\"BreadcrumbList\",\"@id\":\"https:\\\/\\\/exaudi.org\\\/es\\\/francisco-sacudidos-por-los-ecos-de-muerte-y-guerra-la-fe-nos-anima-a-vivir-como-hermanos\\\/#breadcrumb\",\"itemListElement\":[{\"@type\":\"ListItem\",\"position\":1,\"name\":\"Portada\",\"item\":\"https:\\\/\\\/exaudi.org\\\/es\\\/\"},{\"@type\":\"ListItem\",\"position\":2,\"name\":\"Francisco: Sacudidos por los ecos de muerte y guerra, la fe nos anima a vivir como hermanos\"}]},{\"@type\":\"WebSite\",\"@id\":\"https:\\\/\\\/exaudi.org\\\/#website\",\"url\":\"https:\\\/\\\/exaudi.org\\\/\",\"name\":\"Exaudi\",\"description\":\"News\",\"potentialAction\":[{\"@type\":\"SearchAction\",\"target\":{\"@type\":\"EntryPoint\",\"urlTemplate\":\"https:\\\/\\\/exaudi.org\\\/?s={search_term_string}\"},\"query-input\":{\"@type\":\"PropertyValueSpecification\",\"valueRequired\":true,\"valueName\":\"search_term_string\"}}],\"inLanguage\":\"es\"},{\"@type\":\"Person\",\"@id\":\"https:\\\/\\\/exaudi.org\\\/#\\\/schema\\\/person\\\/f5fc8f063065e38742da7afe15f25df7\",\"name\":\"Exaudi Redacci\u00f3n\",\"image\":{\"@type\":\"ImageObject\",\"inLanguage\":\"es\",\"@id\":\"https:\\\/\\\/secure.gravatar.com\\\/avatar\\\/fe0f6a059fb68d9b3e11bc5850dd4899b1c7492091a3cb6dd9b01b56ad828be2?s=96&d=mm&r=g\",\"url\":\"https:\\\/\\\/secure.gravatar.com\\\/avatar\\\/fe0f6a059fb68d9b3e11bc5850dd4899b1c7492091a3cb6dd9b01b56ad828be2?s=96&d=mm&r=g\",\"contentUrl\":\"https:\\\/\\\/secure.gravatar.com\\\/avatar\\\/fe0f6a059fb68d9b3e11bc5850dd4899b1c7492091a3cb6dd9b01b56ad828be2?s=96&d=mm&r=g\",\"caption\":\"Exaudi Redacci\u00f3n\"},\"description\":\"\u00bfQu\u00e9 es Exaudi News? Exaudi News es un medio de comunicaci\u00f3n cat\u00f3lico internacional que informa, forma y transforma, diariamente en espa\u00f1ol, ingl\u00e9s e italiano. A trav\u00e9s de noticias, art\u00edculos de an\u00e1lisis y transmisiones en directo de los eventos del Papa, Exaudi busca fortalecer la unidad de los cristianos y contribuir a la evangelizaci\u00f3n del mundo, siempre guiados por la doctrina social de la Iglesia. Trabajamos para acercar la verdad y los valores cristianos a cada rinc\u00f3n del planeta. \u00a1Ay\u00fadanos a transformar el mundo con Exaudi! En Exaudi creemos que la evangelizaci\u00f3n y la informaci\u00f3n de calidad pueden cambiar vidas. Para continuar con nuestra misi\u00f3n y expandir nuestro alcance, necesitamos tu ayuda. Adem\u00e1s, buscamos personas comprometidas que deseen unirse a nuestro equipo. Con tu apoyo, lograremos llegar a m\u00e1s personas, difundir el mensaje de Cristo y reforzar la unidad de los cristianos. \u00bfTe unes a nuestra misi\u00f3n? Para m\u00e1s informaci\u00f3n sobre c\u00f3mo colaborar, visita Exaudi.org\\\/es o cont\u00e1ctanos directamente: info@exaudi.org Exaudi: Informa, forma y transforma.\",\"sameAs\":[\"https:\\\/\\\/www.facebook.com\\\/ExaudiNoticias\\\/\",\"https:\\\/\\\/www.instagram.com\\\/exaudi_noticias\\\/\",\"https:\\\/\\\/x.com\\\/Exaudi_noticias\",\"https:\\\/\\\/www.youtube.com\\\/@exaudicatholicnews\"],\"url\":\"https:\\\/\\\/exaudi.org\\\/es\\\/author\\\/redaccionexaudi\\\/\"}]}<\/script>\n<!-- \/ Yoast SEO plugin. -->","yoast_head_json":{"title":"Francisco: Sacudidos por los ecos de muerte y guerra, la fe nos anima a vivir como hermanos &#8211; Exaudi","robots":{"index":"index","follow":"follow","max-snippet":"max-snippet:-1","max-image-preview":"max-image-preview:large","max-video-preview":"max-video-preview:-1"},"canonical":"https:\/\/exaudi.org\/es\/francisco-sacudidos-por-los-ecos-de-muerte-y-guerra-la-fe-nos-anima-a-vivir-como-hermanos\/","og_locale":"es_ES","og_type":"article","og_title":"Francisco: Sacudidos por los ecos de muerte y guerra, la fe nos anima a vivir como hermanos &#8211; Exaudi","og_description":"El Papa a los miembros de la Asociaci\u00f3n B\u00edblica Italiana, record\u00f3 que la Biblia debe ser cada vez m\u00e1s patrimonio de todos, pues su misi\u00f3n es ayudar al pueblo de Dios a alimentarse de la Palabra: \"escuch\u00e1ndola se pasa de la dispersi\u00f3n y la divisi\u00f3n a la unidad\u201d","og_url":"https:\/\/exaudi.org\/es\/francisco-sacudidos-por-los-ecos-de-muerte-y-guerra-la-fe-nos-anima-a-vivir-como-hermanos\/","og_site_name":"Exaudi","article_publisher":"https:\/\/www.facebook.com\/ExaudiNews","article_author":"https:\/\/www.facebook.com\/ExaudiNoticias\/","article_published_time":"2023-09-09T07:00:25+00:00","og_image":[{"width":750,"height":422,"url":"https:\/\/exaudi.org\/wp-content\/uploads\/2023\/09\/cq5dam.thumbnail.cropped.750.422-9.jpeg","type":"image\/jpeg"}],"author":"Exaudi Redacci\u00f3n","twitter_card":"summary_large_image","twitter_creator":"@Exaudi_noticias","twitter_site":"@Exaudi_News","twitter_misc":{"Escrito por":"Exaudi Redacci\u00f3n","Tiempo de lectura":"3 minutos"},"schema":{"@context":"https:\/\/schema.org","@graph":[{"@type":"Article","@id":"https:\/\/exaudi.org\/es\/francisco-sacudidos-por-los-ecos-de-muerte-y-guerra-la-fe-nos-anima-a-vivir-como-hermanos\/#article","isPartOf":{"@id":"https:\/\/exaudi.org\/es\/francisco-sacudidos-por-los-ecos-de-muerte-y-guerra-la-fe-nos-anima-a-vivir-como-hermanos\/"},"author":{"name":"Exaudi Redacci\u00f3n","@id":"https:\/\/exaudi.org\/#\/schema\/person\/f5fc8f063065e38742da7afe15f25df7"},"headline":"Francisco: Sacudidos por los ecos de muerte y guerra, la fe nos anima a vivir como hermanos","datePublished":"2023-09-09T07:00:25+00:00","mainEntityOfPage":{"@id":"https:\/\/exaudi.org\/es\/francisco-sacudidos-por-los-ecos-de-muerte-y-guerra-la-fe-nos-anima-a-vivir-como-hermanos\/"},"wordCount":667,"image":{"@id":"https:\/\/exaudi.org\/es\/francisco-sacudidos-por-los-ecos-de-muerte-y-guerra-la-fe-nos-anima-a-vivir-como-hermanos\/#primaryimage"},"thumbnailUrl":"https:\/\/exaudi.org\/wp-content\/uploads\/2023\/09\/cq5dam.thumbnail.cropped.750.422-9.jpeg","keywords":["INSTITUCIONES Y PERSONAS","papa francisco","Sagrada Escritura","Trending","Vaticano"],"articleSection":["Le\u00f3n XIV","Vaticano"],"inLanguage":"es"},{"@type":"WebPage","@id":"https:\/\/exaudi.org\/es\/francisco-sacudidos-por-los-ecos-de-muerte-y-guerra-la-fe-nos-anima-a-vivir-como-hermanos\/","url":"https:\/\/exaudi.org\/es\/francisco-sacudidos-por-los-ecos-de-muerte-y-guerra-la-fe-nos-anima-a-vivir-como-hermanos\/","name":"Francisco: Sacudidos por los ecos de muerte y guerra, la fe nos anima a vivir como hermanos &#8211; Exaudi","isPartOf":{"@id":"https:\/\/exaudi.org\/#website"},"primaryImageOfPage":{"@id":"https:\/\/exaudi.org\/es\/francisco-sacudidos-por-los-ecos-de-muerte-y-guerra-la-fe-nos-anima-a-vivir-como-hermanos\/#primaryimage"},"image":{"@id":"https:\/\/exaudi.org\/es\/francisco-sacudidos-por-los-ecos-de-muerte-y-guerra-la-fe-nos-anima-a-vivir-como-hermanos\/#primaryimage"},"thumbnailUrl":"https:\/\/exaudi.org\/wp-content\/uploads\/2023\/09\/cq5dam.thumbnail.cropped.750.422-9.jpeg","datePublished":"2023-09-09T07:00:25+00:00","author":{"@id":"https:\/\/exaudi.org\/#\/schema\/person\/f5fc8f063065e38742da7afe15f25df7"},"breadcrumb":{"@id":"https:\/\/exaudi.org\/es\/francisco-sacudidos-por-los-ecos-de-muerte-y-guerra-la-fe-nos-anima-a-vivir-como-hermanos\/#breadcrumb"},"inLanguage":"es","potentialAction":[{"@type":"ReadAction","target":["https:\/\/exaudi.org\/es\/francisco-sacudidos-por-los-ecos-de-muerte-y-guerra-la-fe-nos-anima-a-vivir-como-hermanos\/"]}]},{"@type":"ImageObject","inLanguage":"es","@id":"https:\/\/exaudi.org\/es\/francisco-sacudidos-por-los-ecos-de-muerte-y-guerra-la-fe-nos-anima-a-vivir-como-hermanos\/#primaryimage","url":"https:\/\/exaudi.org\/wp-content\/uploads\/2023\/09\/cq5dam.thumbnail.cropped.750.422-9.jpeg","contentUrl":"https:\/\/exaudi.org\/wp-content\/uploads\/2023\/09\/cq5dam.thumbnail.cropped.750.422-9.jpeg","width":750,"height":422,"caption":"Vatican Media"},{"@type":"BreadcrumbList","@id":"https:\/\/exaudi.org\/es\/francisco-sacudidos-por-los-ecos-de-muerte-y-guerra-la-fe-nos-anima-a-vivir-como-hermanos\/#breadcrumb","itemListElement":[{"@type":"ListItem","position":1,"name":"Portada","item":"https:\/\/exaudi.org\/es\/"},{"@type":"ListItem","position":2,"name":"Francisco: Sacudidos por los ecos de muerte y guerra, la fe nos anima a vivir como hermanos"}]},{"@type":"WebSite","@id":"https:\/\/exaudi.org\/#website","url":"https:\/\/exaudi.org\/","name":"Exaudi","description":"News","potentialAction":[{"@type":"SearchAction","target":{"@type":"EntryPoint","urlTemplate":"https:\/\/exaudi.org\/?s={search_term_string}"},"query-input":{"@type":"PropertyValueSpecification","valueRequired":true,"valueName":"search_term_string"}}],"inLanguage":"es"},{"@type":"Person","@id":"https:\/\/exaudi.org\/#\/schema\/person\/f5fc8f063065e38742da7afe15f25df7","name":"Exaudi Redacci\u00f3n","image":{"@type":"ImageObject","inLanguage":"es","@id":"https:\/\/secure.gravatar.com\/avatar\/fe0f6a059fb68d9b3e11bc5850dd4899b1c7492091a3cb6dd9b01b56ad828be2?s=96&d=mm&r=g","url":"https:\/\/secure.gravatar.com\/avatar\/fe0f6a059fb68d9b3e11bc5850dd4899b1c7492091a3cb6dd9b01b56ad828be2?s=96&d=mm&r=g","contentUrl":"https:\/\/secure.gravatar.com\/avatar\/fe0f6a059fb68d9b3e11bc5850dd4899b1c7492091a3cb6dd9b01b56ad828be2?s=96&d=mm&r=g","caption":"Exaudi Redacci\u00f3n"},"description":"\u00bfQu\u00e9 es Exaudi News? Exaudi News es un medio de comunicaci\u00f3n cat\u00f3lico internacional que informa, forma y transforma, diariamente en espa\u00f1ol, ingl\u00e9s e italiano. A trav\u00e9s de noticias, art\u00edculos de an\u00e1lisis y transmisiones en directo de los eventos del Papa, Exaudi busca fortalecer la unidad de los cristianos y contribuir a la evangelizaci\u00f3n del mundo, siempre guiados por la doctrina social de la Iglesia. Trabajamos para acercar la verdad y los valores cristianos a cada rinc\u00f3n del planeta. \u00a1Ay\u00fadanos a transformar el mundo con Exaudi! En Exaudi creemos que la evangelizaci\u00f3n y la informaci\u00f3n de calidad pueden cambiar vidas. Para continuar con nuestra misi\u00f3n y expandir nuestro alcance, necesitamos tu ayuda. Adem\u00e1s, buscamos personas comprometidas que deseen unirse a nuestro equipo. Con tu apoyo, lograremos llegar a m\u00e1s personas, difundir el mensaje de Cristo y reforzar la unidad de los cristianos. \u00bfTe unes a nuestra misi\u00f3n? Para m\u00e1s informaci\u00f3n sobre c\u00f3mo colaborar, visita Exaudi.org\/es o cont\u00e1ctanos directamente: info@exaudi.org Exaudi: Informa, forma y transforma.","sameAs":["https:\/\/www.facebook.com\/ExaudiNoticias\/","https:\/\/www.instagram.com\/exaudi_noticias\/","https:\/\/x.com\/Exaudi_noticias","https:\/\/www.youtube.com\/@exaudicatholicnews"],"url":"https:\/\/exaudi.org\/es\/author\/redaccionexaudi\/"}]}},"jetpack_featured_media_url":"https:\/\/exaudi.org\/wp-content\/uploads\/2023\/09\/cq5dam.thumbnail.cropped.750.422-9.jpeg","jetpack_shortlink":"https:\/\/wp.me\/pgKjF2-lCt","_links":{"self":[{"href":"https:\/\/exaudi.org\/es\/wp-json\/wp\/v2\/posts\/83109","targetHints":{"allow":["GET"]}}],"collection":[{"href":"https:\/\/exaudi.org\/es\/wp-json\/wp\/v2\/posts"}],"about":[{"href":"https:\/\/exaudi.org\/es\/wp-json\/wp\/v2\/types\/post"}],"author":[{"embeddable":true,"href":"https:\/\/exaudi.org\/es\/wp-json\/wp\/v2\/users\/15"}],"replies":[{"embeddable":true,"href":"https:\/\/exaudi.org\/es\/wp-json\/wp\/v2\/comments?post=83109"}],"version-history":[{"count":0,"href":"https:\/\/exaudi.org\/es\/wp-json\/wp\/v2\/posts\/83109\/revisions"}],"wp:featuredmedia":[{"embeddable":true,"href":"https:\/\/exaudi.org\/es\/wp-json\/wp\/v2\/media\/83110"}],"wp:attachment":[{"href":"https:\/\/exaudi.org\/es\/wp-json\/wp\/v2\/media?parent=83109"}],"wp:term":[{"taxonomy":"category","embeddable":true,"href":"https:\/\/exaudi.org\/es\/wp-json\/wp\/v2\/categories?post=83109"},{"taxonomy":"post_tag","embeddable":true,"href":"https:\/\/exaudi.org\/es\/wp-json\/wp\/v2\/tags?post=83109"}],"curies":[{"name":"wp","href":"https:\/\/api.w.org\/{rel}","templated":true}]}}