{"id":83092,"date":"2023-09-08T09:16:26","date_gmt":"2023-09-08T07:16:26","guid":{"rendered":"https:\/\/exaudi.org\/?p=83092"},"modified":"2023-09-08T09:19:22","modified_gmt":"2023-09-08T07:19:22","slug":"los-obispos-son-actores-y-continuadores-de-la-obra-misionera","status":"publish","type":"post","link":"https:\/\/exaudi.org\/es\/los-obispos-son-actores-y-continuadores-de-la-obra-misionera\/","title":{"rendered":"Los obispos son actores y continuadores de la obra misionera"},"content":{"rendered":"<audio class=\"wp-audio-shortcode\" id=\"audio-83092-1\" preload=\"none\" style=\"width: 100%;\" controls=\"controls\"><source type=\"audio\/mpeg\" src=\"https:\/\/exaudi.org\/wp-content\/uploads\/2023\/09\/Obispos.mp3?_=1\" \/><a href=\"https:\/\/exaudi.org\/wp-content\/uploads\/2023\/09\/Obispos.mp3\">https:\/\/exaudi.org\/wp-content\/uploads\/2023\/09\/Obispos.mp3<\/a><\/audio>\n<p>\u00abEstamos trabajando desde una \u00f3ptica de interioridad para mostrar mejor el rostro universal de la Iglesia\u00bb. Tal como informa la\u00a0<i><a href=\"http:\/\/www.fides.org\/es\/news\/74161-EUROPA_ITALIA_Arzobispo_Nappa_a_los_Obispos_recien_nombrados_Sois_actores_y_continuadores_de_la_obra_misionera\" target=\"_blank\" rel=\"external nofollow noopener\">Agencia Fides<\/a><\/i>, lo afirm\u00f3 monse\u00f1or Emilio Nappa dirigi\u00e9ndose a los ciento once obispos reci\u00e9n nombrados, reunidos en Roma para participar en el seminario de formaci\u00f3n organizado para ellos por el Dicasterio para la Evangelizaci\u00f3n.<\/p>\n<p>El curso, que comenz\u00f3 el lunes 4 de septiembre, concluir\u00e1 el d\u00eda 13 y se est\u00e1 celebrando en el Pontificio Colegio San Pablo Ap\u00f3stol. \u00abTodo lo que forma parte del Dicasterio para la Evangelizaci\u00f3n, incluidas las Obras Misionales Pontificias (OMP) \u2013 subray\u00f3 el arzobispo, dirigi\u00e9ndose a los obispos llegados de los cinco continentes \u2013 representa un &#8216;unicum&#8217; tendido hacia ustedes, para las Iglesias de su jurisdicci\u00f3n\u00bb. Y a\u00f1adi\u00f3:<\/p>\n<div>\n<div class=\"article__embed article__embed--border embed_style\">\n<blockquote><p><em>\u201cEl anuncio del Evangelio pertenece a cada bautizado, somos sacerdotes, reyes y profetas. La misi\u00f3n es tarea de todos, desde el bautizado hasta el Papa. Somos heraldos de la obra salv\u00edfica tra\u00edda por Jesucristo. Somos sacerdotes no s\u00f3lo para celebrar, sino ante todo para anunciar, porque la fe nace de la escucha\u201d<\/em><\/p><\/blockquote>\n<\/div>\n<\/div>\n<p>El obispo, que es presidente de las OMP, adem\u00e1s de subsecretario del Dicasterio, hizo un breve excursus sobre los or\u00edgenes y el organigrama de estas Obras y las diferentes peculiaridades de cada una.<\/p>\n<div>\n<div class=\"article__embed article__embed--border embed_style\">\n<blockquote><p><em>\u201cLas OMP son el brazo operativo del Dicasterio para la Evangelizaci\u00f3n, se ocupan de todas las Iglesias, desde su implantaci\u00f3n hasta su desarrollo y luego las acompa\u00f1an de manera concreta. Son una concreci\u00f3n no s\u00f3lo econ\u00f3mica sino tambi\u00e9n espiritual, formativa\u201d<\/em><\/p><\/blockquote>\n<\/div>\n<\/div>\n<h3><b>La misi\u00f3n es evangelizaci\u00f3n<\/b><\/h3>\n<p>\u00abNo son s\u00f3lo una caja fuerte, un pozo del que sacar dinero\u00bb, subray\u00f3 monse\u00f1or Nappa, haci\u00e9ndose eco de las palabras que el Papa Francisco dirigi\u00f3 a los Directores nacionales de las OMP durante su encuentro en la Ciudad del Vaticano del 3 de junio de 2023, \u00absino que son tambi\u00e9n la conexi\u00f3n espiritual con todo lo que se mueve en las tierras de misi\u00f3n\u00bb.<\/p>\n<p>\u00abUstedes, obispos de los territorios de misi\u00f3n, no son s\u00f3lo los que reciben cuidados y atenciones, sino que son tambi\u00e9n los actores y continuadores de la obra misionera. Ustedes son los primeros responsables de la misi\u00f3n misma, no son s\u00f3lo receptores, los que esperan que Roma provea, sino que son los motores que ayudan a Roma a difundir la misi\u00f3n. La misi\u00f3n es evangelizaci\u00f3n\u00bb.<\/p>\n<h3><b>Nuevas exigencias para el momento hist\u00f3rico actual<\/b><\/h3>\n<p>El arzobispo Nappa tambi\u00e9n se\u00f1al\u00f3 que la formaci\u00f3n misionera est\u00e1 llamada a tener en cuenta las nuevas exigencias relacionadas con el momento hist\u00f3rico actual.<\/p>\n<div>\n<div class=\"article__embed article__embed--border embed_style\">\n<blockquote><p><em>\u201cEstamos asistiendo a un cambio muy r\u00e1pido, lo que el Santo Padre ha llamado &#8216;rapidizaci\u00f3n&#8217;, una aceleraci\u00f3n de p\u00e9rdida tanto en la fe como en la aportaci\u00f3n de la fe. Estamos llamados a tener creatividad espiritual, debemos dialogar, confrontarnos, reconoci\u00e9ndonos como un solo cuerpo\u201d<\/em><\/p><\/blockquote>\n<\/div>\n<\/div>\n<h3><b>Las cuatro Obras Misionales<\/b><\/h3>\n<p>A continuaci\u00f3n, se expuso el perfil y la vocaci\u00f3n de cada una de las cuatro Obras Misionales a trav\u00e9s de las intervenciones de sus respectivos secretarios generales: sor Roberta Tremarelli, AMSS, secretaria general de la Obra Pontificia de la Infancia Misionera, el padre Tadeusz Nowak, OMI, secretario general de la Obra Pontificia de la Propagaci\u00f3n de la Fe, el padre Guy Bognon, PSS, secretario general de la Obra Pontificia de San Pedro Ap\u00f3stol, y el padre Dinh Anh Nhue Nguyen, OFM Conv. secretario general de la Pontificia Uni\u00f3n Misional.<\/p>\n","protected":false},"excerpt":{"rendered":"<p>El arzobispo Emilio Nappa se dirigi\u00f3 a los ciento once obispos reci\u00e9n nombrados, reunidos en Roma para participar en el seminario de formaci\u00f3n organizado para ellos por el Dicasterio para la Evangelizaci\u00f3n<\/p>\n","protected":false},"author":15,"featured_media":83093,"comment_status":"closed","ping_status":"closed","sticky":false,"template":"","format":"standard","meta":{"_acf_changed":false,"_crdt_document":"","inline_featured_image":false,"footnotes":""},"categories":[74],"tags":[1019,449,602,2129,9977,158,1533,4953,272],"class_list":["post-83092","post","type-post","status-publish","format-standard","has-post-thumbnail","hentry","category-iglesia-y-mundo","tag-evangelizacion","tag-iglesia-catolica","tag-obispos","tag-obras-misionales-pontificias","tag-omp","tag-papa-francisco","tag-roma-es","tag-trending-es","tag-vaticano-es"],"acf":[],"yoast_head":"<!-- This site is optimized with the Yoast SEO plugin v27.5 - https:\/\/yoast.com\/product\/yoast-seo-wordpress\/ -->\n<title>Los obispos son actores y continuadores de la obra misionera &#8211; Exaudi<\/title>\n<meta name=\"robots\" content=\"index, follow, max-snippet:-1, max-image-preview:large, max-video-preview:-1\" \/>\n<link rel=\"canonical\" href=\"https:\/\/exaudi.org\/es\/los-obispos-son-actores-y-continuadores-de-la-obra-misionera\/\" \/>\n<meta property=\"og:locale\" content=\"es_ES\" \/>\n<meta property=\"og:type\" content=\"article\" \/>\n<meta property=\"og:title\" content=\"Los obispos son actores y continuadores de la obra misionera &#8211; Exaudi\" \/>\n<meta property=\"og:description\" content=\"El arzobispo Emilio Nappa se dirigi\u00f3 a los ciento once obispos reci\u00e9n nombrados, reunidos en Roma para participar en el seminario de formaci\u00f3n organizado para ellos por el Dicasterio para la Evangelizaci\u00f3n\" \/>\n<meta property=\"og:url\" content=\"https:\/\/exaudi.org\/es\/los-obispos-son-actores-y-continuadores-de-la-obra-misionera\/\" \/>\n<meta property=\"og:site_name\" content=\"Exaudi\" \/>\n<meta property=\"article:publisher\" content=\"https:\/\/www.facebook.com\/ExaudiNews\" \/>\n<meta property=\"article:author\" content=\"https:\/\/www.facebook.com\/ExaudiNoticias\/\" \/>\n<meta property=\"article:published_time\" content=\"2023-09-08T07:16:26+00:00\" \/>\n<meta property=\"article:modified_time\" content=\"2023-09-08T07:19:22+00:00\" \/>\n<meta property=\"og:image\" content=\"https:\/\/exaudi.org\/wp-content\/uploads\/2023\/09\/nappa-ordinazione-28gen22-41.jpeg\" \/>\n\t<meta property=\"og:image:width\" content=\"1262\" \/>\n\t<meta property=\"og:image:height\" content=\"749\" \/>\n\t<meta property=\"og:image:type\" content=\"image\/jpeg\" \/>\n<meta name=\"author\" content=\"Exaudi Redacci\u00f3n\" \/>\n<meta name=\"twitter:card\" content=\"summary_large_image\" \/>\n<meta name=\"twitter:creator\" content=\"@Exaudi_noticias\" \/>\n<meta name=\"twitter:site\" content=\"@Exaudi_News\" \/>\n<meta name=\"twitter:label1\" content=\"Escrito por\" \/>\n\t<meta name=\"twitter:data1\" content=\"Exaudi Redacci\u00f3n\" \/>\n\t<meta name=\"twitter:label2\" content=\"Tiempo de lectura\" \/>\n\t<meta name=\"twitter:data2\" content=\"3 minutos\" \/>\n<script type=\"application\/ld+json\" class=\"yoast-schema-graph\">{\"@context\":\"https:\\\/\\\/schema.org\",\"@graph\":[{\"@type\":\"Article\",\"@id\":\"https:\\\/\\\/exaudi.org\\\/es\\\/los-obispos-son-actores-y-continuadores-de-la-obra-misionera\\\/#article\",\"isPartOf\":{\"@id\":\"https:\\\/\\\/exaudi.org\\\/es\\\/los-obispos-son-actores-y-continuadores-de-la-obra-misionera\\\/\"},\"author\":{\"name\":\"Exaudi Redacci\u00f3n\",\"@id\":\"https:\\\/\\\/exaudi.org\\\/#\\\/schema\\\/person\\\/f5fc8f063065e38742da7afe15f25df7\"},\"headline\":\"Los obispos son actores y continuadores de la obra misionera\",\"datePublished\":\"2023-09-08T07:16:26+00:00\",\"dateModified\":\"2023-09-08T07:19:22+00:00\",\"mainEntityOfPage\":{\"@id\":\"https:\\\/\\\/exaudi.org\\\/es\\\/los-obispos-son-actores-y-continuadores-de-la-obra-misionera\\\/\"},\"wordCount\":618,\"image\":{\"@id\":\"https:\\\/\\\/exaudi.org\\\/es\\\/los-obispos-son-actores-y-continuadores-de-la-obra-misionera\\\/#primaryimage\"},\"thumbnailUrl\":\"https:\\\/\\\/exaudi.org\\\/wp-content\\\/uploads\\\/2023\\\/09\\\/nappa-ordinazione-28gen22-41.jpeg\",\"keywords\":[\"Evangelizaci\u00f3n\",\"Iglesia cat\u00f3lica\",\"obispos\",\"Obras Misionales Pontificias\",\"OMP\",\"papa francisco\",\"Roma\",\"Trending\",\"Vaticano\"],\"articleSection\":[\"Iglesia y Mundo\"],\"inLanguage\":\"es\"},{\"@type\":\"WebPage\",\"@id\":\"https:\\\/\\\/exaudi.org\\\/es\\\/los-obispos-son-actores-y-continuadores-de-la-obra-misionera\\\/\",\"url\":\"https:\\\/\\\/exaudi.org\\\/es\\\/los-obispos-son-actores-y-continuadores-de-la-obra-misionera\\\/\",\"name\":\"Los obispos son actores y continuadores de la obra misionera &#8211; Exaudi\",\"isPartOf\":{\"@id\":\"https:\\\/\\\/exaudi.org\\\/#website\"},\"primaryImageOfPage\":{\"@id\":\"https:\\\/\\\/exaudi.org\\\/es\\\/los-obispos-son-actores-y-continuadores-de-la-obra-misionera\\\/#primaryimage\"},\"image\":{\"@id\":\"https:\\\/\\\/exaudi.org\\\/es\\\/los-obispos-son-actores-y-continuadores-de-la-obra-misionera\\\/#primaryimage\"},\"thumbnailUrl\":\"https:\\\/\\\/exaudi.org\\\/wp-content\\\/uploads\\\/2023\\\/09\\\/nappa-ordinazione-28gen22-41.jpeg\",\"datePublished\":\"2023-09-08T07:16:26+00:00\",\"dateModified\":\"2023-09-08T07:19:22+00:00\",\"author\":{\"@id\":\"https:\\\/\\\/exaudi.org\\\/#\\\/schema\\\/person\\\/f5fc8f063065e38742da7afe15f25df7\"},\"breadcrumb\":{\"@id\":\"https:\\\/\\\/exaudi.org\\\/es\\\/los-obispos-son-actores-y-continuadores-de-la-obra-misionera\\\/#breadcrumb\"},\"inLanguage\":\"es\",\"potentialAction\":[{\"@type\":\"ReadAction\",\"target\":[\"https:\\\/\\\/exaudi.org\\\/es\\\/los-obispos-son-actores-y-continuadores-de-la-obra-misionera\\\/\"]}]},{\"@type\":\"ImageObject\",\"inLanguage\":\"es\",\"@id\":\"https:\\\/\\\/exaudi.org\\\/es\\\/los-obispos-son-actores-y-continuadores-de-la-obra-misionera\\\/#primaryimage\",\"url\":\"https:\\\/\\\/exaudi.org\\\/wp-content\\\/uploads\\\/2023\\\/09\\\/nappa-ordinazione-28gen22-41.jpeg\",\"contentUrl\":\"https:\\\/\\\/exaudi.org\\\/wp-content\\\/uploads\\\/2023\\\/09\\\/nappa-ordinazione-28gen22-41.jpeg\",\"width\":1262,\"height\":749},{\"@type\":\"BreadcrumbList\",\"@id\":\"https:\\\/\\\/exaudi.org\\\/es\\\/los-obispos-son-actores-y-continuadores-de-la-obra-misionera\\\/#breadcrumb\",\"itemListElement\":[{\"@type\":\"ListItem\",\"position\":1,\"name\":\"Portada\",\"item\":\"https:\\\/\\\/exaudi.org\\\/es\\\/\"},{\"@type\":\"ListItem\",\"position\":2,\"name\":\"Los obispos son actores y continuadores de la obra misionera\"}]},{\"@type\":\"WebSite\",\"@id\":\"https:\\\/\\\/exaudi.org\\\/#website\",\"url\":\"https:\\\/\\\/exaudi.org\\\/\",\"name\":\"Exaudi\",\"description\":\"News\",\"potentialAction\":[{\"@type\":\"SearchAction\",\"target\":{\"@type\":\"EntryPoint\",\"urlTemplate\":\"https:\\\/\\\/exaudi.org\\\/?s={search_term_string}\"},\"query-input\":{\"@type\":\"PropertyValueSpecification\",\"valueRequired\":true,\"valueName\":\"search_term_string\"}}],\"inLanguage\":\"es\"},{\"@type\":\"Person\",\"@id\":\"https:\\\/\\\/exaudi.org\\\/#\\\/schema\\\/person\\\/f5fc8f063065e38742da7afe15f25df7\",\"name\":\"Exaudi Redacci\u00f3n\",\"image\":{\"@type\":\"ImageObject\",\"inLanguage\":\"es\",\"@id\":\"https:\\\/\\\/secure.gravatar.com\\\/avatar\\\/fe0f6a059fb68d9b3e11bc5850dd4899b1c7492091a3cb6dd9b01b56ad828be2?s=96&d=mm&r=g\",\"url\":\"https:\\\/\\\/secure.gravatar.com\\\/avatar\\\/fe0f6a059fb68d9b3e11bc5850dd4899b1c7492091a3cb6dd9b01b56ad828be2?s=96&d=mm&r=g\",\"contentUrl\":\"https:\\\/\\\/secure.gravatar.com\\\/avatar\\\/fe0f6a059fb68d9b3e11bc5850dd4899b1c7492091a3cb6dd9b01b56ad828be2?s=96&d=mm&r=g\",\"caption\":\"Exaudi Redacci\u00f3n\"},\"description\":\"\u00bfQu\u00e9 es Exaudi News? Exaudi News es un medio de comunicaci\u00f3n cat\u00f3lico internacional que informa, forma y transforma, diariamente en espa\u00f1ol, ingl\u00e9s e italiano. A trav\u00e9s de noticias, art\u00edculos de an\u00e1lisis y transmisiones en directo de los eventos del Papa, Exaudi busca fortalecer la unidad de los cristianos y contribuir a la evangelizaci\u00f3n del mundo, siempre guiados por la doctrina social de la Iglesia. Trabajamos para acercar la verdad y los valores cristianos a cada rinc\u00f3n del planeta. \u00a1Ay\u00fadanos a transformar el mundo con Exaudi! En Exaudi creemos que la evangelizaci\u00f3n y la informaci\u00f3n de calidad pueden cambiar vidas. Para continuar con nuestra misi\u00f3n y expandir nuestro alcance, necesitamos tu ayuda. Adem\u00e1s, buscamos personas comprometidas que deseen unirse a nuestro equipo. Con tu apoyo, lograremos llegar a m\u00e1s personas, difundir el mensaje de Cristo y reforzar la unidad de los cristianos. \u00bfTe unes a nuestra misi\u00f3n? Para m\u00e1s informaci\u00f3n sobre c\u00f3mo colaborar, visita Exaudi.org\\\/es o cont\u00e1ctanos directamente: info@exaudi.org Exaudi: Informa, forma y transforma.\",\"sameAs\":[\"https:\\\/\\\/www.facebook.com\\\/ExaudiNoticias\\\/\",\"https:\\\/\\\/www.instagram.com\\\/exaudi_noticias\\\/\",\"https:\\\/\\\/x.com\\\/Exaudi_noticias\",\"https:\\\/\\\/www.youtube.com\\\/@exaudicatholicnews\"],\"url\":\"https:\\\/\\\/exaudi.org\\\/es\\\/author\\\/redaccionexaudi\\\/\"}]}<\/script>\n<!-- \/ Yoast SEO plugin. -->","yoast_head_json":{"title":"Los obispos son actores y continuadores de la obra misionera &#8211; Exaudi","robots":{"index":"index","follow":"follow","max-snippet":"max-snippet:-1","max-image-preview":"max-image-preview:large","max-video-preview":"max-video-preview:-1"},"canonical":"https:\/\/exaudi.org\/es\/los-obispos-son-actores-y-continuadores-de-la-obra-misionera\/","og_locale":"es_ES","og_type":"article","og_title":"Los obispos son actores y continuadores de la obra misionera &#8211; Exaudi","og_description":"El arzobispo Emilio Nappa se dirigi\u00f3 a los ciento once obispos reci\u00e9n nombrados, reunidos en Roma para participar en el seminario de formaci\u00f3n organizado para ellos por el Dicasterio para la Evangelizaci\u00f3n","og_url":"https:\/\/exaudi.org\/es\/los-obispos-son-actores-y-continuadores-de-la-obra-misionera\/","og_site_name":"Exaudi","article_publisher":"https:\/\/www.facebook.com\/ExaudiNews","article_author":"https:\/\/www.facebook.com\/ExaudiNoticias\/","article_published_time":"2023-09-08T07:16:26+00:00","article_modified_time":"2023-09-08T07:19:22+00:00","og_image":[{"width":1262,"height":749,"url":"https:\/\/exaudi.org\/wp-content\/uploads\/2023\/09\/nappa-ordinazione-28gen22-41.jpeg","type":"image\/jpeg"}],"author":"Exaudi Redacci\u00f3n","twitter_card":"summary_large_image","twitter_creator":"@Exaudi_noticias","twitter_site":"@Exaudi_News","twitter_misc":{"Escrito por":"Exaudi Redacci\u00f3n","Tiempo de lectura":"3 minutos"},"schema":{"@context":"https:\/\/schema.org","@graph":[{"@type":"Article","@id":"https:\/\/exaudi.org\/es\/los-obispos-son-actores-y-continuadores-de-la-obra-misionera\/#article","isPartOf":{"@id":"https:\/\/exaudi.org\/es\/los-obispos-son-actores-y-continuadores-de-la-obra-misionera\/"},"author":{"name":"Exaudi Redacci\u00f3n","@id":"https:\/\/exaudi.org\/#\/schema\/person\/f5fc8f063065e38742da7afe15f25df7"},"headline":"Los obispos son actores y continuadores de la obra misionera","datePublished":"2023-09-08T07:16:26+00:00","dateModified":"2023-09-08T07:19:22+00:00","mainEntityOfPage":{"@id":"https:\/\/exaudi.org\/es\/los-obispos-son-actores-y-continuadores-de-la-obra-misionera\/"},"wordCount":618,"image":{"@id":"https:\/\/exaudi.org\/es\/los-obispos-son-actores-y-continuadores-de-la-obra-misionera\/#primaryimage"},"thumbnailUrl":"https:\/\/exaudi.org\/wp-content\/uploads\/2023\/09\/nappa-ordinazione-28gen22-41.jpeg","keywords":["Evangelizaci\u00f3n","Iglesia cat\u00f3lica","obispos","Obras Misionales Pontificias","OMP","papa francisco","Roma","Trending","Vaticano"],"articleSection":["Iglesia y Mundo"],"inLanguage":"es"},{"@type":"WebPage","@id":"https:\/\/exaudi.org\/es\/los-obispos-son-actores-y-continuadores-de-la-obra-misionera\/","url":"https:\/\/exaudi.org\/es\/los-obispos-son-actores-y-continuadores-de-la-obra-misionera\/","name":"Los obispos son actores y continuadores de la obra misionera &#8211; Exaudi","isPartOf":{"@id":"https:\/\/exaudi.org\/#website"},"primaryImageOfPage":{"@id":"https:\/\/exaudi.org\/es\/los-obispos-son-actores-y-continuadores-de-la-obra-misionera\/#primaryimage"},"image":{"@id":"https:\/\/exaudi.org\/es\/los-obispos-son-actores-y-continuadores-de-la-obra-misionera\/#primaryimage"},"thumbnailUrl":"https:\/\/exaudi.org\/wp-content\/uploads\/2023\/09\/nappa-ordinazione-28gen22-41.jpeg","datePublished":"2023-09-08T07:16:26+00:00","dateModified":"2023-09-08T07:19:22+00:00","author":{"@id":"https:\/\/exaudi.org\/#\/schema\/person\/f5fc8f063065e38742da7afe15f25df7"},"breadcrumb":{"@id":"https:\/\/exaudi.org\/es\/los-obispos-son-actores-y-continuadores-de-la-obra-misionera\/#breadcrumb"},"inLanguage":"es","potentialAction":[{"@type":"ReadAction","target":["https:\/\/exaudi.org\/es\/los-obispos-son-actores-y-continuadores-de-la-obra-misionera\/"]}]},{"@type":"ImageObject","inLanguage":"es","@id":"https:\/\/exaudi.org\/es\/los-obispos-son-actores-y-continuadores-de-la-obra-misionera\/#primaryimage","url":"https:\/\/exaudi.org\/wp-content\/uploads\/2023\/09\/nappa-ordinazione-28gen22-41.jpeg","contentUrl":"https:\/\/exaudi.org\/wp-content\/uploads\/2023\/09\/nappa-ordinazione-28gen22-41.jpeg","width":1262,"height":749},{"@type":"BreadcrumbList","@id":"https:\/\/exaudi.org\/es\/los-obispos-son-actores-y-continuadores-de-la-obra-misionera\/#breadcrumb","itemListElement":[{"@type":"ListItem","position":1,"name":"Portada","item":"https:\/\/exaudi.org\/es\/"},{"@type":"ListItem","position":2,"name":"Los obispos son actores y continuadores de la obra misionera"}]},{"@type":"WebSite","@id":"https:\/\/exaudi.org\/#website","url":"https:\/\/exaudi.org\/","name":"Exaudi","description":"News","potentialAction":[{"@type":"SearchAction","target":{"@type":"EntryPoint","urlTemplate":"https:\/\/exaudi.org\/?s={search_term_string}"},"query-input":{"@type":"PropertyValueSpecification","valueRequired":true,"valueName":"search_term_string"}}],"inLanguage":"es"},{"@type":"Person","@id":"https:\/\/exaudi.org\/#\/schema\/person\/f5fc8f063065e38742da7afe15f25df7","name":"Exaudi Redacci\u00f3n","image":{"@type":"ImageObject","inLanguage":"es","@id":"https:\/\/secure.gravatar.com\/avatar\/fe0f6a059fb68d9b3e11bc5850dd4899b1c7492091a3cb6dd9b01b56ad828be2?s=96&d=mm&r=g","url":"https:\/\/secure.gravatar.com\/avatar\/fe0f6a059fb68d9b3e11bc5850dd4899b1c7492091a3cb6dd9b01b56ad828be2?s=96&d=mm&r=g","contentUrl":"https:\/\/secure.gravatar.com\/avatar\/fe0f6a059fb68d9b3e11bc5850dd4899b1c7492091a3cb6dd9b01b56ad828be2?s=96&d=mm&r=g","caption":"Exaudi Redacci\u00f3n"},"description":"\u00bfQu\u00e9 es Exaudi News? Exaudi News es un medio de comunicaci\u00f3n cat\u00f3lico internacional que informa, forma y transforma, diariamente en espa\u00f1ol, ingl\u00e9s e italiano. A trav\u00e9s de noticias, art\u00edculos de an\u00e1lisis y transmisiones en directo de los eventos del Papa, Exaudi busca fortalecer la unidad de los cristianos y contribuir a la evangelizaci\u00f3n del mundo, siempre guiados por la doctrina social de la Iglesia. Trabajamos para acercar la verdad y los valores cristianos a cada rinc\u00f3n del planeta. \u00a1Ay\u00fadanos a transformar el mundo con Exaudi! En Exaudi creemos que la evangelizaci\u00f3n y la informaci\u00f3n de calidad pueden cambiar vidas. Para continuar con nuestra misi\u00f3n y expandir nuestro alcance, necesitamos tu ayuda. Adem\u00e1s, buscamos personas comprometidas que deseen unirse a nuestro equipo. Con tu apoyo, lograremos llegar a m\u00e1s personas, difundir el mensaje de Cristo y reforzar la unidad de los cristianos. \u00bfTe unes a nuestra misi\u00f3n? Para m\u00e1s informaci\u00f3n sobre c\u00f3mo colaborar, visita Exaudi.org\/es o cont\u00e1ctanos directamente: info@exaudi.org Exaudi: Informa, forma y transforma.","sameAs":["https:\/\/www.facebook.com\/ExaudiNoticias\/","https:\/\/www.instagram.com\/exaudi_noticias\/","https:\/\/x.com\/Exaudi_noticias","https:\/\/www.youtube.com\/@exaudicatholicnews"],"url":"https:\/\/exaudi.org\/es\/author\/redaccionexaudi\/"}]}},"jetpack_featured_media_url":"https:\/\/exaudi.org\/wp-content\/uploads\/2023\/09\/nappa-ordinazione-28gen22-41.jpeg","jetpack_shortlink":"https:\/\/wp.me\/pgKjF2-lCc","_links":{"self":[{"href":"https:\/\/exaudi.org\/es\/wp-json\/wp\/v2\/posts\/83092","targetHints":{"allow":["GET"]}}],"collection":[{"href":"https:\/\/exaudi.org\/es\/wp-json\/wp\/v2\/posts"}],"about":[{"href":"https:\/\/exaudi.org\/es\/wp-json\/wp\/v2\/types\/post"}],"author":[{"embeddable":true,"href":"https:\/\/exaudi.org\/es\/wp-json\/wp\/v2\/users\/15"}],"replies":[{"embeddable":true,"href":"https:\/\/exaudi.org\/es\/wp-json\/wp\/v2\/comments?post=83092"}],"version-history":[{"count":0,"href":"https:\/\/exaudi.org\/es\/wp-json\/wp\/v2\/posts\/83092\/revisions"}],"wp:featuredmedia":[{"embeddable":true,"href":"https:\/\/exaudi.org\/es\/wp-json\/wp\/v2\/media\/83093"}],"wp:attachment":[{"href":"https:\/\/exaudi.org\/es\/wp-json\/wp\/v2\/media?parent=83092"}],"wp:term":[{"taxonomy":"category","embeddable":true,"href":"https:\/\/exaudi.org\/es\/wp-json\/wp\/v2\/categories?post=83092"},{"taxonomy":"post_tag","embeddable":true,"href":"https:\/\/exaudi.org\/es\/wp-json\/wp\/v2\/tags?post=83092"}],"curies":[{"name":"wp","href":"https:\/\/api.w.org\/{rel}","templated":true}]}}