{"id":82966,"date":"2023-09-08T09:00:48","date_gmt":"2023-09-08T07:00:48","guid":{"rendered":"https:\/\/exaudi.org\/?p=82966"},"modified":"2023-09-08T17:51:47","modified_gmt":"2023-09-08T15:51:47","slug":"un-libro-para-preparar-la-peregrinacion-a-tierra-santa","status":"publish","type":"post","link":"https:\/\/exaudi.org\/es\/un-libro-para-preparar-la-peregrinacion-a-tierra-santa\/","title":{"rendered":"Un libro para preparar la peregrinaci\u00f3n a Tierra Santa"},"content":{"rendered":"<audio class=\"wp-audio-shortcode\" id=\"audio-82966-1\" preload=\"none\" style=\"width: 100%;\" controls=\"controls\"><source type=\"audio\/mpeg\" src=\"https:\/\/exaudi.org\/wp-content\/uploads\/2023\/09\/Un-libro-para-preparar-la-peregrinacion-a-Tierra.mp3?_=1\" \/><a href=\"https:\/\/exaudi.org\/wp-content\/uploads\/2023\/09\/Un-libro-para-preparar-la-peregrinacion-a-Tierra.mp3\">https:\/\/exaudi.org\/wp-content\/uploads\/2023\/09\/Un-libro-para-preparar-la-peregrinacion-a-Tierra.mp3<\/a><\/audio>\n<p>A lo largo de 27 cap\u00edtulos, Jes\u00fas Gil y Eduardo Gil recorren los lugares principales relacionados con la vida de Jes\u00fas: Nazaret, Ain Karim, Bel\u00e9n, Jerusal\u00e9n, el r\u00edo Jord\u00e1n, Can\u00e1, Cafarna\u00fan, el mar de Genesaret, Betania, Ema\u00fas&#8230; Sus descripciones van m\u00e1s all\u00e1 de lo que suelen ofrecer las gu\u00edas tur\u00edsticas, pues pretenden preparar para el encuentro con Jes\u00fas que supone una peregrinaci\u00f3n a Tierra Santa.<\/p>\n<h3><strong>Veracidad de los Santos Lugares<\/strong><\/h3>\n<p>Los autores recurren a datos de la Sagrada Escritura, a testimonios hist\u00f3ricos y a resultados de las investigaciones arqueol\u00f3gicas para dar raz\u00f3n de la veracidad de cada sitio. Tambi\u00e9n incluyen apuntes espirituales con el deseo de que ayuden al lector a meditar las escenas del Evangelio, de modo que la Palabra de Dios resuene eficazmente en la propia vida.<\/p>\n<p>Todos estos recursos, unidos a m\u00e1s de 250 fotograf\u00edas, mapas y gr\u00e1ficos, se mezclan de modo org\u00e1nico en cada cap\u00edtulo para que el lector adquiera la informaci\u00f3n precisa, sin caer en detalles prolijos.<\/p>\n<h3><strong>Miles de lectores en ocho idiomas<\/strong><\/h3>\n<p>Esta edici\u00f3n de <em>Huellas de nuestra fe<\/em> llega a las librer\u00edas espa\u00f1olas avalada por decenas de miles de lectores en todo el mundo, que han disfrutado del libro desde 2016, cuando empez\u00f3 a ser distribuido a trav\u00e9s de servicios de impresi\u00f3n bajo demanda y como publicaci\u00f3n electr\u00f3nica.<\/p>\n<p><img loading=\"lazy\" decoding=\"async\" class=\"alignleft size-full wp-image-82974\" src=\"https:\/\/exaudi.org\/wp-content\/uploads\/2023\/09\/Saxum-Visitor-Center_pantallas-interactivas-scaled.jpg\" alt=\"\" width=\"2560\" height=\"1707\" srcset=\"https:\/\/exaudi.org\/wp-content\/uploads\/2023\/09\/Saxum-Visitor-Center_pantallas-interactivas-scaled.jpg 2560w, https:\/\/exaudi.org\/wp-content\/uploads\/2023\/09\/Saxum-Visitor-Center_pantallas-interactivas-300x200.jpg 300w, https:\/\/exaudi.org\/wp-content\/uploads\/2023\/09\/Saxum-Visitor-Center_pantallas-interactivas-1024x683.jpg 1024w, https:\/\/exaudi.org\/wp-content\/uploads\/2023\/09\/Saxum-Visitor-Center_pantallas-interactivas-770x513.jpg 770w, https:\/\/exaudi.org\/wp-content\/uploads\/2023\/09\/Saxum-Visitor-Center_pantallas-interactivas-1536x1024.jpg 1536w, https:\/\/exaudi.org\/wp-content\/uploads\/2023\/09\/Saxum-Visitor-Center_pantallas-interactivas-2048x1365.jpg 2048w, https:\/\/exaudi.org\/wp-content\/uploads\/2023\/09\/Saxum-Visitor-Center_pantallas-interactivas-360x240.jpg?crop=1 360w, https:\/\/exaudi.org\/wp-content\/uploads\/2023\/09\/Saxum-Visitor-Center_pantallas-interactivas-500x333.jpg 500w, https:\/\/exaudi.org\/wp-content\/uploads\/2023\/09\/Saxum-Visitor-Center_pantallas-interactivas-1155x770.jpg 1155w, https:\/\/exaudi.org\/wp-content\/uploads\/2023\/09\/Saxum-Visitor-Center_pantallas-interactivas-370x247.jpg 370w, https:\/\/exaudi.org\/wp-content\/uploads\/2023\/09\/Saxum-Visitor-Center_pantallas-interactivas-293x195.jpg 293w, https:\/\/exaudi.org\/wp-content\/uploads\/2023\/09\/Saxum-Visitor-Center_pantallas-interactivas-1400x933.jpg 1400w, https:\/\/exaudi.org\/wp-content\/uploads\/2023\/09\/Saxum-Visitor-Center_pantallas-interactivas-120x80.jpg 120w, https:\/\/exaudi.org\/wp-content\/uploads\/2023\/09\/Saxum-Visitor-Center_pantallas-interactivas-240x160.jpg 240w, https:\/\/exaudi.org\/wp-content\/uploads\/2023\/09\/Saxum-Visitor-Center_pantallas-interactivas-390x260.jpg 390w\" sizes=\"auto, (max-width: 2560px) 100vw, 2560px\" \/>Originalmente se lanz\u00f3 en castellano e ingl\u00e9s. En los a\u00f1os sucesivos, los autores a\u00f1adieron los cap\u00edtulos sobre el lugar del bautismo de Jes\u00fas en el Jord\u00e1n y sobre la piscina de Betesda. Tambi\u00e9n fueron incorporando nuevas fotos, mapas e infograf\u00edas, algunas cedidas por <em>National Geographic Magazine<\/em>. Al mismo tiempo, sumaron las traducciones al italiano, polaco, alem\u00e1n, portugu\u00e9s, franc\u00e9s y coreano.<\/p>\n<p>Es revelador repasar las rese\u00f1as dejadas por los lectores en los servicios de impresi\u00f3n bajo demanda o los mensajes enviados a los autores. Personas de diferentes pa\u00edses y lenguas coinciden en ver <em>Huellas de nuestra fe<\/em> no exactamente como una gu\u00eda de viaje, sino como un libro para leer antes y despu\u00e9s de una peregrinaci\u00f3n. Antes, para prepararla y as\u00ed aprovechar mejor las explicaciones que se recibir\u00e1n en los Lugares Santos. Y despu\u00e9s, para revivir todo lo experimentado, asimil\u00e1ndolo de una forma m\u00e1s pausada, en contraste con el ritmo intenso que suele caracterizar una peregrinaci\u00f3n a Tierra Santa.<\/p>\n<p>A la vez, unos pocos se\u00f1alan que planificaron un viaje por cuenta propia, en familia, sin grupo organizado ni gu\u00eda, y que utilizaron como libros de referencia la Biblia y <em>Huellas de nuestra fe<\/em>.<\/p>\n<p><img loading=\"lazy\" decoding=\"async\" class=\"size-full wp-image-82980 alignright\" src=\"https:\/\/exaudi.org\/wp-content\/uploads\/2023\/09\/Saxum-Visitor-Center_linea-del-tiempo-scaled.jpg\" alt=\"\" width=\"2560\" height=\"1707\" srcset=\"https:\/\/exaudi.org\/wp-content\/uploads\/2023\/09\/Saxum-Visitor-Center_linea-del-tiempo-scaled.jpg 2560w, https:\/\/exaudi.org\/wp-content\/uploads\/2023\/09\/Saxum-Visitor-Center_linea-del-tiempo-300x200.jpg 300w, https:\/\/exaudi.org\/wp-content\/uploads\/2023\/09\/Saxum-Visitor-Center_linea-del-tiempo-1024x683.jpg 1024w, https:\/\/exaudi.org\/wp-content\/uploads\/2023\/09\/Saxum-Visitor-Center_linea-del-tiempo-770x513.jpg 770w, https:\/\/exaudi.org\/wp-content\/uploads\/2023\/09\/Saxum-Visitor-Center_linea-del-tiempo-1536x1024.jpg 1536w, https:\/\/exaudi.org\/wp-content\/uploads\/2023\/09\/Saxum-Visitor-Center_linea-del-tiempo-2048x1365.jpg 2048w, https:\/\/exaudi.org\/wp-content\/uploads\/2023\/09\/Saxum-Visitor-Center_linea-del-tiempo-360x240.jpg?crop=1 360w, https:\/\/exaudi.org\/wp-content\/uploads\/2023\/09\/Saxum-Visitor-Center_linea-del-tiempo-500x333.jpg 500w, https:\/\/exaudi.org\/wp-content\/uploads\/2023\/09\/Saxum-Visitor-Center_linea-del-tiempo-1155x770.jpg 1155w, https:\/\/exaudi.org\/wp-content\/uploads\/2023\/09\/Saxum-Visitor-Center_linea-del-tiempo-370x247.jpg 370w, https:\/\/exaudi.org\/wp-content\/uploads\/2023\/09\/Saxum-Visitor-Center_linea-del-tiempo-293x195.jpg 293w, https:\/\/exaudi.org\/wp-content\/uploads\/2023\/09\/Saxum-Visitor-Center_linea-del-tiempo-1400x933.jpg 1400w, https:\/\/exaudi.org\/wp-content\/uploads\/2023\/09\/Saxum-Visitor-Center_linea-del-tiempo-120x80.jpg 120w, https:\/\/exaudi.org\/wp-content\/uploads\/2023\/09\/Saxum-Visitor-Center_linea-del-tiempo-240x160.jpg 240w, https:\/\/exaudi.org\/wp-content\/uploads\/2023\/09\/Saxum-Visitor-Center_linea-del-tiempo-390x260.jpg 390w\" sizes=\"auto, (max-width: 2560px) 100vw, 2560px\" \/>Aparte de esto, es opini\u00f3n un\u00e1nime que la calidad y cantidad de las infograf\u00edas, mapas y fotos ayuda mucho a situarse en los lugares. En este sentido, el libro sirve tambi\u00e9n como peregrinaci\u00f3n virtual para quienes les resulta imposible acometer un viaje a Tierra Santa.<\/p>\n<h3><strong>Versi\u00f3n normal y versi\u00f3n extendida<\/strong><\/h3>\n<p>Desde 2018, la publicaci\u00f3n se ofrece en dos versiones: normal y extendida. Tambi\u00e9n la nueva edici\u00f3n se distribuir\u00e1 as\u00ed en Espa\u00f1a. La versi\u00f3n extendida, con 284 p\u00e1ginas en lugar de 272, incluye fotograf\u00edas y detalles de la peregrinaci\u00f3n a Tierra Santa que el beato \u00c1lvaro del Portillo realiz\u00f3 en 1994. Es un contenido significativo para los fieles del Opus Dei y sus cooperadores. San Josemar\u00eda Escriv\u00e1 quiso ir en peregrinaci\u00f3n a Tierra Santa y so\u00f1\u00f3 con la puesta en marcha all\u00ed de varias iniciativas apost\u00f3licas en beneficio de la Iglesia, como el proyecto Saxum. Sin embargo, por diversas circunstancias, no pudo ver cumplidos esos deseos. Su primer sucesor al frente del Opus Dei, el beato \u00c1lvaro del Portillo, hizo realidad aquel antiguo anhelo, recorriendo los Santos Lugares del 14 al 22 de marzo de 1994. En la madrugada del d\u00eda 23, unas horas despu\u00e9s de haber regresado a Roma, Dios lo llam\u00f3 a su presencia. Hab\u00eda celebrado la eucarist\u00eda por \u00faltima vez en la iglesia del Cen\u00e1culo.<\/p>\n<h3><strong>La Fundaci\u00f3n Saxum <\/strong><\/h3>\n<p>Saxum International Foundation es una organizaci\u00f3n sin \u00e1nimo de lucro registrada en Italia. Su objetivo principal es ofrecer a personas de todo el mundo la posibilidad de llegar a un encuentro con Dios mediante un conocimiento m\u00e1s profundo e hist\u00f3rico de los Lugares Santos en los que Jes\u00fas vivi\u00f3, predic\u00f3 y actu\u00f3. Tambi\u00e9n promueve el di\u00e1logo interreligioso e intercultural a partir de la herencia com\u00fan que representa Tierra Santa. Saxum se une as\u00ed a la tarea evangelizadora y de di\u00e1logo que otras instituciones de la Iglesia desempe\u00f1an all\u00ed desde hace siglos.<\/p>\n<p>El proyecto principal de Saxum es el <a href=\"https:\/\/saxum.org\/es\/\" target=\"_blank\" rel=\"noopener\">Visitor Center<\/a>, inaugurado en febrero de 2019 y situado a 15 kil\u00f3metros de Jerusal\u00e9n. Funciona como una puerta de bienvenida a Tierra Santa. En el atrio, una cronolog\u00eda y un gran mapa de Oriente Medio ayudan a situar al peregrino en la historia de los lugares que est\u00e1 visitando. En el interior, se ofrece una experiencia interactiva y multimedia por medio de mapas, pantallas t\u00e1ctiles, reconstrucciones 3D, una maqueta de Jerusale\u0301n y una peli\u0301cula proyectada en 360 grados.<\/p>\n<p>Adem\u00e1s, Saxum International Foundation cumple su misi\u00f3n mediante las jornadas <a href=\"https:\/\/saxum.org\/es\/saxum-international-foundation\/\" target=\"_blank\" rel=\"noopener\"><em>Holy Land Dialogues<\/em><\/a>, creando contenido en v\u00eddeo, como la serie <a href=\"https:\/\/saxum.org\/es\/recursos\/\" target=\"_blank\" rel=\"noopener\"><em>Aqu\u00ed pas\u00f3<\/em><\/a>, e impulsando distintas publicaciones. En 2021 edit\u00f3 <a href=\"https:\/\/saxum.org\/es\/recursos\/libros\/\" target=\"_blank\" rel=\"noopener\"><em>P\u00f3rtico de la Biblia<\/em><\/a>, libro del que tambi\u00e9n Jes\u00fas Gil es coautor. Hasta ahora, el castellano original se ha traducido a ingl\u00e9s, italiano, franc\u00e9s, polaco y chino tradicional. <em>Huellas de nuestra fe<\/em> y <em>P\u00f3rtico de la Biblia<\/em> son libros complementarios, porque ayudan a conocer la historia y geograf\u00eda de Tierra Santa y, por tanto, a comprender mejor la Palabra de Dios contenida en la Sagrada Escritura.<\/p>\n<h3><strong>Distribuci\u00f3n del libro<\/strong><\/h3>\n<p>Puede adquirir el libro en los siguientes enlaces: <a href=\"https:\/\/tienda.egersis.es\/libros\/207-huellas-de-nuestra-fe-apuntes.html\" target=\"_blank\" rel=\"noopener\">versi\u00f3n normal<\/a> y la <a href=\"https:\/\/tienda.egersis.es\/libros\/100-huellas-de-nuestra-fe.html\" target=\"_blank\" rel=\"noopener\">extendida<\/a>.<\/p>\n<h3><strong>Sobre los autores<\/strong><\/h3>\n<p><img loading=\"lazy\" decoding=\"async\" class=\"alignleft wp-image-82967\" src=\"https:\/\/exaudi.org\/wp-content\/uploads\/2023\/09\/Jesus_Gil_by_Mauricio_Trujillo-scaled.jpg\" alt=\"\" width=\"107\" height=\"71\" srcset=\"https:\/\/exaudi.org\/wp-content\/uploads\/2023\/09\/Jesus_Gil_by_Mauricio_Trujillo-scaled.jpg 2560w, https:\/\/exaudi.org\/wp-content\/uploads\/2023\/09\/Jesus_Gil_by_Mauricio_Trujillo-300x200.jpg 300w, https:\/\/exaudi.org\/wp-content\/uploads\/2023\/09\/Jesus_Gil_by_Mauricio_Trujillo-1024x683.jpg 1024w, https:\/\/exaudi.org\/wp-content\/uploads\/2023\/09\/Jesus_Gil_by_Mauricio_Trujillo-770x513.jpg 770w, https:\/\/exaudi.org\/wp-content\/uploads\/2023\/09\/Jesus_Gil_by_Mauricio_Trujillo-1536x1024.jpg 1536w, https:\/\/exaudi.org\/wp-content\/uploads\/2023\/09\/Jesus_Gil_by_Mauricio_Trujillo-2048x1365.jpg 2048w, https:\/\/exaudi.org\/wp-content\/uploads\/2023\/09\/Jesus_Gil_by_Mauricio_Trujillo-360x240.jpg?crop=1 360w, https:\/\/exaudi.org\/wp-content\/uploads\/2023\/09\/Jesus_Gil_by_Mauricio_Trujillo-500x333.jpg 500w, https:\/\/exaudi.org\/wp-content\/uploads\/2023\/09\/Jesus_Gil_by_Mauricio_Trujillo-1155x770.jpg 1155w, https:\/\/exaudi.org\/wp-content\/uploads\/2023\/09\/Jesus_Gil_by_Mauricio_Trujillo-370x247.jpg 370w, https:\/\/exaudi.org\/wp-content\/uploads\/2023\/09\/Jesus_Gil_by_Mauricio_Trujillo-293x195.jpg 293w, https:\/\/exaudi.org\/wp-content\/uploads\/2023\/09\/Jesus_Gil_by_Mauricio_Trujillo-1400x933.jpg 1400w, https:\/\/exaudi.org\/wp-content\/uploads\/2023\/09\/Jesus_Gil_by_Mauricio_Trujillo-120x80.jpg 120w, https:\/\/exaudi.org\/wp-content\/uploads\/2023\/09\/Jesus_Gil_by_Mauricio_Trujillo-240x160.jpg 240w, https:\/\/exaudi.org\/wp-content\/uploads\/2023\/09\/Jesus_Gil_by_Mauricio_Trujillo-390x260.jpg 390w\" sizes=\"auto, (max-width: 107px) 100vw, 107px\" \/>Jes\u00fas Gil (Logro\u00f1o, 1976) es sacerdote de la Prelatura del Opus Dei y doctor en Teolog\u00eda Espiritual por la Pontificia Universidad de la Santa Cruz (Roma, 2014). Con anterioridad estudi\u00f3 Publicidad y Relaciones P\u00fablicas en la Universidad de Navarra, y trabaj\u00f3 como periodista visual en <em>Diario de Burgos<\/em> y como director de arte en <em>La Voz de Galicia<\/em>, donde fue galardonado con premios internacionales de dise\u00f1o e infograf\u00eda. Es coautor de <em>P\u00f3rtico de la Biblia<\/em>, tambi\u00e9n editado por Saxum International Foundation.<\/p>\n<p><img loading=\"lazy\" decoding=\"async\" class=\"wp-image-82970 alignleft\" src=\"https:\/\/exaudi.org\/wp-content\/uploads\/2023\/09\/Eduardo_Gil-scaled.jpeg\" alt=\"\" width=\"104\" height=\"122\" srcset=\"https:\/\/exaudi.org\/wp-content\/uploads\/2023\/09\/Eduardo_Gil-scaled.jpeg 2188w, https:\/\/exaudi.org\/wp-content\/uploads\/2023\/09\/Eduardo_Gil-256x300.jpeg 256w, https:\/\/exaudi.org\/wp-content\/uploads\/2023\/09\/Eduardo_Gil-875x1024.jpeg 875w, https:\/\/exaudi.org\/wp-content\/uploads\/2023\/09\/Eduardo_Gil-770x901.jpeg 770w, https:\/\/exaudi.org\/wp-content\/uploads\/2023\/09\/Eduardo_Gil-1313x1536.jpeg 1313w, https:\/\/exaudi.org\/wp-content\/uploads\/2023\/09\/Eduardo_Gil-1751x2048.jpeg 1751w, https:\/\/exaudi.org\/wp-content\/uploads\/2023\/09\/Eduardo_Gil-500x585.jpeg 500w, https:\/\/exaudi.org\/wp-content\/uploads\/2023\/09\/Eduardo_Gil-293x343.jpeg 293w, https:\/\/exaudi.org\/wp-content\/uploads\/2023\/09\/Eduardo_Gil-1400x1638.jpeg 1400w, https:\/\/exaudi.org\/wp-content\/uploads\/2023\/09\/Eduardo_Gil-390x456.jpeg 390w\" sizes=\"auto, (max-width: 104px) 100vw, 104px\" \/>Eduardo Gil (Logro\u00f1o, 1970) es sacerdote de la Prelatura del Opus Dei y doctor en Filosof\u00eda por la Pontificia Universidad de la Santa Cruz (Roma, 2007). Con anterioridad estudi\u00f3 Filolog\u00eda Hisp\u00e1nica en la Universidad de Granada y fue profesor de Lengua y Literatura. Actualmente se dedica a la formaci\u00f3n de candidatos al sacerdocio en Roma.<\/p>\n<p><img loading=\"lazy\" decoding=\"async\" class=\"size-full wp-image-83037 aligncenter\" src=\"https:\/\/exaudi.org\/wp-content\/uploads\/2023\/09\/HNF2023_cover.jpg\" alt=\"\" width=\"1407\" height=\"2000\" srcset=\"https:\/\/exaudi.org\/wp-content\/uploads\/2023\/09\/HNF2023_cover.jpg 1407w, https:\/\/exaudi.org\/wp-content\/uploads\/2023\/09\/HNF2023_cover-211x300.jpg 211w, https:\/\/exaudi.org\/wp-content\/uploads\/2023\/09\/HNF2023_cover-720x1024.jpg 720w, https:\/\/exaudi.org\/wp-content\/uploads\/2023\/09\/HNF2023_cover-770x1095.jpg 770w, https:\/\/exaudi.org\/wp-content\/uploads\/2023\/09\/HNF2023_cover-1081x1536.jpg 1081w, https:\/\/exaudi.org\/wp-content\/uploads\/2023\/09\/HNF2023_cover-500x711.jpg 500w, https:\/\/exaudi.org\/wp-content\/uploads\/2023\/09\/HNF2023_cover-293x416.jpg 293w, https:\/\/exaudi.org\/wp-content\/uploads\/2023\/09\/HNF2023_cover-1400x1990.jpg 1400w, https:\/\/exaudi.org\/wp-content\/uploads\/2023\/09\/HNF2023_cover-390x554.jpg 390w\" sizes=\"auto, (max-width: 1407px) 100vw, 1407px\" \/><\/p>\n<p>&nbsp;<\/p>\n<p><img loading=\"lazy\" decoding=\"async\" class=\"alignleft size-full wp-image-83001\" src=\"https:\/\/exaudi.org\/wp-content\/uploads\/2023\/09\/HNF2023_cap21a-scaled.jpg\" alt=\"\" width=\"2560\" height=\"1829\" srcset=\"https:\/\/exaudi.org\/wp-content\/uploads\/2023\/09\/HNF2023_cap21a-scaled.jpg 2560w, https:\/\/exaudi.org\/wp-content\/uploads\/2023\/09\/HNF2023_cap21a-300x214.jpg 300w, https:\/\/exaudi.org\/wp-content\/uploads\/2023\/09\/HNF2023_cap21a-1024x731.jpg 1024w, https:\/\/exaudi.org\/wp-content\/uploads\/2023\/09\/HNF2023_cap21a-770x550.jpg 770w, https:\/\/exaudi.org\/wp-content\/uploads\/2023\/09\/HNF2023_cap21a-1536x1097.jpg 1536w, https:\/\/exaudi.org\/wp-content\/uploads\/2023\/09\/HNF2023_cap21a-2048x1463.jpg 2048w, https:\/\/exaudi.org\/wp-content\/uploads\/2023\/09\/HNF2023_cap21a-500x357.jpg 500w, https:\/\/exaudi.org\/wp-content\/uploads\/2023\/09\/HNF2023_cap21a-293x209.jpg 293w, https:\/\/exaudi.org\/wp-content\/uploads\/2023\/09\/HNF2023_cap21a-1400x1000.jpg 1400w, https:\/\/exaudi.org\/wp-content\/uploads\/2023\/09\/HNF2023_cap21a-390x279.jpg 390w\" sizes=\"auto, (max-width: 2560px) 100vw, 2560px\" \/><\/p>\n<p>&nbsp;<\/p>\n","protected":false},"excerpt":{"rendered":"<p>La Fundaci\u00f3n Saxum publica en Espa\u00f1a Huellas de nuestra fe, un libro dirigido tanto a quienes preparan una peregrinaci\u00f3n a Tierra Santa como a quienes desean revivirla despu\u00e9s, una vez de regreso a casa<\/p>\n","protected":false},"author":15,"featured_media":82977,"comment_status":"closed","ping_status":"closed","sticky":false,"template":"","format":"standard","meta":{"_acf_changed":false,"_crdt_document":"","inline_featured_image":false,"footnotes":""},"categories":[72,74],"tags":[9959,4699,9954,9956,9957,9951,9955,9958,9953,2649,2623,9952,9960,9950,392,4953],"class_list":["post-82966","post","type-post","status-publish","format-standard","has-post-thumbnail","hentry","category-analisis","category-iglesia-y-mundo","tag-ain-karim","tag-belen","tag-betania","tag-cafarnaun","tag-cana-2","tag-eduardo-gil","tag-el-mar-de-genesaret","tag-el-rio-jordan","tag-emaus","tag-jerusalen","tag-jesus","tag-jesus-gil","tag-nazaret-2","tag-saxum","tag-tierra-santa","tag-trending-es"],"acf":[],"yoast_head":"<!-- This site is optimized with the Yoast SEO plugin v27.5 - https:\/\/yoast.com\/product\/yoast-seo-wordpress\/ -->\n<title>Un libro para preparar la peregrinaci\u00f3n a Tierra Santa &#8211; Exaudi<\/title>\n<meta name=\"robots\" content=\"index, follow, max-snippet:-1, max-image-preview:large, max-video-preview:-1\" \/>\n<link rel=\"canonical\" href=\"https:\/\/exaudi.org\/es\/un-libro-para-preparar-la-peregrinacion-a-tierra-santa\/\" \/>\n<meta property=\"og:locale\" content=\"es_ES\" \/>\n<meta property=\"og:type\" content=\"article\" \/>\n<meta property=\"og:title\" content=\"Un libro para preparar la peregrinaci\u00f3n a Tierra Santa &#8211; Exaudi\" \/>\n<meta property=\"og:description\" content=\"La Fundaci\u00f3n Saxum publica en Espa\u00f1a Huellas de nuestra fe, un libro dirigido tanto a quienes preparan una peregrinaci\u00f3n a Tierra Santa como a quienes desean revivirla despu\u00e9s, una vez de regreso a casa\" \/>\n<meta property=\"og:url\" content=\"https:\/\/exaudi.org\/es\/un-libro-para-preparar-la-peregrinacion-a-tierra-santa\/\" \/>\n<meta property=\"og:site_name\" content=\"Exaudi\" \/>\n<meta property=\"article:publisher\" content=\"https:\/\/www.facebook.com\/ExaudiNews\" \/>\n<meta property=\"article:author\" content=\"https:\/\/www.facebook.com\/ExaudiNoticias\/\" \/>\n<meta property=\"article:published_time\" content=\"2023-09-08T07:00:48+00:00\" \/>\n<meta property=\"article:modified_time\" content=\"2023-09-08T15:51:47+00:00\" \/>\n<meta property=\"og:image\" content=\"https:\/\/exaudi.org\/wp-content\/uploads\/2023\/09\/Saxum-Visitor-Center_patio-scaled.jpg\" \/>\n\t<meta property=\"og:image:width\" content=\"2560\" \/>\n\t<meta property=\"og:image:height\" content=\"1706\" \/>\n\t<meta property=\"og:image:type\" content=\"image\/jpeg\" \/>\n<meta name=\"author\" content=\"Exaudi Redacci\u00f3n\" \/>\n<meta name=\"twitter:card\" content=\"summary_large_image\" \/>\n<meta name=\"twitter:creator\" content=\"@Exaudi_noticias\" \/>\n<meta name=\"twitter:site\" content=\"@Exaudi_News\" \/>\n<meta name=\"twitter:label1\" content=\"Escrito por\" \/>\n\t<meta name=\"twitter:data1\" content=\"Exaudi Redacci\u00f3n\" \/>\n\t<meta name=\"twitter:label2\" content=\"Tiempo de lectura\" \/>\n\t<meta name=\"twitter:data2\" content=\"6 minutos\" \/>\n<script type=\"application\/ld+json\" class=\"yoast-schema-graph\">{\"@context\":\"https:\\\/\\\/schema.org\",\"@graph\":[{\"@type\":\"Article\",\"@id\":\"https:\\\/\\\/exaudi.org\\\/es\\\/un-libro-para-preparar-la-peregrinacion-a-tierra-santa\\\/#article\",\"isPartOf\":{\"@id\":\"https:\\\/\\\/exaudi.org\\\/es\\\/un-libro-para-preparar-la-peregrinacion-a-tierra-santa\\\/\"},\"author\":{\"name\":\"Exaudi Redacci\u00f3n\",\"@id\":\"https:\\\/\\\/exaudi.org\\\/#\\\/schema\\\/person\\\/f5fc8f063065e38742da7afe15f25df7\"},\"headline\":\"Un libro para preparar la peregrinaci\u00f3n a Tierra Santa\",\"datePublished\":\"2023-09-08T07:00:48+00:00\",\"dateModified\":\"2023-09-08T15:51:47+00:00\",\"mainEntityOfPage\":{\"@id\":\"https:\\\/\\\/exaudi.org\\\/es\\\/un-libro-para-preparar-la-peregrinacion-a-tierra-santa\\\/\"},\"wordCount\":1175,\"image\":{\"@id\":\"https:\\\/\\\/exaudi.org\\\/es\\\/un-libro-para-preparar-la-peregrinacion-a-tierra-santa\\\/#primaryimage\"},\"thumbnailUrl\":\"https:\\\/\\\/exaudi.org\\\/wp-content\\\/uploads\\\/2023\\\/09\\\/Saxum-Visitor-Center_patio-scaled.jpg\",\"keywords\":[\"Ain Karim\",\"Bel\u00e9n\",\"Betania\",\"Cafarna\u00fan\",\"Can\u00e1\",\"Eduardo Gil\",\"el mar de Genesaret\",\"el r\u00edo Jord\u00e1n\",\"Ema\u00fas\",\"Jerusal\u00e9n\",\"Jes\u00fas\",\"Jes\u00fas Gil\",\"Nazaret\",\"Saxum\",\"Tierra Santa\",\"Trending\"],\"articleSection\":[\"An\u00e1lisis\",\"Iglesia y Mundo\"],\"inLanguage\":\"es\"},{\"@type\":\"WebPage\",\"@id\":\"https:\\\/\\\/exaudi.org\\\/es\\\/un-libro-para-preparar-la-peregrinacion-a-tierra-santa\\\/\",\"url\":\"https:\\\/\\\/exaudi.org\\\/es\\\/un-libro-para-preparar-la-peregrinacion-a-tierra-santa\\\/\",\"name\":\"Un libro para preparar la peregrinaci\u00f3n a Tierra Santa &#8211; Exaudi\",\"isPartOf\":{\"@id\":\"https:\\\/\\\/exaudi.org\\\/#website\"},\"primaryImageOfPage\":{\"@id\":\"https:\\\/\\\/exaudi.org\\\/es\\\/un-libro-para-preparar-la-peregrinacion-a-tierra-santa\\\/#primaryimage\"},\"image\":{\"@id\":\"https:\\\/\\\/exaudi.org\\\/es\\\/un-libro-para-preparar-la-peregrinacion-a-tierra-santa\\\/#primaryimage\"},\"thumbnailUrl\":\"https:\\\/\\\/exaudi.org\\\/wp-content\\\/uploads\\\/2023\\\/09\\\/Saxum-Visitor-Center_patio-scaled.jpg\",\"datePublished\":\"2023-09-08T07:00:48+00:00\",\"dateModified\":\"2023-09-08T15:51:47+00:00\",\"author\":{\"@id\":\"https:\\\/\\\/exaudi.org\\\/#\\\/schema\\\/person\\\/f5fc8f063065e38742da7afe15f25df7\"},\"breadcrumb\":{\"@id\":\"https:\\\/\\\/exaudi.org\\\/es\\\/un-libro-para-preparar-la-peregrinacion-a-tierra-santa\\\/#breadcrumb\"},\"inLanguage\":\"es\",\"potentialAction\":[{\"@type\":\"ReadAction\",\"target\":[\"https:\\\/\\\/exaudi.org\\\/es\\\/un-libro-para-preparar-la-peregrinacion-a-tierra-santa\\\/\"]}]},{\"@type\":\"ImageObject\",\"inLanguage\":\"es\",\"@id\":\"https:\\\/\\\/exaudi.org\\\/es\\\/un-libro-para-preparar-la-peregrinacion-a-tierra-santa\\\/#primaryimage\",\"url\":\"https:\\\/\\\/exaudi.org\\\/wp-content\\\/uploads\\\/2023\\\/09\\\/Saxum-Visitor-Center_patio-scaled.jpg\",\"contentUrl\":\"https:\\\/\\\/exaudi.org\\\/wp-content\\\/uploads\\\/2023\\\/09\\\/Saxum-Visitor-Center_patio-scaled.jpg\",\"width\":2560,\"height\":1706},{\"@type\":\"BreadcrumbList\",\"@id\":\"https:\\\/\\\/exaudi.org\\\/es\\\/un-libro-para-preparar-la-peregrinacion-a-tierra-santa\\\/#breadcrumb\",\"itemListElement\":[{\"@type\":\"ListItem\",\"position\":1,\"name\":\"Portada\",\"item\":\"https:\\\/\\\/exaudi.org\\\/es\\\/\"},{\"@type\":\"ListItem\",\"position\":2,\"name\":\"Un libro para preparar la peregrinaci\u00f3n a Tierra Santa\"}]},{\"@type\":\"WebSite\",\"@id\":\"https:\\\/\\\/exaudi.org\\\/#website\",\"url\":\"https:\\\/\\\/exaudi.org\\\/\",\"name\":\"Exaudi\",\"description\":\"News\",\"potentialAction\":[{\"@type\":\"SearchAction\",\"target\":{\"@type\":\"EntryPoint\",\"urlTemplate\":\"https:\\\/\\\/exaudi.org\\\/?s={search_term_string}\"},\"query-input\":{\"@type\":\"PropertyValueSpecification\",\"valueRequired\":true,\"valueName\":\"search_term_string\"}}],\"inLanguage\":\"es\"},{\"@type\":\"Person\",\"@id\":\"https:\\\/\\\/exaudi.org\\\/#\\\/schema\\\/person\\\/f5fc8f063065e38742da7afe15f25df7\",\"name\":\"Exaudi Redacci\u00f3n\",\"image\":{\"@type\":\"ImageObject\",\"inLanguage\":\"es\",\"@id\":\"https:\\\/\\\/secure.gravatar.com\\\/avatar\\\/fe0f6a059fb68d9b3e11bc5850dd4899b1c7492091a3cb6dd9b01b56ad828be2?s=96&d=mm&r=g\",\"url\":\"https:\\\/\\\/secure.gravatar.com\\\/avatar\\\/fe0f6a059fb68d9b3e11bc5850dd4899b1c7492091a3cb6dd9b01b56ad828be2?s=96&d=mm&r=g\",\"contentUrl\":\"https:\\\/\\\/secure.gravatar.com\\\/avatar\\\/fe0f6a059fb68d9b3e11bc5850dd4899b1c7492091a3cb6dd9b01b56ad828be2?s=96&d=mm&r=g\",\"caption\":\"Exaudi Redacci\u00f3n\"},\"description\":\"\u00bfQu\u00e9 es Exaudi News? Exaudi News es un medio de comunicaci\u00f3n cat\u00f3lico internacional que informa, forma y transforma, diariamente en espa\u00f1ol, ingl\u00e9s e italiano. A trav\u00e9s de noticias, art\u00edculos de an\u00e1lisis y transmisiones en directo de los eventos del Papa, Exaudi busca fortalecer la unidad de los cristianos y contribuir a la evangelizaci\u00f3n del mundo, siempre guiados por la doctrina social de la Iglesia. Trabajamos para acercar la verdad y los valores cristianos a cada rinc\u00f3n del planeta. \u00a1Ay\u00fadanos a transformar el mundo con Exaudi! En Exaudi creemos que la evangelizaci\u00f3n y la informaci\u00f3n de calidad pueden cambiar vidas. Para continuar con nuestra misi\u00f3n y expandir nuestro alcance, necesitamos tu ayuda. Adem\u00e1s, buscamos personas comprometidas que deseen unirse a nuestro equipo. Con tu apoyo, lograremos llegar a m\u00e1s personas, difundir el mensaje de Cristo y reforzar la unidad de los cristianos. \u00bfTe unes a nuestra misi\u00f3n? Para m\u00e1s informaci\u00f3n sobre c\u00f3mo colaborar, visita Exaudi.org\\\/es o cont\u00e1ctanos directamente: info@exaudi.org Exaudi: Informa, forma y transforma.\",\"sameAs\":[\"https:\\\/\\\/www.facebook.com\\\/ExaudiNoticias\\\/\",\"https:\\\/\\\/www.instagram.com\\\/exaudi_noticias\\\/\",\"https:\\\/\\\/x.com\\\/Exaudi_noticias\",\"https:\\\/\\\/www.youtube.com\\\/@exaudicatholicnews\"],\"url\":\"https:\\\/\\\/exaudi.org\\\/es\\\/author\\\/redaccionexaudi\\\/\"}]}<\/script>\n<!-- \/ Yoast SEO plugin. -->","yoast_head_json":{"title":"Un libro para preparar la peregrinaci\u00f3n a Tierra Santa &#8211; Exaudi","robots":{"index":"index","follow":"follow","max-snippet":"max-snippet:-1","max-image-preview":"max-image-preview:large","max-video-preview":"max-video-preview:-1"},"canonical":"https:\/\/exaudi.org\/es\/un-libro-para-preparar-la-peregrinacion-a-tierra-santa\/","og_locale":"es_ES","og_type":"article","og_title":"Un libro para preparar la peregrinaci\u00f3n a Tierra Santa &#8211; Exaudi","og_description":"La Fundaci\u00f3n Saxum publica en Espa\u00f1a Huellas de nuestra fe, un libro dirigido tanto a quienes preparan una peregrinaci\u00f3n a Tierra Santa como a quienes desean revivirla despu\u00e9s, una vez de regreso a casa","og_url":"https:\/\/exaudi.org\/es\/un-libro-para-preparar-la-peregrinacion-a-tierra-santa\/","og_site_name":"Exaudi","article_publisher":"https:\/\/www.facebook.com\/ExaudiNews","article_author":"https:\/\/www.facebook.com\/ExaudiNoticias\/","article_published_time":"2023-09-08T07:00:48+00:00","article_modified_time":"2023-09-08T15:51:47+00:00","og_image":[{"width":2560,"height":1706,"url":"https:\/\/exaudi.org\/wp-content\/uploads\/2023\/09\/Saxum-Visitor-Center_patio-scaled.jpg","type":"image\/jpeg"}],"author":"Exaudi Redacci\u00f3n","twitter_card":"summary_large_image","twitter_creator":"@Exaudi_noticias","twitter_site":"@Exaudi_News","twitter_misc":{"Escrito por":"Exaudi Redacci\u00f3n","Tiempo de lectura":"6 minutos"},"schema":{"@context":"https:\/\/schema.org","@graph":[{"@type":"Article","@id":"https:\/\/exaudi.org\/es\/un-libro-para-preparar-la-peregrinacion-a-tierra-santa\/#article","isPartOf":{"@id":"https:\/\/exaudi.org\/es\/un-libro-para-preparar-la-peregrinacion-a-tierra-santa\/"},"author":{"name":"Exaudi Redacci\u00f3n","@id":"https:\/\/exaudi.org\/#\/schema\/person\/f5fc8f063065e38742da7afe15f25df7"},"headline":"Un libro para preparar la peregrinaci\u00f3n a Tierra Santa","datePublished":"2023-09-08T07:00:48+00:00","dateModified":"2023-09-08T15:51:47+00:00","mainEntityOfPage":{"@id":"https:\/\/exaudi.org\/es\/un-libro-para-preparar-la-peregrinacion-a-tierra-santa\/"},"wordCount":1175,"image":{"@id":"https:\/\/exaudi.org\/es\/un-libro-para-preparar-la-peregrinacion-a-tierra-santa\/#primaryimage"},"thumbnailUrl":"https:\/\/exaudi.org\/wp-content\/uploads\/2023\/09\/Saxum-Visitor-Center_patio-scaled.jpg","keywords":["Ain Karim","Bel\u00e9n","Betania","Cafarna\u00fan","Can\u00e1","Eduardo Gil","el mar de Genesaret","el r\u00edo Jord\u00e1n","Ema\u00fas","Jerusal\u00e9n","Jes\u00fas","Jes\u00fas Gil","Nazaret","Saxum","Tierra Santa","Trending"],"articleSection":["An\u00e1lisis","Iglesia y Mundo"],"inLanguage":"es"},{"@type":"WebPage","@id":"https:\/\/exaudi.org\/es\/un-libro-para-preparar-la-peregrinacion-a-tierra-santa\/","url":"https:\/\/exaudi.org\/es\/un-libro-para-preparar-la-peregrinacion-a-tierra-santa\/","name":"Un libro para preparar la peregrinaci\u00f3n a Tierra Santa &#8211; Exaudi","isPartOf":{"@id":"https:\/\/exaudi.org\/#website"},"primaryImageOfPage":{"@id":"https:\/\/exaudi.org\/es\/un-libro-para-preparar-la-peregrinacion-a-tierra-santa\/#primaryimage"},"image":{"@id":"https:\/\/exaudi.org\/es\/un-libro-para-preparar-la-peregrinacion-a-tierra-santa\/#primaryimage"},"thumbnailUrl":"https:\/\/exaudi.org\/wp-content\/uploads\/2023\/09\/Saxum-Visitor-Center_patio-scaled.jpg","datePublished":"2023-09-08T07:00:48+00:00","dateModified":"2023-09-08T15:51:47+00:00","author":{"@id":"https:\/\/exaudi.org\/#\/schema\/person\/f5fc8f063065e38742da7afe15f25df7"},"breadcrumb":{"@id":"https:\/\/exaudi.org\/es\/un-libro-para-preparar-la-peregrinacion-a-tierra-santa\/#breadcrumb"},"inLanguage":"es","potentialAction":[{"@type":"ReadAction","target":["https:\/\/exaudi.org\/es\/un-libro-para-preparar-la-peregrinacion-a-tierra-santa\/"]}]},{"@type":"ImageObject","inLanguage":"es","@id":"https:\/\/exaudi.org\/es\/un-libro-para-preparar-la-peregrinacion-a-tierra-santa\/#primaryimage","url":"https:\/\/exaudi.org\/wp-content\/uploads\/2023\/09\/Saxum-Visitor-Center_patio-scaled.jpg","contentUrl":"https:\/\/exaudi.org\/wp-content\/uploads\/2023\/09\/Saxum-Visitor-Center_patio-scaled.jpg","width":2560,"height":1706},{"@type":"BreadcrumbList","@id":"https:\/\/exaudi.org\/es\/un-libro-para-preparar-la-peregrinacion-a-tierra-santa\/#breadcrumb","itemListElement":[{"@type":"ListItem","position":1,"name":"Portada","item":"https:\/\/exaudi.org\/es\/"},{"@type":"ListItem","position":2,"name":"Un libro para preparar la peregrinaci\u00f3n a Tierra Santa"}]},{"@type":"WebSite","@id":"https:\/\/exaudi.org\/#website","url":"https:\/\/exaudi.org\/","name":"Exaudi","description":"News","potentialAction":[{"@type":"SearchAction","target":{"@type":"EntryPoint","urlTemplate":"https:\/\/exaudi.org\/?s={search_term_string}"},"query-input":{"@type":"PropertyValueSpecification","valueRequired":true,"valueName":"search_term_string"}}],"inLanguage":"es"},{"@type":"Person","@id":"https:\/\/exaudi.org\/#\/schema\/person\/f5fc8f063065e38742da7afe15f25df7","name":"Exaudi Redacci\u00f3n","image":{"@type":"ImageObject","inLanguage":"es","@id":"https:\/\/secure.gravatar.com\/avatar\/fe0f6a059fb68d9b3e11bc5850dd4899b1c7492091a3cb6dd9b01b56ad828be2?s=96&d=mm&r=g","url":"https:\/\/secure.gravatar.com\/avatar\/fe0f6a059fb68d9b3e11bc5850dd4899b1c7492091a3cb6dd9b01b56ad828be2?s=96&d=mm&r=g","contentUrl":"https:\/\/secure.gravatar.com\/avatar\/fe0f6a059fb68d9b3e11bc5850dd4899b1c7492091a3cb6dd9b01b56ad828be2?s=96&d=mm&r=g","caption":"Exaudi Redacci\u00f3n"},"description":"\u00bfQu\u00e9 es Exaudi News? Exaudi News es un medio de comunicaci\u00f3n cat\u00f3lico internacional que informa, forma y transforma, diariamente en espa\u00f1ol, ingl\u00e9s e italiano. A trav\u00e9s de noticias, art\u00edculos de an\u00e1lisis y transmisiones en directo de los eventos del Papa, Exaudi busca fortalecer la unidad de los cristianos y contribuir a la evangelizaci\u00f3n del mundo, siempre guiados por la doctrina social de la Iglesia. Trabajamos para acercar la verdad y los valores cristianos a cada rinc\u00f3n del planeta. \u00a1Ay\u00fadanos a transformar el mundo con Exaudi! En Exaudi creemos que la evangelizaci\u00f3n y la informaci\u00f3n de calidad pueden cambiar vidas. Para continuar con nuestra misi\u00f3n y expandir nuestro alcance, necesitamos tu ayuda. Adem\u00e1s, buscamos personas comprometidas que deseen unirse a nuestro equipo. Con tu apoyo, lograremos llegar a m\u00e1s personas, difundir el mensaje de Cristo y reforzar la unidad de los cristianos. \u00bfTe unes a nuestra misi\u00f3n? Para m\u00e1s informaci\u00f3n sobre c\u00f3mo colaborar, visita Exaudi.org\/es o cont\u00e1ctanos directamente: info@exaudi.org Exaudi: Informa, forma y transforma.","sameAs":["https:\/\/www.facebook.com\/ExaudiNoticias\/","https:\/\/www.instagram.com\/exaudi_noticias\/","https:\/\/x.com\/Exaudi_noticias","https:\/\/www.youtube.com\/@exaudicatholicnews"],"url":"https:\/\/exaudi.org\/es\/author\/redaccionexaudi\/"}]}},"jetpack_featured_media_url":"https:\/\/exaudi.org\/wp-content\/uploads\/2023\/09\/Saxum-Visitor-Center_patio-scaled.jpg","jetpack_shortlink":"https:\/\/wp.me\/pgKjF2-lAa","_links":{"self":[{"href":"https:\/\/exaudi.org\/es\/wp-json\/wp\/v2\/posts\/82966","targetHints":{"allow":["GET"]}}],"collection":[{"href":"https:\/\/exaudi.org\/es\/wp-json\/wp\/v2\/posts"}],"about":[{"href":"https:\/\/exaudi.org\/es\/wp-json\/wp\/v2\/types\/post"}],"author":[{"embeddable":true,"href":"https:\/\/exaudi.org\/es\/wp-json\/wp\/v2\/users\/15"}],"replies":[{"embeddable":true,"href":"https:\/\/exaudi.org\/es\/wp-json\/wp\/v2\/comments?post=82966"}],"version-history":[{"count":0,"href":"https:\/\/exaudi.org\/es\/wp-json\/wp\/v2\/posts\/82966\/revisions"}],"wp:featuredmedia":[{"embeddable":true,"href":"https:\/\/exaudi.org\/es\/wp-json\/wp\/v2\/media\/82977"}],"wp:attachment":[{"href":"https:\/\/exaudi.org\/es\/wp-json\/wp\/v2\/media?parent=82966"}],"wp:term":[{"taxonomy":"category","embeddable":true,"href":"https:\/\/exaudi.org\/es\/wp-json\/wp\/v2\/categories?post=82966"},{"taxonomy":"post_tag","embeddable":true,"href":"https:\/\/exaudi.org\/es\/wp-json\/wp\/v2\/tags?post=82966"}],"curies":[{"name":"wp","href":"https:\/\/api.w.org\/{rel}","templated":true}]}}