{"id":82672,"date":"2023-09-05T09:45:40","date_gmt":"2023-09-05T07:45:40","guid":{"rendered":"https:\/\/exaudi.org\/?p=82672"},"modified":"2023-09-08T17:47:50","modified_gmt":"2023-09-08T15:47:50","slug":"el-card-czerny-brindara-detalles-sobre-la-segunda-laudato-si","status":"publish","type":"post","link":"https:\/\/exaudi.org\/es\/el-card-czerny-brindara-detalles-sobre-la-segunda-laudato-si\/","title":{"rendered":"El Card. Czerny brindar\u00e1 detalles sobre la segunda Laudato Si\u2019"},"content":{"rendered":"<div>\n<audio class=\"wp-audio-shortcode\" id=\"audio-82672-1\" preload=\"none\" style=\"width: 100%;\" controls=\"controls\"><source type=\"audio\/mpeg\" src=\"https:\/\/exaudi.org\/wp-content\/uploads\/2023\/09\/El-Card-Czerny-brindara-detalles-sobre-la-segunda.mp3?_=1\" \/><a href=\"https:\/\/exaudi.org\/wp-content\/uploads\/2023\/09\/El-Card-Czerny-brindara-detalles-sobre-la-segunda.mp3\">https:\/\/exaudi.org\/wp-content\/uploads\/2023\/09\/El-Card-Czerny-brindara-detalles-sobre-la-segunda.mp3<\/a><\/audio>\n<p><em>El 7 de septiembre, en un evento liderado por once organizaciones de la Iglesia en Latinoam\u00e9rica y el Caribe, el Card. Michael Czerny brindar\u00e1 un anticipo de la nueva exhortaci\u00f3n apost\u00f3lica del Papa Francisco, a modo de actualizaci\u00f3n de la enc\u00edclica Laudato Si\u2019, a publicarse el 4 de octubre, y se analizar\u00e1 la perspectiva de la transici\u00f3n energ\u00e9tica justa en el continente, de cara a la pr\u00f3xima Cumbre Clim\u00e1tica (COP 28).<\/em><\/p>\n<\/div>\n<div>\n<p>El clima de la Tierra este a\u00f1o bate records de temperatura en todas partes. La ciencia del clima advierte de la emergencia clim\u00e1tica y la necesidad de transitar hacia un mundo en el que los combustibles f\u00f3siles est\u00e9n a la baja para garantizar la sostenibilidad de la vida.<\/p>\n<\/div>\n<div>\n<p>El Consejo Episcopal Latinoamericano (CELAM), C\u00e1ritas de Am\u00e9rica Latina y el Caribe, la Confederaci\u00f3n Latinoamericana de Religiosas y Religiosos (CLAR), el Servicio Internacional Cristiano de Solidaridad con los pueblos de Am\u00e9rica Latina \u00ab\u00d3scar Romero\u00bb (SICSAL), la Alianza Global CONVIDA20, las redes eclesiales Panamaz\u00f3nica (REPAM), Ecol\u00f3gica Mesoamericana (REMAM) y del Gran Chaco y el Acu\u00edfero Guaran\u00ed (REGCHAG), las redes Iglesias y Miner\u00eda\u00a0 y Latinoamericana por la Justicia Econ\u00f3mica y Social, animadas por el Movimiento Laudato Si\u00b4, convocan al \u00ab<strong>II Simposio por el cuidado de la casa com\u00fan:\u00a0<\/strong><em><strong>Latinoam\u00e9rica y el Caribe en camino hacia la aceleraci\u00f3n de la transici\u00f3n energ\u00e9tica justa en clave de ecolog\u00eda integral<\/strong><\/em>\u00bb que se llevar\u00e1 a cabo por v\u00eda virtual, el jueves 7 de septiembre desde las 9:00 horas de Bogot\u00e1, en el marco del Tiempo de la Creaci\u00f3n.<\/p>\n<\/div>\n<div>\n<p>El\u00a0<strong>Cardenal Michael Czerny<\/strong>, presidente del Dicasterio para el Servicio del Desarrollo Humano Integral, realizar\u00e1 una presentaci\u00f3n sobre\u00a0 \u201cLaudato Si\u2019, parte segunda\u201d, la nueva exhortaci\u00f3n apost\u00f3lica del Papa Francisco en l\u00ednea con el esp\u00edritu de la enc\u00edclica Laudato Si\u2019 sobre el cuidado de la creaci\u00f3n, que se publicar\u00e1 el pr\u00f3ximo 4 de octubre.<\/p>\n<\/div>\n<div>\n<p>En camino hacia la COP 28\u00a0\u2014la cumbre Clim\u00e1tica de la ONU\u2014\u00a0que se llevar\u00e1 a cabo en diciembre, el II Simposio es un evento que da continuidad al proceso de incidencia iniciado el 19 de octubre pasado con el \u00abDi\u00e1logo Abierto por el Cuidado de la Casa Com\u00fan en Latinoam\u00e9rica y el Caribe\u00bb. En el nuevo evento, varios ponentes responder\u00e1n, desde sus respectivas perspectivas, a la pregunta:\u00a0<strong>\u00bfqu\u00e9 significa e implica una transici\u00f3n energ\u00e9tica justa en el continente?<\/strong><\/p>\n<\/div>\n<div>\n<p>El Simposio pone el acento en la justicia y la paz que el Papa Francisco ha enfatizado en su mensaje para la Jornada Mundial de Oraci\u00f3n por el Cuidado de la Creaci\u00f3n, 1 de septiembre de 2023. Ese d\u00eda inicia el per\u00edodo de treinta y cuatro d\u00edas denominado Tiempo de la Creaci\u00f3n, hasta el 4 de octubre, en el que cristianos animan a creyentes y no creyentes a asumir responsablemente el cuidado del ambiente. En su mensaje, Francisco nos exhorta:<\/p>\n<\/div>\n<div>\n<p>\u00ab<em>Seg\u00fan los compromisos del Acuerdo de Par\u00eds para frenar el riesgo de calentamiento global, es una contradicci\u00f3n consentir la continua explotaci\u00f3n y expansi\u00f3n de las infraestructuras para los combustibles f\u00f3siles. Levantamos la voz para detener esta injusticia hacia los pobres y hacia nuestros hijos, que sufrir\u00e1n las peores consecuencias del cambio clim\u00e1tico. Hago un llamado a todas las personas de buena voluntad para que act\u00faen en base a estas orientaciones sobre la sociedad y la naturaleza<\/em>\u00bb (Papa Francisco)<\/p>\n<\/div>\n<div>\n<p>Con este reto los ponentes, Fray Eduardo Agosta Scarel, Horacio Machado, Monse\u00f1or Adalberto Jimenez, Jocabed Solano, Paz Araya Jofr\u00e9, Beverly Keene y Jos\u00e9 Oscar Henao, contribuir\u00e1n al discernimiento de los caminos para una transici\u00f3n energ\u00e9tica justa, basada en una conversi\u00f3n ecol\u00f3gica integral.<\/p>\n<\/div>\n<div>\n<p>El Simposio brindar\u00e1 elementos para redactar un manifiesto que lleve los clamores desde los territorios y los aportes interdisciplinarios, a los voceros de la Santa Sede que participar\u00e1n en la COP 28 en Dubai. Son tambi\u00e9n interlocutoras las comunidades de fe que custodian el bioma amaz\u00f3nico, el corredor biol\u00f3gico mesoamericano, el Gran Chaco, el Acu\u00edfero Guaran\u00ed, los Glaciares, las Antillas del Caribe y en general, el tesoro de la biodiversidad natural y cultural del continente.<\/p>\n<\/div>\n<div>\n<p>El evento se transmitir\u00e1 por YouTube y habr\u00e1 interpretaci\u00f3n simult\u00e1nea al ingl\u00e9s y portugu\u00e9s.<\/p>\n<\/div>\n<div>\n<p><strong>Las inscripciones se realizan en este enlace:<\/strong><\/p>\n<\/div>\n<div>\n<p><a href=\"https:\/\/www.mail.laudatosimovement.org\/click.html?x=a62e&amp;lc=ng3&amp;mc=s&amp;s=v05&amp;u=z&amp;z=BycOWl&amp;\" target=\"_blank\" rel=\"noopener\" data-saferedirecturl=\"https:\/\/www.google.com\/url?q=https:\/\/www.mail.laudatosimovement.org\/click.html?x%3Da62e%26lc%3Dng3%26mc%3Ds%26s%3Dv05%26u%3Dz%26z%3DBycOWl%26&amp;source=gmail&amp;ust=1693985400299000&amp;usg=AOvVaw0iJ1YjRFlg7kAOyz9obwHt\"><strong><u>https:\/\/us06web.zoom.us\/webinar\/register\/WN_Bdh4nc3IRsellgMB6o-b2w<\/u><\/strong><\/a><\/p>\n<p><a href=\"https:\/\/drive.google.com\/file\/d\/1zWidDQl4tg4OFeZCWkjmX1vsopQCD0aZ\/view\" target=\"_blank\" rel=\"noopener\">Programa preliminar<\/a><\/p>\n<p><img loading=\"lazy\" decoding=\"async\" class=\"size-full wp-image-82676 aligncenter\" src=\"https:\/\/exaudi.org\/wp-content\/uploads\/2023\/09\/Poster-SIMPOSIO-7-sept.png\" alt=\"\" width=\"1080\" height=\"1485\" srcset=\"https:\/\/exaudi.org\/wp-content\/uploads\/2023\/09\/Poster-SIMPOSIO-7-sept.png 1080w, https:\/\/exaudi.org\/wp-content\/uploads\/2023\/09\/Poster-SIMPOSIO-7-sept-218x300.png 218w, https:\/\/exaudi.org\/wp-content\/uploads\/2023\/09\/Poster-SIMPOSIO-7-sept-745x1024.png 745w, https:\/\/exaudi.org\/wp-content\/uploads\/2023\/09\/Poster-SIMPOSIO-7-sept-770x1059.png 770w, https:\/\/exaudi.org\/wp-content\/uploads\/2023\/09\/Poster-SIMPOSIO-7-sept-500x688.png 500w, https:\/\/exaudi.org\/wp-content\/uploads\/2023\/09\/Poster-SIMPOSIO-7-sept-293x403.png 293w, https:\/\/exaudi.org\/wp-content\/uploads\/2023\/09\/Poster-SIMPOSIO-7-sept-390x536.png 390w\" sizes=\"auto, (max-width: 1080px) 100vw, 1080px\" \/><\/p>\n<\/div>\n","protected":false},"excerpt":{"rendered":"<p>Ante un planeta en ebullici\u00f3n<\/p>\n","protected":false},"author":90,"featured_media":82673,"comment_status":"closed","ping_status":"closed","sticky":false,"template":"","format":"standard","meta":{"_acf_changed":false,"_crdt_document":"","inline_featured_image":false,"footnotes":""},"categories":[72,74],"tags":[2409,464,3708,9279,158,9923,9922,318,9921,4953],"class_list":["post-82672","post","type-post","status-publish","format-standard","has-post-thumbnail","hentry","category-analisis","category-iglesia-y-mundo","tag-cardenal-michael-czerny","tag-celam","tag-clar-es","tag-laudato-si-3","tag-papa-francisco","tag-regchag","tag-remam","tag-repam","tag-sicsal","tag-trending-es"],"acf":[],"yoast_head":"<!-- This site is optimized with the Yoast SEO plugin v27.4 - https:\/\/yoast.com\/product\/yoast-seo-wordpress\/ -->\n<title>El Card. Czerny brindar\u00e1 detalles sobre la segunda Laudato Si\u2019 &#8211; Exaudi<\/title>\n<meta name=\"robots\" content=\"index, follow, max-snippet:-1, max-image-preview:large, max-video-preview:-1\" \/>\n<link rel=\"canonical\" href=\"https:\/\/exaudi.org\/es\/el-card-czerny-brindara-detalles-sobre-la-segunda-laudato-si\/\" \/>\n<meta property=\"og:locale\" content=\"es_ES\" \/>\n<meta property=\"og:type\" content=\"article\" \/>\n<meta property=\"og:title\" content=\"El Card. Czerny brindar\u00e1 detalles sobre la segunda Laudato Si\u2019 &#8211; Exaudi\" \/>\n<meta property=\"og:description\" content=\"Ante un planeta en ebullici\u00f3n\" \/>\n<meta property=\"og:url\" content=\"https:\/\/exaudi.org\/es\/el-card-czerny-brindara-detalles-sobre-la-segunda-laudato-si\/\" \/>\n<meta property=\"og:site_name\" content=\"Exaudi\" \/>\n<meta property=\"article:publisher\" content=\"https:\/\/www.facebook.com\/ExaudiNews\" \/>\n<meta property=\"article:published_time\" content=\"2023-09-05T07:45:40+00:00\" \/>\n<meta property=\"article:modified_time\" content=\"2023-09-08T15:47:50+00:00\" \/>\n<meta property=\"og:image\" content=\"https:\/\/exaudi.org\/wp-content\/uploads\/2023\/09\/cq5dam.thumbnail.cropped.750.422-7.jpeg\" \/>\n\t<meta property=\"og:image:width\" content=\"750\" \/>\n\t<meta property=\"og:image:height\" content=\"422\" \/>\n\t<meta property=\"og:image:type\" content=\"image\/jpeg\" \/>\n<meta name=\"author\" content=\"Movimiento Laudato Si&#039;\" \/>\n<meta name=\"twitter:card\" content=\"summary_large_image\" \/>\n<meta name=\"twitter:creator\" content=\"@Exaudi_News\" \/>\n<meta name=\"twitter:site\" content=\"@Exaudi_News\" \/>\n<meta name=\"twitter:label1\" content=\"Escrito por\" \/>\n\t<meta name=\"twitter:data1\" content=\"Movimiento Laudato Si&#039;\" \/>\n\t<meta name=\"twitter:label2\" content=\"Tiempo de lectura\" \/>\n\t<meta name=\"twitter:data2\" content=\"4 minutos\" \/>\n<script type=\"application\/ld+json\" class=\"yoast-schema-graph\">{\"@context\":\"https:\\\/\\\/schema.org\",\"@graph\":[{\"@type\":\"Article\",\"@id\":\"https:\\\/\\\/exaudi.org\\\/es\\\/el-card-czerny-brindara-detalles-sobre-la-segunda-laudato-si\\\/#article\",\"isPartOf\":{\"@id\":\"https:\\\/\\\/exaudi.org\\\/es\\\/el-card-czerny-brindara-detalles-sobre-la-segunda-laudato-si\\\/\"},\"author\":{\"name\":\"Movimiento Laudato Si'\",\"@id\":\"https:\\\/\\\/exaudi.org\\\/#\\\/schema\\\/person\\\/774f788d075d6209ac162c6752eb6b33\"},\"headline\":\"El Card. Czerny brindar\u00e1 detalles sobre la segunda Laudato Si\u2019\",\"datePublished\":\"2023-09-05T07:45:40+00:00\",\"dateModified\":\"2023-09-08T15:47:50+00:00\",\"mainEntityOfPage\":{\"@id\":\"https:\\\/\\\/exaudi.org\\\/es\\\/el-card-czerny-brindara-detalles-sobre-la-segunda-laudato-si\\\/\"},\"wordCount\":777,\"image\":{\"@id\":\"https:\\\/\\\/exaudi.org\\\/es\\\/el-card-czerny-brindara-detalles-sobre-la-segunda-laudato-si\\\/#primaryimage\"},\"thumbnailUrl\":\"https:\\\/\\\/exaudi.org\\\/wp-content\\\/uploads\\\/2023\\\/09\\\/cq5dam.thumbnail.cropped.750.422-7.jpeg\",\"keywords\":[\"Cardenal Michael Czerny\",\"CELAM\",\"CLAR\",\"laudato si\",\"papa francisco\",\"REGCHAG\",\"REMAM\",\"REPAM\",\"SICSAL\",\"Trending\"],\"articleSection\":[\"An\u00e1lisis\",\"Iglesia y Mundo\"],\"inLanguage\":\"es\"},{\"@type\":\"WebPage\",\"@id\":\"https:\\\/\\\/exaudi.org\\\/es\\\/el-card-czerny-brindara-detalles-sobre-la-segunda-laudato-si\\\/\",\"url\":\"https:\\\/\\\/exaudi.org\\\/es\\\/el-card-czerny-brindara-detalles-sobre-la-segunda-laudato-si\\\/\",\"name\":\"El Card. Czerny brindar\u00e1 detalles sobre la segunda Laudato Si\u2019 &#8211; Exaudi\",\"isPartOf\":{\"@id\":\"https:\\\/\\\/exaudi.org\\\/#website\"},\"primaryImageOfPage\":{\"@id\":\"https:\\\/\\\/exaudi.org\\\/es\\\/el-card-czerny-brindara-detalles-sobre-la-segunda-laudato-si\\\/#primaryimage\"},\"image\":{\"@id\":\"https:\\\/\\\/exaudi.org\\\/es\\\/el-card-czerny-brindara-detalles-sobre-la-segunda-laudato-si\\\/#primaryimage\"},\"thumbnailUrl\":\"https:\\\/\\\/exaudi.org\\\/wp-content\\\/uploads\\\/2023\\\/09\\\/cq5dam.thumbnail.cropped.750.422-7.jpeg\",\"datePublished\":\"2023-09-05T07:45:40+00:00\",\"dateModified\":\"2023-09-08T15:47:50+00:00\",\"author\":{\"@id\":\"https:\\\/\\\/exaudi.org\\\/#\\\/schema\\\/person\\\/774f788d075d6209ac162c6752eb6b33\"},\"breadcrumb\":{\"@id\":\"https:\\\/\\\/exaudi.org\\\/es\\\/el-card-czerny-brindara-detalles-sobre-la-segunda-laudato-si\\\/#breadcrumb\"},\"inLanguage\":\"es\",\"potentialAction\":[{\"@type\":\"ReadAction\",\"target\":[\"https:\\\/\\\/exaudi.org\\\/es\\\/el-card-czerny-brindara-detalles-sobre-la-segunda-laudato-si\\\/\"]}]},{\"@type\":\"ImageObject\",\"inLanguage\":\"es\",\"@id\":\"https:\\\/\\\/exaudi.org\\\/es\\\/el-card-czerny-brindara-detalles-sobre-la-segunda-laudato-si\\\/#primaryimage\",\"url\":\"https:\\\/\\\/exaudi.org\\\/wp-content\\\/uploads\\\/2023\\\/09\\\/cq5dam.thumbnail.cropped.750.422-7.jpeg\",\"contentUrl\":\"https:\\\/\\\/exaudi.org\\\/wp-content\\\/uploads\\\/2023\\\/09\\\/cq5dam.thumbnail.cropped.750.422-7.jpeg\",\"width\":750,\"height\":422},{\"@type\":\"BreadcrumbList\",\"@id\":\"https:\\\/\\\/exaudi.org\\\/es\\\/el-card-czerny-brindara-detalles-sobre-la-segunda-laudato-si\\\/#breadcrumb\",\"itemListElement\":[{\"@type\":\"ListItem\",\"position\":1,\"name\":\"Portada\",\"item\":\"https:\\\/\\\/exaudi.org\\\/es\\\/\"},{\"@type\":\"ListItem\",\"position\":2,\"name\":\"El Card. Czerny brindar\u00e1 detalles sobre la segunda Laudato Si\u2019\"}]},{\"@type\":\"WebSite\",\"@id\":\"https:\\\/\\\/exaudi.org\\\/#website\",\"url\":\"https:\\\/\\\/exaudi.org\\\/\",\"name\":\"Exaudi\",\"description\":\"News\",\"potentialAction\":[{\"@type\":\"SearchAction\",\"target\":{\"@type\":\"EntryPoint\",\"urlTemplate\":\"https:\\\/\\\/exaudi.org\\\/?s={search_term_string}\"},\"query-input\":{\"@type\":\"PropertyValueSpecification\",\"valueRequired\":true,\"valueName\":\"search_term_string\"}}],\"inLanguage\":\"es\"},{\"@type\":\"Person\",\"@id\":\"https:\\\/\\\/exaudi.org\\\/#\\\/schema\\\/person\\\/774f788d075d6209ac162c6752eb6b33\",\"name\":\"Movimiento Laudato Si'\",\"image\":{\"@type\":\"ImageObject\",\"inLanguage\":\"es\",\"@id\":\"https:\\\/\\\/secure.gravatar.com\\\/avatar\\\/29e43d61df4e6d847e5ec3dbaac46271e5d8f2ff7d43f95fc486914d86749b71?s=96&d=mm&r=g\",\"url\":\"https:\\\/\\\/secure.gravatar.com\\\/avatar\\\/29e43d61df4e6d847e5ec3dbaac46271e5d8f2ff7d43f95fc486914d86749b71?s=96&d=mm&r=g\",\"contentUrl\":\"https:\\\/\\\/secure.gravatar.com\\\/avatar\\\/29e43d61df4e6d847e5ec3dbaac46271e5d8f2ff7d43f95fc486914d86749b71?s=96&d=mm&r=g\",\"caption\":\"Movimiento Laudato Si'\"},\"url\":\"https:\\\/\\\/exaudi.org\\\/es\\\/author\\\/movimientolaudatosi\\\/\"}]}<\/script>\n<!-- \/ Yoast SEO plugin. -->","yoast_head_json":{"title":"El Card. Czerny brindar\u00e1 detalles sobre la segunda Laudato Si\u2019 &#8211; Exaudi","robots":{"index":"index","follow":"follow","max-snippet":"max-snippet:-1","max-image-preview":"max-image-preview:large","max-video-preview":"max-video-preview:-1"},"canonical":"https:\/\/exaudi.org\/es\/el-card-czerny-brindara-detalles-sobre-la-segunda-laudato-si\/","og_locale":"es_ES","og_type":"article","og_title":"El Card. Czerny brindar\u00e1 detalles sobre la segunda Laudato Si\u2019 &#8211; Exaudi","og_description":"Ante un planeta en ebullici\u00f3n","og_url":"https:\/\/exaudi.org\/es\/el-card-czerny-brindara-detalles-sobre-la-segunda-laudato-si\/","og_site_name":"Exaudi","article_publisher":"https:\/\/www.facebook.com\/ExaudiNews","article_published_time":"2023-09-05T07:45:40+00:00","article_modified_time":"2023-09-08T15:47:50+00:00","og_image":[{"width":750,"height":422,"url":"https:\/\/exaudi.org\/wp-content\/uploads\/2023\/09\/cq5dam.thumbnail.cropped.750.422-7.jpeg","type":"image\/jpeg"}],"author":"Movimiento Laudato Si'","twitter_card":"summary_large_image","twitter_creator":"@Exaudi_News","twitter_site":"@Exaudi_News","twitter_misc":{"Escrito por":"Movimiento Laudato Si'","Tiempo de lectura":"4 minutos"},"schema":{"@context":"https:\/\/schema.org","@graph":[{"@type":"Article","@id":"https:\/\/exaudi.org\/es\/el-card-czerny-brindara-detalles-sobre-la-segunda-laudato-si\/#article","isPartOf":{"@id":"https:\/\/exaudi.org\/es\/el-card-czerny-brindara-detalles-sobre-la-segunda-laudato-si\/"},"author":{"name":"Movimiento Laudato Si'","@id":"https:\/\/exaudi.org\/#\/schema\/person\/774f788d075d6209ac162c6752eb6b33"},"headline":"El Card. Czerny brindar\u00e1 detalles sobre la segunda Laudato Si\u2019","datePublished":"2023-09-05T07:45:40+00:00","dateModified":"2023-09-08T15:47:50+00:00","mainEntityOfPage":{"@id":"https:\/\/exaudi.org\/es\/el-card-czerny-brindara-detalles-sobre-la-segunda-laudato-si\/"},"wordCount":777,"image":{"@id":"https:\/\/exaudi.org\/es\/el-card-czerny-brindara-detalles-sobre-la-segunda-laudato-si\/#primaryimage"},"thumbnailUrl":"https:\/\/exaudi.org\/wp-content\/uploads\/2023\/09\/cq5dam.thumbnail.cropped.750.422-7.jpeg","keywords":["Cardenal Michael Czerny","CELAM","CLAR","laudato si","papa francisco","REGCHAG","REMAM","REPAM","SICSAL","Trending"],"articleSection":["An\u00e1lisis","Iglesia y Mundo"],"inLanguage":"es"},{"@type":"WebPage","@id":"https:\/\/exaudi.org\/es\/el-card-czerny-brindara-detalles-sobre-la-segunda-laudato-si\/","url":"https:\/\/exaudi.org\/es\/el-card-czerny-brindara-detalles-sobre-la-segunda-laudato-si\/","name":"El Card. Czerny brindar\u00e1 detalles sobre la segunda Laudato Si\u2019 &#8211; Exaudi","isPartOf":{"@id":"https:\/\/exaudi.org\/#website"},"primaryImageOfPage":{"@id":"https:\/\/exaudi.org\/es\/el-card-czerny-brindara-detalles-sobre-la-segunda-laudato-si\/#primaryimage"},"image":{"@id":"https:\/\/exaudi.org\/es\/el-card-czerny-brindara-detalles-sobre-la-segunda-laudato-si\/#primaryimage"},"thumbnailUrl":"https:\/\/exaudi.org\/wp-content\/uploads\/2023\/09\/cq5dam.thumbnail.cropped.750.422-7.jpeg","datePublished":"2023-09-05T07:45:40+00:00","dateModified":"2023-09-08T15:47:50+00:00","author":{"@id":"https:\/\/exaudi.org\/#\/schema\/person\/774f788d075d6209ac162c6752eb6b33"},"breadcrumb":{"@id":"https:\/\/exaudi.org\/es\/el-card-czerny-brindara-detalles-sobre-la-segunda-laudato-si\/#breadcrumb"},"inLanguage":"es","potentialAction":[{"@type":"ReadAction","target":["https:\/\/exaudi.org\/es\/el-card-czerny-brindara-detalles-sobre-la-segunda-laudato-si\/"]}]},{"@type":"ImageObject","inLanguage":"es","@id":"https:\/\/exaudi.org\/es\/el-card-czerny-brindara-detalles-sobre-la-segunda-laudato-si\/#primaryimage","url":"https:\/\/exaudi.org\/wp-content\/uploads\/2023\/09\/cq5dam.thumbnail.cropped.750.422-7.jpeg","contentUrl":"https:\/\/exaudi.org\/wp-content\/uploads\/2023\/09\/cq5dam.thumbnail.cropped.750.422-7.jpeg","width":750,"height":422},{"@type":"BreadcrumbList","@id":"https:\/\/exaudi.org\/es\/el-card-czerny-brindara-detalles-sobre-la-segunda-laudato-si\/#breadcrumb","itemListElement":[{"@type":"ListItem","position":1,"name":"Portada","item":"https:\/\/exaudi.org\/es\/"},{"@type":"ListItem","position":2,"name":"El Card. Czerny brindar\u00e1 detalles sobre la segunda Laudato Si\u2019"}]},{"@type":"WebSite","@id":"https:\/\/exaudi.org\/#website","url":"https:\/\/exaudi.org\/","name":"Exaudi","description":"News","potentialAction":[{"@type":"SearchAction","target":{"@type":"EntryPoint","urlTemplate":"https:\/\/exaudi.org\/?s={search_term_string}"},"query-input":{"@type":"PropertyValueSpecification","valueRequired":true,"valueName":"search_term_string"}}],"inLanguage":"es"},{"@type":"Person","@id":"https:\/\/exaudi.org\/#\/schema\/person\/774f788d075d6209ac162c6752eb6b33","name":"Movimiento Laudato Si'","image":{"@type":"ImageObject","inLanguage":"es","@id":"https:\/\/secure.gravatar.com\/avatar\/29e43d61df4e6d847e5ec3dbaac46271e5d8f2ff7d43f95fc486914d86749b71?s=96&d=mm&r=g","url":"https:\/\/secure.gravatar.com\/avatar\/29e43d61df4e6d847e5ec3dbaac46271e5d8f2ff7d43f95fc486914d86749b71?s=96&d=mm&r=g","contentUrl":"https:\/\/secure.gravatar.com\/avatar\/29e43d61df4e6d847e5ec3dbaac46271e5d8f2ff7d43f95fc486914d86749b71?s=96&d=mm&r=g","caption":"Movimiento Laudato Si'"},"url":"https:\/\/exaudi.org\/es\/author\/movimientolaudatosi\/"}]}},"jetpack_featured_media_url":"https:\/\/exaudi.org\/wp-content\/uploads\/2023\/09\/cq5dam.thumbnail.cropped.750.422-7.jpeg","jetpack_shortlink":"https:\/\/wp.me\/pgKjF2-lvq","_links":{"self":[{"href":"https:\/\/exaudi.org\/es\/wp-json\/wp\/v2\/posts\/82672","targetHints":{"allow":["GET"]}}],"collection":[{"href":"https:\/\/exaudi.org\/es\/wp-json\/wp\/v2\/posts"}],"about":[{"href":"https:\/\/exaudi.org\/es\/wp-json\/wp\/v2\/types\/post"}],"author":[{"embeddable":true,"href":"https:\/\/exaudi.org\/es\/wp-json\/wp\/v2\/users\/90"}],"replies":[{"embeddable":true,"href":"https:\/\/exaudi.org\/es\/wp-json\/wp\/v2\/comments?post=82672"}],"version-history":[{"count":0,"href":"https:\/\/exaudi.org\/es\/wp-json\/wp\/v2\/posts\/82672\/revisions"}],"wp:featuredmedia":[{"embeddable":true,"href":"https:\/\/exaudi.org\/es\/wp-json\/wp\/v2\/media\/82673"}],"wp:attachment":[{"href":"https:\/\/exaudi.org\/es\/wp-json\/wp\/v2\/media?parent=82672"}],"wp:term":[{"taxonomy":"category","embeddable":true,"href":"https:\/\/exaudi.org\/es\/wp-json\/wp\/v2\/categories?post=82672"},{"taxonomy":"post_tag","embeddable":true,"href":"https:\/\/exaudi.org\/es\/wp-json\/wp\/v2\/tags?post=82672"}],"curies":[{"name":"wp","href":"https:\/\/api.w.org\/{rel}","templated":true}]}}