{"id":82597,"date":"2023-09-03T15:08:08","date_gmt":"2023-09-03T13:08:08","guid":{"rendered":"https:\/\/exaudi.org\/?p=82597"},"modified":"2023-09-04T08:44:46","modified_gmt":"2023-09-04T06:44:46","slug":"el-papa-dejarnos-amar-por-dios-para-hacer-de-nuestra-vida-una-ofrenda-de-amor","status":"publish","type":"post","link":"https:\/\/exaudi.org\/es\/el-papa-dejarnos-amar-por-dios-para-hacer-de-nuestra-vida-una-ofrenda-de-amor\/","title":{"rendered":"El Papa: Dejarnos amar por Dios para hacer de nuestra vida una ofrenda de amor"},"content":{"rendered":"<div class=\"article__subTitle\">\n<div class=\"article__subTitle\">En su homil\u00eda de la Misa que el Papa Francisco presidi\u00f3 este domingo 3 de septiembre de 2023, en Ul\u00e1n Bator, en el \u00e1mbito de su viaje apost\u00f3lico a Mongolia, invit\u00f3 a detenerse en dos aspectos: la sed que nos habita y el amor que apaga la sed<\/div>\n<p>Antes del final de la Misa, el Papa Francisco hizo que se acercaran el cardenal Tong Hon y el futuro purpurado Chow, pastor em\u00e9rito y actual de Hong Kong: \u00abDeseo al pueblo chino todo lo mejor y que progrese siempre\u00bb. Y un llamamiento a los cat\u00f3licos: \u00abSean buenos cristianos\u00bb. Unos doscientos peregrinos chinos viajaron a Mongolia para ver al Obispo de Roma: \u00abSus palabras refuerzan la unidad\u00bb<\/p>\n<p>***<\/p>\n<\/div>\n<h3><strong>Homil\u00eda del Papa<\/strong><\/h3>\n<p>Con las palabras del Salmo hemos rezado: \u00abOh Dios, [\u2026] mi alma tiene sed de ti, por ti suspira mi carne como tierra sedienta, reseca y sin agua\u00bb (<i>Sal\u00a0<\/i>63,2). Esta estupenda invocaci\u00f3n acompa\u00f1a el viaje de nuestra vida, en medio de los desiertos que estamos llamados a atravesar. Y es precisamente en esa tierra \u00e1rida donde llega hasta nosotros la buena noticia. En nuestro camino no estamos solos; nuestras sequedades no tienen el poder de hacer est\u00e9ril para siempre nuestra vida; el grito de nuestra sed no permanece sin respuesta. Dios Padre ha enviado a su Hijo para darnos el agua viva del Esp\u00edritu Santo que apague la sed de nuestra alma (cf.\u00a0<i>Jn\u00a0<\/i>4,10). Y Jes\u00fas \u2014lo hemos escuchado hace un momento en el Evangelio\u2014 nos muestra el camino para apagar nuestra sed: es el camino del amor, que \u00c9l ha recorrido hasta el final, hasta la cruz, desde la cual nos llama a seguirlo \u00abperdiendo la vida para encontrarla\u00bb nuevamente (cf.\u00a0<i>Mt\u00a0<\/i>16,24-25).<\/p>\n<p>Deteng\u00e1monos juntos en estos dos aspectos:\u00a0<i>la sed que nos habita\u00a0<\/i>y\u00a0<i>el amor que apaga la sed.<\/i><\/p>\n<p>Ante todo, estamos llamados a reconocer\u00a0<i>la sed que nos habita<\/i>. El salmista grita a Dios la propia aridez porque su vida se asemeja a un desierto. Sus palabras tienen una resonancia particular en una tierra como Mongolia; un territorio inmenso, rico de historia, y una tierra rebosante de cultura, pero marcado tambi\u00e9n por la aridez de la estepa y del desierto. Muchos de ustedes est\u00e1n acostumbrados a la belleza y a la fatiga de tener que caminar, una acci\u00f3n que evoca un aspecto esencial de la espiritualidad b\u00edblica, representado por la figura de Abrah\u00e1n y, m\u00e1s en general, algo distintivo del pueblo de Israel y de cada disc\u00edpulo del Se\u00f1or. Todos, todos nosotros, en efecto, somos \u00abn\u00f3madas de Dios\u00bb, peregrinos en b\u00fasqueda de la felicidad, caminantes sedientos de amor. El desierto evocado por el salmista se refiere, entonces, a nuestra vida; somos nosotros esa tierra \u00e1rida que tiene sed de un agua l\u00edmpida, de un agua que apaga la sed profundamente. Es nuestro coraz\u00f3n el que desea descubrir el secreto de la verdadera alegr\u00eda, la que incluso en medio de las sequedades existenciales, puede acompa\u00f1arnos y sostenernos. S\u00ed, arrastramos una sed inextinguible de felicidad, buscamos un significado y un sentido para nuestra vida, una motivaci\u00f3n para las actividades que llevamos a cabo cada d\u00eda; y sobre todo estamos sedientos de amor, porque s\u00f3lo el amor apaga verdaderamente nuestra sed, nos hace estar bien \u2014el amor nos hace estar bien\u2014, nos abre a la confianza haci\u00e9ndonos saborear la belleza de la vida. Queridos hermanos y hermanas, la fe cristiana responde a esta sed; la toma en serio; no la descarta, no intenta aplacarla con paliativos o sustitutos. Porque en esta sed est\u00e1 nuestro gran misterio; esta sed nos abre al Dios vivo, al Dios amor que viene a nuestro encuentro para hacernos hijos suyos y hermanos y hermanas entre nosotros.<\/p>\n<p>Y llegamos as\u00ed al segundo aspecto:\u00a0<i>el amor que apaga la sed<\/i>. El primero era nuestra sed, existencial, profunda, y ahora reflexionamos sobre el amor que apaga nuestra sed. Este es el contenido de la fe cristiana: Dios, que es amor, en su Hijo Jes\u00fas se ha hecho cercano a ti, a m\u00ed, a todos nosotros. \u00c9l desea compartir tu vida, tus trabajos, tus sue\u00f1os, tu sed de felicidad. Es verdad, a veces nos sentimos como una tierra sedienta, reseca y sin agua, pero tambi\u00e9n es verdad que Dios se hace cargo de nosotros y nos ofrece el agua l\u00edmpida que apaga la sed, el agua viva del Esp\u00edritu que, brotando en nosotros, nos renueva y nos libra del peligro de la sequedad. Esta agua nos la da Jes\u00fas. Como afirma san Agust\u00edn, \u00absi nos reconocemos como\u00a0<i>sedientos<\/i>, nos reconoceremos tambi\u00e9n como\u00a0<i>quienes beben<\/i>\u00bb (<i>Comentarios a los Salmos<\/i>, 62,3). Efectivamente, si tantas veces en nuestra vida experimentamos el desierto, la soledad, el cansancio, la esterilidad, no debemos olvidar esto: \u00abPero a fin de que no desfallezcamos en este desierto \u2014a\u00f1ade san Agust\u00edn\u2014, Dios nos envi\u00f3 el roc\u00edo de su Palabra [\u2026], [para] que de tal manera sintamos sed, que podamos beber [\u2026]. Dios se ha compadecido de nosotros, y nos ha abierto un camino en el desierto: el mismo Se\u00f1or nuestro Jesucristo \u2014\u00c9l es el camino en desierto de la vida\u2014; y nos ha brindado un consuelo en el desierto, envi\u00e1ndonos predicadores de su Palabra; nos dio a beber agua en el desierto, colmando del Esp\u00edritu Santo a sus predicadores, para que surgiese en ellos la fuente de agua que brota hasta la vida eterna\u00bb (<i>ib\u00edd.<\/i>, 3.8). Estas palabras, queridos hermanos, evocan nuestra historia. En el desierto de la vida, en el trabajo de ser una comunidad peque\u00f1a, el Se\u00f1or no nos hace faltar el agua de su Palabra, especialmente a trav\u00e9s de los predicadores y los misioneros que, ungidos por el Esp\u00edritu Santo, siembran su belleza. Y la Palabra siempre, siempre nos lleva a lo esencial, a lo esencial de la fe: dejarnos amar por Dios para hacer de nuestra vida una ofrenda de amor. Porque s\u00f3lo el amor apaga verdaderamente nuestra sed. No lo olvidemos: s\u00f3lo el amor apaga verdaderemente nuestra sed.<\/p>\n<p>Es lo que Jes\u00fas dice, con un tono fuerte, al ap\u00f3stol Pedro en el Evangelio de hoy. \u00c9l no acepta el hecho de que Jes\u00fas tenga que sufrir, ser acusado por los jefes del pueblo, pasar por la pasi\u00f3n para despu\u00e9s morir en la cruz. Pedro reacciona, Pedro protesta, quisiera convencer a Jes\u00fas de que se equivoca, porque seg\u00fan \u00e9l \u2014y a menudo tambi\u00e9n nosotros pensamos as\u00ed\u2014 el Mes\u00edas no puede acabar derrotado, de ning\u00fan modo puede morir crucificado, como un delincuente abandonado por Dios. Pero el Se\u00f1or reprende a Pedro, porque su modo de pensar es \u00abel de los hombres\u00bb \u2014dice el Se\u00f1or\u2014 y no el de Dios (cf.\u00a0<i>Mt\u00a0<\/i>16,21-23). Si pensamos que para apagar la sed de la aridez de nuestra vida sean suficientes el \u00e9xito, el poder, las cosas materiales, esta es una mentalidad mundana, que no lleva a nada bueno, sino que adem\u00e1s nos deja m\u00e1s secos que antes. Jes\u00fas, sin embargo, nos indica el camino: \u00abEl que quiera venir detr\u00e1s de m\u00ed, que renuncie a s\u00ed mismo, que cargue con su cruz y me siga. Porque el que quiera salvar su vida, la perder\u00e1; pero el que pierda su vida a causa de m\u00ed, la encontrar\u00e1\u00bb (<i>Mt<\/i>\u00a016,24-25).<\/p>\n<p>Hermanos, hermanas, este es el mejor camino de todos: abrazar la cruz de Cristo. En el coraz\u00f3n del cristianismo se encuentra esta noticia desconcertante, y esta noticia extraordinaria: cuando pierdes tu vida, cuando la ofreces sirviendo con generosidad, cuando la arriesgas comprometi\u00e9ndola en el amor, cuando haces de ella un don gratuito para los dem\u00e1s, entonces vuelve a ti abundantemente, derrama dentro de ti una alegr\u00eda que no pasa, una paz en el coraz\u00f3n, una fuerza interior que te sostiene. Tenemos necesidad de paz interior.<\/p>\n<p>Esta es la verdad que Jes\u00fas nos invita a descubrir, que Jes\u00fas quiere revelar a todos, a esta tierra de Mongolia: para ser felices no hace falta ser grandes, ricos o poderosos. S\u00f3lo el amor apaga la sed de nuestro coraz\u00f3n, s\u00f3lo el amor cura nuestras heridas, s\u00f3lo el amor nos da la verdadera alegr\u00eda. Y este es el camino que Jes\u00fas nos ha ense\u00f1ado y ha abierto para nosotros.<\/p>\n<p>Entonces, tambi\u00e9n nosotros, hermanos y hermanas, escuchemos la palabra que el Se\u00f1or dice a Pedro: \u00abVe detr\u00e1s de m\u00ed\u00bb (<i>Mt\u00a0<\/i>16,23), es decir: s\u00e9 mi disc\u00edpulo, realiza el mismo camino que hago yo y no pienses m\u00e1s como el mundo. De ese modo, con la gracia de Cristo y del Esp\u00edritu Santo, podremos transitar por el camino del amor. Incluso cuando amar conlleve negarse a s\u00ed mismos, luchar contra los ego\u00edsmos personales y mundanos, atreverse a vivir fraternalmente. Porque si es verdad que todo esto cuesta esfuerzo y sacrificio, y a veces implique tener que subir a la cruz, no es menos cierto que cuando perdemos la vida por el Evangelio, el Se\u00f1or nos la da en abundancia, llena de amor y alegr\u00eda, para la eternidad.<\/p>\n<p><iframe loading=\"lazy\" title=\"3 septiembre 2023, Ul\u00e1n Bator, Santa Misa | Papa Francisco\" width=\"500\" height=\"281\" src=\"https:\/\/www.youtube.com\/embed\/LK1u8MCy2Ls?start=2675&#038;feature=oembed\" frameborder=\"0\" allow=\"accelerometer; autoplay; clipboard-write; encrypted-media; gyroscope; picture-in-picture; web-share\" referrerpolicy=\"strict-origin-when-cross-origin\" allowfullscreen><\/iframe><\/p>\n","protected":false},"excerpt":{"rendered":"<p>Homil\u00eda<\/p>\n","protected":false},"author":15,"featured_media":82598,"comment_status":"closed","ping_status":"closed","sticky":false,"template":"","format":"standard","meta":{"_acf_changed":false,"_crdt_document":"","inline_featured_image":false,"footnotes":""},"categories":[114,68],"tags":[173,9608,158,4953,6670],"class_list":["post-82597","post","type-post","status-publish","format-standard","has-post-thumbnail","hentry","category-homilias","category-leon-xiv","tag-homilia","tag-mongolia-3","tag-papa-francisco","tag-trending-es","tag-viaje"],"acf":[],"yoast_head":"<!-- This site is optimized with the Yoast SEO plugin v27.4 - https:\/\/yoast.com\/product\/yoast-seo-wordpress\/ -->\n<title>El Papa: Dejarnos amar por Dios para hacer de nuestra vida una ofrenda de amor &#8211; Exaudi<\/title>\n<meta name=\"robots\" content=\"index, follow, max-snippet:-1, max-image-preview:large, max-video-preview:-1\" \/>\n<link rel=\"canonical\" href=\"https:\/\/exaudi.org\/es\/el-papa-dejarnos-amar-por-dios-para-hacer-de-nuestra-vida-una-ofrenda-de-amor\/\" \/>\n<meta property=\"og:locale\" content=\"es_ES\" \/>\n<meta property=\"og:type\" content=\"article\" \/>\n<meta property=\"og:title\" content=\"El Papa: Dejarnos amar por Dios para hacer de nuestra vida una ofrenda de amor &#8211; Exaudi\" \/>\n<meta property=\"og:description\" content=\"Homil\u00eda\" \/>\n<meta property=\"og:url\" content=\"https:\/\/exaudi.org\/es\/el-papa-dejarnos-amar-por-dios-para-hacer-de-nuestra-vida-una-ofrenda-de-amor\/\" \/>\n<meta property=\"og:site_name\" content=\"Exaudi\" \/>\n<meta property=\"article:publisher\" content=\"https:\/\/www.facebook.com\/ExaudiNews\" \/>\n<meta property=\"article:author\" content=\"https:\/\/www.facebook.com\/ExaudiNoticias\/\" \/>\n<meta property=\"article:published_time\" content=\"2023-09-03T13:08:08+00:00\" \/>\n<meta property=\"article:modified_time\" content=\"2023-09-04T06:44:46+00:00\" \/>\n<meta property=\"og:image\" content=\"https:\/\/exaudi.org\/wp-content\/uploads\/2023\/09\/cq5dam.web_.800.800-17.jpeg\" \/>\n\t<meta property=\"og:image:width\" content=\"800\" \/>\n\t<meta property=\"og:image:height\" content=\"533\" \/>\n\t<meta property=\"og:image:type\" content=\"image\/jpeg\" \/>\n<meta name=\"author\" content=\"Exaudi Redacci\u00f3n\" \/>\n<meta name=\"twitter:card\" content=\"summary_large_image\" \/>\n<meta name=\"twitter:creator\" content=\"@Exaudi_noticias\" \/>\n<meta name=\"twitter:site\" content=\"@Exaudi_News\" \/>\n<meta name=\"twitter:label1\" content=\"Escrito por\" \/>\n\t<meta name=\"twitter:data1\" content=\"Exaudi Redacci\u00f3n\" \/>\n\t<meta name=\"twitter:label2\" content=\"Tiempo de lectura\" \/>\n\t<meta name=\"twitter:data2\" content=\"8 minutos\" \/>\n<script type=\"application\/ld+json\" class=\"yoast-schema-graph\">{\"@context\":\"https:\\\/\\\/schema.org\",\"@graph\":[{\"@type\":\"Article\",\"@id\":\"https:\\\/\\\/exaudi.org\\\/es\\\/el-papa-dejarnos-amar-por-dios-para-hacer-de-nuestra-vida-una-ofrenda-de-amor\\\/#article\",\"isPartOf\":{\"@id\":\"https:\\\/\\\/exaudi.org\\\/es\\\/el-papa-dejarnos-amar-por-dios-para-hacer-de-nuestra-vida-una-ofrenda-de-amor\\\/\"},\"author\":{\"name\":\"Exaudi Redacci\u00f3n\",\"@id\":\"https:\\\/\\\/exaudi.org\\\/#\\\/schema\\\/person\\\/f5fc8f063065e38742da7afe15f25df7\"},\"headline\":\"El Papa: Dejarnos amar por Dios para hacer de nuestra vida una ofrenda de amor\",\"datePublished\":\"2023-09-03T13:08:08+00:00\",\"dateModified\":\"2023-09-04T06:44:46+00:00\",\"mainEntityOfPage\":{\"@id\":\"https:\\\/\\\/exaudi.org\\\/es\\\/el-papa-dejarnos-amar-por-dios-para-hacer-de-nuestra-vida-una-ofrenda-de-amor\\\/\"},\"wordCount\":1579,\"image\":{\"@id\":\"https:\\\/\\\/exaudi.org\\\/es\\\/el-papa-dejarnos-amar-por-dios-para-hacer-de-nuestra-vida-una-ofrenda-de-amor\\\/#primaryimage\"},\"thumbnailUrl\":\"https:\\\/\\\/exaudi.org\\\/wp-content\\\/uploads\\\/2023\\\/09\\\/cq5dam.web_.800.800-17.jpeg\",\"keywords\":[\"homil\u00eda\",\"MONGOLIA\",\"papa francisco\",\"Trending\",\"viaje\"],\"articleSection\":[\"Homilias\",\"Le\u00f3n XIV\"],\"inLanguage\":\"es\"},{\"@type\":\"WebPage\",\"@id\":\"https:\\\/\\\/exaudi.org\\\/es\\\/el-papa-dejarnos-amar-por-dios-para-hacer-de-nuestra-vida-una-ofrenda-de-amor\\\/\",\"url\":\"https:\\\/\\\/exaudi.org\\\/es\\\/el-papa-dejarnos-amar-por-dios-para-hacer-de-nuestra-vida-una-ofrenda-de-amor\\\/\",\"name\":\"El Papa: Dejarnos amar por Dios para hacer de nuestra vida una ofrenda de amor &#8211; Exaudi\",\"isPartOf\":{\"@id\":\"https:\\\/\\\/exaudi.org\\\/#website\"},\"primaryImageOfPage\":{\"@id\":\"https:\\\/\\\/exaudi.org\\\/es\\\/el-papa-dejarnos-amar-por-dios-para-hacer-de-nuestra-vida-una-ofrenda-de-amor\\\/#primaryimage\"},\"image\":{\"@id\":\"https:\\\/\\\/exaudi.org\\\/es\\\/el-papa-dejarnos-amar-por-dios-para-hacer-de-nuestra-vida-una-ofrenda-de-amor\\\/#primaryimage\"},\"thumbnailUrl\":\"https:\\\/\\\/exaudi.org\\\/wp-content\\\/uploads\\\/2023\\\/09\\\/cq5dam.web_.800.800-17.jpeg\",\"datePublished\":\"2023-09-03T13:08:08+00:00\",\"dateModified\":\"2023-09-04T06:44:46+00:00\",\"author\":{\"@id\":\"https:\\\/\\\/exaudi.org\\\/#\\\/schema\\\/person\\\/f5fc8f063065e38742da7afe15f25df7\"},\"breadcrumb\":{\"@id\":\"https:\\\/\\\/exaudi.org\\\/es\\\/el-papa-dejarnos-amar-por-dios-para-hacer-de-nuestra-vida-una-ofrenda-de-amor\\\/#breadcrumb\"},\"inLanguage\":\"es\",\"potentialAction\":[{\"@type\":\"ReadAction\",\"target\":[\"https:\\\/\\\/exaudi.org\\\/es\\\/el-papa-dejarnos-amar-por-dios-para-hacer-de-nuestra-vida-una-ofrenda-de-amor\\\/\"]}]},{\"@type\":\"ImageObject\",\"inLanguage\":\"es\",\"@id\":\"https:\\\/\\\/exaudi.org\\\/es\\\/el-papa-dejarnos-amar-por-dios-para-hacer-de-nuestra-vida-una-ofrenda-de-amor\\\/#primaryimage\",\"url\":\"https:\\\/\\\/exaudi.org\\\/wp-content\\\/uploads\\\/2023\\\/09\\\/cq5dam.web_.800.800-17.jpeg\",\"contentUrl\":\"https:\\\/\\\/exaudi.org\\\/wp-content\\\/uploads\\\/2023\\\/09\\\/cq5dam.web_.800.800-17.jpeg\",\"width\":800,\"height\":533,\"caption\":\"Vatican Media\"},{\"@type\":\"BreadcrumbList\",\"@id\":\"https:\\\/\\\/exaudi.org\\\/es\\\/el-papa-dejarnos-amar-por-dios-para-hacer-de-nuestra-vida-una-ofrenda-de-amor\\\/#breadcrumb\",\"itemListElement\":[{\"@type\":\"ListItem\",\"position\":1,\"name\":\"Portada\",\"item\":\"https:\\\/\\\/exaudi.org\\\/es\\\/\"},{\"@type\":\"ListItem\",\"position\":2,\"name\":\"El Papa: Dejarnos amar por Dios para hacer de nuestra vida una ofrenda de amor\"}]},{\"@type\":\"WebSite\",\"@id\":\"https:\\\/\\\/exaudi.org\\\/#website\",\"url\":\"https:\\\/\\\/exaudi.org\\\/\",\"name\":\"Exaudi\",\"description\":\"News\",\"potentialAction\":[{\"@type\":\"SearchAction\",\"target\":{\"@type\":\"EntryPoint\",\"urlTemplate\":\"https:\\\/\\\/exaudi.org\\\/?s={search_term_string}\"},\"query-input\":{\"@type\":\"PropertyValueSpecification\",\"valueRequired\":true,\"valueName\":\"search_term_string\"}}],\"inLanguage\":\"es\"},{\"@type\":\"Person\",\"@id\":\"https:\\\/\\\/exaudi.org\\\/#\\\/schema\\\/person\\\/f5fc8f063065e38742da7afe15f25df7\",\"name\":\"Exaudi Redacci\u00f3n\",\"image\":{\"@type\":\"ImageObject\",\"inLanguage\":\"es\",\"@id\":\"https:\\\/\\\/secure.gravatar.com\\\/avatar\\\/fe0f6a059fb68d9b3e11bc5850dd4899b1c7492091a3cb6dd9b01b56ad828be2?s=96&d=mm&r=g\",\"url\":\"https:\\\/\\\/secure.gravatar.com\\\/avatar\\\/fe0f6a059fb68d9b3e11bc5850dd4899b1c7492091a3cb6dd9b01b56ad828be2?s=96&d=mm&r=g\",\"contentUrl\":\"https:\\\/\\\/secure.gravatar.com\\\/avatar\\\/fe0f6a059fb68d9b3e11bc5850dd4899b1c7492091a3cb6dd9b01b56ad828be2?s=96&d=mm&r=g\",\"caption\":\"Exaudi Redacci\u00f3n\"},\"description\":\"\u00bfQu\u00e9 es Exaudi News? Exaudi News es un medio de comunicaci\u00f3n cat\u00f3lico internacional que informa, forma y transforma, diariamente en espa\u00f1ol, ingl\u00e9s e italiano. A trav\u00e9s de noticias, art\u00edculos de an\u00e1lisis y transmisiones en directo de los eventos del Papa, Exaudi busca fortalecer la unidad de los cristianos y contribuir a la evangelizaci\u00f3n del mundo, siempre guiados por la doctrina social de la Iglesia. Trabajamos para acercar la verdad y los valores cristianos a cada rinc\u00f3n del planeta. \u00a1Ay\u00fadanos a transformar el mundo con Exaudi! En Exaudi creemos que la evangelizaci\u00f3n y la informaci\u00f3n de calidad pueden cambiar vidas. Para continuar con nuestra misi\u00f3n y expandir nuestro alcance, necesitamos tu ayuda. Adem\u00e1s, buscamos personas comprometidas que deseen unirse a nuestro equipo. Con tu apoyo, lograremos llegar a m\u00e1s personas, difundir el mensaje de Cristo y reforzar la unidad de los cristianos. \u00bfTe unes a nuestra misi\u00f3n? Para m\u00e1s informaci\u00f3n sobre c\u00f3mo colaborar, visita Exaudi.org\\\/es o cont\u00e1ctanos directamente: info@exaudi.org Exaudi: Informa, forma y transforma.\",\"sameAs\":[\"https:\\\/\\\/www.facebook.com\\\/ExaudiNoticias\\\/\",\"https:\\\/\\\/www.instagram.com\\\/exaudi_noticias\\\/\",\"https:\\\/\\\/x.com\\\/Exaudi_noticias\",\"https:\\\/\\\/www.youtube.com\\\/@exaudicatholicnews\"],\"url\":\"https:\\\/\\\/exaudi.org\\\/es\\\/author\\\/redaccionexaudi\\\/\"}]}<\/script>\n<!-- \/ Yoast SEO plugin. -->","yoast_head_json":{"title":"El Papa: Dejarnos amar por Dios para hacer de nuestra vida una ofrenda de amor &#8211; Exaudi","robots":{"index":"index","follow":"follow","max-snippet":"max-snippet:-1","max-image-preview":"max-image-preview:large","max-video-preview":"max-video-preview:-1"},"canonical":"https:\/\/exaudi.org\/es\/el-papa-dejarnos-amar-por-dios-para-hacer-de-nuestra-vida-una-ofrenda-de-amor\/","og_locale":"es_ES","og_type":"article","og_title":"El Papa: Dejarnos amar por Dios para hacer de nuestra vida una ofrenda de amor &#8211; Exaudi","og_description":"Homil\u00eda","og_url":"https:\/\/exaudi.org\/es\/el-papa-dejarnos-amar-por-dios-para-hacer-de-nuestra-vida-una-ofrenda-de-amor\/","og_site_name":"Exaudi","article_publisher":"https:\/\/www.facebook.com\/ExaudiNews","article_author":"https:\/\/www.facebook.com\/ExaudiNoticias\/","article_published_time":"2023-09-03T13:08:08+00:00","article_modified_time":"2023-09-04T06:44:46+00:00","og_image":[{"width":800,"height":533,"url":"https:\/\/exaudi.org\/wp-content\/uploads\/2023\/09\/cq5dam.web_.800.800-17.jpeg","type":"image\/jpeg"}],"author":"Exaudi Redacci\u00f3n","twitter_card":"summary_large_image","twitter_creator":"@Exaudi_noticias","twitter_site":"@Exaudi_News","twitter_misc":{"Escrito por":"Exaudi Redacci\u00f3n","Tiempo de lectura":"8 minutos"},"schema":{"@context":"https:\/\/schema.org","@graph":[{"@type":"Article","@id":"https:\/\/exaudi.org\/es\/el-papa-dejarnos-amar-por-dios-para-hacer-de-nuestra-vida-una-ofrenda-de-amor\/#article","isPartOf":{"@id":"https:\/\/exaudi.org\/es\/el-papa-dejarnos-amar-por-dios-para-hacer-de-nuestra-vida-una-ofrenda-de-amor\/"},"author":{"name":"Exaudi Redacci\u00f3n","@id":"https:\/\/exaudi.org\/#\/schema\/person\/f5fc8f063065e38742da7afe15f25df7"},"headline":"El Papa: Dejarnos amar por Dios para hacer de nuestra vida una ofrenda de amor","datePublished":"2023-09-03T13:08:08+00:00","dateModified":"2023-09-04T06:44:46+00:00","mainEntityOfPage":{"@id":"https:\/\/exaudi.org\/es\/el-papa-dejarnos-amar-por-dios-para-hacer-de-nuestra-vida-una-ofrenda-de-amor\/"},"wordCount":1579,"image":{"@id":"https:\/\/exaudi.org\/es\/el-papa-dejarnos-amar-por-dios-para-hacer-de-nuestra-vida-una-ofrenda-de-amor\/#primaryimage"},"thumbnailUrl":"https:\/\/exaudi.org\/wp-content\/uploads\/2023\/09\/cq5dam.web_.800.800-17.jpeg","keywords":["homil\u00eda","MONGOLIA","papa francisco","Trending","viaje"],"articleSection":["Homilias","Le\u00f3n XIV"],"inLanguage":"es"},{"@type":"WebPage","@id":"https:\/\/exaudi.org\/es\/el-papa-dejarnos-amar-por-dios-para-hacer-de-nuestra-vida-una-ofrenda-de-amor\/","url":"https:\/\/exaudi.org\/es\/el-papa-dejarnos-amar-por-dios-para-hacer-de-nuestra-vida-una-ofrenda-de-amor\/","name":"El Papa: Dejarnos amar por Dios para hacer de nuestra vida una ofrenda de amor &#8211; Exaudi","isPartOf":{"@id":"https:\/\/exaudi.org\/#website"},"primaryImageOfPage":{"@id":"https:\/\/exaudi.org\/es\/el-papa-dejarnos-amar-por-dios-para-hacer-de-nuestra-vida-una-ofrenda-de-amor\/#primaryimage"},"image":{"@id":"https:\/\/exaudi.org\/es\/el-papa-dejarnos-amar-por-dios-para-hacer-de-nuestra-vida-una-ofrenda-de-amor\/#primaryimage"},"thumbnailUrl":"https:\/\/exaudi.org\/wp-content\/uploads\/2023\/09\/cq5dam.web_.800.800-17.jpeg","datePublished":"2023-09-03T13:08:08+00:00","dateModified":"2023-09-04T06:44:46+00:00","author":{"@id":"https:\/\/exaudi.org\/#\/schema\/person\/f5fc8f063065e38742da7afe15f25df7"},"breadcrumb":{"@id":"https:\/\/exaudi.org\/es\/el-papa-dejarnos-amar-por-dios-para-hacer-de-nuestra-vida-una-ofrenda-de-amor\/#breadcrumb"},"inLanguage":"es","potentialAction":[{"@type":"ReadAction","target":["https:\/\/exaudi.org\/es\/el-papa-dejarnos-amar-por-dios-para-hacer-de-nuestra-vida-una-ofrenda-de-amor\/"]}]},{"@type":"ImageObject","inLanguage":"es","@id":"https:\/\/exaudi.org\/es\/el-papa-dejarnos-amar-por-dios-para-hacer-de-nuestra-vida-una-ofrenda-de-amor\/#primaryimage","url":"https:\/\/exaudi.org\/wp-content\/uploads\/2023\/09\/cq5dam.web_.800.800-17.jpeg","contentUrl":"https:\/\/exaudi.org\/wp-content\/uploads\/2023\/09\/cq5dam.web_.800.800-17.jpeg","width":800,"height":533,"caption":"Vatican Media"},{"@type":"BreadcrumbList","@id":"https:\/\/exaudi.org\/es\/el-papa-dejarnos-amar-por-dios-para-hacer-de-nuestra-vida-una-ofrenda-de-amor\/#breadcrumb","itemListElement":[{"@type":"ListItem","position":1,"name":"Portada","item":"https:\/\/exaudi.org\/es\/"},{"@type":"ListItem","position":2,"name":"El Papa: Dejarnos amar por Dios para hacer de nuestra vida una ofrenda de amor"}]},{"@type":"WebSite","@id":"https:\/\/exaudi.org\/#website","url":"https:\/\/exaudi.org\/","name":"Exaudi","description":"News","potentialAction":[{"@type":"SearchAction","target":{"@type":"EntryPoint","urlTemplate":"https:\/\/exaudi.org\/?s={search_term_string}"},"query-input":{"@type":"PropertyValueSpecification","valueRequired":true,"valueName":"search_term_string"}}],"inLanguage":"es"},{"@type":"Person","@id":"https:\/\/exaudi.org\/#\/schema\/person\/f5fc8f063065e38742da7afe15f25df7","name":"Exaudi Redacci\u00f3n","image":{"@type":"ImageObject","inLanguage":"es","@id":"https:\/\/secure.gravatar.com\/avatar\/fe0f6a059fb68d9b3e11bc5850dd4899b1c7492091a3cb6dd9b01b56ad828be2?s=96&d=mm&r=g","url":"https:\/\/secure.gravatar.com\/avatar\/fe0f6a059fb68d9b3e11bc5850dd4899b1c7492091a3cb6dd9b01b56ad828be2?s=96&d=mm&r=g","contentUrl":"https:\/\/secure.gravatar.com\/avatar\/fe0f6a059fb68d9b3e11bc5850dd4899b1c7492091a3cb6dd9b01b56ad828be2?s=96&d=mm&r=g","caption":"Exaudi Redacci\u00f3n"},"description":"\u00bfQu\u00e9 es Exaudi News? Exaudi News es un medio de comunicaci\u00f3n cat\u00f3lico internacional que informa, forma y transforma, diariamente en espa\u00f1ol, ingl\u00e9s e italiano. A trav\u00e9s de noticias, art\u00edculos de an\u00e1lisis y transmisiones en directo de los eventos del Papa, Exaudi busca fortalecer la unidad de los cristianos y contribuir a la evangelizaci\u00f3n del mundo, siempre guiados por la doctrina social de la Iglesia. Trabajamos para acercar la verdad y los valores cristianos a cada rinc\u00f3n del planeta. \u00a1Ay\u00fadanos a transformar el mundo con Exaudi! En Exaudi creemos que la evangelizaci\u00f3n y la informaci\u00f3n de calidad pueden cambiar vidas. Para continuar con nuestra misi\u00f3n y expandir nuestro alcance, necesitamos tu ayuda. Adem\u00e1s, buscamos personas comprometidas que deseen unirse a nuestro equipo. Con tu apoyo, lograremos llegar a m\u00e1s personas, difundir el mensaje de Cristo y reforzar la unidad de los cristianos. \u00bfTe unes a nuestra misi\u00f3n? Para m\u00e1s informaci\u00f3n sobre c\u00f3mo colaborar, visita Exaudi.org\/es o cont\u00e1ctanos directamente: info@exaudi.org Exaudi: Informa, forma y transforma.","sameAs":["https:\/\/www.facebook.com\/ExaudiNoticias\/","https:\/\/www.instagram.com\/exaudi_noticias\/","https:\/\/x.com\/Exaudi_noticias","https:\/\/www.youtube.com\/@exaudicatholicnews"],"url":"https:\/\/exaudi.org\/es\/author\/redaccionexaudi\/"}]}},"jetpack_featured_media_url":"https:\/\/exaudi.org\/wp-content\/uploads\/2023\/09\/cq5dam.web_.800.800-17.jpeg","jetpack_shortlink":"https:\/\/wp.me\/pgKjF2-lud","_links":{"self":[{"href":"https:\/\/exaudi.org\/es\/wp-json\/wp\/v2\/posts\/82597","targetHints":{"allow":["GET"]}}],"collection":[{"href":"https:\/\/exaudi.org\/es\/wp-json\/wp\/v2\/posts"}],"about":[{"href":"https:\/\/exaudi.org\/es\/wp-json\/wp\/v2\/types\/post"}],"author":[{"embeddable":true,"href":"https:\/\/exaudi.org\/es\/wp-json\/wp\/v2\/users\/15"}],"replies":[{"embeddable":true,"href":"https:\/\/exaudi.org\/es\/wp-json\/wp\/v2\/comments?post=82597"}],"version-history":[{"count":0,"href":"https:\/\/exaudi.org\/es\/wp-json\/wp\/v2\/posts\/82597\/revisions"}],"wp:featuredmedia":[{"embeddable":true,"href":"https:\/\/exaudi.org\/es\/wp-json\/wp\/v2\/media\/82598"}],"wp:attachment":[{"href":"https:\/\/exaudi.org\/es\/wp-json\/wp\/v2\/media?parent=82597"}],"wp:term":[{"taxonomy":"category","embeddable":true,"href":"https:\/\/exaudi.org\/es\/wp-json\/wp\/v2\/categories?post=82597"},{"taxonomy":"post_tag","embeddable":true,"href":"https:\/\/exaudi.org\/es\/wp-json\/wp\/v2\/tags?post=82597"}],"curies":[{"name":"wp","href":"https:\/\/api.w.org\/{rel}","templated":true}]}}