{"id":8257,"date":"2026-03-27T07:30:35","date_gmt":"2026-03-27T06:30:35","guid":{"rendered":"https:\/\/exaudi.org\/?p=8257"},"modified":"2026-03-27T09:04:42","modified_gmt":"2026-03-27T08:04:42","slug":"beato-francisco-faa-di-bruno-27-marzo","status":"publish","type":"post","link":"https:\/\/exaudi.org\/es\/beato-francisco-faa-di-bruno-27-marzo\/","title":{"rendered":"Beato Francisco Fa\u00e0 di Bruno, 27 de marzo"},"content":{"rendered":"<p><span style=\"font-weight: 400;\">El beato Francisco Fa\u00e0 di Bruno fue objeto de discriminaci\u00f3n por ciertos colegas cargados de prejuicios. Juzgaron poco menos que imposible que un hombre de Dios, que confesaba abiertamente la fe, a pesar de ser inventor, escritor, pol\u00edglota, brillante investigador, dominar diversas ciencias, etc., pudiera tener el rigor intelectual que \u00fanicamente apreciaban en los no creyentes. As\u00ed que hicieron todo lo posible para que se le cerraran las puertas acad\u00e9micas.<\/span><\/p>\n<p><iframe title=\"Spotify Embed: Beato Francisco Fa\u00e0 di Bruno, 27 de marzo\" style=\"border-radius: 12px\" width=\"100%\" height=\"152\" frameborder=\"0\" allowfullscreen allow=\"autoplay; clipboard-write; encrypted-media; fullscreen; picture-in-picture\" loading=\"lazy\" src=\"https:\/\/open.spotify.com\/embed\/episode\/2NRjgRPBQQswXSpXSitnuP?si=35ab284ed30f4a52&amp;utm_source=oembed\"><\/iframe><\/p>\n<p><span style=\"font-weight: 400;\">Naci\u00f3 en Alessandr\u00eda, Piamonte, Italia, el 29 de marzo de 1825. Era el \u00faltimo de doce hermanos. Sus padres, el marqu\u00e9s Ludovico Fa\u00e0 di Bruno y la noble Carolina Sappa proporcionaron a todos una excelente educaci\u00f3n. Francisco ten\u00eda grandes cualidades e inclinaci\u00f3n singular por las matem\u00e1ticas, disciplina que estudi\u00f3 con verdadera satisfacci\u00f3n. <\/span><\/p>\n<p><span style=\"font-weight: 400;\">En el colegio de los padres somascos, en el que ingres\u00f3 en 1834 una vez fallecida su madre, recibi\u00f3 formaci\u00f3n durante cuatro a\u00f1os. Y en 1840 emprendi\u00f3 la carrera militar en Tur\u00edn. Cuando el rey V\u00edctor Manuel II le encomend\u00f3 la educaci\u00f3n de sus hijos viaj\u00f3 a Par\u00eds, lo cual le permiti\u00f3 completar estudios matem\u00e1ticos.\u00a0<\/span><\/p>\n<p><span style=\"font-weight: 400;\">La corte, con su ambiente plagado de anticlericalismo, le desagrad\u00f3; no encajaba con su sensibilidad espiritual. En Par\u00eds tuvo como maestro al cat\u00f3lico Cauchy, y al codescubridor del planeta Neptuno, profesor Leverrier. <\/span><\/p>\n<p><span style=\"font-weight: 400;\">Por otro lado, su asidua presencia en la iglesia de San Sulpicio propici\u00f3 su implicaci\u00f3n en las Conferencias de San Vicente de Pa\u00fal, y le dio la oportunidad de conocer a su fundador Federico Ozanam. Prest\u00f3 servicios en el cuerpo de ingenieros del ej\u00e9rcito italiano, y obtuvo el grado de capit\u00e1n.\u00a0<\/span><\/p>\n<p><span style=\"font-weight: 400;\">Uno de los trabajos que le encomendaron, una vez liberado de su responsabilidad de preceptor de los hijos del monarca, tuvo que ver con la cartograf\u00eda, para lo cual fue enviado a los Apeninos. All\u00ed se retir\u00f3 definitivamente del ej\u00e9rcito en 1853 eludiendo un duelo al que le empujaban sin desearlo.<\/span><\/p>\n<p><span style=\"font-weight: 400;\"> Tres a\u00f1os m\u00e1s tarde, en Par\u00eds se doctoraba en ciencias matem\u00e1ticas. En 1856 obten\u00eda este grado en astronom\u00eda en la prestigiosa universidad de la Sorbona. En esa \u00e9poca sus esfuerzos por vincular fe y ciencia eran notables. Despu\u00e9s, regres\u00f3 a Tur\u00edn y ejerci\u00f3 la docencia universitaria. <\/span><\/p>\n<p><span style=\"font-weight: 400;\">Imparti\u00f3 matem\u00e1ticas por indicaci\u00f3n de su obispo, y tuvo la magn\u00edfica visi\u00f3n de transmitir a sus alumnos la profunda convicci\u00f3n que le anim\u00f3. Aunando la fe con la ciencia, les hac\u00eda ver que \u00e9sta no se opone a la fe sino que la ilumina.\u00a0<\/span><\/p>\n<p><span style=\"font-weight: 400;\">Plasm\u00f3 sus investigaciones en art\u00edculos escritos en franc\u00e9s, ingl\u00e9s y alem\u00e1n. En total cuarenta, que fueron publicados en las revistas cient\u00edficas de Europa y Am\u00e9rica m\u00e1s influyentes y rigurosas que hab\u00eda en el mundo, algo que no se halla a la mano de cualquiera. Su existencia estuvo signada por la idea de no perder jam\u00e1s el tiempo, \u201cni un minuto\u201d. <\/span><\/p>\n<p><span style=\"font-weight: 400;\">Le\u00eda, estudiaba, se interesaba por todas las ramas del saber y los avances t\u00e9cnicos. No era cuesti\u00f3n de simple inquietud o af\u00e1n de hacer acopio de valiosa informaci\u00f3n. El beato Francisco Fa\u00e0 di Bruno aplicaba lo que aprend\u00eda para mejorar las condiciones de vida de su tiempo. Y de hecho, invent\u00f3 aparatos para la ense\u00f1anza de las ciencias f\u00edsico-matem\u00e1ticas y hasta un escritorio para ciegos con objeto de ayudar a una de sus hermanas.<\/span><\/p>\n<p><span style=\"font-weight: 400;\"> Compositor de melod\u00edas sagradas y autor de algunos libros de este cariz, fue tambi\u00e9n benefactor de los pobres a trav\u00e9s de la Sociedad de San Vicente de Pa\u00fal; realiz\u00f3 constantes obras de caridad.\u00a0<\/span><\/p>\n<p><span style=\"font-weight: 400;\">A \u00e9l se debe la fundaci\u00f3n en 1860 de la \u201cObra de Santa Zita\u201d para la promoci\u00f3n de la mujer, a la que seguir\u00edan otras. En octubre de 1876, a sus 51 a\u00f1os de edad, se orden\u00f3 sacerdote en Tur\u00edn, dando respuesta a un sentimiento espiritual. En su decisi\u00f3n pes\u00f3 el consejo de Don Bosco que vio en ello un bien para su fundaci\u00f3n. <\/span><\/p>\n<p><span style=\"font-weight: 400;\">Ofici\u00f3 su primera misa en la iglesia Nuestra Se\u00f1ora del Sufragio de la localidad de San Donato, ideada y erigida por \u00e9l. La construcci\u00f3n hab\u00eda comenzado en 1869 y justamente ese a\u00f1o de su ordenaci\u00f3n concluyeron las obras.\u00a0<\/span><\/p>\n<p><span style=\"font-weight: 400;\">En 1881, el beato Francisco Fa\u00e0 di Bruno fund\u00f3 la congregaci\u00f3n de las Hermanas M\u00ednimas de Nuestra Se\u00f1ora del Sufragio dedicada a la oraci\u00f3n por las almas del Purgatorio, y las Hijas de Santa Clara para j\u00f3venes discapacitadas. Este emporio conten\u00eda escuelas, laboratorio, enfermer\u00eda, pensionado, liceo cient\u00edfico, entre otras. <\/span><\/p>\n<p><span style=\"font-weight: 400;\">Hab\u00eda lugar para la infancia y juventud abandonada, madres solteras, ancianos, enfermos, inv\u00e1lidos&#8230; Adquiri\u00f3 en Benevello de Alba un castillo con el fin de predicar retiros espirituales, destin\u00e1ndolo a descanso veraniego de pensionistas y a impartir clases a ni\u00f1os del lugar. Fue alentado y bendecido por P\u00edo IX, al que acudi\u00f3 ya que tuvo serias dificultades con el arzobispo de Tur\u00edn. <\/span><\/p>\n<p><span style=\"font-weight: 400;\">Muri\u00f3 el 27 de marzo de 1888. Previamente leg\u00f3 a esta ciudad la excelente biblioteca cient\u00edfica que hab\u00eda reunido. Juan Pablo II lo beatific\u00f3 el 25 de septiembre de 1988.<\/span><\/p>\n<p><img loading=\"lazy\" decoding=\"async\" class=\"size-full wp-image-122235 alignnone\" src=\"https:\/\/exaudi.org\/wp-content\/uploads\/2025\/03\/Santoral-19.jpg\" alt=\"\" width=\"1080\" height=\"1080\" srcset=\"https:\/\/exaudi.org\/wp-content\/uploads\/2025\/03\/Santoral-19.jpg 1080w, https:\/\/exaudi.org\/wp-content\/uploads\/2025\/03\/Santoral-19-300x300.jpg 300w, https:\/\/exaudi.org\/wp-content\/uploads\/2025\/03\/Santoral-19-1024x1024.jpg 1024w, https:\/\/exaudi.org\/wp-content\/uploads\/2025\/03\/Santoral-19-100x100.jpg?crop=1 100w, https:\/\/exaudi.org\/wp-content\/uploads\/2025\/03\/Santoral-19-770x770.jpg 770w, https:\/\/exaudi.org\/wp-content\/uploads\/2025\/03\/Santoral-19-500x500.jpg 500w\" sizes=\"auto, (max-width: 1080px) 100vw, 1080px\" \/><\/p>\n<p><img loading=\"lazy\" decoding=\"async\" class=\"alignright wp-image-2208\" src=\"https:\/\/exaudi.org\/wp-content\/uploads\/2021\/02\/santoral-scaled-1-725x1024.jpg\" alt=\"santoral Isabel Orellana\" width=\"262\" height=\"370\" \/><\/p>\n<div class=\"page\" title=\"Page 4\">\n<div class=\"layoutArea\">\n<div class=\"column\">\n<h6><em>\u00a9 <a href=\"https:\/\/exaudi.org\/es\/author\/isabelorellana\/\" target=\"_blank\" rel=\"noopener noreferrer\">Isabel Orellana Vilches<\/a>, 2018<\/em><br \/>\n<em>Autora vinculada a<\/em><br \/>\n<img loading=\"lazy\" decoding=\"async\" class=\"alignnone size-full wp-image-41949\" src=\"https:\/\/www.idente.org\/wp-content\/uploads\/logo-cedro-v01-843x295-1-e1603384654546.png\" alt=\"\" width=\"80\" height=\"28\" \/><br \/>\nObra protegida por derechos de autor.<br \/>\nInscrita en el Registro de la Propiedad Intelectual el 24 de noviembre de 2014.<br \/>\n________________<br \/>\nDerechos de edici\u00f3n reservados:<br \/>\nFundaci\u00f3n <a href=\"https:\/\/rielo.com\/\" target=\"_blank\" rel=\"noopener noreferrer\">Fernando Rielo<\/a><br \/>\nGoya 20, 4.\u00ba izq. int. 28001 Madrid<br \/>\nTlf.: (34) 91 575 40 91<br \/>\nCorreo electr\u00f3nico: fundacion@rielo.com<\/h6>\n<div class=\"page\" title=\"Page 4\">\n<div class=\"layoutArea\">\n<div class=\"column\">\n<h6>Dep\u00f3sito legal: M-18664-2020<br \/>\nISBN: 978-84-946646-6-3<\/h6>\n<\/div>\n<\/div>\n<\/div>\n<\/div>\n<\/div>\n<\/div>\n","protected":false},"excerpt":{"rendered":"<p>Padre fundador<\/p>\n","protected":false},"author":23,"featured_media":122232,"comment_status":"closed","ping_status":"closed","sticky":false,"template":"","format":"standard","meta":{"_acf_changed":false,"_crdt_document":"","inline_featured_image":false,"footnotes":""},"categories":[74,2772],"tags":[1250,388,387,58880],"class_list":["post-8257","post","type-post","status-publish","format-standard","has-post-thumbnail","hentry","category-iglesia-y-mundo","category-santoral","tag-beato-francisco-faa-di-bruno","tag-isabel-orellana-vilches","tag-santoral","tag-trending-es-151"],"acf":[],"yoast_head":"<!-- This site is optimized with the Yoast SEO plugin v27.4 - https:\/\/yoast.com\/product\/yoast-seo-wordpress\/ -->\n<title>Beato Francisco Fa\u00e0 di Bruno, 27 de marzo - Exaudi Espa\u00f1a<\/title>\n<meta name=\"description\" content=\"Santoral del 27 de marzo de 2021 sobre el beato Francisco Fa\u00e0 di Bruno, por Isabel Orellana Vilches y la Fundaci\u00f3n Fernando Rielo.\" \/>\n<meta name=\"robots\" content=\"index, follow, max-snippet:-1, max-image-preview:large, max-video-preview:-1\" \/>\n<link rel=\"canonical\" href=\"https:\/\/exaudi.org\/es\/beato-francisco-faa-di-bruno-27-marzo\/\" \/>\n<meta property=\"og:locale\" content=\"es_ES\" \/>\n<meta property=\"og:type\" content=\"article\" \/>\n<meta property=\"og:title\" content=\"Beato Francisco Fa\u00e0 di Bruno, 27 de marzo - Exaudi Espa\u00f1a\" \/>\n<meta property=\"og:description\" content=\"Santoral del 27 de marzo de 2021 sobre el beato Francisco Fa\u00e0 di Bruno, por Isabel Orellana Vilches y la Fundaci\u00f3n Fernando Rielo.\" \/>\n<meta property=\"og:url\" content=\"https:\/\/exaudi.org\/es\/beato-francisco-faa-di-bruno-27-marzo\/\" \/>\n<meta property=\"og:site_name\" content=\"Exaudi\" \/>\n<meta property=\"article:publisher\" content=\"https:\/\/www.facebook.com\/ExaudiNews\" \/>\n<meta property=\"article:published_time\" content=\"2026-03-27T06:30:35+00:00\" \/>\n<meta property=\"article:modified_time\" content=\"2026-03-27T08:04:42+00:00\" \/>\n<meta property=\"og:image\" content=\"https:\/\/exaudi.org\/wp-content\/uploads\/2025\/03\/Santoral-16-1024x614-1.jpg\" \/>\n\t<meta property=\"og:image:width\" content=\"1091\" \/>\n\t<meta property=\"og:image:height\" content=\"614\" \/>\n\t<meta property=\"og:image:type\" content=\"image\/jpeg\" \/>\n<meta name=\"author\" content=\"Isabel Orellana\" \/>\n<meta name=\"twitter:card\" content=\"summary_large_image\" \/>\n<meta name=\"twitter:creator\" content=\"@Exaudi_News\" \/>\n<meta name=\"twitter:site\" content=\"@Exaudi_News\" \/>\n<meta name=\"twitter:label1\" content=\"Escrito por\" \/>\n\t<meta name=\"twitter:data1\" content=\"Isabel Orellana\" \/>\n\t<meta name=\"twitter:label2\" content=\"Tiempo de lectura\" \/>\n\t<meta name=\"twitter:data2\" content=\"5 minutos\" \/>\n<script type=\"application\/ld+json\" class=\"yoast-schema-graph\">{\"@context\":\"https:\\\/\\\/schema.org\",\"@graph\":[{\"@type\":\"Article\",\"@id\":\"https:\\\/\\\/exaudi.org\\\/es\\\/beato-francisco-faa-di-bruno-27-marzo\\\/#article\",\"isPartOf\":{\"@id\":\"https:\\\/\\\/exaudi.org\\\/es\\\/beato-francisco-faa-di-bruno-27-marzo\\\/\"},\"author\":{\"name\":\"Isabel Orellana\",\"@id\":\"https:\\\/\\\/exaudi.org\\\/#\\\/schema\\\/person\\\/64e18b96fd6118559a9217b5b3375fdc\"},\"headline\":\"Beato Francisco Fa\u00e0 di Bruno, 27 de marzo\",\"datePublished\":\"2026-03-27T06:30:35+00:00\",\"dateModified\":\"2026-03-27T08:04:42+00:00\",\"mainEntityOfPage\":{\"@id\":\"https:\\\/\\\/exaudi.org\\\/es\\\/beato-francisco-faa-di-bruno-27-marzo\\\/\"},\"wordCount\":956,\"image\":{\"@id\":\"https:\\\/\\\/exaudi.org\\\/es\\\/beato-francisco-faa-di-bruno-27-marzo\\\/#primaryimage\"},\"thumbnailUrl\":\"https:\\\/\\\/exaudi.org\\\/wp-content\\\/uploads\\\/2025\\\/03\\\/Santoral-16-1024x614-1.jpg\",\"keywords\":[\"Beato Francisco Fa\u00e0 di Bruno\",\"Isabel Orellana Vilches\",\"Santoral\",\"Trending\"],\"articleSection\":[\"Iglesia y Mundo\",\"Santoral\"],\"inLanguage\":\"es\"},{\"@type\":\"WebPage\",\"@id\":\"https:\\\/\\\/exaudi.org\\\/es\\\/beato-francisco-faa-di-bruno-27-marzo\\\/\",\"url\":\"https:\\\/\\\/exaudi.org\\\/es\\\/beato-francisco-faa-di-bruno-27-marzo\\\/\",\"name\":\"Beato Francisco Fa\u00e0 di Bruno, 27 de marzo - Exaudi Espa\u00f1a\",\"isPartOf\":{\"@id\":\"https:\\\/\\\/exaudi.org\\\/#website\"},\"primaryImageOfPage\":{\"@id\":\"https:\\\/\\\/exaudi.org\\\/es\\\/beato-francisco-faa-di-bruno-27-marzo\\\/#primaryimage\"},\"image\":{\"@id\":\"https:\\\/\\\/exaudi.org\\\/es\\\/beato-francisco-faa-di-bruno-27-marzo\\\/#primaryimage\"},\"thumbnailUrl\":\"https:\\\/\\\/exaudi.org\\\/wp-content\\\/uploads\\\/2025\\\/03\\\/Santoral-16-1024x614-1.jpg\",\"datePublished\":\"2026-03-27T06:30:35+00:00\",\"dateModified\":\"2026-03-27T08:04:42+00:00\",\"author\":{\"@id\":\"https:\\\/\\\/exaudi.org\\\/#\\\/schema\\\/person\\\/64e18b96fd6118559a9217b5b3375fdc\"},\"description\":\"Santoral del 27 de marzo de 2021 sobre el beato Francisco Fa\u00e0 di Bruno, por Isabel Orellana Vilches y la Fundaci\u00f3n Fernando Rielo.\",\"breadcrumb\":{\"@id\":\"https:\\\/\\\/exaudi.org\\\/es\\\/beato-francisco-faa-di-bruno-27-marzo\\\/#breadcrumb\"},\"inLanguage\":\"es\",\"potentialAction\":[{\"@type\":\"ReadAction\",\"target\":[\"https:\\\/\\\/exaudi.org\\\/es\\\/beato-francisco-faa-di-bruno-27-marzo\\\/\"]}]},{\"@type\":\"ImageObject\",\"inLanguage\":\"es\",\"@id\":\"https:\\\/\\\/exaudi.org\\\/es\\\/beato-francisco-faa-di-bruno-27-marzo\\\/#primaryimage\",\"url\":\"https:\\\/\\\/exaudi.org\\\/wp-content\\\/uploads\\\/2025\\\/03\\\/Santoral-16-1024x614-1.jpg\",\"contentUrl\":\"https:\\\/\\\/exaudi.org\\\/wp-content\\\/uploads\\\/2025\\\/03\\\/Santoral-16-1024x614-1.jpg\",\"width\":1091,\"height\":614},{\"@type\":\"BreadcrumbList\",\"@id\":\"https:\\\/\\\/exaudi.org\\\/es\\\/beato-francisco-faa-di-bruno-27-marzo\\\/#breadcrumb\",\"itemListElement\":[{\"@type\":\"ListItem\",\"position\":1,\"name\":\"Portada\",\"item\":\"https:\\\/\\\/exaudi.org\\\/es\\\/\"},{\"@type\":\"ListItem\",\"position\":2,\"name\":\"Beato Francisco Fa\u00e0 di Bruno, 27 de marzo\"}]},{\"@type\":\"WebSite\",\"@id\":\"https:\\\/\\\/exaudi.org\\\/#website\",\"url\":\"https:\\\/\\\/exaudi.org\\\/\",\"name\":\"Exaudi\",\"description\":\"News\",\"potentialAction\":[{\"@type\":\"SearchAction\",\"target\":{\"@type\":\"EntryPoint\",\"urlTemplate\":\"https:\\\/\\\/exaudi.org\\\/?s={search_term_string}\"},\"query-input\":{\"@type\":\"PropertyValueSpecification\",\"valueRequired\":true,\"valueName\":\"search_term_string\"}}],\"inLanguage\":\"es\"},{\"@type\":\"Person\",\"@id\":\"https:\\\/\\\/exaudi.org\\\/#\\\/schema\\\/person\\\/64e18b96fd6118559a9217b5b3375fdc\",\"name\":\"Isabel Orellana\",\"image\":{\"@type\":\"ImageObject\",\"inLanguage\":\"es\",\"@id\":\"https:\\\/\\\/secure.gravatar.com\\\/avatar\\\/51968380bbb6b22ae85c605634860366fd9a2a611c6341125115bca32cd6c171?s=96&d=mm&r=g\",\"url\":\"https:\\\/\\\/secure.gravatar.com\\\/avatar\\\/51968380bbb6b22ae85c605634860366fd9a2a611c6341125115bca32cd6c171?s=96&d=mm&r=g\",\"contentUrl\":\"https:\\\/\\\/secure.gravatar.com\\\/avatar\\\/51968380bbb6b22ae85c605634860366fd9a2a611c6341125115bca32cd6c171?s=96&d=mm&r=g\",\"caption\":\"Isabel Orellana\"},\"description\":\"Isabel Orellana Vilches Misionera idente. Doctora en Filosof\u00eda por la Universidad Aut\u00f3noma de Barcelona con la tesis Realismo y progreso cient\u00edfico en la epistemolog\u00eda popperiana. Ha cursado estudios de teolog\u00eda en la Universidad Pontificia de Salamanca. Con amplia actividad docente desde 1986, ha publicado libros como: Realismo y progreso cient\u00edfico en la epistemolog\u00eda popperiana, Universitat Aut\u00f2noma de Barcelona, 1993; El evangelio habla a los j\u00f3venes, Atenas, Madrid, 1997; Qu\u00e9 es... LA TOLERANCIA, Paulinas, Madrid, 1999; Pedagog\u00eda del dolor. Ensayo antropol\u00f3gico, Palabra, Madrid, 1999; En colaboraci\u00f3n con Enrique Rivera de Ventosa (\u2020) OFM. Cap. San Francisco de As\u00eds y Fernando Rielo: Convergencias. Respuestas desde la fe a los interrogantes del hombre de hoy, Universidad Pontificia, Salamanca, 2001; La \\\"mirada\\\" del cine. Recursos did\u00e1cticos del s\u00e9ptimo arte. Librer\u00eda Cervantes, Salamanca, 2001; Paradojas de la convivencia, San Pablo, Madrid, 2002; En la Universidad T\u00e9cnica Particular de Loja, Ecuador, ha publicado: La confianza. El arte de amar, 2002; Educar para la responsabilidad, 2003; Apuntes de \u00e9tica en Karl R. Popper, 2003; De soledades y comunicaci\u00f3n, 2005; Yo educo; t\u00fa respondes, 2008; Humanismo y fe en un crisol de culturas, 2008; Repensar lo cotidiano, 2008; Convivir: un constante desaf\u00edo, 2009; La l\u00f3gica del amor, 2010; El dolor del amor. Apuntes sobre la enfermedad y el dolor en relaci\u00f3n con la virtud heroica, el martirio y la vida santa. Seminario Diocesano de M\u00e1laga, 2006 y Universidad T\u00e9cnica Particular de Loja, Ecuador (2007). Cuenta con numerosas colaboraciones en obras colectivas, as\u00ed como relatos, cuentos, f\u00e1bula y novela juvenil, adem\u00e1s de art\u00edculos de tem\u00e1tica cient\u00edfica, pedag\u00f3gica y espiritual, que viene publicando en distintas revistas nacionales e internacionales. En 2012 culmin\u00f3 el santoral Llamados a ser santos y poco m\u00e1s tarde Epopeyas de amor prologado por mons. Fernando Sebasti\u00e1n. Es la bi\u00f3grafa oficial del fundador de su familia espiritual, autora de Fernando Rielo Pardal. Fundador de los Misioneros Identes, Descl\u00e9e de Brouwer, Bilbao, 2009. Culmina la biograf\u00eda completa. Encargada del santoral de ZENIT desde 2012 a 2020 y ahora en Exaudi\",\"url\":\"https:\\\/\\\/exaudi.org\\\/es\\\/author\\\/isabelorellana\\\/\"}]}<\/script>\n<!-- \/ Yoast SEO plugin. -->","yoast_head_json":{"title":"Beato Francisco Fa\u00e0 di Bruno, 27 de marzo - Exaudi Espa\u00f1a","description":"Santoral del 27 de marzo de 2021 sobre el beato Francisco Fa\u00e0 di Bruno, por Isabel Orellana Vilches y la Fundaci\u00f3n Fernando Rielo.","robots":{"index":"index","follow":"follow","max-snippet":"max-snippet:-1","max-image-preview":"max-image-preview:large","max-video-preview":"max-video-preview:-1"},"canonical":"https:\/\/exaudi.org\/es\/beato-francisco-faa-di-bruno-27-marzo\/","og_locale":"es_ES","og_type":"article","og_title":"Beato Francisco Fa\u00e0 di Bruno, 27 de marzo - Exaudi Espa\u00f1a","og_description":"Santoral del 27 de marzo de 2021 sobre el beato Francisco Fa\u00e0 di Bruno, por Isabel Orellana Vilches y la Fundaci\u00f3n Fernando Rielo.","og_url":"https:\/\/exaudi.org\/es\/beato-francisco-faa-di-bruno-27-marzo\/","og_site_name":"Exaudi","article_publisher":"https:\/\/www.facebook.com\/ExaudiNews","article_published_time":"2026-03-27T06:30:35+00:00","article_modified_time":"2026-03-27T08:04:42+00:00","og_image":[{"width":1091,"height":614,"url":"https:\/\/exaudi.org\/wp-content\/uploads\/2025\/03\/Santoral-16-1024x614-1.jpg","type":"image\/jpeg"}],"author":"Isabel Orellana","twitter_card":"summary_large_image","twitter_creator":"@Exaudi_News","twitter_site":"@Exaudi_News","twitter_misc":{"Escrito por":"Isabel Orellana","Tiempo de lectura":"5 minutos"},"schema":{"@context":"https:\/\/schema.org","@graph":[{"@type":"Article","@id":"https:\/\/exaudi.org\/es\/beato-francisco-faa-di-bruno-27-marzo\/#article","isPartOf":{"@id":"https:\/\/exaudi.org\/es\/beato-francisco-faa-di-bruno-27-marzo\/"},"author":{"name":"Isabel Orellana","@id":"https:\/\/exaudi.org\/#\/schema\/person\/64e18b96fd6118559a9217b5b3375fdc"},"headline":"Beato Francisco Fa\u00e0 di Bruno, 27 de marzo","datePublished":"2026-03-27T06:30:35+00:00","dateModified":"2026-03-27T08:04:42+00:00","mainEntityOfPage":{"@id":"https:\/\/exaudi.org\/es\/beato-francisco-faa-di-bruno-27-marzo\/"},"wordCount":956,"image":{"@id":"https:\/\/exaudi.org\/es\/beato-francisco-faa-di-bruno-27-marzo\/#primaryimage"},"thumbnailUrl":"https:\/\/exaudi.org\/wp-content\/uploads\/2025\/03\/Santoral-16-1024x614-1.jpg","keywords":["Beato Francisco Fa\u00e0 di Bruno","Isabel Orellana Vilches","Santoral","Trending"],"articleSection":["Iglesia y Mundo","Santoral"],"inLanguage":"es"},{"@type":"WebPage","@id":"https:\/\/exaudi.org\/es\/beato-francisco-faa-di-bruno-27-marzo\/","url":"https:\/\/exaudi.org\/es\/beato-francisco-faa-di-bruno-27-marzo\/","name":"Beato Francisco Fa\u00e0 di Bruno, 27 de marzo - Exaudi Espa\u00f1a","isPartOf":{"@id":"https:\/\/exaudi.org\/#website"},"primaryImageOfPage":{"@id":"https:\/\/exaudi.org\/es\/beato-francisco-faa-di-bruno-27-marzo\/#primaryimage"},"image":{"@id":"https:\/\/exaudi.org\/es\/beato-francisco-faa-di-bruno-27-marzo\/#primaryimage"},"thumbnailUrl":"https:\/\/exaudi.org\/wp-content\/uploads\/2025\/03\/Santoral-16-1024x614-1.jpg","datePublished":"2026-03-27T06:30:35+00:00","dateModified":"2026-03-27T08:04:42+00:00","author":{"@id":"https:\/\/exaudi.org\/#\/schema\/person\/64e18b96fd6118559a9217b5b3375fdc"},"description":"Santoral del 27 de marzo de 2021 sobre el beato Francisco Fa\u00e0 di Bruno, por Isabel Orellana Vilches y la Fundaci\u00f3n Fernando Rielo.","breadcrumb":{"@id":"https:\/\/exaudi.org\/es\/beato-francisco-faa-di-bruno-27-marzo\/#breadcrumb"},"inLanguage":"es","potentialAction":[{"@type":"ReadAction","target":["https:\/\/exaudi.org\/es\/beato-francisco-faa-di-bruno-27-marzo\/"]}]},{"@type":"ImageObject","inLanguage":"es","@id":"https:\/\/exaudi.org\/es\/beato-francisco-faa-di-bruno-27-marzo\/#primaryimage","url":"https:\/\/exaudi.org\/wp-content\/uploads\/2025\/03\/Santoral-16-1024x614-1.jpg","contentUrl":"https:\/\/exaudi.org\/wp-content\/uploads\/2025\/03\/Santoral-16-1024x614-1.jpg","width":1091,"height":614},{"@type":"BreadcrumbList","@id":"https:\/\/exaudi.org\/es\/beato-francisco-faa-di-bruno-27-marzo\/#breadcrumb","itemListElement":[{"@type":"ListItem","position":1,"name":"Portada","item":"https:\/\/exaudi.org\/es\/"},{"@type":"ListItem","position":2,"name":"Beato Francisco Fa\u00e0 di Bruno, 27 de marzo"}]},{"@type":"WebSite","@id":"https:\/\/exaudi.org\/#website","url":"https:\/\/exaudi.org\/","name":"Exaudi","description":"News","potentialAction":[{"@type":"SearchAction","target":{"@type":"EntryPoint","urlTemplate":"https:\/\/exaudi.org\/?s={search_term_string}"},"query-input":{"@type":"PropertyValueSpecification","valueRequired":true,"valueName":"search_term_string"}}],"inLanguage":"es"},{"@type":"Person","@id":"https:\/\/exaudi.org\/#\/schema\/person\/64e18b96fd6118559a9217b5b3375fdc","name":"Isabel Orellana","image":{"@type":"ImageObject","inLanguage":"es","@id":"https:\/\/secure.gravatar.com\/avatar\/51968380bbb6b22ae85c605634860366fd9a2a611c6341125115bca32cd6c171?s=96&d=mm&r=g","url":"https:\/\/secure.gravatar.com\/avatar\/51968380bbb6b22ae85c605634860366fd9a2a611c6341125115bca32cd6c171?s=96&d=mm&r=g","contentUrl":"https:\/\/secure.gravatar.com\/avatar\/51968380bbb6b22ae85c605634860366fd9a2a611c6341125115bca32cd6c171?s=96&d=mm&r=g","caption":"Isabel Orellana"},"description":"Isabel Orellana Vilches Misionera idente. Doctora en Filosof\u00eda por la Universidad Aut\u00f3noma de Barcelona con la tesis Realismo y progreso cient\u00edfico en la epistemolog\u00eda popperiana. Ha cursado estudios de teolog\u00eda en la Universidad Pontificia de Salamanca. Con amplia actividad docente desde 1986, ha publicado libros como: Realismo y progreso cient\u00edfico en la epistemolog\u00eda popperiana, Universitat Aut\u00f2noma de Barcelona, 1993; El evangelio habla a los j\u00f3venes, Atenas, Madrid, 1997; Qu\u00e9 es... LA TOLERANCIA, Paulinas, Madrid, 1999; Pedagog\u00eda del dolor. Ensayo antropol\u00f3gico, Palabra, Madrid, 1999; En colaboraci\u00f3n con Enrique Rivera de Ventosa (\u2020) OFM. Cap. San Francisco de As\u00eds y Fernando Rielo: Convergencias. Respuestas desde la fe a los interrogantes del hombre de hoy, Universidad Pontificia, Salamanca, 2001; La \"mirada\" del cine. Recursos did\u00e1cticos del s\u00e9ptimo arte. Librer\u00eda Cervantes, Salamanca, 2001; Paradojas de la convivencia, San Pablo, Madrid, 2002; En la Universidad T\u00e9cnica Particular de Loja, Ecuador, ha publicado: La confianza. El arte de amar, 2002; Educar para la responsabilidad, 2003; Apuntes de \u00e9tica en Karl R. Popper, 2003; De soledades y comunicaci\u00f3n, 2005; Yo educo; t\u00fa respondes, 2008; Humanismo y fe en un crisol de culturas, 2008; Repensar lo cotidiano, 2008; Convivir: un constante desaf\u00edo, 2009; La l\u00f3gica del amor, 2010; El dolor del amor. Apuntes sobre la enfermedad y el dolor en relaci\u00f3n con la virtud heroica, el martirio y la vida santa. Seminario Diocesano de M\u00e1laga, 2006 y Universidad T\u00e9cnica Particular de Loja, Ecuador (2007). Cuenta con numerosas colaboraciones en obras colectivas, as\u00ed como relatos, cuentos, f\u00e1bula y novela juvenil, adem\u00e1s de art\u00edculos de tem\u00e1tica cient\u00edfica, pedag\u00f3gica y espiritual, que viene publicando en distintas revistas nacionales e internacionales. En 2012 culmin\u00f3 el santoral Llamados a ser santos y poco m\u00e1s tarde Epopeyas de amor prologado por mons. Fernando Sebasti\u00e1n. Es la bi\u00f3grafa oficial del fundador de su familia espiritual, autora de Fernando Rielo Pardal. Fundador de los Misioneros Identes, Descl\u00e9e de Brouwer, Bilbao, 2009. Culmina la biograf\u00eda completa. Encargada del santoral de ZENIT desde 2012 a 2020 y ahora en Exaudi","url":"https:\/\/exaudi.org\/es\/author\/isabelorellana\/"}]}},"jetpack_featured_media_url":"https:\/\/exaudi.org\/wp-content\/uploads\/2025\/03\/Santoral-16-1024x614-1.jpg","jetpack_shortlink":"https:\/\/wp.me\/pgKjF2-29b","_links":{"self":[{"href":"https:\/\/exaudi.org\/es\/wp-json\/wp\/v2\/posts\/8257","targetHints":{"allow":["GET"]}}],"collection":[{"href":"https:\/\/exaudi.org\/es\/wp-json\/wp\/v2\/posts"}],"about":[{"href":"https:\/\/exaudi.org\/es\/wp-json\/wp\/v2\/types\/post"}],"author":[{"embeddable":true,"href":"https:\/\/exaudi.org\/es\/wp-json\/wp\/v2\/users\/23"}],"replies":[{"embeddable":true,"href":"https:\/\/exaudi.org\/es\/wp-json\/wp\/v2\/comments?post=8257"}],"version-history":[{"count":1,"href":"https:\/\/exaudi.org\/es\/wp-json\/wp\/v2\/posts\/8257\/revisions"}],"predecessor-version":[{"id":158163,"href":"https:\/\/exaudi.org\/es\/wp-json\/wp\/v2\/posts\/8257\/revisions\/158163"}],"wp:featuredmedia":[{"embeddable":true,"href":"https:\/\/exaudi.org\/es\/wp-json\/wp\/v2\/media\/122232"}],"wp:attachment":[{"href":"https:\/\/exaudi.org\/es\/wp-json\/wp\/v2\/media?parent=8257"}],"wp:term":[{"taxonomy":"category","embeddable":true,"href":"https:\/\/exaudi.org\/es\/wp-json\/wp\/v2\/categories?post=8257"},{"taxonomy":"post_tag","embeddable":true,"href":"https:\/\/exaudi.org\/es\/wp-json\/wp\/v2\/tags?post=8257"}],"curies":[{"name":"wp","href":"https:\/\/api.w.org\/{rel}","templated":true}]}}