{"id":82521,"date":"2023-09-02T15:13:09","date_gmt":"2023-09-02T13:13:09","guid":{"rendered":"https:\/\/exaudi.org\/?p=82521"},"modified":"2023-09-03T15:09:35","modified_gmt":"2023-09-03T13:09:35","slug":"francisco-implora-el-don-de-la-paz-desde-mongolia","status":"publish","type":"post","link":"https:\/\/exaudi.org\/es\/francisco-implora-el-don-de-la-paz-desde-mongolia\/","title":{"rendered":"Francisco implora el don de la paz desde Mongolia"},"content":{"rendered":"<audio class=\"wp-audio-shortcode\" id=\"audio-82521-1\" preload=\"none\" style=\"width: 100%;\" controls=\"controls\"><source type=\"audio\/mpeg\" src=\"https:\/\/exaudi.org\/wp-content\/uploads\/2023\/09\/Francisco-implora-el-don-de-la-paz-desde\u2026-.mp3?_=1\" \/><a href=\"https:\/\/exaudi.org\/wp-content\/uploads\/2023\/09\/Francisco-implora-el-don-de-la-paz-desde\u2026-.mp3\">https:\/\/exaudi.org\/wp-content\/uploads\/2023\/09\/Francisco-implora-el-don-de-la-paz-desde\u2026-.mp3<\/a><\/audio>\n<p>La agenda oficial del Papa Francisco en Mongolia comenz\u00f3 este s\u00e1bado 2 de septiembre por la ma\u00f1ana: cuando en Roma era a\u00fan la madrugada, la Plaza S\u00fckhbaatar acogi\u00f3 la ceremonia de bienvenida del Pont\u00edfice. Posteriormente, el Papa fue recibido por el Presidente, Ukhnaagiin Kh\u00fcrels\u00fckh, tuvo lugar la Guardia de Honor, se entonaron los himnos, se efectuaron los honores a las banderas y se presentaron las delegaciones. Francisco se reuni\u00f3 de modo privado con el mandatario en el Palacio de Gobierno o de Estado, firm\u00f3 el Libro de Honor, se tomaron una foto oficial, el Papa conoci\u00f3 a la familia del Jefe de Estado y se intercambiaron los regalos.<\/p>\n<p><img loading=\"lazy\" decoding=\"async\" class=\"alignleft size-full wp-image-82528\" src=\"https:\/\/exaudi.org\/wp-content\/uploads\/2023\/09\/cq5dam.thumbnail.cropped.750.422-2-1.jpeg\" alt=\"\" width=\"750\" height=\"422\" srcset=\"https:\/\/exaudi.org\/wp-content\/uploads\/2023\/09\/cq5dam.thumbnail.cropped.750.422-2-1.jpeg 750w, https:\/\/exaudi.org\/wp-content\/uploads\/2023\/09\/cq5dam.thumbnail.cropped.750.422-2-1-300x169.jpeg 300w, https:\/\/exaudi.org\/wp-content\/uploads\/2023\/09\/cq5dam.thumbnail.cropped.750.422-2-1-500x281.jpeg 500w, https:\/\/exaudi.org\/wp-content\/uploads\/2023\/09\/cq5dam.thumbnail.cropped.750.422-2-1-293x165.jpeg 293w, https:\/\/exaudi.org\/wp-content\/uploads\/2023\/09\/cq5dam.thumbnail.cropped.750.422-2-1-390x219.jpeg 390w\" sizes=\"auto, (max-width: 750px) 100vw, 750px\" \/>El mensaje que dej\u00f3 Bergoglio en el Libro de Honor fue significativo: \u00abPeregrino de la paz en este pa\u00eds joven y antiguo, moderno y rico en tradiciones, tengo el honor de recorrer los caminos del encuentro y de la amistad, generadores de esperanza. Que el gran cielo claro, que abraza la tierra mongola, ilumine nuevos caminos de fraternidad\u00bb.<\/p>\n<p>Francisco entreg\u00f3 al Presidente\u00a0una medalla conmemorativa de esta visita apost\u00f3lica. Se trata tanto de una medalla de plata, con una tirada de 80 piezas, como de una medalla de bronce patinado a mano, acu\u00f1ada en 1500 piezas, impresa por\u00a0<i>Avs &#8211; Alberti Visconti Senesi Manifattura Metalli<\/i>. La artista que la ha creado es Amalia Mistichelli, autora tambi\u00e9n de la medalla de la Jornada Mundial de la Juventud de Lisboa, que con su inconfundible estilo ha conseguido reunir, en un espacio limitado \u2013 de hecho, el di\u00e1metro es de 5 cent\u00edmetros \u2013 los monumentos y los elementos m\u00e1s caracter\u00edsticos de Mongolia, formando una \u00fanica composici\u00f3n arm\u00f3nica. Las l\u00edneas del dise\u00f1o son sutiles y claras y recorren la superficie decorada de claroscuros que resaltan la profundidad de lo que aparece, creando un paisaje fant\u00e1stico.<\/p>\n<p><img loading=\"lazy\" decoding=\"async\" class=\"size-full wp-image-82522 aligncenter\" src=\"https:\/\/exaudi.org\/wp-content\/uploads\/2023\/09\/cq5dam.thumbnail.cropped.750.422-2.jpeg\" alt=\"\" width=\"750\" height=\"422\" srcset=\"https:\/\/exaudi.org\/wp-content\/uploads\/2023\/09\/cq5dam.thumbnail.cropped.750.422-2.jpeg 750w, https:\/\/exaudi.org\/wp-content\/uploads\/2023\/09\/cq5dam.thumbnail.cropped.750.422-2-300x169.jpeg 300w, https:\/\/exaudi.org\/wp-content\/uploads\/2023\/09\/cq5dam.thumbnail.cropped.750.422-2-500x281.jpeg 500w, https:\/\/exaudi.org\/wp-content\/uploads\/2023\/09\/cq5dam.thumbnail.cropped.750.422-2-293x165.jpeg 293w, https:\/\/exaudi.org\/wp-content\/uploads\/2023\/09\/cq5dam.thumbnail.cropped.750.422-2-390x219.jpeg 390w\" sizes=\"auto, (max-width: 750px) 100vw, 750px\" \/><\/p>\n<p>Luego, en la Sala Ikh Mongol, el Obispo de Roma se encontr\u00f3 con las autoridades, la sociedad civil, el cuerpo diplom\u00e1tico, as\u00ed como emprendedores y representantes de la cultura (unas 700 personas). Tras unas palabras del Presidente, el Papa pronunci\u00f3 el primer discurso de su 43\u00ba viaje apost\u00f3lico.<\/p>\n<p>Francisco expres\u00f3 su inmensa alegr\u00eda de haber viajado \u201chasta esta tierra fascinante y vasta, hasta este pueblo que conoce bien el significado y el valor del camino\u201d. Esto lo revelan las moradas tradicionales, las\u00a0<i>ger,\u00a0<\/i>\u201chermos\u00edsimas casas itinerantes\u201d, dijo. A partir de esta vivienda t\u00edpica, el Santo Padre articul\u00f3 su mensaje, subrayando que imagina entrar por primera vez, con respeto y emoci\u00f3n, en una de estas tiendas circulares que salpican \u201cla majestuosa tierra mongola\u201d, para encontrarse con ellos y conocerlos mejor.<\/p>\n<p><iframe loading=\"lazy\" title=\"Primer discurso del Papa Francisco en Mongolia\" width=\"500\" height=\"281\" src=\"https:\/\/www.youtube.com\/embed\/xGSevHxvIJA?feature=oembed\" frameborder=\"0\" allow=\"accelerometer; autoplay; clipboard-write; encrypted-media; gyroscope; picture-in-picture; web-share\" referrerpolicy=\"strict-origin-when-cross-origin\" allowfullscreen><\/iframe><\/p>\n<p>Ahora est\u00e1 aqu\u00ed a la puerta, como \u201cperegrino de la amistad, llegando de puntillas y con el coraz\u00f3n alegre\u201d, deseoso de enriquecerse humanamente con su presencia.<\/p>\n<p>\u201cCuando entramos en la casa de los amigos es hermoso intercambiar regalos, acompa\u00f1\u00e1ndolos con palabras que evocan los encuentros anteriores\u201d, dijo el Santo Padre.<\/p>\n<h3><b>Los v\u00ednculos entre Mongolia y la Santa Sede<\/b><\/h3>\n<p>Refiri\u00e9ndose a las relaciones diplom\u00e1ticas modernas entre Mongolia y la Santa Sede son recientes \u2014este a\u00f1o se celebra el 30 aniversario de la firma de una carta para reforzar las relaciones bilaterales\u2014, Francisco acot\u00f3 que, mucho tiempo antes, exactamente hace 777 a\u00f1os, precisamente entre el final de agosto y el inicio de septiembre de 1246, fray Juan de Plano Carpini, enviado papal, visit\u00f3 a Guyuk, el tercer emperador mongol, y le present\u00f3 al Gran Kan la carta oficial del Papa Inocencio IV. Poco despu\u00e9s fue redactada y traducida en varias lenguas la carta de respuesta, timbrada con el sello del Gran Kan en caracteres mongoles tradicionales. Se conserva en la Biblioteca Vaticana y el Papa tuvo el honor de entregarles una copia aut\u00e9ntica, realizada con las t\u00e9cnicas m\u00e1s avanzadas para garantizar la mejor calidad posible. \u201cQue este pueda ser un signo de amistad antigua que crece y se renueva\u201d, augur\u00f3.<\/p>\n<h3><b>Abrirse a una mentalidad amplia<\/b><\/h3>\n<p>El Pont\u00edfice supo que, desde la puerta de la\u00a0<i>ger<\/i>, al alba, los ni\u00f1os en el campo otean el horizonte para contar las cabezas de ganado y referir el n\u00famero a sus padres. A ra\u00edz de este elemento, observ\u00f3 que tambi\u00e9n a nosotros nos hace bien abrazar con la mirada el amplio horizonte que nos rodea, superando las visiones estrechas y abri\u00e9ndonos a una mentalidad amplia, como invitan a hacer las\u00a0<i>ger<\/i>\u00a0que, nacidas de la experiencia del nomadismo en la estepa, se han difundido por un vasto territorio, siendo un elemento identificativo de las distintas culturas vecinas.<\/p>\n<p><img loading=\"lazy\" decoding=\"async\" class=\"size-full wp-image-82531 alignright\" src=\"https:\/\/exaudi.org\/wp-content\/uploads\/2023\/09\/cq5dam.thumbnail.cropped.750.422-3.jpeg\" alt=\"\" width=\"750\" height=\"422\" srcset=\"https:\/\/exaudi.org\/wp-content\/uploads\/2023\/09\/cq5dam.thumbnail.cropped.750.422-3.jpeg 750w, https:\/\/exaudi.org\/wp-content\/uploads\/2023\/09\/cq5dam.thumbnail.cropped.750.422-3-300x169.jpeg 300w, https:\/\/exaudi.org\/wp-content\/uploads\/2023\/09\/cq5dam.thumbnail.cropped.750.422-3-500x281.jpeg 500w, https:\/\/exaudi.org\/wp-content\/uploads\/2023\/09\/cq5dam.thumbnail.cropped.750.422-3-293x165.jpeg 293w, https:\/\/exaudi.org\/wp-content\/uploads\/2023\/09\/cq5dam.thumbnail.cropped.750.422-3-390x219.jpeg 390w\" sizes=\"auto, (max-width: 750px) 100vw, 750px\" \/>\u201cLos espacios inmensos de vuestras regiones, desde el desierto del Gobi a la estepa, desde las grandes praderas a los bosques de con\u00edferas, llegando a las cadenas monta\u00f1osas de Alt\u00e1i y Jang\u00e1i, con los innumerables meandros de cursos de agua, que vistos desde arriba parecen decoraciones refinadas sobre preciosas telas antiguas, son un reflejo de la grandeza y la belleza de todo el planeta, que est\u00e1 llamado a ser un jard\u00edn acogedor\u201d.<\/p>\n<h3><b>La cultura del cuidado<\/b><\/h3>\n<p>Bergoglio elogi\u00f3 la sabidur\u00eda del pueblo mongol, \u201csedimentada en generaciones de ganaderos y agricultores prudentes, siempre atentos a no romper los delicados equilibrios del ecosistema\u201d. Esta \u201ctiene mucho que ense\u00f1ar a quien hoy no quiere cerrarse en la b\u00fasqueda de un miope inter\u00e9s particular, sino que desea entregar a la posteridad una tierra todav\u00eda acogedora y fecunda\u201d.<\/p>\n<p><img loading=\"lazy\" decoding=\"async\" class=\"alignleft size-full wp-image-82534\" src=\"https:\/\/exaudi.org\/wp-content\/uploads\/2023\/09\/cq5dam.thumbnail.cropped.750.422-4.jpeg\" alt=\"\" width=\"750\" height=\"422\" srcset=\"https:\/\/exaudi.org\/wp-content\/uploads\/2023\/09\/cq5dam.thumbnail.cropped.750.422-4.jpeg 750w, https:\/\/exaudi.org\/wp-content\/uploads\/2023\/09\/cq5dam.thumbnail.cropped.750.422-4-300x169.jpeg 300w, https:\/\/exaudi.org\/wp-content\/uploads\/2023\/09\/cq5dam.thumbnail.cropped.750.422-4-500x281.jpeg 500w, https:\/\/exaudi.org\/wp-content\/uploads\/2023\/09\/cq5dam.thumbnail.cropped.750.422-4-293x165.jpeg 293w, https:\/\/exaudi.org\/wp-content\/uploads\/2023\/09\/cq5dam.thumbnail.cropped.750.422-4-390x219.jpeg 390w\" sizes=\"auto, (max-width: 750px) 100vw, 750px\" \/>\u201cLo que para nosotros cristianos es la creaci\u00f3n, es decir, el fruto de un ben\u00e9volo designio de Dios, ustedes nos ayudan a reconocer y a promover con delicadeza y atenci\u00f3n, contrastando los efectos de la devastaci\u00f3n humana con una cultura del cuidado y de la previsi\u00f3n, que se refleja en pol\u00edticas de ecolog\u00eda responsable\u201d.<\/p>\n<p>Manifest\u00f3 que las\u00a0<i>ger\u00a0<\/i>son espacios habitacionales que hoy podr\u00edan definirse como \u201cinteligentes<i>\u00a0<\/i>y verdes, en cuanto vers\u00e1tiles, multifuncionales y con un impacto cero sobre el ambiente\u201d. Asimismo, enfatiz\u00f3 la visi\u00f3n hol\u00edstica de la tradici\u00f3n cham\u00e1nica mongola y el respeto por todo ser viviente proveniente de la filosof\u00eda budista que \u201crepresenta una contribuci\u00f3n v\u00e1lida al compromiso urgente e impostergable por la tutela del planeta Tierra\u201d.<\/p>\n<h3><b>La oposici\u00f3n a las armas nucleares y la construcci\u00f3n de la paz<\/b><\/h3>\n<p>Al aludir a la amplia red de relaciones diplom\u00e1ticas de Mongolia, su activa adhesi\u00f3n a las Naciones Unidas, el Sucesor de Pedro resalt\u00f3 el compromiso del por los derechos humanos, la paz y el papel significativo \u201cen el coraz\u00f3n del gran continente asi\u00e1tico y en el escenario internacional\u201d. Tambi\u00e9n mencion\u00f3 la determinaci\u00f3n del pa\u00eds a detener la proliferaci\u00f3n nuclear y a presentarse al mundo como un pa\u00eds sin armas nucleares.<\/p>\n<p>\u201cMongolia no es s\u00f3lo una naci\u00f3n democr\u00e1tica que lleva adelante una pol\u00edtica exterior pac\u00edfica, sino que se propone realizar un papel importante para la paz mundial. Adem\u00e1s \u2014otro elemento propicio que se puede se\u00f1alar\u2014, la pena capital ha desaparecido de vuestro ordenamiento judicial\u201d.<\/p>\n<p>El Papa cit\u00f3 un proverbio local que dice \u00abLas nubes pasan, el cielo permanece\u00bb y pidi\u00f3 que \u00abas\u00ed pasen las nubes oscuras de la guerra, que se disipen por la firme voluntad de una fraternidad universal en la que las tensiones se resuelvan sobre la base del encuentro y del di\u00e1logo, y que a todos se les garanticen los derechos fundamentales\u00bb. \u00abAqu\u00ed, en vuestro pa\u00eds, rico de historia y de cielo, imploremos este don de lo alto y pong\u00e1monos manos a la obra para construir juntos un futuro de paz\u00bb, dijo.<\/p>\n<h3>Saber dirigir la mirada hacia lo alto<\/h3>\n<p>Prosiguiendo su descripci\u00f3n sobre la\u00a0<i>ger,<\/i>\u00a0el Papa valor\u00f3 la actitud de alzar los ojos al cielo, que \u201csignifica permanecer en una actitud de d\u00f3cil apertura a las ense\u00f1anzas religiosas\u201d. En efecto, consider\u00f3 que existe una profunda connotaci\u00f3n espiritual en las fibras de la identidad cultural mongola. En esta l\u00ednea, \u201ces hermoso que Mongolia sea un s\u00edmbolo de libertad religiosa\u201d, afirm\u00f3.<\/p>\n<h3><b>La espiritualidad del pueblo mongol<\/b><\/h3>\n<p>En la contemplaci\u00f3n de sus vastos horizontes, poco poblados por seres humanos, el Papa apunt\u00f3 que se ha afinado en vuestro pueblo una propensi\u00f3n al aspecto espiritual, al que se accede otorgando valor al silencio y a la interioridad. Ante el solemne predominio de la tierra que les rodea con sus innumerables fen\u00f3menos naturales, nace un sentimiento de asombro, que sugiere humildad y frugalidad, optar por lo esencial y ser capaces de desvincularse de todo lo que no lo es. Pens\u00f3, por ejemplo, en el peligro que representa el esp\u00edritu consumista de hoy en d\u00eda, que adem\u00e1s de crear muchas injusticias, lleva a un individualismo que olvida a los dem\u00e1s y a las buenas tradiciones recibidas.<\/p>\n<h3><b>La corrupci\u00f3n, amenaza seria para el desarrollo de cualquier grupo<\/b><\/h3>\n<p>Para el Papa, las religiones, cuando se inspiran en su patrimonio espiritual original y no son corrompidas por desviaciones sectarias, son a todos los efectos soportes fiables para la construcci\u00f3n de sociedades sanas y pr\u00f3speras, en las que los creyentes no escatiman esfuerzos con el fin de que la convivencia civil y los proyectos pol\u00edticos est\u00e9n siempre al servicio del bien com\u00fan, representando tambi\u00e9n como un freno a la peligrosa carcoma de la corrupci\u00f3n. Esta constituye efectivamente una amenaza seria para el desarrollo de cualquier grupo humano, aliment\u00e1ndose de una mentalidad utilitarista y desaprensiva que empobrece pa\u00edses enteros. \u00abLa corrupci\u00f3n empobrece a pa\u00edses enteros\u00bb, insisti\u00f3.<\/p>\n<p><img loading=\"lazy\" decoding=\"async\" class=\"alignleft size-full wp-image-82537\" src=\"https:\/\/exaudi.org\/wp-content\/uploads\/2023\/09\/cq5dam.thumbnail.cropped.750.422-5.jpeg\" alt=\"\" width=\"750\" height=\"422\" srcset=\"https:\/\/exaudi.org\/wp-content\/uploads\/2023\/09\/cq5dam.thumbnail.cropped.750.422-5.jpeg 750w, https:\/\/exaudi.org\/wp-content\/uploads\/2023\/09\/cq5dam.thumbnail.cropped.750.422-5-300x169.jpeg 300w, https:\/\/exaudi.org\/wp-content\/uploads\/2023\/09\/cq5dam.thumbnail.cropped.750.422-5-500x281.jpeg 500w, https:\/\/exaudi.org\/wp-content\/uploads\/2023\/09\/cq5dam.thumbnail.cropped.750.422-5-293x165.jpeg 293w, https:\/\/exaudi.org\/wp-content\/uploads\/2023\/09\/cq5dam.thumbnail.cropped.750.422-5-390x219.jpeg 390w\" sizes=\"auto, (max-width: 750px) 100vw, 750px\" \/>La corrupci\u00f3n es, seg\u00fan Francisco, la se\u00f1al de una mirada que se aleja del cielo y huye de los vastos horizontes de la fraternidad, encerrando a la persona en s\u00ed misma y anteponiendo todo a sus propios intereses.<\/p>\n<h3><b>La armon\u00eda<\/b><\/h3>\n<p>Protagonistas de esa mirada hacia lo alto y de una visi\u00f3n amplia fueron muchos de los antepasados l\u00edderes nacionales, que demostraron una \u201cexcepcional capacidad\u00bb de integrar voces y experiencias diversas, incluso desde un punto de vista religioso.<\/p>\n<p>\u201cUna actitud respetuosa y conciliadora se reservaba tambi\u00e9n a las m\u00faltiples tradiciones sagradas, como atestiguan los distintos lugares de culto \u2014entre ellos uno cristiano\u2014 tutelados en la antigua capital Karak\u00f3rum. Por ello, para ustedes fue casi natural llegar a la libertad de pensamiento y de religi\u00f3n, sancionada en vuestra actual Constituci\u00f3n; que ha superado la ideolog\u00eda sin derramamiento de sangre, la ideolog\u00eda atea que se cre\u00eda obligada a extirpar el sentimiento religioso, consider\u00e1ndolo un freno al desarrollo. Hoy se reconoce en ese valor esencial de la armon\u00eda y de la sinergia entre fieles de credos distintos, que \u2014cada una desde su punto de vista\u2014 contribuyen al progreso moral y espiritual\u00bb.<\/p>\n<h3><b>La Iglesia cat\u00f3lica difunde la cultura de la solidaridad<\/b><\/h3>\n<p>El Papa remarc\u00f3 que la comunidad cat\u00f3lica local est\u00e1 complacida de seguir dando su contribuci\u00f3n en el camino hacia el mentado progreso. Una comunidad cat\u00f3lica que, como bien record\u00f3, comenz\u00f3 a celebrar su fe hace poco m\u00e1s de treinta a\u00f1os, precisamente dentro de una\u00a0<i>ger<\/i>, e incluso la catedral actual, que se encuentra en esta gran ciudad, evoca su forma.<\/p>\n<p>\u201cSon signos del deseo de compartir la propia obra con el pueblo mongol, que es su pueblo, en esp\u00edritu de servicio responsable y fraterno\u201d.<\/p>\n<p>Francisco se declar\u00f3 contento de que este peque\u00f1o reba\u00f1o cat\u00f3lico, aun siendo peque\u00f1o y discreto, participe con entusiasmo y con compromiso en el camino de crecimiento del pa\u00eds, difundiendo la cultura de la solidaridad, la cultura del respeto por todos y la cultura del di\u00e1logo interreligioso, y entreg\u00e1ndose a la causa de la justicia, la paz y la armon\u00eda social.<\/p>\n<p>A su vez, dese\u00f3 \u201cque, gracias a una legislaci\u00f3n con amplitud de miras y atenta a las exigencias concretas, los cat\u00f3licos locales, ayudados por hombres y mujeres consagrados necesariamente provenientes en su mayor\u00eda de otros pa\u00edses, no tengan dificultad para poder ofrecer siempre a Mongolia su contribuci\u00f3n humana y espiritual, en beneficio de este pueblo\u201d.<\/p>\n<p>Luego, se refiri\u00f3 a las tratativas en curso para estipular un acuerdo bilateral entre Mongolia y la Santa Sede, que \u201crepresentan un canal importante para alcanzar las condiciones b\u00e1sicas para el desarrollo de las actividades ordinarias en las que est\u00e1 comprometida la Iglesia cat\u00f3lica\u201d. Y agreg\u00f3: \u201cEntre ellas, adem\u00e1s de la dimensi\u00f3n m\u00e1s propiamente religiosa del culto, destacan las numerosas iniciativas de desarrollo humano integral, articuladas tambi\u00e9n en los sectores de la educaci\u00f3n, la sanidad, la asistencia, la investigaci\u00f3n y la promoci\u00f3n cultural\u201d.<\/p>\n<p>Dichas iniciativas \u201cdan testimonio del esp\u00edritu humilde, fraterno y solidario del Evangelio de Jes\u00fas, el \u00fanico camino que los cat\u00f3licos est\u00e1n llamados a recorrer en el itinerario que comparten con cada uno de los pueblos de la tierra\u201d, precis\u00f3.<\/p>\n<p>Al recordar el lema elegido para el viaje apost\u00f3lico (<i>Hoping Together),\u00a0<\/i>el Pont\u00edfice puntualiz\u00f3 que expresa precisamente la potencialidad inherente al caminar con los dem\u00e1s, en el respeto rec\u00edproco y en la sinergia por el bien com\u00fan.<\/p>\n<p>\u201cLa Iglesia cat\u00f3lica, instituci\u00f3n antigua y difundida en todos estos pa\u00edses, es testigo de una tradici\u00f3n espiritual, de una tradici\u00f3n noble y fecunda, que ha contribuido al esp\u00edritu de naciones enteras en muchos campos de la vida del hombre, desde la ciencia a la literatura, desde el arte a la pol\u00edtica\u201d.<\/p>\n<p>El Sucesor de Pedro se declar\u00f3 convencido de que los cat\u00f3licos mongoles est\u00e1n y estar\u00e1n dispuestos a dar su propia relaci\u00f3n a una sociedad pr\u00f3spera y segura, en di\u00e1logo y colaboraci\u00f3n con todos los que habitan en esta tierra grande besada por el cielo.<\/p>\n<p>Y concluy\u00f3:<\/p>\n<p>\u201c\u2019S\u00e9 como el cielo\u2019. Con estas palabras, un famoso poeta invitaba a trascender la caducidad de los altibajos terrenos, imitando la magnanimidad inspirada precisamente en el inmenso y terso cielo azul que se contempla en Mongolia. Tambi\u00e9n nosotros, hoy, peregrinos y hu\u00e9spedes en este pa\u00eds que tanto puede ofrecer al mundo, deseamos responder a esta invitaci\u00f3n, traduci\u00e9ndola en signos concretos de compasi\u00f3n, di\u00e1logo y planificaci\u00f3n com\u00fan. Que los distintos miembros de la sociedad mongola, aqu\u00ed representados, puedan seguir ofreciendo al mundo la belleza y la nobleza de un pueblo \u00fanico. Que, como vuestra escritura, puedan permanecer \u201cen pie\u201d y levantar a tantos que sufren a su alrededor, recordando a todos la dignidad de cada ser humano, llamado a habitar la casa terrena abrazando el cielo.\u00a0<i>Bayarlalaa!<\/i>\u00a0[\u00a1Gracias!]\u201d.<\/p>\n<h3><b>Los pr\u00f3ximos eventos del d\u00eda<\/b><\/h3>\n<p>Despu\u00e9s de reunirse con el Presidente del Gran Jural de Estado, Gombojav Zandanshatar, Francisco se encontrar\u00e1 con el Primer Ministro,\u00a0Luvsannamsrai Oyun-Erdene.<\/p>\n<p>Sobre las 09:45 (hora de Roma) de este s\u00e1bado 2 de septiembre, se desplazar\u00e1 hacia la Catedral de los Santos Pedro y Pablo, sede de la Prefectura Apost\u00f3lica de Ul\u00e1n Bator,\u00a0 situada en el distrito de Bayanzurkh, en la parte oriental de la ciudad, para encontrarse con los obispos, sacerdotes, misioneros, consagrados, consagradas y agentes pastorales.<\/p>\n<p>Podr\u00e1n seguir la transmisi\u00f3n en directo con el comentario en espa\u00f1ol a trav\u00e9s del sitio web y las redes sociales.<\/p>\n<div>\n<div class=\"article__embed article__embed--unwrap article__embed--photo\"><\/div>\n<\/div>\n<div>\n<div class=\"article__embed article__embed--unwrap article__embed--photo\"><\/div>\n<\/div>\n","protected":false},"excerpt":{"rendered":"<p>El Papa se inspir\u00f3 en las ger, vivienda tradicional mongola, resalt\u00f3 los v\u00ednculos entre la naci\u00f3n y la Santa Sede y celebr\u00f3 el rol activo de la peque\u00f1a comunidad cat\u00f3lica, pidi\u00f3 a todos permanecer \u00aben pie\u00bb y levantar a tantos que sufren a su alrededor<\/p>\n","protected":false},"author":15,"featured_media":82525,"comment_status":"closed","ping_status":"closed","sticky":false,"template":"","format":"standard","meta":{"_acf_changed":false,"_crdt_document":"","inline_featured_image":false,"footnotes":""},"categories":[68,126],"tags":[4610,3679,854,1595,6026,3834,449,1834,9608,158,625,726,4953,5843],"class_list":["post-82521","post","type-post","status-publish","format-standard","has-post-thumbnail","hentry","category-leon-xiv","category-viajes-papales","tag-caridad","tag-cultura-es","tag-dialogo-interreligioso-es","tag-encuentro","tag-fraternidad-humana","tag-guerra-es","tag-iglesia-catolica","tag-libertad-religiosa","tag-mongolia-3","tag-papa-francisco","tag-paz","tag-solidaridad","tag-trending-es","tag-viaje-apostolico"],"acf":[],"yoast_head":"<!-- This site is optimized with the Yoast SEO plugin v27.5 - https:\/\/yoast.com\/product\/yoast-seo-wordpress\/ -->\n<title>Francisco implora el don de la paz desde Mongolia &#8211; Exaudi<\/title>\n<meta name=\"robots\" content=\"index, follow, max-snippet:-1, max-image-preview:large, max-video-preview:-1\" \/>\n<link rel=\"canonical\" href=\"https:\/\/exaudi.org\/es\/francisco-implora-el-don-de-la-paz-desde-mongolia\/\" \/>\n<meta property=\"og:locale\" content=\"es_ES\" \/>\n<meta property=\"og:type\" content=\"article\" \/>\n<meta property=\"og:title\" content=\"Francisco implora el don de la paz desde Mongolia &#8211; Exaudi\" \/>\n<meta property=\"og:description\" content=\"El Papa se inspir\u00f3 en las ger, vivienda tradicional mongola, resalt\u00f3 los v\u00ednculos entre la naci\u00f3n y la Santa Sede y celebr\u00f3 el rol activo de la peque\u00f1a comunidad cat\u00f3lica, pidi\u00f3 a todos permanecer &quot;en pie&quot; y levantar a tantos que sufren a su alrededor\" \/>\n<meta property=\"og:url\" content=\"https:\/\/exaudi.org\/es\/francisco-implora-el-don-de-la-paz-desde-mongolia\/\" \/>\n<meta property=\"og:site_name\" content=\"Exaudi\" \/>\n<meta property=\"article:publisher\" content=\"https:\/\/www.facebook.com\/ExaudiNews\" \/>\n<meta property=\"article:author\" content=\"https:\/\/www.facebook.com\/ExaudiNoticias\/\" \/>\n<meta property=\"article:published_time\" content=\"2023-09-02T13:13:09+00:00\" \/>\n<meta property=\"article:modified_time\" content=\"2023-09-03T13:09:35+00:00\" \/>\n<meta property=\"og:image\" content=\"https:\/\/exaudi.org\/wp-content\/uploads\/2023\/09\/cq5dam.thumbnail.cropped.750.422-1-1.jpeg\" \/>\n\t<meta property=\"og:image:width\" content=\"750\" \/>\n\t<meta property=\"og:image:height\" content=\"422\" \/>\n\t<meta property=\"og:image:type\" content=\"image\/jpeg\" \/>\n<meta name=\"author\" content=\"Exaudi Redacci\u00f3n\" \/>\n<meta name=\"twitter:card\" content=\"summary_large_image\" \/>\n<meta name=\"twitter:creator\" content=\"@Exaudi_noticias\" \/>\n<meta name=\"twitter:site\" content=\"@Exaudi_News\" \/>\n<meta name=\"twitter:label1\" content=\"Escrito por\" \/>\n\t<meta name=\"twitter:data1\" content=\"Exaudi Redacci\u00f3n\" \/>\n\t<meta name=\"twitter:label2\" content=\"Tiempo de lectura\" \/>\n\t<meta name=\"twitter:data2\" content=\"13 minutos\" \/>\n<script type=\"application\/ld+json\" class=\"yoast-schema-graph\">{\"@context\":\"https:\\\/\\\/schema.org\",\"@graph\":[{\"@type\":\"Article\",\"@id\":\"https:\\\/\\\/exaudi.org\\\/es\\\/francisco-implora-el-don-de-la-paz-desde-mongolia\\\/#article\",\"isPartOf\":{\"@id\":\"https:\\\/\\\/exaudi.org\\\/es\\\/francisco-implora-el-don-de-la-paz-desde-mongolia\\\/\"},\"author\":{\"name\":\"Exaudi Redacci\u00f3n\",\"@id\":\"https:\\\/\\\/exaudi.org\\\/#\\\/schema\\\/person\\\/f5fc8f063065e38742da7afe15f25df7\"},\"headline\":\"Francisco implora el don de la paz desde Mongolia\",\"datePublished\":\"2023-09-02T13:13:09+00:00\",\"dateModified\":\"2023-09-03T13:09:35+00:00\",\"mainEntityOfPage\":{\"@id\":\"https:\\\/\\\/exaudi.org\\\/es\\\/francisco-implora-el-don-de-la-paz-desde-mongolia\\\/\"},\"wordCount\":2608,\"image\":{\"@id\":\"https:\\\/\\\/exaudi.org\\\/es\\\/francisco-implora-el-don-de-la-paz-desde-mongolia\\\/#primaryimage\"},\"thumbnailUrl\":\"https:\\\/\\\/exaudi.org\\\/wp-content\\\/uploads\\\/2023\\\/09\\\/cq5dam.thumbnail.cropped.750.422-1-1.jpeg\",\"keywords\":[\"caridad\",\"cultura\",\"dialogo interreligioso\",\"Encuentro\",\"Fraternidad humana\",\"guerra\",\"Iglesia cat\u00f3lica\",\"Libertad Religiosa\",\"MONGOLIA\",\"papa francisco\",\"Paz\",\"solidaridad\",\"Trending\",\"Viaje Apost\u00f3lico\"],\"articleSection\":[\"Le\u00f3n XIV\",\"Viajes Papales\"],\"inLanguage\":\"es\"},{\"@type\":\"WebPage\",\"@id\":\"https:\\\/\\\/exaudi.org\\\/es\\\/francisco-implora-el-don-de-la-paz-desde-mongolia\\\/\",\"url\":\"https:\\\/\\\/exaudi.org\\\/es\\\/francisco-implora-el-don-de-la-paz-desde-mongolia\\\/\",\"name\":\"Francisco implora el don de la paz desde Mongolia &#8211; Exaudi\",\"isPartOf\":{\"@id\":\"https:\\\/\\\/exaudi.org\\\/#website\"},\"primaryImageOfPage\":{\"@id\":\"https:\\\/\\\/exaudi.org\\\/es\\\/francisco-implora-el-don-de-la-paz-desde-mongolia\\\/#primaryimage\"},\"image\":{\"@id\":\"https:\\\/\\\/exaudi.org\\\/es\\\/francisco-implora-el-don-de-la-paz-desde-mongolia\\\/#primaryimage\"},\"thumbnailUrl\":\"https:\\\/\\\/exaudi.org\\\/wp-content\\\/uploads\\\/2023\\\/09\\\/cq5dam.thumbnail.cropped.750.422-1-1.jpeg\",\"datePublished\":\"2023-09-02T13:13:09+00:00\",\"dateModified\":\"2023-09-03T13:09:35+00:00\",\"author\":{\"@id\":\"https:\\\/\\\/exaudi.org\\\/#\\\/schema\\\/person\\\/f5fc8f063065e38742da7afe15f25df7\"},\"breadcrumb\":{\"@id\":\"https:\\\/\\\/exaudi.org\\\/es\\\/francisco-implora-el-don-de-la-paz-desde-mongolia\\\/#breadcrumb\"},\"inLanguage\":\"es\",\"potentialAction\":[{\"@type\":\"ReadAction\",\"target\":[\"https:\\\/\\\/exaudi.org\\\/es\\\/francisco-implora-el-don-de-la-paz-desde-mongolia\\\/\"]}]},{\"@type\":\"ImageObject\",\"inLanguage\":\"es\",\"@id\":\"https:\\\/\\\/exaudi.org\\\/es\\\/francisco-implora-el-don-de-la-paz-desde-mongolia\\\/#primaryimage\",\"url\":\"https:\\\/\\\/exaudi.org\\\/wp-content\\\/uploads\\\/2023\\\/09\\\/cq5dam.thumbnail.cropped.750.422-1-1.jpeg\",\"contentUrl\":\"https:\\\/\\\/exaudi.org\\\/wp-content\\\/uploads\\\/2023\\\/09\\\/cq5dam.thumbnail.cropped.750.422-1-1.jpeg\",\"width\":750,\"height\":422},{\"@type\":\"BreadcrumbList\",\"@id\":\"https:\\\/\\\/exaudi.org\\\/es\\\/francisco-implora-el-don-de-la-paz-desde-mongolia\\\/#breadcrumb\",\"itemListElement\":[{\"@type\":\"ListItem\",\"position\":1,\"name\":\"Portada\",\"item\":\"https:\\\/\\\/exaudi.org\\\/es\\\/\"},{\"@type\":\"ListItem\",\"position\":2,\"name\":\"Francisco implora el don de la paz desde Mongolia\"}]},{\"@type\":\"WebSite\",\"@id\":\"https:\\\/\\\/exaudi.org\\\/#website\",\"url\":\"https:\\\/\\\/exaudi.org\\\/\",\"name\":\"Exaudi\",\"description\":\"News\",\"potentialAction\":[{\"@type\":\"SearchAction\",\"target\":{\"@type\":\"EntryPoint\",\"urlTemplate\":\"https:\\\/\\\/exaudi.org\\\/?s={search_term_string}\"},\"query-input\":{\"@type\":\"PropertyValueSpecification\",\"valueRequired\":true,\"valueName\":\"search_term_string\"}}],\"inLanguage\":\"es\"},{\"@type\":\"Person\",\"@id\":\"https:\\\/\\\/exaudi.org\\\/#\\\/schema\\\/person\\\/f5fc8f063065e38742da7afe15f25df7\",\"name\":\"Exaudi Redacci\u00f3n\",\"image\":{\"@type\":\"ImageObject\",\"inLanguage\":\"es\",\"@id\":\"https:\\\/\\\/secure.gravatar.com\\\/avatar\\\/fe0f6a059fb68d9b3e11bc5850dd4899b1c7492091a3cb6dd9b01b56ad828be2?s=96&d=mm&r=g\",\"url\":\"https:\\\/\\\/secure.gravatar.com\\\/avatar\\\/fe0f6a059fb68d9b3e11bc5850dd4899b1c7492091a3cb6dd9b01b56ad828be2?s=96&d=mm&r=g\",\"contentUrl\":\"https:\\\/\\\/secure.gravatar.com\\\/avatar\\\/fe0f6a059fb68d9b3e11bc5850dd4899b1c7492091a3cb6dd9b01b56ad828be2?s=96&d=mm&r=g\",\"caption\":\"Exaudi Redacci\u00f3n\"},\"description\":\"\u00bfQu\u00e9 es Exaudi News? Exaudi News es un medio de comunicaci\u00f3n cat\u00f3lico internacional que informa, forma y transforma, diariamente en espa\u00f1ol, ingl\u00e9s e italiano. A trav\u00e9s de noticias, art\u00edculos de an\u00e1lisis y transmisiones en directo de los eventos del Papa, Exaudi busca fortalecer la unidad de los cristianos y contribuir a la evangelizaci\u00f3n del mundo, siempre guiados por la doctrina social de la Iglesia. Trabajamos para acercar la verdad y los valores cristianos a cada rinc\u00f3n del planeta. \u00a1Ay\u00fadanos a transformar el mundo con Exaudi! En Exaudi creemos que la evangelizaci\u00f3n y la informaci\u00f3n de calidad pueden cambiar vidas. Para continuar con nuestra misi\u00f3n y expandir nuestro alcance, necesitamos tu ayuda. Adem\u00e1s, buscamos personas comprometidas que deseen unirse a nuestro equipo. Con tu apoyo, lograremos llegar a m\u00e1s personas, difundir el mensaje de Cristo y reforzar la unidad de los cristianos. \u00bfTe unes a nuestra misi\u00f3n? Para m\u00e1s informaci\u00f3n sobre c\u00f3mo colaborar, visita Exaudi.org\\\/es o cont\u00e1ctanos directamente: info@exaudi.org Exaudi: Informa, forma y transforma.\",\"sameAs\":[\"https:\\\/\\\/www.facebook.com\\\/ExaudiNoticias\\\/\",\"https:\\\/\\\/www.instagram.com\\\/exaudi_noticias\\\/\",\"https:\\\/\\\/x.com\\\/Exaudi_noticias\",\"https:\\\/\\\/www.youtube.com\\\/@exaudicatholicnews\"],\"url\":\"https:\\\/\\\/exaudi.org\\\/es\\\/author\\\/redaccionexaudi\\\/\"}]}<\/script>\n<!-- \/ Yoast SEO plugin. -->","yoast_head_json":{"title":"Francisco implora el don de la paz desde Mongolia &#8211; Exaudi","robots":{"index":"index","follow":"follow","max-snippet":"max-snippet:-1","max-image-preview":"max-image-preview:large","max-video-preview":"max-video-preview:-1"},"canonical":"https:\/\/exaudi.org\/es\/francisco-implora-el-don-de-la-paz-desde-mongolia\/","og_locale":"es_ES","og_type":"article","og_title":"Francisco implora el don de la paz desde Mongolia &#8211; Exaudi","og_description":"El Papa se inspir\u00f3 en las ger, vivienda tradicional mongola, resalt\u00f3 los v\u00ednculos entre la naci\u00f3n y la Santa Sede y celebr\u00f3 el rol activo de la peque\u00f1a comunidad cat\u00f3lica, pidi\u00f3 a todos permanecer \"en pie\" y levantar a tantos que sufren a su alrededor","og_url":"https:\/\/exaudi.org\/es\/francisco-implora-el-don-de-la-paz-desde-mongolia\/","og_site_name":"Exaudi","article_publisher":"https:\/\/www.facebook.com\/ExaudiNews","article_author":"https:\/\/www.facebook.com\/ExaudiNoticias\/","article_published_time":"2023-09-02T13:13:09+00:00","article_modified_time":"2023-09-03T13:09:35+00:00","og_image":[{"width":750,"height":422,"url":"https:\/\/exaudi.org\/wp-content\/uploads\/2023\/09\/cq5dam.thumbnail.cropped.750.422-1-1.jpeg","type":"image\/jpeg"}],"author":"Exaudi Redacci\u00f3n","twitter_card":"summary_large_image","twitter_creator":"@Exaudi_noticias","twitter_site":"@Exaudi_News","twitter_misc":{"Escrito por":"Exaudi Redacci\u00f3n","Tiempo de lectura":"13 minutos"},"schema":{"@context":"https:\/\/schema.org","@graph":[{"@type":"Article","@id":"https:\/\/exaudi.org\/es\/francisco-implora-el-don-de-la-paz-desde-mongolia\/#article","isPartOf":{"@id":"https:\/\/exaudi.org\/es\/francisco-implora-el-don-de-la-paz-desde-mongolia\/"},"author":{"name":"Exaudi Redacci\u00f3n","@id":"https:\/\/exaudi.org\/#\/schema\/person\/f5fc8f063065e38742da7afe15f25df7"},"headline":"Francisco implora el don de la paz desde Mongolia","datePublished":"2023-09-02T13:13:09+00:00","dateModified":"2023-09-03T13:09:35+00:00","mainEntityOfPage":{"@id":"https:\/\/exaudi.org\/es\/francisco-implora-el-don-de-la-paz-desde-mongolia\/"},"wordCount":2608,"image":{"@id":"https:\/\/exaudi.org\/es\/francisco-implora-el-don-de-la-paz-desde-mongolia\/#primaryimage"},"thumbnailUrl":"https:\/\/exaudi.org\/wp-content\/uploads\/2023\/09\/cq5dam.thumbnail.cropped.750.422-1-1.jpeg","keywords":["caridad","cultura","dialogo interreligioso","Encuentro","Fraternidad humana","guerra","Iglesia cat\u00f3lica","Libertad Religiosa","MONGOLIA","papa francisco","Paz","solidaridad","Trending","Viaje Apost\u00f3lico"],"articleSection":["Le\u00f3n XIV","Viajes Papales"],"inLanguage":"es"},{"@type":"WebPage","@id":"https:\/\/exaudi.org\/es\/francisco-implora-el-don-de-la-paz-desde-mongolia\/","url":"https:\/\/exaudi.org\/es\/francisco-implora-el-don-de-la-paz-desde-mongolia\/","name":"Francisco implora el don de la paz desde Mongolia &#8211; Exaudi","isPartOf":{"@id":"https:\/\/exaudi.org\/#website"},"primaryImageOfPage":{"@id":"https:\/\/exaudi.org\/es\/francisco-implora-el-don-de-la-paz-desde-mongolia\/#primaryimage"},"image":{"@id":"https:\/\/exaudi.org\/es\/francisco-implora-el-don-de-la-paz-desde-mongolia\/#primaryimage"},"thumbnailUrl":"https:\/\/exaudi.org\/wp-content\/uploads\/2023\/09\/cq5dam.thumbnail.cropped.750.422-1-1.jpeg","datePublished":"2023-09-02T13:13:09+00:00","dateModified":"2023-09-03T13:09:35+00:00","author":{"@id":"https:\/\/exaudi.org\/#\/schema\/person\/f5fc8f063065e38742da7afe15f25df7"},"breadcrumb":{"@id":"https:\/\/exaudi.org\/es\/francisco-implora-el-don-de-la-paz-desde-mongolia\/#breadcrumb"},"inLanguage":"es","potentialAction":[{"@type":"ReadAction","target":["https:\/\/exaudi.org\/es\/francisco-implora-el-don-de-la-paz-desde-mongolia\/"]}]},{"@type":"ImageObject","inLanguage":"es","@id":"https:\/\/exaudi.org\/es\/francisco-implora-el-don-de-la-paz-desde-mongolia\/#primaryimage","url":"https:\/\/exaudi.org\/wp-content\/uploads\/2023\/09\/cq5dam.thumbnail.cropped.750.422-1-1.jpeg","contentUrl":"https:\/\/exaudi.org\/wp-content\/uploads\/2023\/09\/cq5dam.thumbnail.cropped.750.422-1-1.jpeg","width":750,"height":422},{"@type":"BreadcrumbList","@id":"https:\/\/exaudi.org\/es\/francisco-implora-el-don-de-la-paz-desde-mongolia\/#breadcrumb","itemListElement":[{"@type":"ListItem","position":1,"name":"Portada","item":"https:\/\/exaudi.org\/es\/"},{"@type":"ListItem","position":2,"name":"Francisco implora el don de la paz desde Mongolia"}]},{"@type":"WebSite","@id":"https:\/\/exaudi.org\/#website","url":"https:\/\/exaudi.org\/","name":"Exaudi","description":"News","potentialAction":[{"@type":"SearchAction","target":{"@type":"EntryPoint","urlTemplate":"https:\/\/exaudi.org\/?s={search_term_string}"},"query-input":{"@type":"PropertyValueSpecification","valueRequired":true,"valueName":"search_term_string"}}],"inLanguage":"es"},{"@type":"Person","@id":"https:\/\/exaudi.org\/#\/schema\/person\/f5fc8f063065e38742da7afe15f25df7","name":"Exaudi Redacci\u00f3n","image":{"@type":"ImageObject","inLanguage":"es","@id":"https:\/\/secure.gravatar.com\/avatar\/fe0f6a059fb68d9b3e11bc5850dd4899b1c7492091a3cb6dd9b01b56ad828be2?s=96&d=mm&r=g","url":"https:\/\/secure.gravatar.com\/avatar\/fe0f6a059fb68d9b3e11bc5850dd4899b1c7492091a3cb6dd9b01b56ad828be2?s=96&d=mm&r=g","contentUrl":"https:\/\/secure.gravatar.com\/avatar\/fe0f6a059fb68d9b3e11bc5850dd4899b1c7492091a3cb6dd9b01b56ad828be2?s=96&d=mm&r=g","caption":"Exaudi Redacci\u00f3n"},"description":"\u00bfQu\u00e9 es Exaudi News? Exaudi News es un medio de comunicaci\u00f3n cat\u00f3lico internacional que informa, forma y transforma, diariamente en espa\u00f1ol, ingl\u00e9s e italiano. A trav\u00e9s de noticias, art\u00edculos de an\u00e1lisis y transmisiones en directo de los eventos del Papa, Exaudi busca fortalecer la unidad de los cristianos y contribuir a la evangelizaci\u00f3n del mundo, siempre guiados por la doctrina social de la Iglesia. Trabajamos para acercar la verdad y los valores cristianos a cada rinc\u00f3n del planeta. \u00a1Ay\u00fadanos a transformar el mundo con Exaudi! En Exaudi creemos que la evangelizaci\u00f3n y la informaci\u00f3n de calidad pueden cambiar vidas. Para continuar con nuestra misi\u00f3n y expandir nuestro alcance, necesitamos tu ayuda. Adem\u00e1s, buscamos personas comprometidas que deseen unirse a nuestro equipo. Con tu apoyo, lograremos llegar a m\u00e1s personas, difundir el mensaje de Cristo y reforzar la unidad de los cristianos. \u00bfTe unes a nuestra misi\u00f3n? Para m\u00e1s informaci\u00f3n sobre c\u00f3mo colaborar, visita Exaudi.org\/es o cont\u00e1ctanos directamente: info@exaudi.org Exaudi: Informa, forma y transforma.","sameAs":["https:\/\/www.facebook.com\/ExaudiNoticias\/","https:\/\/www.instagram.com\/exaudi_noticias\/","https:\/\/x.com\/Exaudi_noticias","https:\/\/www.youtube.com\/@exaudicatholicnews"],"url":"https:\/\/exaudi.org\/es\/author\/redaccionexaudi\/"}]}},"jetpack_featured_media_url":"https:\/\/exaudi.org\/wp-content\/uploads\/2023\/09\/cq5dam.thumbnail.cropped.750.422-1-1.jpeg","jetpack_shortlink":"https:\/\/wp.me\/pgKjF2-lsZ","_links":{"self":[{"href":"https:\/\/exaudi.org\/es\/wp-json\/wp\/v2\/posts\/82521","targetHints":{"allow":["GET"]}}],"collection":[{"href":"https:\/\/exaudi.org\/es\/wp-json\/wp\/v2\/posts"}],"about":[{"href":"https:\/\/exaudi.org\/es\/wp-json\/wp\/v2\/types\/post"}],"author":[{"embeddable":true,"href":"https:\/\/exaudi.org\/es\/wp-json\/wp\/v2\/users\/15"}],"replies":[{"embeddable":true,"href":"https:\/\/exaudi.org\/es\/wp-json\/wp\/v2\/comments?post=82521"}],"version-history":[{"count":0,"href":"https:\/\/exaudi.org\/es\/wp-json\/wp\/v2\/posts\/82521\/revisions"}],"wp:featuredmedia":[{"embeddable":true,"href":"https:\/\/exaudi.org\/es\/wp-json\/wp\/v2\/media\/82525"}],"wp:attachment":[{"href":"https:\/\/exaudi.org\/es\/wp-json\/wp\/v2\/media?parent=82521"}],"wp:term":[{"taxonomy":"category","embeddable":true,"href":"https:\/\/exaudi.org\/es\/wp-json\/wp\/v2\/categories?post=82521"},{"taxonomy":"post_tag","embeddable":true,"href":"https:\/\/exaudi.org\/es\/wp-json\/wp\/v2\/tags?post=82521"}],"curies":[{"name":"wp","href":"https:\/\/api.w.org\/{rel}","templated":true}]}}