{"id":82345,"date":"2023-08-30T16:12:56","date_gmt":"2023-08-30T14:12:56","guid":{"rendered":"https:\/\/exaudi.org\/?p=82345"},"modified":"2023-09-05T09:53:02","modified_gmt":"2023-09-05T07:53:02","slug":"humanismo-y-santidad","status":"publish","type":"post","link":"https:\/\/exaudi.org\/es\/humanismo-y-santidad\/","title":{"rendered":"Humanismo y santidad"},"content":{"rendered":"<audio class=\"wp-audio-shortcode\" id=\"audio-82345-1\" preload=\"none\" style=\"width: 100%;\" controls=\"controls\"><source type=\"audio\/mpeg\" src=\"https:\/\/exaudi.org\/wp-content\/uploads\/2023\/08\/Humanismo-y-santidad-Educar-el-buen-gusto.mp3?_=1\" \/><a href=\"https:\/\/exaudi.org\/wp-content\/uploads\/2023\/08\/Humanismo-y-santidad-Educar-el-buen-gusto.mp3\">https:\/\/exaudi.org\/wp-content\/uploads\/2023\/08\/Humanismo-y-santidad-Educar-el-buen-gusto.mp3<\/a><\/audio>\n<p data-adtags-visited=\"true\">Charles Moeller (1912-1986) es un profundo conocedor de la literatura occidental. Acudo con frecuencia a los varios tomos de su\u00a0<em>Literatura del siglo XX y Cristianismo<\/em>\u00a0y le\u00ed, muy gustosamente,\u00a0<em>Sabidur\u00eda griega y paradoja cristiana.\u00a0<\/em>Ediciones Encuentro ha tenido el acierto de publicar el libro que est\u00e1 al inicio de estos dos \u00faltimos:\u00a0<em>Humanismo y santidad. Testimonios de la literatura occidental (2023).<\/em>\u00a0Aparecen en este libro los temas centrales de su visi\u00f3n literaria desarrollados ampliamente en los textos posteriores.<\/p>\n<p data-adtags-visited=\"true\"><em>Humanismo y santidad <\/em>responde a la inquietud del autor de \u201cdar a los j\u00f3venes \u00abpoetas\u00bb una cultura aut\u00e9nticamente humana, iniciarlos, con ayuda de las obras maestras, en los problemas del humanismo\u2014\u00bfqu\u00e9 hay que hacer para ser un hombre? \u2014 y, al propio tiempo, infundirles el sentido cristiano\u201d. El mundo tiene un valor creacional en s\u00ed mismo, de ah\u00ed que se puedan rastrear, a lo largo de la literatura universal, la expresi\u00f3n de tantos valores humanos que disponen al lector a encontrar la dimensi\u00f3n trascendente de la vida.<\/p>\n<p data-adtags-visited=\"true\">\u201cPara los griegos, el ideal supremo de la vida era la gloria, la de las armas o la de las letras\u201d. En nuestro tiempo, la b\u00fasqueda de la gloria se manifiesta en el af\u00e1n de logro, muy propio de la cultura del \u00e9xito promovida por la econom\u00eda de mercado. Es un buen inicio, al que el sentido cristiano de la vida agrega el af\u00e1n de servicio, de tal modo que no nos detengamos en el lucimiento personal, sino que las justas capacidades adquiridas las pongamos al servicio del pr\u00f3jimo: que las buenas obras manifiesten que all\u00ed est\u00e1 Cristo elevado en la cumbre de las actividades humanas.<\/p>\n<p data-adtags-visited=\"true\">\u201cLos h\u00e9roes griegos -se\u00f1ala Moeller- saben que con la muerte acaba todo y que es imposible ser dios. Pero, y esta es la segunda caracter\u00edstica del h\u00e9roe, ese sentimiento no engendra en ellos, como en los orientales, el fatalismo, el \u00abestaba escrito\u00bb del islam: un heleno jam\u00e1s consentir\u00e1 en abandonarse a la ociosidad o a los sue\u00f1os est\u00e9riles, porque la muerte sea el fin de todo. Mas los griegos tampoco se lanzan, como muchos occidentales, a una actividad febril, absorbente, que impide pensar\u201d. Ni abandono ni activismo. El activismo contempor\u00e1neo -entre otras posibilidades- es el camino natural para quien no cree en Dios y en una vida despu\u00e9s de la muerte: su horizonte se circunscribe a ser \u00fatil y hacer cosas hasta el final hoy y ahora. Se entiende, por eso que, para quien no habita en la Fe, la tentaci\u00f3n de la muerte dulce y asistida sea muy fuerte cuando llegue la postraci\u00f3n que impide el uso de las facultades intelectuales y motoras.<\/p>\n<p data-adtags-visited=\"true\">El romanticismo de Rousseau es, en gran medida, una respuesta al clasicismo aburguesado de la \u00e9poca. Es una vuelta a la sensibilidad. \u00a0\u201cExistir es sentir, dec\u00eda Rousseau. \u00bfQu\u00e9 debemos entender por ese \u00absentir\u00bb? Pues abandonarse a la pendiente del ensue\u00f1o, a la espontaneidad de la Naturaleza sin el control de la raz\u00f3n: Yo no tengo ninguna norma de conducta \u2014dice Rousseau\u2014, como no sea la de seguir en todo mi inclinaci\u00f3n sin constricci\u00f3n. Hago todo cuanto me halaga, sin otra norma que mi fantas\u00eda y sin otra medida que la poca fuerza que me resta\u201d. Espontaneidad desbocada, sentimientos desbordados que excluyen la raz\u00f3n y la voluntad, dimensiones, igualmente, integrantes del ser humano. Nietzsche, por el contrario, buscar\u00e1 superar al hombre por la v\u00eda de la voluntad de poder, una altaner\u00eda orientada a traspasar los l\u00edmites de lo humano. Nada de dulzuras, sino m\u00e1s bien una personalidad labrada a martillazos.<\/p>\n<p data-adtags-visited=\"true\">Moeller ve las luces y sombras de estas propuestas, dice: \u201cTanto en el clasicismo como en el romanticismo hay, pues, valores humanos y valores cristianos: equilibrio humano, por un lado, aspiraci\u00f3n a lo absoluto heroico o m\u00edstico, por otro; sentido cristiano de los valores terrenos, por una parte, sentimiento de la necesidad de lo infinito, por otra. Mas tambi\u00e9n existe peligro de \u00abburguesismo\u00bb racionalista, por una parte, y peligro de locura inhumana, infrahumana, por otra; peligro de volver la espalda a la santidad, en uno, peligro de zozobrar en una grandeza altanera, naturalista, demon\u00edaca, en otro\u201d. Por tanto, la moderaci\u00f3n del cl\u00e1sico, la afabilidad de Montaigne, el ensue\u00f1o del rom\u00e1ntico, el laboratorio de Goethe, la furia del voluntarista, aunque no sean la estaci\u00f3n final, abren camino a la trascendencia, ya sea por continuidad o por contraste.<\/p>\n<p data-adtags-visited=\"true\">Dec\u00eda San Juan Pablo II que Cristo revela al hombre quien es el hombre y en este conocimiento de los radicales m\u00e1s profundos de la condici\u00f3n humana, los grandes libros de la literatura de todos los tiempos, son un camino para comprender los distintos pliegues del ser humano. \u201cUn cristiano -apunta Moeller- debe hacer fructificar sus talentos por una raz\u00f3n insinuada ya: el humanismo terreno pone al hombre en una disposici\u00f3n \u00f3ptima para la santidad; por s\u00ed mismo, dicho humanismo no nos hace santos, pero nos permite ser santos de una manera m\u00e1s profunda, m\u00e1s equilibrada. En otras palabras, no es indiferente que la gracia m\u00edstica caiga sobre un terreno inculto desde el punto de vista humano o, por el contrario, sobre una tierra cultivada, es decir, sobre un alma refinada, equilibrada por el humanismo\u201d. Educar el buen gusto literario es educar en humanidad.<\/p>\n","protected":false},"excerpt":{"rendered":"<p>Educar el buen gusto literario es educar en humanidad<\/p>\n","protected":false},"author":109,"featured_media":82347,"comment_status":"closed","ping_status":"closed","sticky":false,"template":"","format":"standard","meta":{"_acf_changed":false,"_crdt_document":"","inline_featured_image":false,"footnotes":""},"categories":[130],"tags":[9903,5860,9902,8239,9901,1716,4953],"class_list":["post-82345","post","type-post","status-publish","format-standard","has-post-thumbnail","hentry","category-voces","tag-charles-moeller","tag-cristianismo","tag-grandes-libros","tag-humanismo","tag-literatura","tag-santidad","tag-trending-es"],"acf":[],"yoast_head":"<!-- This site is optimized with the Yoast SEO plugin v27.5 - https:\/\/yoast.com\/product\/yoast-seo-wordpress\/ -->\n<title>Humanismo y santidad &#8211; Exaudi<\/title>\n<meta name=\"robots\" content=\"index, follow, max-snippet:-1, max-image-preview:large, max-video-preview:-1\" \/>\n<link rel=\"canonical\" href=\"https:\/\/exaudi.org\/es\/humanismo-y-santidad\/\" \/>\n<meta property=\"og:locale\" content=\"es_ES\" \/>\n<meta property=\"og:type\" content=\"article\" \/>\n<meta property=\"og:title\" content=\"Humanismo y santidad &#8211; Exaudi\" \/>\n<meta property=\"og:description\" content=\"Educar el buen gusto literario es educar en humanidad\" \/>\n<meta property=\"og:url\" content=\"https:\/\/exaudi.org\/es\/humanismo-y-santidad\/\" \/>\n<meta property=\"og:site_name\" content=\"Exaudi\" \/>\n<meta property=\"article:publisher\" content=\"https:\/\/www.facebook.com\/ExaudiNews\" \/>\n<meta property=\"article:published_time\" content=\"2023-08-30T14:12:56+00:00\" \/>\n<meta property=\"article:modified_time\" content=\"2023-09-05T07:53:02+00:00\" \/>\n<meta property=\"og:image\" content=\"https:\/\/exaudi.org\/wp-content\/uploads\/2023\/08\/libros-scaled-e1693404766810.jpg\" \/>\n\t<meta property=\"og:image:width\" content=\"1920\" \/>\n\t<meta property=\"og:image:height\" content=\"1280\" \/>\n\t<meta property=\"og:image:type\" content=\"image\/jpeg\" \/>\n<meta name=\"author\" content=\"Francisco Bobadilla\" \/>\n<meta name=\"twitter:card\" content=\"summary_large_image\" \/>\n<meta name=\"twitter:creator\" content=\"@Exaudi_News\" \/>\n<meta name=\"twitter:site\" content=\"@Exaudi_News\" \/>\n<meta name=\"twitter:label1\" content=\"Escrito por\" \/>\n\t<meta name=\"twitter:data1\" content=\"Francisco Bobadilla\" \/>\n\t<meta name=\"twitter:label2\" content=\"Tiempo de lectura\" \/>\n\t<meta name=\"twitter:data2\" content=\"5 minutos\" \/>\n<script type=\"application\/ld+json\" class=\"yoast-schema-graph\">{\"@context\":\"https:\\\/\\\/schema.org\",\"@graph\":[{\"@type\":\"Article\",\"@id\":\"https:\\\/\\\/exaudi.org\\\/es\\\/humanismo-y-santidad\\\/#article\",\"isPartOf\":{\"@id\":\"https:\\\/\\\/exaudi.org\\\/es\\\/humanismo-y-santidad\\\/\"},\"author\":{\"name\":\"Francisco Bobadilla\",\"@id\":\"https:\\\/\\\/exaudi.org\\\/#\\\/schema\\\/person\\\/f2d4ad1e1e2bb7dad42a623b75b7166b\"},\"headline\":\"Humanismo y santidad\",\"datePublished\":\"2023-08-30T14:12:56+00:00\",\"dateModified\":\"2023-09-05T07:53:02+00:00\",\"mainEntityOfPage\":{\"@id\":\"https:\\\/\\\/exaudi.org\\\/es\\\/humanismo-y-santidad\\\/\"},\"wordCount\":927,\"image\":{\"@id\":\"https:\\\/\\\/exaudi.org\\\/es\\\/humanismo-y-santidad\\\/#primaryimage\"},\"thumbnailUrl\":\"https:\\\/\\\/exaudi.org\\\/wp-content\\\/uploads\\\/2023\\\/08\\\/libros-scaled-e1693404766810.jpg\",\"keywords\":[\"Charles Moeller\",\"Cristianismo\",\"Grandes libros\",\"Humanismo\",\"Literatura\",\"Santidad\",\"Trending\"],\"articleSection\":[\"Voces\"],\"inLanguage\":\"es\"},{\"@type\":\"WebPage\",\"@id\":\"https:\\\/\\\/exaudi.org\\\/es\\\/humanismo-y-santidad\\\/\",\"url\":\"https:\\\/\\\/exaudi.org\\\/es\\\/humanismo-y-santidad\\\/\",\"name\":\"Humanismo y santidad &#8211; Exaudi\",\"isPartOf\":{\"@id\":\"https:\\\/\\\/exaudi.org\\\/#website\"},\"primaryImageOfPage\":{\"@id\":\"https:\\\/\\\/exaudi.org\\\/es\\\/humanismo-y-santidad\\\/#primaryimage\"},\"image\":{\"@id\":\"https:\\\/\\\/exaudi.org\\\/es\\\/humanismo-y-santidad\\\/#primaryimage\"},\"thumbnailUrl\":\"https:\\\/\\\/exaudi.org\\\/wp-content\\\/uploads\\\/2023\\\/08\\\/libros-scaled-e1693404766810.jpg\",\"datePublished\":\"2023-08-30T14:12:56+00:00\",\"dateModified\":\"2023-09-05T07:53:02+00:00\",\"author\":{\"@id\":\"https:\\\/\\\/exaudi.org\\\/#\\\/schema\\\/person\\\/f2d4ad1e1e2bb7dad42a623b75b7166b\"},\"breadcrumb\":{\"@id\":\"https:\\\/\\\/exaudi.org\\\/es\\\/humanismo-y-santidad\\\/#breadcrumb\"},\"inLanguage\":\"es\",\"potentialAction\":[{\"@type\":\"ReadAction\",\"target\":[\"https:\\\/\\\/exaudi.org\\\/es\\\/humanismo-y-santidad\\\/\"]}]},{\"@type\":\"ImageObject\",\"inLanguage\":\"es\",\"@id\":\"https:\\\/\\\/exaudi.org\\\/es\\\/humanismo-y-santidad\\\/#primaryimage\",\"url\":\"https:\\\/\\\/exaudi.org\\\/wp-content\\\/uploads\\\/2023\\\/08\\\/libros-scaled-e1693404766810.jpg\",\"contentUrl\":\"https:\\\/\\\/exaudi.org\\\/wp-content\\\/uploads\\\/2023\\\/08\\\/libros-scaled-e1693404766810.jpg\",\"width\":1920,\"height\":1280},{\"@type\":\"BreadcrumbList\",\"@id\":\"https:\\\/\\\/exaudi.org\\\/es\\\/humanismo-y-santidad\\\/#breadcrumb\",\"itemListElement\":[{\"@type\":\"ListItem\",\"position\":1,\"name\":\"Portada\",\"item\":\"https:\\\/\\\/exaudi.org\\\/es\\\/\"},{\"@type\":\"ListItem\",\"position\":2,\"name\":\"Humanismo y santidad\"}]},{\"@type\":\"WebSite\",\"@id\":\"https:\\\/\\\/exaudi.org\\\/#website\",\"url\":\"https:\\\/\\\/exaudi.org\\\/\",\"name\":\"Exaudi\",\"description\":\"News\",\"potentialAction\":[{\"@type\":\"SearchAction\",\"target\":{\"@type\":\"EntryPoint\",\"urlTemplate\":\"https:\\\/\\\/exaudi.org\\\/?s={search_term_string}\"},\"query-input\":{\"@type\":\"PropertyValueSpecification\",\"valueRequired\":true,\"valueName\":\"search_term_string\"}}],\"inLanguage\":\"es\"},{\"@type\":\"Person\",\"@id\":\"https:\\\/\\\/exaudi.org\\\/#\\\/schema\\\/person\\\/f2d4ad1e1e2bb7dad42a623b75b7166b\",\"name\":\"Francisco Bobadilla\",\"image\":{\"@type\":\"ImageObject\",\"inLanguage\":\"es\",\"@id\":\"https:\\\/\\\/secure.gravatar.com\\\/avatar\\\/8d65d74eeda045f5ef133a25b739fed12768ab871a0ddb2772cf98408d61ee37?s=96&d=mm&r=g\",\"url\":\"https:\\\/\\\/secure.gravatar.com\\\/avatar\\\/8d65d74eeda045f5ef133a25b739fed12768ab871a0ddb2772cf98408d61ee37?s=96&d=mm&r=g\",\"contentUrl\":\"https:\\\/\\\/secure.gravatar.com\\\/avatar\\\/8d65d74eeda045f5ef133a25b739fed12768ab871a0ddb2772cf98408d61ee37?s=96&d=mm&r=g\",\"caption\":\"Francisco Bobadilla\"},\"description\":\"Francisco Bobadilla es profesor principal de la Universidad de Piura, donde dicta clases para el pre-grado y posgrado. Interesado en las Humanidades y en la dimensi\u00f3n \u00e9tica de la conducta humana. Lector habitual, de cuyas lecturas se nutre en gran parte este blog. Es autor, entre otros, de los libros \u201cPasi\u00f3n por la Excelencia\u201d, \u201cEmpresas con alma\u201d, \u00abProgreso econ\u00f3mico y desarrollo humano\u00bb, \u00abEl C\u00f3digo da Vinci: de la ficci\u00f3n a la realidad\u00bb; \u00abLa disponibilidad de los derechos de la personalidad\u00bb. Abogado y Master en Derecho Civil por la PUCP, doctor en Derecho por la Universidad de Zaragoza; Licenciado en Ciencias de la Informaci\u00f3n por la Universidad de Piura. Sus temas: pensamiento pol\u00edtico y social, \u00e9tica y cultura, derechos de la persona.\",\"sameAs\":[\"https:\\\/\\\/tertuliaabierta.wordpress.com\\\/\"],\"url\":\"https:\\\/\\\/exaudi.org\\\/es\\\/author\\\/francisco-bobadilla\\\/\"}]}<\/script>\n<!-- \/ Yoast SEO plugin. -->","yoast_head_json":{"title":"Humanismo y santidad &#8211; Exaudi","robots":{"index":"index","follow":"follow","max-snippet":"max-snippet:-1","max-image-preview":"max-image-preview:large","max-video-preview":"max-video-preview:-1"},"canonical":"https:\/\/exaudi.org\/es\/humanismo-y-santidad\/","og_locale":"es_ES","og_type":"article","og_title":"Humanismo y santidad &#8211; Exaudi","og_description":"Educar el buen gusto literario es educar en humanidad","og_url":"https:\/\/exaudi.org\/es\/humanismo-y-santidad\/","og_site_name":"Exaudi","article_publisher":"https:\/\/www.facebook.com\/ExaudiNews","article_published_time":"2023-08-30T14:12:56+00:00","article_modified_time":"2023-09-05T07:53:02+00:00","og_image":[{"width":1920,"height":1280,"url":"https:\/\/exaudi.org\/wp-content\/uploads\/2023\/08\/libros-scaled-e1693404766810.jpg","type":"image\/jpeg"}],"author":"Francisco Bobadilla","twitter_card":"summary_large_image","twitter_creator":"@Exaudi_News","twitter_site":"@Exaudi_News","twitter_misc":{"Escrito por":"Francisco Bobadilla","Tiempo de lectura":"5 minutos"},"schema":{"@context":"https:\/\/schema.org","@graph":[{"@type":"Article","@id":"https:\/\/exaudi.org\/es\/humanismo-y-santidad\/#article","isPartOf":{"@id":"https:\/\/exaudi.org\/es\/humanismo-y-santidad\/"},"author":{"name":"Francisco Bobadilla","@id":"https:\/\/exaudi.org\/#\/schema\/person\/f2d4ad1e1e2bb7dad42a623b75b7166b"},"headline":"Humanismo y santidad","datePublished":"2023-08-30T14:12:56+00:00","dateModified":"2023-09-05T07:53:02+00:00","mainEntityOfPage":{"@id":"https:\/\/exaudi.org\/es\/humanismo-y-santidad\/"},"wordCount":927,"image":{"@id":"https:\/\/exaudi.org\/es\/humanismo-y-santidad\/#primaryimage"},"thumbnailUrl":"https:\/\/exaudi.org\/wp-content\/uploads\/2023\/08\/libros-scaled-e1693404766810.jpg","keywords":["Charles Moeller","Cristianismo","Grandes libros","Humanismo","Literatura","Santidad","Trending"],"articleSection":["Voces"],"inLanguage":"es"},{"@type":"WebPage","@id":"https:\/\/exaudi.org\/es\/humanismo-y-santidad\/","url":"https:\/\/exaudi.org\/es\/humanismo-y-santidad\/","name":"Humanismo y santidad &#8211; Exaudi","isPartOf":{"@id":"https:\/\/exaudi.org\/#website"},"primaryImageOfPage":{"@id":"https:\/\/exaudi.org\/es\/humanismo-y-santidad\/#primaryimage"},"image":{"@id":"https:\/\/exaudi.org\/es\/humanismo-y-santidad\/#primaryimage"},"thumbnailUrl":"https:\/\/exaudi.org\/wp-content\/uploads\/2023\/08\/libros-scaled-e1693404766810.jpg","datePublished":"2023-08-30T14:12:56+00:00","dateModified":"2023-09-05T07:53:02+00:00","author":{"@id":"https:\/\/exaudi.org\/#\/schema\/person\/f2d4ad1e1e2bb7dad42a623b75b7166b"},"breadcrumb":{"@id":"https:\/\/exaudi.org\/es\/humanismo-y-santidad\/#breadcrumb"},"inLanguage":"es","potentialAction":[{"@type":"ReadAction","target":["https:\/\/exaudi.org\/es\/humanismo-y-santidad\/"]}]},{"@type":"ImageObject","inLanguage":"es","@id":"https:\/\/exaudi.org\/es\/humanismo-y-santidad\/#primaryimage","url":"https:\/\/exaudi.org\/wp-content\/uploads\/2023\/08\/libros-scaled-e1693404766810.jpg","contentUrl":"https:\/\/exaudi.org\/wp-content\/uploads\/2023\/08\/libros-scaled-e1693404766810.jpg","width":1920,"height":1280},{"@type":"BreadcrumbList","@id":"https:\/\/exaudi.org\/es\/humanismo-y-santidad\/#breadcrumb","itemListElement":[{"@type":"ListItem","position":1,"name":"Portada","item":"https:\/\/exaudi.org\/es\/"},{"@type":"ListItem","position":2,"name":"Humanismo y santidad"}]},{"@type":"WebSite","@id":"https:\/\/exaudi.org\/#website","url":"https:\/\/exaudi.org\/","name":"Exaudi","description":"News","potentialAction":[{"@type":"SearchAction","target":{"@type":"EntryPoint","urlTemplate":"https:\/\/exaudi.org\/?s={search_term_string}"},"query-input":{"@type":"PropertyValueSpecification","valueRequired":true,"valueName":"search_term_string"}}],"inLanguage":"es"},{"@type":"Person","@id":"https:\/\/exaudi.org\/#\/schema\/person\/f2d4ad1e1e2bb7dad42a623b75b7166b","name":"Francisco Bobadilla","image":{"@type":"ImageObject","inLanguage":"es","@id":"https:\/\/secure.gravatar.com\/avatar\/8d65d74eeda045f5ef133a25b739fed12768ab871a0ddb2772cf98408d61ee37?s=96&d=mm&r=g","url":"https:\/\/secure.gravatar.com\/avatar\/8d65d74eeda045f5ef133a25b739fed12768ab871a0ddb2772cf98408d61ee37?s=96&d=mm&r=g","contentUrl":"https:\/\/secure.gravatar.com\/avatar\/8d65d74eeda045f5ef133a25b739fed12768ab871a0ddb2772cf98408d61ee37?s=96&d=mm&r=g","caption":"Francisco Bobadilla"},"description":"Francisco Bobadilla es profesor principal de la Universidad de Piura, donde dicta clases para el pre-grado y posgrado. Interesado en las Humanidades y en la dimensi\u00f3n \u00e9tica de la conducta humana. Lector habitual, de cuyas lecturas se nutre en gran parte este blog. Es autor, entre otros, de los libros \u201cPasi\u00f3n por la Excelencia\u201d, \u201cEmpresas con alma\u201d, \u00abProgreso econ\u00f3mico y desarrollo humano\u00bb, \u00abEl C\u00f3digo da Vinci: de la ficci\u00f3n a la realidad\u00bb; \u00abLa disponibilidad de los derechos de la personalidad\u00bb. Abogado y Master en Derecho Civil por la PUCP, doctor en Derecho por la Universidad de Zaragoza; Licenciado en Ciencias de la Informaci\u00f3n por la Universidad de Piura. Sus temas: pensamiento pol\u00edtico y social, \u00e9tica y cultura, derechos de la persona.","sameAs":["https:\/\/tertuliaabierta.wordpress.com\/"],"url":"https:\/\/exaudi.org\/es\/author\/francisco-bobadilla\/"}]}},"jetpack_featured_media_url":"https:\/\/exaudi.org\/wp-content\/uploads\/2023\/08\/libros-scaled-e1693404766810.jpg","jetpack_shortlink":"https:\/\/wp.me\/pgKjF2-lq9","_links":{"self":[{"href":"https:\/\/exaudi.org\/es\/wp-json\/wp\/v2\/posts\/82345","targetHints":{"allow":["GET"]}}],"collection":[{"href":"https:\/\/exaudi.org\/es\/wp-json\/wp\/v2\/posts"}],"about":[{"href":"https:\/\/exaudi.org\/es\/wp-json\/wp\/v2\/types\/post"}],"author":[{"embeddable":true,"href":"https:\/\/exaudi.org\/es\/wp-json\/wp\/v2\/users\/109"}],"replies":[{"embeddable":true,"href":"https:\/\/exaudi.org\/es\/wp-json\/wp\/v2\/comments?post=82345"}],"version-history":[{"count":0,"href":"https:\/\/exaudi.org\/es\/wp-json\/wp\/v2\/posts\/82345\/revisions"}],"wp:featuredmedia":[{"embeddable":true,"href":"https:\/\/exaudi.org\/es\/wp-json\/wp\/v2\/media\/82347"}],"wp:attachment":[{"href":"https:\/\/exaudi.org\/es\/wp-json\/wp\/v2\/media?parent=82345"}],"wp:term":[{"taxonomy":"category","embeddable":true,"href":"https:\/\/exaudi.org\/es\/wp-json\/wp\/v2\/categories?post=82345"},{"taxonomy":"post_tag","embeddable":true,"href":"https:\/\/exaudi.org\/es\/wp-json\/wp\/v2\/tags?post=82345"}],"curies":[{"name":"wp","href":"https:\/\/api.w.org\/{rel}","templated":true}]}}