{"id":82207,"date":"2023-08-26T17:02:58","date_gmt":"2023-08-26T15:02:58","guid":{"rendered":"https:\/\/exaudi.org\/?p=82207"},"modified":"2023-08-26T17:02:58","modified_gmt":"2023-08-26T15:02:58","slug":"beato-juan-pablo-i-26-de-agosto","status":"publish","type":"post","link":"https:\/\/exaudi.org\/es\/beato-juan-pablo-i-26-de-agosto\/","title":{"rendered":"Beato Juan Pablo I, 26 de agosto"},"content":{"rendered":"<p>Fue el primer Papa que habl\u00f3 en primera persona y no utiliz\u00f3 el plural mayest\u00e1tico, llevando tambi\u00e9n a la sede de Pedro su anterior actividad pastoral, llevada a cabo siendo cercano a la gente, capaz de escuchar, emp\u00e1tico.<\/p>\n<p>El Papa Juan Pablo I fue un hombre de s\u00f3lida y profunda cultura, pero nunca elitista, capaz de filtrarla a trav\u00e9s de una aut\u00e9ntica actitud de humildad. Humilitas fue, de hecho, su lema episcopal, inspirado en el de San Carlos Borromeo, que tambi\u00e9n quiso en el escudo papal, junto con las tres estrellas, s\u00edmbolo de las tres virtudes teologales: fe, esperanza y caridad.<\/p>\n<p>Albino naci\u00f3 en Canale d&#8217;Agordo, en la zona de Belluno (Italia), el 17 de octubre de 1912. La suya era una familia pobre, lo que, como \u00e9l recordaba, le permiti\u00f3 conocer el hambre y as\u00ed, m\u00e1s tarde, comprender las necesidades de la gente.<\/p>\n<p>A los 11 a\u00f1os ingres\u00f3 en el seminario interdiocesano y cinco a\u00f1os m\u00e1s tarde en el Seminario Gregoriano de Belluno para cursar estudios de bachillerato, filosof\u00eda y teolog\u00eda. En 1935 recibi\u00f3 el diaconado y ese mismo a\u00f1o fue ordenado sacerdote. En oto\u00f1o de 1937, cuando s\u00f3lo ten\u00eda 25 a\u00f1os, el padre Albino fue llamado a Belluno para desempe\u00f1ar el cargo de vicerrector del Seminario Gregoriano y, al mismo tiempo, impartir clases de bachillerato y teolog\u00eda.<\/p>\n<p>Y desde aqu\u00ed recorri\u00f3 toda la jerarqu\u00eda eclesi\u00e1stica: obispo en Vittorio Veneto en 1958, Patriarca en Venecia en 1970 y en 1973, de manos de Pablo VI, cardenal.<\/p>\n<p>Finalmente, fue elegido Papa el 26 de agosto de 1978 con el nombre de Juan Pablo I en honor de sus dos \u00faltimos predecesores. Muri\u00f3 aproximadamente un mes despu\u00e9s, con s\u00f3lo 65 a\u00f1os, el 28 de septiembre de 1978.<\/p>\n<p>Inmediatamente despu\u00e9s de la muerte del Papa Luciani, llegaron peticiones de fieles de muchas partes del mundo para la introducci\u00f3n de la causa de canonizaci\u00f3n. El proceso comenz\u00f3 en 1990 y concluy\u00f3 el 13 de octubre de 2021, cuando el Papa Francisco autoriz\u00f3 a la Congregaci\u00f3n para las Causas de los Santos a promulgar el decreto relativo a un milagro atribuido a su intercesi\u00f3n.<\/p>\n<p>El 4 de septiembre de 2022, el Papa Francisco proclam\u00f3 en la Plaza de San Pedro que \u00abel Venerable Siervo de Dios Juan Pablo I, Papa, sea llamado en adelante Beato y que sea celebrado cada a\u00f1o en los lugares y seg\u00fan las reglas establecidas por la ley el 26 de agosto\u00bb.<\/p>\n<p><img loading=\"lazy\" decoding=\"async\" class=\"size-full wp-image-82208 aligncenter\" src=\"https:\/\/exaudi.org\/wp-content\/uploads\/2023\/08\/Santoral-4.jpg\" alt=\"\" width=\"1080\" height=\"1080\" srcset=\"https:\/\/exaudi.org\/wp-content\/uploads\/2023\/08\/Santoral-4.jpg 1080w, https:\/\/exaudi.org\/wp-content\/uploads\/2023\/08\/Santoral-4-300x300.jpg 300w, https:\/\/exaudi.org\/wp-content\/uploads\/2023\/08\/Santoral-4-1024x1024.jpg 1024w, https:\/\/exaudi.org\/wp-content\/uploads\/2023\/08\/Santoral-4-100x100.jpg?crop=1 100w, https:\/\/exaudi.org\/wp-content\/uploads\/2023\/08\/Santoral-4-770x770.jpg 770w, https:\/\/exaudi.org\/wp-content\/uploads\/2023\/08\/Santoral-4-500x500.jpg 500w, https:\/\/exaudi.org\/wp-content\/uploads\/2023\/08\/Santoral-4-293x293.jpg 293w, https:\/\/exaudi.org\/wp-content\/uploads\/2023\/08\/Santoral-4-390x390.jpg 390w, https:\/\/exaudi.org\/wp-content\/uploads\/2023\/08\/Santoral-4-585x585.jpg 585w, https:\/\/exaudi.org\/wp-content\/uploads\/2023\/08\/Santoral-4-900x900.jpg 900w\" sizes=\"auto, (max-width: 1080px) 100vw, 1080px\" \/><\/p>\n","protected":false},"excerpt":{"rendered":"<p>El Papa de la sonrisa<\/p>\n","protected":false},"author":15,"featured_media":82211,"comment_status":"closed","ping_status":"closed","sticky":false,"template":"","format":"standard","meta":{"_acf_changed":false,"_crdt_document":"","inline_featured_image":false,"footnotes":""},"categories":[2772],"tags":[6877,387,4953],"class_list":["post-82207","post","type-post","status-publish","format-standard","has-post-thumbnail","hentry","category-santoral","tag-beato-juan-pablo-i","tag-santoral","tag-trending-es"],"acf":[],"yoast_head":"<!-- This site is optimized with the Yoast SEO plugin v27.4 - https:\/\/yoast.com\/product\/yoast-seo-wordpress\/ -->\n<title>Beato Juan Pablo I, 26 de agosto &#8211; Exaudi<\/title>\n<meta name=\"robots\" content=\"index, follow, max-snippet:-1, max-image-preview:large, max-video-preview:-1\" \/>\n<link rel=\"canonical\" href=\"https:\/\/exaudi.org\/es\/beato-juan-pablo-i-26-de-agosto\/\" \/>\n<meta property=\"og:locale\" content=\"es_ES\" \/>\n<meta property=\"og:type\" content=\"article\" \/>\n<meta property=\"og:title\" content=\"Beato Juan Pablo I, 26 de agosto &#8211; Exaudi\" \/>\n<meta property=\"og:description\" content=\"El Papa de la sonrisa\" \/>\n<meta property=\"og:url\" content=\"https:\/\/exaudi.org\/es\/beato-juan-pablo-i-26-de-agosto\/\" \/>\n<meta property=\"og:site_name\" content=\"Exaudi\" \/>\n<meta property=\"article:publisher\" content=\"https:\/\/www.facebook.com\/ExaudiNews\" \/>\n<meta property=\"article:author\" content=\"https:\/\/www.facebook.com\/ExaudiNoticias\/\" \/>\n<meta property=\"article:published_time\" content=\"2023-08-26T15:02:58+00:00\" \/>\n<meta property=\"og:image\" content=\"https:\/\/exaudi.org\/wp-content\/uploads\/2023\/08\/Juan-Pablo-I-370x247-1.jpeg\" \/>\n\t<meta property=\"og:image:width\" content=\"370\" \/>\n\t<meta property=\"og:image:height\" content=\"247\" \/>\n\t<meta property=\"og:image:type\" content=\"image\/jpeg\" \/>\n<meta name=\"author\" content=\"Exaudi Redacci\u00f3n\" \/>\n<meta name=\"twitter:card\" content=\"summary_large_image\" \/>\n<meta name=\"twitter:creator\" content=\"@Exaudi_noticias\" \/>\n<meta name=\"twitter:site\" content=\"@Exaudi_News\" \/>\n<meta name=\"twitter:label1\" content=\"Escrito por\" \/>\n\t<meta name=\"twitter:data1\" content=\"Exaudi Redacci\u00f3n\" \/>\n\t<meta name=\"twitter:label2\" content=\"Tiempo de lectura\" \/>\n\t<meta name=\"twitter:data2\" content=\"2 minutos\" \/>\n<script type=\"application\/ld+json\" class=\"yoast-schema-graph\">{\"@context\":\"https:\\\/\\\/schema.org\",\"@graph\":[{\"@type\":\"Article\",\"@id\":\"https:\\\/\\\/exaudi.org\\\/es\\\/beato-juan-pablo-i-26-de-agosto\\\/#article\",\"isPartOf\":{\"@id\":\"https:\\\/\\\/exaudi.org\\\/es\\\/beato-juan-pablo-i-26-de-agosto\\\/\"},\"author\":{\"name\":\"Exaudi Redacci\u00f3n\",\"@id\":\"https:\\\/\\\/exaudi.org\\\/#\\\/schema\\\/person\\\/f5fc8f063065e38742da7afe15f25df7\"},\"headline\":\"Beato Juan Pablo I, 26 de agosto\",\"datePublished\":\"2023-08-26T15:02:58+00:00\",\"mainEntityOfPage\":{\"@id\":\"https:\\\/\\\/exaudi.org\\\/es\\\/beato-juan-pablo-i-26-de-agosto\\\/\"},\"wordCount\":422,\"image\":{\"@id\":\"https:\\\/\\\/exaudi.org\\\/es\\\/beato-juan-pablo-i-26-de-agosto\\\/#primaryimage\"},\"thumbnailUrl\":\"https:\\\/\\\/exaudi.org\\\/wp-content\\\/uploads\\\/2023\\\/08\\\/Juan-Pablo-I-370x247-1.jpeg\",\"keywords\":[\"Beato Juan Pablo I\",\"Santoral\",\"Trending\"],\"articleSection\":[\"Santoral\"],\"inLanguage\":\"es\"},{\"@type\":\"WebPage\",\"@id\":\"https:\\\/\\\/exaudi.org\\\/es\\\/beato-juan-pablo-i-26-de-agosto\\\/\",\"url\":\"https:\\\/\\\/exaudi.org\\\/es\\\/beato-juan-pablo-i-26-de-agosto\\\/\",\"name\":\"Beato Juan Pablo I, 26 de agosto &#8211; Exaudi\",\"isPartOf\":{\"@id\":\"https:\\\/\\\/exaudi.org\\\/#website\"},\"primaryImageOfPage\":{\"@id\":\"https:\\\/\\\/exaudi.org\\\/es\\\/beato-juan-pablo-i-26-de-agosto\\\/#primaryimage\"},\"image\":{\"@id\":\"https:\\\/\\\/exaudi.org\\\/es\\\/beato-juan-pablo-i-26-de-agosto\\\/#primaryimage\"},\"thumbnailUrl\":\"https:\\\/\\\/exaudi.org\\\/wp-content\\\/uploads\\\/2023\\\/08\\\/Juan-Pablo-I-370x247-1.jpeg\",\"datePublished\":\"2023-08-26T15:02:58+00:00\",\"author\":{\"@id\":\"https:\\\/\\\/exaudi.org\\\/#\\\/schema\\\/person\\\/f5fc8f063065e38742da7afe15f25df7\"},\"breadcrumb\":{\"@id\":\"https:\\\/\\\/exaudi.org\\\/es\\\/beato-juan-pablo-i-26-de-agosto\\\/#breadcrumb\"},\"inLanguage\":\"es\",\"potentialAction\":[{\"@type\":\"ReadAction\",\"target\":[\"https:\\\/\\\/exaudi.org\\\/es\\\/beato-juan-pablo-i-26-de-agosto\\\/\"]}]},{\"@type\":\"ImageObject\",\"inLanguage\":\"es\",\"@id\":\"https:\\\/\\\/exaudi.org\\\/es\\\/beato-juan-pablo-i-26-de-agosto\\\/#primaryimage\",\"url\":\"https:\\\/\\\/exaudi.org\\\/wp-content\\\/uploads\\\/2023\\\/08\\\/Juan-Pablo-I-370x247-1.jpeg\",\"contentUrl\":\"https:\\\/\\\/exaudi.org\\\/wp-content\\\/uploads\\\/2023\\\/08\\\/Juan-Pablo-I-370x247-1.jpeg\",\"width\":370,\"height\":247},{\"@type\":\"BreadcrumbList\",\"@id\":\"https:\\\/\\\/exaudi.org\\\/es\\\/beato-juan-pablo-i-26-de-agosto\\\/#breadcrumb\",\"itemListElement\":[{\"@type\":\"ListItem\",\"position\":1,\"name\":\"Portada\",\"item\":\"https:\\\/\\\/exaudi.org\\\/es\\\/\"},{\"@type\":\"ListItem\",\"position\":2,\"name\":\"Beato Juan Pablo I, 26 de agosto\"}]},{\"@type\":\"WebSite\",\"@id\":\"https:\\\/\\\/exaudi.org\\\/#website\",\"url\":\"https:\\\/\\\/exaudi.org\\\/\",\"name\":\"Exaudi\",\"description\":\"News\",\"potentialAction\":[{\"@type\":\"SearchAction\",\"target\":{\"@type\":\"EntryPoint\",\"urlTemplate\":\"https:\\\/\\\/exaudi.org\\\/?s={search_term_string}\"},\"query-input\":{\"@type\":\"PropertyValueSpecification\",\"valueRequired\":true,\"valueName\":\"search_term_string\"}}],\"inLanguage\":\"es\"},{\"@type\":\"Person\",\"@id\":\"https:\\\/\\\/exaudi.org\\\/#\\\/schema\\\/person\\\/f5fc8f063065e38742da7afe15f25df7\",\"name\":\"Exaudi Redacci\u00f3n\",\"image\":{\"@type\":\"ImageObject\",\"inLanguage\":\"es\",\"@id\":\"https:\\\/\\\/secure.gravatar.com\\\/avatar\\\/fe0f6a059fb68d9b3e11bc5850dd4899b1c7492091a3cb6dd9b01b56ad828be2?s=96&d=mm&r=g\",\"url\":\"https:\\\/\\\/secure.gravatar.com\\\/avatar\\\/fe0f6a059fb68d9b3e11bc5850dd4899b1c7492091a3cb6dd9b01b56ad828be2?s=96&d=mm&r=g\",\"contentUrl\":\"https:\\\/\\\/secure.gravatar.com\\\/avatar\\\/fe0f6a059fb68d9b3e11bc5850dd4899b1c7492091a3cb6dd9b01b56ad828be2?s=96&d=mm&r=g\",\"caption\":\"Exaudi Redacci\u00f3n\"},\"description\":\"\u00bfQu\u00e9 es Exaudi News? Exaudi News es un medio de comunicaci\u00f3n cat\u00f3lico internacional que informa, forma y transforma, diariamente en espa\u00f1ol, ingl\u00e9s e italiano. A trav\u00e9s de noticias, art\u00edculos de an\u00e1lisis y transmisiones en directo de los eventos del Papa, Exaudi busca fortalecer la unidad de los cristianos y contribuir a la evangelizaci\u00f3n del mundo, siempre guiados por la doctrina social de la Iglesia. Trabajamos para acercar la verdad y los valores cristianos a cada rinc\u00f3n del planeta. \u00a1Ay\u00fadanos a transformar el mundo con Exaudi! En Exaudi creemos que la evangelizaci\u00f3n y la informaci\u00f3n de calidad pueden cambiar vidas. Para continuar con nuestra misi\u00f3n y expandir nuestro alcance, necesitamos tu ayuda. Adem\u00e1s, buscamos personas comprometidas que deseen unirse a nuestro equipo. Con tu apoyo, lograremos llegar a m\u00e1s personas, difundir el mensaje de Cristo y reforzar la unidad de los cristianos. \u00bfTe unes a nuestra misi\u00f3n? Para m\u00e1s informaci\u00f3n sobre c\u00f3mo colaborar, visita Exaudi.org\\\/es o cont\u00e1ctanos directamente: info@exaudi.org Exaudi: Informa, forma y transforma.\",\"sameAs\":[\"https:\\\/\\\/www.facebook.com\\\/ExaudiNoticias\\\/\",\"https:\\\/\\\/www.instagram.com\\\/exaudi_noticias\\\/\",\"https:\\\/\\\/x.com\\\/Exaudi_noticias\",\"https:\\\/\\\/www.youtube.com\\\/@exaudicatholicnews\"],\"url\":\"https:\\\/\\\/exaudi.org\\\/es\\\/author\\\/redaccionexaudi\\\/\"}]}<\/script>\n<!-- \/ Yoast SEO plugin. -->","yoast_head_json":{"title":"Beato Juan Pablo I, 26 de agosto &#8211; Exaudi","robots":{"index":"index","follow":"follow","max-snippet":"max-snippet:-1","max-image-preview":"max-image-preview:large","max-video-preview":"max-video-preview:-1"},"canonical":"https:\/\/exaudi.org\/es\/beato-juan-pablo-i-26-de-agosto\/","og_locale":"es_ES","og_type":"article","og_title":"Beato Juan Pablo I, 26 de agosto &#8211; Exaudi","og_description":"El Papa de la sonrisa","og_url":"https:\/\/exaudi.org\/es\/beato-juan-pablo-i-26-de-agosto\/","og_site_name":"Exaudi","article_publisher":"https:\/\/www.facebook.com\/ExaudiNews","article_author":"https:\/\/www.facebook.com\/ExaudiNoticias\/","article_published_time":"2023-08-26T15:02:58+00:00","og_image":[{"width":370,"height":247,"url":"https:\/\/exaudi.org\/wp-content\/uploads\/2023\/08\/Juan-Pablo-I-370x247-1.jpeg","type":"image\/jpeg"}],"author":"Exaudi Redacci\u00f3n","twitter_card":"summary_large_image","twitter_creator":"@Exaudi_noticias","twitter_site":"@Exaudi_News","twitter_misc":{"Escrito por":"Exaudi Redacci\u00f3n","Tiempo de lectura":"2 minutos"},"schema":{"@context":"https:\/\/schema.org","@graph":[{"@type":"Article","@id":"https:\/\/exaudi.org\/es\/beato-juan-pablo-i-26-de-agosto\/#article","isPartOf":{"@id":"https:\/\/exaudi.org\/es\/beato-juan-pablo-i-26-de-agosto\/"},"author":{"name":"Exaudi Redacci\u00f3n","@id":"https:\/\/exaudi.org\/#\/schema\/person\/f5fc8f063065e38742da7afe15f25df7"},"headline":"Beato Juan Pablo I, 26 de agosto","datePublished":"2023-08-26T15:02:58+00:00","mainEntityOfPage":{"@id":"https:\/\/exaudi.org\/es\/beato-juan-pablo-i-26-de-agosto\/"},"wordCount":422,"image":{"@id":"https:\/\/exaudi.org\/es\/beato-juan-pablo-i-26-de-agosto\/#primaryimage"},"thumbnailUrl":"https:\/\/exaudi.org\/wp-content\/uploads\/2023\/08\/Juan-Pablo-I-370x247-1.jpeg","keywords":["Beato Juan Pablo I","Santoral","Trending"],"articleSection":["Santoral"],"inLanguage":"es"},{"@type":"WebPage","@id":"https:\/\/exaudi.org\/es\/beato-juan-pablo-i-26-de-agosto\/","url":"https:\/\/exaudi.org\/es\/beato-juan-pablo-i-26-de-agosto\/","name":"Beato Juan Pablo I, 26 de agosto &#8211; Exaudi","isPartOf":{"@id":"https:\/\/exaudi.org\/#website"},"primaryImageOfPage":{"@id":"https:\/\/exaudi.org\/es\/beato-juan-pablo-i-26-de-agosto\/#primaryimage"},"image":{"@id":"https:\/\/exaudi.org\/es\/beato-juan-pablo-i-26-de-agosto\/#primaryimage"},"thumbnailUrl":"https:\/\/exaudi.org\/wp-content\/uploads\/2023\/08\/Juan-Pablo-I-370x247-1.jpeg","datePublished":"2023-08-26T15:02:58+00:00","author":{"@id":"https:\/\/exaudi.org\/#\/schema\/person\/f5fc8f063065e38742da7afe15f25df7"},"breadcrumb":{"@id":"https:\/\/exaudi.org\/es\/beato-juan-pablo-i-26-de-agosto\/#breadcrumb"},"inLanguage":"es","potentialAction":[{"@type":"ReadAction","target":["https:\/\/exaudi.org\/es\/beato-juan-pablo-i-26-de-agosto\/"]}]},{"@type":"ImageObject","inLanguage":"es","@id":"https:\/\/exaudi.org\/es\/beato-juan-pablo-i-26-de-agosto\/#primaryimage","url":"https:\/\/exaudi.org\/wp-content\/uploads\/2023\/08\/Juan-Pablo-I-370x247-1.jpeg","contentUrl":"https:\/\/exaudi.org\/wp-content\/uploads\/2023\/08\/Juan-Pablo-I-370x247-1.jpeg","width":370,"height":247},{"@type":"BreadcrumbList","@id":"https:\/\/exaudi.org\/es\/beato-juan-pablo-i-26-de-agosto\/#breadcrumb","itemListElement":[{"@type":"ListItem","position":1,"name":"Portada","item":"https:\/\/exaudi.org\/es\/"},{"@type":"ListItem","position":2,"name":"Beato Juan Pablo I, 26 de agosto"}]},{"@type":"WebSite","@id":"https:\/\/exaudi.org\/#website","url":"https:\/\/exaudi.org\/","name":"Exaudi","description":"News","potentialAction":[{"@type":"SearchAction","target":{"@type":"EntryPoint","urlTemplate":"https:\/\/exaudi.org\/?s={search_term_string}"},"query-input":{"@type":"PropertyValueSpecification","valueRequired":true,"valueName":"search_term_string"}}],"inLanguage":"es"},{"@type":"Person","@id":"https:\/\/exaudi.org\/#\/schema\/person\/f5fc8f063065e38742da7afe15f25df7","name":"Exaudi Redacci\u00f3n","image":{"@type":"ImageObject","inLanguage":"es","@id":"https:\/\/secure.gravatar.com\/avatar\/fe0f6a059fb68d9b3e11bc5850dd4899b1c7492091a3cb6dd9b01b56ad828be2?s=96&d=mm&r=g","url":"https:\/\/secure.gravatar.com\/avatar\/fe0f6a059fb68d9b3e11bc5850dd4899b1c7492091a3cb6dd9b01b56ad828be2?s=96&d=mm&r=g","contentUrl":"https:\/\/secure.gravatar.com\/avatar\/fe0f6a059fb68d9b3e11bc5850dd4899b1c7492091a3cb6dd9b01b56ad828be2?s=96&d=mm&r=g","caption":"Exaudi Redacci\u00f3n"},"description":"\u00bfQu\u00e9 es Exaudi News? Exaudi News es un medio de comunicaci\u00f3n cat\u00f3lico internacional que informa, forma y transforma, diariamente en espa\u00f1ol, ingl\u00e9s e italiano. A trav\u00e9s de noticias, art\u00edculos de an\u00e1lisis y transmisiones en directo de los eventos del Papa, Exaudi busca fortalecer la unidad de los cristianos y contribuir a la evangelizaci\u00f3n del mundo, siempre guiados por la doctrina social de la Iglesia. Trabajamos para acercar la verdad y los valores cristianos a cada rinc\u00f3n del planeta. \u00a1Ay\u00fadanos a transformar el mundo con Exaudi! En Exaudi creemos que la evangelizaci\u00f3n y la informaci\u00f3n de calidad pueden cambiar vidas. Para continuar con nuestra misi\u00f3n y expandir nuestro alcance, necesitamos tu ayuda. Adem\u00e1s, buscamos personas comprometidas que deseen unirse a nuestro equipo. Con tu apoyo, lograremos llegar a m\u00e1s personas, difundir el mensaje de Cristo y reforzar la unidad de los cristianos. \u00bfTe unes a nuestra misi\u00f3n? Para m\u00e1s informaci\u00f3n sobre c\u00f3mo colaborar, visita Exaudi.org\/es o cont\u00e1ctanos directamente: info@exaudi.org Exaudi: Informa, forma y transforma.","sameAs":["https:\/\/www.facebook.com\/ExaudiNoticias\/","https:\/\/www.instagram.com\/exaudi_noticias\/","https:\/\/x.com\/Exaudi_noticias","https:\/\/www.youtube.com\/@exaudicatholicnews"],"url":"https:\/\/exaudi.org\/es\/author\/redaccionexaudi\/"}]}},"jetpack_featured_media_url":"https:\/\/exaudi.org\/wp-content\/uploads\/2023\/08\/Juan-Pablo-I-370x247-1.jpeg","jetpack_shortlink":"https:\/\/wp.me\/pgKjF2-lnV","_links":{"self":[{"href":"https:\/\/exaudi.org\/es\/wp-json\/wp\/v2\/posts\/82207","targetHints":{"allow":["GET"]}}],"collection":[{"href":"https:\/\/exaudi.org\/es\/wp-json\/wp\/v2\/posts"}],"about":[{"href":"https:\/\/exaudi.org\/es\/wp-json\/wp\/v2\/types\/post"}],"author":[{"embeddable":true,"href":"https:\/\/exaudi.org\/es\/wp-json\/wp\/v2\/users\/15"}],"replies":[{"embeddable":true,"href":"https:\/\/exaudi.org\/es\/wp-json\/wp\/v2\/comments?post=82207"}],"version-history":[{"count":0,"href":"https:\/\/exaudi.org\/es\/wp-json\/wp\/v2\/posts\/82207\/revisions"}],"wp:featuredmedia":[{"embeddable":true,"href":"https:\/\/exaudi.org\/es\/wp-json\/wp\/v2\/media\/82211"}],"wp:attachment":[{"href":"https:\/\/exaudi.org\/es\/wp-json\/wp\/v2\/media?parent=82207"}],"wp:term":[{"taxonomy":"category","embeddable":true,"href":"https:\/\/exaudi.org\/es\/wp-json\/wp\/v2\/categories?post=82207"},{"taxonomy":"post_tag","embeddable":true,"href":"https:\/\/exaudi.org\/es\/wp-json\/wp\/v2\/tags?post=82207"}],"curies":[{"name":"wp","href":"https:\/\/api.w.org\/{rel}","templated":true}]}}