{"id":82150,"date":"2023-08-24T09:14:09","date_gmt":"2023-08-24T07:14:09","guid":{"rendered":"https:\/\/exaudi.org\/?p=82150"},"modified":"2023-08-27T18:28:28","modified_gmt":"2023-08-27T16:28:28","slug":"el-papa-reanuda-el-ciclo-de-catequesis-sobre-el-tema-del-celo-apostolico","status":"publish","type":"post","link":"https:\/\/exaudi.org\/es\/el-papa-reanuda-el-ciclo-de-catequesis-sobre-el-tema-del-celo-apostolico\/","title":{"rendered":"Papa Francisco: Acudamos a Mar\u00eda nuestra Madre, en los momentos dif\u00edciles"},"content":{"rendered":"<p>La audiencia general de este mi\u00e9rcoles, 23 de agosto de 2023, se ha celebrado a las 9.00 horas en el Aula Pablo VI.<\/p>\n<p>El Papa, retomando el ciclo de catequesis La pasi\u00f3n por la evangelizaci\u00f3n: el celo apost\u00f3lico del creyente, centr\u00f3 su meditaci\u00f3n en el tema \u00ab<em>El anuncio en la lengua materna: San Juan Diego, mensajero de la Virgen de Guadalup<\/em>e\u00bb (Lectura: <em>Mt<\/em> 11,25-27).<\/p>\n<p>Tras resumir su catequesis en las distintas lenguas, el Santo Padre dirigi\u00f3 expresiones especiales de saludo a los fieles presentes.<\/p>\n<p>A continuaci\u00f3n, sigue la catequesis completa del Obispo de Roma, en espa\u00f1ol, ofrecida por la Oficina de Prensa de la Santa Sede.<\/p>\n<p><strong>La catequesis. Pasi\u00f3n por la evangelizaci\u00f3n: el celo apost\u00f3lico del creyente. 18. El anuncio en la lengua materna: <em>San Juan Diego, mensajero de la Virgen de Guadalupe<\/em><\/strong>.<\/p>\n<p>***<\/p>\n<h3><strong>Catequesis del Santo Padre<\/strong><\/h3>\n<p>Queridos hermanos y hermanas, \u00a1buenos d\u00edas!<\/p>\n<p>En nuestro camino para redescubrir la pasi\u00f3n por el anuncio del Evangelio, para ver c\u00f3mo se ha desarrollado en la historia de la Iglesia el celo apost\u00f3lico, esta pasi\u00f3n por anunciar el Evangelio, en este camino miramos hoy a Am\u00e9rica. Aqu\u00ed la evangelizaci\u00f3n tiene una fuente siempre viva: Guadalupe. Es una fuente viva. \u00a1Los mexicanos est\u00e1n contentos! Por supuesto, el Evangelio ya hab\u00eda llegado all\u00ed antes de esas apariciones, pero desgraciadamente tambi\u00e9n hab\u00eda ido acompa\u00f1ado de intereses mundanos. En lugar del camino de la inculturaci\u00f3n, se hab\u00eda tomado con demasiada frecuencia el apresurado de trasplantar e imponer modelos preconstituidos -europeos, por ejemplo-, faltando al respeto a los pueblos ind\u00edgenas. La Virgen de Guadalupe, en cambio, aparece vestida con las ropas de los ind\u00edgenas, habla su lengua, acoge y ama la cultura local: Mar\u00eda es Madre y bajo su manto todo ni\u00f1o encuentra un lugar. En Ella, Dios se hizo carne y, a trav\u00e9s de Mar\u00eda, contin\u00faa encarn\u00e1ndose en la vida de los pueblos. La Virgen, en efecto, anuncia a Dios en la lengua m\u00e1s adecuada, es decir, la lengua materna. Y tambi\u00e9n a nosotros, la Virgen nos habla en la lengua materna, la que comprendemos bien. El Evangelio se transmite en la lengua materna. Y quiero dar las gracias a tantas madres y abuelas que lo transmiten a sus hijos y a sus nietos: la fe pasa con la vida, por eso las madres y las abuelas son las primeras anunciadoras. \u00a1Aplaudamos a las madres y a las abuelas! Y el Evangelio se comunica, como muestra Mar\u00eda, en la sencillez: la Virgen elige siempre a los sencillos, en la colina del Tepeyac, en M\u00e9xico, como en Lourdes y en F\u00e1tima: habl\u00e1ndoles, habla a cada uno, en un lenguaje apto para todos, en un lenguaje comprensible, como el de Jes\u00fas.<img loading=\"lazy\" decoding=\"async\" class=\"alignleft size-full wp-image-82158\" src=\"https:\/\/exaudi.org\/wp-content\/uploads\/2023\/08\/369101546_2986342024834836_3827248497191420222_n.jpg\" alt=\"\" width=\"720\" height=\"720\" srcset=\"https:\/\/exaudi.org\/wp-content\/uploads\/2023\/08\/369101546_2986342024834836_3827248497191420222_n.jpg 720w, https:\/\/exaudi.org\/wp-content\/uploads\/2023\/08\/369101546_2986342024834836_3827248497191420222_n-300x300.jpg 300w, https:\/\/exaudi.org\/wp-content\/uploads\/2023\/08\/369101546_2986342024834836_3827248497191420222_n-100x100.jpg?crop=1 100w, https:\/\/exaudi.org\/wp-content\/uploads\/2023\/08\/369101546_2986342024834836_3827248497191420222_n-500x500.jpg 500w, https:\/\/exaudi.org\/wp-content\/uploads\/2023\/08\/369101546_2986342024834836_3827248497191420222_n-293x293.jpg 293w, https:\/\/exaudi.org\/wp-content\/uploads\/2023\/08\/369101546_2986342024834836_3827248497191420222_n-390x390.jpg 390w, https:\/\/exaudi.org\/wp-content\/uploads\/2023\/08\/369101546_2986342024834836_3827248497191420222_n-585x585.jpg 585w\" sizes=\"auto, (max-width: 720px) 100vw, 720px\" \/><\/p>\n<p>Deteng\u00e1monos entonces en el testimonio de San Juan Diego, que es el mensajero, es el ni\u00f1o, es el ind\u00edgena que recibi\u00f3 la revelaci\u00f3n de Mar\u00eda: el mensajero de Nuestra Se\u00f1ora de Guadalupe. Era una persona humilde, un ind\u00edgena del pueblo: la mirada de Dios, que ama hacer milagros a trav\u00e9s de los peque\u00f1os, se pos\u00f3 en \u00e9l. Juan Diego hab\u00eda llegado a la fe ya adulto y casado. En diciembre de 1531, ten\u00eda unos 55 a\u00f1os. Mientras iba de camino, ve en una colina a la Madre de Dios, que le llama tiernamente -\u00bfy c\u00f3mo le llama la Virgen? \u00abmi hijito amado Juanito\u00bb (<em>Nican Mopohua<\/em>, 23). Luego lo env\u00eda al Obispo para pedirle que construya un templo all\u00ed, donde Ella se hab\u00eda aparecido. Juan Diego, sencillo y dispuesto, acude con la generosidad de su coraz\u00f3n puro, pero tiene que esperar mucho tiempo. Finalmente habla con el Obispo, pero no es cre\u00eddo. A veces los Obispos&#8230; Vuelve a encontrarse con la Virgen, que le consuela y le pide que lo intente de nuevo. El indio vuelve a ver al Obispo y con gran esfuerzo se re\u00fane con \u00e9l, pero el Obispo, despu\u00e9s de escucharle, le despide y env\u00eda hombres a seguirle. He aqu\u00ed la fatiga, la prueba del anuncio: a pesar del celo, llega lo inesperado, a veces de la propia Iglesia. Para anunciar, en efecto, no basta con dar testimonio de lo bueno, hay que saber soportar lo malo. No lo olvidemos: para anunciar el Evangelio no basta con dar testimonio del bien, sino que hay que saber soportar el mal. El cristiano hace el bien, pero soporta el mal. Ambas cosas van juntas; la vida es as\u00ed. Incluso hoy, en tantos lugares, inculturar el Evangelio y evangelizar las culturas exige perseverancia y paciencia, exige no temer los conflictos, no desfallecer. Pienso en un pa\u00eds donde los cristianos son perseguidos, porque son cristianos y no pueden practicar su religi\u00f3n bien y en paz. Juan Diego, desanimado porque el Obispo le daba largas, pide a la Virgen que prescinda de \u00e9l y nombre a alguien m\u00e1s estimado y capaz que \u00e9l, pero se le exhorta a perseverar. Siempre existe el riesgo de una cierta claudicaci\u00f3n en el anuncio: una cosa no va y uno se echa atr\u00e1s, se desanima y quiz\u00e1 se refugia en sus propias certezas, en peque\u00f1os grupos y en algunas devociones intimistas. La Virgen, en cambio, al mismo tiempo que nos consuela, nos hace avanzar y as\u00ed nos hace crecer, como una buena madre que, siguiendo los pasos de su hijo, lo lanza a los desaf\u00edos del mundo.<\/p>\n<p>Juan Diego, as\u00ed animado, vuelve a ver al obispo, que le pide una se\u00f1al. La Virgen le promete una se\u00f1al, y lo consuela con estas palabras: \u00abNo se turbe tu rostro ni tu coraz\u00f3n: [&#8230;] \u00bfNo estoy yo aqu\u00ed, tu madre?\u00bb (ibid., 118-119) Es hermoso, esto, la Virgen nos lo dice a menudo, en nuestro coraz\u00f3n, cuando estamos en la desolaci\u00f3n, en la tristeza, en la dificultad: \u00ab\u00bfNo estoy yo aqu\u00ed, tu madre?\u00bb. Entonces le pide que vaya a la \u00e1rida colina a coger flores. Es invierno, pero Juan Diego encuentra algunas hermosas, las mete en su manto y se las ofrece a la Madre de Dios, que le invita a llev\u00e1rselas al Obispo como prueba. Va, espera su turno con paciencia y finalmente, en presencia del Obispo, abre su tilma -que es lo que usaban los ind\u00edgenas para cubrirse-, abre su tilma mostrando las flores y he aqu\u00ed: en la tela del manto aparece la imagen de Nuestra Se\u00f1ora, la extraordinaria y viva que conocemos, en cuyos ojos siguen impresos los protagonistas de aquel tiempo. He aqu\u00ed la sorpresa de Dios: cuando hay voluntad, cuando hay obediencia, \u00c9l puede realizar algo inesperado, en tiempos y modos que no podemos prever. Y as\u00ed se construye el santuario pedido por la Virgen, que hoy se puede visitar.<\/p>\n<p><img loading=\"lazy\" decoding=\"async\" class=\"alignright size-medium wp-image-82133\" src=\"https:\/\/exaudi.org\/wp-content\/uploads\/2023\/08\/cq5dam.web_.800.800-2-1-300x200.jpeg\" alt=\"\" width=\"300\" height=\"200\" srcset=\"https:\/\/exaudi.org\/wp-content\/uploads\/2023\/08\/cq5dam.web_.800.800-2-1-300x200.jpeg 300w, https:\/\/exaudi.org\/wp-content\/uploads\/2023\/08\/cq5dam.web_.800.800-2-1-770x512.jpeg 770w, https:\/\/exaudi.org\/wp-content\/uploads\/2023\/08\/cq5dam.web_.800.800-2-1-360x240.jpeg?crop=1 360w, https:\/\/exaudi.org\/wp-content\/uploads\/2023\/08\/cq5dam.web_.800.800-2-1-500x333.jpeg 500w, https:\/\/exaudi.org\/wp-content\/uploads\/2023\/08\/cq5dam.web_.800.800-2-1-370x247.jpeg 370w, https:\/\/exaudi.org\/wp-content\/uploads\/2023\/08\/cq5dam.web_.800.800-2-1-293x195.jpeg 293w, https:\/\/exaudi.org\/wp-content\/uploads\/2023\/08\/cq5dam.web_.800.800-2-1-120x80.jpeg 120w, https:\/\/exaudi.org\/wp-content\/uploads\/2023\/08\/cq5dam.web_.800.800-2-1-240x160.jpeg 240w, https:\/\/exaudi.org\/wp-content\/uploads\/2023\/08\/cq5dam.web_.800.800-2-1-390x259.jpeg 390w, https:\/\/exaudi.org\/wp-content\/uploads\/2023\/08\/cq5dam.web_.800.800-2-1.jpeg 800w\" sizes=\"auto, (max-width: 300px) 100vw, 300px\" \/>Juan Diego lo deja todo y, con el permiso del obispo, dedica su vida al santuario. Acoge a los peregrinos y los evangeliza. Esto es lo que sucede en los santuarios marianos, meta de peregrinaciones y lugar de anuncio, donde todos se sienten en casa -porque es la casa de la Madre- y sienten morri\u00f1a, es decir, nostalgia del lugar donde est\u00e1 la Madre, el Cielo. All\u00ed se acoge la fe de modo sencillo, se acoge la fe de modo aut\u00e9ntico, de modo popular, y la Virgen, como dijo a Juan Diego, escucha nuestros gritos y cura nuestros dolores (cf. ibid., 32). Aprendemos esto: cuando hay dificultades en la vida, acudimos a la Madre; y cuando la vida es feliz, acudimos a la Madre para compartirlo tambi\u00e9n. Necesitamos ir a estos oasis de consuelo y misericordia, donde la fe se expresa en lenguaje materno; donde depositamos los trabajos de la vida en los brazos de la Virgen y volvemos a la vida con paz en el coraz\u00f3n, tal vez con la paz de los hijos.<\/p>\n<p>___________________________<\/p>\n<h4><strong>Resumen le\u00eddo por el Santo Padre en espa\u00f1ol<\/strong><\/h4>\n<p>Queridos hermanos y hermanas:<\/p>\n<p>Retomamos el ciclo de catequesis dedicadas al tema del celo apost\u00f3lico. Hoy reflexionamos sobre la evangelizaci\u00f3n en el continente americano, y ah\u00ed tenemos un modelo excepcional: la Virgen de Guadalupe. En M\u00e9xico \u2014como en Lourdes y en F\u00e1tima\u2014 Mar\u00eda se apareci\u00f3 a una persona humilde, sencilla, a un indio que se llamaba Juan Diego, y de ese modo hizo llegar su mensaje a todo el Pueblo fiel de Dios. Ella anuncia a Jes\u00fas siguiendo el camino de la inculturaci\u00f3n, es decir, por medio de la lengua y la cultura aut\u00f3ctonas, y con su cercan\u00eda materna manifiesta a todos sus hijos el amor y el consuelo de su Inmaculado Coraz\u00f3n.<\/p>\n<p>A Juan Diego no le fue f\u00e1cil ser mensajero de la Virgen, tuvo que afrontar incomprensiones, dificultades e imprevistos. Esto nos ense\u00f1a que para anunciar el Evangelio no es suficiente dar testimonio del bien, sino a veces saber sufrir los males, con paciencia y constancia, sin miedo a los conflictos. En esos momentos dif\u00edciles de conflictos, invoquemos a Mar\u00eda, nuestra Madre, que siempre nos ayuda, nos alienta y nos gu\u00eda hacia Dios.<\/p>\n<h4><strong>Saludos:<\/strong><\/h4>\n<p>Saludo cordialmente a los peregrinos de lengua espa\u00f1ola. Por intercesi\u00f3n de Nuestra Se\u00f1ora de Guadalupe, pidamos al Se\u00f1or que auxilie y que fortalezca especialmente a las madres y a las abuelas, que son las primeras mensajeras del Evangelio para sus hijos y sus nietos. Que Jes\u00fas los bendiga y la Virgen Santa los cuide. Muchas gracias.<\/p>\n<p><iframe loading=\"lazy\" title=\"Audiencia General -  23 agosto 2023 - Papa Francisco\" width=\"500\" height=\"281\" src=\"https:\/\/www.youtube.com\/embed\/5qWNUxK6x-0?feature=oembed\" frameborder=\"0\" allow=\"accelerometer; autoplay; clipboard-write; encrypted-media; gyroscope; picture-in-picture; web-share\" referrerpolicy=\"strict-origin-when-cross-origin\" allowfullscreen><\/iframe><\/p>\n","protected":false},"excerpt":{"rendered":"<p>Audiencia General<\/p>\n","protected":false},"author":15,"featured_media":82152,"comment_status":"closed","ping_status":"closed","sticky":false,"template":"","format":"standard","meta":{"_acf_changed":false,"_crdt_document":"","inline_featured_image":false,"footnotes":""},"categories":[112,68],"tags":[179,158,8258,4953],"class_list":["post-82150","post","type-post","status-publish","format-standard","has-post-thumbnail","hentry","category-audiencia-general","category-leon-xiv","tag-audiencia-general","tag-papa-francisco","tag-pasion-por-la-evangelizacion","tag-trending-es"],"acf":[],"yoast_head":"<!-- This site is optimized with the Yoast SEO plugin v27.5 - https:\/\/yoast.com\/product\/yoast-seo-wordpress\/ -->\n<title>Papa Francisco: Acudamos a Mar\u00eda nuestra Madre, en los momentos dif\u00edciles &#8211; Exaudi<\/title>\n<meta name=\"robots\" content=\"index, follow, max-snippet:-1, max-image-preview:large, max-video-preview:-1\" \/>\n<link rel=\"canonical\" href=\"https:\/\/exaudi.org\/es\/el-papa-reanuda-el-ciclo-de-catequesis-sobre-el-tema-del-celo-apostolico\/\" \/>\n<meta property=\"og:locale\" content=\"es_ES\" \/>\n<meta property=\"og:type\" content=\"article\" \/>\n<meta property=\"og:title\" content=\"Papa Francisco: Acudamos a Mar\u00eda nuestra Madre, en los momentos dif\u00edciles &#8211; Exaudi\" \/>\n<meta property=\"og:description\" content=\"Audiencia General\" \/>\n<meta property=\"og:url\" content=\"https:\/\/exaudi.org\/es\/el-papa-reanuda-el-ciclo-de-catequesis-sobre-el-tema-del-celo-apostolico\/\" \/>\n<meta property=\"og:site_name\" content=\"Exaudi\" \/>\n<meta property=\"article:publisher\" content=\"https:\/\/www.facebook.com\/ExaudiNews\" \/>\n<meta property=\"article:author\" content=\"https:\/\/www.facebook.com\/ExaudiNoticias\/\" \/>\n<meta property=\"article:published_time\" content=\"2023-08-24T07:14:09+00:00\" \/>\n<meta property=\"article:modified_time\" content=\"2023-08-27T16:28:28+00:00\" \/>\n<meta property=\"og:image\" content=\"https:\/\/exaudi.org\/wp-content\/uploads\/2023\/08\/369628605_607529511573920_4942148862125931032_n.jpg\" \/>\n\t<meta property=\"og:image:width\" content=\"720\" \/>\n\t<meta property=\"og:image:height\" content=\"720\" \/>\n\t<meta property=\"og:image:type\" content=\"image\/jpeg\" \/>\n<meta name=\"author\" content=\"Exaudi Redacci\u00f3n\" \/>\n<meta name=\"twitter:card\" content=\"summary_large_image\" \/>\n<meta name=\"twitter:creator\" content=\"@Exaudi_noticias\" \/>\n<meta name=\"twitter:site\" content=\"@Exaudi_News\" \/>\n<meta name=\"twitter:label1\" content=\"Escrito por\" \/>\n\t<meta name=\"twitter:data1\" content=\"Exaudi Redacci\u00f3n\" \/>\n\t<meta name=\"twitter:label2\" content=\"Tiempo de lectura\" \/>\n\t<meta name=\"twitter:data2\" content=\"8 minutos\" \/>\n<script type=\"application\/ld+json\" class=\"yoast-schema-graph\">{\"@context\":\"https:\\\/\\\/schema.org\",\"@graph\":[{\"@type\":\"Article\",\"@id\":\"https:\\\/\\\/exaudi.org\\\/es\\\/el-papa-reanuda-el-ciclo-de-catequesis-sobre-el-tema-del-celo-apostolico\\\/#article\",\"isPartOf\":{\"@id\":\"https:\\\/\\\/exaudi.org\\\/es\\\/el-papa-reanuda-el-ciclo-de-catequesis-sobre-el-tema-del-celo-apostolico\\\/\"},\"author\":{\"name\":\"Exaudi Redacci\u00f3n\",\"@id\":\"https:\\\/\\\/exaudi.org\\\/#\\\/schema\\\/person\\\/f5fc8f063065e38742da7afe15f25df7\"},\"headline\":\"Papa Francisco: Acudamos a Mar\u00eda nuestra Madre, en los momentos dif\u00edciles\",\"datePublished\":\"2023-08-24T07:14:09+00:00\",\"dateModified\":\"2023-08-27T16:28:28+00:00\",\"mainEntityOfPage\":{\"@id\":\"https:\\\/\\\/exaudi.org\\\/es\\\/el-papa-reanuda-el-ciclo-de-catequesis-sobre-el-tema-del-celo-apostolico\\\/\"},\"wordCount\":1626,\"image\":{\"@id\":\"https:\\\/\\\/exaudi.org\\\/es\\\/el-papa-reanuda-el-ciclo-de-catequesis-sobre-el-tema-del-celo-apostolico\\\/#primaryimage\"},\"thumbnailUrl\":\"https:\\\/\\\/exaudi.org\\\/wp-content\\\/uploads\\\/2023\\\/08\\\/369628605_607529511573920_4942148862125931032_n.jpg\",\"keywords\":[\"audiencia general\",\"papa francisco\",\"Pasi\u00f3n por la Evangelizaci\u00f3n\",\"Trending\"],\"articleSection\":[\"Audiencia General\",\"Le\u00f3n XIV\"],\"inLanguage\":\"es\"},{\"@type\":\"WebPage\",\"@id\":\"https:\\\/\\\/exaudi.org\\\/es\\\/el-papa-reanuda-el-ciclo-de-catequesis-sobre-el-tema-del-celo-apostolico\\\/\",\"url\":\"https:\\\/\\\/exaudi.org\\\/es\\\/el-papa-reanuda-el-ciclo-de-catequesis-sobre-el-tema-del-celo-apostolico\\\/\",\"name\":\"Papa Francisco: Acudamos a Mar\u00eda nuestra Madre, en los momentos dif\u00edciles &#8211; Exaudi\",\"isPartOf\":{\"@id\":\"https:\\\/\\\/exaudi.org\\\/#website\"},\"primaryImageOfPage\":{\"@id\":\"https:\\\/\\\/exaudi.org\\\/es\\\/el-papa-reanuda-el-ciclo-de-catequesis-sobre-el-tema-del-celo-apostolico\\\/#primaryimage\"},\"image\":{\"@id\":\"https:\\\/\\\/exaudi.org\\\/es\\\/el-papa-reanuda-el-ciclo-de-catequesis-sobre-el-tema-del-celo-apostolico\\\/#primaryimage\"},\"thumbnailUrl\":\"https:\\\/\\\/exaudi.org\\\/wp-content\\\/uploads\\\/2023\\\/08\\\/369628605_607529511573920_4942148862125931032_n.jpg\",\"datePublished\":\"2023-08-24T07:14:09+00:00\",\"dateModified\":\"2023-08-27T16:28:28+00:00\",\"author\":{\"@id\":\"https:\\\/\\\/exaudi.org\\\/#\\\/schema\\\/person\\\/f5fc8f063065e38742da7afe15f25df7\"},\"breadcrumb\":{\"@id\":\"https:\\\/\\\/exaudi.org\\\/es\\\/el-papa-reanuda-el-ciclo-de-catequesis-sobre-el-tema-del-celo-apostolico\\\/#breadcrumb\"},\"inLanguage\":\"es\",\"potentialAction\":[{\"@type\":\"ReadAction\",\"target\":[\"https:\\\/\\\/exaudi.org\\\/es\\\/el-papa-reanuda-el-ciclo-de-catequesis-sobre-el-tema-del-celo-apostolico\\\/\"]}]},{\"@type\":\"ImageObject\",\"inLanguage\":\"es\",\"@id\":\"https:\\\/\\\/exaudi.org\\\/es\\\/el-papa-reanuda-el-ciclo-de-catequesis-sobre-el-tema-del-celo-apostolico\\\/#primaryimage\",\"url\":\"https:\\\/\\\/exaudi.org\\\/wp-content\\\/uploads\\\/2023\\\/08\\\/369628605_607529511573920_4942148862125931032_n.jpg\",\"contentUrl\":\"https:\\\/\\\/exaudi.org\\\/wp-content\\\/uploads\\\/2023\\\/08\\\/369628605_607529511573920_4942148862125931032_n.jpg\",\"width\":720,\"height\":720},{\"@type\":\"BreadcrumbList\",\"@id\":\"https:\\\/\\\/exaudi.org\\\/es\\\/el-papa-reanuda-el-ciclo-de-catequesis-sobre-el-tema-del-celo-apostolico\\\/#breadcrumb\",\"itemListElement\":[{\"@type\":\"ListItem\",\"position\":1,\"name\":\"Portada\",\"item\":\"https:\\\/\\\/exaudi.org\\\/es\\\/\"},{\"@type\":\"ListItem\",\"position\":2,\"name\":\"Papa Francisco: Acudamos a Mar\u00eda nuestra Madre, en los momentos dif\u00edciles\"}]},{\"@type\":\"WebSite\",\"@id\":\"https:\\\/\\\/exaudi.org\\\/#website\",\"url\":\"https:\\\/\\\/exaudi.org\\\/\",\"name\":\"Exaudi\",\"description\":\"News\",\"potentialAction\":[{\"@type\":\"SearchAction\",\"target\":{\"@type\":\"EntryPoint\",\"urlTemplate\":\"https:\\\/\\\/exaudi.org\\\/?s={search_term_string}\"},\"query-input\":{\"@type\":\"PropertyValueSpecification\",\"valueRequired\":true,\"valueName\":\"search_term_string\"}}],\"inLanguage\":\"es\"},{\"@type\":\"Person\",\"@id\":\"https:\\\/\\\/exaudi.org\\\/#\\\/schema\\\/person\\\/f5fc8f063065e38742da7afe15f25df7\",\"name\":\"Exaudi Redacci\u00f3n\",\"image\":{\"@type\":\"ImageObject\",\"inLanguage\":\"es\",\"@id\":\"https:\\\/\\\/secure.gravatar.com\\\/avatar\\\/fe0f6a059fb68d9b3e11bc5850dd4899b1c7492091a3cb6dd9b01b56ad828be2?s=96&d=mm&r=g\",\"url\":\"https:\\\/\\\/secure.gravatar.com\\\/avatar\\\/fe0f6a059fb68d9b3e11bc5850dd4899b1c7492091a3cb6dd9b01b56ad828be2?s=96&d=mm&r=g\",\"contentUrl\":\"https:\\\/\\\/secure.gravatar.com\\\/avatar\\\/fe0f6a059fb68d9b3e11bc5850dd4899b1c7492091a3cb6dd9b01b56ad828be2?s=96&d=mm&r=g\",\"caption\":\"Exaudi Redacci\u00f3n\"},\"description\":\"\u00bfQu\u00e9 es Exaudi News? Exaudi News es un medio de comunicaci\u00f3n cat\u00f3lico internacional que informa, forma y transforma, diariamente en espa\u00f1ol, ingl\u00e9s e italiano. A trav\u00e9s de noticias, art\u00edculos de an\u00e1lisis y transmisiones en directo de los eventos del Papa, Exaudi busca fortalecer la unidad de los cristianos y contribuir a la evangelizaci\u00f3n del mundo, siempre guiados por la doctrina social de la Iglesia. Trabajamos para acercar la verdad y los valores cristianos a cada rinc\u00f3n del planeta. \u00a1Ay\u00fadanos a transformar el mundo con Exaudi! En Exaudi creemos que la evangelizaci\u00f3n y la informaci\u00f3n de calidad pueden cambiar vidas. Para continuar con nuestra misi\u00f3n y expandir nuestro alcance, necesitamos tu ayuda. Adem\u00e1s, buscamos personas comprometidas que deseen unirse a nuestro equipo. Con tu apoyo, lograremos llegar a m\u00e1s personas, difundir el mensaje de Cristo y reforzar la unidad de los cristianos. \u00bfTe unes a nuestra misi\u00f3n? Para m\u00e1s informaci\u00f3n sobre c\u00f3mo colaborar, visita Exaudi.org\\\/es o cont\u00e1ctanos directamente: info@exaudi.org Exaudi: Informa, forma y transforma.\",\"sameAs\":[\"https:\\\/\\\/www.facebook.com\\\/ExaudiNoticias\\\/\",\"https:\\\/\\\/www.instagram.com\\\/exaudi_noticias\\\/\",\"https:\\\/\\\/x.com\\\/Exaudi_noticias\",\"https:\\\/\\\/www.youtube.com\\\/@exaudicatholicnews\"],\"url\":\"https:\\\/\\\/exaudi.org\\\/es\\\/author\\\/redaccionexaudi\\\/\"}]}<\/script>\n<!-- \/ Yoast SEO plugin. -->","yoast_head_json":{"title":"Papa Francisco: Acudamos a Mar\u00eda nuestra Madre, en los momentos dif\u00edciles &#8211; Exaudi","robots":{"index":"index","follow":"follow","max-snippet":"max-snippet:-1","max-image-preview":"max-image-preview:large","max-video-preview":"max-video-preview:-1"},"canonical":"https:\/\/exaudi.org\/es\/el-papa-reanuda-el-ciclo-de-catequesis-sobre-el-tema-del-celo-apostolico\/","og_locale":"es_ES","og_type":"article","og_title":"Papa Francisco: Acudamos a Mar\u00eda nuestra Madre, en los momentos dif\u00edciles &#8211; Exaudi","og_description":"Audiencia General","og_url":"https:\/\/exaudi.org\/es\/el-papa-reanuda-el-ciclo-de-catequesis-sobre-el-tema-del-celo-apostolico\/","og_site_name":"Exaudi","article_publisher":"https:\/\/www.facebook.com\/ExaudiNews","article_author":"https:\/\/www.facebook.com\/ExaudiNoticias\/","article_published_time":"2023-08-24T07:14:09+00:00","article_modified_time":"2023-08-27T16:28:28+00:00","og_image":[{"width":720,"height":720,"url":"https:\/\/exaudi.org\/wp-content\/uploads\/2023\/08\/369628605_607529511573920_4942148862125931032_n.jpg","type":"image\/jpeg"}],"author":"Exaudi Redacci\u00f3n","twitter_card":"summary_large_image","twitter_creator":"@Exaudi_noticias","twitter_site":"@Exaudi_News","twitter_misc":{"Escrito por":"Exaudi Redacci\u00f3n","Tiempo de lectura":"8 minutos"},"schema":{"@context":"https:\/\/schema.org","@graph":[{"@type":"Article","@id":"https:\/\/exaudi.org\/es\/el-papa-reanuda-el-ciclo-de-catequesis-sobre-el-tema-del-celo-apostolico\/#article","isPartOf":{"@id":"https:\/\/exaudi.org\/es\/el-papa-reanuda-el-ciclo-de-catequesis-sobre-el-tema-del-celo-apostolico\/"},"author":{"name":"Exaudi Redacci\u00f3n","@id":"https:\/\/exaudi.org\/#\/schema\/person\/f5fc8f063065e38742da7afe15f25df7"},"headline":"Papa Francisco: Acudamos a Mar\u00eda nuestra Madre, en los momentos dif\u00edciles","datePublished":"2023-08-24T07:14:09+00:00","dateModified":"2023-08-27T16:28:28+00:00","mainEntityOfPage":{"@id":"https:\/\/exaudi.org\/es\/el-papa-reanuda-el-ciclo-de-catequesis-sobre-el-tema-del-celo-apostolico\/"},"wordCount":1626,"image":{"@id":"https:\/\/exaudi.org\/es\/el-papa-reanuda-el-ciclo-de-catequesis-sobre-el-tema-del-celo-apostolico\/#primaryimage"},"thumbnailUrl":"https:\/\/exaudi.org\/wp-content\/uploads\/2023\/08\/369628605_607529511573920_4942148862125931032_n.jpg","keywords":["audiencia general","papa francisco","Pasi\u00f3n por la Evangelizaci\u00f3n","Trending"],"articleSection":["Audiencia General","Le\u00f3n XIV"],"inLanguage":"es"},{"@type":"WebPage","@id":"https:\/\/exaudi.org\/es\/el-papa-reanuda-el-ciclo-de-catequesis-sobre-el-tema-del-celo-apostolico\/","url":"https:\/\/exaudi.org\/es\/el-papa-reanuda-el-ciclo-de-catequesis-sobre-el-tema-del-celo-apostolico\/","name":"Papa Francisco: Acudamos a Mar\u00eda nuestra Madre, en los momentos dif\u00edciles &#8211; Exaudi","isPartOf":{"@id":"https:\/\/exaudi.org\/#website"},"primaryImageOfPage":{"@id":"https:\/\/exaudi.org\/es\/el-papa-reanuda-el-ciclo-de-catequesis-sobre-el-tema-del-celo-apostolico\/#primaryimage"},"image":{"@id":"https:\/\/exaudi.org\/es\/el-papa-reanuda-el-ciclo-de-catequesis-sobre-el-tema-del-celo-apostolico\/#primaryimage"},"thumbnailUrl":"https:\/\/exaudi.org\/wp-content\/uploads\/2023\/08\/369628605_607529511573920_4942148862125931032_n.jpg","datePublished":"2023-08-24T07:14:09+00:00","dateModified":"2023-08-27T16:28:28+00:00","author":{"@id":"https:\/\/exaudi.org\/#\/schema\/person\/f5fc8f063065e38742da7afe15f25df7"},"breadcrumb":{"@id":"https:\/\/exaudi.org\/es\/el-papa-reanuda-el-ciclo-de-catequesis-sobre-el-tema-del-celo-apostolico\/#breadcrumb"},"inLanguage":"es","potentialAction":[{"@type":"ReadAction","target":["https:\/\/exaudi.org\/es\/el-papa-reanuda-el-ciclo-de-catequesis-sobre-el-tema-del-celo-apostolico\/"]}]},{"@type":"ImageObject","inLanguage":"es","@id":"https:\/\/exaudi.org\/es\/el-papa-reanuda-el-ciclo-de-catequesis-sobre-el-tema-del-celo-apostolico\/#primaryimage","url":"https:\/\/exaudi.org\/wp-content\/uploads\/2023\/08\/369628605_607529511573920_4942148862125931032_n.jpg","contentUrl":"https:\/\/exaudi.org\/wp-content\/uploads\/2023\/08\/369628605_607529511573920_4942148862125931032_n.jpg","width":720,"height":720},{"@type":"BreadcrumbList","@id":"https:\/\/exaudi.org\/es\/el-papa-reanuda-el-ciclo-de-catequesis-sobre-el-tema-del-celo-apostolico\/#breadcrumb","itemListElement":[{"@type":"ListItem","position":1,"name":"Portada","item":"https:\/\/exaudi.org\/es\/"},{"@type":"ListItem","position":2,"name":"Papa Francisco: Acudamos a Mar\u00eda nuestra Madre, en los momentos dif\u00edciles"}]},{"@type":"WebSite","@id":"https:\/\/exaudi.org\/#website","url":"https:\/\/exaudi.org\/","name":"Exaudi","description":"News","potentialAction":[{"@type":"SearchAction","target":{"@type":"EntryPoint","urlTemplate":"https:\/\/exaudi.org\/?s={search_term_string}"},"query-input":{"@type":"PropertyValueSpecification","valueRequired":true,"valueName":"search_term_string"}}],"inLanguage":"es"},{"@type":"Person","@id":"https:\/\/exaudi.org\/#\/schema\/person\/f5fc8f063065e38742da7afe15f25df7","name":"Exaudi Redacci\u00f3n","image":{"@type":"ImageObject","inLanguage":"es","@id":"https:\/\/secure.gravatar.com\/avatar\/fe0f6a059fb68d9b3e11bc5850dd4899b1c7492091a3cb6dd9b01b56ad828be2?s=96&d=mm&r=g","url":"https:\/\/secure.gravatar.com\/avatar\/fe0f6a059fb68d9b3e11bc5850dd4899b1c7492091a3cb6dd9b01b56ad828be2?s=96&d=mm&r=g","contentUrl":"https:\/\/secure.gravatar.com\/avatar\/fe0f6a059fb68d9b3e11bc5850dd4899b1c7492091a3cb6dd9b01b56ad828be2?s=96&d=mm&r=g","caption":"Exaudi Redacci\u00f3n"},"description":"\u00bfQu\u00e9 es Exaudi News? Exaudi News es un medio de comunicaci\u00f3n cat\u00f3lico internacional que informa, forma y transforma, diariamente en espa\u00f1ol, ingl\u00e9s e italiano. A trav\u00e9s de noticias, art\u00edculos de an\u00e1lisis y transmisiones en directo de los eventos del Papa, Exaudi busca fortalecer la unidad de los cristianos y contribuir a la evangelizaci\u00f3n del mundo, siempre guiados por la doctrina social de la Iglesia. Trabajamos para acercar la verdad y los valores cristianos a cada rinc\u00f3n del planeta. \u00a1Ay\u00fadanos a transformar el mundo con Exaudi! En Exaudi creemos que la evangelizaci\u00f3n y la informaci\u00f3n de calidad pueden cambiar vidas. Para continuar con nuestra misi\u00f3n y expandir nuestro alcance, necesitamos tu ayuda. Adem\u00e1s, buscamos personas comprometidas que deseen unirse a nuestro equipo. Con tu apoyo, lograremos llegar a m\u00e1s personas, difundir el mensaje de Cristo y reforzar la unidad de los cristianos. \u00bfTe unes a nuestra misi\u00f3n? Para m\u00e1s informaci\u00f3n sobre c\u00f3mo colaborar, visita Exaudi.org\/es o cont\u00e1ctanos directamente: info@exaudi.org Exaudi: Informa, forma y transforma.","sameAs":["https:\/\/www.facebook.com\/ExaudiNoticias\/","https:\/\/www.instagram.com\/exaudi_noticias\/","https:\/\/x.com\/Exaudi_noticias","https:\/\/www.youtube.com\/@exaudicatholicnews"],"url":"https:\/\/exaudi.org\/es\/author\/redaccionexaudi\/"}]}},"jetpack_featured_media_url":"https:\/\/exaudi.org\/wp-content\/uploads\/2023\/08\/369628605_607529511573920_4942148862125931032_n.jpg","jetpack_shortlink":"https:\/\/wp.me\/pgKjF2-ln0","_links":{"self":[{"href":"https:\/\/exaudi.org\/es\/wp-json\/wp\/v2\/posts\/82150","targetHints":{"allow":["GET"]}}],"collection":[{"href":"https:\/\/exaudi.org\/es\/wp-json\/wp\/v2\/posts"}],"about":[{"href":"https:\/\/exaudi.org\/es\/wp-json\/wp\/v2\/types\/post"}],"author":[{"embeddable":true,"href":"https:\/\/exaudi.org\/es\/wp-json\/wp\/v2\/users\/15"}],"replies":[{"embeddable":true,"href":"https:\/\/exaudi.org\/es\/wp-json\/wp\/v2\/comments?post=82150"}],"version-history":[{"count":0,"href":"https:\/\/exaudi.org\/es\/wp-json\/wp\/v2\/posts\/82150\/revisions"}],"wp:featuredmedia":[{"embeddable":true,"href":"https:\/\/exaudi.org\/es\/wp-json\/wp\/v2\/media\/82152"}],"wp:attachment":[{"href":"https:\/\/exaudi.org\/es\/wp-json\/wp\/v2\/media?parent=82150"}],"wp:term":[{"taxonomy":"category","embeddable":true,"href":"https:\/\/exaudi.org\/es\/wp-json\/wp\/v2\/categories?post=82150"},{"taxonomy":"post_tag","embeddable":true,"href":"https:\/\/exaudi.org\/es\/wp-json\/wp\/v2\/tags?post=82150"}],"curies":[{"name":"wp","href":"https:\/\/api.w.org\/{rel}","templated":true}]}}