{"id":81798,"date":"2023-08-10T08:50:56","date_gmt":"2023-08-10T06:50:56","guid":{"rendered":"https:\/\/exaudi.org\/?p=81798"},"modified":"2023-08-10T08:50:56","modified_gmt":"2023-08-10T06:50:56","slug":"nagasaki-ciudad-simbolo-del-catolicismo-japones","status":"publish","type":"post","link":"https:\/\/exaudi.org\/es\/nagasaki-ciudad-simbolo-del-catolicismo-japones\/","title":{"rendered":"Nagasaki, ciudad s\u00edmbolo del catolicismo japon\u00e9s"},"content":{"rendered":"<p>El 9 de agosto se cumple el 78\u00ba aniversario del bombardeo at\u00f3mico de Nagasaki, el segundo de la historia, despu\u00e9s del de Hiroshima el 6 de agosto de 1945. Nagasaki era entonces el centro m\u00e1s importante de la comunidad cat\u00f3lica japonesa, con una historia que se remonta al siglo XVI, compuesta de persecuciones, pero tambi\u00e9n de una comunidad que durante siglos mantuvo la fe en silencio, bautizando en secreto a sus hijos aunque no pudieran acceder a la Eucarist\u00eda por falta de sacerdotes, tal como informa la agencia <i><a href=\"http:\/\/www.fides.org\/es\/news\/74082-ASIA_JAPON_Nagasaki_ciudad_simbolo_del_catolicismo_japones\" target=\"_blank\" rel=\"external nofollow noopener\">Fides<\/a><\/i>.<\/p>\n<p>Y fue en Nagasaki, en 1597, donde veintis\u00e9is cat\u00f3licos fueron martirizados y fue tambi\u00e9n en esa ciudad donde otros cincuenta y seis creyentes fueron asesinados en 1622.<\/p>\n<p>La bomba nuclear estall\u00f3 a quinientos metros de altura, a medio kil\u00f3metro de la Urakami Tenshudo, la catedral de la Inmaculada Concepci\u00f3n, cuyas agujas hab\u00edan sido tomadas como punto de referencia por los pilotos del B-29 que descarg\u00f3 la bomba de plutonio, llamada \u00abFat Man\u00bb.<\/p>\n<p>En ese momento, hab\u00eda en la catedral unos treinta fieles que se confesaban para prepararse dignamente a las celebraciones de la Asunci\u00f3n. La catedral destruida era la mayor iglesia cat\u00f3lica de Asia, edificada en 30 a\u00f1os.<\/p>\n<p>La bomba at\u00f3mica de Nagasaki mat\u00f3 instant\u00e1neamente a cuarenta mil personas e hiri\u00f3 a setenta y cinco mil. Y a finales de 1945 hab\u00edan muerto setenta y cuatro mil \u00a0personas.<\/p>\n","protected":false},"excerpt":{"rendered":"<p>Este 9 de agosto se cumple el 78\u00ba aniversario del bombardeo at\u00f3mico de Nagasaki, el segundo de la historia, despu\u00e9s del de Hiroshima del 6 de agosto de 1945<\/p>\n","protected":false},"author":15,"featured_media":81799,"comment_status":"closed","ping_status":"closed","sticky":false,"template":"","format":"standard","meta":{"_acf_changed":false,"_crdt_document":"","inline_featured_image":false,"footnotes":""},"categories":[74],"tags":[1772,3164,3834,449,6814,4953],"class_list":["post-81798","post","type-post","status-publish","format-standard","has-post-thumbnail","hentry","category-iglesia-y-mundo","tag-aniversario","tag-fe-es","tag-guerra-es","tag-iglesia-catolica","tag-japon","tag-trending-es"],"acf":[],"yoast_head":"<!-- This site is optimized with the Yoast SEO plugin v27.5 - https:\/\/yoast.com\/product\/yoast-seo-wordpress\/ -->\n<title>Nagasaki, ciudad s\u00edmbolo del catolicismo japon\u00e9s &#8211; Exaudi<\/title>\n<meta name=\"robots\" content=\"index, follow, max-snippet:-1, max-image-preview:large, max-video-preview:-1\" \/>\n<link rel=\"canonical\" href=\"https:\/\/exaudi.org\/es\/nagasaki-ciudad-simbolo-del-catolicismo-japones\/\" \/>\n<meta property=\"og:locale\" content=\"es_ES\" \/>\n<meta property=\"og:type\" content=\"article\" \/>\n<meta property=\"og:title\" content=\"Nagasaki, ciudad s\u00edmbolo del catolicismo japon\u00e9s &#8211; Exaudi\" \/>\n<meta property=\"og:description\" content=\"Este 9 de agosto se cumple el 78\u00ba aniversario del bombardeo at\u00f3mico de Nagasaki, el segundo de la historia, despu\u00e9s del de Hiroshima del 6 de agosto de 1945\" \/>\n<meta property=\"og:url\" content=\"https:\/\/exaudi.org\/es\/nagasaki-ciudad-simbolo-del-catolicismo-japones\/\" \/>\n<meta property=\"og:site_name\" content=\"Exaudi\" \/>\n<meta property=\"article:publisher\" content=\"https:\/\/www.facebook.com\/ExaudiNews\" \/>\n<meta property=\"article:author\" content=\"https:\/\/www.facebook.com\/ExaudiNoticias\/\" \/>\n<meta property=\"article:published_time\" content=\"2023-08-10T06:50:56+00:00\" \/>\n<meta property=\"og:image\" content=\"https:\/\/exaudi.org\/wp-content\/uploads\/2023\/08\/cq5dam.thumbnail.cropped.500.281.jpeg\" \/>\n\t<meta property=\"og:image:width\" content=\"500\" \/>\n\t<meta property=\"og:image:height\" content=\"281\" \/>\n\t<meta property=\"og:image:type\" content=\"image\/jpeg\" \/>\n<meta name=\"author\" content=\"Exaudi Redacci\u00f3n\" \/>\n<meta name=\"twitter:card\" content=\"summary_large_image\" \/>\n<meta name=\"twitter:creator\" content=\"@Exaudi_noticias\" \/>\n<meta name=\"twitter:site\" content=\"@Exaudi_News\" \/>\n<meta name=\"twitter:label1\" content=\"Escrito por\" \/>\n\t<meta name=\"twitter:data1\" content=\"Exaudi Redacci\u00f3n\" \/>\n\t<meta name=\"twitter:label2\" content=\"Tiempo de lectura\" \/>\n\t<meta name=\"twitter:data2\" content=\"1 minuto\" \/>\n<script type=\"application\/ld+json\" class=\"yoast-schema-graph\">{\"@context\":\"https:\\\/\\\/schema.org\",\"@graph\":[{\"@type\":\"Article\",\"@id\":\"https:\\\/\\\/exaudi.org\\\/es\\\/nagasaki-ciudad-simbolo-del-catolicismo-japones\\\/#article\",\"isPartOf\":{\"@id\":\"https:\\\/\\\/exaudi.org\\\/es\\\/nagasaki-ciudad-simbolo-del-catolicismo-japones\\\/\"},\"author\":{\"name\":\"Exaudi Redacci\u00f3n\",\"@id\":\"https:\\\/\\\/exaudi.org\\\/#\\\/schema\\\/person\\\/f5fc8f063065e38742da7afe15f25df7\"},\"headline\":\"Nagasaki, ciudad s\u00edmbolo del catolicismo japon\u00e9s\",\"datePublished\":\"2023-08-10T06:50:56+00:00\",\"mainEntityOfPage\":{\"@id\":\"https:\\\/\\\/exaudi.org\\\/es\\\/nagasaki-ciudad-simbolo-del-catolicismo-japones\\\/\"},\"wordCount\":246,\"image\":{\"@id\":\"https:\\\/\\\/exaudi.org\\\/es\\\/nagasaki-ciudad-simbolo-del-catolicismo-japones\\\/#primaryimage\"},\"thumbnailUrl\":\"https:\\\/\\\/exaudi.org\\\/wp-content\\\/uploads\\\/2023\\\/08\\\/cq5dam.thumbnail.cropped.500.281.jpeg\",\"keywords\":[\"Aniversario\",\"fe\",\"guerra\",\"Iglesia cat\u00f3lica\",\"Jap\u00f3n\",\"Trending\"],\"articleSection\":[\"Iglesia y Mundo\"],\"inLanguage\":\"es\"},{\"@type\":\"WebPage\",\"@id\":\"https:\\\/\\\/exaudi.org\\\/es\\\/nagasaki-ciudad-simbolo-del-catolicismo-japones\\\/\",\"url\":\"https:\\\/\\\/exaudi.org\\\/es\\\/nagasaki-ciudad-simbolo-del-catolicismo-japones\\\/\",\"name\":\"Nagasaki, ciudad s\u00edmbolo del catolicismo japon\u00e9s &#8211; Exaudi\",\"isPartOf\":{\"@id\":\"https:\\\/\\\/exaudi.org\\\/#website\"},\"primaryImageOfPage\":{\"@id\":\"https:\\\/\\\/exaudi.org\\\/es\\\/nagasaki-ciudad-simbolo-del-catolicismo-japones\\\/#primaryimage\"},\"image\":{\"@id\":\"https:\\\/\\\/exaudi.org\\\/es\\\/nagasaki-ciudad-simbolo-del-catolicismo-japones\\\/#primaryimage\"},\"thumbnailUrl\":\"https:\\\/\\\/exaudi.org\\\/wp-content\\\/uploads\\\/2023\\\/08\\\/cq5dam.thumbnail.cropped.500.281.jpeg\",\"datePublished\":\"2023-08-10T06:50:56+00:00\",\"author\":{\"@id\":\"https:\\\/\\\/exaudi.org\\\/#\\\/schema\\\/person\\\/f5fc8f063065e38742da7afe15f25df7\"},\"breadcrumb\":{\"@id\":\"https:\\\/\\\/exaudi.org\\\/es\\\/nagasaki-ciudad-simbolo-del-catolicismo-japones\\\/#breadcrumb\"},\"inLanguage\":\"es\",\"potentialAction\":[{\"@type\":\"ReadAction\",\"target\":[\"https:\\\/\\\/exaudi.org\\\/es\\\/nagasaki-ciudad-simbolo-del-catolicismo-japones\\\/\"]}]},{\"@type\":\"ImageObject\",\"inLanguage\":\"es\",\"@id\":\"https:\\\/\\\/exaudi.org\\\/es\\\/nagasaki-ciudad-simbolo-del-catolicismo-japones\\\/#primaryimage\",\"url\":\"https:\\\/\\\/exaudi.org\\\/wp-content\\\/uploads\\\/2023\\\/08\\\/cq5dam.thumbnail.cropped.500.281.jpeg\",\"contentUrl\":\"https:\\\/\\\/exaudi.org\\\/wp-content\\\/uploads\\\/2023\\\/08\\\/cq5dam.thumbnail.cropped.500.281.jpeg\",\"width\":500,\"height\":281},{\"@type\":\"BreadcrumbList\",\"@id\":\"https:\\\/\\\/exaudi.org\\\/es\\\/nagasaki-ciudad-simbolo-del-catolicismo-japones\\\/#breadcrumb\",\"itemListElement\":[{\"@type\":\"ListItem\",\"position\":1,\"name\":\"Portada\",\"item\":\"https:\\\/\\\/exaudi.org\\\/es\\\/\"},{\"@type\":\"ListItem\",\"position\":2,\"name\":\"Nagasaki, ciudad s\u00edmbolo del catolicismo japon\u00e9s\"}]},{\"@type\":\"WebSite\",\"@id\":\"https:\\\/\\\/exaudi.org\\\/#website\",\"url\":\"https:\\\/\\\/exaudi.org\\\/\",\"name\":\"Exaudi\",\"description\":\"News\",\"potentialAction\":[{\"@type\":\"SearchAction\",\"target\":{\"@type\":\"EntryPoint\",\"urlTemplate\":\"https:\\\/\\\/exaudi.org\\\/?s={search_term_string}\"},\"query-input\":{\"@type\":\"PropertyValueSpecification\",\"valueRequired\":true,\"valueName\":\"search_term_string\"}}],\"inLanguage\":\"es\"},{\"@type\":\"Person\",\"@id\":\"https:\\\/\\\/exaudi.org\\\/#\\\/schema\\\/person\\\/f5fc8f063065e38742da7afe15f25df7\",\"name\":\"Exaudi Redacci\u00f3n\",\"image\":{\"@type\":\"ImageObject\",\"inLanguage\":\"es\",\"@id\":\"https:\\\/\\\/secure.gravatar.com\\\/avatar\\\/fe0f6a059fb68d9b3e11bc5850dd4899b1c7492091a3cb6dd9b01b56ad828be2?s=96&d=mm&r=g\",\"url\":\"https:\\\/\\\/secure.gravatar.com\\\/avatar\\\/fe0f6a059fb68d9b3e11bc5850dd4899b1c7492091a3cb6dd9b01b56ad828be2?s=96&d=mm&r=g\",\"contentUrl\":\"https:\\\/\\\/secure.gravatar.com\\\/avatar\\\/fe0f6a059fb68d9b3e11bc5850dd4899b1c7492091a3cb6dd9b01b56ad828be2?s=96&d=mm&r=g\",\"caption\":\"Exaudi Redacci\u00f3n\"},\"description\":\"\u00bfQu\u00e9 es Exaudi News? Exaudi News es un medio de comunicaci\u00f3n cat\u00f3lico internacional que informa, forma y transforma, diariamente en espa\u00f1ol, ingl\u00e9s e italiano. A trav\u00e9s de noticias, art\u00edculos de an\u00e1lisis y transmisiones en directo de los eventos del Papa, Exaudi busca fortalecer la unidad de los cristianos y contribuir a la evangelizaci\u00f3n del mundo, siempre guiados por la doctrina social de la Iglesia. Trabajamos para acercar la verdad y los valores cristianos a cada rinc\u00f3n del planeta. \u00a1Ay\u00fadanos a transformar el mundo con Exaudi! En Exaudi creemos que la evangelizaci\u00f3n y la informaci\u00f3n de calidad pueden cambiar vidas. Para continuar con nuestra misi\u00f3n y expandir nuestro alcance, necesitamos tu ayuda. Adem\u00e1s, buscamos personas comprometidas que deseen unirse a nuestro equipo. Con tu apoyo, lograremos llegar a m\u00e1s personas, difundir el mensaje de Cristo y reforzar la unidad de los cristianos. \u00bfTe unes a nuestra misi\u00f3n? Para m\u00e1s informaci\u00f3n sobre c\u00f3mo colaborar, visita Exaudi.org\\\/es o cont\u00e1ctanos directamente: info@exaudi.org Exaudi: Informa, forma y transforma.\",\"sameAs\":[\"https:\\\/\\\/www.facebook.com\\\/ExaudiNoticias\\\/\",\"https:\\\/\\\/www.instagram.com\\\/exaudi_noticias\\\/\",\"https:\\\/\\\/x.com\\\/Exaudi_noticias\",\"https:\\\/\\\/www.youtube.com\\\/@exaudicatholicnews\"],\"url\":\"https:\\\/\\\/exaudi.org\\\/es\\\/author\\\/redaccionexaudi\\\/\"}]}<\/script>\n<!-- \/ Yoast SEO plugin. -->","yoast_head_json":{"title":"Nagasaki, ciudad s\u00edmbolo del catolicismo japon\u00e9s &#8211; Exaudi","robots":{"index":"index","follow":"follow","max-snippet":"max-snippet:-1","max-image-preview":"max-image-preview:large","max-video-preview":"max-video-preview:-1"},"canonical":"https:\/\/exaudi.org\/es\/nagasaki-ciudad-simbolo-del-catolicismo-japones\/","og_locale":"es_ES","og_type":"article","og_title":"Nagasaki, ciudad s\u00edmbolo del catolicismo japon\u00e9s &#8211; Exaudi","og_description":"Este 9 de agosto se cumple el 78\u00ba aniversario del bombardeo at\u00f3mico de Nagasaki, el segundo de la historia, despu\u00e9s del de Hiroshima del 6 de agosto de 1945","og_url":"https:\/\/exaudi.org\/es\/nagasaki-ciudad-simbolo-del-catolicismo-japones\/","og_site_name":"Exaudi","article_publisher":"https:\/\/www.facebook.com\/ExaudiNews","article_author":"https:\/\/www.facebook.com\/ExaudiNoticias\/","article_published_time":"2023-08-10T06:50:56+00:00","og_image":[{"width":500,"height":281,"url":"https:\/\/exaudi.org\/wp-content\/uploads\/2023\/08\/cq5dam.thumbnail.cropped.500.281.jpeg","type":"image\/jpeg"}],"author":"Exaudi Redacci\u00f3n","twitter_card":"summary_large_image","twitter_creator":"@Exaudi_noticias","twitter_site":"@Exaudi_News","twitter_misc":{"Escrito por":"Exaudi Redacci\u00f3n","Tiempo de lectura":"1 minuto"},"schema":{"@context":"https:\/\/schema.org","@graph":[{"@type":"Article","@id":"https:\/\/exaudi.org\/es\/nagasaki-ciudad-simbolo-del-catolicismo-japones\/#article","isPartOf":{"@id":"https:\/\/exaudi.org\/es\/nagasaki-ciudad-simbolo-del-catolicismo-japones\/"},"author":{"name":"Exaudi Redacci\u00f3n","@id":"https:\/\/exaudi.org\/#\/schema\/person\/f5fc8f063065e38742da7afe15f25df7"},"headline":"Nagasaki, ciudad s\u00edmbolo del catolicismo japon\u00e9s","datePublished":"2023-08-10T06:50:56+00:00","mainEntityOfPage":{"@id":"https:\/\/exaudi.org\/es\/nagasaki-ciudad-simbolo-del-catolicismo-japones\/"},"wordCount":246,"image":{"@id":"https:\/\/exaudi.org\/es\/nagasaki-ciudad-simbolo-del-catolicismo-japones\/#primaryimage"},"thumbnailUrl":"https:\/\/exaudi.org\/wp-content\/uploads\/2023\/08\/cq5dam.thumbnail.cropped.500.281.jpeg","keywords":["Aniversario","fe","guerra","Iglesia cat\u00f3lica","Jap\u00f3n","Trending"],"articleSection":["Iglesia y Mundo"],"inLanguage":"es"},{"@type":"WebPage","@id":"https:\/\/exaudi.org\/es\/nagasaki-ciudad-simbolo-del-catolicismo-japones\/","url":"https:\/\/exaudi.org\/es\/nagasaki-ciudad-simbolo-del-catolicismo-japones\/","name":"Nagasaki, ciudad s\u00edmbolo del catolicismo japon\u00e9s &#8211; Exaudi","isPartOf":{"@id":"https:\/\/exaudi.org\/#website"},"primaryImageOfPage":{"@id":"https:\/\/exaudi.org\/es\/nagasaki-ciudad-simbolo-del-catolicismo-japones\/#primaryimage"},"image":{"@id":"https:\/\/exaudi.org\/es\/nagasaki-ciudad-simbolo-del-catolicismo-japones\/#primaryimage"},"thumbnailUrl":"https:\/\/exaudi.org\/wp-content\/uploads\/2023\/08\/cq5dam.thumbnail.cropped.500.281.jpeg","datePublished":"2023-08-10T06:50:56+00:00","author":{"@id":"https:\/\/exaudi.org\/#\/schema\/person\/f5fc8f063065e38742da7afe15f25df7"},"breadcrumb":{"@id":"https:\/\/exaudi.org\/es\/nagasaki-ciudad-simbolo-del-catolicismo-japones\/#breadcrumb"},"inLanguage":"es","potentialAction":[{"@type":"ReadAction","target":["https:\/\/exaudi.org\/es\/nagasaki-ciudad-simbolo-del-catolicismo-japones\/"]}]},{"@type":"ImageObject","inLanguage":"es","@id":"https:\/\/exaudi.org\/es\/nagasaki-ciudad-simbolo-del-catolicismo-japones\/#primaryimage","url":"https:\/\/exaudi.org\/wp-content\/uploads\/2023\/08\/cq5dam.thumbnail.cropped.500.281.jpeg","contentUrl":"https:\/\/exaudi.org\/wp-content\/uploads\/2023\/08\/cq5dam.thumbnail.cropped.500.281.jpeg","width":500,"height":281},{"@type":"BreadcrumbList","@id":"https:\/\/exaudi.org\/es\/nagasaki-ciudad-simbolo-del-catolicismo-japones\/#breadcrumb","itemListElement":[{"@type":"ListItem","position":1,"name":"Portada","item":"https:\/\/exaudi.org\/es\/"},{"@type":"ListItem","position":2,"name":"Nagasaki, ciudad s\u00edmbolo del catolicismo japon\u00e9s"}]},{"@type":"WebSite","@id":"https:\/\/exaudi.org\/#website","url":"https:\/\/exaudi.org\/","name":"Exaudi","description":"News","potentialAction":[{"@type":"SearchAction","target":{"@type":"EntryPoint","urlTemplate":"https:\/\/exaudi.org\/?s={search_term_string}"},"query-input":{"@type":"PropertyValueSpecification","valueRequired":true,"valueName":"search_term_string"}}],"inLanguage":"es"},{"@type":"Person","@id":"https:\/\/exaudi.org\/#\/schema\/person\/f5fc8f063065e38742da7afe15f25df7","name":"Exaudi Redacci\u00f3n","image":{"@type":"ImageObject","inLanguage":"es","@id":"https:\/\/secure.gravatar.com\/avatar\/fe0f6a059fb68d9b3e11bc5850dd4899b1c7492091a3cb6dd9b01b56ad828be2?s=96&d=mm&r=g","url":"https:\/\/secure.gravatar.com\/avatar\/fe0f6a059fb68d9b3e11bc5850dd4899b1c7492091a3cb6dd9b01b56ad828be2?s=96&d=mm&r=g","contentUrl":"https:\/\/secure.gravatar.com\/avatar\/fe0f6a059fb68d9b3e11bc5850dd4899b1c7492091a3cb6dd9b01b56ad828be2?s=96&d=mm&r=g","caption":"Exaudi Redacci\u00f3n"},"description":"\u00bfQu\u00e9 es Exaudi News? Exaudi News es un medio de comunicaci\u00f3n cat\u00f3lico internacional que informa, forma y transforma, diariamente en espa\u00f1ol, ingl\u00e9s e italiano. A trav\u00e9s de noticias, art\u00edculos de an\u00e1lisis y transmisiones en directo de los eventos del Papa, Exaudi busca fortalecer la unidad de los cristianos y contribuir a la evangelizaci\u00f3n del mundo, siempre guiados por la doctrina social de la Iglesia. Trabajamos para acercar la verdad y los valores cristianos a cada rinc\u00f3n del planeta. \u00a1Ay\u00fadanos a transformar el mundo con Exaudi! En Exaudi creemos que la evangelizaci\u00f3n y la informaci\u00f3n de calidad pueden cambiar vidas. Para continuar con nuestra misi\u00f3n y expandir nuestro alcance, necesitamos tu ayuda. Adem\u00e1s, buscamos personas comprometidas que deseen unirse a nuestro equipo. Con tu apoyo, lograremos llegar a m\u00e1s personas, difundir el mensaje de Cristo y reforzar la unidad de los cristianos. \u00bfTe unes a nuestra misi\u00f3n? Para m\u00e1s informaci\u00f3n sobre c\u00f3mo colaborar, visita Exaudi.org\/es o cont\u00e1ctanos directamente: info@exaudi.org Exaudi: Informa, forma y transforma.","sameAs":["https:\/\/www.facebook.com\/ExaudiNoticias\/","https:\/\/www.instagram.com\/exaudi_noticias\/","https:\/\/x.com\/Exaudi_noticias","https:\/\/www.youtube.com\/@exaudicatholicnews"],"url":"https:\/\/exaudi.org\/es\/author\/redaccionexaudi\/"}]}},"jetpack_featured_media_url":"https:\/\/exaudi.org\/wp-content\/uploads\/2023\/08\/cq5dam.thumbnail.cropped.500.281.jpeg","jetpack_shortlink":"https:\/\/wp.me\/pgKjF2-lhk","_links":{"self":[{"href":"https:\/\/exaudi.org\/es\/wp-json\/wp\/v2\/posts\/81798","targetHints":{"allow":["GET"]}}],"collection":[{"href":"https:\/\/exaudi.org\/es\/wp-json\/wp\/v2\/posts"}],"about":[{"href":"https:\/\/exaudi.org\/es\/wp-json\/wp\/v2\/types\/post"}],"author":[{"embeddable":true,"href":"https:\/\/exaudi.org\/es\/wp-json\/wp\/v2\/users\/15"}],"replies":[{"embeddable":true,"href":"https:\/\/exaudi.org\/es\/wp-json\/wp\/v2\/comments?post=81798"}],"version-history":[{"count":0,"href":"https:\/\/exaudi.org\/es\/wp-json\/wp\/v2\/posts\/81798\/revisions"}],"wp:featuredmedia":[{"embeddable":true,"href":"https:\/\/exaudi.org\/es\/wp-json\/wp\/v2\/media\/81799"}],"wp:attachment":[{"href":"https:\/\/exaudi.org\/es\/wp-json\/wp\/v2\/media?parent=81798"}],"wp:term":[{"taxonomy":"category","embeddable":true,"href":"https:\/\/exaudi.org\/es\/wp-json\/wp\/v2\/categories?post=81798"},{"taxonomy":"post_tag","embeddable":true,"href":"https:\/\/exaudi.org\/es\/wp-json\/wp\/v2\/tags?post=81798"}],"curies":[{"name":"wp","href":"https:\/\/api.w.org\/{rel}","templated":true}]}}