{"id":81782,"date":"2023-08-09T13:50:44","date_gmt":"2023-08-09T11:50:44","guid":{"rendered":"https:\/\/exaudi.org\/?p=81782"},"modified":"2023-08-10T14:49:56","modified_gmt":"2023-08-10T12:49:56","slug":"papa-francisco-jmj-otro-mundo-es-posible","status":"publish","type":"post","link":"https:\/\/exaudi.org\/es\/papa-francisco-jmj-otro-mundo-es-posible\/","title":{"rendered":"Papa Francisco: \u201cLa JMJ ha mostrado a todos que otro mundo es posible\u201d"},"content":{"rendered":"<p>\u201cMientras que en Ucrania y en otros lugares del mundo se combate, y mientras en ciertas salas escondidas se planifica la guerra \u2013 es feo esto, \u00a1se planifica la guerra! &#8211; la JMJ ha mostrado a todos que otro mundo es posible: un mundo de hermanos y hermanas, donde las banderas de todos los pueblos ondean juntas, una junto a la otra, \u00a1sin odio, sin miedo, sin cierres, sin armas!\u201d, ha resaltado el Papa Francisco.<\/p>\n<p>El Santo Padre ha presidido hoy, 9 de agosto de 2023 la primera Audiencia General en el Aula Pablo VI tras la pausa de verano que tiene lugar durante el mes de julio. El tema de su reflexi\u00f3n ha sido el 42\u00ba viaje apost\u00f3lico a Portugal en el marco de la Jornada Mundial de la Juventud 2023.<\/p>\n<p>Francisco ha repasado los principales momentos vividos durante este encuentro con m\u00e1s de 1,5 millones de j\u00f3venes: \u201cEsta JMJ de Lisboa, celebrada despu\u00e9s de la pandemia, ha sido sentida por todos como don de Dios, que ha vuelto a poner en movimiento los corazones y los pasos de los j\u00f3venes, tantos j\u00f3venes de todas las partes del mundo &#8211; \u00a1tantos! \u2013 para ir a encontrarse y encontrar a Jes\u00fas\u201d, destac\u00f3.<\/p>\n<p>A continuaci\u00f3n, sigue el texto completo de la catequesis de audiencia general, el saludo del Pont\u00edfice a los hablantes de lengua espa\u00f1ola y sus palabras pronunciadas en esta lengua, ofrecidos por la Oficina de Prensa de la Santa Sede.<\/p>\n<p><strong>***<\/strong><\/p>\n<p><strong>Catequesis.\u00a0<a href=\"https:\/\/www.vatican.va\/content\/francesco\/es\/travels\/2023\/outside\/documents\/portogallo-gmg-2023.html\" target=\"_blank\" rel=\"noopener\">El Viaje apost\u00f3lico a Portugal con motivo de la XXXVII Jornada Mundial de la Juventud<\/a><\/strong><\/p>\n<p><em>Queridos hermanos y hermanas, \u00a1buenos d\u00edas!<\/em><\/p>\n<p>En los d\u00edas pasados fui a Portugal para la\u00a0<a href=\"https:\/\/www.vatican.va\/content\/francesco\/es\/travels\/2023\/outside\/documents\/portogallo-gmg-2023.html\" target=\"_blank\" rel=\"noopener\">37\u00aa Jornada Mundial de la Juventud<\/a>.<\/p>\n<p>Esta JMJ de Lisboa, celebrada despu\u00e9s de la pandemia, ha sido sentida por todos como don de Dios, que ha vuelto a poner en movimiento los corazones y los pasos de los j\u00f3venes, tantos j\u00f3venes de todas las partes del mundo &#8211; \u00a1tantos! \u2013 para ir a encontrarse y encontrar a Jes\u00fas.<\/p>\n<p>Como bien sabemos, la pandemia ha tenido un fuerte impacto en los comportamientos sociales: el aislamiento a menudo ha degenerado en encierro, y los j\u00f3venes se han visto particularmente afectados por \u00e9l. Con esta Jornada Mundial de la Juventud, Dios ha dado un \u201cempuj\u00f3n\u201d en sentido contrario: esta ha marcado un nuevo inicio de la gran peregrinaci\u00f3n de los j\u00f3venes a trav\u00e9s de los continentes, en nombre de Jesucristo. Y no es casualidad que haya sucedido en Lisboa, una ciudad que se asoma al oc\u00e9ano, ciudad s\u00edmbolo de las grandes exploraciones por mar.<\/p>\n<p>Y entonces en la Jornada Mundial de la Juventud el Evangelio propuso a los j\u00f3venes el modelo de la Virgen Mar\u00eda. En su momento m\u00e1s cr\u00edtico, [Mar\u00eda] va a visitar a su prima Isabel. Dice el Evangelio: \u00ab<em>Se levant\u00f3 y parti\u00f3 sin demora<\/em>\u00bb (<em>Lc<\/em>\u00a01,39). A m\u00ed me gusta mucho invocar a la Virgen bajo este aspecto: la Virgen \u201capresurada\u201d, que siempre hace las cosas apresurada, nunca nos hace esperar, porque Ella es la madre de todos. As\u00ed Mar\u00eda hoy, en el tercer milenio, gu\u00eda la peregrinaci\u00f3n de los j\u00f3venes tras las huellas de Jes\u00fas. Como hizo hace un siglo en Portugal, en F\u00e1tima, cuando se dirigi\u00f3 a tres ni\u00f1os encomend\u00e1ndoles un mensaje de fe y de esperanza para la Iglesia y el mundo. Por esto, en la JMJ, volv\u00ed\u00a0<a href=\"https:\/\/www.vatican.va\/content\/francesco\/es\/events\/event.dir.html\/content\/vaticanevents\/es\/2023\/8\/5\/portogallo-rosario.html\" target=\"_blank\" rel=\"noopener\">a F\u00e1tima<\/a>, al lugar de las apariciones, y junto a algunos j\u00f3venes enfermos rec\u00e9 a Dios para que sane al mundo de las enfermedades del alma: la soberbia, la mentira, la enemistad, la violencia \u2013 son enfermedades del alma y el mundo est\u00e1 enfermo de estas enfermedades. Y hemos renovado nuestra consagraci\u00f3n, de Europa, del mundo al Coraz\u00f3n de Mar\u00eda, al Coraz\u00f3n Inmaculado de Mar\u00eda. He rezado por la paz, porque hay muchas guerras en todas las partes del mundo, muchas.<\/p>\n<p>Los j\u00f3venes del mundo acudieron a Lisboa numerosos y con gran entusiasmo. Les encontr\u00e9 tambi\u00e9n en peque\u00f1os grupos, y algunos con muchos problemas; el grupo de j\u00f3venes ucranianos llevaban historias que eran dolorosas. No eran unas vacaciones, un viaje tur\u00edstico, y tampoco un evento espiritual fin en s\u00ed mismo; la Jornada Mundial de la Juventud es un encuentro con Cristo vivo a trav\u00e9s de la Iglesia. Los j\u00f3venes van a encontrar a Cristo. Es verdad, donde hay j\u00f3venes hay alegr\u00eda y hay un poco de todas estas cosas.<\/p>\n<p><a href=\"https:\/\/www.vatican.va\/content\/francesco\/es\/travels\/2023\/outside\/documents\/portogallo-gmg-2023.html\" target=\"_blank\" rel=\"noopener\">Mi visita a Portugal<\/a>, con motivo de la JMJ, se benefici\u00f3 de su ambiente festivo, de esta ola de j\u00f3venes. Doy gracias a Dios por ello, pensando especialmente en la Iglesia de Lisboa que, a cambio del gran esfuerzo realizado por la organizaci\u00f3n y la acogida, recibir\u00e1 nuevas energ\u00edas para continuar el nuevo camino, para echar de nuevo las redes con pasi\u00f3n apost\u00f3lica. Los j\u00f3venes en Portugal son ya hoy una presencia vital, y ahora, despu\u00e9s de esta \u201ctransfusi\u00f3n\u201d recibida por las Iglesias de todo el mundo, lo ser\u00e1n todav\u00eda m\u00e1s. Y muchos j\u00f3venes, al regresar, han pasado por Roma, les estamos viendo tambi\u00e9n aqu\u00ed, hay algunos que han participado en esta Jornada. \u00a1Ah\u00ed est\u00e1n! Donde est\u00e1n los j\u00f3venes hay ruido, \u00a1saben hacerlo bien!<\/p>\n<p>Mientras que en Ucrania y en otros lugares del mundo se combate, y mientras en ciertas salas escondidas se planifica la guerra \u2013 es feo esto, \u00a1se planifica la guerra! &#8211; la JMJ ha mostrado a todos que otro mundo es posible: un mundo de hermanos y hermanas, donde las banderas de todos los pueblos ondean juntas, una junto a la otra, \u00a1sin odio, sin miedo, sin cierres, sin armas! El mensaje de los j\u00f3venes ha sido claro: \u00bflo escuchar\u00e1n los \u201cgrandes de la tierra\u201d? Me pregunto, \u00bfescuchar\u00e1n este entusiasmo juvenil que quiere paz? Es una par\u00e1bola para nuestro tiempo, y todav\u00eda hoy Jes\u00fas dice: \u201c\u00a1El que tenga o\u00eddos, que oiga! \u00a1El que tenga ojos, que vea!\u201d. Esperemos que todo el mundo escuche esta Jornada de la Juventud y mire esta belleza de los j\u00f3venes yendo adelante.<\/p>\n<p>Expreso nuevamente mi gratitud a Portugal, a Lisboa, al presidente de la Rep\u00fablica, que estuvo presente en todas las celebraciones, y a las otras autoridades civiles; al patriarca de Lisboa -\u00a1que lo ha hecho bien! -, al presidente de la Conferencia Episcopal y al obispo coordinador de la Jornada Mundial de la Juventud, a todos los colaboradores y voluntarios. Pensad que los voluntarios \u2013 fui a encontrarles el \u00faltimo d\u00eda, antes de volver \u2013 eran 25 mil: \u00a1esta Jornada ha tenido 25 mil voluntarios! \u00a1Gracias a todos! Por intercesi\u00f3n de la Virgen Mar\u00eda, el Se\u00f1or bendiga a los j\u00f3venes del mundo entero y bendiga al pueblo portugu\u00e9s. Rezamos juntos a la Virgen, todos juntos, para que Ella bendiga al pueblo portugu\u00e9s.<\/p>\n<p>[recita el Ave Mar\u00eda]<\/p>\n<h3><strong>Saludos<\/strong><\/h3>\n<p>Saludo cordialmente a los peregrinos de lengua espa\u00f1ola. Veo banderas mexicanas, colombianas, paname\u00f1as, argentinas, salvadore\u00f1as. Un saludo a todos. Pidamos al Se\u00f1or, por intercesi\u00f3n de Nuestra Se\u00f1ora de F\u00e1tima, que bendiga y fortalezca a todos los que han participado en la Jornada Mundial de la Juventud, para que lleven la alegr\u00eda del Evangelio hasta los confines de la tierra. Que Jes\u00fas los bendiga y\u00a0la Virgen Santa los cuide. Gracias.<\/p>\n<h3><strong>Resumen le\u00eddo por el Santo Padre en espa\u00f1ol<\/strong><\/h3>\n<p><em>Queridos hermanos y hermanas:<\/em><\/p>\n<p>El domingo pasado volv\u00ed del viaje a Portugal, donde particip\u00e9, junto a miles de j\u00f3venes de distintos pa\u00edses, en la Jornada Mundial de la Juventud. Les agradezco a todos, tanto a las autoridades civiles y religiosas de ese pa\u00eds, como a los numerosos colaboradores y voluntarios. No quiero olvidar a los j\u00f3venes peregrinos que llegaron a Lisboa de todas partes del mundo, as\u00ed como a sus familias y sus comunidades que los han alentado y acogido, y a tantas personas que nos han acompa\u00f1ado con sus oraciones. Juntos han hecho posible la gran fiesta de la fe. \u00a1Gracias!<\/p>\n<p>La Jornada Mundial de la Juventud es un encuentro con Cristo que vive en la Iglesia, un encuentro que toca el coraz\u00f3n, y donde muchos descubren la llamada de Dios para toda su vida: al matrimonio, a la vida consagrada, al sacerdocio. En esta ocasi\u00f3n nos guio especialmente la figura de la Virgen Mar\u00eda. Ella nos transmite la alegr\u00eda de saber que Dios nos llama por nuestro nombre,\u00a0<em>nos llama<\/em>\u00a0<em>por nuestro nombre a todos<\/em>; Dios nos convoca<em>\u00a0<\/em>para formar parte de su Pueblo y\u00a0<em>nos env\u00eda<\/em>\u00a0para salir \u201csin demora\u201d a anunciar que \u00c9l es nuestro Padre y ama a todos sus hijos.<\/p>\n<p><iframe loading=\"lazy\" title=\"Audiencia General - 09 agosto 2023 - Papa Francisco\" width=\"500\" height=\"281\" src=\"https:\/\/www.youtube.com\/embed\/1G40VNCSJF4?feature=oembed\" frameborder=\"0\" allow=\"accelerometer; autoplay; clipboard-write; encrypted-media; gyroscope; picture-in-picture; web-share\" referrerpolicy=\"strict-origin-when-cross-origin\" allowfullscreen><\/iframe><\/p>\n","protected":false},"excerpt":{"rendered":"<p>Catequesis sobre el 42\u00ba viaje apost\u00f3lico a Portugal en el marco de la Jornada Mundial de la Juventud 2023<\/p>\n","protected":false},"author":15,"featured_media":81786,"comment_status":"closed","ping_status":"closed","sticky":false,"template":"","format":"standard","meta":{"_acf_changed":false,"_crdt_document":"","inline_featured_image":false,"footnotes":""},"categories":[112,154,68],"tags":[179,2419,7351,7352,158],"class_list":["post-81782","post","type-post","status-publish","format-standard","has-post-thumbnail","hentry","category-audiencia-general","category-jmj","category-leon-xiv","tag-audiencia-general","tag-featured","tag-jmj","tag-jmj-lisboa-2023","tag-papa-francisco"],"acf":[],"yoast_head":"<!-- This site is optimized with the Yoast SEO plugin v27.4 - https:\/\/yoast.com\/product\/yoast-seo-wordpress\/ -->\n<title>Papa Francisco: \u201cLa JMJ ha mostrado a todos que otro mundo es posible\u201d &#8211; Exaudi<\/title>\n<meta name=\"robots\" content=\"index, follow, max-snippet:-1, max-image-preview:large, max-video-preview:-1\" \/>\n<link rel=\"canonical\" href=\"https:\/\/exaudi.org\/es\/papa-francisco-jmj-otro-mundo-es-posible\/\" \/>\n<meta property=\"og:locale\" content=\"es_ES\" \/>\n<meta property=\"og:type\" content=\"article\" \/>\n<meta property=\"og:title\" content=\"Papa Francisco: \u201cLa JMJ ha mostrado a todos que otro mundo es posible\u201d &#8211; Exaudi\" \/>\n<meta property=\"og:description\" content=\"Catequesis sobre el 42\u00ba viaje apost\u00f3lico a Portugal en el marco de la Jornada Mundial de la Juventud 2023\" \/>\n<meta property=\"og:url\" content=\"https:\/\/exaudi.org\/es\/papa-francisco-jmj-otro-mundo-es-posible\/\" \/>\n<meta property=\"og:site_name\" content=\"Exaudi\" \/>\n<meta property=\"article:publisher\" content=\"https:\/\/www.facebook.com\/ExaudiNews\" \/>\n<meta property=\"article:author\" content=\"https:\/\/www.facebook.com\/ExaudiNoticias\/\" \/>\n<meta property=\"article:published_time\" content=\"2023-08-09T11:50:44+00:00\" \/>\n<meta property=\"article:modified_time\" content=\"2023-08-10T12:49:56+00:00\" \/>\n<meta property=\"og:image\" content=\"https:\/\/exaudi.org\/wp-content\/uploads\/2023\/08\/F3E4rULW8AAjt11.jpeg\" \/>\n\t<meta property=\"og:image:width\" content=\"1280\" \/>\n\t<meta property=\"og:image:height\" content=\"853\" \/>\n\t<meta property=\"og:image:type\" content=\"image\/jpeg\" \/>\n<meta name=\"author\" content=\"Exaudi Redacci\u00f3n\" \/>\n<meta name=\"twitter:card\" content=\"summary_large_image\" \/>\n<meta name=\"twitter:creator\" content=\"@Exaudi_noticias\" \/>\n<meta name=\"twitter:site\" content=\"@Exaudi_News\" \/>\n<meta name=\"twitter:label1\" content=\"Escrito por\" \/>\n\t<meta name=\"twitter:data1\" content=\"Exaudi Redacci\u00f3n\" \/>\n\t<meta name=\"twitter:label2\" content=\"Tiempo de lectura\" \/>\n\t<meta name=\"twitter:data2\" content=\"7 minutos\" \/>\n<script type=\"application\/ld+json\" class=\"yoast-schema-graph\">{\"@context\":\"https:\\\/\\\/schema.org\",\"@graph\":[{\"@type\":\"Article\",\"@id\":\"https:\\\/\\\/exaudi.org\\\/es\\\/papa-francisco-jmj-otro-mundo-es-posible\\\/#article\",\"isPartOf\":{\"@id\":\"https:\\\/\\\/exaudi.org\\\/es\\\/papa-francisco-jmj-otro-mundo-es-posible\\\/\"},\"author\":{\"name\":\"Exaudi Redacci\u00f3n\",\"@id\":\"https:\\\/\\\/exaudi.org\\\/#\\\/schema\\\/person\\\/f5fc8f063065e38742da7afe15f25df7\"},\"headline\":\"Papa Francisco: \u201cLa JMJ ha mostrado a todos que otro mundo es posible\u201d\",\"datePublished\":\"2023-08-09T11:50:44+00:00\",\"dateModified\":\"2023-08-10T12:49:56+00:00\",\"mainEntityOfPage\":{\"@id\":\"https:\\\/\\\/exaudi.org\\\/es\\\/papa-francisco-jmj-otro-mundo-es-posible\\\/\"},\"wordCount\":1507,\"image\":{\"@id\":\"https:\\\/\\\/exaudi.org\\\/es\\\/papa-francisco-jmj-otro-mundo-es-posible\\\/#primaryimage\"},\"thumbnailUrl\":\"https:\\\/\\\/exaudi.org\\\/wp-content\\\/uploads\\\/2023\\\/08\\\/F3E4rULW8AAjt11.jpeg\",\"keywords\":[\"audiencia general\",\"Featured\",\"JMJ\",\"JMJ Lisboa 2023\",\"papa francisco\"],\"articleSection\":[\"Audiencia General\",\"JMJ\",\"Le\u00f3n XIV\"],\"inLanguage\":\"es\"},{\"@type\":\"WebPage\",\"@id\":\"https:\\\/\\\/exaudi.org\\\/es\\\/papa-francisco-jmj-otro-mundo-es-posible\\\/\",\"url\":\"https:\\\/\\\/exaudi.org\\\/es\\\/papa-francisco-jmj-otro-mundo-es-posible\\\/\",\"name\":\"Papa Francisco: \u201cLa JMJ ha mostrado a todos que otro mundo es posible\u201d &#8211; Exaudi\",\"isPartOf\":{\"@id\":\"https:\\\/\\\/exaudi.org\\\/#website\"},\"primaryImageOfPage\":{\"@id\":\"https:\\\/\\\/exaudi.org\\\/es\\\/papa-francisco-jmj-otro-mundo-es-posible\\\/#primaryimage\"},\"image\":{\"@id\":\"https:\\\/\\\/exaudi.org\\\/es\\\/papa-francisco-jmj-otro-mundo-es-posible\\\/#primaryimage\"},\"thumbnailUrl\":\"https:\\\/\\\/exaudi.org\\\/wp-content\\\/uploads\\\/2023\\\/08\\\/F3E4rULW8AAjt11.jpeg\",\"datePublished\":\"2023-08-09T11:50:44+00:00\",\"dateModified\":\"2023-08-10T12:49:56+00:00\",\"author\":{\"@id\":\"https:\\\/\\\/exaudi.org\\\/#\\\/schema\\\/person\\\/f5fc8f063065e38742da7afe15f25df7\"},\"breadcrumb\":{\"@id\":\"https:\\\/\\\/exaudi.org\\\/es\\\/papa-francisco-jmj-otro-mundo-es-posible\\\/#breadcrumb\"},\"inLanguage\":\"es\",\"potentialAction\":[{\"@type\":\"ReadAction\",\"target\":[\"https:\\\/\\\/exaudi.org\\\/es\\\/papa-francisco-jmj-otro-mundo-es-posible\\\/\"]}]},{\"@type\":\"ImageObject\",\"inLanguage\":\"es\",\"@id\":\"https:\\\/\\\/exaudi.org\\\/es\\\/papa-francisco-jmj-otro-mundo-es-posible\\\/#primaryimage\",\"url\":\"https:\\\/\\\/exaudi.org\\\/wp-content\\\/uploads\\\/2023\\\/08\\\/F3E4rULW8AAjt11.jpeg\",\"contentUrl\":\"https:\\\/\\\/exaudi.org\\\/wp-content\\\/uploads\\\/2023\\\/08\\\/F3E4rULW8AAjt11.jpeg\",\"width\":1280,\"height\":853},{\"@type\":\"BreadcrumbList\",\"@id\":\"https:\\\/\\\/exaudi.org\\\/es\\\/papa-francisco-jmj-otro-mundo-es-posible\\\/#breadcrumb\",\"itemListElement\":[{\"@type\":\"ListItem\",\"position\":1,\"name\":\"Portada\",\"item\":\"https:\\\/\\\/exaudi.org\\\/es\\\/\"},{\"@type\":\"ListItem\",\"position\":2,\"name\":\"Papa Francisco: \u201cLa JMJ ha mostrado a todos que otro mundo es posible\u201d\"}]},{\"@type\":\"WebSite\",\"@id\":\"https:\\\/\\\/exaudi.org\\\/#website\",\"url\":\"https:\\\/\\\/exaudi.org\\\/\",\"name\":\"Exaudi\",\"description\":\"News\",\"potentialAction\":[{\"@type\":\"SearchAction\",\"target\":{\"@type\":\"EntryPoint\",\"urlTemplate\":\"https:\\\/\\\/exaudi.org\\\/?s={search_term_string}\"},\"query-input\":{\"@type\":\"PropertyValueSpecification\",\"valueRequired\":true,\"valueName\":\"search_term_string\"}}],\"inLanguage\":\"es\"},{\"@type\":\"Person\",\"@id\":\"https:\\\/\\\/exaudi.org\\\/#\\\/schema\\\/person\\\/f5fc8f063065e38742da7afe15f25df7\",\"name\":\"Exaudi Redacci\u00f3n\",\"image\":{\"@type\":\"ImageObject\",\"inLanguage\":\"es\",\"@id\":\"https:\\\/\\\/secure.gravatar.com\\\/avatar\\\/fe0f6a059fb68d9b3e11bc5850dd4899b1c7492091a3cb6dd9b01b56ad828be2?s=96&d=mm&r=g\",\"url\":\"https:\\\/\\\/secure.gravatar.com\\\/avatar\\\/fe0f6a059fb68d9b3e11bc5850dd4899b1c7492091a3cb6dd9b01b56ad828be2?s=96&d=mm&r=g\",\"contentUrl\":\"https:\\\/\\\/secure.gravatar.com\\\/avatar\\\/fe0f6a059fb68d9b3e11bc5850dd4899b1c7492091a3cb6dd9b01b56ad828be2?s=96&d=mm&r=g\",\"caption\":\"Exaudi Redacci\u00f3n\"},\"description\":\"\u00bfQu\u00e9 es Exaudi News? Exaudi News es un medio de comunicaci\u00f3n cat\u00f3lico internacional que informa, forma y transforma, diariamente en espa\u00f1ol, ingl\u00e9s e italiano. A trav\u00e9s de noticias, art\u00edculos de an\u00e1lisis y transmisiones en directo de los eventos del Papa, Exaudi busca fortalecer la unidad de los cristianos y contribuir a la evangelizaci\u00f3n del mundo, siempre guiados por la doctrina social de la Iglesia. Trabajamos para acercar la verdad y los valores cristianos a cada rinc\u00f3n del planeta. \u00a1Ay\u00fadanos a transformar el mundo con Exaudi! En Exaudi creemos que la evangelizaci\u00f3n y la informaci\u00f3n de calidad pueden cambiar vidas. Para continuar con nuestra misi\u00f3n y expandir nuestro alcance, necesitamos tu ayuda. Adem\u00e1s, buscamos personas comprometidas que deseen unirse a nuestro equipo. Con tu apoyo, lograremos llegar a m\u00e1s personas, difundir el mensaje de Cristo y reforzar la unidad de los cristianos. \u00bfTe unes a nuestra misi\u00f3n? Para m\u00e1s informaci\u00f3n sobre c\u00f3mo colaborar, visita Exaudi.org\\\/es o cont\u00e1ctanos directamente: info@exaudi.org Exaudi: Informa, forma y transforma.\",\"sameAs\":[\"https:\\\/\\\/www.facebook.com\\\/ExaudiNoticias\\\/\",\"https:\\\/\\\/www.instagram.com\\\/exaudi_noticias\\\/\",\"https:\\\/\\\/x.com\\\/Exaudi_noticias\",\"https:\\\/\\\/www.youtube.com\\\/@exaudicatholicnews\"],\"url\":\"https:\\\/\\\/exaudi.org\\\/es\\\/author\\\/redaccionexaudi\\\/\"}]}<\/script>\n<!-- \/ Yoast SEO plugin. -->","yoast_head_json":{"title":"Papa Francisco: \u201cLa JMJ ha mostrado a todos que otro mundo es posible\u201d &#8211; Exaudi","robots":{"index":"index","follow":"follow","max-snippet":"max-snippet:-1","max-image-preview":"max-image-preview:large","max-video-preview":"max-video-preview:-1"},"canonical":"https:\/\/exaudi.org\/es\/papa-francisco-jmj-otro-mundo-es-posible\/","og_locale":"es_ES","og_type":"article","og_title":"Papa Francisco: \u201cLa JMJ ha mostrado a todos que otro mundo es posible\u201d &#8211; Exaudi","og_description":"Catequesis sobre el 42\u00ba viaje apost\u00f3lico a Portugal en el marco de la Jornada Mundial de la Juventud 2023","og_url":"https:\/\/exaudi.org\/es\/papa-francisco-jmj-otro-mundo-es-posible\/","og_site_name":"Exaudi","article_publisher":"https:\/\/www.facebook.com\/ExaudiNews","article_author":"https:\/\/www.facebook.com\/ExaudiNoticias\/","article_published_time":"2023-08-09T11:50:44+00:00","article_modified_time":"2023-08-10T12:49:56+00:00","og_image":[{"width":1280,"height":853,"url":"https:\/\/exaudi.org\/wp-content\/uploads\/2023\/08\/F3E4rULW8AAjt11.jpeg","type":"image\/jpeg"}],"author":"Exaudi Redacci\u00f3n","twitter_card":"summary_large_image","twitter_creator":"@Exaudi_noticias","twitter_site":"@Exaudi_News","twitter_misc":{"Escrito por":"Exaudi Redacci\u00f3n","Tiempo de lectura":"7 minutos"},"schema":{"@context":"https:\/\/schema.org","@graph":[{"@type":"Article","@id":"https:\/\/exaudi.org\/es\/papa-francisco-jmj-otro-mundo-es-posible\/#article","isPartOf":{"@id":"https:\/\/exaudi.org\/es\/papa-francisco-jmj-otro-mundo-es-posible\/"},"author":{"name":"Exaudi Redacci\u00f3n","@id":"https:\/\/exaudi.org\/#\/schema\/person\/f5fc8f063065e38742da7afe15f25df7"},"headline":"Papa Francisco: \u201cLa JMJ ha mostrado a todos que otro mundo es posible\u201d","datePublished":"2023-08-09T11:50:44+00:00","dateModified":"2023-08-10T12:49:56+00:00","mainEntityOfPage":{"@id":"https:\/\/exaudi.org\/es\/papa-francisco-jmj-otro-mundo-es-posible\/"},"wordCount":1507,"image":{"@id":"https:\/\/exaudi.org\/es\/papa-francisco-jmj-otro-mundo-es-posible\/#primaryimage"},"thumbnailUrl":"https:\/\/exaudi.org\/wp-content\/uploads\/2023\/08\/F3E4rULW8AAjt11.jpeg","keywords":["audiencia general","Featured","JMJ","JMJ Lisboa 2023","papa francisco"],"articleSection":["Audiencia General","JMJ","Le\u00f3n XIV"],"inLanguage":"es"},{"@type":"WebPage","@id":"https:\/\/exaudi.org\/es\/papa-francisco-jmj-otro-mundo-es-posible\/","url":"https:\/\/exaudi.org\/es\/papa-francisco-jmj-otro-mundo-es-posible\/","name":"Papa Francisco: \u201cLa JMJ ha mostrado a todos que otro mundo es posible\u201d &#8211; Exaudi","isPartOf":{"@id":"https:\/\/exaudi.org\/#website"},"primaryImageOfPage":{"@id":"https:\/\/exaudi.org\/es\/papa-francisco-jmj-otro-mundo-es-posible\/#primaryimage"},"image":{"@id":"https:\/\/exaudi.org\/es\/papa-francisco-jmj-otro-mundo-es-posible\/#primaryimage"},"thumbnailUrl":"https:\/\/exaudi.org\/wp-content\/uploads\/2023\/08\/F3E4rULW8AAjt11.jpeg","datePublished":"2023-08-09T11:50:44+00:00","dateModified":"2023-08-10T12:49:56+00:00","author":{"@id":"https:\/\/exaudi.org\/#\/schema\/person\/f5fc8f063065e38742da7afe15f25df7"},"breadcrumb":{"@id":"https:\/\/exaudi.org\/es\/papa-francisco-jmj-otro-mundo-es-posible\/#breadcrumb"},"inLanguage":"es","potentialAction":[{"@type":"ReadAction","target":["https:\/\/exaudi.org\/es\/papa-francisco-jmj-otro-mundo-es-posible\/"]}]},{"@type":"ImageObject","inLanguage":"es","@id":"https:\/\/exaudi.org\/es\/papa-francisco-jmj-otro-mundo-es-posible\/#primaryimage","url":"https:\/\/exaudi.org\/wp-content\/uploads\/2023\/08\/F3E4rULW8AAjt11.jpeg","contentUrl":"https:\/\/exaudi.org\/wp-content\/uploads\/2023\/08\/F3E4rULW8AAjt11.jpeg","width":1280,"height":853},{"@type":"BreadcrumbList","@id":"https:\/\/exaudi.org\/es\/papa-francisco-jmj-otro-mundo-es-posible\/#breadcrumb","itemListElement":[{"@type":"ListItem","position":1,"name":"Portada","item":"https:\/\/exaudi.org\/es\/"},{"@type":"ListItem","position":2,"name":"Papa Francisco: \u201cLa JMJ ha mostrado a todos que otro mundo es posible\u201d"}]},{"@type":"WebSite","@id":"https:\/\/exaudi.org\/#website","url":"https:\/\/exaudi.org\/","name":"Exaudi","description":"News","potentialAction":[{"@type":"SearchAction","target":{"@type":"EntryPoint","urlTemplate":"https:\/\/exaudi.org\/?s={search_term_string}"},"query-input":{"@type":"PropertyValueSpecification","valueRequired":true,"valueName":"search_term_string"}}],"inLanguage":"es"},{"@type":"Person","@id":"https:\/\/exaudi.org\/#\/schema\/person\/f5fc8f063065e38742da7afe15f25df7","name":"Exaudi Redacci\u00f3n","image":{"@type":"ImageObject","inLanguage":"es","@id":"https:\/\/secure.gravatar.com\/avatar\/fe0f6a059fb68d9b3e11bc5850dd4899b1c7492091a3cb6dd9b01b56ad828be2?s=96&d=mm&r=g","url":"https:\/\/secure.gravatar.com\/avatar\/fe0f6a059fb68d9b3e11bc5850dd4899b1c7492091a3cb6dd9b01b56ad828be2?s=96&d=mm&r=g","contentUrl":"https:\/\/secure.gravatar.com\/avatar\/fe0f6a059fb68d9b3e11bc5850dd4899b1c7492091a3cb6dd9b01b56ad828be2?s=96&d=mm&r=g","caption":"Exaudi Redacci\u00f3n"},"description":"\u00bfQu\u00e9 es Exaudi News? Exaudi News es un medio de comunicaci\u00f3n cat\u00f3lico internacional que informa, forma y transforma, diariamente en espa\u00f1ol, ingl\u00e9s e italiano. A trav\u00e9s de noticias, art\u00edculos de an\u00e1lisis y transmisiones en directo de los eventos del Papa, Exaudi busca fortalecer la unidad de los cristianos y contribuir a la evangelizaci\u00f3n del mundo, siempre guiados por la doctrina social de la Iglesia. Trabajamos para acercar la verdad y los valores cristianos a cada rinc\u00f3n del planeta. \u00a1Ay\u00fadanos a transformar el mundo con Exaudi! En Exaudi creemos que la evangelizaci\u00f3n y la informaci\u00f3n de calidad pueden cambiar vidas. Para continuar con nuestra misi\u00f3n y expandir nuestro alcance, necesitamos tu ayuda. Adem\u00e1s, buscamos personas comprometidas que deseen unirse a nuestro equipo. Con tu apoyo, lograremos llegar a m\u00e1s personas, difundir el mensaje de Cristo y reforzar la unidad de los cristianos. \u00bfTe unes a nuestra misi\u00f3n? Para m\u00e1s informaci\u00f3n sobre c\u00f3mo colaborar, visita Exaudi.org\/es o cont\u00e1ctanos directamente: info@exaudi.org Exaudi: Informa, forma y transforma.","sameAs":["https:\/\/www.facebook.com\/ExaudiNoticias\/","https:\/\/www.instagram.com\/exaudi_noticias\/","https:\/\/x.com\/Exaudi_noticias","https:\/\/www.youtube.com\/@exaudicatholicnews"],"url":"https:\/\/exaudi.org\/es\/author\/redaccionexaudi\/"}]}},"jetpack_featured_media_url":"https:\/\/exaudi.org\/wp-content\/uploads\/2023\/08\/F3E4rULW8AAjt11.jpeg","jetpack_shortlink":"https:\/\/wp.me\/pgKjF2-lh4","_links":{"self":[{"href":"https:\/\/exaudi.org\/es\/wp-json\/wp\/v2\/posts\/81782","targetHints":{"allow":["GET"]}}],"collection":[{"href":"https:\/\/exaudi.org\/es\/wp-json\/wp\/v2\/posts"}],"about":[{"href":"https:\/\/exaudi.org\/es\/wp-json\/wp\/v2\/types\/post"}],"author":[{"embeddable":true,"href":"https:\/\/exaudi.org\/es\/wp-json\/wp\/v2\/users\/15"}],"replies":[{"embeddable":true,"href":"https:\/\/exaudi.org\/es\/wp-json\/wp\/v2\/comments?post=81782"}],"version-history":[{"count":0,"href":"https:\/\/exaudi.org\/es\/wp-json\/wp\/v2\/posts\/81782\/revisions"}],"wp:featuredmedia":[{"embeddable":true,"href":"https:\/\/exaudi.org\/es\/wp-json\/wp\/v2\/media\/81786"}],"wp:attachment":[{"href":"https:\/\/exaudi.org\/es\/wp-json\/wp\/v2\/media?parent=81782"}],"wp:term":[{"taxonomy":"category","embeddable":true,"href":"https:\/\/exaudi.org\/es\/wp-json\/wp\/v2\/categories?post=81782"},{"taxonomy":"post_tag","embeddable":true,"href":"https:\/\/exaudi.org\/es\/wp-json\/wp\/v2\/tags?post=81782"}],"curies":[{"name":"wp","href":"https:\/\/api.w.org\/{rel}","templated":true}]}}