{"id":81765,"date":"2023-08-09T10:26:17","date_gmt":"2023-08-09T08:26:17","guid":{"rendered":"https:\/\/exaudi.org\/?p=81765"},"modified":"2023-08-09T10:26:38","modified_gmt":"2023-08-09T08:26:38","slug":"un-nuevo-centro-pastoral-signo-de-esperanza-para-un-futuro-mejor-en-iraq","status":"publish","type":"post","link":"https:\/\/exaudi.org\/es\/un-nuevo-centro-pastoral-signo-de-esperanza-para-un-futuro-mejor-en-iraq\/","title":{"rendered":"Un nuevo centro pastoral, signo de esperanza para un futuro mejor en Iraq"},"content":{"rendered":"<p><em>Casi exactamente nueve a\u00f1os despu\u00e9s, de que cientos de miles de cristianos se vieran forzados a huir de sus hogares debido a la ocupaci\u00f3n de sus tierras por el ISIS, contin\u00faan los esfuerzos para reconstruir vidas e infraestructuras. Aid to the Church in Need (ACN) ha contribuido a concluir recientemente uno de estos proyectos en la ciudad de Duhok.<\/em><\/p>\n<p>El 6 de agosto de 2014, el mundo vio con horror c\u00f3mo los yihadistas del ISIS penetraban en la llanura de N\u00ednive, en Iraq, obligando a cientos de miles de cristianos a huir de sus tierras ancestrales para salvar sus vidas.<\/p>\n<figure id=\"attachment_81766\" aria-describedby=\"caption-attachment-81766\" style=\"width: 2560px\" class=\"wp-caption alignleft\"><img loading=\"lazy\" decoding=\"async\" class=\"size-full wp-image-81766\" src=\"https:\/\/exaudi.org\/wp-content\/uploads\/2023\/08\/ACN-20230728-150442-scaled.jpg\" alt=\"\" width=\"2560\" height=\"1707\" srcset=\"https:\/\/exaudi.org\/wp-content\/uploads\/2023\/08\/ACN-20230728-150442-scaled.jpg 2560w, https:\/\/exaudi.org\/wp-content\/uploads\/2023\/08\/ACN-20230728-150442-300x200.jpg 300w, https:\/\/exaudi.org\/wp-content\/uploads\/2023\/08\/ACN-20230728-150442-1024x683.jpg 1024w, https:\/\/exaudi.org\/wp-content\/uploads\/2023\/08\/ACN-20230728-150442-770x513.jpg 770w, https:\/\/exaudi.org\/wp-content\/uploads\/2023\/08\/ACN-20230728-150442-1536x1024.jpg 1536w, https:\/\/exaudi.org\/wp-content\/uploads\/2023\/08\/ACN-20230728-150442-2048x1365.jpg 2048w, https:\/\/exaudi.org\/wp-content\/uploads\/2023\/08\/ACN-20230728-150442-360x240.jpg?crop=1 360w, https:\/\/exaudi.org\/wp-content\/uploads\/2023\/08\/ACN-20230728-150442-500x333.jpg 500w, https:\/\/exaudi.org\/wp-content\/uploads\/2023\/08\/ACN-20230728-150442-1155x770.jpg 1155w, https:\/\/exaudi.org\/wp-content\/uploads\/2023\/08\/ACN-20230728-150442-370x247.jpg 370w, https:\/\/exaudi.org\/wp-content\/uploads\/2023\/08\/ACN-20230728-150442-293x195.jpg 293w, https:\/\/exaudi.org\/wp-content\/uploads\/2023\/08\/ACN-20230728-150442-1400x933.jpg 1400w, https:\/\/exaudi.org\/wp-content\/uploads\/2023\/08\/ACN-20230728-150442-120x80.jpg 120w, https:\/\/exaudi.org\/wp-content\/uploads\/2023\/08\/ACN-20230728-150442-240x160.jpg 240w, https:\/\/exaudi.org\/wp-content\/uploads\/2023\/08\/ACN-20230728-150442-390x260.jpg 390w\" sizes=\"auto, (max-width: 2560px) 100vw, 2560px\" \/><figcaption id=\"caption-attachment-81766\" class=\"wp-caption-text\">Group photo with Bishop Azad Shaba in front of the Papa Francisco Pastoral Center in Duhok.<br \/>Inauguration of the of Papa Francisco Pastoral Center in Duhok with Bishop Azad Shaba on July 08th 2023<br \/>IRAQ \/ DOHUK-CLD 22\/00034<br \/>Completion of Papa Francisco Pastoral Center, Duhok<\/figcaption><\/figure>\n<p>Muchos de los que lograron escapar buscaron la relativa seguridad del Kurdist\u00e1n iraqu\u00ed, asent\u00e1ndose sobre todo en Erbil pero tambi\u00e9n en otras grandes ciudades como Solimania, Kirkuk y Duhok. Tras la derrota del ISIS, algunos regresaron a sus pueblos pero un n\u00famero considerable opt\u00f3 por quedarse en lo que ahora consideran su nuevo hogar.<\/p>\n<p>En Duhok viven actualmente unas 1.450 familias cat\u00f3licas, adem\u00e1s de muchos cristianos ortodoxos. La mayor\u00eda de los cat\u00f3licos son caldeos y un tercio sir\u00edacos. Para atender mejor a esta comunidad, la di\u00f3cesis inici\u00f3 en 2019 la construcci\u00f3n de un gran centro pastoral. Por desgracia, las obras han avanzado lentamente ya que, aunque la situaci\u00f3n econ\u00f3mica de Duhok sea mejor que la de muchas ciudades de los alrededores, a la di\u00f3cesis le ha costado mucho reunir los fondos necesarios.<\/p>\n<p>Tras una visita de ACN a Duhok, en marzo de 2022, y la comprobaci\u00f3n de primera mano de las necesidades y los planes de la di\u00f3cesis, la fundaci\u00f3n pontificia aprob\u00f3 un paquete de ayuda que permiti\u00f3 a la Iglesia local seguir adelante con la construcci\u00f3n y completar el proyecto. El centro pastoral terminado fue inaugurado finalmente este 8 de julio por el actual obispo Azad Shaba, que desde 2021 est\u00e1 al frente de la di\u00f3cesis.<\/p>\n<figure id=\"attachment_81772\" aria-describedby=\"caption-attachment-81772\" style=\"width: 2560px\" class=\"wp-caption alignright\"><img loading=\"lazy\" decoding=\"async\" class=\"size-full wp-image-81772\" src=\"https:\/\/exaudi.org\/wp-content\/uploads\/2023\/08\/ACN-20230728-150436-scaled.jpg\" alt=\"\" width=\"2560\" height=\"1707\" srcset=\"https:\/\/exaudi.org\/wp-content\/uploads\/2023\/08\/ACN-20230728-150436-scaled.jpg 2560w, https:\/\/exaudi.org\/wp-content\/uploads\/2023\/08\/ACN-20230728-150436-300x200.jpg 300w, https:\/\/exaudi.org\/wp-content\/uploads\/2023\/08\/ACN-20230728-150436-1024x683.jpg 1024w, https:\/\/exaudi.org\/wp-content\/uploads\/2023\/08\/ACN-20230728-150436-770x513.jpg 770w, https:\/\/exaudi.org\/wp-content\/uploads\/2023\/08\/ACN-20230728-150436-1536x1024.jpg 1536w, https:\/\/exaudi.org\/wp-content\/uploads\/2023\/08\/ACN-20230728-150436-2048x1365.jpg 2048w, https:\/\/exaudi.org\/wp-content\/uploads\/2023\/08\/ACN-20230728-150436-360x240.jpg?crop=1 360w, https:\/\/exaudi.org\/wp-content\/uploads\/2023\/08\/ACN-20230728-150436-500x333.jpg 500w, https:\/\/exaudi.org\/wp-content\/uploads\/2023\/08\/ACN-20230728-150436-1155x770.jpg 1155w, https:\/\/exaudi.org\/wp-content\/uploads\/2023\/08\/ACN-20230728-150436-370x247.jpg 370w, https:\/\/exaudi.org\/wp-content\/uploads\/2023\/08\/ACN-20230728-150436-293x195.jpg 293w, https:\/\/exaudi.org\/wp-content\/uploads\/2023\/08\/ACN-20230728-150436-1400x933.jpg 1400w, https:\/\/exaudi.org\/wp-content\/uploads\/2023\/08\/ACN-20230728-150436-120x80.jpg 120w, https:\/\/exaudi.org\/wp-content\/uploads\/2023\/08\/ACN-20230728-150436-240x160.jpg 240w, https:\/\/exaudi.org\/wp-content\/uploads\/2023\/08\/ACN-20230728-150436-390x260.jpg 390w\" sizes=\"auto, (max-width: 2560px) 100vw, 2560px\" \/><figcaption id=\"caption-attachment-81772\" class=\"wp-caption-text\">Bishop Azad Shaba during his speech at the inauguration &#8211; Inauguration of the of Papa Francisco Pastoral Center in Duhok with Bishop Azad Shaba on July 08th 2023<br \/>IRAQ \/ DOHUK-CLD 22\/00034<br \/>Completion of Papa Francisco Pastoral Center, Duhok<\/figcaption><\/figure>\n<p>La planta baja, de este nuevo edificio de tres pisos, albergar\u00e1 actividades diocesanas como Radio Mar\u00eda, un centro de escucha, la Fraternidad Madre Teresa para los Pobres y los Enfermos, un museo, los archivos y otros servicios, as\u00ed como una oficina para recibir invitados. La primera planta cuenta con salas para las actividades del Instituto de Educaci\u00f3n Cristiana, la escuela diocesana y otras. La segunda planta ser\u00e1 la residencia permanente del obispo y once sacerdotes.<\/p>\n<p>En el discurso pronunciado durante la ceremonia de inauguraci\u00f3n, el obispo Azad Shaba dio las gracias a su predecesor y a todos los que han trabajado en el proyecto, as\u00ed como a los benefactores que han contribuido a hacerlo realidad. ACN fue destacada por el obispo por su contribuci\u00f3n, que no es sino la \u00faltima de una larga y fruct\u00edfera historia de cooperaci\u00f3n con las comunidades cristianas iraqu\u00edes en general y con Duhok en particular.<\/p>\n<p>ACN est\u00e1 comprometida a ayudar a los cristianos de Iraq a permanecer en su patria y reconstruir sus vidas, devastadas por la ocupaci\u00f3n del ISIS. Para muchos de los que se vieron obligados a huir a Duhok hace nueve a\u00f1os, el nuevo centro pastoral es un signo de gran esperanza en un futuro mejor.<\/p>\n","protected":false},"excerpt":{"rendered":"<p>Casi exactamente nueve a\u00f1os despu\u00e9s, de que cientos de miles de cristianos se vieran forzados a huir de sus hogares debido a la ocupaci\u00f3n de sus tierras por el ISIS, contin\u00faan los esfuerzos para reconstruir vidas e infraestructuras. Aid to the Church in Need (ACN) ha contribuido a concluir recientemente uno de estos proyectos en [&hellip;]<\/p>\n","protected":false},"author":89,"featured_media":81769,"comment_status":"closed","ping_status":"closed","sticky":false,"template":"","format":"standard","meta":{"_acf_changed":false,"_crdt_document":"","inline_featured_image":false,"footnotes":""},"categories":[74],"tags":[325,1462,9836,9676,4953],"class_list":["post-81765","post","type-post","status-publish","format-standard","has-post-thumbnail","hentry","category-iglesia-y-mundo","tag-acn","tag-ayuda-a-la-iglesia-necesitada-acn","tag-centro-pastoral","tag-iraq-2","tag-trending-es"],"acf":[],"yoast_head":"<!-- This site is optimized with the Yoast SEO plugin v27.5 - https:\/\/yoast.com\/product\/yoast-seo-wordpress\/ -->\n<title>Un nuevo centro pastoral, signo de esperanza para un futuro mejor en Iraq &#8211; Exaudi<\/title>\n<meta name=\"robots\" content=\"index, follow, max-snippet:-1, max-image-preview:large, max-video-preview:-1\" \/>\n<link rel=\"canonical\" href=\"https:\/\/exaudi.org\/es\/un-nuevo-centro-pastoral-signo-de-esperanza-para-un-futuro-mejor-en-iraq\/\" \/>\n<meta property=\"og:locale\" content=\"es_ES\" \/>\n<meta property=\"og:type\" content=\"article\" \/>\n<meta property=\"og:title\" content=\"Un nuevo centro pastoral, signo de esperanza para un futuro mejor en Iraq &#8211; Exaudi\" \/>\n<meta property=\"og:description\" content=\"Casi exactamente nueve a\u00f1os despu\u00e9s, de que cientos de miles de cristianos se vieran forzados a huir de sus hogares debido a la ocupaci\u00f3n de sus tierras por el ISIS, contin\u00faan los esfuerzos para reconstruir vidas e infraestructuras. Aid to the Church in Need (ACN) ha contribuido a concluir recientemente uno de estos proyectos en [&hellip;]\" \/>\n<meta property=\"og:url\" content=\"https:\/\/exaudi.org\/es\/un-nuevo-centro-pastoral-signo-de-esperanza-para-un-futuro-mejor-en-iraq\/\" \/>\n<meta property=\"og:site_name\" content=\"Exaudi\" \/>\n<meta property=\"article:publisher\" content=\"https:\/\/www.facebook.com\/ExaudiNews\" \/>\n<meta property=\"article:author\" content=\"https:\/\/www.facebook.com\/ayudaalaiglesianecesitada\/?ref=ts\" \/>\n<meta property=\"article:published_time\" content=\"2023-08-09T08:26:17+00:00\" \/>\n<meta property=\"article:modified_time\" content=\"2023-08-09T08:26:38+00:00\" \/>\n<meta property=\"og:image\" content=\"https:\/\/exaudi.org\/wp-content\/uploads\/2023\/08\/ACN-20230731-150503-scaled.jpg\" \/>\n\t<meta property=\"og:image:width\" content=\"2560\" \/>\n\t<meta property=\"og:image:height\" content=\"1707\" \/>\n\t<meta property=\"og:image:type\" content=\"image\/jpeg\" \/>\n<meta name=\"author\" content=\"Ayuda a la Iglesia Necesitada\" \/>\n<meta name=\"twitter:card\" content=\"summary_large_image\" \/>\n<meta name=\"twitter:creator\" content=\"@https:\/\/x.com\/AyudaIglesNeces\" \/>\n<meta name=\"twitter:site\" content=\"@Exaudi_News\" \/>\n<meta name=\"twitter:label1\" content=\"Escrito por\" \/>\n\t<meta name=\"twitter:data1\" content=\"Ayuda a la Iglesia Necesitada\" \/>\n\t<meta name=\"twitter:label2\" content=\"Tiempo de lectura\" \/>\n\t<meta name=\"twitter:data2\" content=\"3 minutos\" \/>\n<script type=\"application\/ld+json\" class=\"yoast-schema-graph\">{\"@context\":\"https:\\\/\\\/schema.org\",\"@graph\":[{\"@type\":\"Article\",\"@id\":\"https:\\\/\\\/exaudi.org\\\/es\\\/un-nuevo-centro-pastoral-signo-de-esperanza-para-un-futuro-mejor-en-iraq\\\/#article\",\"isPartOf\":{\"@id\":\"https:\\\/\\\/exaudi.org\\\/es\\\/un-nuevo-centro-pastoral-signo-de-esperanza-para-un-futuro-mejor-en-iraq\\\/\"},\"author\":{\"name\":\"Ayuda a la Iglesia Necesitada\",\"@id\":\"https:\\\/\\\/exaudi.org\\\/#\\\/schema\\\/person\\\/d4906ab3b6c174ffe37d722c51c73317\"},\"headline\":\"Un nuevo centro pastoral, signo de esperanza para un futuro mejor en Iraq\",\"datePublished\":\"2023-08-09T08:26:17+00:00\",\"dateModified\":\"2023-08-09T08:26:38+00:00\",\"mainEntityOfPage\":{\"@id\":\"https:\\\/\\\/exaudi.org\\\/es\\\/un-nuevo-centro-pastoral-signo-de-esperanza-para-un-futuro-mejor-en-iraq\\\/\"},\"wordCount\":643,\"image\":{\"@id\":\"https:\\\/\\\/exaudi.org\\\/es\\\/un-nuevo-centro-pastoral-signo-de-esperanza-para-un-futuro-mejor-en-iraq\\\/#primaryimage\"},\"thumbnailUrl\":\"https:\\\/\\\/exaudi.org\\\/wp-content\\\/uploads\\\/2023\\\/08\\\/ACN-20230731-150503-scaled.jpg\",\"keywords\":[\"ACN\",\"Ayuda a la Iglesia Necesitada (ACN)\",\"Centro Pastoral\",\"Iraq\",\"Trending\"],\"articleSection\":[\"Iglesia y Mundo\"],\"inLanguage\":\"es\"},{\"@type\":\"WebPage\",\"@id\":\"https:\\\/\\\/exaudi.org\\\/es\\\/un-nuevo-centro-pastoral-signo-de-esperanza-para-un-futuro-mejor-en-iraq\\\/\",\"url\":\"https:\\\/\\\/exaudi.org\\\/es\\\/un-nuevo-centro-pastoral-signo-de-esperanza-para-un-futuro-mejor-en-iraq\\\/\",\"name\":\"Un nuevo centro pastoral, signo de esperanza para un futuro mejor en Iraq &#8211; Exaudi\",\"isPartOf\":{\"@id\":\"https:\\\/\\\/exaudi.org\\\/#website\"},\"primaryImageOfPage\":{\"@id\":\"https:\\\/\\\/exaudi.org\\\/es\\\/un-nuevo-centro-pastoral-signo-de-esperanza-para-un-futuro-mejor-en-iraq\\\/#primaryimage\"},\"image\":{\"@id\":\"https:\\\/\\\/exaudi.org\\\/es\\\/un-nuevo-centro-pastoral-signo-de-esperanza-para-un-futuro-mejor-en-iraq\\\/#primaryimage\"},\"thumbnailUrl\":\"https:\\\/\\\/exaudi.org\\\/wp-content\\\/uploads\\\/2023\\\/08\\\/ACN-20230731-150503-scaled.jpg\",\"datePublished\":\"2023-08-09T08:26:17+00:00\",\"dateModified\":\"2023-08-09T08:26:38+00:00\",\"author\":{\"@id\":\"https:\\\/\\\/exaudi.org\\\/#\\\/schema\\\/person\\\/d4906ab3b6c174ffe37d722c51c73317\"},\"breadcrumb\":{\"@id\":\"https:\\\/\\\/exaudi.org\\\/es\\\/un-nuevo-centro-pastoral-signo-de-esperanza-para-un-futuro-mejor-en-iraq\\\/#breadcrumb\"},\"inLanguage\":\"es\",\"potentialAction\":[{\"@type\":\"ReadAction\",\"target\":[\"https:\\\/\\\/exaudi.org\\\/es\\\/un-nuevo-centro-pastoral-signo-de-esperanza-para-un-futuro-mejor-en-iraq\\\/\"]}]},{\"@type\":\"ImageObject\",\"inLanguage\":\"es\",\"@id\":\"https:\\\/\\\/exaudi.org\\\/es\\\/un-nuevo-centro-pastoral-signo-de-esperanza-para-un-futuro-mejor-en-iraq\\\/#primaryimage\",\"url\":\"https:\\\/\\\/exaudi.org\\\/wp-content\\\/uploads\\\/2023\\\/08\\\/ACN-20230731-150503-scaled.jpg\",\"contentUrl\":\"https:\\\/\\\/exaudi.org\\\/wp-content\\\/uploads\\\/2023\\\/08\\\/ACN-20230731-150503-scaled.jpg\",\"width\":2560,\"height\":1707},{\"@type\":\"BreadcrumbList\",\"@id\":\"https:\\\/\\\/exaudi.org\\\/es\\\/un-nuevo-centro-pastoral-signo-de-esperanza-para-un-futuro-mejor-en-iraq\\\/#breadcrumb\",\"itemListElement\":[{\"@type\":\"ListItem\",\"position\":1,\"name\":\"Portada\",\"item\":\"https:\\\/\\\/exaudi.org\\\/es\\\/\"},{\"@type\":\"ListItem\",\"position\":2,\"name\":\"Un nuevo centro pastoral, signo de esperanza para un futuro mejor en Iraq\"}]},{\"@type\":\"WebSite\",\"@id\":\"https:\\\/\\\/exaudi.org\\\/#website\",\"url\":\"https:\\\/\\\/exaudi.org\\\/\",\"name\":\"Exaudi\",\"description\":\"News\",\"potentialAction\":[{\"@type\":\"SearchAction\",\"target\":{\"@type\":\"EntryPoint\",\"urlTemplate\":\"https:\\\/\\\/exaudi.org\\\/?s={search_term_string}\"},\"query-input\":{\"@type\":\"PropertyValueSpecification\",\"valueRequired\":true,\"valueName\":\"search_term_string\"}}],\"inLanguage\":\"es\"},{\"@type\":\"Person\",\"@id\":\"https:\\\/\\\/exaudi.org\\\/#\\\/schema\\\/person\\\/d4906ab3b6c174ffe37d722c51c73317\",\"name\":\"Ayuda a la Iglesia Necesitada\",\"image\":{\"@type\":\"ImageObject\",\"inLanguage\":\"es\",\"@id\":\"https:\\\/\\\/secure.gravatar.com\\\/avatar\\\/18b646e6575a46729bc25d1c374d5965acb9854728a2929ada390e85905160db?s=96&d=mm&r=g\",\"url\":\"https:\\\/\\\/secure.gravatar.com\\\/avatar\\\/18b646e6575a46729bc25d1c374d5965acb9854728a2929ada390e85905160db?s=96&d=mm&r=g\",\"contentUrl\":\"https:\\\/\\\/secure.gravatar.com\\\/avatar\\\/18b646e6575a46729bc25d1c374d5965acb9854728a2929ada390e85905160db?s=96&d=mm&r=g\",\"caption\":\"Ayuda a la Iglesia Necesitada\"},\"description\":\"Ayuda a la Iglesia Necesitada (ACN) es la Fundaci\u00f3n Pontificia que apoya a la Iglesia cat\u00f3lica en su labor evangelizadora en las comunidades m\u00e1s necesitadas, discriminadas y perseguidas del mundo. Cada a\u00f1o, ACN financia m\u00e1s de 5.000 proyectos pastorales y de emergencia humanitaria en m\u00e1s de 130 pa\u00edses. Cuenta con m\u00e1s de 20 oficinas en el mundo (en Espa\u00f1a desde 1965), dedicadas a informar sobre la realidad de estos cristianos; al fomento de la oraci\u00f3n, y a la recaudaci\u00f3n de fondos para la cobertura de proyectos. El 100% de los proyectos que desarrolla ACN se sostienen gracias a los donativos de personas f\u00edsicas u organizaciones que valoran la labor de la Iglesia en el mundo. La Fundaci\u00f3n no recibe subvenciones de organismos p\u00fablicos.\",\"sameAs\":[\"https:\\\/\\\/www.facebook.com\\\/ayudaalaiglesianecesitada\\\/?ref=ts\",\"https:\\\/\\\/www.instagram.com\\\/ayudaiglesianecesitada\\\/\",\"https:\\\/\\\/x.com\\\/https:\\\/\\\/x.com\\\/AyudaIglesNeces\",\"https:\\\/\\\/www.youtube.com\\\/user\\\/AINorg\"],\"url\":\"https:\\\/\\\/exaudi.org\\\/es\\\/author\\\/ayudaalaiglesianecesitada\\\/\"}]}<\/script>\n<!-- \/ Yoast SEO plugin. -->","yoast_head_json":{"title":"Un nuevo centro pastoral, signo de esperanza para un futuro mejor en Iraq &#8211; Exaudi","robots":{"index":"index","follow":"follow","max-snippet":"max-snippet:-1","max-image-preview":"max-image-preview:large","max-video-preview":"max-video-preview:-1"},"canonical":"https:\/\/exaudi.org\/es\/un-nuevo-centro-pastoral-signo-de-esperanza-para-un-futuro-mejor-en-iraq\/","og_locale":"es_ES","og_type":"article","og_title":"Un nuevo centro pastoral, signo de esperanza para un futuro mejor en Iraq &#8211; Exaudi","og_description":"Casi exactamente nueve a\u00f1os despu\u00e9s, de que cientos de miles de cristianos se vieran forzados a huir de sus hogares debido a la ocupaci\u00f3n de sus tierras por el ISIS, contin\u00faan los esfuerzos para reconstruir vidas e infraestructuras. Aid to the Church in Need (ACN) ha contribuido a concluir recientemente uno de estos proyectos en [&hellip;]","og_url":"https:\/\/exaudi.org\/es\/un-nuevo-centro-pastoral-signo-de-esperanza-para-un-futuro-mejor-en-iraq\/","og_site_name":"Exaudi","article_publisher":"https:\/\/www.facebook.com\/ExaudiNews","article_author":"https:\/\/www.facebook.com\/ayudaalaiglesianecesitada\/?ref=ts","article_published_time":"2023-08-09T08:26:17+00:00","article_modified_time":"2023-08-09T08:26:38+00:00","og_image":[{"width":2560,"height":1707,"url":"https:\/\/exaudi.org\/wp-content\/uploads\/2023\/08\/ACN-20230731-150503-scaled.jpg","type":"image\/jpeg"}],"author":"Ayuda a la Iglesia Necesitada","twitter_card":"summary_large_image","twitter_creator":"@https:\/\/x.com\/AyudaIglesNeces","twitter_site":"@Exaudi_News","twitter_misc":{"Escrito por":"Ayuda a la Iglesia Necesitada","Tiempo de lectura":"3 minutos"},"schema":{"@context":"https:\/\/schema.org","@graph":[{"@type":"Article","@id":"https:\/\/exaudi.org\/es\/un-nuevo-centro-pastoral-signo-de-esperanza-para-un-futuro-mejor-en-iraq\/#article","isPartOf":{"@id":"https:\/\/exaudi.org\/es\/un-nuevo-centro-pastoral-signo-de-esperanza-para-un-futuro-mejor-en-iraq\/"},"author":{"name":"Ayuda a la Iglesia Necesitada","@id":"https:\/\/exaudi.org\/#\/schema\/person\/d4906ab3b6c174ffe37d722c51c73317"},"headline":"Un nuevo centro pastoral, signo de esperanza para un futuro mejor en Iraq","datePublished":"2023-08-09T08:26:17+00:00","dateModified":"2023-08-09T08:26:38+00:00","mainEntityOfPage":{"@id":"https:\/\/exaudi.org\/es\/un-nuevo-centro-pastoral-signo-de-esperanza-para-un-futuro-mejor-en-iraq\/"},"wordCount":643,"image":{"@id":"https:\/\/exaudi.org\/es\/un-nuevo-centro-pastoral-signo-de-esperanza-para-un-futuro-mejor-en-iraq\/#primaryimage"},"thumbnailUrl":"https:\/\/exaudi.org\/wp-content\/uploads\/2023\/08\/ACN-20230731-150503-scaled.jpg","keywords":["ACN","Ayuda a la Iglesia Necesitada (ACN)","Centro Pastoral","Iraq","Trending"],"articleSection":["Iglesia y Mundo"],"inLanguage":"es"},{"@type":"WebPage","@id":"https:\/\/exaudi.org\/es\/un-nuevo-centro-pastoral-signo-de-esperanza-para-un-futuro-mejor-en-iraq\/","url":"https:\/\/exaudi.org\/es\/un-nuevo-centro-pastoral-signo-de-esperanza-para-un-futuro-mejor-en-iraq\/","name":"Un nuevo centro pastoral, signo de esperanza para un futuro mejor en Iraq &#8211; Exaudi","isPartOf":{"@id":"https:\/\/exaudi.org\/#website"},"primaryImageOfPage":{"@id":"https:\/\/exaudi.org\/es\/un-nuevo-centro-pastoral-signo-de-esperanza-para-un-futuro-mejor-en-iraq\/#primaryimage"},"image":{"@id":"https:\/\/exaudi.org\/es\/un-nuevo-centro-pastoral-signo-de-esperanza-para-un-futuro-mejor-en-iraq\/#primaryimage"},"thumbnailUrl":"https:\/\/exaudi.org\/wp-content\/uploads\/2023\/08\/ACN-20230731-150503-scaled.jpg","datePublished":"2023-08-09T08:26:17+00:00","dateModified":"2023-08-09T08:26:38+00:00","author":{"@id":"https:\/\/exaudi.org\/#\/schema\/person\/d4906ab3b6c174ffe37d722c51c73317"},"breadcrumb":{"@id":"https:\/\/exaudi.org\/es\/un-nuevo-centro-pastoral-signo-de-esperanza-para-un-futuro-mejor-en-iraq\/#breadcrumb"},"inLanguage":"es","potentialAction":[{"@type":"ReadAction","target":["https:\/\/exaudi.org\/es\/un-nuevo-centro-pastoral-signo-de-esperanza-para-un-futuro-mejor-en-iraq\/"]}]},{"@type":"ImageObject","inLanguage":"es","@id":"https:\/\/exaudi.org\/es\/un-nuevo-centro-pastoral-signo-de-esperanza-para-un-futuro-mejor-en-iraq\/#primaryimage","url":"https:\/\/exaudi.org\/wp-content\/uploads\/2023\/08\/ACN-20230731-150503-scaled.jpg","contentUrl":"https:\/\/exaudi.org\/wp-content\/uploads\/2023\/08\/ACN-20230731-150503-scaled.jpg","width":2560,"height":1707},{"@type":"BreadcrumbList","@id":"https:\/\/exaudi.org\/es\/un-nuevo-centro-pastoral-signo-de-esperanza-para-un-futuro-mejor-en-iraq\/#breadcrumb","itemListElement":[{"@type":"ListItem","position":1,"name":"Portada","item":"https:\/\/exaudi.org\/es\/"},{"@type":"ListItem","position":2,"name":"Un nuevo centro pastoral, signo de esperanza para un futuro mejor en Iraq"}]},{"@type":"WebSite","@id":"https:\/\/exaudi.org\/#website","url":"https:\/\/exaudi.org\/","name":"Exaudi","description":"News","potentialAction":[{"@type":"SearchAction","target":{"@type":"EntryPoint","urlTemplate":"https:\/\/exaudi.org\/?s={search_term_string}"},"query-input":{"@type":"PropertyValueSpecification","valueRequired":true,"valueName":"search_term_string"}}],"inLanguage":"es"},{"@type":"Person","@id":"https:\/\/exaudi.org\/#\/schema\/person\/d4906ab3b6c174ffe37d722c51c73317","name":"Ayuda a la Iglesia Necesitada","image":{"@type":"ImageObject","inLanguage":"es","@id":"https:\/\/secure.gravatar.com\/avatar\/18b646e6575a46729bc25d1c374d5965acb9854728a2929ada390e85905160db?s=96&d=mm&r=g","url":"https:\/\/secure.gravatar.com\/avatar\/18b646e6575a46729bc25d1c374d5965acb9854728a2929ada390e85905160db?s=96&d=mm&r=g","contentUrl":"https:\/\/secure.gravatar.com\/avatar\/18b646e6575a46729bc25d1c374d5965acb9854728a2929ada390e85905160db?s=96&d=mm&r=g","caption":"Ayuda a la Iglesia Necesitada"},"description":"Ayuda a la Iglesia Necesitada (ACN) es la Fundaci\u00f3n Pontificia que apoya a la Iglesia cat\u00f3lica en su labor evangelizadora en las comunidades m\u00e1s necesitadas, discriminadas y perseguidas del mundo. Cada a\u00f1o, ACN financia m\u00e1s de 5.000 proyectos pastorales y de emergencia humanitaria en m\u00e1s de 130 pa\u00edses. Cuenta con m\u00e1s de 20 oficinas en el mundo (en Espa\u00f1a desde 1965), dedicadas a informar sobre la realidad de estos cristianos; al fomento de la oraci\u00f3n, y a la recaudaci\u00f3n de fondos para la cobertura de proyectos. El 100% de los proyectos que desarrolla ACN se sostienen gracias a los donativos de personas f\u00edsicas u organizaciones que valoran la labor de la Iglesia en el mundo. La Fundaci\u00f3n no recibe subvenciones de organismos p\u00fablicos.","sameAs":["https:\/\/www.facebook.com\/ayudaalaiglesianecesitada\/?ref=ts","https:\/\/www.instagram.com\/ayudaiglesianecesitada\/","https:\/\/x.com\/https:\/\/x.com\/AyudaIglesNeces","https:\/\/www.youtube.com\/user\/AINorg"],"url":"https:\/\/exaudi.org\/es\/author\/ayudaalaiglesianecesitada\/"}]}},"jetpack_featured_media_url":"https:\/\/exaudi.org\/wp-content\/uploads\/2023\/08\/ACN-20230731-150503-scaled.jpg","jetpack_shortlink":"https:\/\/wp.me\/pgKjF2-lgN","_links":{"self":[{"href":"https:\/\/exaudi.org\/es\/wp-json\/wp\/v2\/posts\/81765","targetHints":{"allow":["GET"]}}],"collection":[{"href":"https:\/\/exaudi.org\/es\/wp-json\/wp\/v2\/posts"}],"about":[{"href":"https:\/\/exaudi.org\/es\/wp-json\/wp\/v2\/types\/post"}],"author":[{"embeddable":true,"href":"https:\/\/exaudi.org\/es\/wp-json\/wp\/v2\/users\/89"}],"replies":[{"embeddable":true,"href":"https:\/\/exaudi.org\/es\/wp-json\/wp\/v2\/comments?post=81765"}],"version-history":[{"count":0,"href":"https:\/\/exaudi.org\/es\/wp-json\/wp\/v2\/posts\/81765\/revisions"}],"wp:featuredmedia":[{"embeddable":true,"href":"https:\/\/exaudi.org\/es\/wp-json\/wp\/v2\/media\/81769"}],"wp:attachment":[{"href":"https:\/\/exaudi.org\/es\/wp-json\/wp\/v2\/media?parent=81765"}],"wp:term":[{"taxonomy":"category","embeddable":true,"href":"https:\/\/exaudi.org\/es\/wp-json\/wp\/v2\/categories?post=81765"},{"taxonomy":"post_tag","embeddable":true,"href":"https:\/\/exaudi.org\/es\/wp-json\/wp\/v2\/tags?post=81765"}],"curies":[{"name":"wp","href":"https:\/\/api.w.org\/{rel}","templated":true}]}}