{"id":81599,"date":"2023-08-05T10:54:09","date_gmt":"2023-08-05T08:54:09","guid":{"rendered":"https:\/\/exaudi.org\/?p=81599"},"modified":"2023-08-05T10:54:09","modified_gmt":"2023-08-05T08:54:09","slug":"primer-festival-de-influencers-catolicos-para-el-futuro-de-la-evangelizacion","status":"publish","type":"post","link":"https:\/\/exaudi.org\/es\/primer-festival-de-influencers-catolicos-para-el-futuro-de-la-evangelizacion\/","title":{"rendered":"Primer \u00abFestival de Influencers Cat\u00f3licos\u00bb para el futuro de la evangelizaci\u00f3n"},"content":{"rendered":"<p>En un emocionante evento que tuvo lugar en el Parque de los Cristonautas en Lisboa durante la Jornada Mundial de la Juventud, se celebr\u00f3 el primer \u00abFestival de Influencers Cat\u00f3licos\u00bb. Los j\u00f3venes influyentes digitales cat\u00f3licos se unieron para discutir el futuro de las comunicaciones cat\u00f3licas y la importancia de utilizar los medios digitales para difundir el mensaje del Evangelio y llevar la alegr\u00eda de la fe a trav\u00e9s de las redes sociales y plataformas digitales.<\/p>\n<p>El encuentro, que fue el segundo de su tipo en la JMJ 2023, comenz\u00f3 con un ambiente alegre y lleno de entusiasmo. Mons. Lucio Adri\u00e1n Ruiz, Secretario del Dicasterio para la Comunicaci\u00f3n, dio la bienvenida a los presentes y los alent\u00f3 a avanzar con valent\u00eda y creatividad en su misi\u00f3n evangelizadora. Adem\u00e1s, hizo hincapi\u00e9 en la importancia de la unidad y la colaboraci\u00f3n dentro de la Iglesia, siguiendo el ejemplo de los ap\u00f3stoles que iban de dos en dos.<\/p>\n<p>El encuentro cont\u00f3 con la presencia de j\u00f3venes influyentes que compartieron sus testimonios inspiradores. Jonathan Romie, conocido por interpretar a Jes\u00fas en la pel\u00edcula \u00abLos Elegidos\u00bb, habl\u00f3 sobre c\u00f3mo su fe lo ayud\u00f3 a representar al personaje y la importancia de llevar el mensaje del Evangelio a trav\u00e9s de su influencia en los medios digitales.<\/p>\n<p>Pitter di Laura inst\u00f3 a los j\u00f3venes a utilizar su influencia no solo para s\u00ed mismos, sino para el bien de todos, llevando el mensaje de Dios a trav\u00e9s de sus plataformas y redes sociales.<\/p>\n<p>El padre Rob Galea, quien es tambi\u00e9n m\u00fasico, comparti\u00f3 su experiencia de llamado a la evangelizaci\u00f3n y deleit\u00f3 a los asistentes con una de sus canciones inspiradoras basadas en la m\u00fasica de \u00abAmazing Grace\u00bb.<\/p>\n<p>El punto culminante del festival fue la bendici\u00f3n impartida por el cardenal \u00d3scar Rodr\u00edguez Maradiaga, quien dirigi\u00f3 una oraci\u00f3n por los medios digitales y los evangelizadores presentes. Los participantes encendieron las luces de sus celulares para representar la luz de los medios digitales, creando un impresionante mar de luces titilantes en la oscuridad mientras recib\u00edan la bendici\u00f3n.<\/p>\n<p>El festival concluy\u00f3 con dos emocionantes conciertos de Hakuna y los Misioneros Shalom, llenando el ambiente con m\u00fasica, canto y baile. Los j\u00f3venes dejaron el Parque de los Cristonautas cantando y bailando, llevando consigo el entusiasmo y la alegr\u00eda de su misi\u00f3n evangelizadora a medida que contin\u00faan su participaci\u00f3n en la Jornada Mundial de la Juventud hasta la Vigilia del s\u00e1bado por la noche. Este primer \u00abFestival de Influencers Cat\u00f3licos\u00bb ha sido un paso importante para el futuro de la evangelizaci\u00f3n a trav\u00e9s de los medios digitales, permitiendo a los j\u00f3venes llevar el mensaje de esperanza y fe a un p\u00fablico cada vez m\u00e1s conectado a trav\u00e9s de la tecnolog\u00eda.<\/p>\n<p><iframe loading=\"lazy\" title=\"4 August 2023 Catholic Influencers Festival\" width=\"500\" height=\"281\" src=\"https:\/\/www.youtube.com\/embed\/qa0ySwxKAYo?feature=oembed\" frameborder=\"0\" allow=\"accelerometer; autoplay; clipboard-write; encrypted-media; gyroscope; picture-in-picture; web-share\" referrerpolicy=\"strict-origin-when-cross-origin\" allowfullscreen><\/iframe><\/p>\n","protected":false},"excerpt":{"rendered":"<p>J\u00f3venes influencers digitales cat\u00f3licos se re\u00fanen en Lisboa durante la Jornada Mundial de la Juventud<\/p>\n","protected":false},"author":15,"featured_media":81600,"comment_status":"closed","ping_status":"closed","sticky":false,"template":"","format":"standard","meta":{"_acf_changed":false,"_crdt_document":"","inline_featured_image":false,"footnotes":""},"categories":[154],"tags":[3153,1019,7351,7352,1855,7767,2769,4953],"class_list":["post-81599","post","type-post","status-publish","format-standard","has-post-thumbnail","hentry","category-jmj","tag-dicasterio-para-la-comunicacion","tag-evangelizacion","tag-jmj","tag-jmj-lisboa-2023","tag-jovenes","tag-medios-de-comunicacion","tag-portugal-es","tag-trending-es"],"acf":[],"yoast_head":"<!-- This site is optimized with the Yoast SEO plugin v27.5 - https:\/\/yoast.com\/product\/yoast-seo-wordpress\/ -->\n<title>Primer &quot;Festival de Influencers Cat\u00f3licos&quot; para el futuro de la evangelizaci\u00f3n &#8211; Exaudi<\/title>\n<meta name=\"robots\" content=\"index, follow, max-snippet:-1, max-image-preview:large, max-video-preview:-1\" \/>\n<link rel=\"canonical\" href=\"https:\/\/exaudi.org\/es\/primer-festival-de-influencers-catolicos-para-el-futuro-de-la-evangelizacion\/\" \/>\n<meta property=\"og:locale\" content=\"es_ES\" \/>\n<meta property=\"og:type\" content=\"article\" \/>\n<meta property=\"og:title\" content=\"Primer &quot;Festival de Influencers Cat\u00f3licos&quot; para el futuro de la evangelizaci\u00f3n &#8211; Exaudi\" \/>\n<meta property=\"og:description\" content=\"J\u00f3venes influencers digitales cat\u00f3licos se re\u00fanen en Lisboa durante la Jornada Mundial de la Juventud\" \/>\n<meta property=\"og:url\" content=\"https:\/\/exaudi.org\/es\/primer-festival-de-influencers-catolicos-para-el-futuro-de-la-evangelizacion\/\" \/>\n<meta property=\"og:site_name\" content=\"Exaudi\" \/>\n<meta property=\"article:publisher\" content=\"https:\/\/www.facebook.com\/ExaudiNews\" \/>\n<meta property=\"article:author\" content=\"https:\/\/www.facebook.com\/ExaudiNoticias\/\" \/>\n<meta property=\"article:published_time\" content=\"2023-08-05T08:54:09+00:00\" \/>\n<meta property=\"og:image\" content=\"https:\/\/exaudi.org\/wp-content\/uploads\/2023\/08\/F2ttyjiXEAAT3WH.jpeg\" \/>\n\t<meta property=\"og:image:width\" content=\"1600\" \/>\n\t<meta property=\"og:image:height\" content=\"900\" \/>\n\t<meta property=\"og:image:type\" content=\"image\/jpeg\" \/>\n<meta name=\"author\" content=\"Exaudi Redacci\u00f3n\" \/>\n<meta name=\"twitter:card\" content=\"summary_large_image\" \/>\n<meta name=\"twitter:creator\" content=\"@Exaudi_noticias\" \/>\n<meta name=\"twitter:site\" content=\"@Exaudi_News\" \/>\n<meta name=\"twitter:label1\" content=\"Escrito por\" \/>\n\t<meta name=\"twitter:data1\" content=\"Exaudi Redacci\u00f3n\" \/>\n\t<meta name=\"twitter:label2\" content=\"Tiempo de lectura\" \/>\n\t<meta name=\"twitter:data2\" content=\"2 minutos\" \/>\n<script type=\"application\/ld+json\" class=\"yoast-schema-graph\">{\"@context\":\"https:\\\/\\\/schema.org\",\"@graph\":[{\"@type\":\"Article\",\"@id\":\"https:\\\/\\\/exaudi.org\\\/es\\\/primer-festival-de-influencers-catolicos-para-el-futuro-de-la-evangelizacion\\\/#article\",\"isPartOf\":{\"@id\":\"https:\\\/\\\/exaudi.org\\\/es\\\/primer-festival-de-influencers-catolicos-para-el-futuro-de-la-evangelizacion\\\/\"},\"author\":{\"name\":\"Exaudi Redacci\u00f3n\",\"@id\":\"https:\\\/\\\/exaudi.org\\\/#\\\/schema\\\/person\\\/f5fc8f063065e38742da7afe15f25df7\"},\"headline\":\"Primer \u00abFestival de Influencers Cat\u00f3licos\u00bb para el futuro de la evangelizaci\u00f3n\",\"datePublished\":\"2023-08-05T08:54:09+00:00\",\"mainEntityOfPage\":{\"@id\":\"https:\\\/\\\/exaudi.org\\\/es\\\/primer-festival-de-influencers-catolicos-para-el-futuro-de-la-evangelizacion\\\/\"},\"wordCount\":506,\"image\":{\"@id\":\"https:\\\/\\\/exaudi.org\\\/es\\\/primer-festival-de-influencers-catolicos-para-el-futuro-de-la-evangelizacion\\\/#primaryimage\"},\"thumbnailUrl\":\"https:\\\/\\\/exaudi.org\\\/wp-content\\\/uploads\\\/2023\\\/08\\\/F2ttyjiXEAAT3WH.jpeg\",\"keywords\":[\"Dicasterio para la Comunicaci\u00f3n\",\"Evangelizaci\u00f3n\",\"JMJ\",\"JMJ Lisboa 2023\",\"J\u00f3venes\",\"Medios de comunicaci\u00f3n\",\"portugal\",\"Trending\"],\"articleSection\":[\"JMJ\"],\"inLanguage\":\"es\"},{\"@type\":\"WebPage\",\"@id\":\"https:\\\/\\\/exaudi.org\\\/es\\\/primer-festival-de-influencers-catolicos-para-el-futuro-de-la-evangelizacion\\\/\",\"url\":\"https:\\\/\\\/exaudi.org\\\/es\\\/primer-festival-de-influencers-catolicos-para-el-futuro-de-la-evangelizacion\\\/\",\"name\":\"Primer \\\"Festival de Influencers Cat\u00f3licos\\\" para el futuro de la evangelizaci\u00f3n &#8211; Exaudi\",\"isPartOf\":{\"@id\":\"https:\\\/\\\/exaudi.org\\\/#website\"},\"primaryImageOfPage\":{\"@id\":\"https:\\\/\\\/exaudi.org\\\/es\\\/primer-festival-de-influencers-catolicos-para-el-futuro-de-la-evangelizacion\\\/#primaryimage\"},\"image\":{\"@id\":\"https:\\\/\\\/exaudi.org\\\/es\\\/primer-festival-de-influencers-catolicos-para-el-futuro-de-la-evangelizacion\\\/#primaryimage\"},\"thumbnailUrl\":\"https:\\\/\\\/exaudi.org\\\/wp-content\\\/uploads\\\/2023\\\/08\\\/F2ttyjiXEAAT3WH.jpeg\",\"datePublished\":\"2023-08-05T08:54:09+00:00\",\"author\":{\"@id\":\"https:\\\/\\\/exaudi.org\\\/#\\\/schema\\\/person\\\/f5fc8f063065e38742da7afe15f25df7\"},\"breadcrumb\":{\"@id\":\"https:\\\/\\\/exaudi.org\\\/es\\\/primer-festival-de-influencers-catolicos-para-el-futuro-de-la-evangelizacion\\\/#breadcrumb\"},\"inLanguage\":\"es\",\"potentialAction\":[{\"@type\":\"ReadAction\",\"target\":[\"https:\\\/\\\/exaudi.org\\\/es\\\/primer-festival-de-influencers-catolicos-para-el-futuro-de-la-evangelizacion\\\/\"]}]},{\"@type\":\"ImageObject\",\"inLanguage\":\"es\",\"@id\":\"https:\\\/\\\/exaudi.org\\\/es\\\/primer-festival-de-influencers-catolicos-para-el-futuro-de-la-evangelizacion\\\/#primaryimage\",\"url\":\"https:\\\/\\\/exaudi.org\\\/wp-content\\\/uploads\\\/2023\\\/08\\\/F2ttyjiXEAAT3WH.jpeg\",\"contentUrl\":\"https:\\\/\\\/exaudi.org\\\/wp-content\\\/uploads\\\/2023\\\/08\\\/F2ttyjiXEAAT3WH.jpeg\",\"width\":1600,\"height\":900},{\"@type\":\"BreadcrumbList\",\"@id\":\"https:\\\/\\\/exaudi.org\\\/es\\\/primer-festival-de-influencers-catolicos-para-el-futuro-de-la-evangelizacion\\\/#breadcrumb\",\"itemListElement\":[{\"@type\":\"ListItem\",\"position\":1,\"name\":\"Portada\",\"item\":\"https:\\\/\\\/exaudi.org\\\/es\\\/\"},{\"@type\":\"ListItem\",\"position\":2,\"name\":\"Primer \u00abFestival de Influencers Cat\u00f3licos\u00bb para el futuro de la evangelizaci\u00f3n\"}]},{\"@type\":\"WebSite\",\"@id\":\"https:\\\/\\\/exaudi.org\\\/#website\",\"url\":\"https:\\\/\\\/exaudi.org\\\/\",\"name\":\"Exaudi\",\"description\":\"News\",\"potentialAction\":[{\"@type\":\"SearchAction\",\"target\":{\"@type\":\"EntryPoint\",\"urlTemplate\":\"https:\\\/\\\/exaudi.org\\\/?s={search_term_string}\"},\"query-input\":{\"@type\":\"PropertyValueSpecification\",\"valueRequired\":true,\"valueName\":\"search_term_string\"}}],\"inLanguage\":\"es\"},{\"@type\":\"Person\",\"@id\":\"https:\\\/\\\/exaudi.org\\\/#\\\/schema\\\/person\\\/f5fc8f063065e38742da7afe15f25df7\",\"name\":\"Exaudi Redacci\u00f3n\",\"image\":{\"@type\":\"ImageObject\",\"inLanguage\":\"es\",\"@id\":\"https:\\\/\\\/secure.gravatar.com\\\/avatar\\\/fe0f6a059fb68d9b3e11bc5850dd4899b1c7492091a3cb6dd9b01b56ad828be2?s=96&d=mm&r=g\",\"url\":\"https:\\\/\\\/secure.gravatar.com\\\/avatar\\\/fe0f6a059fb68d9b3e11bc5850dd4899b1c7492091a3cb6dd9b01b56ad828be2?s=96&d=mm&r=g\",\"contentUrl\":\"https:\\\/\\\/secure.gravatar.com\\\/avatar\\\/fe0f6a059fb68d9b3e11bc5850dd4899b1c7492091a3cb6dd9b01b56ad828be2?s=96&d=mm&r=g\",\"caption\":\"Exaudi Redacci\u00f3n\"},\"description\":\"\u00bfQu\u00e9 es Exaudi News? Exaudi News es un medio de comunicaci\u00f3n cat\u00f3lico internacional que informa, forma y transforma, diariamente en espa\u00f1ol, ingl\u00e9s e italiano. A trav\u00e9s de noticias, art\u00edculos de an\u00e1lisis y transmisiones en directo de los eventos del Papa, Exaudi busca fortalecer la unidad de los cristianos y contribuir a la evangelizaci\u00f3n del mundo, siempre guiados por la doctrina social de la Iglesia. Trabajamos para acercar la verdad y los valores cristianos a cada rinc\u00f3n del planeta. \u00a1Ay\u00fadanos a transformar el mundo con Exaudi! En Exaudi creemos que la evangelizaci\u00f3n y la informaci\u00f3n de calidad pueden cambiar vidas. Para continuar con nuestra misi\u00f3n y expandir nuestro alcance, necesitamos tu ayuda. Adem\u00e1s, buscamos personas comprometidas que deseen unirse a nuestro equipo. Con tu apoyo, lograremos llegar a m\u00e1s personas, difundir el mensaje de Cristo y reforzar la unidad de los cristianos. \u00bfTe unes a nuestra misi\u00f3n? Para m\u00e1s informaci\u00f3n sobre c\u00f3mo colaborar, visita Exaudi.org\\\/es o cont\u00e1ctanos directamente: info@exaudi.org Exaudi: Informa, forma y transforma.\",\"sameAs\":[\"https:\\\/\\\/www.facebook.com\\\/ExaudiNoticias\\\/\",\"https:\\\/\\\/www.instagram.com\\\/exaudi_noticias\\\/\",\"https:\\\/\\\/x.com\\\/Exaudi_noticias\",\"https:\\\/\\\/www.youtube.com\\\/@exaudicatholicnews\"],\"url\":\"https:\\\/\\\/exaudi.org\\\/es\\\/author\\\/redaccionexaudi\\\/\"}]}<\/script>\n<!-- \/ Yoast SEO plugin. -->","yoast_head_json":{"title":"Primer \"Festival de Influencers Cat\u00f3licos\" para el futuro de la evangelizaci\u00f3n &#8211; Exaudi","robots":{"index":"index","follow":"follow","max-snippet":"max-snippet:-1","max-image-preview":"max-image-preview:large","max-video-preview":"max-video-preview:-1"},"canonical":"https:\/\/exaudi.org\/es\/primer-festival-de-influencers-catolicos-para-el-futuro-de-la-evangelizacion\/","og_locale":"es_ES","og_type":"article","og_title":"Primer \"Festival de Influencers Cat\u00f3licos\" para el futuro de la evangelizaci\u00f3n &#8211; Exaudi","og_description":"J\u00f3venes influencers digitales cat\u00f3licos se re\u00fanen en Lisboa durante la Jornada Mundial de la Juventud","og_url":"https:\/\/exaudi.org\/es\/primer-festival-de-influencers-catolicos-para-el-futuro-de-la-evangelizacion\/","og_site_name":"Exaudi","article_publisher":"https:\/\/www.facebook.com\/ExaudiNews","article_author":"https:\/\/www.facebook.com\/ExaudiNoticias\/","article_published_time":"2023-08-05T08:54:09+00:00","og_image":[{"width":1600,"height":900,"url":"https:\/\/exaudi.org\/wp-content\/uploads\/2023\/08\/F2ttyjiXEAAT3WH.jpeg","type":"image\/jpeg"}],"author":"Exaudi Redacci\u00f3n","twitter_card":"summary_large_image","twitter_creator":"@Exaudi_noticias","twitter_site":"@Exaudi_News","twitter_misc":{"Escrito por":"Exaudi Redacci\u00f3n","Tiempo de lectura":"2 minutos"},"schema":{"@context":"https:\/\/schema.org","@graph":[{"@type":"Article","@id":"https:\/\/exaudi.org\/es\/primer-festival-de-influencers-catolicos-para-el-futuro-de-la-evangelizacion\/#article","isPartOf":{"@id":"https:\/\/exaudi.org\/es\/primer-festival-de-influencers-catolicos-para-el-futuro-de-la-evangelizacion\/"},"author":{"name":"Exaudi Redacci\u00f3n","@id":"https:\/\/exaudi.org\/#\/schema\/person\/f5fc8f063065e38742da7afe15f25df7"},"headline":"Primer \u00abFestival de Influencers Cat\u00f3licos\u00bb para el futuro de la evangelizaci\u00f3n","datePublished":"2023-08-05T08:54:09+00:00","mainEntityOfPage":{"@id":"https:\/\/exaudi.org\/es\/primer-festival-de-influencers-catolicos-para-el-futuro-de-la-evangelizacion\/"},"wordCount":506,"image":{"@id":"https:\/\/exaudi.org\/es\/primer-festival-de-influencers-catolicos-para-el-futuro-de-la-evangelizacion\/#primaryimage"},"thumbnailUrl":"https:\/\/exaudi.org\/wp-content\/uploads\/2023\/08\/F2ttyjiXEAAT3WH.jpeg","keywords":["Dicasterio para la Comunicaci\u00f3n","Evangelizaci\u00f3n","JMJ","JMJ Lisboa 2023","J\u00f3venes","Medios de comunicaci\u00f3n","portugal","Trending"],"articleSection":["JMJ"],"inLanguage":"es"},{"@type":"WebPage","@id":"https:\/\/exaudi.org\/es\/primer-festival-de-influencers-catolicos-para-el-futuro-de-la-evangelizacion\/","url":"https:\/\/exaudi.org\/es\/primer-festival-de-influencers-catolicos-para-el-futuro-de-la-evangelizacion\/","name":"Primer \"Festival de Influencers Cat\u00f3licos\" para el futuro de la evangelizaci\u00f3n &#8211; Exaudi","isPartOf":{"@id":"https:\/\/exaudi.org\/#website"},"primaryImageOfPage":{"@id":"https:\/\/exaudi.org\/es\/primer-festival-de-influencers-catolicos-para-el-futuro-de-la-evangelizacion\/#primaryimage"},"image":{"@id":"https:\/\/exaudi.org\/es\/primer-festival-de-influencers-catolicos-para-el-futuro-de-la-evangelizacion\/#primaryimage"},"thumbnailUrl":"https:\/\/exaudi.org\/wp-content\/uploads\/2023\/08\/F2ttyjiXEAAT3WH.jpeg","datePublished":"2023-08-05T08:54:09+00:00","author":{"@id":"https:\/\/exaudi.org\/#\/schema\/person\/f5fc8f063065e38742da7afe15f25df7"},"breadcrumb":{"@id":"https:\/\/exaudi.org\/es\/primer-festival-de-influencers-catolicos-para-el-futuro-de-la-evangelizacion\/#breadcrumb"},"inLanguage":"es","potentialAction":[{"@type":"ReadAction","target":["https:\/\/exaudi.org\/es\/primer-festival-de-influencers-catolicos-para-el-futuro-de-la-evangelizacion\/"]}]},{"@type":"ImageObject","inLanguage":"es","@id":"https:\/\/exaudi.org\/es\/primer-festival-de-influencers-catolicos-para-el-futuro-de-la-evangelizacion\/#primaryimage","url":"https:\/\/exaudi.org\/wp-content\/uploads\/2023\/08\/F2ttyjiXEAAT3WH.jpeg","contentUrl":"https:\/\/exaudi.org\/wp-content\/uploads\/2023\/08\/F2ttyjiXEAAT3WH.jpeg","width":1600,"height":900},{"@type":"BreadcrumbList","@id":"https:\/\/exaudi.org\/es\/primer-festival-de-influencers-catolicos-para-el-futuro-de-la-evangelizacion\/#breadcrumb","itemListElement":[{"@type":"ListItem","position":1,"name":"Portada","item":"https:\/\/exaudi.org\/es\/"},{"@type":"ListItem","position":2,"name":"Primer \u00abFestival de Influencers Cat\u00f3licos\u00bb para el futuro de la evangelizaci\u00f3n"}]},{"@type":"WebSite","@id":"https:\/\/exaudi.org\/#website","url":"https:\/\/exaudi.org\/","name":"Exaudi","description":"News","potentialAction":[{"@type":"SearchAction","target":{"@type":"EntryPoint","urlTemplate":"https:\/\/exaudi.org\/?s={search_term_string}"},"query-input":{"@type":"PropertyValueSpecification","valueRequired":true,"valueName":"search_term_string"}}],"inLanguage":"es"},{"@type":"Person","@id":"https:\/\/exaudi.org\/#\/schema\/person\/f5fc8f063065e38742da7afe15f25df7","name":"Exaudi Redacci\u00f3n","image":{"@type":"ImageObject","inLanguage":"es","@id":"https:\/\/secure.gravatar.com\/avatar\/fe0f6a059fb68d9b3e11bc5850dd4899b1c7492091a3cb6dd9b01b56ad828be2?s=96&d=mm&r=g","url":"https:\/\/secure.gravatar.com\/avatar\/fe0f6a059fb68d9b3e11bc5850dd4899b1c7492091a3cb6dd9b01b56ad828be2?s=96&d=mm&r=g","contentUrl":"https:\/\/secure.gravatar.com\/avatar\/fe0f6a059fb68d9b3e11bc5850dd4899b1c7492091a3cb6dd9b01b56ad828be2?s=96&d=mm&r=g","caption":"Exaudi Redacci\u00f3n"},"description":"\u00bfQu\u00e9 es Exaudi News? Exaudi News es un medio de comunicaci\u00f3n cat\u00f3lico internacional que informa, forma y transforma, diariamente en espa\u00f1ol, ingl\u00e9s e italiano. A trav\u00e9s de noticias, art\u00edculos de an\u00e1lisis y transmisiones en directo de los eventos del Papa, Exaudi busca fortalecer la unidad de los cristianos y contribuir a la evangelizaci\u00f3n del mundo, siempre guiados por la doctrina social de la Iglesia. Trabajamos para acercar la verdad y los valores cristianos a cada rinc\u00f3n del planeta. \u00a1Ay\u00fadanos a transformar el mundo con Exaudi! En Exaudi creemos que la evangelizaci\u00f3n y la informaci\u00f3n de calidad pueden cambiar vidas. Para continuar con nuestra misi\u00f3n y expandir nuestro alcance, necesitamos tu ayuda. Adem\u00e1s, buscamos personas comprometidas que deseen unirse a nuestro equipo. Con tu apoyo, lograremos llegar a m\u00e1s personas, difundir el mensaje de Cristo y reforzar la unidad de los cristianos. \u00bfTe unes a nuestra misi\u00f3n? Para m\u00e1s informaci\u00f3n sobre c\u00f3mo colaborar, visita Exaudi.org\/es o cont\u00e1ctanos directamente: info@exaudi.org Exaudi: Informa, forma y transforma.","sameAs":["https:\/\/www.facebook.com\/ExaudiNoticias\/","https:\/\/www.instagram.com\/exaudi_noticias\/","https:\/\/x.com\/Exaudi_noticias","https:\/\/www.youtube.com\/@exaudicatholicnews"],"url":"https:\/\/exaudi.org\/es\/author\/redaccionexaudi\/"}]}},"jetpack_featured_media_url":"https:\/\/exaudi.org\/wp-content\/uploads\/2023\/08\/F2ttyjiXEAAT3WH.jpeg","jetpack_shortlink":"https:\/\/wp.me\/pgKjF2-le7","_links":{"self":[{"href":"https:\/\/exaudi.org\/es\/wp-json\/wp\/v2\/posts\/81599","targetHints":{"allow":["GET"]}}],"collection":[{"href":"https:\/\/exaudi.org\/es\/wp-json\/wp\/v2\/posts"}],"about":[{"href":"https:\/\/exaudi.org\/es\/wp-json\/wp\/v2\/types\/post"}],"author":[{"embeddable":true,"href":"https:\/\/exaudi.org\/es\/wp-json\/wp\/v2\/users\/15"}],"replies":[{"embeddable":true,"href":"https:\/\/exaudi.org\/es\/wp-json\/wp\/v2\/comments?post=81599"}],"version-history":[{"count":0,"href":"https:\/\/exaudi.org\/es\/wp-json\/wp\/v2\/posts\/81599\/revisions"}],"wp:featuredmedia":[{"embeddable":true,"href":"https:\/\/exaudi.org\/es\/wp-json\/wp\/v2\/media\/81600"}],"wp:attachment":[{"href":"https:\/\/exaudi.org\/es\/wp-json\/wp\/v2\/media?parent=81599"}],"wp:term":[{"taxonomy":"category","embeddable":true,"href":"https:\/\/exaudi.org\/es\/wp-json\/wp\/v2\/categories?post=81599"},{"taxonomy":"post_tag","embeddable":true,"href":"https:\/\/exaudi.org\/es\/wp-json\/wp\/v2\/tags?post=81599"}],"curies":[{"name":"wp","href":"https:\/\/api.w.org\/{rel}","templated":true}]}}