{"id":81514,"date":"2023-08-04T00:06:32","date_gmt":"2023-08-03T22:06:32","guid":{"rendered":"https:\/\/exaudi.org\/?p=81514"},"modified":"2023-08-04T08:08:07","modified_gmt":"2023-08-04T06:08:07","slug":"el-papa-una-vida-sin-crisis-no-sirve-para-nada","status":"publish","type":"post","link":"https:\/\/exaudi.org\/es\/el-papa-una-vida-sin-crisis-no-sirve-para-nada\/","title":{"rendered":"El Papa: \u201cUna vida sin crisis no sirve para nada\u201d"},"content":{"rendered":"<div class=\"testo\">\n<div class=\"text parbase vaticanrichtext\">\n<p>El Papa Francisco viaj\u00f3 de Lisboa a Cascais para reunirse con los chicos de Scholas Occurrentes que participaron en el proyecto \u00abVida entre los mundos\u00bb, una iniciativa compuesta por personas de distintas nacionalidades y religiones, que se dedicaron a crear la obra art\u00edstica de aproximadamente 3 km de longitud. Uno de los murales m\u00e1s grandes del mundo: \u00abEs como la Capilla Sixtina\u00bb, brome\u00f3 el Pont\u00edfice. Despu\u00e9s hablando de la crisis dijo: \u00abUna vida sin crisis no sirve para nada\u00bb<\/p>\n<p>***<\/p>\n<h3><strong>Saludos del Santo Padre<\/strong><\/h3>\n<p><b>Pregunta 1 (POR)<\/b><\/p>\n<\/div>\n<p>Buenos d\u00edas! \u00a1Scholas! \u00a1Scholas! \u00a1Scholas!<\/p>\n<p>Cuando me lo presentaron, no tuve dudas en aceptarlo y abrazarlo porque es un espacio donde todos comparten sus emociones y sentimientos. Es un espacio donde cada uno aporta lo que tiene, de valores \u00e9ticos y morales para el bienestar de la comunidad. Independientemente de su religi\u00f3n u origen. Yo soy guineana, de Guinea Bissau, y soy musulmana. Pero me siento, me siento en este espacio. Y como musulm\u00e1n, siento la obligaci\u00f3n y el deber de unirme y formar parte de este movimiento. Porque lo que el Islam tambi\u00e9n pide es una buena coexistencia entre creencias, entre diferentes creencias. Y pide y vela por el bienestar de la comunidad. Llama a lo que debemos hacer, al cuidado que debemos tener por nuestro pr\u00f3jimo. Y por eso, me gustar\u00eda preguntar, \u00bfpor qu\u00e9 Scholas es un espacio donde todos se identifican y por qu\u00e9 tanta diversidad para tener una obra de arte? Gracias.<\/p>\n<div class=\"text parbase vaticanrichtext\">\n<p><b>Respuesta PAPA (ESP)<\/b><\/p>\n<p>Scholas posibilita esto, que cada uno se sienta interpretado por el gran respeto, pero es un respeto no est\u00e1tico, din\u00e1mico, que pone en marcha para hacer cosas, para expresarse haciendo, como es esta pintura que, como me dec\u00eda Del Corral, es una \u201cCapilla Sixtina\u201d pintada por ustedes.<\/p>\n<p><i>(Aplausos)<\/i><\/p>\n<p>Scholas te pone en marcha, Scholas te hace respetar al otro y escuchar al otro que tiene algo que decirte y escucharte a vos porque ten\u00e9s algo que decirle. Scholas te muestra el camino hacia adelante y, si por ah\u00ed te qued\u00e1s, te levanta y te hace ir adelante. Scholas es un encuentro, caminando. Todos, del pa\u00eds que seas, de la religi\u00f3n que seas, solo mirar adelante y caminar juntos. Y eso es constructivo como los tres kil\u00f3metros y medio de mural que ustedes han hecho para llegar ac\u00e1.<\/p>\n<p><i>(Aplausos)<\/i><\/p>\n<p><b>Pregunta 2 (POR)<\/b><\/p>\n<p>Quer\u00eda moverme un poco en la direcci\u00f3n de la diversidad para entrar en el tema que fue la base de nuestros dos meses de trabajo, que es el caos. Nosotros, como grupo, y yo tambi\u00e9n individualmente, tuvimos la oportunidad de visitar varias comunidades diferentes, varias personas diferentes, que son de diferentes religiones, son de diferentes culturas, y esto nos dio una gran oportunidad de profundizar m\u00e1s y m\u00e1s, no s\u00f3lo dentro de la persona misma, sino tambi\u00e9n de toda la comunidad, que es descubrir el verdadero sentimiento que ten\u00edan; los verdaderos dolores que sent\u00edan; y con eso, darles la oportunidad de representar todo esto con una pincelada, con una l\u00ednea en el mural. Darles la oportunidad de expresarse. Y esto, nos guste o no, nos afecta, nos toca el coraz\u00f3n, para pensar: \u00bftenemos nosotros este sentimiento? \u00bfSon estos dolores parte de nosotros, de nuestra convivencia? Entonces, quer\u00eda preguntar: \u00bfqu\u00e9 ser\u00eda de nuestra existencia sin el caos original? Gracias.<\/p>\n<p><b>Respuesta PAPA (ESP)<\/b><\/p>\n<p>Vos dec\u00eds \u201ccaos\u201d. Est\u00e1 bien, es la crisis\u2026 \u00bfSab\u00e9s de d\u00f3nde viene la palabra? Cuando se cosechaba el trigo, se va pasaba por una zaranda, se \u201ccribaba\u201d. Crisis \u2013 cribar. Y la crisis, en las personas, es eso: situaciones de la vida, acontecimientos, problemas org\u00e1nicos tuyos, o malhumor, o buen humor. Te hace cribar y vos ten\u00e9s que elegir. Una vida sin crisis es una vida as\u00e9ptica. \u00bfA vos te gusta tomar agua? \u00bfTe gusta? Si yo te doy agua destilada, vas a decir: \u201cEs un asco\u201d. Una vida sin crisis es como el agua destilada, no tiene sabor a nada, no sirve para nada, sino para guardarla en el ropero y cerrar la puerta.<\/p>\n<p>Las crisis hay que asumirlas, hay que asumirlas y resolverlas, porque quedarse en la crisis tampoco es bueno porque es un suicidio continuo. Es como un estar girando y girando, \u00bfno? Las crisis hay que caminarlas, hay que asumirlas y raramente solo. Y eso tambi\u00e9n es importante en el grupo de Scholas: caminar juntos para enfrentar crisis juntos, resolver cosas juntos y seguir adelante, crecer juntos\u2026 Y bueno, \u00a1adelante! Aunque sea para comer una\u00a0<i>feijoada<\/i>\u2026<\/p>\n<p><i>(Aplausos)<\/i><\/p>\n<p><b>Pregunta 3 (POR)<\/b><\/p>\n<p>Estos dos \u00faltimos meses hemos trabajado duro para terminar el mural que hab\u00e9is visto ah\u00ed fuera. Pero este mural representa realmente el caos. El caos que, muchas veces, cuando lo vivimos, y cuando lo vivimos de cerca, no entendemos y es un gran l\u00edo. S\u00f3lo aparecen l\u00edneas al azar. Pero lo cierto es que llega un punto en el que nos distanciamos. Y en esa distancia empiezas a ver formas, colores; empiezas a dar sentido a este caos, a pensar m\u00e1s all\u00e1 de lo que a menudo s\u00f3lo ves o s\u00f3lo sientes, pero puedes expresarlo. Y para m\u00ed, por ejemplo, fue una experiencia muy grande porque yo tambi\u00e9n he vivido momentos de mucho caos en mi vida -y creo que todos lo hemos vivido- y la verdad es que escuchar la historia de otros, estar realmente abiertos a escuchar, a compartir, a acoger a todas estas personas que formaron parte de este mural fue un privilegio para nosotros, creo que m\u00e1s que para ellos, para nosotros que estamos aqu\u00ed y facilitamos que esto haya sucedido. Y todo ello porque buscamos esa sensaci\u00f3n, y todos buscamos esa sensaci\u00f3n profunda de darnos cuenta de que es algo m\u00e1s grande que estar aqu\u00ed. Y por eso quer\u00edamos preguntarte [&#8230;] cuando pasaste por este mural; qu\u00e9 sentiste, qu\u00e9 pasaste durante esta experiencia hasta que llegaste aqu\u00ed, al coraz\u00f3n, de este mural, y que realmente es simplemente para nosotros o el principio o el final. No lo sabemos.<\/p>\n<p>Y, antes de responder, nos gustar\u00eda tambi\u00e9n, en nombre de todos, ofrecerles un pincel. Este pincel que nos representa a todos.<\/p>\n<p><b>Respuesta PAPA (ESP)<\/b><\/p>\n<p>Es lindo lo que dec\u00eds del caos. Hab\u00eda alguien que dec\u00eda que la vida del hombre, nuestra vida humana, es hacer del caos un cosmos, o sea, de lo que no tiene sentido, de lo desordenado, lo ca\u00f3tico, hacer un cosmos, con sentido, abierto, invitador,\u00a0<i>complessivo<\/i>. Yo no quiero ponerme ac\u00e1 catequista, \u00bfno?, pero si vemos la estructura del relato de la Creaci\u00f3n, que es un relato m\u00edtico, \u00bfno es cierto? En el sentido verdadero de la palabra \u201cmito\u201d, porque \u201cmito\u201d es un modo de conocimiento. Entonces, usa esa historia, el que escribi\u00f3 el relato de la Creaci\u00f3n. Entre par\u00e9ntesis, eso se escribi\u00f3 mucho despu\u00e9s que el pueblo jud\u00edo tuvo la experiencia de su liberaci\u00f3n. O sea, primero es toda la experiencia del \u00e9xodo del pueblo jud\u00edo y despu\u00e9s miran hacia atr\u00e1s. \u00bfY c\u00f3mo empez\u00f3 la historia? \u00bfC\u00f3mo se transform\u00f3 el caos en cosmos? Y ah\u00ed est\u00e1 en un lenguaje po\u00e9tico c\u00f3mo Dios, del caos un d\u00eda hace la luz, otro d\u00eda hace el hombre y va como creando cosas y transformando el caos en cosmos. Y en nuestra vida sucede lo mismo, eh: hay momentos de crisis -vuelvo a tomar la palabra-, que son ca\u00f3ticos, que vos no sab\u00e9s d\u00f3nde est\u00e1s parado, y todos pasamos esos momentos, oscuros. Caos. Y ah\u00ed el trabajo personal de las personas que nos acompa\u00f1an, de un grupo as\u00ed, es transformar el cosmos. A m\u00ed me cuesta trabajo, en este caos de la Sixtina (risas), pensar que hay detr\u00e1s un cosmos, porque el cosmos, \u00bfcu\u00e1l es? Lo est\u00e1n armando ustedes en el mensaje que est\u00e1n llevando adelante, en el camino\u2026 No se olviden nunca esto: de un caos, transformar un cosmos. Y ese es el camino de cada uno, \u00bfno? Una vida que se queda en lo ca\u00f3tico es una vida fracasada y una vida que nunca sinti\u00f3 el caos es una vida destilada, todo perfecto, \u00bfno? Y las vidas destiladas no dan vida, se mueren en s\u00ed mismas. Es una vida que sinti\u00f3 la crisis como caos, que no entiende nada, y lentamente dentro de s\u00ed, y en la comunidad, fue transformando la vida personal o la vida relacional en un cosmos\u2026<i>Chapeau!<\/i><\/p>\n<p><b><i>Una de las j\u00f3venes de Scholas Ocurrentes, en espa\u00f1ol:<\/i><\/b><\/p>\n<p>Muchas gracias, Papa Francisco, por tus palabras. Gracias.<\/p>\n<p><em><strong>Una joven en portugu\u00e9<\/strong><\/em>s: Es una alegr\u00eda para nosotros concluir este viaje de esta manera. Pero aunque esta experiencia haya terminado, nos gustar\u00eda pensar que el trabajo realmente nunca termina. Por eso, hoy vamos a concluir empezando. Y as\u00ed, cuando un camino se cierra, un nuevo camino se abre. Decidimos llamar a este proyecto \u00abLa vida entre los mundos\u00bb. De hecho, todo el mural es una experiencia y una expresi\u00f3n de la vida que nace del encuentro de tantas realidades diferentes. As\u00ed que hoy vamos a dar un salto y a unir un mundo f\u00edsico con un mundo virtual.<\/p>\n<p><b><i>Una joven, en espa\u00f1ol<\/i><\/b><i>:<\/i>\u00a0Vamos a pedirte, querido Francisco, que nos acompa\u00f1es hasta la pared que ten\u00e9s atr\u00e1s, y nos regales la \u00faltima pincelada de este mural, pero con un pincel muy particular, capaz de iniciar, al mismo tiempo, una misma obra virtual que va a conseguir reunir las diferentes comunidades de Scholas en todo el mundo.<\/p>\n<p><b><i>Jos\u00e9 Mar\u00eda del Corral [Presidente de Scholas Ocurrentes]<\/i><\/b><i>:\u00a0<\/i>Papa, Papa Francisco, el video, el pincel este, virtual, del que hablaba Eugenia, es un arma para la paz. Parece una pistola porque vas a gatillar ac\u00e1, pero, en vez de matar, con esta pincelada que vas a dar en la pared, tambi\u00e9n vas a estar d\u00e1ndola en el mundo virtual. En estos momentos, hay chicos de Scholas en Mozambique, que tienen puesto un artefacto, en Mozambique, en Tofo, para ver tu pincelada, que vas a hacer ahora, y seguirla en el mundo virtual, porque los j\u00f3venes quieren que seas vos el que una el mundo f\u00edsico con el mundo virtual para que el mundo virtual nunca deje de ser concreto y comprometido con la realidad.<\/p>\n<p><i>(Aplausos)<\/i><\/p>\n<p>Pintamos la pared.<\/p>\n<p><b>PAPA<\/b><i>:\u00a0<\/i>Este es el buen samaritano, y ninguno de nosotros est\u00e1 eximido de ser un buen samaritano. Es una obligaci\u00f3n que todos tenemos. Cada uno tiene que buscarla en la vida, pero uno que termina su vida [\u2026] perdi\u00f3 como en la guerra. Resulta que el buen samaritano se encuentra a este tirado en el suelo, pero antes pas\u00f3 un levita, pas\u00f3 un sacerdote, y estaban apurados. No le dieron bolilla. Pero, adem\u00e1s de que estaban apurados, no pod\u00edan tocarlo porque hab\u00eda sangre [\u2026] Y, seg\u00fan la legislaci\u00f3n de ese tiempo, el que tocaba la sangre quedaba impuro. No s\u00e9 por cu\u00e1nto tiempo se ten\u00eda que purificar, entonces eso le imped\u00eda cumplir sus deberes, no tocar\u2026 Morite, pero yo no te toco, impuro no me quedo. Morite, pero yo impuro no me quedo. No se olviden eso. \u00a1Cu\u00e1ntas veces puede pasar por nuestra mente: \u201cMorite, pero yo impuro no me quedo\u201d! \u00a1Cu\u00e1ntas veces se prefiere la \u201cpureza ritual\u201d a la cercan\u00eda humana! [\u2026] Los samaritanos, en la mentalidad de esa \u00e9poca, eran atorrantes, eran todos atorrantes y negociantes, no eran puros de mente, de coraz\u00f3n, eran marginados. Y este se para y lo ve y dice la historia que sinti\u00f3 compasi\u00f3n. \u201cMorite, yo cuido mi pureza\u201d. Sinti\u00f3 compasi\u00f3n. Les dejo la pregunta: \u00bfqu\u00e9 cosas a m\u00ed me hacen sentir compasi\u00f3n? \u00bfO vos ten\u00e9s un coraz\u00f3n tan seco que ya no tiene compasi\u00f3n? Cada uno se responde. Y entonces, \u00bfqu\u00e9 sucede? Lo lleva a una posada y le consigue, en el hotel ah\u00ed, del pueblo ese, le consigue una pieza y le dice: \u201cMir\u00e1, yo voy a pasar dentro de tres d\u00edas de vuelta\u201d, le dice al hotelero. \u201cTom\u00e1, te pago esto y, si hace falta m\u00e1s, a la vuelta te lo pago\u201d. Este atorrante era un buen pagador. Entonces, tenemos los ladrones que matan, el buen samaritano que lo cuida, el levita y el sacerdote que se van para no quedar impuros. Y Jes\u00fas dice: \u201cEn el Reino de los Cielos, este entra\u201d, porque se movi\u00f3 a compasi\u00f3n. Piensen un poco en esta historia. \u00bfD\u00f3nde estoy yo ac\u00e1? \u00bfHaciendo da\u00f1o a la gente? \u00bfD\u00f3nde estoy yo ac\u00e1? \u00bfSac\u00e1ndole el cuerpo a las dificultades reales o me ensucio las manos? A veces, en la vida, hay que ensuciarse las manos para no ensuciar el coraz\u00f3n.<\/p>\n<p><i>(Aplausos)<\/i><\/p>\n<p><b><i>Una de las j\u00f3venes, en espa\u00f1ol<\/i><\/b><i>:<\/i>\u00a0Muchas gracias, querido Francisco, por tu regalo, una verdadera se\u00f1a para seguir caminando juntos.<\/p>\n<p><b>PAPA<\/b>: Ahora les voy a dar la bendici\u00f3n, pero ustedes me prometen desearme bendici\u00f3n a m\u00ed despu\u00e9s, y rezar y desear para que el Se\u00f1or los bendiga.<\/p>\n<p><i>(Bendici\u00f3n en portugu\u00e9s)<\/i><\/p>\n<p><b>PAPA<\/b><i>:<\/i>\u00a0Recen por m\u00ed, y el que de ustedes no reza porque no puede o porque no se siente, m\u00e1ndeme buena onda, eso s\u00ed\u2026<\/p>\n<p><i>(Aplausos)<\/i><\/p>\n<div class=\"clearfix\"><\/div>\n<\/div>\n<div class=\"content parsys\"><\/div>\n<\/div>\n<hr \/>\n","protected":false},"excerpt":{"rendered":"<p>Encuentro con los j\u00f3venes de Scholas Occurrentes<\/p>\n","protected":false},"author":15,"featured_media":81515,"comment_status":"closed","ping_status":"closed","sticky":false,"template":"","format":"standard","meta":{"_acf_changed":false,"_crdt_document":"","inline_featured_image":false,"footnotes":""},"categories":[116,154,68],"tags":[3527,158,655,4953],"class_list":["post-81514","post","type-post","status-publish","format-standard","has-post-thumbnail","hentry","category-encuentros","category-jmj","category-leon-xiv","tag-lisboa-es","tag-papa-francisco","tag-scholas-occurrentes","tag-trending-es"],"acf":[],"yoast_head":"<!-- This site is optimized with the Yoast SEO plugin v27.5 - https:\/\/yoast.com\/product\/yoast-seo-wordpress\/ -->\n<title>El Papa: \u201cUna vida sin crisis no sirve para nada\u201d &#8211; Exaudi<\/title>\n<meta name=\"robots\" content=\"index, follow, max-snippet:-1, max-image-preview:large, max-video-preview:-1\" \/>\n<link rel=\"canonical\" href=\"https:\/\/exaudi.org\/es\/el-papa-una-vida-sin-crisis-no-sirve-para-nada\/\" \/>\n<meta property=\"og:locale\" content=\"es_ES\" \/>\n<meta property=\"og:type\" content=\"article\" \/>\n<meta property=\"og:title\" content=\"El Papa: \u201cUna vida sin crisis no sirve para nada\u201d &#8211; Exaudi\" \/>\n<meta property=\"og:description\" content=\"Encuentro con los j\u00f3venes de Scholas Occurrentes\" \/>\n<meta property=\"og:url\" content=\"https:\/\/exaudi.org\/es\/el-papa-una-vida-sin-crisis-no-sirve-para-nada\/\" \/>\n<meta property=\"og:site_name\" content=\"Exaudi\" \/>\n<meta property=\"article:publisher\" content=\"https:\/\/www.facebook.com\/ExaudiNews\" \/>\n<meta property=\"article:author\" content=\"https:\/\/www.facebook.com\/ExaudiNoticias\/\" \/>\n<meta property=\"article:published_time\" content=\"2023-08-03T22:06:32+00:00\" \/>\n<meta property=\"article:modified_time\" content=\"2023-08-04T06:08:07+00:00\" \/>\n<meta property=\"og:image\" content=\"https:\/\/exaudi.org\/wp-content\/uploads\/2023\/08\/cq5dam.web_.800.800-7.jpeg\" \/>\n\t<meta property=\"og:image:width\" content=\"800\" \/>\n\t<meta property=\"og:image:height\" content=\"533\" \/>\n\t<meta property=\"og:image:type\" content=\"image\/jpeg\" \/>\n<meta name=\"author\" content=\"Exaudi Redacci\u00f3n\" \/>\n<meta name=\"twitter:card\" content=\"summary_large_image\" \/>\n<meta name=\"twitter:creator\" content=\"@Exaudi_noticias\" \/>\n<meta name=\"twitter:site\" content=\"@Exaudi_News\" \/>\n<meta name=\"twitter:label1\" content=\"Escrito por\" \/>\n\t<meta name=\"twitter:data1\" content=\"Exaudi Redacci\u00f3n\" \/>\n\t<meta name=\"twitter:label2\" content=\"Tiempo de lectura\" \/>\n\t<meta name=\"twitter:data2\" content=\"11 minutos\" \/>\n<script type=\"application\/ld+json\" class=\"yoast-schema-graph\">{\"@context\":\"https:\\\/\\\/schema.org\",\"@graph\":[{\"@type\":\"Article\",\"@id\":\"https:\\\/\\\/exaudi.org\\\/es\\\/el-papa-una-vida-sin-crisis-no-sirve-para-nada\\\/#article\",\"isPartOf\":{\"@id\":\"https:\\\/\\\/exaudi.org\\\/es\\\/el-papa-una-vida-sin-crisis-no-sirve-para-nada\\\/\"},\"author\":{\"name\":\"Exaudi Redacci\u00f3n\",\"@id\":\"https:\\\/\\\/exaudi.org\\\/#\\\/schema\\\/person\\\/f5fc8f063065e38742da7afe15f25df7\"},\"headline\":\"El Papa: \u201cUna vida sin crisis no sirve para nada\u201d\",\"datePublished\":\"2023-08-03T22:06:32+00:00\",\"dateModified\":\"2023-08-04T06:08:07+00:00\",\"mainEntityOfPage\":{\"@id\":\"https:\\\/\\\/exaudi.org\\\/es\\\/el-papa-una-vida-sin-crisis-no-sirve-para-nada\\\/\"},\"wordCount\":2269,\"image\":{\"@id\":\"https:\\\/\\\/exaudi.org\\\/es\\\/el-papa-una-vida-sin-crisis-no-sirve-para-nada\\\/#primaryimage\"},\"thumbnailUrl\":\"https:\\\/\\\/exaudi.org\\\/wp-content\\\/uploads\\\/2023\\\/08\\\/cq5dam.web_.800.800-7.jpeg\",\"keywords\":[\"lisboa\",\"papa francisco\",\"Scholas Occurrentes\",\"Trending\"],\"articleSection\":[\"Encuentros\",\"JMJ\",\"Le\u00f3n XIV\"],\"inLanguage\":\"es\"},{\"@type\":\"WebPage\",\"@id\":\"https:\\\/\\\/exaudi.org\\\/es\\\/el-papa-una-vida-sin-crisis-no-sirve-para-nada\\\/\",\"url\":\"https:\\\/\\\/exaudi.org\\\/es\\\/el-papa-una-vida-sin-crisis-no-sirve-para-nada\\\/\",\"name\":\"El Papa: \u201cUna vida sin crisis no sirve para nada\u201d &#8211; Exaudi\",\"isPartOf\":{\"@id\":\"https:\\\/\\\/exaudi.org\\\/#website\"},\"primaryImageOfPage\":{\"@id\":\"https:\\\/\\\/exaudi.org\\\/es\\\/el-papa-una-vida-sin-crisis-no-sirve-para-nada\\\/#primaryimage\"},\"image\":{\"@id\":\"https:\\\/\\\/exaudi.org\\\/es\\\/el-papa-una-vida-sin-crisis-no-sirve-para-nada\\\/#primaryimage\"},\"thumbnailUrl\":\"https:\\\/\\\/exaudi.org\\\/wp-content\\\/uploads\\\/2023\\\/08\\\/cq5dam.web_.800.800-7.jpeg\",\"datePublished\":\"2023-08-03T22:06:32+00:00\",\"dateModified\":\"2023-08-04T06:08:07+00:00\",\"author\":{\"@id\":\"https:\\\/\\\/exaudi.org\\\/#\\\/schema\\\/person\\\/f5fc8f063065e38742da7afe15f25df7\"},\"breadcrumb\":{\"@id\":\"https:\\\/\\\/exaudi.org\\\/es\\\/el-papa-una-vida-sin-crisis-no-sirve-para-nada\\\/#breadcrumb\"},\"inLanguage\":\"es\",\"potentialAction\":[{\"@type\":\"ReadAction\",\"target\":[\"https:\\\/\\\/exaudi.org\\\/es\\\/el-papa-una-vida-sin-crisis-no-sirve-para-nada\\\/\"]}]},{\"@type\":\"ImageObject\",\"inLanguage\":\"es\",\"@id\":\"https:\\\/\\\/exaudi.org\\\/es\\\/el-papa-una-vida-sin-crisis-no-sirve-para-nada\\\/#primaryimage\",\"url\":\"https:\\\/\\\/exaudi.org\\\/wp-content\\\/uploads\\\/2023\\\/08\\\/cq5dam.web_.800.800-7.jpeg\",\"contentUrl\":\"https:\\\/\\\/exaudi.org\\\/wp-content\\\/uploads\\\/2023\\\/08\\\/cq5dam.web_.800.800-7.jpeg\",\"width\":800,\"height\":533,\"caption\":\"Vatican Media\"},{\"@type\":\"BreadcrumbList\",\"@id\":\"https:\\\/\\\/exaudi.org\\\/es\\\/el-papa-una-vida-sin-crisis-no-sirve-para-nada\\\/#breadcrumb\",\"itemListElement\":[{\"@type\":\"ListItem\",\"position\":1,\"name\":\"Portada\",\"item\":\"https:\\\/\\\/exaudi.org\\\/es\\\/\"},{\"@type\":\"ListItem\",\"position\":2,\"name\":\"El Papa: \u201cUna vida sin crisis no sirve para nada\u201d\"}]},{\"@type\":\"WebSite\",\"@id\":\"https:\\\/\\\/exaudi.org\\\/#website\",\"url\":\"https:\\\/\\\/exaudi.org\\\/\",\"name\":\"Exaudi\",\"description\":\"News\",\"potentialAction\":[{\"@type\":\"SearchAction\",\"target\":{\"@type\":\"EntryPoint\",\"urlTemplate\":\"https:\\\/\\\/exaudi.org\\\/?s={search_term_string}\"},\"query-input\":{\"@type\":\"PropertyValueSpecification\",\"valueRequired\":true,\"valueName\":\"search_term_string\"}}],\"inLanguage\":\"es\"},{\"@type\":\"Person\",\"@id\":\"https:\\\/\\\/exaudi.org\\\/#\\\/schema\\\/person\\\/f5fc8f063065e38742da7afe15f25df7\",\"name\":\"Exaudi Redacci\u00f3n\",\"image\":{\"@type\":\"ImageObject\",\"inLanguage\":\"es\",\"@id\":\"https:\\\/\\\/secure.gravatar.com\\\/avatar\\\/fe0f6a059fb68d9b3e11bc5850dd4899b1c7492091a3cb6dd9b01b56ad828be2?s=96&d=mm&r=g\",\"url\":\"https:\\\/\\\/secure.gravatar.com\\\/avatar\\\/fe0f6a059fb68d9b3e11bc5850dd4899b1c7492091a3cb6dd9b01b56ad828be2?s=96&d=mm&r=g\",\"contentUrl\":\"https:\\\/\\\/secure.gravatar.com\\\/avatar\\\/fe0f6a059fb68d9b3e11bc5850dd4899b1c7492091a3cb6dd9b01b56ad828be2?s=96&d=mm&r=g\",\"caption\":\"Exaudi Redacci\u00f3n\"},\"description\":\"\u00bfQu\u00e9 es Exaudi News? Exaudi News es un medio de comunicaci\u00f3n cat\u00f3lico internacional que informa, forma y transforma, diariamente en espa\u00f1ol, ingl\u00e9s e italiano. A trav\u00e9s de noticias, art\u00edculos de an\u00e1lisis y transmisiones en directo de los eventos del Papa, Exaudi busca fortalecer la unidad de los cristianos y contribuir a la evangelizaci\u00f3n del mundo, siempre guiados por la doctrina social de la Iglesia. Trabajamos para acercar la verdad y los valores cristianos a cada rinc\u00f3n del planeta. \u00a1Ay\u00fadanos a transformar el mundo con Exaudi! En Exaudi creemos que la evangelizaci\u00f3n y la informaci\u00f3n de calidad pueden cambiar vidas. Para continuar con nuestra misi\u00f3n y expandir nuestro alcance, necesitamos tu ayuda. Adem\u00e1s, buscamos personas comprometidas que deseen unirse a nuestro equipo. Con tu apoyo, lograremos llegar a m\u00e1s personas, difundir el mensaje de Cristo y reforzar la unidad de los cristianos. \u00bfTe unes a nuestra misi\u00f3n? Para m\u00e1s informaci\u00f3n sobre c\u00f3mo colaborar, visita Exaudi.org\\\/es o cont\u00e1ctanos directamente: info@exaudi.org Exaudi: Informa, forma y transforma.\",\"sameAs\":[\"https:\\\/\\\/www.facebook.com\\\/ExaudiNoticias\\\/\",\"https:\\\/\\\/www.instagram.com\\\/exaudi_noticias\\\/\",\"https:\\\/\\\/x.com\\\/Exaudi_noticias\",\"https:\\\/\\\/www.youtube.com\\\/@exaudicatholicnews\"],\"url\":\"https:\\\/\\\/exaudi.org\\\/es\\\/author\\\/redaccionexaudi\\\/\"}]}<\/script>\n<!-- \/ Yoast SEO plugin. -->","yoast_head_json":{"title":"El Papa: \u201cUna vida sin crisis no sirve para nada\u201d &#8211; Exaudi","robots":{"index":"index","follow":"follow","max-snippet":"max-snippet:-1","max-image-preview":"max-image-preview:large","max-video-preview":"max-video-preview:-1"},"canonical":"https:\/\/exaudi.org\/es\/el-papa-una-vida-sin-crisis-no-sirve-para-nada\/","og_locale":"es_ES","og_type":"article","og_title":"El Papa: \u201cUna vida sin crisis no sirve para nada\u201d &#8211; Exaudi","og_description":"Encuentro con los j\u00f3venes de Scholas Occurrentes","og_url":"https:\/\/exaudi.org\/es\/el-papa-una-vida-sin-crisis-no-sirve-para-nada\/","og_site_name":"Exaudi","article_publisher":"https:\/\/www.facebook.com\/ExaudiNews","article_author":"https:\/\/www.facebook.com\/ExaudiNoticias\/","article_published_time":"2023-08-03T22:06:32+00:00","article_modified_time":"2023-08-04T06:08:07+00:00","og_image":[{"width":800,"height":533,"url":"https:\/\/exaudi.org\/wp-content\/uploads\/2023\/08\/cq5dam.web_.800.800-7.jpeg","type":"image\/jpeg"}],"author":"Exaudi Redacci\u00f3n","twitter_card":"summary_large_image","twitter_creator":"@Exaudi_noticias","twitter_site":"@Exaudi_News","twitter_misc":{"Escrito por":"Exaudi Redacci\u00f3n","Tiempo de lectura":"11 minutos"},"schema":{"@context":"https:\/\/schema.org","@graph":[{"@type":"Article","@id":"https:\/\/exaudi.org\/es\/el-papa-una-vida-sin-crisis-no-sirve-para-nada\/#article","isPartOf":{"@id":"https:\/\/exaudi.org\/es\/el-papa-una-vida-sin-crisis-no-sirve-para-nada\/"},"author":{"name":"Exaudi Redacci\u00f3n","@id":"https:\/\/exaudi.org\/#\/schema\/person\/f5fc8f063065e38742da7afe15f25df7"},"headline":"El Papa: \u201cUna vida sin crisis no sirve para nada\u201d","datePublished":"2023-08-03T22:06:32+00:00","dateModified":"2023-08-04T06:08:07+00:00","mainEntityOfPage":{"@id":"https:\/\/exaudi.org\/es\/el-papa-una-vida-sin-crisis-no-sirve-para-nada\/"},"wordCount":2269,"image":{"@id":"https:\/\/exaudi.org\/es\/el-papa-una-vida-sin-crisis-no-sirve-para-nada\/#primaryimage"},"thumbnailUrl":"https:\/\/exaudi.org\/wp-content\/uploads\/2023\/08\/cq5dam.web_.800.800-7.jpeg","keywords":["lisboa","papa francisco","Scholas Occurrentes","Trending"],"articleSection":["Encuentros","JMJ","Le\u00f3n XIV"],"inLanguage":"es"},{"@type":"WebPage","@id":"https:\/\/exaudi.org\/es\/el-papa-una-vida-sin-crisis-no-sirve-para-nada\/","url":"https:\/\/exaudi.org\/es\/el-papa-una-vida-sin-crisis-no-sirve-para-nada\/","name":"El Papa: \u201cUna vida sin crisis no sirve para nada\u201d &#8211; Exaudi","isPartOf":{"@id":"https:\/\/exaudi.org\/#website"},"primaryImageOfPage":{"@id":"https:\/\/exaudi.org\/es\/el-papa-una-vida-sin-crisis-no-sirve-para-nada\/#primaryimage"},"image":{"@id":"https:\/\/exaudi.org\/es\/el-papa-una-vida-sin-crisis-no-sirve-para-nada\/#primaryimage"},"thumbnailUrl":"https:\/\/exaudi.org\/wp-content\/uploads\/2023\/08\/cq5dam.web_.800.800-7.jpeg","datePublished":"2023-08-03T22:06:32+00:00","dateModified":"2023-08-04T06:08:07+00:00","author":{"@id":"https:\/\/exaudi.org\/#\/schema\/person\/f5fc8f063065e38742da7afe15f25df7"},"breadcrumb":{"@id":"https:\/\/exaudi.org\/es\/el-papa-una-vida-sin-crisis-no-sirve-para-nada\/#breadcrumb"},"inLanguage":"es","potentialAction":[{"@type":"ReadAction","target":["https:\/\/exaudi.org\/es\/el-papa-una-vida-sin-crisis-no-sirve-para-nada\/"]}]},{"@type":"ImageObject","inLanguage":"es","@id":"https:\/\/exaudi.org\/es\/el-papa-una-vida-sin-crisis-no-sirve-para-nada\/#primaryimage","url":"https:\/\/exaudi.org\/wp-content\/uploads\/2023\/08\/cq5dam.web_.800.800-7.jpeg","contentUrl":"https:\/\/exaudi.org\/wp-content\/uploads\/2023\/08\/cq5dam.web_.800.800-7.jpeg","width":800,"height":533,"caption":"Vatican Media"},{"@type":"BreadcrumbList","@id":"https:\/\/exaudi.org\/es\/el-papa-una-vida-sin-crisis-no-sirve-para-nada\/#breadcrumb","itemListElement":[{"@type":"ListItem","position":1,"name":"Portada","item":"https:\/\/exaudi.org\/es\/"},{"@type":"ListItem","position":2,"name":"El Papa: \u201cUna vida sin crisis no sirve para nada\u201d"}]},{"@type":"WebSite","@id":"https:\/\/exaudi.org\/#website","url":"https:\/\/exaudi.org\/","name":"Exaudi","description":"News","potentialAction":[{"@type":"SearchAction","target":{"@type":"EntryPoint","urlTemplate":"https:\/\/exaudi.org\/?s={search_term_string}"},"query-input":{"@type":"PropertyValueSpecification","valueRequired":true,"valueName":"search_term_string"}}],"inLanguage":"es"},{"@type":"Person","@id":"https:\/\/exaudi.org\/#\/schema\/person\/f5fc8f063065e38742da7afe15f25df7","name":"Exaudi Redacci\u00f3n","image":{"@type":"ImageObject","inLanguage":"es","@id":"https:\/\/secure.gravatar.com\/avatar\/fe0f6a059fb68d9b3e11bc5850dd4899b1c7492091a3cb6dd9b01b56ad828be2?s=96&d=mm&r=g","url":"https:\/\/secure.gravatar.com\/avatar\/fe0f6a059fb68d9b3e11bc5850dd4899b1c7492091a3cb6dd9b01b56ad828be2?s=96&d=mm&r=g","contentUrl":"https:\/\/secure.gravatar.com\/avatar\/fe0f6a059fb68d9b3e11bc5850dd4899b1c7492091a3cb6dd9b01b56ad828be2?s=96&d=mm&r=g","caption":"Exaudi Redacci\u00f3n"},"description":"\u00bfQu\u00e9 es Exaudi News? Exaudi News es un medio de comunicaci\u00f3n cat\u00f3lico internacional que informa, forma y transforma, diariamente en espa\u00f1ol, ingl\u00e9s e italiano. A trav\u00e9s de noticias, art\u00edculos de an\u00e1lisis y transmisiones en directo de los eventos del Papa, Exaudi busca fortalecer la unidad de los cristianos y contribuir a la evangelizaci\u00f3n del mundo, siempre guiados por la doctrina social de la Iglesia. Trabajamos para acercar la verdad y los valores cristianos a cada rinc\u00f3n del planeta. \u00a1Ay\u00fadanos a transformar el mundo con Exaudi! En Exaudi creemos que la evangelizaci\u00f3n y la informaci\u00f3n de calidad pueden cambiar vidas. Para continuar con nuestra misi\u00f3n y expandir nuestro alcance, necesitamos tu ayuda. Adem\u00e1s, buscamos personas comprometidas que deseen unirse a nuestro equipo. Con tu apoyo, lograremos llegar a m\u00e1s personas, difundir el mensaje de Cristo y reforzar la unidad de los cristianos. \u00bfTe unes a nuestra misi\u00f3n? Para m\u00e1s informaci\u00f3n sobre c\u00f3mo colaborar, visita Exaudi.org\/es o cont\u00e1ctanos directamente: info@exaudi.org Exaudi: Informa, forma y transforma.","sameAs":["https:\/\/www.facebook.com\/ExaudiNoticias\/","https:\/\/www.instagram.com\/exaudi_noticias\/","https:\/\/x.com\/Exaudi_noticias","https:\/\/www.youtube.com\/@exaudicatholicnews"],"url":"https:\/\/exaudi.org\/es\/author\/redaccionexaudi\/"}]}},"jetpack_featured_media_url":"https:\/\/exaudi.org\/wp-content\/uploads\/2023\/08\/cq5dam.web_.800.800-7.jpeg","jetpack_shortlink":"https:\/\/wp.me\/pgKjF2-lcK","_links":{"self":[{"href":"https:\/\/exaudi.org\/es\/wp-json\/wp\/v2\/posts\/81514","targetHints":{"allow":["GET"]}}],"collection":[{"href":"https:\/\/exaudi.org\/es\/wp-json\/wp\/v2\/posts"}],"about":[{"href":"https:\/\/exaudi.org\/es\/wp-json\/wp\/v2\/types\/post"}],"author":[{"embeddable":true,"href":"https:\/\/exaudi.org\/es\/wp-json\/wp\/v2\/users\/15"}],"replies":[{"embeddable":true,"href":"https:\/\/exaudi.org\/es\/wp-json\/wp\/v2\/comments?post=81514"}],"version-history":[{"count":0,"href":"https:\/\/exaudi.org\/es\/wp-json\/wp\/v2\/posts\/81514\/revisions"}],"wp:featuredmedia":[{"embeddable":true,"href":"https:\/\/exaudi.org\/es\/wp-json\/wp\/v2\/media\/81515"}],"wp:attachment":[{"href":"https:\/\/exaudi.org\/es\/wp-json\/wp\/v2\/media?parent=81514"}],"wp:term":[{"taxonomy":"category","embeddable":true,"href":"https:\/\/exaudi.org\/es\/wp-json\/wp\/v2\/categories?post=81514"},{"taxonomy":"post_tag","embeddable":true,"href":"https:\/\/exaudi.org\/es\/wp-json\/wp\/v2\/tags?post=81514"}],"curies":[{"name":"wp","href":"https:\/\/api.w.org\/{rel}","templated":true}]}}