{"id":81454,"date":"2023-08-02T08:45:28","date_gmt":"2023-08-02T06:45:28","guid":{"rendered":"https:\/\/exaudi.org\/?p=81454"},"modified":"2023-08-02T20:26:30","modified_gmt":"2023-08-02T18:26:30","slug":"francisco-partio-para-lisboa","status":"publish","type":"post","link":"https:\/\/exaudi.org\/es\/francisco-partio-para-lisboa\/","title":{"rendered":"Francisco parti\u00f3 para Lisboa: Una alegr\u00eda reencontrarse con los j\u00f3venes del mundo"},"content":{"rendered":"<p>El Papa Francisco parti\u00f3 hacia Lisboa, donde m\u00e1s de un mill\u00f3n de j\u00f3venes de los cinco continentes ya le esperan desde hace d\u00edas para celebrar con \u00e9l la XXXVII Jornada Mundial de la Juventud, inaugurada ayer, 1 de agosto, y donde permanecer\u00e1 hasta el domingo 6. El airbus en el que viaja el Papa, un A320neo de Ita Airways con cero impacto ambiental de CO2, despeg\u00f3 a las 8 del aeropuerto de Fiumicino al que lleg\u00f3 el Pont\u00edfice a bordo de un peque\u00f1o autom\u00f3vil negro, recibido por el alcalde de Fiumicino y otras autoridades locales.<\/p>\n<h3><strong>Un saludo a un grupo de j\u00f3venes y abuelos en Santa Marta<\/strong><\/h3>\n<p><img loading=\"lazy\" decoding=\"async\" class=\"alignleft size-full wp-image-81442\" src=\"https:\/\/exaudi.org\/wp-content\/uploads\/2023\/08\/F2gTL51XoAI9D5a-e1690958018476.jpg\" alt=\"\" width=\"1200\" height=\"1600\" \/>Antes de partir, Francisco, como ya es costumbre, salud\u00f3 en su residencia en la Casa Santa Marta a un grupo de personas acompa\u00f1adas por el cardenal Limosnero Konrad Krajewski. En esta ocasi\u00f3n, como informa una nota de la Oficina de Prensa del Vaticano, se trata de una quincena de personas, entre ellas \u00abalgunos j\u00f3venes, ni\u00f1as y ni\u00f1os, que est\u00e1n viviendo un per\u00edodo en una comunidad de recuperaci\u00f3n, y que por tanto no pueden participar en la de la Juventud\u00bb. Presente con ellos tres abuelos con sus nietos. \u201cEste encuentro, as\u00ed como la recientemente celebrada Jornada Mundial de los Abuelos y los Ancianos -destaca la Oficina de Prensa del Vaticano- subraya el v\u00ednculo entre generaciones, que pueden apoyarse y aprender unas de otras\u201d.<\/p>\n<h3><strong>En el avi\u00f3n<\/strong><\/h3>\n<p>A bordo del avi\u00f3n con el Pont\u00edfice se encuentra el s\u00e9quito, unos setenta periodistas de diarios internacionales y la tripulaci\u00f3n. El aterrizaje en la Base A\u00e9rea de Figo Maduro est\u00e1 previsto en poco m\u00e1s de tres horas, con una diferencia horaria de una hora respecto a Roma. En Portugal, el Papa Francisco, en su 42\u00ba viaje apost\u00f3lico, permanecer\u00e1 hasta el 6 de agosto.<\/p>\n<h3><strong>Los compromisos del primer d\u00eda<\/strong><\/h3>\n<p>A su llegada, el Papa ser\u00e1 recibido por el Presidente de la Rep\u00fablica Marcelo Rebelo de Sousa, con quien luego pasar\u00e1 un breve rato en la Sala VIP. Acto seguido se trasladar\u00e1 en autom\u00f3vil al Palacio Nacional de Bel\u00e9m, residencia oficial del jefe de Estado, para la ceremonia de bienvenida y visita de cortes\u00eda al mandatario, seguida del habitual encuentro con las autoridades pol\u00edticas y religiosas, en el Centro Cultural de Bel\u00e9m. Despu\u00e9s del almuerzo, Francisco recibir\u00e1 al Presidente de la Asamblea de la Rep\u00fablica, Augusto Ernesto dos Santos Silva y al Primer Ministro Ant\u00f3nio Costa. El \u00faltimo compromiso del d\u00eda es en el Real Monasterio de Santa Maria di Bel\u00e9m para V\u00edsperas con el clero local.<\/p>\n<h3><strong>Citas con los j\u00f3venes<\/strong><\/h3>\n<p><img loading=\"lazy\" decoding=\"async\" class=\"size-full wp-image-81447 alignright\" src=\"https:\/\/exaudi.org\/wp-content\/uploads\/2023\/08\/cq5dam.thumbnail.cropped.750.422-1.jpeg\" alt=\"\" width=\"750\" height=\"422\" srcset=\"https:\/\/exaudi.org\/wp-content\/uploads\/2023\/08\/cq5dam.thumbnail.cropped.750.422-1.jpeg 750w, https:\/\/exaudi.org\/wp-content\/uploads\/2023\/08\/cq5dam.thumbnail.cropped.750.422-1-300x169.jpeg 300w, https:\/\/exaudi.org\/wp-content\/uploads\/2023\/08\/cq5dam.thumbnail.cropped.750.422-1-500x281.jpeg 500w, https:\/\/exaudi.org\/wp-content\/uploads\/2023\/08\/cq5dam.thumbnail.cropped.750.422-1-293x165.jpeg 293w, https:\/\/exaudi.org\/wp-content\/uploads\/2023\/08\/cq5dam.thumbnail.cropped.750.422-1-390x219.jpeg 390w\" sizes=\"auto, (max-width: 750px) 100vw, 750px\" \/>La ma\u00f1ana del segundo d\u00eda del Papa en Lisboa, el 3 de agosto, se abrir\u00e1 con un encuentro con j\u00f3venes universitarios en la Universidad Cat\u00f3lica Portuguesa, donde el Pont\u00edfice bendecir\u00e1 la primera piedra del Campus Veritatis. A las 11.40 horas se espera al Papa en Cascais, a 35 km, con otros j\u00f3venes reunidos en la sede de las Scholas Occurrentes. Por la tarde, a las 16.45 horas, tendr\u00e1 lugar la primera de las grandes citas con j\u00f3venes de todo el mundo en el Parque Eduardo VII, una gran zona verde en el centro de Lisboa donde tendr\u00e1 lugar la ceremonia de bienvenida, que finalizar\u00e1 con el \u00abMomento de Env\u00edo\u00bb. Al d\u00eda siguiente, 4 de agosto, Francisco llegar\u00e1 al Jard\u00edn Vasco da Gama, rebautizado como \u00abParco del Perd\u00f3n\u00bb por la JMJ, y confesar\u00e1 algunos chicos. Con diez de ellos, al mediod\u00eda, almorzar\u00e1 en la Nunciatura Apost\u00f3lica. La pr\u00f3xima cita es el V\u00eda Crucis, a las 18 horas, en el Parque Eduardo VII.<\/p>\n<h3><strong>Oraci\u00f3n en F\u00e1tima y vigilia con los j\u00f3venes<\/strong><\/h3>\n<p>F\u00e1tima es el primer destino del cuarto d\u00eda, 5 de agosto. Aqu\u00ed habr\u00e1 otro momento de oraci\u00f3n con los j\u00f3venes enfermos. El Pont\u00edfice llegar\u00e1 en helic\u00f3ptero al pueblo de los tres pastorcitos y en autom\u00f3vil llegar\u00e1 al Santuario, para luego saludar en el papam\u00f3vil a los fieles reunidos para su visita. Posteriormente, al llegar a la Capilla de las Apariciones, rezar\u00e1 a la imagen de la Sant\u00edsima Virgen Mar\u00eda de F\u00e1tima. A las 9.30 horas, rezo del Rosario, con misterios guiados en varios idiomas, seguido de una reflexi\u00f3n del Papa, que antes de abandonar el Santuario saludar\u00e1 a algunos j\u00f3venes.<\/p>\n<p>De regreso en Lisboa, Francisco ir\u00e1 al Col\u00e9gio de S\u00e3o Jo\u00e3o de Brito, donde, a puerta cerrada, tendr\u00e1 lugar el encuentro con los miembros de la Compa\u00f1\u00eda de Jes\u00fas en Portugal. Finalmente, por la noche, el evento m\u00e1s esperado: la vigilia en el Parque Tejo. Francisco llegar\u00e1 all\u00ed a las 20.15 horas y en el papam\u00f3vil recorrer\u00e1 a lo largo y ancho el gran espacio verde donde se re\u00fanen j\u00f3venes de todo el mundo, que vivir\u00e1n una oraci\u00f3n dividida en tres momentos, seguida del discurso del Papa, la exhibici\u00f3n de la Eucarist\u00eda y la bendici\u00f3n.<\/p>\n<h3><strong>Misa de la JMJ 2023 del 6 de agosto<\/strong><\/h3>\n<p><img loading=\"lazy\" decoding=\"async\" class=\"alignleft size-full wp-image-81450\" src=\"https:\/\/exaudi.org\/wp-content\/uploads\/2023\/08\/cq5dam.thumbnail.cropped.750.422-2.jpeg\" alt=\"\" width=\"750\" height=\"422\" srcset=\"https:\/\/exaudi.org\/wp-content\/uploads\/2023\/08\/cq5dam.thumbnail.cropped.750.422-2.jpeg 750w, https:\/\/exaudi.org\/wp-content\/uploads\/2023\/08\/cq5dam.thumbnail.cropped.750.422-2-300x169.jpeg 300w, https:\/\/exaudi.org\/wp-content\/uploads\/2023\/08\/cq5dam.thumbnail.cropped.750.422-2-500x281.jpeg 500w, https:\/\/exaudi.org\/wp-content\/uploads\/2023\/08\/cq5dam.thumbnail.cropped.750.422-2-293x165.jpeg 293w, https:\/\/exaudi.org\/wp-content\/uploads\/2023\/08\/cq5dam.thumbnail.cropped.750.422-2-390x219.jpeg 390w\" sizes=\"auto, (max-width: 750px) 100vw, 750px\" \/>El \u00faltimo d\u00eda de Francisco en Lisboa, el domingo 6 de agosto, es el de la Misa que culmina la JMJ 2023. El evento tambi\u00e9n tiene lugar en el Parque Tejo, donde el Pont\u00edfice regresa a las 8.15. La celebraci\u00f3n, como es tradici\u00f3n, concluir\u00e1 con la entrega de las cruces de la Jornada Mundial de la Juventud a los representanrtes de los cinco continentes, luego el Papa anunciar\u00e1 el lugar y el a\u00f1o de la pr\u00f3xima celebraci\u00f3n de la JMJ y se rezar\u00e1 el \u00c1ngelus. Antes de partir su \u00faltima cita, con los voluntarios de la JMJ, en el\u00a0Passeio Mar\u00edtimo de Alg\u00e9s. Luego su traslado a la Base A\u00e9rea de Figo Maduro<i>\u00a0<\/i>para \u00f1a cderemonia de despedida. El avi\u00f3n partir\u00e1 a las 18.15 aproximadamente.<\/p>\n<div style=\"width: 480px;\" class=\"wp-video\"><video class=\"wp-video-shortcode\" id=\"video-81454-1\" width=\"480\" height=\"848\" preload=\"metadata\" controls=\"controls\"><source type=\"video\/mp4\" src=\"https:\/\/exaudi.org\/wp-content\/uploads\/2023\/08\/364081201_266035172840041_3613286716550601596_n.mp4?_=1\" \/><a href=\"https:\/\/exaudi.org\/wp-content\/uploads\/2023\/08\/364081201_266035172840041_3613286716550601596_n.mp4\">https:\/\/exaudi.org\/wp-content\/uploads\/2023\/08\/364081201_266035172840041_3613286716550601596_n.mp4<\/a><\/video><\/div>\n","protected":false},"excerpt":{"rendered":"<p>El avi\u00f3n en el que viaja el Papa despeg\u00f3 del aeropuerto de Fiumicino a las 8<\/p>\n","protected":false},"author":15,"featured_media":81453,"comment_status":"closed","ping_status":"closed","sticky":false,"template":"","format":"standard","meta":{"_acf_changed":false,"_crdt_document":"","inline_featured_image":false,"footnotes":""},"categories":[154,68],"tags":[2270,7351,1855,3527,158,4953,5843],"class_list":["post-81454","post","type-post","status-publish","format-standard","has-post-thumbnail","hentry","category-jmj","category-leon-xiv","tag-fatima-es","tag-jmj","tag-jovenes","tag-lisboa-es","tag-papa-francisco","tag-trending-es","tag-viaje-apostolico"],"acf":[],"yoast_head":"<!-- This site is optimized with the Yoast SEO plugin v27.4 - https:\/\/yoast.com\/product\/yoast-seo-wordpress\/ -->\n<title>Francisco parti\u00f3 para Lisboa: Una alegr\u00eda reencontrarse con los j\u00f3venes del mundo &#8211; Exaudi<\/title>\n<meta name=\"robots\" content=\"index, follow, max-snippet:-1, max-image-preview:large, max-video-preview:-1\" \/>\n<link rel=\"canonical\" href=\"https:\/\/exaudi.org\/es\/francisco-partio-para-lisboa\/\" \/>\n<meta property=\"og:locale\" content=\"es_ES\" \/>\n<meta property=\"og:type\" content=\"article\" \/>\n<meta property=\"og:title\" content=\"Francisco parti\u00f3 para Lisboa: Una alegr\u00eda reencontrarse con los j\u00f3venes del mundo &#8211; Exaudi\" \/>\n<meta property=\"og:description\" content=\"El avi\u00f3n en el que viaja el Papa despeg\u00f3 del aeropuerto de Fiumicino a las 8\" \/>\n<meta property=\"og:url\" content=\"https:\/\/exaudi.org\/es\/francisco-partio-para-lisboa\/\" \/>\n<meta property=\"og:site_name\" content=\"Exaudi\" \/>\n<meta property=\"article:publisher\" content=\"https:\/\/www.facebook.com\/ExaudiNews\" \/>\n<meta property=\"article:author\" content=\"https:\/\/www.facebook.com\/ExaudiNoticias\/\" \/>\n<meta property=\"article:published_time\" content=\"2023-08-02T06:45:28+00:00\" \/>\n<meta property=\"article:modified_time\" content=\"2023-08-02T18:26:30+00:00\" \/>\n<meta property=\"og:image\" content=\"https:\/\/exaudi.org\/wp-content\/uploads\/2023\/08\/cq5dam.thumbnail.cropped.750.422.jpeg\" \/>\n\t<meta property=\"og:image:width\" content=\"750\" \/>\n\t<meta property=\"og:image:height\" content=\"422\" \/>\n\t<meta property=\"og:image:type\" content=\"image\/jpeg\" \/>\n<meta name=\"author\" content=\"Exaudi Redacci\u00f3n\" \/>\n<meta name=\"twitter:card\" content=\"summary_large_image\" \/>\n<meta name=\"twitter:creator\" content=\"@Exaudi_noticias\" \/>\n<meta name=\"twitter:site\" content=\"@Exaudi_News\" \/>\n<meta name=\"twitter:label1\" content=\"Escrito por\" \/>\n\t<meta name=\"twitter:data1\" content=\"Exaudi Redacci\u00f3n\" \/>\n\t<meta name=\"twitter:label2\" content=\"Tiempo de lectura\" \/>\n\t<meta name=\"twitter:data2\" content=\"5 minutos\" \/>\n<script type=\"application\/ld+json\" class=\"yoast-schema-graph\">{\"@context\":\"https:\\\/\\\/schema.org\",\"@graph\":[{\"@type\":\"Article\",\"@id\":\"https:\\\/\\\/exaudi.org\\\/es\\\/francisco-partio-para-lisboa\\\/#article\",\"isPartOf\":{\"@id\":\"https:\\\/\\\/exaudi.org\\\/es\\\/francisco-partio-para-lisboa\\\/\"},\"author\":{\"name\":\"Exaudi Redacci\u00f3n\",\"@id\":\"https:\\\/\\\/exaudi.org\\\/#\\\/schema\\\/person\\\/f5fc8f063065e38742da7afe15f25df7\"},\"headline\":\"Francisco parti\u00f3 para Lisboa: Una alegr\u00eda reencontrarse con los j\u00f3venes del mundo\",\"datePublished\":\"2023-08-02T06:45:28+00:00\",\"dateModified\":\"2023-08-02T18:26:30+00:00\",\"mainEntityOfPage\":{\"@id\":\"https:\\\/\\\/exaudi.org\\\/es\\\/francisco-partio-para-lisboa\\\/\"},\"wordCount\":1022,\"image\":{\"@id\":\"https:\\\/\\\/exaudi.org\\\/es\\\/francisco-partio-para-lisboa\\\/#primaryimage\"},\"thumbnailUrl\":\"https:\\\/\\\/exaudi.org\\\/wp-content\\\/uploads\\\/2023\\\/08\\\/cq5dam.thumbnail.cropped.750.422.jpeg\",\"keywords\":[\"fatima\",\"JMJ\",\"J\u00f3venes\",\"lisboa\",\"papa francisco\",\"Trending\",\"Viaje Apost\u00f3lico\"],\"articleSection\":[\"JMJ\",\"Le\u00f3n XIV\"],\"inLanguage\":\"es\"},{\"@type\":\"WebPage\",\"@id\":\"https:\\\/\\\/exaudi.org\\\/es\\\/francisco-partio-para-lisboa\\\/\",\"url\":\"https:\\\/\\\/exaudi.org\\\/es\\\/francisco-partio-para-lisboa\\\/\",\"name\":\"Francisco parti\u00f3 para Lisboa: Una alegr\u00eda reencontrarse con los j\u00f3venes del mundo &#8211; Exaudi\",\"isPartOf\":{\"@id\":\"https:\\\/\\\/exaudi.org\\\/#website\"},\"primaryImageOfPage\":{\"@id\":\"https:\\\/\\\/exaudi.org\\\/es\\\/francisco-partio-para-lisboa\\\/#primaryimage\"},\"image\":{\"@id\":\"https:\\\/\\\/exaudi.org\\\/es\\\/francisco-partio-para-lisboa\\\/#primaryimage\"},\"thumbnailUrl\":\"https:\\\/\\\/exaudi.org\\\/wp-content\\\/uploads\\\/2023\\\/08\\\/cq5dam.thumbnail.cropped.750.422.jpeg\",\"datePublished\":\"2023-08-02T06:45:28+00:00\",\"dateModified\":\"2023-08-02T18:26:30+00:00\",\"author\":{\"@id\":\"https:\\\/\\\/exaudi.org\\\/#\\\/schema\\\/person\\\/f5fc8f063065e38742da7afe15f25df7\"},\"breadcrumb\":{\"@id\":\"https:\\\/\\\/exaudi.org\\\/es\\\/francisco-partio-para-lisboa\\\/#breadcrumb\"},\"inLanguage\":\"es\",\"potentialAction\":[{\"@type\":\"ReadAction\",\"target\":[\"https:\\\/\\\/exaudi.org\\\/es\\\/francisco-partio-para-lisboa\\\/\"]}]},{\"@type\":\"ImageObject\",\"inLanguage\":\"es\",\"@id\":\"https:\\\/\\\/exaudi.org\\\/es\\\/francisco-partio-para-lisboa\\\/#primaryimage\",\"url\":\"https:\\\/\\\/exaudi.org\\\/wp-content\\\/uploads\\\/2023\\\/08\\\/cq5dam.thumbnail.cropped.750.422.jpeg\",\"contentUrl\":\"https:\\\/\\\/exaudi.org\\\/wp-content\\\/uploads\\\/2023\\\/08\\\/cq5dam.thumbnail.cropped.750.422.jpeg\",\"width\":750,\"height\":422},{\"@type\":\"BreadcrumbList\",\"@id\":\"https:\\\/\\\/exaudi.org\\\/es\\\/francisco-partio-para-lisboa\\\/#breadcrumb\",\"itemListElement\":[{\"@type\":\"ListItem\",\"position\":1,\"name\":\"Portada\",\"item\":\"https:\\\/\\\/exaudi.org\\\/es\\\/\"},{\"@type\":\"ListItem\",\"position\":2,\"name\":\"Francisco parti\u00f3 para Lisboa: Una alegr\u00eda reencontrarse con los j\u00f3venes del mundo\"}]},{\"@type\":\"WebSite\",\"@id\":\"https:\\\/\\\/exaudi.org\\\/#website\",\"url\":\"https:\\\/\\\/exaudi.org\\\/\",\"name\":\"Exaudi\",\"description\":\"News\",\"potentialAction\":[{\"@type\":\"SearchAction\",\"target\":{\"@type\":\"EntryPoint\",\"urlTemplate\":\"https:\\\/\\\/exaudi.org\\\/?s={search_term_string}\"},\"query-input\":{\"@type\":\"PropertyValueSpecification\",\"valueRequired\":true,\"valueName\":\"search_term_string\"}}],\"inLanguage\":\"es\"},{\"@type\":\"Person\",\"@id\":\"https:\\\/\\\/exaudi.org\\\/#\\\/schema\\\/person\\\/f5fc8f063065e38742da7afe15f25df7\",\"name\":\"Exaudi Redacci\u00f3n\",\"image\":{\"@type\":\"ImageObject\",\"inLanguage\":\"es\",\"@id\":\"https:\\\/\\\/secure.gravatar.com\\\/avatar\\\/fe0f6a059fb68d9b3e11bc5850dd4899b1c7492091a3cb6dd9b01b56ad828be2?s=96&d=mm&r=g\",\"url\":\"https:\\\/\\\/secure.gravatar.com\\\/avatar\\\/fe0f6a059fb68d9b3e11bc5850dd4899b1c7492091a3cb6dd9b01b56ad828be2?s=96&d=mm&r=g\",\"contentUrl\":\"https:\\\/\\\/secure.gravatar.com\\\/avatar\\\/fe0f6a059fb68d9b3e11bc5850dd4899b1c7492091a3cb6dd9b01b56ad828be2?s=96&d=mm&r=g\",\"caption\":\"Exaudi Redacci\u00f3n\"},\"description\":\"\u00bfQu\u00e9 es Exaudi News? Exaudi News es un medio de comunicaci\u00f3n cat\u00f3lico internacional que informa, forma y transforma, diariamente en espa\u00f1ol, ingl\u00e9s e italiano. A trav\u00e9s de noticias, art\u00edculos de an\u00e1lisis y transmisiones en directo de los eventos del Papa, Exaudi busca fortalecer la unidad de los cristianos y contribuir a la evangelizaci\u00f3n del mundo, siempre guiados por la doctrina social de la Iglesia. Trabajamos para acercar la verdad y los valores cristianos a cada rinc\u00f3n del planeta. \u00a1Ay\u00fadanos a transformar el mundo con Exaudi! En Exaudi creemos que la evangelizaci\u00f3n y la informaci\u00f3n de calidad pueden cambiar vidas. Para continuar con nuestra misi\u00f3n y expandir nuestro alcance, necesitamos tu ayuda. Adem\u00e1s, buscamos personas comprometidas que deseen unirse a nuestro equipo. Con tu apoyo, lograremos llegar a m\u00e1s personas, difundir el mensaje de Cristo y reforzar la unidad de los cristianos. \u00bfTe unes a nuestra misi\u00f3n? Para m\u00e1s informaci\u00f3n sobre c\u00f3mo colaborar, visita Exaudi.org\\\/es o cont\u00e1ctanos directamente: info@exaudi.org Exaudi: Informa, forma y transforma.\",\"sameAs\":[\"https:\\\/\\\/www.facebook.com\\\/ExaudiNoticias\\\/\",\"https:\\\/\\\/www.instagram.com\\\/exaudi_noticias\\\/\",\"https:\\\/\\\/x.com\\\/Exaudi_noticias\",\"https:\\\/\\\/www.youtube.com\\\/@exaudicatholicnews\"],\"url\":\"https:\\\/\\\/exaudi.org\\\/es\\\/author\\\/redaccionexaudi\\\/\"}]}<\/script>\n<!-- \/ Yoast SEO plugin. -->","yoast_head_json":{"title":"Francisco parti\u00f3 para Lisboa: Una alegr\u00eda reencontrarse con los j\u00f3venes del mundo &#8211; Exaudi","robots":{"index":"index","follow":"follow","max-snippet":"max-snippet:-1","max-image-preview":"max-image-preview:large","max-video-preview":"max-video-preview:-1"},"canonical":"https:\/\/exaudi.org\/es\/francisco-partio-para-lisboa\/","og_locale":"es_ES","og_type":"article","og_title":"Francisco parti\u00f3 para Lisboa: Una alegr\u00eda reencontrarse con los j\u00f3venes del mundo &#8211; Exaudi","og_description":"El avi\u00f3n en el que viaja el Papa despeg\u00f3 del aeropuerto de Fiumicino a las 8","og_url":"https:\/\/exaudi.org\/es\/francisco-partio-para-lisboa\/","og_site_name":"Exaudi","article_publisher":"https:\/\/www.facebook.com\/ExaudiNews","article_author":"https:\/\/www.facebook.com\/ExaudiNoticias\/","article_published_time":"2023-08-02T06:45:28+00:00","article_modified_time":"2023-08-02T18:26:30+00:00","og_image":[{"width":750,"height":422,"url":"https:\/\/exaudi.org\/wp-content\/uploads\/2023\/08\/cq5dam.thumbnail.cropped.750.422.jpeg","type":"image\/jpeg"}],"author":"Exaudi Redacci\u00f3n","twitter_card":"summary_large_image","twitter_creator":"@Exaudi_noticias","twitter_site":"@Exaudi_News","twitter_misc":{"Escrito por":"Exaudi Redacci\u00f3n","Tiempo de lectura":"5 minutos"},"schema":{"@context":"https:\/\/schema.org","@graph":[{"@type":"Article","@id":"https:\/\/exaudi.org\/es\/francisco-partio-para-lisboa\/#article","isPartOf":{"@id":"https:\/\/exaudi.org\/es\/francisco-partio-para-lisboa\/"},"author":{"name":"Exaudi Redacci\u00f3n","@id":"https:\/\/exaudi.org\/#\/schema\/person\/f5fc8f063065e38742da7afe15f25df7"},"headline":"Francisco parti\u00f3 para Lisboa: Una alegr\u00eda reencontrarse con los j\u00f3venes del mundo","datePublished":"2023-08-02T06:45:28+00:00","dateModified":"2023-08-02T18:26:30+00:00","mainEntityOfPage":{"@id":"https:\/\/exaudi.org\/es\/francisco-partio-para-lisboa\/"},"wordCount":1022,"image":{"@id":"https:\/\/exaudi.org\/es\/francisco-partio-para-lisboa\/#primaryimage"},"thumbnailUrl":"https:\/\/exaudi.org\/wp-content\/uploads\/2023\/08\/cq5dam.thumbnail.cropped.750.422.jpeg","keywords":["fatima","JMJ","J\u00f3venes","lisboa","papa francisco","Trending","Viaje Apost\u00f3lico"],"articleSection":["JMJ","Le\u00f3n XIV"],"inLanguage":"es"},{"@type":"WebPage","@id":"https:\/\/exaudi.org\/es\/francisco-partio-para-lisboa\/","url":"https:\/\/exaudi.org\/es\/francisco-partio-para-lisboa\/","name":"Francisco parti\u00f3 para Lisboa: Una alegr\u00eda reencontrarse con los j\u00f3venes del mundo &#8211; Exaudi","isPartOf":{"@id":"https:\/\/exaudi.org\/#website"},"primaryImageOfPage":{"@id":"https:\/\/exaudi.org\/es\/francisco-partio-para-lisboa\/#primaryimage"},"image":{"@id":"https:\/\/exaudi.org\/es\/francisco-partio-para-lisboa\/#primaryimage"},"thumbnailUrl":"https:\/\/exaudi.org\/wp-content\/uploads\/2023\/08\/cq5dam.thumbnail.cropped.750.422.jpeg","datePublished":"2023-08-02T06:45:28+00:00","dateModified":"2023-08-02T18:26:30+00:00","author":{"@id":"https:\/\/exaudi.org\/#\/schema\/person\/f5fc8f063065e38742da7afe15f25df7"},"breadcrumb":{"@id":"https:\/\/exaudi.org\/es\/francisco-partio-para-lisboa\/#breadcrumb"},"inLanguage":"es","potentialAction":[{"@type":"ReadAction","target":["https:\/\/exaudi.org\/es\/francisco-partio-para-lisboa\/"]}]},{"@type":"ImageObject","inLanguage":"es","@id":"https:\/\/exaudi.org\/es\/francisco-partio-para-lisboa\/#primaryimage","url":"https:\/\/exaudi.org\/wp-content\/uploads\/2023\/08\/cq5dam.thumbnail.cropped.750.422.jpeg","contentUrl":"https:\/\/exaudi.org\/wp-content\/uploads\/2023\/08\/cq5dam.thumbnail.cropped.750.422.jpeg","width":750,"height":422},{"@type":"BreadcrumbList","@id":"https:\/\/exaudi.org\/es\/francisco-partio-para-lisboa\/#breadcrumb","itemListElement":[{"@type":"ListItem","position":1,"name":"Portada","item":"https:\/\/exaudi.org\/es\/"},{"@type":"ListItem","position":2,"name":"Francisco parti\u00f3 para Lisboa: Una alegr\u00eda reencontrarse con los j\u00f3venes del mundo"}]},{"@type":"WebSite","@id":"https:\/\/exaudi.org\/#website","url":"https:\/\/exaudi.org\/","name":"Exaudi","description":"News","potentialAction":[{"@type":"SearchAction","target":{"@type":"EntryPoint","urlTemplate":"https:\/\/exaudi.org\/?s={search_term_string}"},"query-input":{"@type":"PropertyValueSpecification","valueRequired":true,"valueName":"search_term_string"}}],"inLanguage":"es"},{"@type":"Person","@id":"https:\/\/exaudi.org\/#\/schema\/person\/f5fc8f063065e38742da7afe15f25df7","name":"Exaudi Redacci\u00f3n","image":{"@type":"ImageObject","inLanguage":"es","@id":"https:\/\/secure.gravatar.com\/avatar\/fe0f6a059fb68d9b3e11bc5850dd4899b1c7492091a3cb6dd9b01b56ad828be2?s=96&d=mm&r=g","url":"https:\/\/secure.gravatar.com\/avatar\/fe0f6a059fb68d9b3e11bc5850dd4899b1c7492091a3cb6dd9b01b56ad828be2?s=96&d=mm&r=g","contentUrl":"https:\/\/secure.gravatar.com\/avatar\/fe0f6a059fb68d9b3e11bc5850dd4899b1c7492091a3cb6dd9b01b56ad828be2?s=96&d=mm&r=g","caption":"Exaudi Redacci\u00f3n"},"description":"\u00bfQu\u00e9 es Exaudi News? Exaudi News es un medio de comunicaci\u00f3n cat\u00f3lico internacional que informa, forma y transforma, diariamente en espa\u00f1ol, ingl\u00e9s e italiano. A trav\u00e9s de noticias, art\u00edculos de an\u00e1lisis y transmisiones en directo de los eventos del Papa, Exaudi busca fortalecer la unidad de los cristianos y contribuir a la evangelizaci\u00f3n del mundo, siempre guiados por la doctrina social de la Iglesia. Trabajamos para acercar la verdad y los valores cristianos a cada rinc\u00f3n del planeta. \u00a1Ay\u00fadanos a transformar el mundo con Exaudi! En Exaudi creemos que la evangelizaci\u00f3n y la informaci\u00f3n de calidad pueden cambiar vidas. Para continuar con nuestra misi\u00f3n y expandir nuestro alcance, necesitamos tu ayuda. Adem\u00e1s, buscamos personas comprometidas que deseen unirse a nuestro equipo. Con tu apoyo, lograremos llegar a m\u00e1s personas, difundir el mensaje de Cristo y reforzar la unidad de los cristianos. \u00bfTe unes a nuestra misi\u00f3n? Para m\u00e1s informaci\u00f3n sobre c\u00f3mo colaborar, visita Exaudi.org\/es o cont\u00e1ctanos directamente: info@exaudi.org Exaudi: Informa, forma y transforma.","sameAs":["https:\/\/www.facebook.com\/ExaudiNoticias\/","https:\/\/www.instagram.com\/exaudi_noticias\/","https:\/\/x.com\/Exaudi_noticias","https:\/\/www.youtube.com\/@exaudicatholicnews"],"url":"https:\/\/exaudi.org\/es\/author\/redaccionexaudi\/"}]}},"jetpack_featured_media_url":"https:\/\/exaudi.org\/wp-content\/uploads\/2023\/08\/cq5dam.thumbnail.cropped.750.422.jpeg","jetpack_shortlink":"https:\/\/wp.me\/pgKjF2-lbM","_links":{"self":[{"href":"https:\/\/exaudi.org\/es\/wp-json\/wp\/v2\/posts\/81454","targetHints":{"allow":["GET"]}}],"collection":[{"href":"https:\/\/exaudi.org\/es\/wp-json\/wp\/v2\/posts"}],"about":[{"href":"https:\/\/exaudi.org\/es\/wp-json\/wp\/v2\/types\/post"}],"author":[{"embeddable":true,"href":"https:\/\/exaudi.org\/es\/wp-json\/wp\/v2\/users\/15"}],"replies":[{"embeddable":true,"href":"https:\/\/exaudi.org\/es\/wp-json\/wp\/v2\/comments?post=81454"}],"version-history":[{"count":0,"href":"https:\/\/exaudi.org\/es\/wp-json\/wp\/v2\/posts\/81454\/revisions"}],"wp:featuredmedia":[{"embeddable":true,"href":"https:\/\/exaudi.org\/es\/wp-json\/wp\/v2\/media\/81453"}],"wp:attachment":[{"href":"https:\/\/exaudi.org\/es\/wp-json\/wp\/v2\/media?parent=81454"}],"wp:term":[{"taxonomy":"category","embeddable":true,"href":"https:\/\/exaudi.org\/es\/wp-json\/wp\/v2\/categories?post=81454"},{"taxonomy":"post_tag","embeddable":true,"href":"https:\/\/exaudi.org\/es\/wp-json\/wp\/v2\/tags?post=81454"}],"curies":[{"name":"wp","href":"https:\/\/api.w.org\/{rel}","templated":true}]}}