{"id":81184,"date":"2023-07-27T18:51:53","date_gmt":"2023-07-27T16:51:53","guid":{"rendered":"https:\/\/exaudi.org\/?p=81184"},"modified":"2023-07-28T08:58:16","modified_gmt":"2023-07-28T06:58:16","slug":"jmj-en-lisboa-que-sea-semilla-del-mundo-del-futuro","status":"publish","type":"post","link":"https:\/\/exaudi.org\/es\/jmj-en-lisboa-que-sea-semilla-del-mundo-del-futuro\/","title":{"rendered":"Papa Francisco: JMJ en Lisboa que sea \u201csemilla del mundo del futuro\u201d"},"content":{"rendered":"<audio class=\"wp-audio-shortcode\" id=\"audio-81184-1\" preload=\"none\" style=\"width: 100%;\" controls=\"controls\"><source type=\"audio\/mpeg\" src=\"https:\/\/exaudi.org\/wp-content\/uploads\/2023\/07\/Por-la-Jornada-Mundial-de-la-Juventud-El-Video-del-Papa-8-Agosto-2023.mp3?_=1\" \/><a href=\"https:\/\/exaudi.org\/wp-content\/uploads\/2023\/07\/Por-la-Jornada-Mundial-de-la-Juventud-El-Video-del-Papa-8-Agosto-2023.mp3\">https:\/\/exaudi.org\/wp-content\/uploads\/2023\/07\/Por-la-Jornada-Mundial-de-la-Juventud-El-Video-del-Papa-8-Agosto-2023.mp3<\/a><\/audio>\n<p dir=\"ltr\">\u201cCuando voy a la Iglesia <span class=\"il\">de<\/span>\u00a0mi barrio, solo veo personas mayores.\u00a0\u00bfLa Iglesia es ahora cosa\u00a0<span class=\"il\">de<\/span>\u00a0viejos?\u201d, le preguntan a Francisco al comienzo\u00a0<span class=\"il\">de<\/span>\u00a0este\u00a0<span class=\"il\">Video<\/span>\u00a0<span class=\"il\">del<\/span>\u00a0<span class=\"il\">Papa<\/span>\u00a0que se enmarca en la Jornada Mundial\u00a0<span class=\"il\">de<\/span>\u00a0la Juventud.\u00a0La respuesta es contundente: \u201cSi se convierte en algo\u00a0<span class=\"il\">de<\/span>\u00a0viejos, va a morir.\u00a0[&#8230;] La Iglesia necesita a los j\u00f3venes para no envejecer\u201d.<\/p>\n<p dir=\"ltr\"><span class=\"il\">El<\/span>\u00a0<span class=\"il\">video<\/span>\u00a0con la nueva intenci\u00f3n\u00a0<span class=\"il\">de<\/span>\u00a0oraci\u00f3n\u00a0<span class=\"il\">del<\/span>\u00a0<strong>Santo Padre<\/strong>\u00a0\u2013que se conf\u00eda a toda la\u00a0<strong>Iglesia Cat\u00f3lica<\/strong>\u00a0a trav\u00e9s\u00a0<span class=\"il\">de<\/span>\u00a0la\u00a0<strong><a href=\"https:\/\/lamachi.us2.list-manage.com\/track\/click?u=f4ad1af194e3c394ddd3c2b53&amp;id=89a616e9f3&amp;e=813334ac4c\" target=\"_blank\" rel=\"noopener\" data-saferedirecturl=\"https:\/\/www.google.com\/url?q=https:\/\/lamachi.us2.list-manage.com\/track\/click?u%3Df4ad1af194e3c394ddd3c2b53%26id%3D89a616e9f3%26e%3D813334ac4c&amp;source=gmail&amp;ust=1690562607279000&amp;usg=AOvVaw3UIoiA-sFvy-3M0A9bA0f9\">Red Mundial\u00a0<span class=\"il\">de<\/span>\u00a0Oraci\u00f3n\u00a0<span class=\"il\">del<\/span>\u00a0<span class=\"il\">Papa<\/span><\/a><\/strong>\u00a0, y que este mes cuenta con la colaboraci\u00f3n\u00a0<span class=\"il\">de<\/span>\u00a0la\u00a0<strong>Fundaci\u00f3n\u00a0<span class=\"il\">de<\/span>\u00a0la Jornada Mundial\u00a0<span class=\"il\">de<\/span>\u00a0la Juventud<\/strong>\u00a0(JMJ) Lisboa 2023 y\u00a0<span class=\"il\">del<\/span>\u00a0<strong>Dicasterio para los Laicos, la Familia y la Vida\u00a0<\/strong>\u00a0\u2013 trata sobre los j\u00f3venes, sobre la celebraci\u00f3n\u00a0<span class=\"il\">de<\/span>\u00a0la\u00a0<strong>Jornada Mundial\u00a0<span class=\"il\">de<\/span>\u00a0la Juventud<\/strong>\u00a0.\u00a0<span class=\"il\">El<\/span>\u00a0mensaje pone\u00a0<span class=\"il\">el<\/span>\u00a0acento en\u00a0<span class=\"il\">el<\/span>\u00a0llamado\u00a0<span class=\"il\">del<\/span>\u00a0<span class=\"il\">Papa<\/span>\u00a0Francisco a que los j\u00f3venes se pongan en camino, a toda prisa, a dar testimonio\u00a0<span class=\"il\">del<\/span>\u00a0Evangelio y con alegr\u00eda.<\/p>\n<h3 dir=\"ltr\"><strong id=\"m_-3608073645067912499docs-internal-guid-56b57ff8-7fff-6bbd-6046-f92fd638337f\">Las preguntas\u00a0<span class=\"il\">de<\/span>\u00a0los j\u00f3venes<\/strong><\/h3>\n<p dir=\"ltr\"><span class=\"il\">El<\/span>\u00a0<span class=\"il\">video<\/span>\u00a0<span class=\"il\">de<\/span>\u00a0este mes tiene una particularidad:\u00a0<span class=\"il\">el<\/span>\u00a0<strong><span class=\"il\">Papa<\/span>\u00a0<\/strong><strong>Francisco<\/strong>\u00a0responde a algunos j\u00f3venes, que le interrogan en varias lenguas y desde varios continentes.\u00a0Desde Filipinas, Brasil y Costa\u00a0<span class=\"il\">de<\/span>\u00a0Marfil, j\u00f3venes\u00a0<span class=\"il\">del<\/span>\u00a0<strong>Movimiento Eucar\u00edstico Juvenil<\/strong>\u00a0-la secci\u00f3n juvenil\u00a0<span class=\"il\">de<\/span>\u00a0la Red Mundial\u00a0<span class=\"il\">de<\/span>\u00a0Oraci\u00f3n\u00a0<span class=\"il\">del<\/span>\u00a0<span class=\"il\">Papa<\/span>, que cuenta con 1.700.000 miembros en 60 pa\u00edses- plantean a Francisco preguntas sin filtro: si la Iglesia se est\u00e1 reduciendo a \u201ccosas\u00a0<span class=\"il\">de<\/span>\u00a0viejos\u201d;\u00a0por qu\u00e9 se eligi\u00f3 a Mar\u00eda como tema\u00a0<span class=\"il\">de<\/span>\u00a0la Jornada Mundial\u00a0<span class=\"il\">de<\/span>\u00a0la Juventud;\u00a0qu\u00e9 espera\u00a0<span class=\"il\">el<\/span>\u00a0propio\u00a0<span class=\"il\">Papa<\/span>\u00a0<span class=\"il\">de<\/span>\u00a0este encuentro mundial\u00a0<span class=\"il\">de<\/span>\u00a0j\u00f3venes en Portugal.<\/p>\n<h3 dir=\"ltr\"><strong id=\"m_-3608073645067912499docs-internal-guid-56b57ff8-7fff-6bbd-6046-f92fd638337f\">Las respuestas\u00a0<span class=\"il\">del<\/span>\u00a0<span class=\"il\">Papa<\/span><\/strong><\/h3>\n<p dir=\"ltr\">Las respuestas\u00a0<span class=\"il\">de<\/span>\u00a0Francisco, en esta r\u00e9plica a distancia, son tambi\u00e9n muy contundentes.\u00a0Explica que la actitud\u00a0<span class=\"il\">de<\/span>\u00a0Mar\u00eda es una lecci\u00f3n para todos sus coet\u00e1neos, porque \u201cen cuanto sabe que va a ser la madre\u00a0<span class=\"il\">de<\/span>\u00a0Dios, no se queda all\u00ed tom\u00e1ndose un selfie o presumiendo\u201d, sino que \u201clo primero que hace es ponerse en camino, a toda prisa, para servir, para ayudar\u201d.\u00a0A continuaci\u00f3n, confi\u00f3 su sue\u00f1o\u00a0<span class=\"il\">de<\/span>\u00a0\u201cver en Lisboa una semilla\u00a0<span class=\"il\">del<\/span>\u00a0mundo\u00a0<span class=\"il\">del<\/span>\u00a0futuro\u201d: un mundo en\u00a0<span class=\"il\">el<\/span>\u00a0que\u00a0<span class=\"il\">el<\/span>\u00a0amor (en un momento en\u00a0<span class=\"il\">el<\/span>\u00a0que \u201cestamos en guerra\u201d) y la alegr\u00eda (\u201cporque los cristianos si no tenemos alegr\u00eda, no somos cre\u00edbles\u201d) est\u00e1n en\u00a0<span class=\"il\">el<\/span>\u00a0centro.<\/p>\n<h3 dir=\"ltr\"><strong id=\"m_-3608073645067912499docs-internal-guid-56b57ff8-7fff-6bbd-6046-f92fd638337f\">Los d\u00edas\u00a0<span class=\"il\">del<\/span>\u00a0encuentro<\/strong><\/h3>\n<p dir=\"ltr\">Seg\u00fan Monse\u00f1or Am\u00e9rico Aguiar, Presidente\u00a0<span class=\"il\">de<\/span>\u00a0la Fundaci\u00f3n JMJ Lisboa 2023, \u201clas Jornadas son, en esencia, un encuentro\u00a0<span class=\"il\">de<\/span>\u00a0los j\u00f3venes con\u00a0<span class=\"il\">el<\/span>\u00a0<span class=\"il\">Papa<\/span>, un encuentro\u00a0<span class=\"il\">de<\/span>\u00a0los j\u00f3venes con los j\u00f3venes, y un encuentro\u00a0<span class=\"il\">de<\/span>\u00a0cada joven con la persona\u00a0<span class=\"il\">de<\/span>\u00a0Cristo vivo.\u00a0En este viaje espero todo y no espero nada.\u00a0Esperar todo es esperar que todos los j\u00f3venes sean tocados por las palabras\u00a0<span class=\"il\">del<\/span>\u00a0<span class=\"il\">Papa<\/span>\u00a0y que cada joven se encuentre con\u00a0<span class=\"il\">el<\/span>\u00a0Se\u00f1or\u00a0<span class=\"il\">de<\/span>\u00a0la Vida.\u00a0No esperar nada es confiar totalmente, dar todo lo que tengo y soy, y no esperar nada a cambio.\u00a0Busco cada d\u00eda, pero\u00a0<span class=\"il\">de<\/span>\u00a0modo especial en estos \u00faltimos d\u00edas,\u00a0<span class=\"il\">el<\/span>\u00a0desprendimiento total\u00a0<span class=\"il\">de<\/span>\u00a0quien sabe que no es posible llevar a cabo esta inmensa tarea sin la presencia efectiva\u00a0<span class=\"il\">de<\/span>\u00a0Jes\u00fas Resucitado\u201d.<\/p>\n<h3><strong id=\"m_-3608073645067912499docs-internal-guid-56b57ff8-7fff-6bbd-6046-f92fd638337f\">Volver tras la pandemia<\/strong><\/h3>\n<div><span class=\"il\">El<\/span>\u00a0<strong>Padre Jo\u00e3o Chagas<\/strong>\u00a0, responsable\u00a0<span class=\"il\">de<\/span>\u00a0la\u00a0<strong>Oficina para la Juventud\u00a0<span class=\"il\">del<\/span>\u00a0Dicasterio para los Laicos, la Familia y la Vida<\/strong>\u00a0, comenta: \u201cEs bueno poder rezar juntos meditando sobre\u00a0<span class=\"il\">el<\/span>\u00a0di\u00e1logo intergeneracional, un tema tan querido por nuestro amado\u00a0<strong><span class=\"il\">Papa<\/span>\u00a0<\/strong><strong>Francisco<\/strong>.\u00a0Ya en su mensaje a los j\u00f3venes en 2017, recordaba: &#8216;Con sobrada raz\u00f3n, aspir\u00e1is a \u00abemprender\u00a0<span class=\"il\">el<\/span>\u00a0vuelo\u00bb, llev\u00e1is en vuestro coraz\u00f3n muchos sue\u00f1os, pero ten\u00e9is necesidad\u00a0<span class=\"il\">de<\/span>\u00a0la sabidur\u00eda y\u00a0<span class=\"il\">de<\/span>\u00a0la visi\u00f3n\u00a0<span class=\"il\">de<\/span>\u00a0los ancianos.\u00a0Mientras abr\u00eds vuestras alas al viento, es indispensable que descubr\u00e1is vuestras ra\u00edces y que tom\u00e9is\u00a0<span class=\"il\">el<\/span>\u00a0testigo\u00a0<span class=\"il\">de<\/span>\u00a0las personas que os han precedido.\u00a0Para construir un futuro que tenga sentido, es necesario conocer los acontecimientos pasados \u200b\u200by tomar posici\u00f3n frente a ellos.\u00a0Precisamente para promover esta cultura integral\u00a0<span class=\"il\">del<\/span>\u00a0encuentro, despu\u00e9s\u00a0<span class=\"il\">de<\/span>\u00a0la terrible experiencia\u00a0<span class=\"il\">de<\/span>\u00a0la pandemia,\u00a0<span class=\"il\">del<\/span>\u00a0aislamiento social, que esta JMJ sea una oportunidad para que los j\u00f3venes\u00a0<span class=\"il\">de<\/span>\u00a0todo\u00a0<span class=\"il\">el<\/span>\u00a0mundo vuelvan a encontrarse, con la esperanza\u00a0<span class=\"il\">de<\/span>\u00a0vivir tiempos\u00a0<span class=\"il\">de<\/span>\u00a0paz\u201d.<\/div>\n<h3 dir=\"ltr\"><strong id=\"m_-3608073645067912499docs-internal-guid-56b57ff8-7fff-6bbd-6046-f92fd638337f\">La Red Mundial\u00a0<span class=\"il\">de<\/span>\u00a0Oraci\u00f3n\u00a0<span class=\"il\">del<\/span>\u00a0<span class=\"il\">Papa<\/span>\u00a0y la JMJ 2023<\/strong><\/h3>\n<p dir=\"ltr\"><span class=\"il\">El<\/span>\u00a0<strong>P. Fr\u00e9d\u00e9ric Fornos SJ<\/strong>\u00a0, Director Internacional\u00a0<span class=\"il\">de<\/span>\u00a0la\u00a0<strong><a href=\"https:\/\/lamachi.us2.list-manage.com\/track\/click?u=f4ad1af194e3c394ddd3c2b53&amp;id=a09c38618b&amp;e=813334ac4c\" target=\"_blank\" rel=\"noopener\" data-saferedirecturl=\"https:\/\/www.google.com\/url?q=https:\/\/lamachi.us2.list-manage.com\/track\/click?u%3Df4ad1af194e3c394ddd3c2b53%26id%3Da09c38618b%26e%3D813334ac4c&amp;source=gmail&amp;ust=1690562607279000&amp;usg=AOvVaw0lK3btFQ0ROxObWpgbwWlc\">Red Mundial\u00a0<span class=\"il\">de<\/span>\u00a0Oraci\u00f3n\u00a0<span class=\"il\">del<\/span>\u00a0<span class=\"il\">Papa<\/span><\/a><\/strong>, destaca la presencia\u00a0<span class=\"il\">de<\/span>\u00a0la obra pontificia en la JMJ: \u201c<span class=\"il\">El<\/span>\u00a0<span class=\"il\">video<\/span>\u00a0<span class=\"il\">del<\/span>\u00a0<span class=\"il\">Papa<\/span>\u00a0<span class=\"il\">de<\/span>\u00a0este mes es uno\u00a0<span class=\"il\">de<\/span>\u00a0los signos\u00a0<span class=\"il\">de<\/span>\u00a0la presencia\u00a0<span class=\"il\">de<\/span>\u00a0la Red Mundial\u00a0<span class=\"il\">de<\/span>\u00a0Oraci\u00f3n\u00a0<span class=\"il\">del<\/span>\u00a0<span class=\"il\">Papa<\/span>\u00a0en la Jornada Mundial\u00a0<span class=\"il\">de<\/span>\u00a0la Juventud\u00a0<span class=\"il\">de<\/span>\u00a0Lisboa.\u00a0Ya desde 2020,\u00a0<span class=\"il\">de<\/span>\u00a0hecho,\u00a0<span class=\"il\">el<\/span>\u00a0camino\u00a0<span class=\"il\">de<\/span>\u00a0preparaci\u00f3n\u00a0<span class=\"il\">del<\/span>\u00a0evento ha estado acompa\u00f1ado por la oraci\u00f3n en la app Click To Pray, la app oficial\u00a0<span class=\"il\">de<\/span>\u00a0oraci\u00f3n\u00a0<span class=\"il\">del<\/span>\u00a0<span class=\"il\">Papa<\/span>\u00a0y\u00a0<span class=\"il\">del<\/span>\u00a0encuentro\u00a0<span class=\"il\">de<\/span>\u00a0Lisboa, que\u00a0<span class=\"il\">el<\/span>\u00a0d\u00eda 23\u00a0<span class=\"il\">de<\/span>\u00a0cada mes dedica una oraci\u00f3n peri\u00f3dica a la JMJ 2023.\u00a0<span class=\"il\">Del<\/span>\u00a030\u00a0<span class=\"il\">de<\/span>\u00a0julio al 6\u00a0<span class=\"il\">de<\/span>\u00a0agosto, durante\u00a0<span class=\"il\">el<\/span>\u00a0transcurso\u00a0<span class=\"il\">del<\/span>\u00a0evento, Click To Pray llegar\u00e1 entonces a disposici\u00f3n\u00a0<span class=\"il\">de<\/span>\u00a0los participantes -y\u00a0<span class=\"il\">de<\/span>\u00a0quienes no pueden estar f\u00edsicamente presentes, pero desean acompa\u00f1ar la JMJ rezando a distancia- tres meditaciones diarias, en formato texto y audio, disponibles en cinco idiomas: espa\u00f1ol, portugu\u00e9s, ingl\u00e9s, italiano y franc\u00e9s\u201d.\u00a0Por supuesto,\u00a0<span class=\"il\">el<\/span>\u00a0<strong>Movimiento Eucar\u00edstico Juvenil<\/strong>, nuestra secci\u00f3n juvenil, tambi\u00e9n estar\u00e1 presente en Lisboa.\u00a0Hemos creado un equipo\u00a0<span class=\"il\">de<\/span>\u00a0reporteros MEJ que ayuda a los j\u00f3venes MEJ\u00a0<span class=\"il\">de<\/span>\u00a0todo\u00a0<span class=\"il\">el<\/span>\u00a0mundo a participar, a trav\u00e9s\u00a0<span class=\"il\">de<\/span>\u00a0eventos locales, en sus propios pa\u00edses, y online\u00bb.<\/p>\n<p><iframe loading=\"lazy\" title=\"Por la Jornada Mundial de la Juventud \u2013 El Video del Papa 8 \u2013 Agosto 2023\" width=\"500\" height=\"281\" src=\"https:\/\/www.youtube.com\/embed\/s5QXVJ7G-aQ?feature=oembed\" frameborder=\"0\" allow=\"accelerometer; autoplay; clipboard-write; encrypted-media; gyroscope; picture-in-picture; web-share\" referrerpolicy=\"strict-origin-when-cross-origin\" allowfullscreen><\/iframe><\/p>\n<h3 dir=\"ltr\"><strong id=\"m_-3608073645067912499docs-internal-guid-a555b610-7fff-525f-82ce-4bd8f5c04eaa\"><u>Acerca\u00a0<span class=\"il\">de<\/span>\u00a0<span class=\"il\">El<\/span>\u00a0<span class=\"il\">Video<\/span>\u00a0<span class=\"il\">del<\/span>\u00a0<span class=\"il\">Papa<\/span><\/u><\/strong><\/h3>\n<p dir=\"ltr\"><span class=\"il\">El<\/span>\u00a0<span class=\"il\">Video<\/span>\u00a0<span class=\"il\">del<\/span>\u00a0<span class=\"il\">Papa<\/span>\u00a0es una iniciativa oficial\u00a0<span class=\"il\">de<\/span>\u00a0alcance global que tiene como objetivo difundir las intenciones\u00a0<span class=\"il\">de<\/span>\u00a0oraci\u00f3n mensuales\u00a0<span class=\"il\">del<\/span>\u00a0Santo Padre. Es desarrollada por la Red Mundial\u00a0<span class=\"il\">de<\/span>\u00a0Oraci\u00f3n\u00a0<span class=\"il\">del<\/span>\u00a0<span class=\"il\">Papa<\/span>\u00a0(Apostolado\u00a0<span class=\"il\">de<\/span>\u00a0la Oraci\u00f3n).\u00a0<strong>Desde\u00a0<span class=\"il\">el<\/span>\u00a0a\u00f1o 2016\u00a0<span class=\"il\">El<\/span>\u00a0<span class=\"il\">Video<\/span>\u00a0<span class=\"il\">del<\/span>\u00a0<span class=\"il\">Papa<\/span>\u00a0lleva m\u00e1s\u00a0<span class=\"il\">de<\/span>\u00a0203 millones\u00a0<span class=\"il\">de<\/span>\u00a0visualizaciones en todas las redes sociales vaticanas, es traducido a m\u00e1s\u00a0<span class=\"il\">de<\/span>\u00a023 lenguas y tiene una cobertura\u00a0<span class=\"il\">de<\/span>\u00a0prensa en 114 pa\u00edses.\u00a0<\/strong>Este\u00a0<span class=\"il\">video<\/span>\u00a0est\u00e1 producido y realizado por\u00a0<span class=\"il\">el<\/span>\u00a0equipo\u00a0<span class=\"il\">de<\/span>\u00a0<span class=\"il\">El<\/span>\u00a0<span class=\"il\">Video<\/span>\u00a0<span class=\"il\">del<\/span>\u00a0<span class=\"il\">Papa<\/span>\u00a0<span class=\"il\">de<\/span>\u00a0la Red\u00a0<span class=\"il\">de<\/span>\u00a0Oraci\u00f3n, coordinado por Andrea Sarubbi, y con\u00a0<span class=\"il\">el<\/span>\u00a0apoyo\u00a0<span class=\"il\">de<\/span>\u00a0la agencia La Machi Comunicaci\u00f3n para Buenas Causas.\u00a0<span class=\"il\">El<\/span>\u00a0proyecto cuenta con\u00a0<span class=\"il\">el<\/span>\u00a0apoyo\u00a0<span class=\"il\">de<\/span><a href=\"https:\/\/lamachi.us2.list-manage.com\/track\/click?u=f4ad1af194e3c394ddd3c2b53&amp;id=97909ff48c&amp;e=813334ac4c\" target=\"_blank\" rel=\"noopener\" data-saferedirecturl=\"https:\/\/www.google.com\/url?q=https:\/\/lamachi.us2.list-manage.com\/track\/click?u%3Df4ad1af194e3c394ddd3c2b53%26id%3D97909ff48c%26e%3D813334ac4c&amp;source=gmail&amp;ust=1690562607279000&amp;usg=AOvVaw0ho8oz_PoFVPxqXCbcPQDN\">\u00a0Vatican Media<\/a>. M\u00e1s informaci\u00f3n en:<a href=\"https:\/\/lamachi.us2.list-manage.com\/track\/click?u=f4ad1af194e3c394ddd3c2b53&amp;id=b4518d8421&amp;e=813334ac4c\" target=\"_blank\" rel=\"noopener\" data-saferedirecturl=\"https:\/\/www.google.com\/url?q=https:\/\/lamachi.us2.list-manage.com\/track\/click?u%3Df4ad1af194e3c394ddd3c2b53%26id%3Db4518d8421%26e%3D813334ac4c&amp;source=gmail&amp;ust=1690562607279000&amp;usg=AOvVaw0GVIVPKv0DUQsD5hK_zwFM\">\u00a0elvideodelpapa.org<\/a>.<\/p>\n<h3 dir=\"ltr\"><strong id=\"m_-3608073645067912499docs-internal-guid-a555b610-7fff-525f-82ce-4bd8f5c04eaa\"><u>Acerca\u00a0<span class=\"il\">de<\/span>\u00a0la Red Mundial\u00a0<span class=\"il\">de<\/span>\u00a0Oraci\u00f3n\u00a0<span class=\"il\">del<\/span>\u00a0<span class=\"il\">Papa<\/span><\/u><\/strong><\/h3>\n<p dir=\"ltr\">La Red Mundial\u00a0<span class=\"il\">de<\/span>\u00a0Oraci\u00f3n\u00a0<span class=\"il\">del<\/span>\u00a0<span class=\"il\">Papa<\/span>\u00a0es una Obra Pontificia, que tiene como misi\u00f3n movilizar a los cat\u00f3licos por la oraci\u00f3n y la acci\u00f3n, ante los desaf\u00edos\u00a0<span class=\"il\">de<\/span>\u00a0la humanidad y\u00a0<span class=\"il\">de<\/span>\u00a0la misi\u00f3n\u00a0<span class=\"il\">de<\/span>\u00a0la Iglesia. Estos desaf\u00edos se presentan en forma\u00a0<span class=\"il\">de<\/span>\u00a0intenciones\u00a0<span class=\"il\">de<\/span>\u00a0oraci\u00f3n confiadas por\u00a0<span class=\"il\">el<\/span>\u00a0<span class=\"il\">Papa<\/span>\u00a0a toda la Iglesia. Su misi\u00f3n se inscribe en la din\u00e1mica\u00a0<span class=\"il\">del<\/span>\u00a0Coraz\u00f3n\u00a0<span class=\"il\">de<\/span>\u00a0Jes\u00fas, una misi\u00f3n\u00a0<span class=\"il\">de<\/span>\u00a0compasi\u00f3n por\u00a0<span class=\"il\">el<\/span>\u00a0mundo. Fue fundada en 1844 como Apostolado\u00a0<span class=\"il\">de<\/span>\u00a0la Oraci\u00f3n. Est\u00e1 presente en\u00a089\u00a0pa\u00edses y la integran m\u00e1s\u00a0<span class=\"il\">de<\/span>\u00a022\u00a0millones\u00a0<span class=\"il\">de<\/span>\u00a0cat\u00f3licos. Incluye su rama\u00a0<span class=\"il\">de<\/span>\u00a0j\u00f3venes,\u00a0<span class=\"il\">el<\/span>\u00a0MEJ &#8211; Movimiento Eucar\u00edstico Juvenil. En diciembre\u00a0<span class=\"il\">de<\/span>\u00a02020\u00a0<span class=\"il\">el<\/span>\u00a0<span class=\"il\">Papa<\/span>\u00a0constituy\u00f3 esta obra pontificia como fundaci\u00f3n vaticana\u00a0y aprob\u00f3 sus nuevos estatutos. Su\u00a0Director Internacional es\u00a0<span class=\"il\">el<\/span>\u00a0P. Fr\u00e9d\u00e9ric Fornos, SJ. M\u00e1s informaci\u00f3n en:\u00a0<a href=\"https:\/\/lamachi.us2.list-manage.com\/track\/click?u=f4ad1af194e3c394ddd3c2b53&amp;id=cd32049b9a&amp;e=813334ac4c\" target=\"_blank\" rel=\"noopener\" data-saferedirecturl=\"https:\/\/www.google.com\/url?q=https:\/\/lamachi.us2.list-manage.com\/track\/click?u%3Df4ad1af194e3c394ddd3c2b53%26id%3Dcd32049b9a%26e%3D813334ac4c&amp;source=gmail&amp;ust=1690562607279000&amp;usg=AOvVaw1y2wVxd0rURU5GKuVyyKGb\">oraciondelpapa.va<\/a>.<\/p>\n<h3 dir=\"ltr\"><strong id=\"m_-3608073645067912499docs-internal-guid-a555b610-7fff-525f-82ce-4bd8f5c04eaa\"><u>Acerca\u00a0<span class=\"il\">del<\/span>\u00a0Dicasterio para los Laicos, la Familia y la Vida<\/u><\/strong><\/h3>\n<p dir=\"ltr\"><span class=\"il\">El<\/span>\u00a0Dicasterio para los Laicos, la Familia y la Vida se encarga\u00a0<span class=\"il\">de<\/span>\u00a0potenciar\u00a0<span class=\"il\">el<\/span>\u00a0apostolado\u00a0<span class=\"il\">de<\/span>\u00a0los fieles laicos, la atenci\u00f3n pastoral a los j\u00f3venes,\u00a0<span class=\"il\">el<\/span>\u00a0matrimonio y la familia y su misi\u00f3n seg\u00fan\u00a0<span class=\"il\">el<\/span>\u00a0plan\u00a0<span class=\"il\">de<\/span>\u00a0Dios, los ancianos y la promoci\u00f3n y protecci\u00f3n\u00a0<span class=\"il\">de<\/span>\u00a0la vida. Para m\u00e1s informaci\u00f3n:\u00a0<a href=\"https:\/\/lamachi.us2.list-manage.com\/track\/click?u=f4ad1af194e3c394ddd3c2b53&amp;id=0019c122e4&amp;e=813334ac4c\" target=\"_blank\" rel=\"noopener\" data-saferedirecturl=\"https:\/\/www.google.com\/url?q=https:\/\/lamachi.us2.list-manage.com\/track\/click?u%3Df4ad1af194e3c394ddd3c2b53%26id%3D0019c122e4%26e%3D813334ac4c&amp;source=gmail&amp;ust=1690562607279000&amp;usg=AOvVaw1r4Z2_X5BdvHdd9Lwd8InG\">www.laityfamilylife.va<\/a>.<\/p>\n<p dir=\"ltr\"><img loading=\"lazy\" decoding=\"async\" class=\"size-full wp-image-81191 aligncenter\" src=\"https:\/\/exaudi.org\/wp-content\/uploads\/2023\/07\/unnamed-3-scaled.jpg\" alt=\"\" width=\"539\" height=\"2560\" srcset=\"https:\/\/exaudi.org\/wp-content\/uploads\/2023\/07\/unnamed-3-scaled.jpg 539w, https:\/\/exaudi.org\/wp-content\/uploads\/2023\/07\/unnamed-3-63x300.jpg 63w, https:\/\/exaudi.org\/wp-content\/uploads\/2023\/07\/unnamed-3-431x2048.jpg 431w, https:\/\/exaudi.org\/wp-content\/uploads\/2023\/07\/unnamed-3-293x1393.jpg 293w\" sizes=\"auto, (max-width: 539px) 100vw, 539px\" \/><\/p>\n","protected":false},"excerpt":{"rendered":"<p>Video del Papa, agosto 2023: Por la JMJ Lisboa<\/p>\n","protected":false},"author":15,"featured_media":81244,"comment_status":"closed","ping_status":"closed","sticky":false,"template":"","format":"standard","meta":{"_acf_changed":false,"_crdt_document":"","inline_featured_image":false,"footnotes":""},"categories":[154,68],"tags":[8424,2419,8527,7351,3527,158],"class_list":["post-81184","post","type-post","status-publish","format-standard","has-post-thumbnail","hentry","category-jmj","category-leon-xiv","tag-2023-3","tag-featured","tag-intencion-mensual","tag-jmj","tag-lisboa-es","tag-papa-francisco"],"acf":[],"yoast_head":"<!-- This site is optimized with the Yoast SEO plugin v27.4 - https:\/\/yoast.com\/product\/yoast-seo-wordpress\/ -->\n<title>Papa Francisco: JMJ en Lisboa que sea \u201csemilla del mundo del futuro\u201d &#8211; Exaudi<\/title>\n<meta name=\"robots\" content=\"index, follow, max-snippet:-1, max-image-preview:large, max-video-preview:-1\" \/>\n<link rel=\"canonical\" href=\"https:\/\/exaudi.org\/es\/jmj-en-lisboa-que-sea-semilla-del-mundo-del-futuro\/\" \/>\n<meta property=\"og:locale\" content=\"es_ES\" \/>\n<meta property=\"og:type\" content=\"article\" \/>\n<meta property=\"og:title\" content=\"Papa Francisco: JMJ en Lisboa que sea \u201csemilla del mundo del futuro\u201d &#8211; Exaudi\" \/>\n<meta property=\"og:description\" content=\"Video del Papa, agosto 2023: Por la JMJ Lisboa\" \/>\n<meta property=\"og:url\" content=\"https:\/\/exaudi.org\/es\/jmj-en-lisboa-que-sea-semilla-del-mundo-del-futuro\/\" \/>\n<meta property=\"og:site_name\" content=\"Exaudi\" \/>\n<meta property=\"article:publisher\" content=\"https:\/\/www.facebook.com\/ExaudiNews\" \/>\n<meta property=\"article:author\" content=\"https:\/\/www.facebook.com\/ExaudiNoticias\/\" \/>\n<meta property=\"article:published_time\" content=\"2023-07-27T16:51:53+00:00\" \/>\n<meta property=\"article:modified_time\" content=\"2023-07-28T06:58:16+00:00\" \/>\n<meta property=\"og:image\" content=\"https:\/\/exaudi.org\/wp-content\/uploads\/2023\/07\/screenshot-2023-06-22-at-141045.png\" \/>\n\t<meta property=\"og:image:width\" content=\"1063\" \/>\n\t<meta property=\"og:image:height\" content=\"597\" \/>\n\t<meta property=\"og:image:type\" content=\"image\/png\" \/>\n<meta name=\"author\" content=\"Exaudi Redacci\u00f3n\" \/>\n<meta name=\"twitter:card\" content=\"summary_large_image\" \/>\n<meta name=\"twitter:creator\" content=\"@Exaudi_noticias\" \/>\n<meta name=\"twitter:site\" content=\"@Exaudi_News\" \/>\n<meta name=\"twitter:label1\" content=\"Escrito por\" \/>\n\t<meta name=\"twitter:data1\" content=\"Exaudi Redacci\u00f3n\" \/>\n\t<meta name=\"twitter:label2\" content=\"Tiempo de lectura\" \/>\n\t<meta name=\"twitter:data2\" content=\"7 minutos\" \/>\n<script type=\"application\/ld+json\" class=\"yoast-schema-graph\">{\"@context\":\"https:\\\/\\\/schema.org\",\"@graph\":[{\"@type\":\"Article\",\"@id\":\"https:\\\/\\\/exaudi.org\\\/es\\\/jmj-en-lisboa-que-sea-semilla-del-mundo-del-futuro\\\/#article\",\"isPartOf\":{\"@id\":\"https:\\\/\\\/exaudi.org\\\/es\\\/jmj-en-lisboa-que-sea-semilla-del-mundo-del-futuro\\\/\"},\"author\":{\"name\":\"Exaudi Redacci\u00f3n\",\"@id\":\"https:\\\/\\\/exaudi.org\\\/#\\\/schema\\\/person\\\/f5fc8f063065e38742da7afe15f25df7\"},\"headline\":\"Papa Francisco: JMJ en Lisboa que sea \u201csemilla del mundo del futuro\u201d\",\"datePublished\":\"2023-07-27T16:51:53+00:00\",\"dateModified\":\"2023-07-28T06:58:16+00:00\",\"mainEntityOfPage\":{\"@id\":\"https:\\\/\\\/exaudi.org\\\/es\\\/jmj-en-lisboa-que-sea-semilla-del-mundo-del-futuro\\\/\"},\"wordCount\":1406,\"image\":{\"@id\":\"https:\\\/\\\/exaudi.org\\\/es\\\/jmj-en-lisboa-que-sea-semilla-del-mundo-del-futuro\\\/#primaryimage\"},\"thumbnailUrl\":\"https:\\\/\\\/exaudi.org\\\/wp-content\\\/uploads\\\/2023\\\/07\\\/screenshot-2023-06-22-at-141045.png\",\"keywords\":[\"2023\",\"Featured\",\"Intenci\u00f3n Mensual\",\"JMJ\",\"lisboa\",\"papa francisco\"],\"articleSection\":[\"JMJ\",\"Le\u00f3n XIV\"],\"inLanguage\":\"es\"},{\"@type\":\"WebPage\",\"@id\":\"https:\\\/\\\/exaudi.org\\\/es\\\/jmj-en-lisboa-que-sea-semilla-del-mundo-del-futuro\\\/\",\"url\":\"https:\\\/\\\/exaudi.org\\\/es\\\/jmj-en-lisboa-que-sea-semilla-del-mundo-del-futuro\\\/\",\"name\":\"Papa Francisco: JMJ en Lisboa que sea \u201csemilla del mundo del futuro\u201d &#8211; Exaudi\",\"isPartOf\":{\"@id\":\"https:\\\/\\\/exaudi.org\\\/#website\"},\"primaryImageOfPage\":{\"@id\":\"https:\\\/\\\/exaudi.org\\\/es\\\/jmj-en-lisboa-que-sea-semilla-del-mundo-del-futuro\\\/#primaryimage\"},\"image\":{\"@id\":\"https:\\\/\\\/exaudi.org\\\/es\\\/jmj-en-lisboa-que-sea-semilla-del-mundo-del-futuro\\\/#primaryimage\"},\"thumbnailUrl\":\"https:\\\/\\\/exaudi.org\\\/wp-content\\\/uploads\\\/2023\\\/07\\\/screenshot-2023-06-22-at-141045.png\",\"datePublished\":\"2023-07-27T16:51:53+00:00\",\"dateModified\":\"2023-07-28T06:58:16+00:00\",\"author\":{\"@id\":\"https:\\\/\\\/exaudi.org\\\/#\\\/schema\\\/person\\\/f5fc8f063065e38742da7afe15f25df7\"},\"breadcrumb\":{\"@id\":\"https:\\\/\\\/exaudi.org\\\/es\\\/jmj-en-lisboa-que-sea-semilla-del-mundo-del-futuro\\\/#breadcrumb\"},\"inLanguage\":\"es\",\"potentialAction\":[{\"@type\":\"ReadAction\",\"target\":[\"https:\\\/\\\/exaudi.org\\\/es\\\/jmj-en-lisboa-que-sea-semilla-del-mundo-del-futuro\\\/\"]}]},{\"@type\":\"ImageObject\",\"inLanguage\":\"es\",\"@id\":\"https:\\\/\\\/exaudi.org\\\/es\\\/jmj-en-lisboa-que-sea-semilla-del-mundo-del-futuro\\\/#primaryimage\",\"url\":\"https:\\\/\\\/exaudi.org\\\/wp-content\\\/uploads\\\/2023\\\/07\\\/screenshot-2023-06-22-at-141045.png\",\"contentUrl\":\"https:\\\/\\\/exaudi.org\\\/wp-content\\\/uploads\\\/2023\\\/07\\\/screenshot-2023-06-22-at-141045.png\",\"width\":1063,\"height\":597},{\"@type\":\"BreadcrumbList\",\"@id\":\"https:\\\/\\\/exaudi.org\\\/es\\\/jmj-en-lisboa-que-sea-semilla-del-mundo-del-futuro\\\/#breadcrumb\",\"itemListElement\":[{\"@type\":\"ListItem\",\"position\":1,\"name\":\"Portada\",\"item\":\"https:\\\/\\\/exaudi.org\\\/es\\\/\"},{\"@type\":\"ListItem\",\"position\":2,\"name\":\"Papa Francisco: JMJ en Lisboa que sea \u201csemilla del mundo del futuro\u201d\"}]},{\"@type\":\"WebSite\",\"@id\":\"https:\\\/\\\/exaudi.org\\\/#website\",\"url\":\"https:\\\/\\\/exaudi.org\\\/\",\"name\":\"Exaudi\",\"description\":\"News\",\"potentialAction\":[{\"@type\":\"SearchAction\",\"target\":{\"@type\":\"EntryPoint\",\"urlTemplate\":\"https:\\\/\\\/exaudi.org\\\/?s={search_term_string}\"},\"query-input\":{\"@type\":\"PropertyValueSpecification\",\"valueRequired\":true,\"valueName\":\"search_term_string\"}}],\"inLanguage\":\"es\"},{\"@type\":\"Person\",\"@id\":\"https:\\\/\\\/exaudi.org\\\/#\\\/schema\\\/person\\\/f5fc8f063065e38742da7afe15f25df7\",\"name\":\"Exaudi Redacci\u00f3n\",\"image\":{\"@type\":\"ImageObject\",\"inLanguage\":\"es\",\"@id\":\"https:\\\/\\\/secure.gravatar.com\\\/avatar\\\/fe0f6a059fb68d9b3e11bc5850dd4899b1c7492091a3cb6dd9b01b56ad828be2?s=96&d=mm&r=g\",\"url\":\"https:\\\/\\\/secure.gravatar.com\\\/avatar\\\/fe0f6a059fb68d9b3e11bc5850dd4899b1c7492091a3cb6dd9b01b56ad828be2?s=96&d=mm&r=g\",\"contentUrl\":\"https:\\\/\\\/secure.gravatar.com\\\/avatar\\\/fe0f6a059fb68d9b3e11bc5850dd4899b1c7492091a3cb6dd9b01b56ad828be2?s=96&d=mm&r=g\",\"caption\":\"Exaudi Redacci\u00f3n\"},\"description\":\"\u00bfQu\u00e9 es Exaudi News? Exaudi News es un medio de comunicaci\u00f3n cat\u00f3lico internacional que informa, forma y transforma, diariamente en espa\u00f1ol, ingl\u00e9s e italiano. A trav\u00e9s de noticias, art\u00edculos de an\u00e1lisis y transmisiones en directo de los eventos del Papa, Exaudi busca fortalecer la unidad de los cristianos y contribuir a la evangelizaci\u00f3n del mundo, siempre guiados por la doctrina social de la Iglesia. Trabajamos para acercar la verdad y los valores cristianos a cada rinc\u00f3n del planeta. \u00a1Ay\u00fadanos a transformar el mundo con Exaudi! En Exaudi creemos que la evangelizaci\u00f3n y la informaci\u00f3n de calidad pueden cambiar vidas. Para continuar con nuestra misi\u00f3n y expandir nuestro alcance, necesitamos tu ayuda. Adem\u00e1s, buscamos personas comprometidas que deseen unirse a nuestro equipo. Con tu apoyo, lograremos llegar a m\u00e1s personas, difundir el mensaje de Cristo y reforzar la unidad de los cristianos. \u00bfTe unes a nuestra misi\u00f3n? Para m\u00e1s informaci\u00f3n sobre c\u00f3mo colaborar, visita Exaudi.org\\\/es o cont\u00e1ctanos directamente: info@exaudi.org Exaudi: Informa, forma y transforma.\",\"sameAs\":[\"https:\\\/\\\/www.facebook.com\\\/ExaudiNoticias\\\/\",\"https:\\\/\\\/www.instagram.com\\\/exaudi_noticias\\\/\",\"https:\\\/\\\/x.com\\\/Exaudi_noticias\",\"https:\\\/\\\/www.youtube.com\\\/@exaudicatholicnews\"],\"url\":\"https:\\\/\\\/exaudi.org\\\/es\\\/author\\\/redaccionexaudi\\\/\"}]}<\/script>\n<!-- \/ Yoast SEO plugin. -->","yoast_head_json":{"title":"Papa Francisco: JMJ en Lisboa que sea \u201csemilla del mundo del futuro\u201d &#8211; Exaudi","robots":{"index":"index","follow":"follow","max-snippet":"max-snippet:-1","max-image-preview":"max-image-preview:large","max-video-preview":"max-video-preview:-1"},"canonical":"https:\/\/exaudi.org\/es\/jmj-en-lisboa-que-sea-semilla-del-mundo-del-futuro\/","og_locale":"es_ES","og_type":"article","og_title":"Papa Francisco: JMJ en Lisboa que sea \u201csemilla del mundo del futuro\u201d &#8211; Exaudi","og_description":"Video del Papa, agosto 2023: Por la JMJ Lisboa","og_url":"https:\/\/exaudi.org\/es\/jmj-en-lisboa-que-sea-semilla-del-mundo-del-futuro\/","og_site_name":"Exaudi","article_publisher":"https:\/\/www.facebook.com\/ExaudiNews","article_author":"https:\/\/www.facebook.com\/ExaudiNoticias\/","article_published_time":"2023-07-27T16:51:53+00:00","article_modified_time":"2023-07-28T06:58:16+00:00","og_image":[{"width":1063,"height":597,"url":"https:\/\/exaudi.org\/wp-content\/uploads\/2023\/07\/screenshot-2023-06-22-at-141045.png","type":"image\/png"}],"author":"Exaudi Redacci\u00f3n","twitter_card":"summary_large_image","twitter_creator":"@Exaudi_noticias","twitter_site":"@Exaudi_News","twitter_misc":{"Escrito por":"Exaudi Redacci\u00f3n","Tiempo de lectura":"7 minutos"},"schema":{"@context":"https:\/\/schema.org","@graph":[{"@type":"Article","@id":"https:\/\/exaudi.org\/es\/jmj-en-lisboa-que-sea-semilla-del-mundo-del-futuro\/#article","isPartOf":{"@id":"https:\/\/exaudi.org\/es\/jmj-en-lisboa-que-sea-semilla-del-mundo-del-futuro\/"},"author":{"name":"Exaudi Redacci\u00f3n","@id":"https:\/\/exaudi.org\/#\/schema\/person\/f5fc8f063065e38742da7afe15f25df7"},"headline":"Papa Francisco: JMJ en Lisboa que sea \u201csemilla del mundo del futuro\u201d","datePublished":"2023-07-27T16:51:53+00:00","dateModified":"2023-07-28T06:58:16+00:00","mainEntityOfPage":{"@id":"https:\/\/exaudi.org\/es\/jmj-en-lisboa-que-sea-semilla-del-mundo-del-futuro\/"},"wordCount":1406,"image":{"@id":"https:\/\/exaudi.org\/es\/jmj-en-lisboa-que-sea-semilla-del-mundo-del-futuro\/#primaryimage"},"thumbnailUrl":"https:\/\/exaudi.org\/wp-content\/uploads\/2023\/07\/screenshot-2023-06-22-at-141045.png","keywords":["2023","Featured","Intenci\u00f3n Mensual","JMJ","lisboa","papa francisco"],"articleSection":["JMJ","Le\u00f3n XIV"],"inLanguage":"es"},{"@type":"WebPage","@id":"https:\/\/exaudi.org\/es\/jmj-en-lisboa-que-sea-semilla-del-mundo-del-futuro\/","url":"https:\/\/exaudi.org\/es\/jmj-en-lisboa-que-sea-semilla-del-mundo-del-futuro\/","name":"Papa Francisco: JMJ en Lisboa que sea \u201csemilla del mundo del futuro\u201d &#8211; Exaudi","isPartOf":{"@id":"https:\/\/exaudi.org\/#website"},"primaryImageOfPage":{"@id":"https:\/\/exaudi.org\/es\/jmj-en-lisboa-que-sea-semilla-del-mundo-del-futuro\/#primaryimage"},"image":{"@id":"https:\/\/exaudi.org\/es\/jmj-en-lisboa-que-sea-semilla-del-mundo-del-futuro\/#primaryimage"},"thumbnailUrl":"https:\/\/exaudi.org\/wp-content\/uploads\/2023\/07\/screenshot-2023-06-22-at-141045.png","datePublished":"2023-07-27T16:51:53+00:00","dateModified":"2023-07-28T06:58:16+00:00","author":{"@id":"https:\/\/exaudi.org\/#\/schema\/person\/f5fc8f063065e38742da7afe15f25df7"},"breadcrumb":{"@id":"https:\/\/exaudi.org\/es\/jmj-en-lisboa-que-sea-semilla-del-mundo-del-futuro\/#breadcrumb"},"inLanguage":"es","potentialAction":[{"@type":"ReadAction","target":["https:\/\/exaudi.org\/es\/jmj-en-lisboa-que-sea-semilla-del-mundo-del-futuro\/"]}]},{"@type":"ImageObject","inLanguage":"es","@id":"https:\/\/exaudi.org\/es\/jmj-en-lisboa-que-sea-semilla-del-mundo-del-futuro\/#primaryimage","url":"https:\/\/exaudi.org\/wp-content\/uploads\/2023\/07\/screenshot-2023-06-22-at-141045.png","contentUrl":"https:\/\/exaudi.org\/wp-content\/uploads\/2023\/07\/screenshot-2023-06-22-at-141045.png","width":1063,"height":597},{"@type":"BreadcrumbList","@id":"https:\/\/exaudi.org\/es\/jmj-en-lisboa-que-sea-semilla-del-mundo-del-futuro\/#breadcrumb","itemListElement":[{"@type":"ListItem","position":1,"name":"Portada","item":"https:\/\/exaudi.org\/es\/"},{"@type":"ListItem","position":2,"name":"Papa Francisco: JMJ en Lisboa que sea \u201csemilla del mundo del futuro\u201d"}]},{"@type":"WebSite","@id":"https:\/\/exaudi.org\/#website","url":"https:\/\/exaudi.org\/","name":"Exaudi","description":"News","potentialAction":[{"@type":"SearchAction","target":{"@type":"EntryPoint","urlTemplate":"https:\/\/exaudi.org\/?s={search_term_string}"},"query-input":{"@type":"PropertyValueSpecification","valueRequired":true,"valueName":"search_term_string"}}],"inLanguage":"es"},{"@type":"Person","@id":"https:\/\/exaudi.org\/#\/schema\/person\/f5fc8f063065e38742da7afe15f25df7","name":"Exaudi Redacci\u00f3n","image":{"@type":"ImageObject","inLanguage":"es","@id":"https:\/\/secure.gravatar.com\/avatar\/fe0f6a059fb68d9b3e11bc5850dd4899b1c7492091a3cb6dd9b01b56ad828be2?s=96&d=mm&r=g","url":"https:\/\/secure.gravatar.com\/avatar\/fe0f6a059fb68d9b3e11bc5850dd4899b1c7492091a3cb6dd9b01b56ad828be2?s=96&d=mm&r=g","contentUrl":"https:\/\/secure.gravatar.com\/avatar\/fe0f6a059fb68d9b3e11bc5850dd4899b1c7492091a3cb6dd9b01b56ad828be2?s=96&d=mm&r=g","caption":"Exaudi Redacci\u00f3n"},"description":"\u00bfQu\u00e9 es Exaudi News? Exaudi News es un medio de comunicaci\u00f3n cat\u00f3lico internacional que informa, forma y transforma, diariamente en espa\u00f1ol, ingl\u00e9s e italiano. A trav\u00e9s de noticias, art\u00edculos de an\u00e1lisis y transmisiones en directo de los eventos del Papa, Exaudi busca fortalecer la unidad de los cristianos y contribuir a la evangelizaci\u00f3n del mundo, siempre guiados por la doctrina social de la Iglesia. Trabajamos para acercar la verdad y los valores cristianos a cada rinc\u00f3n del planeta. \u00a1Ay\u00fadanos a transformar el mundo con Exaudi! En Exaudi creemos que la evangelizaci\u00f3n y la informaci\u00f3n de calidad pueden cambiar vidas. Para continuar con nuestra misi\u00f3n y expandir nuestro alcance, necesitamos tu ayuda. Adem\u00e1s, buscamos personas comprometidas que deseen unirse a nuestro equipo. Con tu apoyo, lograremos llegar a m\u00e1s personas, difundir el mensaje de Cristo y reforzar la unidad de los cristianos. \u00bfTe unes a nuestra misi\u00f3n? Para m\u00e1s informaci\u00f3n sobre c\u00f3mo colaborar, visita Exaudi.org\/es o cont\u00e1ctanos directamente: info@exaudi.org Exaudi: Informa, forma y transforma.","sameAs":["https:\/\/www.facebook.com\/ExaudiNoticias\/","https:\/\/www.instagram.com\/exaudi_noticias\/","https:\/\/x.com\/Exaudi_noticias","https:\/\/www.youtube.com\/@exaudicatholicnews"],"url":"https:\/\/exaudi.org\/es\/author\/redaccionexaudi\/"}]}},"jetpack_featured_media_url":"https:\/\/exaudi.org\/wp-content\/uploads\/2023\/07\/screenshot-2023-06-22-at-141045.png","jetpack_shortlink":"https:\/\/wp.me\/pgKjF2-l7q","_links":{"self":[{"href":"https:\/\/exaudi.org\/es\/wp-json\/wp\/v2\/posts\/81184","targetHints":{"allow":["GET"]}}],"collection":[{"href":"https:\/\/exaudi.org\/es\/wp-json\/wp\/v2\/posts"}],"about":[{"href":"https:\/\/exaudi.org\/es\/wp-json\/wp\/v2\/types\/post"}],"author":[{"embeddable":true,"href":"https:\/\/exaudi.org\/es\/wp-json\/wp\/v2\/users\/15"}],"replies":[{"embeddable":true,"href":"https:\/\/exaudi.org\/es\/wp-json\/wp\/v2\/comments?post=81184"}],"version-history":[{"count":0,"href":"https:\/\/exaudi.org\/es\/wp-json\/wp\/v2\/posts\/81184\/revisions"}],"wp:featuredmedia":[{"embeddable":true,"href":"https:\/\/exaudi.org\/es\/wp-json\/wp\/v2\/media\/81244"}],"wp:attachment":[{"href":"https:\/\/exaudi.org\/es\/wp-json\/wp\/v2\/media?parent=81184"}],"wp:term":[{"taxonomy":"category","embeddable":true,"href":"https:\/\/exaudi.org\/es\/wp-json\/wp\/v2\/categories?post=81184"},{"taxonomy":"post_tag","embeddable":true,"href":"https:\/\/exaudi.org\/es\/wp-json\/wp\/v2\/tags?post=81184"}],"curies":[{"name":"wp","href":"https:\/\/api.w.org\/{rel}","templated":true}]}}