{"id":81042,"date":"2023-07-25T10:01:34","date_gmt":"2023-07-25T08:01:34","guid":{"rendered":"https:\/\/exaudi.org\/?p=81042"},"modified":"2023-07-25T10:10:22","modified_gmt":"2023-07-25T08:10:22","slug":"monsenor-cabrejos-vidarte-excelente-que-se-investigue","status":"publish","type":"post","link":"https:\/\/exaudi.org\/es\/monsenor-cabrejos-vidarte-excelente-que-se-investigue\/","title":{"rendered":"Monse\u00f1or Cabrejos Vidarte: \u201cExcelente que se investigue\u201d"},"content":{"rendered":"<audio class=\"wp-audio-shortcode\" id=\"audio-81042-1\" preload=\"none\" style=\"width: 100%;\" controls=\"controls\"><source type=\"audio\/mpeg\" src=\"https:\/\/exaudi.org\/wp-content\/uploads\/2023\/07\/Monsenor-Cabrejos-Vidarte-Excelente-que-se.mp3?_=1\" \/><a href=\"https:\/\/exaudi.org\/wp-content\/uploads\/2023\/07\/Monsenor-Cabrejos-Vidarte-Excelente-que-se.mp3\">https:\/\/exaudi.org\/wp-content\/uploads\/2023\/07\/Monsenor-Cabrejos-Vidarte-Excelente-que-se.mp3<\/a><\/audio>\n<p>El presidente del episcopado peruano, monse\u00f1or\u00a0<a href=\"https:\/\/iglesia.org.pe\/2023\/07\/22\/conferencia-episcopal-saluda-la-visita-de-enviados-de-la-santa-sede-para-investigar-el-caso-sodalicio-en-el-peru\/\" target=\"_blank\" rel=\"external nofollow noopener\">Miguel Cabrejos Vidarte<\/a>, se\u00f1al\u00f3 que le parece \u201cexcelente que se investigue\u201d. En efecto, la Santa Sede enviar\u00e1 la pr\u00f3xima semana al pa\u00eds una misi\u00f3n especial, integrada por el arzobispo de Malta, monse\u00f1or Charles Scicluna, y el sacerdote espa\u00f1ol Jordi Bertomeu, ambos integrantes del Dicasterio para la Doctrina de la Fe y expertos en delitos de abusos, para investigar, escuchar y presentar un informe sobre el denominado caso \u201cSodalicio de Vida Cristiana\u201d en Per\u00fa.<\/p>\n<p>\u201cMe parece excelente que se investigue en profundidad este asunto, que se escuche a las personas involucradas y estoy seguro de que el informe ser\u00e1 justo y objetivo para bien de todos\u201d, expres\u00f3 el presidente de la Conferencia episcopal peruana, monse\u00f1or Miguel Cabrejos Vidarte, quien tendr\u00e1 una reuni\u00f3n con los enviados del Papa Francisco el pr\u00f3ximo mi\u00e9rcoles 26 de julio en la sede de la Nunciatura Apost\u00f3lica en Jes\u00fas Mar\u00eda.<\/p>\n<h3><b>Informe del superior general del Sodalicio de Vida Cristiana<\/b><\/h3>\n<p>Con respecto a las reuniones con la delegaci\u00f3n enviada por el Santo Padre,\u00a0<a href=\"https:\/\/sodalicio.org\/comunicados\/respecto-a-las-reuniones-con-la-delegacion-enviada-por-el-santo-padre-al-peru\/\" target=\"_blank\" rel=\"external nofollow noopener\">Jos\u00e9 David Correa Gonz\u00e1lez<\/a>, superior general del Sodalicio de Vida Cristiana \u201ccon relaci\u00f3n a las invitaciones que algunos miembros del Sodalicio de Vida Cristiana hemos recibido por parte de la Nunciatura Apost\u00f3lica en el Per\u00fa, informa en primer lugar:<\/p>\n<p>\u201cDeseamos expresar nuestro m\u00e1s sincero respeto y cordial bienvenida a las personas enviadas al Per\u00fa por el Santo Padre (\u2026) para sostener reuniones con algunas personas para recoger informaci\u00f3n detallada sobre el Sodalicio de Vida Cristiana\u201d.<\/p>\n<p>Adem\u00e1s, reafirman su compromiso de colaborar plenamente con la Santa Sede, como siempre lo han hecho, \u201cmanteniendo una actitud de di\u00e1logo, transparencia y sinceridad\u201d.<\/p>\n<div>\n<div class=\"article__embed article__embed--border embed_style\">\n<blockquote><p><em>\u201cTodos los miembros del Sodalicio que han sido citados a dichas reuniones con los enviados del Santo Padre participar\u00e1n y colaborar\u00e1n en todos los requerimientos que sean solicitados\u201d<\/em><\/p><\/blockquote>\n<\/div>\n<\/div>\n<p>Por otra parte se recuerda que el Sodalicio de Vida Cristiana es una sociedad de vida apost\u00f3lica laical de derecho pontificio, y valoran profundamente la cercan\u00eda del Santo Padre al seguir acompa\u00f1\u00e1ndolos en el proceso de renovaci\u00f3n que han venido trabajando desde hace varios a\u00f1os junto con sus tres delegados nombrados por la Santa Sede, con los cuales mantienen permanente trabajo en conjunto y rinden informes constantes de su proceso:<\/p>\n<p>Fray Guillermo Rodr\u00edguez, desde abril de 2019 es delegado\u00a0<i>ad nutum<\/i>\u00a0del Sodalicio para asesorar y apoyar al superior general y al gobierno general. Anteriormente fue nombrado comisario adjunto del Sodalicio desde enero del 2018 a enero del 2019.<\/p>\n<p>El cardenal Gianfranco Ghirlanda, desde abril de 2019 fue nombrado delegado para la formaci\u00f3n y desde noviembre de 2020 es consultor para el proceso de revisi\u00f3n de las constituciones del Sodalicio. Anteriormente fue nombrado asesor para la V asamblea general del Sodalicio.<\/p>\n<p>El cardenal Joseph William Tobin, desde enero del 2019 es delegado para atender los temas econ\u00f3micos del Sodalicio. Anteriormente, desde mayo del 2016 hasta enero del 2019, fue nombrado delegado para acompa\u00f1ar y orientar al gobierno del Sodalicio.<\/p>\n<div>\n<div class=\"article__embed article__embed--border embed_style\">\n<blockquote><p><em>\u201cNuestro compromiso con la verdad y la justicia nos ha llevado a enfrentar las problem\u00e1ticas del pasado y a seguir trabajando por una renovaci\u00f3n institucional en beneficio de nuestra comunidad y de la sociedad en general\u201d<\/em><\/p><\/blockquote>\n<\/div>\n<\/div>\n<p>Por \u00faltimo solicitan a todos los miembros del Sodalicio y a la familia espiritual que se unan en oraci\u00f3n: \u201cElevemos nuestras s\u00faplicas al Se\u00f1or para que ilumine y gu\u00ede a quienes llevan a cabo esta misi\u00f3n especial, y para que su labor sea enriquecedora y fruct\u00edfera en la b\u00fasqueda de la verdad y la justicia\u201d.<\/p>\n","protected":false},"excerpt":{"rendered":"<p>Est\u00e1 a punto de comenzar la misi\u00f3n de la Santa Sede para investigar, escuchar y presentar un informe sobre el denominado caso \u201cSodalicio de Vida Cristiana\u201d en Per\u00fa<\/p>\n","protected":false},"author":15,"featured_media":81043,"comment_status":"closed","ping_status":"closed","sticky":false,"template":"","format":"standard","meta":{"_acf_changed":false,"_crdt_document":"","inline_featured_image":false,"footnotes":""},"categories":[74,132],"tags":[2677,9781,6545,449,9782,2909,602,945,1891,9780,4953,272],"class_list":["post-81042","post","type-post","status-publish","format-standard","has-post-thumbnail","hentry","category-iglesia-y-mundo","category-vaticano-es","tag-abusos","tag-charles-scicluna","tag-conferencia-episcopal","tag-iglesia-catolica","tag-jordi-bertomeu","tag-monsenor-miguel-cabrejos-vidarte","tag-obispos","tag-peru","tag-santa-sede","tag-sodalicio","tag-trending-es","tag-vaticano-es"],"acf":[],"yoast_head":"<!-- This site is optimized with the Yoast SEO plugin v27.5 - https:\/\/yoast.com\/product\/yoast-seo-wordpress\/ -->\n<title>Monse\u00f1or Cabrejos Vidarte: \u201cExcelente que se investigue\u201d &#8211; Exaudi<\/title>\n<meta name=\"robots\" content=\"index, follow, max-snippet:-1, max-image-preview:large, max-video-preview:-1\" \/>\n<link rel=\"canonical\" href=\"https:\/\/exaudi.org\/es\/monsenor-cabrejos-vidarte-excelente-que-se-investigue\/\" \/>\n<meta property=\"og:locale\" content=\"es_ES\" \/>\n<meta property=\"og:type\" content=\"article\" \/>\n<meta property=\"og:title\" content=\"Monse\u00f1or Cabrejos Vidarte: \u201cExcelente que se investigue\u201d &#8211; Exaudi\" \/>\n<meta property=\"og:description\" content=\"Est\u00e1 a punto de comenzar la misi\u00f3n de la Santa Sede para investigar, escuchar y presentar un informe sobre el denominado caso \u201cSodalicio de Vida Cristiana\u201d en Per\u00fa\" \/>\n<meta property=\"og:url\" content=\"https:\/\/exaudi.org\/es\/monsenor-cabrejos-vidarte-excelente-que-se-investigue\/\" \/>\n<meta property=\"og:site_name\" content=\"Exaudi\" \/>\n<meta property=\"article:publisher\" content=\"https:\/\/www.facebook.com\/ExaudiNews\" \/>\n<meta property=\"article:author\" content=\"https:\/\/www.facebook.com\/ExaudiNoticias\/\" \/>\n<meta property=\"article:published_time\" content=\"2023-07-25T08:01:34+00:00\" \/>\n<meta property=\"article:modified_time\" content=\"2023-07-25T08:10:22+00:00\" \/>\n<meta property=\"og:image\" content=\"https:\/\/exaudi.org\/wp-content\/uploads\/2023\/07\/000507868W.jpg\" \/>\n\t<meta property=\"og:image:width\" content=\"1800\" \/>\n\t<meta property=\"og:image:height\" content=\"1200\" \/>\n\t<meta property=\"og:image:type\" content=\"image\/jpeg\" \/>\n<meta name=\"author\" content=\"Exaudi Redacci\u00f3n\" \/>\n<meta name=\"twitter:card\" content=\"summary_large_image\" \/>\n<meta name=\"twitter:creator\" content=\"@Exaudi_noticias\" \/>\n<meta name=\"twitter:site\" content=\"@Exaudi_News\" \/>\n<meta name=\"twitter:label1\" content=\"Escrito por\" \/>\n\t<meta name=\"twitter:data1\" content=\"Exaudi Redacci\u00f3n\" \/>\n\t<meta name=\"twitter:label2\" content=\"Tiempo de lectura\" \/>\n\t<meta name=\"twitter:data2\" content=\"3 minutos\" \/>\n<script type=\"application\/ld+json\" class=\"yoast-schema-graph\">{\"@context\":\"https:\\\/\\\/schema.org\",\"@graph\":[{\"@type\":\"Article\",\"@id\":\"https:\\\/\\\/exaudi.org\\\/es\\\/monsenor-cabrejos-vidarte-excelente-que-se-investigue\\\/#article\",\"isPartOf\":{\"@id\":\"https:\\\/\\\/exaudi.org\\\/es\\\/monsenor-cabrejos-vidarte-excelente-que-se-investigue\\\/\"},\"author\":{\"name\":\"Exaudi Redacci\u00f3n\",\"@id\":\"https:\\\/\\\/exaudi.org\\\/#\\\/schema\\\/person\\\/f5fc8f063065e38742da7afe15f25df7\"},\"headline\":\"Monse\u00f1or Cabrejos Vidarte: \u201cExcelente que se investigue\u201d\",\"datePublished\":\"2023-07-25T08:01:34+00:00\",\"dateModified\":\"2023-07-25T08:10:22+00:00\",\"mainEntityOfPage\":{\"@id\":\"https:\\\/\\\/exaudi.org\\\/es\\\/monsenor-cabrejos-vidarte-excelente-que-se-investigue\\\/\"},\"wordCount\":629,\"image\":{\"@id\":\"https:\\\/\\\/exaudi.org\\\/es\\\/monsenor-cabrejos-vidarte-excelente-que-se-investigue\\\/#primaryimage\"},\"thumbnailUrl\":\"https:\\\/\\\/exaudi.org\\\/wp-content\\\/uploads\\\/2023\\\/07\\\/000507868W.jpg\",\"keywords\":[\"Abusos\",\"Charles Scicluna\",\"Conferencia Episcopal\",\"Iglesia cat\u00f3lica\",\"Jordi Bertomeu\",\"Monse\u00f1or Miguel Cabrejos Vidarte\",\"obispos\",\"Per\u00fa\",\"Santa Sede\",\"Sodalicio\",\"Trending\",\"Vaticano\"],\"articleSection\":[\"Iglesia y Mundo\",\"Vaticano\"],\"inLanguage\":\"es\"},{\"@type\":\"WebPage\",\"@id\":\"https:\\\/\\\/exaudi.org\\\/es\\\/monsenor-cabrejos-vidarte-excelente-que-se-investigue\\\/\",\"url\":\"https:\\\/\\\/exaudi.org\\\/es\\\/monsenor-cabrejos-vidarte-excelente-que-se-investigue\\\/\",\"name\":\"Monse\u00f1or Cabrejos Vidarte: \u201cExcelente que se investigue\u201d &#8211; Exaudi\",\"isPartOf\":{\"@id\":\"https:\\\/\\\/exaudi.org\\\/#website\"},\"primaryImageOfPage\":{\"@id\":\"https:\\\/\\\/exaudi.org\\\/es\\\/monsenor-cabrejos-vidarte-excelente-que-se-investigue\\\/#primaryimage\"},\"image\":{\"@id\":\"https:\\\/\\\/exaudi.org\\\/es\\\/monsenor-cabrejos-vidarte-excelente-que-se-investigue\\\/#primaryimage\"},\"thumbnailUrl\":\"https:\\\/\\\/exaudi.org\\\/wp-content\\\/uploads\\\/2023\\\/07\\\/000507868W.jpg\",\"datePublished\":\"2023-07-25T08:01:34+00:00\",\"dateModified\":\"2023-07-25T08:10:22+00:00\",\"author\":{\"@id\":\"https:\\\/\\\/exaudi.org\\\/#\\\/schema\\\/person\\\/f5fc8f063065e38742da7afe15f25df7\"},\"breadcrumb\":{\"@id\":\"https:\\\/\\\/exaudi.org\\\/es\\\/monsenor-cabrejos-vidarte-excelente-que-se-investigue\\\/#breadcrumb\"},\"inLanguage\":\"es\",\"potentialAction\":[{\"@type\":\"ReadAction\",\"target\":[\"https:\\\/\\\/exaudi.org\\\/es\\\/monsenor-cabrejos-vidarte-excelente-que-se-investigue\\\/\"]}]},{\"@type\":\"ImageObject\",\"inLanguage\":\"es\",\"@id\":\"https:\\\/\\\/exaudi.org\\\/es\\\/monsenor-cabrejos-vidarte-excelente-que-se-investigue\\\/#primaryimage\",\"url\":\"https:\\\/\\\/exaudi.org\\\/wp-content\\\/uploads\\\/2023\\\/07\\\/000507868W.jpg\",\"contentUrl\":\"https:\\\/\\\/exaudi.org\\\/wp-content\\\/uploads\\\/2023\\\/07\\\/000507868W.jpg\",\"width\":1800,\"height\":1200},{\"@type\":\"BreadcrumbList\",\"@id\":\"https:\\\/\\\/exaudi.org\\\/es\\\/monsenor-cabrejos-vidarte-excelente-que-se-investigue\\\/#breadcrumb\",\"itemListElement\":[{\"@type\":\"ListItem\",\"position\":1,\"name\":\"Portada\",\"item\":\"https:\\\/\\\/exaudi.org\\\/es\\\/\"},{\"@type\":\"ListItem\",\"position\":2,\"name\":\"Monse\u00f1or Cabrejos Vidarte: \u201cExcelente que se investigue\u201d\"}]},{\"@type\":\"WebSite\",\"@id\":\"https:\\\/\\\/exaudi.org\\\/#website\",\"url\":\"https:\\\/\\\/exaudi.org\\\/\",\"name\":\"Exaudi\",\"description\":\"News\",\"potentialAction\":[{\"@type\":\"SearchAction\",\"target\":{\"@type\":\"EntryPoint\",\"urlTemplate\":\"https:\\\/\\\/exaudi.org\\\/?s={search_term_string}\"},\"query-input\":{\"@type\":\"PropertyValueSpecification\",\"valueRequired\":true,\"valueName\":\"search_term_string\"}}],\"inLanguage\":\"es\"},{\"@type\":\"Person\",\"@id\":\"https:\\\/\\\/exaudi.org\\\/#\\\/schema\\\/person\\\/f5fc8f063065e38742da7afe15f25df7\",\"name\":\"Exaudi Redacci\u00f3n\",\"image\":{\"@type\":\"ImageObject\",\"inLanguage\":\"es\",\"@id\":\"https:\\\/\\\/secure.gravatar.com\\\/avatar\\\/fe0f6a059fb68d9b3e11bc5850dd4899b1c7492091a3cb6dd9b01b56ad828be2?s=96&d=mm&r=g\",\"url\":\"https:\\\/\\\/secure.gravatar.com\\\/avatar\\\/fe0f6a059fb68d9b3e11bc5850dd4899b1c7492091a3cb6dd9b01b56ad828be2?s=96&d=mm&r=g\",\"contentUrl\":\"https:\\\/\\\/secure.gravatar.com\\\/avatar\\\/fe0f6a059fb68d9b3e11bc5850dd4899b1c7492091a3cb6dd9b01b56ad828be2?s=96&d=mm&r=g\",\"caption\":\"Exaudi Redacci\u00f3n\"},\"description\":\"\u00bfQu\u00e9 es Exaudi News? Exaudi News es un medio de comunicaci\u00f3n cat\u00f3lico internacional que informa, forma y transforma, diariamente en espa\u00f1ol, ingl\u00e9s e italiano. A trav\u00e9s de noticias, art\u00edculos de an\u00e1lisis y transmisiones en directo de los eventos del Papa, Exaudi busca fortalecer la unidad de los cristianos y contribuir a la evangelizaci\u00f3n del mundo, siempre guiados por la doctrina social de la Iglesia. Trabajamos para acercar la verdad y los valores cristianos a cada rinc\u00f3n del planeta. \u00a1Ay\u00fadanos a transformar el mundo con Exaudi! En Exaudi creemos que la evangelizaci\u00f3n y la informaci\u00f3n de calidad pueden cambiar vidas. Para continuar con nuestra misi\u00f3n y expandir nuestro alcance, necesitamos tu ayuda. Adem\u00e1s, buscamos personas comprometidas que deseen unirse a nuestro equipo. Con tu apoyo, lograremos llegar a m\u00e1s personas, difundir el mensaje de Cristo y reforzar la unidad de los cristianos. \u00bfTe unes a nuestra misi\u00f3n? Para m\u00e1s informaci\u00f3n sobre c\u00f3mo colaborar, visita Exaudi.org\\\/es o cont\u00e1ctanos directamente: info@exaudi.org Exaudi: Informa, forma y transforma.\",\"sameAs\":[\"https:\\\/\\\/www.facebook.com\\\/ExaudiNoticias\\\/\",\"https:\\\/\\\/www.instagram.com\\\/exaudi_noticias\\\/\",\"https:\\\/\\\/x.com\\\/Exaudi_noticias\",\"https:\\\/\\\/www.youtube.com\\\/@exaudicatholicnews\"],\"url\":\"https:\\\/\\\/exaudi.org\\\/es\\\/author\\\/redaccionexaudi\\\/\"}]}<\/script>\n<!-- \/ Yoast SEO plugin. -->","yoast_head_json":{"title":"Monse\u00f1or Cabrejos Vidarte: \u201cExcelente que se investigue\u201d &#8211; Exaudi","robots":{"index":"index","follow":"follow","max-snippet":"max-snippet:-1","max-image-preview":"max-image-preview:large","max-video-preview":"max-video-preview:-1"},"canonical":"https:\/\/exaudi.org\/es\/monsenor-cabrejos-vidarte-excelente-que-se-investigue\/","og_locale":"es_ES","og_type":"article","og_title":"Monse\u00f1or Cabrejos Vidarte: \u201cExcelente que se investigue\u201d &#8211; Exaudi","og_description":"Est\u00e1 a punto de comenzar la misi\u00f3n de la Santa Sede para investigar, escuchar y presentar un informe sobre el denominado caso \u201cSodalicio de Vida Cristiana\u201d en Per\u00fa","og_url":"https:\/\/exaudi.org\/es\/monsenor-cabrejos-vidarte-excelente-que-se-investigue\/","og_site_name":"Exaudi","article_publisher":"https:\/\/www.facebook.com\/ExaudiNews","article_author":"https:\/\/www.facebook.com\/ExaudiNoticias\/","article_published_time":"2023-07-25T08:01:34+00:00","article_modified_time":"2023-07-25T08:10:22+00:00","og_image":[{"width":1800,"height":1200,"url":"https:\/\/exaudi.org\/wp-content\/uploads\/2023\/07\/000507868W.jpg","type":"image\/jpeg"}],"author":"Exaudi Redacci\u00f3n","twitter_card":"summary_large_image","twitter_creator":"@Exaudi_noticias","twitter_site":"@Exaudi_News","twitter_misc":{"Escrito por":"Exaudi Redacci\u00f3n","Tiempo de lectura":"3 minutos"},"schema":{"@context":"https:\/\/schema.org","@graph":[{"@type":"Article","@id":"https:\/\/exaudi.org\/es\/monsenor-cabrejos-vidarte-excelente-que-se-investigue\/#article","isPartOf":{"@id":"https:\/\/exaudi.org\/es\/monsenor-cabrejos-vidarte-excelente-que-se-investigue\/"},"author":{"name":"Exaudi Redacci\u00f3n","@id":"https:\/\/exaudi.org\/#\/schema\/person\/f5fc8f063065e38742da7afe15f25df7"},"headline":"Monse\u00f1or Cabrejos Vidarte: \u201cExcelente que se investigue\u201d","datePublished":"2023-07-25T08:01:34+00:00","dateModified":"2023-07-25T08:10:22+00:00","mainEntityOfPage":{"@id":"https:\/\/exaudi.org\/es\/monsenor-cabrejos-vidarte-excelente-que-se-investigue\/"},"wordCount":629,"image":{"@id":"https:\/\/exaudi.org\/es\/monsenor-cabrejos-vidarte-excelente-que-se-investigue\/#primaryimage"},"thumbnailUrl":"https:\/\/exaudi.org\/wp-content\/uploads\/2023\/07\/000507868W.jpg","keywords":["Abusos","Charles Scicluna","Conferencia Episcopal","Iglesia cat\u00f3lica","Jordi Bertomeu","Monse\u00f1or Miguel Cabrejos Vidarte","obispos","Per\u00fa","Santa Sede","Sodalicio","Trending","Vaticano"],"articleSection":["Iglesia y Mundo","Vaticano"],"inLanguage":"es"},{"@type":"WebPage","@id":"https:\/\/exaudi.org\/es\/monsenor-cabrejos-vidarte-excelente-que-se-investigue\/","url":"https:\/\/exaudi.org\/es\/monsenor-cabrejos-vidarte-excelente-que-se-investigue\/","name":"Monse\u00f1or Cabrejos Vidarte: \u201cExcelente que se investigue\u201d &#8211; Exaudi","isPartOf":{"@id":"https:\/\/exaudi.org\/#website"},"primaryImageOfPage":{"@id":"https:\/\/exaudi.org\/es\/monsenor-cabrejos-vidarte-excelente-que-se-investigue\/#primaryimage"},"image":{"@id":"https:\/\/exaudi.org\/es\/monsenor-cabrejos-vidarte-excelente-que-se-investigue\/#primaryimage"},"thumbnailUrl":"https:\/\/exaudi.org\/wp-content\/uploads\/2023\/07\/000507868W.jpg","datePublished":"2023-07-25T08:01:34+00:00","dateModified":"2023-07-25T08:10:22+00:00","author":{"@id":"https:\/\/exaudi.org\/#\/schema\/person\/f5fc8f063065e38742da7afe15f25df7"},"breadcrumb":{"@id":"https:\/\/exaudi.org\/es\/monsenor-cabrejos-vidarte-excelente-que-se-investigue\/#breadcrumb"},"inLanguage":"es","potentialAction":[{"@type":"ReadAction","target":["https:\/\/exaudi.org\/es\/monsenor-cabrejos-vidarte-excelente-que-se-investigue\/"]}]},{"@type":"ImageObject","inLanguage":"es","@id":"https:\/\/exaudi.org\/es\/monsenor-cabrejos-vidarte-excelente-que-se-investigue\/#primaryimage","url":"https:\/\/exaudi.org\/wp-content\/uploads\/2023\/07\/000507868W.jpg","contentUrl":"https:\/\/exaudi.org\/wp-content\/uploads\/2023\/07\/000507868W.jpg","width":1800,"height":1200},{"@type":"BreadcrumbList","@id":"https:\/\/exaudi.org\/es\/monsenor-cabrejos-vidarte-excelente-que-se-investigue\/#breadcrumb","itemListElement":[{"@type":"ListItem","position":1,"name":"Portada","item":"https:\/\/exaudi.org\/es\/"},{"@type":"ListItem","position":2,"name":"Monse\u00f1or Cabrejos Vidarte: \u201cExcelente que se investigue\u201d"}]},{"@type":"WebSite","@id":"https:\/\/exaudi.org\/#website","url":"https:\/\/exaudi.org\/","name":"Exaudi","description":"News","potentialAction":[{"@type":"SearchAction","target":{"@type":"EntryPoint","urlTemplate":"https:\/\/exaudi.org\/?s={search_term_string}"},"query-input":{"@type":"PropertyValueSpecification","valueRequired":true,"valueName":"search_term_string"}}],"inLanguage":"es"},{"@type":"Person","@id":"https:\/\/exaudi.org\/#\/schema\/person\/f5fc8f063065e38742da7afe15f25df7","name":"Exaudi Redacci\u00f3n","image":{"@type":"ImageObject","inLanguage":"es","@id":"https:\/\/secure.gravatar.com\/avatar\/fe0f6a059fb68d9b3e11bc5850dd4899b1c7492091a3cb6dd9b01b56ad828be2?s=96&d=mm&r=g","url":"https:\/\/secure.gravatar.com\/avatar\/fe0f6a059fb68d9b3e11bc5850dd4899b1c7492091a3cb6dd9b01b56ad828be2?s=96&d=mm&r=g","contentUrl":"https:\/\/secure.gravatar.com\/avatar\/fe0f6a059fb68d9b3e11bc5850dd4899b1c7492091a3cb6dd9b01b56ad828be2?s=96&d=mm&r=g","caption":"Exaudi Redacci\u00f3n"},"description":"\u00bfQu\u00e9 es Exaudi News? Exaudi News es un medio de comunicaci\u00f3n cat\u00f3lico internacional que informa, forma y transforma, diariamente en espa\u00f1ol, ingl\u00e9s e italiano. A trav\u00e9s de noticias, art\u00edculos de an\u00e1lisis y transmisiones en directo de los eventos del Papa, Exaudi busca fortalecer la unidad de los cristianos y contribuir a la evangelizaci\u00f3n del mundo, siempre guiados por la doctrina social de la Iglesia. Trabajamos para acercar la verdad y los valores cristianos a cada rinc\u00f3n del planeta. \u00a1Ay\u00fadanos a transformar el mundo con Exaudi! En Exaudi creemos que la evangelizaci\u00f3n y la informaci\u00f3n de calidad pueden cambiar vidas. Para continuar con nuestra misi\u00f3n y expandir nuestro alcance, necesitamos tu ayuda. Adem\u00e1s, buscamos personas comprometidas que deseen unirse a nuestro equipo. Con tu apoyo, lograremos llegar a m\u00e1s personas, difundir el mensaje de Cristo y reforzar la unidad de los cristianos. \u00bfTe unes a nuestra misi\u00f3n? Para m\u00e1s informaci\u00f3n sobre c\u00f3mo colaborar, visita Exaudi.org\/es o cont\u00e1ctanos directamente: info@exaudi.org Exaudi: Informa, forma y transforma.","sameAs":["https:\/\/www.facebook.com\/ExaudiNoticias\/","https:\/\/www.instagram.com\/exaudi_noticias\/","https:\/\/x.com\/Exaudi_noticias","https:\/\/www.youtube.com\/@exaudicatholicnews"],"url":"https:\/\/exaudi.org\/es\/author\/redaccionexaudi\/"}]}},"jetpack_featured_media_url":"https:\/\/exaudi.org\/wp-content\/uploads\/2023\/07\/000507868W.jpg","jetpack_shortlink":"https:\/\/wp.me\/pgKjF2-l58","_links":{"self":[{"href":"https:\/\/exaudi.org\/es\/wp-json\/wp\/v2\/posts\/81042","targetHints":{"allow":["GET"]}}],"collection":[{"href":"https:\/\/exaudi.org\/es\/wp-json\/wp\/v2\/posts"}],"about":[{"href":"https:\/\/exaudi.org\/es\/wp-json\/wp\/v2\/types\/post"}],"author":[{"embeddable":true,"href":"https:\/\/exaudi.org\/es\/wp-json\/wp\/v2\/users\/15"}],"replies":[{"embeddable":true,"href":"https:\/\/exaudi.org\/es\/wp-json\/wp\/v2\/comments?post=81042"}],"version-history":[{"count":0,"href":"https:\/\/exaudi.org\/es\/wp-json\/wp\/v2\/posts\/81042\/revisions"}],"wp:featuredmedia":[{"embeddable":true,"href":"https:\/\/exaudi.org\/es\/wp-json\/wp\/v2\/media\/81043"}],"wp:attachment":[{"href":"https:\/\/exaudi.org\/es\/wp-json\/wp\/v2\/media?parent=81042"}],"wp:term":[{"taxonomy":"category","embeddable":true,"href":"https:\/\/exaudi.org\/es\/wp-json\/wp\/v2\/categories?post=81042"},{"taxonomy":"post_tag","embeddable":true,"href":"https:\/\/exaudi.org\/es\/wp-json\/wp\/v2\/tags?post=81042"}],"curies":[{"name":"wp","href":"https:\/\/api.w.org\/{rel}","templated":true}]}}