{"id":8095,"date":"2021-03-25T16:33:41","date_gmt":"2021-03-25T15:33:41","guid":{"rendered":"https:\/\/exaudi.org\/?p=8095"},"modified":"2021-03-25T16:34:29","modified_gmt":"2021-03-25T15:34:29","slug":"ucrania-audiencia-papa-primer-ministro-2021","status":"publish","type":"post","link":"https:\/\/exaudi.org\/es\/ucrania-audiencia-papa-primer-ministro-2021\/","title":{"rendered":"Ucrania: Audiencia del Papa al primer ministro"},"content":{"rendered":"<p>El Papa Francisco ha recibido hoy en audiencia, en el Palacio Apost\u00f3lico Vaticano, a Denys Shmyhal, primer ministro de la Rep\u00fablica de Ucrania. Sucesivamente, el ejecutivo ucraniano se ha reunido con el cardenal Pietro Parolin, secretario de Estado, a quien acompa\u00f1aba monse\u00f1or Paul Richard Gallagher, secretario para las Relaciones con los Estados.<\/p>\n<p>De acuerdo a la nota, ofrecida por la <a href=\"http:\/\/www.vatican.va\/news_services\/press\/index_sp.htm\" target=\"_blank\" rel=\"noopener noreferrer\">Oficina de Prensa de la Santa Sede<\/a> hoy 25 de marzo de 2021, al comienzo de las cordiales conversaciones, en la Secretar\u00eda de Estado, \u201cse ha hablado de las buenas relaciones entre la Santa Sede y Ucrania\u201d, prestando especial atenci\u00f3n a algunas cuestiones actuales de inter\u00e9s bilateral, as\u00ed como a diversos temas relacionados con la vida y la actividad de la Iglesia cat\u00f3lica en el pa\u00eds.<\/p>\n<p>Adem\u00e1s, se ha dedicado un \u201camplio espacio a la <a href=\"https:\/\/exaudi.org\/es\/papa-reduce-salarios-personal-vaticano\/\" target=\"_blank\" rel=\"noopener noreferrer\">crisis sanitaria<\/a> y a la dram\u00e1tica situaci\u00f3n en el este de Ucrania, en la esperanza de que las recientes violaciones del alto el fuego cedan el paso a gestos que favorezcan una resoluci\u00f3n pac\u00edfica del conflicto\u201d.<\/p>\n<p><img loading=\"lazy\" decoding=\"async\" class=\"alignleft size-medium wp-image-8112\" src=\"https:\/\/exaudi.org\/wp-content\/uploads\/2021\/03\/250321--200x300.jpg\" alt=\"\" width=\"200\" height=\"300\" srcset=\"https:\/\/exaudi.org\/wp-content\/uploads\/2021\/03\/250321--200x300.jpg 200w, https:\/\/exaudi.org\/wp-content\/uploads\/2021\/03\/250321--683x1024.jpg 683w, https:\/\/exaudi.org\/wp-content\/uploads\/2021\/03\/250321--768x1152.jpg 768w, https:\/\/exaudi.org\/wp-content\/uploads\/2021\/03\/250321--1024x1536.jpg 1024w, https:\/\/exaudi.org\/wp-content\/uploads\/2021\/03\/250321--1365x2048.jpg 1365w, https:\/\/exaudi.org\/wp-content\/uploads\/2021\/03\/250321--150x225.jpg 150w, https:\/\/exaudi.org\/wp-content\/uploads\/2021\/03\/250321--300x450.jpg 300w, https:\/\/exaudi.org\/wp-content\/uploads\/2021\/03\/250321--696x1044.jpg 696w, https:\/\/exaudi.org\/wp-content\/uploads\/2021\/03\/250321--1068x1602.jpg 1068w, https:\/\/exaudi.org\/wp-content\/uploads\/2021\/03\/250321--1920x2880.jpg 1920w, https:\/\/exaudi.org\/wp-content\/uploads\/2021\/03\/250321--280x420.jpg 280w, https:\/\/exaudi.org\/wp-content\/uploads\/2021\/03\/250321--scaled.jpg 1707w\" sizes=\"auto, (max-width: 200px) 100vw, 200px\" \/><\/p>\n<h4><strong>Denys Shmyhal<\/strong><\/h4>\n<p>Tal y como describe la web del Gobierno ucraniano, Denys Shmyhal naci\u00f3 en 1975 en Lviv, al oeste de Ucrania. Tiene estudios superiores. Se gradu\u00f3 en la Universidad Nacional Polit\u00e9cnica de su ciudad natal con una licenciatura en gesti\u00f3n de la producci\u00f3n (Ingenier\u00eda Mec\u00e1nica) e Ingenier\u00eda Econ\u00f3mica.<\/p>\n<p>Desde 1995 hasta 2009 ocup\u00f3 puestos de direcci\u00f3n empresarial. Hasta 2013 trabaj\u00f3 en la Administraci\u00f3n Estatal Regional de Lviv. Un a\u00f1o despu\u00e9s fue nombrado subdirector del Departamento Principal del Ministerio de Hacienda y Derechos en la misma regi\u00f3n donde naci\u00f3.<\/p>\n<p>Desde 2015 hasta 2017 fue subdirector y director de varias administraciones p\u00fablicas. De 2019 a 2020 fue jefe de la Administraci\u00f3n Estatal Regional de Ivano-Frankivsk, y en 2020 fue nombrado primer ministro de Ucrania y ministro de Desarrollo de Comunidades y Territorios de Ucrania.<\/p>\n","protected":false},"excerpt":{"rendered":"<p>Atenci\u00f3n especial a la crisis sanitaria<\/p>\n","protected":false},"author":6,"featured_media":8104,"comment_status":"closed","ping_status":"closed","sticky":false,"template":"","format":"standard","meta":{"_acf_changed":false,"_crdt_document":"","inline_featured_image":false,"footnotes":""},"categories":[68,298],"tags":[168,158,1235],"class_list":["post-8095","post","type-post","status-publish","format-standard","has-post-thumbnail","hentry","category-leon-xiv","category-ultimas-noticias","tag-audiencia","tag-papa-francisco","tag-ucrania"],"acf":[],"yoast_head":"<!-- This site is optimized with the Yoast SEO plugin v27.5 - https:\/\/yoast.com\/product\/yoast-seo-wordpress\/ -->\n<title>Ucrania: Audiencia del Papa al primer ministro &#8211; Exaudi<\/title>\n<meta name=\"description\" content=\"Hoy jueves 25 de marzo de 2021, el Papa Francisco ha recibido en audiencia al primer ministro de Ucrania, seg\u00fan ha informado la Santa Sede.\" \/>\n<meta name=\"robots\" content=\"index, follow, max-snippet:-1, max-image-preview:large, max-video-preview:-1\" \/>\n<link rel=\"canonical\" href=\"https:\/\/exaudi.org\/es\/ucrania-audiencia-papa-primer-ministro-2021\/\" \/>\n<meta property=\"og:locale\" content=\"es_ES\" \/>\n<meta property=\"og:type\" content=\"article\" \/>\n<meta property=\"og:title\" content=\"Ucrania: Audiencia del Papa al primer ministro &#8211; Exaudi\" \/>\n<meta property=\"og:description\" content=\"Hoy jueves 25 de marzo de 2021, el Papa Francisco ha recibido en audiencia al primer ministro de Ucrania, seg\u00fan ha informado la Santa Sede.\" \/>\n<meta property=\"og:url\" content=\"https:\/\/exaudi.org\/es\/ucrania-audiencia-papa-primer-ministro-2021\/\" \/>\n<meta property=\"og:site_name\" content=\"Exaudi\" \/>\n<meta property=\"article:publisher\" content=\"https:\/\/www.facebook.com\/ExaudiNews\" \/>\n<meta property=\"article:published_time\" content=\"2021-03-25T15:33:41+00:00\" \/>\n<meta property=\"article:modified_time\" content=\"2021-03-25T15:34:29+00:00\" \/>\n<meta property=\"og:image\" content=\"https:\/\/exaudi.org\/wp-content\/uploads\/2021\/03\/250321-_1-scaled.jpg\" \/>\n\t<meta property=\"og:image:width\" content=\"2560\" \/>\n\t<meta property=\"og:image:height\" content=\"1707\" \/>\n\t<meta property=\"og:image:type\" content=\"image\/jpeg\" \/>\n<meta name=\"author\" content=\"Gabriel Sales\" \/>\n<meta name=\"twitter:card\" content=\"summary_large_image\" \/>\n<meta name=\"twitter:creator\" content=\"@habemusman\" \/>\n<meta name=\"twitter:site\" content=\"@Exaudi_News\" \/>\n<meta name=\"twitter:label1\" content=\"Escrito por\" \/>\n\t<meta name=\"twitter:data1\" content=\"Gabriel Sales\" \/>\n\t<meta name=\"twitter:label2\" content=\"Tiempo de lectura\" \/>\n\t<meta name=\"twitter:data2\" content=\"2 minutos\" \/>\n<script type=\"application\/ld+json\" class=\"yoast-schema-graph\">{\"@context\":\"https:\\\/\\\/schema.org\",\"@graph\":[{\"@type\":\"Article\",\"@id\":\"https:\\\/\\\/exaudi.org\\\/es\\\/ucrania-audiencia-papa-primer-ministro-2021\\\/#article\",\"isPartOf\":{\"@id\":\"https:\\\/\\\/exaudi.org\\\/es\\\/ucrania-audiencia-papa-primer-ministro-2021\\\/\"},\"author\":{\"name\":\"Gabriel Sales\",\"@id\":\"https:\\\/\\\/exaudi.org\\\/#\\\/schema\\\/person\\\/d134b96438278131ce90c90c03fda6cd\"},\"headline\":\"Ucrania: Audiencia del Papa al primer ministro\",\"datePublished\":\"2021-03-25T15:33:41+00:00\",\"dateModified\":\"2021-03-25T15:34:29+00:00\",\"mainEntityOfPage\":{\"@id\":\"https:\\\/\\\/exaudi.org\\\/es\\\/ucrania-audiencia-papa-primer-ministro-2021\\\/\"},\"wordCount\":328,\"image\":{\"@id\":\"https:\\\/\\\/exaudi.org\\\/es\\\/ucrania-audiencia-papa-primer-ministro-2021\\\/#primaryimage\"},\"thumbnailUrl\":\"https:\\\/\\\/exaudi.org\\\/wp-content\\\/uploads\\\/2021\\\/03\\\/250321-_1-scaled.jpg\",\"keywords\":[\"audiencia\",\"papa francisco\",\"Ucrania\"],\"articleSection\":[\"Le\u00f3n XIV\",\"\u00daltimas noticias\"],\"inLanguage\":\"es\"},{\"@type\":\"WebPage\",\"@id\":\"https:\\\/\\\/exaudi.org\\\/es\\\/ucrania-audiencia-papa-primer-ministro-2021\\\/\",\"url\":\"https:\\\/\\\/exaudi.org\\\/es\\\/ucrania-audiencia-papa-primer-ministro-2021\\\/\",\"name\":\"Ucrania: Audiencia del Papa al primer ministro &#8211; Exaudi\",\"isPartOf\":{\"@id\":\"https:\\\/\\\/exaudi.org\\\/#website\"},\"primaryImageOfPage\":{\"@id\":\"https:\\\/\\\/exaudi.org\\\/es\\\/ucrania-audiencia-papa-primer-ministro-2021\\\/#primaryimage\"},\"image\":{\"@id\":\"https:\\\/\\\/exaudi.org\\\/es\\\/ucrania-audiencia-papa-primer-ministro-2021\\\/#primaryimage\"},\"thumbnailUrl\":\"https:\\\/\\\/exaudi.org\\\/wp-content\\\/uploads\\\/2021\\\/03\\\/250321-_1-scaled.jpg\",\"datePublished\":\"2021-03-25T15:33:41+00:00\",\"dateModified\":\"2021-03-25T15:34:29+00:00\",\"author\":{\"@id\":\"https:\\\/\\\/exaudi.org\\\/#\\\/schema\\\/person\\\/d134b96438278131ce90c90c03fda6cd\"},\"description\":\"Hoy jueves 25 de marzo de 2021, el Papa Francisco ha recibido en audiencia al primer ministro de Ucrania, seg\u00fan ha informado la Santa Sede.\",\"breadcrumb\":{\"@id\":\"https:\\\/\\\/exaudi.org\\\/es\\\/ucrania-audiencia-papa-primer-ministro-2021\\\/#breadcrumb\"},\"inLanguage\":\"es\",\"potentialAction\":[{\"@type\":\"ReadAction\",\"target\":[\"https:\\\/\\\/exaudi.org\\\/es\\\/ucrania-audiencia-papa-primer-ministro-2021\\\/\"]}]},{\"@type\":\"ImageObject\",\"inLanguage\":\"es\",\"@id\":\"https:\\\/\\\/exaudi.org\\\/es\\\/ucrania-audiencia-papa-primer-ministro-2021\\\/#primaryimage\",\"url\":\"https:\\\/\\\/exaudi.org\\\/wp-content\\\/uploads\\\/2021\\\/03\\\/250321-_1-scaled.jpg\",\"contentUrl\":\"https:\\\/\\\/exaudi.org\\\/wp-content\\\/uploads\\\/2021\\\/03\\\/250321-_1-scaled.jpg\",\"width\":2560,\"height\":1707,\"caption\":\"El Papa junto al primer ministro ucraniano \u00a9 Vatican Media\"},{\"@type\":\"BreadcrumbList\",\"@id\":\"https:\\\/\\\/exaudi.org\\\/es\\\/ucrania-audiencia-papa-primer-ministro-2021\\\/#breadcrumb\",\"itemListElement\":[{\"@type\":\"ListItem\",\"position\":1,\"name\":\"Portada\",\"item\":\"https:\\\/\\\/exaudi.org\\\/es\\\/\"},{\"@type\":\"ListItem\",\"position\":2,\"name\":\"Ucrania: Audiencia del Papa al primer ministro\"}]},{\"@type\":\"WebSite\",\"@id\":\"https:\\\/\\\/exaudi.org\\\/#website\",\"url\":\"https:\\\/\\\/exaudi.org\\\/\",\"name\":\"Exaudi\",\"description\":\"News\",\"potentialAction\":[{\"@type\":\"SearchAction\",\"target\":{\"@type\":\"EntryPoint\",\"urlTemplate\":\"https:\\\/\\\/exaudi.org\\\/?s={search_term_string}\"},\"query-input\":{\"@type\":\"PropertyValueSpecification\",\"valueRequired\":true,\"valueName\":\"search_term_string\"}}],\"inLanguage\":\"es\"},{\"@type\":\"Person\",\"@id\":\"https:\\\/\\\/exaudi.org\\\/#\\\/schema\\\/person\\\/d134b96438278131ce90c90c03fda6cd\",\"name\":\"Gabriel Sales\",\"image\":{\"@type\":\"ImageObject\",\"inLanguage\":\"es\",\"@id\":\"https:\\\/\\\/secure.gravatar.com\\\/avatar\\\/9b1269566f6a063ed26ffb3532b66a373cdde231ce5d0effb266167437fdaffd?s=96&d=mm&r=g\",\"url\":\"https:\\\/\\\/secure.gravatar.com\\\/avatar\\\/9b1269566f6a063ed26ffb3532b66a373cdde231ce5d0effb266167437fdaffd?s=96&d=mm&r=g\",\"contentUrl\":\"https:\\\/\\\/secure.gravatar.com\\\/avatar\\\/9b1269566f6a063ed26ffb3532b66a373cdde231ce5d0effb266167437fdaffd?s=96&d=mm&r=g\",\"caption\":\"Gabriel Sales\"},\"description\":\"Periodista y especialista en Comunicaci\u00f3n y Branding digital. Cin\u00e9filo y cr\u00edtico de cine y series de televisi\u00f3n.\",\"sameAs\":[\"https:\\\/\\\/www.instagram.com\\\/cine90segundos\\\/\",\"www.linkedin.com\\\/in\\\/habemusman\",\"https:\\\/\\\/x.com\\\/habemusman\",\"https:\\\/\\\/www.youtube.com\\\/channel\\\/UCVfCiOMkJ_C7T7OpyjuaLDg\"],\"url\":\"https:\\\/\\\/exaudi.org\\\/es\\\/author\\\/gsalesexaudi-org\\\/\"}]}<\/script>\n<!-- \/ Yoast SEO plugin. -->","yoast_head_json":{"title":"Ucrania: Audiencia del Papa al primer ministro &#8211; Exaudi","description":"Hoy jueves 25 de marzo de 2021, el Papa Francisco ha recibido en audiencia al primer ministro de Ucrania, seg\u00fan ha informado la Santa Sede.","robots":{"index":"index","follow":"follow","max-snippet":"max-snippet:-1","max-image-preview":"max-image-preview:large","max-video-preview":"max-video-preview:-1"},"canonical":"https:\/\/exaudi.org\/es\/ucrania-audiencia-papa-primer-ministro-2021\/","og_locale":"es_ES","og_type":"article","og_title":"Ucrania: Audiencia del Papa al primer ministro &#8211; Exaudi","og_description":"Hoy jueves 25 de marzo de 2021, el Papa Francisco ha recibido en audiencia al primer ministro de Ucrania, seg\u00fan ha informado la Santa Sede.","og_url":"https:\/\/exaudi.org\/es\/ucrania-audiencia-papa-primer-ministro-2021\/","og_site_name":"Exaudi","article_publisher":"https:\/\/www.facebook.com\/ExaudiNews","article_published_time":"2021-03-25T15:33:41+00:00","article_modified_time":"2021-03-25T15:34:29+00:00","og_image":[{"width":2560,"height":1707,"url":"https:\/\/exaudi.org\/wp-content\/uploads\/2021\/03\/250321-_1-scaled.jpg","type":"image\/jpeg"}],"author":"Gabriel Sales","twitter_card":"summary_large_image","twitter_creator":"@habemusman","twitter_site":"@Exaudi_News","twitter_misc":{"Escrito por":"Gabriel Sales","Tiempo de lectura":"2 minutos"},"schema":{"@context":"https:\/\/schema.org","@graph":[{"@type":"Article","@id":"https:\/\/exaudi.org\/es\/ucrania-audiencia-papa-primer-ministro-2021\/#article","isPartOf":{"@id":"https:\/\/exaudi.org\/es\/ucrania-audiencia-papa-primer-ministro-2021\/"},"author":{"name":"Gabriel Sales","@id":"https:\/\/exaudi.org\/#\/schema\/person\/d134b96438278131ce90c90c03fda6cd"},"headline":"Ucrania: Audiencia del Papa al primer ministro","datePublished":"2021-03-25T15:33:41+00:00","dateModified":"2021-03-25T15:34:29+00:00","mainEntityOfPage":{"@id":"https:\/\/exaudi.org\/es\/ucrania-audiencia-papa-primer-ministro-2021\/"},"wordCount":328,"image":{"@id":"https:\/\/exaudi.org\/es\/ucrania-audiencia-papa-primer-ministro-2021\/#primaryimage"},"thumbnailUrl":"https:\/\/exaudi.org\/wp-content\/uploads\/2021\/03\/250321-_1-scaled.jpg","keywords":["audiencia","papa francisco","Ucrania"],"articleSection":["Le\u00f3n XIV","\u00daltimas noticias"],"inLanguage":"es"},{"@type":"WebPage","@id":"https:\/\/exaudi.org\/es\/ucrania-audiencia-papa-primer-ministro-2021\/","url":"https:\/\/exaudi.org\/es\/ucrania-audiencia-papa-primer-ministro-2021\/","name":"Ucrania: Audiencia del Papa al primer ministro &#8211; Exaudi","isPartOf":{"@id":"https:\/\/exaudi.org\/#website"},"primaryImageOfPage":{"@id":"https:\/\/exaudi.org\/es\/ucrania-audiencia-papa-primer-ministro-2021\/#primaryimage"},"image":{"@id":"https:\/\/exaudi.org\/es\/ucrania-audiencia-papa-primer-ministro-2021\/#primaryimage"},"thumbnailUrl":"https:\/\/exaudi.org\/wp-content\/uploads\/2021\/03\/250321-_1-scaled.jpg","datePublished":"2021-03-25T15:33:41+00:00","dateModified":"2021-03-25T15:34:29+00:00","author":{"@id":"https:\/\/exaudi.org\/#\/schema\/person\/d134b96438278131ce90c90c03fda6cd"},"description":"Hoy jueves 25 de marzo de 2021, el Papa Francisco ha recibido en audiencia al primer ministro de Ucrania, seg\u00fan ha informado la Santa Sede.","breadcrumb":{"@id":"https:\/\/exaudi.org\/es\/ucrania-audiencia-papa-primer-ministro-2021\/#breadcrumb"},"inLanguage":"es","potentialAction":[{"@type":"ReadAction","target":["https:\/\/exaudi.org\/es\/ucrania-audiencia-papa-primer-ministro-2021\/"]}]},{"@type":"ImageObject","inLanguage":"es","@id":"https:\/\/exaudi.org\/es\/ucrania-audiencia-papa-primer-ministro-2021\/#primaryimage","url":"https:\/\/exaudi.org\/wp-content\/uploads\/2021\/03\/250321-_1-scaled.jpg","contentUrl":"https:\/\/exaudi.org\/wp-content\/uploads\/2021\/03\/250321-_1-scaled.jpg","width":2560,"height":1707,"caption":"El Papa junto al primer ministro ucraniano \u00a9 Vatican Media"},{"@type":"BreadcrumbList","@id":"https:\/\/exaudi.org\/es\/ucrania-audiencia-papa-primer-ministro-2021\/#breadcrumb","itemListElement":[{"@type":"ListItem","position":1,"name":"Portada","item":"https:\/\/exaudi.org\/es\/"},{"@type":"ListItem","position":2,"name":"Ucrania: Audiencia del Papa al primer ministro"}]},{"@type":"WebSite","@id":"https:\/\/exaudi.org\/#website","url":"https:\/\/exaudi.org\/","name":"Exaudi","description":"News","potentialAction":[{"@type":"SearchAction","target":{"@type":"EntryPoint","urlTemplate":"https:\/\/exaudi.org\/?s={search_term_string}"},"query-input":{"@type":"PropertyValueSpecification","valueRequired":true,"valueName":"search_term_string"}}],"inLanguage":"es"},{"@type":"Person","@id":"https:\/\/exaudi.org\/#\/schema\/person\/d134b96438278131ce90c90c03fda6cd","name":"Gabriel Sales","image":{"@type":"ImageObject","inLanguage":"es","@id":"https:\/\/secure.gravatar.com\/avatar\/9b1269566f6a063ed26ffb3532b66a373cdde231ce5d0effb266167437fdaffd?s=96&d=mm&r=g","url":"https:\/\/secure.gravatar.com\/avatar\/9b1269566f6a063ed26ffb3532b66a373cdde231ce5d0effb266167437fdaffd?s=96&d=mm&r=g","contentUrl":"https:\/\/secure.gravatar.com\/avatar\/9b1269566f6a063ed26ffb3532b66a373cdde231ce5d0effb266167437fdaffd?s=96&d=mm&r=g","caption":"Gabriel Sales"},"description":"Periodista y especialista en Comunicaci\u00f3n y Branding digital. Cin\u00e9filo y cr\u00edtico de cine y series de televisi\u00f3n.","sameAs":["https:\/\/www.instagram.com\/cine90segundos\/","www.linkedin.com\/in\/habemusman","https:\/\/x.com\/habemusman","https:\/\/www.youtube.com\/channel\/UCVfCiOMkJ_C7T7OpyjuaLDg"],"url":"https:\/\/exaudi.org\/es\/author\/gsalesexaudi-org\/"}]}},"jetpack_featured_media_url":"https:\/\/exaudi.org\/wp-content\/uploads\/2021\/03\/250321-_1-scaled.jpg","jetpack_shortlink":"https:\/\/wp.me\/pgKjF2-26z","_links":{"self":[{"href":"https:\/\/exaudi.org\/es\/wp-json\/wp\/v2\/posts\/8095","targetHints":{"allow":["GET"]}}],"collection":[{"href":"https:\/\/exaudi.org\/es\/wp-json\/wp\/v2\/posts"}],"about":[{"href":"https:\/\/exaudi.org\/es\/wp-json\/wp\/v2\/types\/post"}],"author":[{"embeddable":true,"href":"https:\/\/exaudi.org\/es\/wp-json\/wp\/v2\/users\/6"}],"replies":[{"embeddable":true,"href":"https:\/\/exaudi.org\/es\/wp-json\/wp\/v2\/comments?post=8095"}],"version-history":[{"count":0,"href":"https:\/\/exaudi.org\/es\/wp-json\/wp\/v2\/posts\/8095\/revisions"}],"wp:featuredmedia":[{"embeddable":true,"href":"https:\/\/exaudi.org\/es\/wp-json\/wp\/v2\/media\/8104"}],"wp:attachment":[{"href":"https:\/\/exaudi.org\/es\/wp-json\/wp\/v2\/media?parent=8095"}],"wp:term":[{"taxonomy":"category","embeddable":true,"href":"https:\/\/exaudi.org\/es\/wp-json\/wp\/v2\/categories?post=8095"},{"taxonomy":"post_tag","embeddable":true,"href":"https:\/\/exaudi.org\/es\/wp-json\/wp\/v2\/tags?post=8095"}],"curies":[{"name":"wp","href":"https:\/\/api.w.org\/{rel}","templated":true}]}}