{"id":80560,"date":"2023-07-18T10:02:28","date_gmt":"2023-07-18T08:02:28","guid":{"rendered":"https:\/\/exaudi.org\/?p=80560"},"modified":"2023-07-18T10:02:59","modified_gmt":"2023-07-18T08:02:59","slug":"el-papa-envia-al-cardenal-zuppi-a-washington-para-promover-la-paz","status":"publish","type":"post","link":"https:\/\/exaudi.org\/es\/el-papa-envia-al-cardenal-zuppi-a-washington-para-promover-la-paz\/","title":{"rendered":"El Papa env\u00eda al Cardenal Zuppi a Washington para promover la paz"},"content":{"rendered":"<audio class=\"wp-audio-shortcode\" id=\"audio-80560-1\" preload=\"none\" style=\"width: 100%;\" controls=\"controls\"><source type=\"audio\/mpeg\" src=\"https:\/\/exaudi.org\/wp-content\/uploads\/2023\/07\/El-Papa-envia-al-Cardenal-Zuppi-a-Washington-para.mp3?_=1\" \/><a href=\"https:\/\/exaudi.org\/wp-content\/uploads\/2023\/07\/El-Papa-envia-al-Cardenal-Zuppi-a-Washington-para.mp3\">https:\/\/exaudi.org\/wp-content\/uploads\/2023\/07\/El-Papa-envia-al-Cardenal-Zuppi-a-Washington-para.mp3<\/a><\/audio>\n<p>\u00abIntercambiar ideas y opiniones sobre la tr\u00e1gica situaci\u00f3n actual y apoyar iniciativas humanitarias para aliviar el sufrimiento de las personas m\u00e1s afectadas y fr\u00e1giles, especialmente los ni\u00f1os\u00bb. Este es el objetivo de la visita del Cardenal Matteo Maria Zuppi, Presidente de la Conferencia Episcopal Italiana, a Washington, como enviado especial del Papa Francisco, que se celebra del lunes 17 al mi\u00e9rcoles 19 de julio. Lo da a conocer\u00a0un comunicado de la Santa Sede.<\/p>\n<p>La nota especifica que la visita, en la que Zuppi es acompa\u00f1ado por un oficial de la Secretar\u00eda de Estado, se enmarca en la misi\u00f3n de promoci\u00f3n de la paz en Ucrania. Este prop\u00f3sito impuls\u00f3 los viajes precedentes del arzobispo de Bolonia a Ucrania y Rusia, realizados del 5 al 6 de junio y del 28 al 29 de junio, respectivamente.<\/p>\n<p>En Ucrania,\u00a0el Purpurado se reuni\u00f3 con el Presidente\u00a0Volodymyr Zelenskyi, se detuvo en oraci\u00f3n en la antigua iglesia de Santa Sof\u00eda y se encontr\u00f3 con diferentes autoridades civiles.<\/p>\n<p>En Rusia,\u00a0el Cardenal tuvo un coloquio con Yuri Ushakov, Asistente del Presidente de la Federaci\u00f3n Rusa para Asuntos de Pol\u00edtica Exterior, y con Maria Lvova-Belova, Comisaria del Presidente de la Federaci\u00f3n Rusa para los Derechos del Ni\u00f1o. Durante las conversaciones, se insisti\u00f3 mucho en el aspecto humanitario de la iniciativa, as\u00ed como en la necesidad de poder alcanzar la tan deseada paz. Asimismo, hizo una breve parada en la Iglesia de San Nicol\u00e1s en Tolmachi, en la Galer\u00eda Tretyakov. Tambi\u00e9n habl\u00f3 con\u00a0Su Santidad Kirill, Patriarca de Mosc\u00fa y de toda Rusia, a quien transmiti\u00f3 los saludos del Santo Padre y con quien departi\u00f3 sobre iniciativas humanitarias que podr\u00edan facilitar una soluci\u00f3n pac\u00edfica.<\/p>\n<p>Los resultados de los distintos encuentros fueron referidos directamente al Papa Francisco para evaluar los siguientes pasos en la misi\u00f3n de paz.<\/p>\n","protected":false},"excerpt":{"rendered":"<p>El Cardenal Matteo Maria Zuppi, Arzobispo de Bolonia y Presidente de la Conferencia Episcopal Italiana, viaja a la capital estadounidense en el marco de su misi\u00f3n humanitaria para construir caminos de reconciliaci\u00f3n en Ucrania<\/p>\n","protected":false},"author":15,"featured_media":80561,"comment_status":"closed","ping_status":"closed","sticky":false,"template":"","format":"standard","meta":{"_acf_changed":false,"_crdt_document":"","inline_featured_image":false,"footnotes":""},"categories":[132],"tags":[9742,599,629,3834,625,598,4953,1235,8274],"class_list":["post-80560","post","type-post","status-publish","format-standard","has-post-thumbnail","hentry","category-vaticano-es","tag-cardenal-zuppi","tag-dialogo","tag-eeuu","tag-guerra-es","tag-paz","tag-rusia","tag-trending-es","tag-ucrania","tag-washington-2"],"acf":[],"yoast_head":"<!-- This site is optimized with the Yoast SEO plugin v27.5 - https:\/\/yoast.com\/product\/yoast-seo-wordpress\/ -->\n<title>El Papa env\u00eda al Cardenal Zuppi a Washington para promover la paz &#8211; Exaudi<\/title>\n<meta name=\"robots\" content=\"index, follow, max-snippet:-1, max-image-preview:large, max-video-preview:-1\" \/>\n<link rel=\"canonical\" href=\"https:\/\/exaudi.org\/es\/el-papa-envia-al-cardenal-zuppi-a-washington-para-promover-la-paz\/\" \/>\n<meta property=\"og:locale\" content=\"es_ES\" \/>\n<meta property=\"og:type\" content=\"article\" \/>\n<meta property=\"og:title\" content=\"El Papa env\u00eda al Cardenal Zuppi a Washington para promover la paz &#8211; Exaudi\" \/>\n<meta property=\"og:description\" content=\"El Cardenal Matteo Maria Zuppi, Arzobispo de Bolonia y Presidente de la Conferencia Episcopal Italiana, viaja a la capital estadounidense en el marco de su misi\u00f3n humanitaria para construir caminos de reconciliaci\u00f3n en Ucrania\" \/>\n<meta property=\"og:url\" content=\"https:\/\/exaudi.org\/es\/el-papa-envia-al-cardenal-zuppi-a-washington-para-promover-la-paz\/\" \/>\n<meta property=\"og:site_name\" content=\"Exaudi\" \/>\n<meta property=\"article:publisher\" content=\"https:\/\/www.facebook.com\/ExaudiNews\" \/>\n<meta property=\"article:author\" content=\"https:\/\/www.facebook.com\/ExaudiNoticias\/\" \/>\n<meta property=\"article:published_time\" content=\"2023-07-18T08:02:28+00:00\" \/>\n<meta property=\"article:modified_time\" content=\"2023-07-18T08:02:59+00:00\" \/>\n<meta property=\"og:image\" content=\"https:\/\/exaudi.org\/wp-content\/uploads\/2023\/07\/cq5dam.thumbnail.cropped.750.422-15.jpeg\" \/>\n\t<meta property=\"og:image:width\" content=\"750\" \/>\n\t<meta property=\"og:image:height\" content=\"422\" \/>\n\t<meta property=\"og:image:type\" content=\"image\/jpeg\" \/>\n<meta name=\"author\" content=\"Exaudi Redacci\u00f3n\" \/>\n<meta name=\"twitter:card\" content=\"summary_large_image\" \/>\n<meta name=\"twitter:creator\" content=\"@Exaudi_noticias\" \/>\n<meta name=\"twitter:site\" content=\"@Exaudi_News\" \/>\n<meta name=\"twitter:label1\" content=\"Escrito por\" \/>\n\t<meta name=\"twitter:data1\" content=\"Exaudi Redacci\u00f3n\" \/>\n\t<meta name=\"twitter:label2\" content=\"Tiempo de lectura\" \/>\n\t<meta name=\"twitter:data2\" content=\"2 minutos\" \/>\n<script type=\"application\/ld+json\" class=\"yoast-schema-graph\">{\"@context\":\"https:\\\/\\\/schema.org\",\"@graph\":[{\"@type\":\"Article\",\"@id\":\"https:\\\/\\\/exaudi.org\\\/es\\\/el-papa-envia-al-cardenal-zuppi-a-washington-para-promover-la-paz\\\/#article\",\"isPartOf\":{\"@id\":\"https:\\\/\\\/exaudi.org\\\/es\\\/el-papa-envia-al-cardenal-zuppi-a-washington-para-promover-la-paz\\\/\"},\"author\":{\"name\":\"Exaudi Redacci\u00f3n\",\"@id\":\"https:\\\/\\\/exaudi.org\\\/#\\\/schema\\\/person\\\/f5fc8f063065e38742da7afe15f25df7\"},\"headline\":\"El Papa env\u00eda al Cardenal Zuppi a Washington para promover la paz\",\"datePublished\":\"2023-07-18T08:02:28+00:00\",\"dateModified\":\"2023-07-18T08:02:59+00:00\",\"mainEntityOfPage\":{\"@id\":\"https:\\\/\\\/exaudi.org\\\/es\\\/el-papa-envia-al-cardenal-zuppi-a-washington-para-promover-la-paz\\\/\"},\"wordCount\":341,\"image\":{\"@id\":\"https:\\\/\\\/exaudi.org\\\/es\\\/el-papa-envia-al-cardenal-zuppi-a-washington-para-promover-la-paz\\\/#primaryimage\"},\"thumbnailUrl\":\"https:\\\/\\\/exaudi.org\\\/wp-content\\\/uploads\\\/2023\\\/07\\\/cq5dam.thumbnail.cropped.750.422-15.jpeg\",\"keywords\":[\"Cardenal Zuppi\",\"di\u00e1logo\",\"EEUU\",\"guerra\",\"Paz\",\"Rusia\",\"Trending\",\"Ucrania\",\"Washington\"],\"articleSection\":[\"Vaticano\"],\"inLanguage\":\"es\"},{\"@type\":\"WebPage\",\"@id\":\"https:\\\/\\\/exaudi.org\\\/es\\\/el-papa-envia-al-cardenal-zuppi-a-washington-para-promover-la-paz\\\/\",\"url\":\"https:\\\/\\\/exaudi.org\\\/es\\\/el-papa-envia-al-cardenal-zuppi-a-washington-para-promover-la-paz\\\/\",\"name\":\"El Papa env\u00eda al Cardenal Zuppi a Washington para promover la paz &#8211; Exaudi\",\"isPartOf\":{\"@id\":\"https:\\\/\\\/exaudi.org\\\/#website\"},\"primaryImageOfPage\":{\"@id\":\"https:\\\/\\\/exaudi.org\\\/es\\\/el-papa-envia-al-cardenal-zuppi-a-washington-para-promover-la-paz\\\/#primaryimage\"},\"image\":{\"@id\":\"https:\\\/\\\/exaudi.org\\\/es\\\/el-papa-envia-al-cardenal-zuppi-a-washington-para-promover-la-paz\\\/#primaryimage\"},\"thumbnailUrl\":\"https:\\\/\\\/exaudi.org\\\/wp-content\\\/uploads\\\/2023\\\/07\\\/cq5dam.thumbnail.cropped.750.422-15.jpeg\",\"datePublished\":\"2023-07-18T08:02:28+00:00\",\"dateModified\":\"2023-07-18T08:02:59+00:00\",\"author\":{\"@id\":\"https:\\\/\\\/exaudi.org\\\/#\\\/schema\\\/person\\\/f5fc8f063065e38742da7afe15f25df7\"},\"breadcrumb\":{\"@id\":\"https:\\\/\\\/exaudi.org\\\/es\\\/el-papa-envia-al-cardenal-zuppi-a-washington-para-promover-la-paz\\\/#breadcrumb\"},\"inLanguage\":\"es\",\"potentialAction\":[{\"@type\":\"ReadAction\",\"target\":[\"https:\\\/\\\/exaudi.org\\\/es\\\/el-papa-envia-al-cardenal-zuppi-a-washington-para-promover-la-paz\\\/\"]}]},{\"@type\":\"ImageObject\",\"inLanguage\":\"es\",\"@id\":\"https:\\\/\\\/exaudi.org\\\/es\\\/el-papa-envia-al-cardenal-zuppi-a-washington-para-promover-la-paz\\\/#primaryimage\",\"url\":\"https:\\\/\\\/exaudi.org\\\/wp-content\\\/uploads\\\/2023\\\/07\\\/cq5dam.thumbnail.cropped.750.422-15.jpeg\",\"contentUrl\":\"https:\\\/\\\/exaudi.org\\\/wp-content\\\/uploads\\\/2023\\\/07\\\/cq5dam.thumbnail.cropped.750.422-15.jpeg\",\"width\":750,\"height\":422},{\"@type\":\"BreadcrumbList\",\"@id\":\"https:\\\/\\\/exaudi.org\\\/es\\\/el-papa-envia-al-cardenal-zuppi-a-washington-para-promover-la-paz\\\/#breadcrumb\",\"itemListElement\":[{\"@type\":\"ListItem\",\"position\":1,\"name\":\"Portada\",\"item\":\"https:\\\/\\\/exaudi.org\\\/es\\\/\"},{\"@type\":\"ListItem\",\"position\":2,\"name\":\"El Papa env\u00eda al Cardenal Zuppi a Washington para promover la paz\"}]},{\"@type\":\"WebSite\",\"@id\":\"https:\\\/\\\/exaudi.org\\\/#website\",\"url\":\"https:\\\/\\\/exaudi.org\\\/\",\"name\":\"Exaudi\",\"description\":\"News\",\"potentialAction\":[{\"@type\":\"SearchAction\",\"target\":{\"@type\":\"EntryPoint\",\"urlTemplate\":\"https:\\\/\\\/exaudi.org\\\/?s={search_term_string}\"},\"query-input\":{\"@type\":\"PropertyValueSpecification\",\"valueRequired\":true,\"valueName\":\"search_term_string\"}}],\"inLanguage\":\"es\"},{\"@type\":\"Person\",\"@id\":\"https:\\\/\\\/exaudi.org\\\/#\\\/schema\\\/person\\\/f5fc8f063065e38742da7afe15f25df7\",\"name\":\"Exaudi Redacci\u00f3n\",\"image\":{\"@type\":\"ImageObject\",\"inLanguage\":\"es\",\"@id\":\"https:\\\/\\\/secure.gravatar.com\\\/avatar\\\/fe0f6a059fb68d9b3e11bc5850dd4899b1c7492091a3cb6dd9b01b56ad828be2?s=96&d=mm&r=g\",\"url\":\"https:\\\/\\\/secure.gravatar.com\\\/avatar\\\/fe0f6a059fb68d9b3e11bc5850dd4899b1c7492091a3cb6dd9b01b56ad828be2?s=96&d=mm&r=g\",\"contentUrl\":\"https:\\\/\\\/secure.gravatar.com\\\/avatar\\\/fe0f6a059fb68d9b3e11bc5850dd4899b1c7492091a3cb6dd9b01b56ad828be2?s=96&d=mm&r=g\",\"caption\":\"Exaudi Redacci\u00f3n\"},\"description\":\"\u00bfQu\u00e9 es Exaudi News? Exaudi News es un medio de comunicaci\u00f3n cat\u00f3lico internacional que informa, forma y transforma, diariamente en espa\u00f1ol, ingl\u00e9s e italiano. A trav\u00e9s de noticias, art\u00edculos de an\u00e1lisis y transmisiones en directo de los eventos del Papa, Exaudi busca fortalecer la unidad de los cristianos y contribuir a la evangelizaci\u00f3n del mundo, siempre guiados por la doctrina social de la Iglesia. Trabajamos para acercar la verdad y los valores cristianos a cada rinc\u00f3n del planeta. \u00a1Ay\u00fadanos a transformar el mundo con Exaudi! En Exaudi creemos que la evangelizaci\u00f3n y la informaci\u00f3n de calidad pueden cambiar vidas. Para continuar con nuestra misi\u00f3n y expandir nuestro alcance, necesitamos tu ayuda. Adem\u00e1s, buscamos personas comprometidas que deseen unirse a nuestro equipo. Con tu apoyo, lograremos llegar a m\u00e1s personas, difundir el mensaje de Cristo y reforzar la unidad de los cristianos. \u00bfTe unes a nuestra misi\u00f3n? Para m\u00e1s informaci\u00f3n sobre c\u00f3mo colaborar, visita Exaudi.org\\\/es o cont\u00e1ctanos directamente: info@exaudi.org Exaudi: Informa, forma y transforma.\",\"sameAs\":[\"https:\\\/\\\/www.facebook.com\\\/ExaudiNoticias\\\/\",\"https:\\\/\\\/www.instagram.com\\\/exaudi_noticias\\\/\",\"https:\\\/\\\/x.com\\\/Exaudi_noticias\",\"https:\\\/\\\/www.youtube.com\\\/@exaudicatholicnews\"],\"url\":\"https:\\\/\\\/exaudi.org\\\/es\\\/author\\\/redaccionexaudi\\\/\"}]}<\/script>\n<!-- \/ Yoast SEO plugin. -->","yoast_head_json":{"title":"El Papa env\u00eda al Cardenal Zuppi a Washington para promover la paz &#8211; Exaudi","robots":{"index":"index","follow":"follow","max-snippet":"max-snippet:-1","max-image-preview":"max-image-preview:large","max-video-preview":"max-video-preview:-1"},"canonical":"https:\/\/exaudi.org\/es\/el-papa-envia-al-cardenal-zuppi-a-washington-para-promover-la-paz\/","og_locale":"es_ES","og_type":"article","og_title":"El Papa env\u00eda al Cardenal Zuppi a Washington para promover la paz &#8211; Exaudi","og_description":"El Cardenal Matteo Maria Zuppi, Arzobispo de Bolonia y Presidente de la Conferencia Episcopal Italiana, viaja a la capital estadounidense en el marco de su misi\u00f3n humanitaria para construir caminos de reconciliaci\u00f3n en Ucrania","og_url":"https:\/\/exaudi.org\/es\/el-papa-envia-al-cardenal-zuppi-a-washington-para-promover-la-paz\/","og_site_name":"Exaudi","article_publisher":"https:\/\/www.facebook.com\/ExaudiNews","article_author":"https:\/\/www.facebook.com\/ExaudiNoticias\/","article_published_time":"2023-07-18T08:02:28+00:00","article_modified_time":"2023-07-18T08:02:59+00:00","og_image":[{"width":750,"height":422,"url":"https:\/\/exaudi.org\/wp-content\/uploads\/2023\/07\/cq5dam.thumbnail.cropped.750.422-15.jpeg","type":"image\/jpeg"}],"author":"Exaudi Redacci\u00f3n","twitter_card":"summary_large_image","twitter_creator":"@Exaudi_noticias","twitter_site":"@Exaudi_News","twitter_misc":{"Escrito por":"Exaudi Redacci\u00f3n","Tiempo de lectura":"2 minutos"},"schema":{"@context":"https:\/\/schema.org","@graph":[{"@type":"Article","@id":"https:\/\/exaudi.org\/es\/el-papa-envia-al-cardenal-zuppi-a-washington-para-promover-la-paz\/#article","isPartOf":{"@id":"https:\/\/exaudi.org\/es\/el-papa-envia-al-cardenal-zuppi-a-washington-para-promover-la-paz\/"},"author":{"name":"Exaudi Redacci\u00f3n","@id":"https:\/\/exaudi.org\/#\/schema\/person\/f5fc8f063065e38742da7afe15f25df7"},"headline":"El Papa env\u00eda al Cardenal Zuppi a Washington para promover la paz","datePublished":"2023-07-18T08:02:28+00:00","dateModified":"2023-07-18T08:02:59+00:00","mainEntityOfPage":{"@id":"https:\/\/exaudi.org\/es\/el-papa-envia-al-cardenal-zuppi-a-washington-para-promover-la-paz\/"},"wordCount":341,"image":{"@id":"https:\/\/exaudi.org\/es\/el-papa-envia-al-cardenal-zuppi-a-washington-para-promover-la-paz\/#primaryimage"},"thumbnailUrl":"https:\/\/exaudi.org\/wp-content\/uploads\/2023\/07\/cq5dam.thumbnail.cropped.750.422-15.jpeg","keywords":["Cardenal Zuppi","di\u00e1logo","EEUU","guerra","Paz","Rusia","Trending","Ucrania","Washington"],"articleSection":["Vaticano"],"inLanguage":"es"},{"@type":"WebPage","@id":"https:\/\/exaudi.org\/es\/el-papa-envia-al-cardenal-zuppi-a-washington-para-promover-la-paz\/","url":"https:\/\/exaudi.org\/es\/el-papa-envia-al-cardenal-zuppi-a-washington-para-promover-la-paz\/","name":"El Papa env\u00eda al Cardenal Zuppi a Washington para promover la paz &#8211; Exaudi","isPartOf":{"@id":"https:\/\/exaudi.org\/#website"},"primaryImageOfPage":{"@id":"https:\/\/exaudi.org\/es\/el-papa-envia-al-cardenal-zuppi-a-washington-para-promover-la-paz\/#primaryimage"},"image":{"@id":"https:\/\/exaudi.org\/es\/el-papa-envia-al-cardenal-zuppi-a-washington-para-promover-la-paz\/#primaryimage"},"thumbnailUrl":"https:\/\/exaudi.org\/wp-content\/uploads\/2023\/07\/cq5dam.thumbnail.cropped.750.422-15.jpeg","datePublished":"2023-07-18T08:02:28+00:00","dateModified":"2023-07-18T08:02:59+00:00","author":{"@id":"https:\/\/exaudi.org\/#\/schema\/person\/f5fc8f063065e38742da7afe15f25df7"},"breadcrumb":{"@id":"https:\/\/exaudi.org\/es\/el-papa-envia-al-cardenal-zuppi-a-washington-para-promover-la-paz\/#breadcrumb"},"inLanguage":"es","potentialAction":[{"@type":"ReadAction","target":["https:\/\/exaudi.org\/es\/el-papa-envia-al-cardenal-zuppi-a-washington-para-promover-la-paz\/"]}]},{"@type":"ImageObject","inLanguage":"es","@id":"https:\/\/exaudi.org\/es\/el-papa-envia-al-cardenal-zuppi-a-washington-para-promover-la-paz\/#primaryimage","url":"https:\/\/exaudi.org\/wp-content\/uploads\/2023\/07\/cq5dam.thumbnail.cropped.750.422-15.jpeg","contentUrl":"https:\/\/exaudi.org\/wp-content\/uploads\/2023\/07\/cq5dam.thumbnail.cropped.750.422-15.jpeg","width":750,"height":422},{"@type":"BreadcrumbList","@id":"https:\/\/exaudi.org\/es\/el-papa-envia-al-cardenal-zuppi-a-washington-para-promover-la-paz\/#breadcrumb","itemListElement":[{"@type":"ListItem","position":1,"name":"Portada","item":"https:\/\/exaudi.org\/es\/"},{"@type":"ListItem","position":2,"name":"El Papa env\u00eda al Cardenal Zuppi a Washington para promover la paz"}]},{"@type":"WebSite","@id":"https:\/\/exaudi.org\/#website","url":"https:\/\/exaudi.org\/","name":"Exaudi","description":"News","potentialAction":[{"@type":"SearchAction","target":{"@type":"EntryPoint","urlTemplate":"https:\/\/exaudi.org\/?s={search_term_string}"},"query-input":{"@type":"PropertyValueSpecification","valueRequired":true,"valueName":"search_term_string"}}],"inLanguage":"es"},{"@type":"Person","@id":"https:\/\/exaudi.org\/#\/schema\/person\/f5fc8f063065e38742da7afe15f25df7","name":"Exaudi Redacci\u00f3n","image":{"@type":"ImageObject","inLanguage":"es","@id":"https:\/\/secure.gravatar.com\/avatar\/fe0f6a059fb68d9b3e11bc5850dd4899b1c7492091a3cb6dd9b01b56ad828be2?s=96&d=mm&r=g","url":"https:\/\/secure.gravatar.com\/avatar\/fe0f6a059fb68d9b3e11bc5850dd4899b1c7492091a3cb6dd9b01b56ad828be2?s=96&d=mm&r=g","contentUrl":"https:\/\/secure.gravatar.com\/avatar\/fe0f6a059fb68d9b3e11bc5850dd4899b1c7492091a3cb6dd9b01b56ad828be2?s=96&d=mm&r=g","caption":"Exaudi Redacci\u00f3n"},"description":"\u00bfQu\u00e9 es Exaudi News? Exaudi News es un medio de comunicaci\u00f3n cat\u00f3lico internacional que informa, forma y transforma, diariamente en espa\u00f1ol, ingl\u00e9s e italiano. A trav\u00e9s de noticias, art\u00edculos de an\u00e1lisis y transmisiones en directo de los eventos del Papa, Exaudi busca fortalecer la unidad de los cristianos y contribuir a la evangelizaci\u00f3n del mundo, siempre guiados por la doctrina social de la Iglesia. Trabajamos para acercar la verdad y los valores cristianos a cada rinc\u00f3n del planeta. \u00a1Ay\u00fadanos a transformar el mundo con Exaudi! En Exaudi creemos que la evangelizaci\u00f3n y la informaci\u00f3n de calidad pueden cambiar vidas. Para continuar con nuestra misi\u00f3n y expandir nuestro alcance, necesitamos tu ayuda. Adem\u00e1s, buscamos personas comprometidas que deseen unirse a nuestro equipo. Con tu apoyo, lograremos llegar a m\u00e1s personas, difundir el mensaje de Cristo y reforzar la unidad de los cristianos. \u00bfTe unes a nuestra misi\u00f3n? Para m\u00e1s informaci\u00f3n sobre c\u00f3mo colaborar, visita Exaudi.org\/es o cont\u00e1ctanos directamente: info@exaudi.org Exaudi: Informa, forma y transforma.","sameAs":["https:\/\/www.facebook.com\/ExaudiNoticias\/","https:\/\/www.instagram.com\/exaudi_noticias\/","https:\/\/x.com\/Exaudi_noticias","https:\/\/www.youtube.com\/@exaudicatholicnews"],"url":"https:\/\/exaudi.org\/es\/author\/redaccionexaudi\/"}]}},"jetpack_featured_media_url":"https:\/\/exaudi.org\/wp-content\/uploads\/2023\/07\/cq5dam.thumbnail.cropped.750.422-15.jpeg","jetpack_shortlink":"https:\/\/wp.me\/pgKjF2-kXm","_links":{"self":[{"href":"https:\/\/exaudi.org\/es\/wp-json\/wp\/v2\/posts\/80560","targetHints":{"allow":["GET"]}}],"collection":[{"href":"https:\/\/exaudi.org\/es\/wp-json\/wp\/v2\/posts"}],"about":[{"href":"https:\/\/exaudi.org\/es\/wp-json\/wp\/v2\/types\/post"}],"author":[{"embeddable":true,"href":"https:\/\/exaudi.org\/es\/wp-json\/wp\/v2\/users\/15"}],"replies":[{"embeddable":true,"href":"https:\/\/exaudi.org\/es\/wp-json\/wp\/v2\/comments?post=80560"}],"version-history":[{"count":0,"href":"https:\/\/exaudi.org\/es\/wp-json\/wp\/v2\/posts\/80560\/revisions"}],"wp:featuredmedia":[{"embeddable":true,"href":"https:\/\/exaudi.org\/es\/wp-json\/wp\/v2\/media\/80561"}],"wp:attachment":[{"href":"https:\/\/exaudi.org\/es\/wp-json\/wp\/v2\/media?parent=80560"}],"wp:term":[{"taxonomy":"category","embeddable":true,"href":"https:\/\/exaudi.org\/es\/wp-json\/wp\/v2\/categories?post=80560"},{"taxonomy":"post_tag","embeddable":true,"href":"https:\/\/exaudi.org\/es\/wp-json\/wp\/v2\/tags?post=80560"}],"curies":[{"name":"wp","href":"https:\/\/api.w.org\/{rel}","templated":true}]}}