{"id":80465,"date":"2023-07-17T09:30:47","date_gmt":"2023-07-17T07:30:47","guid":{"rendered":"https:\/\/exaudi.org\/?p=80465"},"modified":"2023-07-17T08:40:10","modified_gmt":"2023-07-17T06:40:10","slug":"el-retrato-del-anticristo","status":"publish","type":"post","link":"https:\/\/exaudi.org\/es\/el-retrato-del-anticristo\/","title":{"rendered":"El retrato del Anticristo"},"content":{"rendered":"<audio class=\"wp-audio-shortcode\" id=\"audio-80465-1\" preload=\"none\" style=\"width: 100%;\" controls=\"controls\"><source type=\"audio\/mpeg\" src=\"https:\/\/exaudi.org\/wp-content\/uploads\/2023\/07\/El-retrato-del-Anticristo-Lo-que-mas-apreciamos.mp3?_=1\" \/><a href=\"https:\/\/exaudi.org\/wp-content\/uploads\/2023\/07\/El-retrato-del-Anticristo-Lo-que-mas-apreciamos.mp3\">https:\/\/exaudi.org\/wp-content\/uploads\/2023\/07\/El-retrato-del-Anticristo-Lo-que-mas-apreciamos.mp3<\/a><\/audio>\n<p>Leyendo \u201cLos tres di\u00e1logos y el relato del <em>Anticristo<\/em>\u201d de Vladimir Soloviev, fil\u00f3sofo ruso de la segunda mitad del siglo XIX, dedicado al ecumenismo y converso finalmente al catolicismo, encontr\u00e9, junto con afirmaciones t\u00edpicas de su \u00e9poca -el di\u00e1logo es publicado en 1899- que muestran la ceguera del racionalismo decimon\u00f3nico frente a la inminente 1\u00aa Guerra Mundial, otras en cambio prof\u00e9ticas sobre el siglo XXI. En concreto, en la \u201cprofec\u00eda\u201d de Soloviev, el <em>Anticristo<\/em> vendr\u00e1 en el siglo XXI y promover\u00e1 una serie de pol\u00edticas caracter\u00edsticas de nuestra \u00e9poca. Es decir, si en un sentido fracas\u00f3 como profeta: consideraba imposible una guerra entre las potencias europeas, guerra que se desencaden\u00f3 tan sol\u00f3 15 a\u00f1os despu\u00e9s de su texto y 14 despu\u00e9s de su muerte, en cambio acert\u00f3 en afirmar que el siglo XX ser\u00eda el siglo de las \u201cgrandes guerras.\u201d Adem\u00e1s, previ\u00f3 algunas de las notas t\u00edpicas de la cultura en el siglo XXI, por lo que s\u00ed podemos calificar su texto de actual, de prof\u00e9tico y de advertencia.<\/p>\n<p>\u00bfQu\u00e9 caracter\u00edsticas tendr\u00e1 este Anticristo? Son de lo m\u00e1s variopintas, aunque la esencial es obvia: no reconocer a Cristo, ponerse en el lugar de Cristo, ofrecer su venida en vez de la segunda venida de Jes\u00fas. Esa oposici\u00f3n a Jes\u00fas se manifiesta como un rechazo a la verdad; pero se trata de un rechazo disimulado: ofrece cantidad de bienes, promete la paz perpetua, la era del progreso, es un gran altruista y pluralista, incluso se muestra respetuoso de las religiones y promueve un cristianismo en general -es decir, la uni\u00f3n de cat\u00f3licos, ortodoxos y evang\u00e9licos- que prescinda de sus contenidos doctrinales y dogm\u00e1ticos, para centrarse \u00fanicamente en una propuesta moral, pacifista e incluso animalista. El mundo secularizado en que vive se caracteriza por el olvido de la trascendencia, la espiritualidad y Cristo; elementos todos ellos suplidos por el progreso y la filantrop\u00eda.<\/p>\n<p>El \u201crelato del Anticristo\u201d -escrito a finales del siglo XIX- comienza con una profec\u00eda sobre el siglo XX: \u201cfue la \u00e9poca de las \u00faltimas grandes guerras, de las discordias intestinas y de las revueltas revolucionarias\u201d. M\u00e1s adelante afirma: \u201cLa Europa del siglo XXI fue una uni\u00f3n de estados m\u00e1s o menos democr\u00e1ticos: la Uni\u00f3n de Estados Europeos.\u201d Resulta interesante observar c\u00f3mo, a finales del siglo XIX, se percib\u00eda que la racionalidad pol\u00edtica y la democracia iban a confluir con el tiempo en la creaci\u00f3n de la <em>Uni\u00f3n Europea<\/em>, pero no sospechaban el precio: las dos guerras mundiales.<\/p>\n<p>Otra advertencia interesante, para los creyentes del siglo XXI es la siguiente: \u201cY mientras la enorme mayor\u00eda de los intelectuales continuaron siendo no creyentes, los pocos creyentes deb\u00edan necesariamente convertirse en intelectuales.\u201d Es decir, augura que la supervivencia de la fe depende de la formaci\u00f3n, necesitamos una fe ilustrada, instruida, profunda que, al decir de san Pedro, sea capaz \u201cde dar raz\u00f3n de nuestra esperanza.\u201d Precisamente porque la presi\u00f3n externa ser\u00e1 muy fuerte.<\/p>\n<p>En la presentaci\u00f3n de Soloviev, el <em>Anticristo<\/em> ser\u00e1 un humano s\u00faper dotado. F\u00edsica -atractivo- pero, sobre todo, intelectualmente. Incluso, al principio cre\u00eda en \u201cel bien, Dios, el Mes\u00edas\u2026 pero al mismo tiempo s\u00f3lo se amaba a s\u00ed mismo.\u201d La \u201cconciencia de su elevada dignidad se manifestaba no obstante no como una deuda moral frente a Dios y el mundo, sino como un derecho y una superioridad frente a los dem\u00e1s y, sobre todo, frente a Cristo.\u201d Hasta que \u201cfinalmente, un odio impetuoso se adue\u00f1\u00f3 de su alma. \u00ab\u00a1Yo, yo, no \u00c9l!\u00bb\u201d Escribi\u00f3 un libro que fue mundialmente alabado, donde el nombre de Cristo no aparec\u00eda ni una vez, pero los mismos cristianos afirmaban: \u201cest\u00e1 impregnado del esp\u00edritu aut\u00e9nticamente cristiano del amor activo y del bien universal, \u00bfqu\u00e9 m\u00e1s quer\u00e9is?\u201d<\/p>\n<p>Finalmente se hizo \u201camo del mundo\u201d, como la novela escrita ocho a\u00f1os despu\u00e9s por Robert Hugh Benson. \u201cEl nuevo se\u00f1or de la Tierra era ante todo un compasivo fil\u00e1ntropo; as\u00ed, su amor no se limitaba a los hombres, sino que se extend\u00eda tambi\u00e9n a los animales. Era vegetariano\u2026\u201d Cualquier semejanza con la cultura hodierna es mera coincidencia. Se pone en el lugar de Dios, pide amor hacia \u00e9l, y causa una apostas\u00eda generalizada, tanto en las diversas formas de cristianismo, como del juda\u00edsmo. Pero finalmente es desenmascarado:<\/p>\n<p>\u201c\u00a1Gran soberano! Lo que m\u00e1s apreciamos en el cristianismo es el mismo Cristo. \u00c9l mismo y todo lo que de \u00c9l proviene, pues sabemos que en \u00c9l habita corporalmente la plenitud de la Divinidad\u2026 Nos has preguntado qu\u00e9 pod\u00edas hacer por nosotros. He aqu\u00ed una respuesta precisa: aqu\u00ed y ahora, confiesa ante nosotros a Jesucristo, Hijo de Dios, que se encarn\u00f3, resucit\u00f3 y de nuevo vendr\u00e1. Confi\u00e9salo y nosotros te acogeremos con amor como verdadero precursor de su segunda y gloriosa venida.\u201d<\/p>\n","protected":false},"excerpt":{"rendered":"<p>Lo que m\u00e1s apreciamos en el cristianismo es el mismo Cristo<\/p>\n","protected":false},"author":116,"featured_media":80466,"comment_status":"closed","ping_status":"closed","sticky":false,"template":"","format":"standard","meta":{"_acf_changed":false,"_crdt_document":"","inline_featured_image":false,"footnotes":""},"categories":[130],"tags":[9717,4683,4953,9718],"class_list":["post-80465","post","type-post","status-publish","format-standard","has-post-thumbnail","hentry","category-voces","tag-anticristo","tag-cristo-es","tag-trending-es","tag-venida"],"acf":[],"yoast_head":"<!-- This site is optimized with the Yoast SEO plugin v27.4 - https:\/\/yoast.com\/product\/yoast-seo-wordpress\/ -->\n<title>El retrato del Anticristo &#8211; Exaudi<\/title>\n<meta name=\"robots\" content=\"index, follow, max-snippet:-1, max-image-preview:large, max-video-preview:-1\" \/>\n<link rel=\"canonical\" href=\"https:\/\/exaudi.org\/es\/el-retrato-del-anticristo\/\" \/>\n<meta property=\"og:locale\" content=\"es_ES\" \/>\n<meta property=\"og:type\" content=\"article\" \/>\n<meta property=\"og:title\" content=\"El retrato del Anticristo &#8211; Exaudi\" \/>\n<meta property=\"og:description\" content=\"Lo que m\u00e1s apreciamos en el cristianismo es el mismo Cristo\" \/>\n<meta property=\"og:url\" content=\"https:\/\/exaudi.org\/es\/el-retrato-del-anticristo\/\" \/>\n<meta property=\"og:site_name\" content=\"Exaudi\" \/>\n<meta property=\"article:publisher\" content=\"https:\/\/www.facebook.com\/ExaudiNews\" \/>\n<meta property=\"article:published_time\" content=\"2023-07-17T07:30:47+00:00\" \/>\n<meta property=\"og:image\" content=\"https:\/\/exaudi.org\/wp-content\/uploads\/2023\/07\/pexels-jeffrey-czum-2733955-scaled.jpg\" \/>\n\t<meta property=\"og:image:width\" content=\"2560\" \/>\n\t<meta property=\"og:image:height\" content=\"2005\" \/>\n\t<meta property=\"og:image:type\" content=\"image\/jpeg\" \/>\n<meta name=\"author\" content=\"Salvador Fabre\" \/>\n<meta name=\"twitter:card\" content=\"summary_large_image\" \/>\n<meta name=\"twitter:creator\" content=\"@Exaudi_News\" \/>\n<meta name=\"twitter:site\" content=\"@Exaudi_News\" \/>\n<meta name=\"twitter:label1\" content=\"Escrito por\" \/>\n\t<meta name=\"twitter:data1\" content=\"Salvador Fabre\" \/>\n\t<meta name=\"twitter:label2\" content=\"Tiempo de lectura\" \/>\n\t<meta name=\"twitter:data2\" content=\"4 minutos\" \/>\n<script type=\"application\/ld+json\" class=\"yoast-schema-graph\">{\"@context\":\"https:\\\/\\\/schema.org\",\"@graph\":[{\"@type\":\"Article\",\"@id\":\"https:\\\/\\\/exaudi.org\\\/es\\\/el-retrato-del-anticristo\\\/#article\",\"isPartOf\":{\"@id\":\"https:\\\/\\\/exaudi.org\\\/es\\\/el-retrato-del-anticristo\\\/\"},\"author\":{\"name\":\"Salvador Fabre\",\"@id\":\"https:\\\/\\\/exaudi.org\\\/#\\\/schema\\\/person\\\/29b1dbd9f3952eecacfc704ca1a473a8\"},\"headline\":\"El retrato del Anticristo\",\"datePublished\":\"2023-07-17T07:30:47+00:00\",\"mainEntityOfPage\":{\"@id\":\"https:\\\/\\\/exaudi.org\\\/es\\\/el-retrato-del-anticristo\\\/\"},\"wordCount\":855,\"image\":{\"@id\":\"https:\\\/\\\/exaudi.org\\\/es\\\/el-retrato-del-anticristo\\\/#primaryimage\"},\"thumbnailUrl\":\"https:\\\/\\\/exaudi.org\\\/wp-content\\\/uploads\\\/2023\\\/07\\\/pexels-jeffrey-czum-2733955-scaled.jpg\",\"keywords\":[\"Anticristo\",\"Cristo\",\"Trending\",\"Venida\"],\"articleSection\":[\"Voces\"],\"inLanguage\":\"es\"},{\"@type\":\"WebPage\",\"@id\":\"https:\\\/\\\/exaudi.org\\\/es\\\/el-retrato-del-anticristo\\\/\",\"url\":\"https:\\\/\\\/exaudi.org\\\/es\\\/el-retrato-del-anticristo\\\/\",\"name\":\"El retrato del Anticristo &#8211; Exaudi\",\"isPartOf\":{\"@id\":\"https:\\\/\\\/exaudi.org\\\/#website\"},\"primaryImageOfPage\":{\"@id\":\"https:\\\/\\\/exaudi.org\\\/es\\\/el-retrato-del-anticristo\\\/#primaryimage\"},\"image\":{\"@id\":\"https:\\\/\\\/exaudi.org\\\/es\\\/el-retrato-del-anticristo\\\/#primaryimage\"},\"thumbnailUrl\":\"https:\\\/\\\/exaudi.org\\\/wp-content\\\/uploads\\\/2023\\\/07\\\/pexels-jeffrey-czum-2733955-scaled.jpg\",\"datePublished\":\"2023-07-17T07:30:47+00:00\",\"author\":{\"@id\":\"https:\\\/\\\/exaudi.org\\\/#\\\/schema\\\/person\\\/29b1dbd9f3952eecacfc704ca1a473a8\"},\"breadcrumb\":{\"@id\":\"https:\\\/\\\/exaudi.org\\\/es\\\/el-retrato-del-anticristo\\\/#breadcrumb\"},\"inLanguage\":\"es\",\"potentialAction\":[{\"@type\":\"ReadAction\",\"target\":[\"https:\\\/\\\/exaudi.org\\\/es\\\/el-retrato-del-anticristo\\\/\"]}]},{\"@type\":\"ImageObject\",\"inLanguage\":\"es\",\"@id\":\"https:\\\/\\\/exaudi.org\\\/es\\\/el-retrato-del-anticristo\\\/#primaryimage\",\"url\":\"https:\\\/\\\/exaudi.org\\\/wp-content\\\/uploads\\\/2023\\\/07\\\/pexels-jeffrey-czum-2733955-scaled.jpg\",\"contentUrl\":\"https:\\\/\\\/exaudi.org\\\/wp-content\\\/uploads\\\/2023\\\/07\\\/pexels-jeffrey-czum-2733955-scaled.jpg\",\"width\":2560,\"height\":2005,\"caption\":\"\u00a9 Pexels\"},{\"@type\":\"BreadcrumbList\",\"@id\":\"https:\\\/\\\/exaudi.org\\\/es\\\/el-retrato-del-anticristo\\\/#breadcrumb\",\"itemListElement\":[{\"@type\":\"ListItem\",\"position\":1,\"name\":\"Portada\",\"item\":\"https:\\\/\\\/exaudi.org\\\/es\\\/\"},{\"@type\":\"ListItem\",\"position\":2,\"name\":\"El retrato del Anticristo\"}]},{\"@type\":\"WebSite\",\"@id\":\"https:\\\/\\\/exaudi.org\\\/#website\",\"url\":\"https:\\\/\\\/exaudi.org\\\/\",\"name\":\"Exaudi\",\"description\":\"News\",\"potentialAction\":[{\"@type\":\"SearchAction\",\"target\":{\"@type\":\"EntryPoint\",\"urlTemplate\":\"https:\\\/\\\/exaudi.org\\\/?s={search_term_string}\"},\"query-input\":{\"@type\":\"PropertyValueSpecification\",\"valueRequired\":true,\"valueName\":\"search_term_string\"}}],\"inLanguage\":\"es\"},{\"@type\":\"Person\",\"@id\":\"https:\\\/\\\/exaudi.org\\\/#\\\/schema\\\/person\\\/29b1dbd9f3952eecacfc704ca1a473a8\",\"name\":\"Salvador Fabre\",\"image\":{\"@type\":\"ImageObject\",\"inLanguage\":\"es\",\"@id\":\"https:\\\/\\\/secure.gravatar.com\\\/avatar\\\/8d1a5a78ba86b9a8255e1c5b454943b9168b1dc31a275487309b73b631a7ac5d?s=96&d=mm&r=g\",\"url\":\"https:\\\/\\\/secure.gravatar.com\\\/avatar\\\/8d1a5a78ba86b9a8255e1c5b454943b9168b1dc31a275487309b73b631a7ac5d?s=96&d=mm&r=g\",\"contentUrl\":\"https:\\\/\\\/secure.gravatar.com\\\/avatar\\\/8d1a5a78ba86b9a8255e1c5b454943b9168b1dc31a275487309b73b631a7ac5d?s=96&d=mm&r=g\",\"caption\":\"Salvador Fabre\"},\"description\":\"Doctor en filosof\u00eda - Pensar en Cristiano\",\"url\":\"https:\\\/\\\/exaudi.org\\\/es\\\/author\\\/dr-salvador-fabre\\\/\"}]}<\/script>\n<!-- \/ Yoast SEO plugin. -->","yoast_head_json":{"title":"El retrato del Anticristo &#8211; Exaudi","robots":{"index":"index","follow":"follow","max-snippet":"max-snippet:-1","max-image-preview":"max-image-preview:large","max-video-preview":"max-video-preview:-1"},"canonical":"https:\/\/exaudi.org\/es\/el-retrato-del-anticristo\/","og_locale":"es_ES","og_type":"article","og_title":"El retrato del Anticristo &#8211; Exaudi","og_description":"Lo que m\u00e1s apreciamos en el cristianismo es el mismo Cristo","og_url":"https:\/\/exaudi.org\/es\/el-retrato-del-anticristo\/","og_site_name":"Exaudi","article_publisher":"https:\/\/www.facebook.com\/ExaudiNews","article_published_time":"2023-07-17T07:30:47+00:00","og_image":[{"width":2560,"height":2005,"url":"https:\/\/exaudi.org\/wp-content\/uploads\/2023\/07\/pexels-jeffrey-czum-2733955-scaled.jpg","type":"image\/jpeg"}],"author":"Salvador Fabre","twitter_card":"summary_large_image","twitter_creator":"@Exaudi_News","twitter_site":"@Exaudi_News","twitter_misc":{"Escrito por":"Salvador Fabre","Tiempo de lectura":"4 minutos"},"schema":{"@context":"https:\/\/schema.org","@graph":[{"@type":"Article","@id":"https:\/\/exaudi.org\/es\/el-retrato-del-anticristo\/#article","isPartOf":{"@id":"https:\/\/exaudi.org\/es\/el-retrato-del-anticristo\/"},"author":{"name":"Salvador Fabre","@id":"https:\/\/exaudi.org\/#\/schema\/person\/29b1dbd9f3952eecacfc704ca1a473a8"},"headline":"El retrato del Anticristo","datePublished":"2023-07-17T07:30:47+00:00","mainEntityOfPage":{"@id":"https:\/\/exaudi.org\/es\/el-retrato-del-anticristo\/"},"wordCount":855,"image":{"@id":"https:\/\/exaudi.org\/es\/el-retrato-del-anticristo\/#primaryimage"},"thumbnailUrl":"https:\/\/exaudi.org\/wp-content\/uploads\/2023\/07\/pexels-jeffrey-czum-2733955-scaled.jpg","keywords":["Anticristo","Cristo","Trending","Venida"],"articleSection":["Voces"],"inLanguage":"es"},{"@type":"WebPage","@id":"https:\/\/exaudi.org\/es\/el-retrato-del-anticristo\/","url":"https:\/\/exaudi.org\/es\/el-retrato-del-anticristo\/","name":"El retrato del Anticristo &#8211; Exaudi","isPartOf":{"@id":"https:\/\/exaudi.org\/#website"},"primaryImageOfPage":{"@id":"https:\/\/exaudi.org\/es\/el-retrato-del-anticristo\/#primaryimage"},"image":{"@id":"https:\/\/exaudi.org\/es\/el-retrato-del-anticristo\/#primaryimage"},"thumbnailUrl":"https:\/\/exaudi.org\/wp-content\/uploads\/2023\/07\/pexels-jeffrey-czum-2733955-scaled.jpg","datePublished":"2023-07-17T07:30:47+00:00","author":{"@id":"https:\/\/exaudi.org\/#\/schema\/person\/29b1dbd9f3952eecacfc704ca1a473a8"},"breadcrumb":{"@id":"https:\/\/exaudi.org\/es\/el-retrato-del-anticristo\/#breadcrumb"},"inLanguage":"es","potentialAction":[{"@type":"ReadAction","target":["https:\/\/exaudi.org\/es\/el-retrato-del-anticristo\/"]}]},{"@type":"ImageObject","inLanguage":"es","@id":"https:\/\/exaudi.org\/es\/el-retrato-del-anticristo\/#primaryimage","url":"https:\/\/exaudi.org\/wp-content\/uploads\/2023\/07\/pexels-jeffrey-czum-2733955-scaled.jpg","contentUrl":"https:\/\/exaudi.org\/wp-content\/uploads\/2023\/07\/pexels-jeffrey-czum-2733955-scaled.jpg","width":2560,"height":2005,"caption":"\u00a9 Pexels"},{"@type":"BreadcrumbList","@id":"https:\/\/exaudi.org\/es\/el-retrato-del-anticristo\/#breadcrumb","itemListElement":[{"@type":"ListItem","position":1,"name":"Portada","item":"https:\/\/exaudi.org\/es\/"},{"@type":"ListItem","position":2,"name":"El retrato del Anticristo"}]},{"@type":"WebSite","@id":"https:\/\/exaudi.org\/#website","url":"https:\/\/exaudi.org\/","name":"Exaudi","description":"News","potentialAction":[{"@type":"SearchAction","target":{"@type":"EntryPoint","urlTemplate":"https:\/\/exaudi.org\/?s={search_term_string}"},"query-input":{"@type":"PropertyValueSpecification","valueRequired":true,"valueName":"search_term_string"}}],"inLanguage":"es"},{"@type":"Person","@id":"https:\/\/exaudi.org\/#\/schema\/person\/29b1dbd9f3952eecacfc704ca1a473a8","name":"Salvador Fabre","image":{"@type":"ImageObject","inLanguage":"es","@id":"https:\/\/secure.gravatar.com\/avatar\/8d1a5a78ba86b9a8255e1c5b454943b9168b1dc31a275487309b73b631a7ac5d?s=96&d=mm&r=g","url":"https:\/\/secure.gravatar.com\/avatar\/8d1a5a78ba86b9a8255e1c5b454943b9168b1dc31a275487309b73b631a7ac5d?s=96&d=mm&r=g","contentUrl":"https:\/\/secure.gravatar.com\/avatar\/8d1a5a78ba86b9a8255e1c5b454943b9168b1dc31a275487309b73b631a7ac5d?s=96&d=mm&r=g","caption":"Salvador Fabre"},"description":"Doctor en filosof\u00eda - Pensar en Cristiano","url":"https:\/\/exaudi.org\/es\/author\/dr-salvador-fabre\/"}]}},"jetpack_featured_media_url":"https:\/\/exaudi.org\/wp-content\/uploads\/2023\/07\/pexels-jeffrey-czum-2733955-scaled.jpg","jetpack_shortlink":"https:\/\/wp.me\/pgKjF2-kVP","_links":{"self":[{"href":"https:\/\/exaudi.org\/es\/wp-json\/wp\/v2\/posts\/80465","targetHints":{"allow":["GET"]}}],"collection":[{"href":"https:\/\/exaudi.org\/es\/wp-json\/wp\/v2\/posts"}],"about":[{"href":"https:\/\/exaudi.org\/es\/wp-json\/wp\/v2\/types\/post"}],"author":[{"embeddable":true,"href":"https:\/\/exaudi.org\/es\/wp-json\/wp\/v2\/users\/116"}],"replies":[{"embeddable":true,"href":"https:\/\/exaudi.org\/es\/wp-json\/wp\/v2\/comments?post=80465"}],"version-history":[{"count":0,"href":"https:\/\/exaudi.org\/es\/wp-json\/wp\/v2\/posts\/80465\/revisions"}],"wp:featuredmedia":[{"embeddable":true,"href":"https:\/\/exaudi.org\/es\/wp-json\/wp\/v2\/media\/80466"}],"wp:attachment":[{"href":"https:\/\/exaudi.org\/es\/wp-json\/wp\/v2\/media?parent=80465"}],"wp:term":[{"taxonomy":"category","embeddable":true,"href":"https:\/\/exaudi.org\/es\/wp-json\/wp\/v2\/categories?post=80465"},{"taxonomy":"post_tag","embeddable":true,"href":"https:\/\/exaudi.org\/es\/wp-json\/wp\/v2\/tags?post=80465"}],"curies":[{"name":"wp","href":"https:\/\/api.w.org\/{rel}","templated":true}]}}