{"id":80171,"date":"2023-07-12T09:30:34","date_gmt":"2023-07-12T07:30:34","guid":{"rendered":"https:\/\/exaudi.org\/?p=80171"},"modified":"2023-07-12T09:25:48","modified_gmt":"2023-07-12T07:25:48","slug":"una-iglesia-al-gusto-del-mundo","status":"publish","type":"post","link":"https:\/\/exaudi.org\/es\/una-iglesia-al-gusto-del-mundo\/","title":{"rendered":"Cardenal Arizmendi: \u00bfUna Iglesia al gusto del mundo?"},"content":{"rendered":"<audio class=\"wp-audio-shortcode\" id=\"audio-80171-1\" preload=\"none\" style=\"width: 100%;\" controls=\"controls\"><source type=\"audio\/mpeg\" src=\"https:\/\/exaudi.org\/wp-content\/uploads\/2023\/07\/Articulo-12-julio.mp3?_=1\" \/><a href=\"https:\/\/exaudi.org\/wp-content\/uploads\/2023\/07\/Articulo-12-julio.mp3\">https:\/\/exaudi.org\/wp-content\/uploads\/2023\/07\/Articulo-12-julio.mp3<\/a><\/audio>\n<p>El\u00a0<a href=\"https:\/\/exaudi.org\/es\/author\/felipearizmendi\/\" target=\"_blank\" rel=\"noopener\">cardenal Felipe Arizmendi<\/a>, obispo em\u00e9rito de San Crist\u00f3bal de Las Casas y responsable de la Doctrina de la Fe en la\u00a0<a href=\"https:\/\/www.cem.org.mx\/\" target=\"_blank\" rel=\"noopener\">Conferencia del Episcopado Mexicano (CEM)<\/a>, ofrece a los lectores de Exaudi su art\u00edculo semanal titulado \u201c<strong>\u00bfUna Iglesia al gusto del mundo?<\/strong>\u201d<\/p>\n<p>***<\/p>\n<p><strong>MIRAR<\/strong><\/p>\n<p>En octubre pr\u00f3ximo, en Roma, se llevar\u00e1 a cabo la primera sesi\u00f3n del S\u00ednodo de los Obispos, para tratar el tema de la sinodalidad en la Iglesia, es decir, sobre c\u00f3mo caminamos juntos, puesto que somos un solo cuerpo, un solo Pueblo de Dios, y qu\u00e9 hacer para vivir este misterio, tom\u00e1ndonos todos en cuenta, pues la Iglesia no somos s\u00f3lo los obispos y el Papa. Y en este prop\u00f3sito, han surgido varias propuestas de no excluir a personas con tendencias homosexuales, a divorciados vueltos a casar, a sacerdotes que han dejado el ministerio presbiteral, as\u00ed como considerar la posibilidad de ordenar sacerdotes a mujeres y a hombres casados, haciendo a un lado la ley del celibato sacerdotal.<\/p>\n<p>En la s\u00edntesis que present\u00f3 M\u00e9xico, se dice: <em>\u201c<\/em><em>Escuchar y atender a todas las voces en su verdad, dejando de lado toda forma de divisi\u00f3n, prejuicio y estereotipo, pues estos \u00faltimos secan nuestras ra\u00edces comunitarias y nos hace dar pocos frutos.<\/em><em>.. <\/em><em>Generar confianza. Buscar formas de acercamiento con divorciados, personas con diferentes preferencias sexuales<\/em><em>\u201d.<\/em><\/p>\n<p>En el aporte que hizo Am\u00e9rica Latina y El Caribe, se afirma: <em>\u201c<\/em><em>En varios llamados se recuerda que en el esp\u00edritu de Jes\u00fas hay que ser inclusivos con comunidades LGBTIQ+, parejas en segunda uni\u00f3n, sacerdotes que quieran regresar a la Iglesia en su nueva situaci\u00f3n&#8230; Sinodalidad significa no esperar que la gente venga, sino salir nosotros al encuentro\u201d.<\/em><\/p>\n<p>Y en el <em>Instrumentum laboris, <\/em>que es el documento que ofrece una s\u00edntesis mundial de los aportes recibidos, y que servir\u00e1 de apoyo para las discusiones durante el S\u00ednodo, se dice: <em>\u201c<\/em><em>Entre los que piden un di\u00e1logo m\u00e1s incisivo y un espacio m\u00e1s acogedor encontramos a quienes, por diversas razones, sienten una tensi\u00f3n entre la pertenencia a la Iglesia y sus propias relaciones afectivas, como, por ejemplo: los divorciados vueltos a casar, los padres y madres solteros, las personas que viven en un matrimonio pol\u00edgamo, las personas LGBTQ. Las s\u00edntesis muestran c\u00f3mo este reclamo de una acogida desaf\u00eda a muchas Iglesias locales: la gente pide que la Iglesia sea un refugio para los heridos y rotos, no una instituci\u00f3n para los perfectos. Quieren que la Iglesia salga al encuentro de las personas all\u00ed donde se encuentren, que camine con ellas en lugar de juzgarlas, que establezca relaciones reales a trav\u00e9s de la atenci\u00f3n y la autenticidad, y no con un sentimiento de superioridad. Tambi\u00e9n revelan incertidumbres sobre c\u00f3mo responder a ellos, y expresan la necesidad de un discernimiento por parte de la Iglesia universal&#8230; Por otra parte, los que han dejado el ministerio ordenado para casarse tambi\u00e9n piden mayor acogida y apertura al di\u00e1logo\u201d <\/em>(No. 39).<\/p>\n<p><em>\u201cCasi todas las s\u00edntesis plantean la cuesti\u00f3n de la participaci\u00f3n plena e igualitaria de las mujeres. Sin embargo, no concuerdan en una respuesta \u00fanica o exhaustiva a la cuesti\u00f3n de la vocaci\u00f3n, la inclusi\u00f3n y la valoraci\u00f3n de las mujeres en la Iglesia y en la sociedad. Muchas s\u00edntesis, tras una atenta escucha del contexto, piden que la Iglesia contin\u00fae el discernimiento sobre algunas cuestiones espec\u00edficas: el papel activo de las mujeres en las estructuras de gobierno de los organismos eclesi\u00e1sticos, la posibilidad de que las mujeres con una formaci\u00f3n adecuada prediquen en los ambientes parroquiales, el diaconado femenino. Se expresan posturas mucho m\u00e1s diversificadas con respecto a la ordenaci\u00f3n sacerdotal de las mujeres, que algunas s\u00edntesis reclaman, mientras que otras la consideran una cuesti\u00f3n cerrada\u201d <\/em>(No. 64).<\/p>\n<p><strong>DISCERNIR<\/strong><\/p>\n<p>El hecho de plantear estas inquietudes, \u00bfsignifica que nuestra Iglesia quiera ajustarse a las modas del mundo actual, que ya no sea pecado lo que s\u00ed es, que traicionemos\u00a0 el proyecto de Jes\u00fas? Nada de eso. Es pedir que vivamos el Evangelio de Jes\u00fas en las nuevas circunstancias que estamos viviendo. Adem\u00e1s, escuchar estas y otras voces no significa que, por mayor\u00eda de votos, hagamos la Iglesia al gusto del mundo. Se hace mucha oraci\u00f3n al Esp\u00edritu Santo para que ilumine a los sinodales; se escucha a todos, pero el discernimiento final corresponde al Papa, quien, despu\u00e9s de escuchar, de consultar, de orar, decide lo m\u00e1s pertinente. Tengamos confianza en que el Papa no va a traicionar el Evangelio. El magisterio de la Iglesia no est\u00e1 por encima de la Palabra de Dios, sino a su servicio. Nuestro criterio de discernimiento no es la moda del mundo, sino lo que Dios dice, aunque sea contrario a las preferencias mundanas.<\/p>\n<p>Jes\u00fas es muy claro: <em>\u201c<\/em><em>Si el mundo los odia, sepan que antes me odi\u00f3 a m\u00ed. Si ustedes fueran del mundo, el mundo los amar\u00eda como algo propio, pero ustedes no son del mundo, porque yo los eleg\u00ed de entre los que son del mundo. Por esto el mundo los odia&#8230; Cuando venga el Consolador, a quien yo les enviar\u00e9 desde mi Padre, el Esp\u00edritu de la Verdad que procede del Padre, \u00e9l dar\u00e1 testimonio de m\u00ed. Y tambi\u00e9n ustedes dar\u00e1n testimonio, porque han estado conmigo desde el principio\u201d <\/em>(Jn 15,18-19.26-27). <em>\u201cYo les he comunicado tu palabra, pero el mundo los odi\u00f3, porque no son del mundo, como tampoco yo soy del mundo. No te pido que los saques del mundo, sino que los cuides del Maligno. Ellos no son del mundo, como tampoco yo soy del mundo. Cons\u00e1gralos en la verdad. Tu palabra es la verdad. Como t\u00fa me enviaste al mundo, tambi\u00e9n yo los envi\u00e9 al mundo, y por ellos me consagro, para que ellos sean consagrados en la verdad\u201d (Jn 17,14-19).<\/em><\/p>\n<p>En el documento preparatorio para esta asamblea sinodal, se afirma: <em>\u201c<\/em><em>Los Pastores, como aut\u00e9nticos custodios, int\u00e9rpretes y testimonios de la fe de toda la Iglesia, no teman disponerse a la escucha de la grey a ellos confiada: la consulta al Pueblo de Dios no implica que se asuman dentro de la Iglesia los dinamismos de la democracia radicados en el principio de la mayor\u00eda, porque en la base de la participaci\u00f3n en cada proceso sinodal est\u00e1 la pasi\u00f3n compartida por la com\u00fan misi\u00f3n de evangelizaci\u00f3n y no la representaci\u00f3n de intereses en conflicto<\/em>. <em>En otras palabras, se trata de un proceso eclesial que no puede realizase sino en el seno de una comunidad jer\u00e1rquicamente estructurada\u201d<\/em> (No. 14)<em>.<\/em><\/p>\n<p><strong>ACTUAR<\/strong><\/p>\n<p>Pidamos al Esp\u00edritu Santo que ilumine a todos los participantes en esa asamblea sinodal, particularmente al Papa, para que, en fidelidad al Evangelio y a la santa Tradici\u00f3n, seamos la Iglesia que Jes\u00fas quiere, para ayudar a la salvaci\u00f3n de la humanidad.<\/p>\n<p><img loading=\"lazy\" decoding=\"async\" class=\"size-full wp-image-80179 aligncenter\" src=\"https:\/\/exaudi.org\/wp-content\/uploads\/2023\/07\/Arizmendi.jpg\" alt=\"\" width=\"1080\" height=\"1080\" srcset=\"https:\/\/exaudi.org\/wp-content\/uploads\/2023\/07\/Arizmendi.jpg 1080w, https:\/\/exaudi.org\/wp-content\/uploads\/2023\/07\/Arizmendi-300x300.jpg 300w, https:\/\/exaudi.org\/wp-content\/uploads\/2023\/07\/Arizmendi-1024x1024.jpg 1024w, https:\/\/exaudi.org\/wp-content\/uploads\/2023\/07\/Arizmendi-100x100.jpg?crop=1 100w, https:\/\/exaudi.org\/wp-content\/uploads\/2023\/07\/Arizmendi-770x770.jpg 770w, https:\/\/exaudi.org\/wp-content\/uploads\/2023\/07\/Arizmendi-500x500.jpg 500w, https:\/\/exaudi.org\/wp-content\/uploads\/2023\/07\/Arizmendi-293x293.jpg 293w, https:\/\/exaudi.org\/wp-content\/uploads\/2023\/07\/Arizmendi-390x390.jpg 390w, https:\/\/exaudi.org\/wp-content\/uploads\/2023\/07\/Arizmendi-585x585.jpg 585w, https:\/\/exaudi.org\/wp-content\/uploads\/2023\/07\/Arizmendi-900x900.jpg 900w\" sizes=\"auto, (max-width: 1080px) 100vw, 1080px\" \/><\/p>\n","protected":false},"excerpt":{"rendered":"<p>Seamos la Iglesia que Jes\u00fas quiere, para ayudar a la salvaci\u00f3n de la humanidad<\/p>\n","protected":false},"author":24,"featured_media":80176,"comment_status":"closed","ping_status":"closed","sticky":false,"template":"","format":"standard","meta":{"_acf_changed":false,"_crdt_document":"","inline_featured_image":false,"footnotes":""},"categories":[130],"tags":[2226,449,2623,9686,4953],"class_list":["post-80171","post","type-post","status-publish","format-standard","has-post-thumbnail","hentry","category-voces","tag-humanidad","tag-iglesia-catolica","tag-jesus","tag-salvacion","tag-trending-es"],"acf":[],"yoast_head":"<!-- This site is optimized with the Yoast SEO plugin v27.4 - https:\/\/yoast.com\/product\/yoast-seo-wordpress\/ -->\n<title>Cardenal Arizmendi: \u00bfUna Iglesia al gusto del mundo? &#8211; Exaudi<\/title>\n<meta name=\"robots\" content=\"index, follow, max-snippet:-1, max-image-preview:large, max-video-preview:-1\" \/>\n<link rel=\"canonical\" href=\"https:\/\/exaudi.org\/es\/una-iglesia-al-gusto-del-mundo\/\" \/>\n<meta property=\"og:locale\" content=\"es_ES\" \/>\n<meta property=\"og:type\" content=\"article\" \/>\n<meta property=\"og:title\" content=\"Cardenal Arizmendi: \u00bfUna Iglesia al gusto del mundo? &#8211; Exaudi\" \/>\n<meta property=\"og:description\" content=\"Seamos la Iglesia que Jes\u00fas quiere, para ayudar a la salvaci\u00f3n de la humanidad\" \/>\n<meta property=\"og:url\" content=\"https:\/\/exaudi.org\/es\/una-iglesia-al-gusto-del-mundo\/\" \/>\n<meta property=\"og:site_name\" content=\"Exaudi\" \/>\n<meta property=\"article:publisher\" content=\"https:\/\/www.facebook.com\/ExaudiNews\" \/>\n<meta property=\"article:published_time\" content=\"2023-07-12T07:30:34+00:00\" \/>\n<meta property=\"og:image\" content=\"https:\/\/exaudi.org\/wp-content\/uploads\/2023\/07\/pexels-josh-sorenson-976866-scaled.jpg\" \/>\n\t<meta property=\"og:image:width\" content=\"2560\" \/>\n\t<meta property=\"og:image:height\" content=\"1707\" \/>\n\t<meta property=\"og:image:type\" content=\"image\/jpeg\" \/>\n<meta name=\"author\" content=\"Cardenal Felipe Arizmendi\" \/>\n<meta name=\"twitter:card\" content=\"summary_large_image\" \/>\n<meta name=\"twitter:creator\" content=\"@Exaudi_News\" \/>\n<meta name=\"twitter:site\" content=\"@Exaudi_News\" \/>\n<meta name=\"twitter:label1\" content=\"Escrito por\" \/>\n\t<meta name=\"twitter:data1\" content=\"Cardenal Felipe Arizmendi\" \/>\n\t<meta name=\"twitter:label2\" content=\"Tiempo de lectura\" \/>\n\t<meta name=\"twitter:data2\" content=\"6 minutos\" \/>\n<script type=\"application\/ld+json\" class=\"yoast-schema-graph\">{\"@context\":\"https:\\\/\\\/schema.org\",\"@graph\":[{\"@type\":\"Article\",\"@id\":\"https:\\\/\\\/exaudi.org\\\/es\\\/una-iglesia-al-gusto-del-mundo\\\/#article\",\"isPartOf\":{\"@id\":\"https:\\\/\\\/exaudi.org\\\/es\\\/una-iglesia-al-gusto-del-mundo\\\/\"},\"author\":{\"name\":\"Cardenal Felipe Arizmendi\",\"@id\":\"https:\\\/\\\/exaudi.org\\\/#\\\/schema\\\/person\\\/c7d223f87e58f1105d044d8da1439102\"},\"headline\":\"Cardenal Arizmendi: \u00bfUna Iglesia al gusto del mundo?\",\"datePublished\":\"2023-07-12T07:30:34+00:00\",\"mainEntityOfPage\":{\"@id\":\"https:\\\/\\\/exaudi.org\\\/es\\\/una-iglesia-al-gusto-del-mundo\\\/\"},\"wordCount\":1200,\"image\":{\"@id\":\"https:\\\/\\\/exaudi.org\\\/es\\\/una-iglesia-al-gusto-del-mundo\\\/#primaryimage\"},\"thumbnailUrl\":\"https:\\\/\\\/exaudi.org\\\/wp-content\\\/uploads\\\/2023\\\/07\\\/pexels-josh-sorenson-976866-scaled.jpg\",\"keywords\":[\"Humanidad\",\"Iglesia cat\u00f3lica\",\"Jes\u00fas\",\"Salvaci\u00f3n\",\"Trending\"],\"articleSection\":[\"Voces\"],\"inLanguage\":\"es\"},{\"@type\":\"WebPage\",\"@id\":\"https:\\\/\\\/exaudi.org\\\/es\\\/una-iglesia-al-gusto-del-mundo\\\/\",\"url\":\"https:\\\/\\\/exaudi.org\\\/es\\\/una-iglesia-al-gusto-del-mundo\\\/\",\"name\":\"Cardenal Arizmendi: \u00bfUna Iglesia al gusto del mundo? &#8211; Exaudi\",\"isPartOf\":{\"@id\":\"https:\\\/\\\/exaudi.org\\\/#website\"},\"primaryImageOfPage\":{\"@id\":\"https:\\\/\\\/exaudi.org\\\/es\\\/una-iglesia-al-gusto-del-mundo\\\/#primaryimage\"},\"image\":{\"@id\":\"https:\\\/\\\/exaudi.org\\\/es\\\/una-iglesia-al-gusto-del-mundo\\\/#primaryimage\"},\"thumbnailUrl\":\"https:\\\/\\\/exaudi.org\\\/wp-content\\\/uploads\\\/2023\\\/07\\\/pexels-josh-sorenson-976866-scaled.jpg\",\"datePublished\":\"2023-07-12T07:30:34+00:00\",\"author\":{\"@id\":\"https:\\\/\\\/exaudi.org\\\/#\\\/schema\\\/person\\\/c7d223f87e58f1105d044d8da1439102\"},\"breadcrumb\":{\"@id\":\"https:\\\/\\\/exaudi.org\\\/es\\\/una-iglesia-al-gusto-del-mundo\\\/#breadcrumb\"},\"inLanguage\":\"es\",\"potentialAction\":[{\"@type\":\"ReadAction\",\"target\":[\"https:\\\/\\\/exaudi.org\\\/es\\\/una-iglesia-al-gusto-del-mundo\\\/\"]}]},{\"@type\":\"ImageObject\",\"inLanguage\":\"es\",\"@id\":\"https:\\\/\\\/exaudi.org\\\/es\\\/una-iglesia-al-gusto-del-mundo\\\/#primaryimage\",\"url\":\"https:\\\/\\\/exaudi.org\\\/wp-content\\\/uploads\\\/2023\\\/07\\\/pexels-josh-sorenson-976866-scaled.jpg\",\"contentUrl\":\"https:\\\/\\\/exaudi.org\\\/wp-content\\\/uploads\\\/2023\\\/07\\\/pexels-josh-sorenson-976866-scaled.jpg\",\"width\":2560,\"height\":1707,\"caption\":\"\u00a9 Pexels\"},{\"@type\":\"BreadcrumbList\",\"@id\":\"https:\\\/\\\/exaudi.org\\\/es\\\/una-iglesia-al-gusto-del-mundo\\\/#breadcrumb\",\"itemListElement\":[{\"@type\":\"ListItem\",\"position\":1,\"name\":\"Portada\",\"item\":\"https:\\\/\\\/exaudi.org\\\/es\\\/\"},{\"@type\":\"ListItem\",\"position\":2,\"name\":\"Cardenal Arizmendi: \u00bfUna Iglesia al gusto del mundo?\"}]},{\"@type\":\"WebSite\",\"@id\":\"https:\\\/\\\/exaudi.org\\\/#website\",\"url\":\"https:\\\/\\\/exaudi.org\\\/\",\"name\":\"Exaudi\",\"description\":\"News\",\"potentialAction\":[{\"@type\":\"SearchAction\",\"target\":{\"@type\":\"EntryPoint\",\"urlTemplate\":\"https:\\\/\\\/exaudi.org\\\/?s={search_term_string}\"},\"query-input\":{\"@type\":\"PropertyValueSpecification\",\"valueRequired\":true,\"valueName\":\"search_term_string\"}}],\"inLanguage\":\"es\"},{\"@type\":\"Person\",\"@id\":\"https:\\\/\\\/exaudi.org\\\/#\\\/schema\\\/person\\\/c7d223f87e58f1105d044d8da1439102\",\"name\":\"Cardenal Felipe Arizmendi\",\"image\":{\"@type\":\"ImageObject\",\"inLanguage\":\"es\",\"@id\":\"https:\\\/\\\/secure.gravatar.com\\\/avatar\\\/4ffc5520d896b86d39346168903de33a17ef0f23d16de0ff45062c1ff422ed2f?s=96&d=mm&r=g\",\"url\":\"https:\\\/\\\/secure.gravatar.com\\\/avatar\\\/4ffc5520d896b86d39346168903de33a17ef0f23d16de0ff45062c1ff422ed2f?s=96&d=mm&r=g\",\"contentUrl\":\"https:\\\/\\\/secure.gravatar.com\\\/avatar\\\/4ffc5520d896b86d39346168903de33a17ef0f23d16de0ff45062c1ff422ed2f?s=96&d=mm&r=g\",\"caption\":\"Cardenal Felipe Arizmendi\"},\"description\":\"Nacido en Chiltepec el 1 de mayo de 1940. Estudi\u00f3 Humanidades y Filosof\u00eda en el Seminario de Toluca, de 1952 a 1959. Curs\u00f3 la Teolog\u00eda en la Universidad Pontificia de Salamanca, Espa\u00f1a, de 1959 a 1963, obteniendo la licenciatura en Teolog\u00eda Dogm\u00e1tica. Por su cuenta, se especializ\u00f3 en Liturgia. Fue ordenado sacerdote el 25 de agosto de 1963 en Toluca. Sirvi\u00f3 como Vicario Parroquial en tres parroquias por tres a\u00f1os y medio y fue p\u00e1rroco de una comunidad ind\u00edgena otom\u00ed, de 1967 a 1970. Fue Director Espiritual del Seminario de Toluca por diez a\u00f1os, y Rector del mismo de 1981 a 1991. El 7 de marzo de 1991, fue ordenado obispo de la di\u00f3cesis de Tapachula, donde estuvo hasta el 30 de abril del a\u00f1o 2000. El 1 de mayo del 2000, inici\u00f3 su ministerio episcopal como XLVI obispo de la di\u00f3cesis de San Crist\u00f3bal de las Casas, Chiapas, una de las di\u00f3cesis m\u00e1s antiguas de M\u00e9xico, erigida en 1539; all\u00ed sirvi\u00f3 por casi 18 a\u00f1os. Ha ocupado diversos cargos en la Conferencia del Episcopado Mexicano y en el CELAM. El 3 de noviembre de 2017, el Papa Francisco le acept\u00f3, por edad, su renuncia al servicio episcopal en esta di\u00f3cesis, que entreg\u00f3 a su sucesor el 3 de enero de 2018. Desde entonces, reside en la ciudad de Toluca. Desde 1979, escribe art\u00edculos de actualidad en varios medios religiosos y civiles. Es autor de varias publicaciones.\",\"url\":\"https:\\\/\\\/exaudi.org\\\/es\\\/author\\\/felipearizmendi\\\/\"}]}<\/script>\n<!-- \/ Yoast SEO plugin. -->","yoast_head_json":{"title":"Cardenal Arizmendi: \u00bfUna Iglesia al gusto del mundo? &#8211; Exaudi","robots":{"index":"index","follow":"follow","max-snippet":"max-snippet:-1","max-image-preview":"max-image-preview:large","max-video-preview":"max-video-preview:-1"},"canonical":"https:\/\/exaudi.org\/es\/una-iglesia-al-gusto-del-mundo\/","og_locale":"es_ES","og_type":"article","og_title":"Cardenal Arizmendi: \u00bfUna Iglesia al gusto del mundo? &#8211; Exaudi","og_description":"Seamos la Iglesia que Jes\u00fas quiere, para ayudar a la salvaci\u00f3n de la humanidad","og_url":"https:\/\/exaudi.org\/es\/una-iglesia-al-gusto-del-mundo\/","og_site_name":"Exaudi","article_publisher":"https:\/\/www.facebook.com\/ExaudiNews","article_published_time":"2023-07-12T07:30:34+00:00","og_image":[{"width":2560,"height":1707,"url":"https:\/\/exaudi.org\/wp-content\/uploads\/2023\/07\/pexels-josh-sorenson-976866-scaled.jpg","type":"image\/jpeg"}],"author":"Cardenal Felipe Arizmendi","twitter_card":"summary_large_image","twitter_creator":"@Exaudi_News","twitter_site":"@Exaudi_News","twitter_misc":{"Escrito por":"Cardenal Felipe Arizmendi","Tiempo de lectura":"6 minutos"},"schema":{"@context":"https:\/\/schema.org","@graph":[{"@type":"Article","@id":"https:\/\/exaudi.org\/es\/una-iglesia-al-gusto-del-mundo\/#article","isPartOf":{"@id":"https:\/\/exaudi.org\/es\/una-iglesia-al-gusto-del-mundo\/"},"author":{"name":"Cardenal Felipe Arizmendi","@id":"https:\/\/exaudi.org\/#\/schema\/person\/c7d223f87e58f1105d044d8da1439102"},"headline":"Cardenal Arizmendi: \u00bfUna Iglesia al gusto del mundo?","datePublished":"2023-07-12T07:30:34+00:00","mainEntityOfPage":{"@id":"https:\/\/exaudi.org\/es\/una-iglesia-al-gusto-del-mundo\/"},"wordCount":1200,"image":{"@id":"https:\/\/exaudi.org\/es\/una-iglesia-al-gusto-del-mundo\/#primaryimage"},"thumbnailUrl":"https:\/\/exaudi.org\/wp-content\/uploads\/2023\/07\/pexels-josh-sorenson-976866-scaled.jpg","keywords":["Humanidad","Iglesia cat\u00f3lica","Jes\u00fas","Salvaci\u00f3n","Trending"],"articleSection":["Voces"],"inLanguage":"es"},{"@type":"WebPage","@id":"https:\/\/exaudi.org\/es\/una-iglesia-al-gusto-del-mundo\/","url":"https:\/\/exaudi.org\/es\/una-iglesia-al-gusto-del-mundo\/","name":"Cardenal Arizmendi: \u00bfUna Iglesia al gusto del mundo? &#8211; Exaudi","isPartOf":{"@id":"https:\/\/exaudi.org\/#website"},"primaryImageOfPage":{"@id":"https:\/\/exaudi.org\/es\/una-iglesia-al-gusto-del-mundo\/#primaryimage"},"image":{"@id":"https:\/\/exaudi.org\/es\/una-iglesia-al-gusto-del-mundo\/#primaryimage"},"thumbnailUrl":"https:\/\/exaudi.org\/wp-content\/uploads\/2023\/07\/pexels-josh-sorenson-976866-scaled.jpg","datePublished":"2023-07-12T07:30:34+00:00","author":{"@id":"https:\/\/exaudi.org\/#\/schema\/person\/c7d223f87e58f1105d044d8da1439102"},"breadcrumb":{"@id":"https:\/\/exaudi.org\/es\/una-iglesia-al-gusto-del-mundo\/#breadcrumb"},"inLanguage":"es","potentialAction":[{"@type":"ReadAction","target":["https:\/\/exaudi.org\/es\/una-iglesia-al-gusto-del-mundo\/"]}]},{"@type":"ImageObject","inLanguage":"es","@id":"https:\/\/exaudi.org\/es\/una-iglesia-al-gusto-del-mundo\/#primaryimage","url":"https:\/\/exaudi.org\/wp-content\/uploads\/2023\/07\/pexels-josh-sorenson-976866-scaled.jpg","contentUrl":"https:\/\/exaudi.org\/wp-content\/uploads\/2023\/07\/pexels-josh-sorenson-976866-scaled.jpg","width":2560,"height":1707,"caption":"\u00a9 Pexels"},{"@type":"BreadcrumbList","@id":"https:\/\/exaudi.org\/es\/una-iglesia-al-gusto-del-mundo\/#breadcrumb","itemListElement":[{"@type":"ListItem","position":1,"name":"Portada","item":"https:\/\/exaudi.org\/es\/"},{"@type":"ListItem","position":2,"name":"Cardenal Arizmendi: \u00bfUna Iglesia al gusto del mundo?"}]},{"@type":"WebSite","@id":"https:\/\/exaudi.org\/#website","url":"https:\/\/exaudi.org\/","name":"Exaudi","description":"News","potentialAction":[{"@type":"SearchAction","target":{"@type":"EntryPoint","urlTemplate":"https:\/\/exaudi.org\/?s={search_term_string}"},"query-input":{"@type":"PropertyValueSpecification","valueRequired":true,"valueName":"search_term_string"}}],"inLanguage":"es"},{"@type":"Person","@id":"https:\/\/exaudi.org\/#\/schema\/person\/c7d223f87e58f1105d044d8da1439102","name":"Cardenal Felipe Arizmendi","image":{"@type":"ImageObject","inLanguage":"es","@id":"https:\/\/secure.gravatar.com\/avatar\/4ffc5520d896b86d39346168903de33a17ef0f23d16de0ff45062c1ff422ed2f?s=96&d=mm&r=g","url":"https:\/\/secure.gravatar.com\/avatar\/4ffc5520d896b86d39346168903de33a17ef0f23d16de0ff45062c1ff422ed2f?s=96&d=mm&r=g","contentUrl":"https:\/\/secure.gravatar.com\/avatar\/4ffc5520d896b86d39346168903de33a17ef0f23d16de0ff45062c1ff422ed2f?s=96&d=mm&r=g","caption":"Cardenal Felipe Arizmendi"},"description":"Nacido en Chiltepec el 1 de mayo de 1940. Estudi\u00f3 Humanidades y Filosof\u00eda en el Seminario de Toluca, de 1952 a 1959. Curs\u00f3 la Teolog\u00eda en la Universidad Pontificia de Salamanca, Espa\u00f1a, de 1959 a 1963, obteniendo la licenciatura en Teolog\u00eda Dogm\u00e1tica. Por su cuenta, se especializ\u00f3 en Liturgia. Fue ordenado sacerdote el 25 de agosto de 1963 en Toluca. Sirvi\u00f3 como Vicario Parroquial en tres parroquias por tres a\u00f1os y medio y fue p\u00e1rroco de una comunidad ind\u00edgena otom\u00ed, de 1967 a 1970. Fue Director Espiritual del Seminario de Toluca por diez a\u00f1os, y Rector del mismo de 1981 a 1991. El 7 de marzo de 1991, fue ordenado obispo de la di\u00f3cesis de Tapachula, donde estuvo hasta el 30 de abril del a\u00f1o 2000. El 1 de mayo del 2000, inici\u00f3 su ministerio episcopal como XLVI obispo de la di\u00f3cesis de San Crist\u00f3bal de las Casas, Chiapas, una de las di\u00f3cesis m\u00e1s antiguas de M\u00e9xico, erigida en 1539; all\u00ed sirvi\u00f3 por casi 18 a\u00f1os. Ha ocupado diversos cargos en la Conferencia del Episcopado Mexicano y en el CELAM. El 3 de noviembre de 2017, el Papa Francisco le acept\u00f3, por edad, su renuncia al servicio episcopal en esta di\u00f3cesis, que entreg\u00f3 a su sucesor el 3 de enero de 2018. Desde entonces, reside en la ciudad de Toluca. Desde 1979, escribe art\u00edculos de actualidad en varios medios religiosos y civiles. Es autor de varias publicaciones.","url":"https:\/\/exaudi.org\/es\/author\/felipearizmendi\/"}]}},"jetpack_featured_media_url":"https:\/\/exaudi.org\/wp-content\/uploads\/2023\/07\/pexels-josh-sorenson-976866-scaled.jpg","jetpack_shortlink":"https:\/\/wp.me\/pgKjF2-kR5","_links":{"self":[{"href":"https:\/\/exaudi.org\/es\/wp-json\/wp\/v2\/posts\/80171","targetHints":{"allow":["GET"]}}],"collection":[{"href":"https:\/\/exaudi.org\/es\/wp-json\/wp\/v2\/posts"}],"about":[{"href":"https:\/\/exaudi.org\/es\/wp-json\/wp\/v2\/types\/post"}],"author":[{"embeddable":true,"href":"https:\/\/exaudi.org\/es\/wp-json\/wp\/v2\/users\/24"}],"replies":[{"embeddable":true,"href":"https:\/\/exaudi.org\/es\/wp-json\/wp\/v2\/comments?post=80171"}],"version-history":[{"count":0,"href":"https:\/\/exaudi.org\/es\/wp-json\/wp\/v2\/posts\/80171\/revisions"}],"wp:featuredmedia":[{"embeddable":true,"href":"https:\/\/exaudi.org\/es\/wp-json\/wp\/v2\/media\/80176"}],"wp:attachment":[{"href":"https:\/\/exaudi.org\/es\/wp-json\/wp\/v2\/media?parent=80171"}],"wp:term":[{"taxonomy":"category","embeddable":true,"href":"https:\/\/exaudi.org\/es\/wp-json\/wp\/v2\/categories?post=80171"},{"taxonomy":"post_tag","embeddable":true,"href":"https:\/\/exaudi.org\/es\/wp-json\/wp\/v2\/tags?post=80171"}],"curies":[{"name":"wp","href":"https:\/\/api.w.org\/{rel}","templated":true}]}}