{"id":79883,"date":"2023-07-06T12:02:44","date_gmt":"2023-07-06T10:02:44","guid":{"rendered":"https:\/\/exaudi.org\/?p=79883"},"modified":"2023-07-06T12:08:08","modified_gmt":"2023-07-06T10:08:08","slug":"el-cielo-no-puede-esperar-seleccionada-para-la-jmj-lisboa-2023","status":"publish","type":"post","link":"https:\/\/exaudi.org\/es\/el-cielo-no-puede-esperar-seleccionada-para-la-jmj-lisboa-2023\/","title":{"rendered":"El Cielo No Puede Esperar, seleccionada para la JMJ Lisboa 2023"},"content":{"rendered":"<audio class=\"wp-audio-shortcode\" id=\"audio-79883-1\" preload=\"none\" style=\"width: 100%;\" controls=\"controls\"><source type=\"audio\/mpeg\" src=\"https:\/\/exaudi.org\/wp-content\/uploads\/2023\/07\/El-Cielo-No-Puede-Esperar-seleccionada-para-la.mp3?_=1\" \/><a href=\"https:\/\/exaudi.org\/wp-content\/uploads\/2023\/07\/El-Cielo-No-Puede-Esperar-seleccionada-para-la.mp3\">https:\/\/exaudi.org\/wp-content\/uploads\/2023\/07\/El-Cielo-No-Puede-Esperar-seleccionada-para-la.mp3<\/a><\/audio>\n<p>La distribuidora de cine European Dreams Factory anuncia que\u00a0<em>El Cielo no puede esperar<\/em>, la primera pel\u00edcula sobre el beato italiano Carlo Acutis, ha sido seleccionada para proyectarse en la Jornada Mundial de la Juventud (JMJ) de Lisboa.<\/p>\n<p>La 38\u00aa edici\u00f3n de la JMJ se celebrar\u00e1 del 1 al 6 de agosto y Carlo\u00a0Acutis, fallecido con quince a\u00f1os de una leucemia fulminante, es uno de sus patronos por expreso deseo del papa Francisco, quien lo beatific\u00f3 en octubre de 2020.<\/p>\n<p>Fundada por San Juan Pablo II, la JMJ congrega cada tres a\u00f1os a j\u00f3venes de todo el mundo.\u00a0Para esta edici\u00f3n se han inscrito ya m\u00e1s de 310.000 participantes en solo un mes y se espera superar la cifra del mill\u00f3n.<\/p>\n<p><img loading=\"lazy\" decoding=\"async\" class=\"alignleft wp-image-75786\" src=\"https:\/\/exaudi.org\/wp-content\/uploads\/2023\/05\/Elcielonopuedeesperar-2.jpeg\" alt=\"\" width=\"350\" height=\"239\" srcset=\"https:\/\/exaudi.org\/wp-content\/uploads\/2023\/05\/Elcielonopuedeesperar-2.jpeg 720w, https:\/\/exaudi.org\/wp-content\/uploads\/2023\/05\/Elcielonopuedeesperar-2-300x205.jpeg 300w, https:\/\/exaudi.org\/wp-content\/uploads\/2023\/05\/Elcielonopuedeesperar-2-500x341.jpeg 500w, https:\/\/exaudi.org\/wp-content\/uploads\/2023\/05\/Elcielonopuedeesperar-2-293x200.jpeg 293w, https:\/\/exaudi.org\/wp-content\/uploads\/2023\/05\/Elcielonopuedeesperar-2-390x266.jpeg 390w\" sizes=\"auto, (max-width: 350px) 100vw, 350px\" \/>Dirigida por Jos\u00e9 Mar\u00eda Zavala y producida por Custodian Movies, la pel\u00edcula suma ya\u00a0<strong>casi 40.000 espectadores<\/strong>\u00a0en cines solo en Espa\u00f1a, y\u00a0<strong>m\u00e1s de 200.000<\/strong>\u00a0en todo el mundo, habi\u00e9ndose estrenado en pa\u00edses como Estados Unidos, M\u00e9xico, Polonia, Colombia, Argentina, Per\u00fa o Paraguay.<\/p>\n<p><em>El Cielo no puede esperar<\/em>\u00a0figura en el\u00a0<strong>TOP 20 de pel\u00edculas m\u00e1s vistas en Espa\u00f1a<\/strong>\u00a0este a\u00f1o y puede verse ahora en plataformas digitales como\u00a0<a href=\"https:\/\/edreamsfactory.us9.list-manage.com\/track\/click?u=205368b404f3d9734c3d8efee&amp;id=71bfe2b384&amp;e=8603eb60e5\" target=\"_blank\" rel=\"noopener\" data-saferedirecturl=\"https:\/\/www.google.com\/url?q=https:\/\/edreamsfactory.us9.list-manage.com\/track\/click?u%3D205368b404f3d9734c3d8efee%26id%3D71bfe2b384%26e%3D8603eb60e5&amp;source=gmail&amp;ust=1688723656155000&amp;usg=AOvVaw3tKk3TbNqJerhRaoMdV_AO\">Amazon Prime<\/a>,\u00a0<a href=\"https:\/\/edreamsfactory.us9.list-manage.com\/track\/click?u=205368b404f3d9734c3d8efee&amp;id=10fea26ac7&amp;e=8603eb60e5\" target=\"_blank\" rel=\"noopener\" data-saferedirecturl=\"https:\/\/www.google.com\/url?q=https:\/\/edreamsfactory.us9.list-manage.com\/track\/click?u%3D205368b404f3d9734c3d8efee%26id%3D10fea26ac7%26e%3D8603eb60e5&amp;source=gmail&amp;ust=1688723656155000&amp;usg=AOvVaw3FsKX5I0_T8kQ_4M2xFsdF\">Rakuten TV<\/a>\u00a0o\u00a0<a href=\"https:\/\/edreamsfactory.us9.list-manage.com\/track\/click?u=205368b404f3d9734c3d8efee&amp;id=20d6a54f70&amp;e=8603eb60e5\" target=\"_blank\" rel=\"noopener\" data-saferedirecturl=\"https:\/\/www.google.com\/url?q=https:\/\/edreamsfactory.us9.list-manage.com\/track\/click?u%3D205368b404f3d9734c3d8efee%26id%3D20d6a54f70%26e%3D8603eb60e5&amp;source=gmail&amp;ust=1688723656155000&amp;usg=AOvVaw1nwjB27wjzKNT0W-T_mle2\">Filmin<\/a>. Est\u00e1 previsto su pr\u00f3ximo estreno en cines de Brasil, Francia y Ecuador. En noviembre se estrena la segunda parte,\u00a0<strong><em>El latido del Cielo<\/em><\/strong>\u00a0(Los milagros eucar\u00edsticos que investig\u00f3 Carlo Acutis), que ha despertado ya un enorme inter\u00e9s en distribuidoras de todo el mundo.<\/p>\n","protected":false},"excerpt":{"rendered":"<p>La pel\u00edcula de Jos\u00e9 Mar\u00eda Zavala ha sido vista ya por m\u00e1s de 200.000 espectadores<\/p>\n","protected":false},"author":15,"featured_media":64513,"comment_status":"closed","ping_status":"closed","sticky":false,"template":"","format":"standard","meta":{"_acf_changed":false,"_crdt_document":"","inline_featured_image":false,"footnotes":""},"categories":[74],"tags":[2674,8480,8479,9529,902,4953],"class_list":["post-79883","post","type-post","status-publish","format-standard","has-post-thumbnail","hentry","category-iglesia-y-mundo","tag-el-cielo-no-puede-esperar","tag-borja-zavala","tag-ines-zavala","tag-jmjlisboa","tag-jose-maria-zavala","tag-trending-es"],"acf":[],"yoast_head":"<!-- This site is optimized with the Yoast SEO plugin v27.5 - https:\/\/yoast.com\/product\/yoast-seo-wordpress\/ -->\n<title>El Cielo No Puede Esperar, seleccionada para la JMJ Lisboa 2023 &#8211; Exaudi<\/title>\n<meta name=\"robots\" content=\"index, follow, max-snippet:-1, max-image-preview:large, max-video-preview:-1\" \/>\n<link rel=\"canonical\" href=\"https:\/\/exaudi.org\/es\/el-cielo-no-puede-esperar-seleccionada-para-la-jmj-lisboa-2023\/\" \/>\n<meta property=\"og:locale\" content=\"es_ES\" \/>\n<meta property=\"og:type\" content=\"article\" \/>\n<meta property=\"og:title\" content=\"El Cielo No Puede Esperar, seleccionada para la JMJ Lisboa 2023 &#8211; Exaudi\" \/>\n<meta property=\"og:description\" content=\"La pel\u00edcula de Jos\u00e9 Mar\u00eda Zavala ha sido vista ya por m\u00e1s de 200.000 espectadores\" \/>\n<meta property=\"og:url\" content=\"https:\/\/exaudi.org\/es\/el-cielo-no-puede-esperar-seleccionada-para-la-jmj-lisboa-2023\/\" \/>\n<meta property=\"og:site_name\" content=\"Exaudi\" \/>\n<meta property=\"article:publisher\" content=\"https:\/\/www.facebook.com\/ExaudiNews\" \/>\n<meta property=\"article:author\" content=\"https:\/\/www.facebook.com\/ExaudiNoticias\/\" \/>\n<meta property=\"article:published_time\" content=\"2023-07-06T10:02:44+00:00\" \/>\n<meta property=\"article:modified_time\" content=\"2023-07-06T10:08:08+00:00\" \/>\n<meta property=\"og:image\" content=\"https:\/\/exaudi.org\/wp-content\/uploads\/2022\/10\/EL-CIELO-NO-PUEDE-ESPERAR.jpg\" \/>\n\t<meta property=\"og:image:width\" content=\"1052\" \/>\n\t<meta property=\"og:image:height\" content=\"566\" \/>\n\t<meta property=\"og:image:type\" content=\"image\/jpeg\" \/>\n<meta name=\"author\" content=\"Exaudi Redacci\u00f3n\" \/>\n<meta name=\"twitter:card\" content=\"summary_large_image\" \/>\n<meta name=\"twitter:creator\" content=\"@Exaudi_noticias\" \/>\n<meta name=\"twitter:site\" content=\"@Exaudi_News\" \/>\n<meta name=\"twitter:label1\" content=\"Escrito por\" \/>\n\t<meta name=\"twitter:data1\" content=\"Exaudi Redacci\u00f3n\" \/>\n\t<meta name=\"twitter:label2\" content=\"Tiempo de lectura\" \/>\n\t<meta name=\"twitter:data2\" content=\"1 minuto\" \/>\n<script type=\"application\/ld+json\" class=\"yoast-schema-graph\">{\"@context\":\"https:\\\/\\\/schema.org\",\"@graph\":[{\"@type\":\"Article\",\"@id\":\"https:\\\/\\\/exaudi.org\\\/es\\\/el-cielo-no-puede-esperar-seleccionada-para-la-jmj-lisboa-2023\\\/#article\",\"isPartOf\":{\"@id\":\"https:\\\/\\\/exaudi.org\\\/es\\\/el-cielo-no-puede-esperar-seleccionada-para-la-jmj-lisboa-2023\\\/\"},\"author\":{\"name\":\"Exaudi Redacci\u00f3n\",\"@id\":\"https:\\\/\\\/exaudi.org\\\/#\\\/schema\\\/person\\\/f5fc8f063065e38742da7afe15f25df7\"},\"headline\":\"El Cielo No Puede Esperar, seleccionada para la JMJ Lisboa 2023\",\"datePublished\":\"2023-07-06T10:02:44+00:00\",\"dateModified\":\"2023-07-06T10:08:08+00:00\",\"mainEntityOfPage\":{\"@id\":\"https:\\\/\\\/exaudi.org\\\/es\\\/el-cielo-no-puede-esperar-seleccionada-para-la-jmj-lisboa-2023\\\/\"},\"wordCount\":275,\"image\":{\"@id\":\"https:\\\/\\\/exaudi.org\\\/es\\\/el-cielo-no-puede-esperar-seleccionada-para-la-jmj-lisboa-2023\\\/#primaryimage\"},\"thumbnailUrl\":\"https:\\\/\\\/exaudi.org\\\/wp-content\\\/uploads\\\/2022\\\/10\\\/EL-CIELO-NO-PUEDE-ESPERAR.jpg\",\"keywords\":[\"'El cielo no puede esperar'\",\"Borja Zavala\",\"In\u00e9s Zavala\",\"JMJLISBOA\",\"Jos\u00e9 Mar\u00eda Zavala\",\"Trending\"],\"articleSection\":[\"Iglesia y Mundo\"],\"inLanguage\":\"es\"},{\"@type\":\"WebPage\",\"@id\":\"https:\\\/\\\/exaudi.org\\\/es\\\/el-cielo-no-puede-esperar-seleccionada-para-la-jmj-lisboa-2023\\\/\",\"url\":\"https:\\\/\\\/exaudi.org\\\/es\\\/el-cielo-no-puede-esperar-seleccionada-para-la-jmj-lisboa-2023\\\/\",\"name\":\"El Cielo No Puede Esperar, seleccionada para la JMJ Lisboa 2023 &#8211; Exaudi\",\"isPartOf\":{\"@id\":\"https:\\\/\\\/exaudi.org\\\/#website\"},\"primaryImageOfPage\":{\"@id\":\"https:\\\/\\\/exaudi.org\\\/es\\\/el-cielo-no-puede-esperar-seleccionada-para-la-jmj-lisboa-2023\\\/#primaryimage\"},\"image\":{\"@id\":\"https:\\\/\\\/exaudi.org\\\/es\\\/el-cielo-no-puede-esperar-seleccionada-para-la-jmj-lisboa-2023\\\/#primaryimage\"},\"thumbnailUrl\":\"https:\\\/\\\/exaudi.org\\\/wp-content\\\/uploads\\\/2022\\\/10\\\/EL-CIELO-NO-PUEDE-ESPERAR.jpg\",\"datePublished\":\"2023-07-06T10:02:44+00:00\",\"dateModified\":\"2023-07-06T10:08:08+00:00\",\"author\":{\"@id\":\"https:\\\/\\\/exaudi.org\\\/#\\\/schema\\\/person\\\/f5fc8f063065e38742da7afe15f25df7\"},\"breadcrumb\":{\"@id\":\"https:\\\/\\\/exaudi.org\\\/es\\\/el-cielo-no-puede-esperar-seleccionada-para-la-jmj-lisboa-2023\\\/#breadcrumb\"},\"inLanguage\":\"es\",\"potentialAction\":[{\"@type\":\"ReadAction\",\"target\":[\"https:\\\/\\\/exaudi.org\\\/es\\\/el-cielo-no-puede-esperar-seleccionada-para-la-jmj-lisboa-2023\\\/\"]}]},{\"@type\":\"ImageObject\",\"inLanguage\":\"es\",\"@id\":\"https:\\\/\\\/exaudi.org\\\/es\\\/el-cielo-no-puede-esperar-seleccionada-para-la-jmj-lisboa-2023\\\/#primaryimage\",\"url\":\"https:\\\/\\\/exaudi.org\\\/wp-content\\\/uploads\\\/2022\\\/10\\\/EL-CIELO-NO-PUEDE-ESPERAR.jpg\",\"contentUrl\":\"https:\\\/\\\/exaudi.org\\\/wp-content\\\/uploads\\\/2022\\\/10\\\/EL-CIELO-NO-PUEDE-ESPERAR.jpg\",\"width\":1052,\"height\":566},{\"@type\":\"BreadcrumbList\",\"@id\":\"https:\\\/\\\/exaudi.org\\\/es\\\/el-cielo-no-puede-esperar-seleccionada-para-la-jmj-lisboa-2023\\\/#breadcrumb\",\"itemListElement\":[{\"@type\":\"ListItem\",\"position\":1,\"name\":\"Portada\",\"item\":\"https:\\\/\\\/exaudi.org\\\/es\\\/\"},{\"@type\":\"ListItem\",\"position\":2,\"name\":\"El Cielo No Puede Esperar, seleccionada para la JMJ Lisboa 2023\"}]},{\"@type\":\"WebSite\",\"@id\":\"https:\\\/\\\/exaudi.org\\\/#website\",\"url\":\"https:\\\/\\\/exaudi.org\\\/\",\"name\":\"Exaudi\",\"description\":\"News\",\"potentialAction\":[{\"@type\":\"SearchAction\",\"target\":{\"@type\":\"EntryPoint\",\"urlTemplate\":\"https:\\\/\\\/exaudi.org\\\/?s={search_term_string}\"},\"query-input\":{\"@type\":\"PropertyValueSpecification\",\"valueRequired\":true,\"valueName\":\"search_term_string\"}}],\"inLanguage\":\"es\"},{\"@type\":\"Person\",\"@id\":\"https:\\\/\\\/exaudi.org\\\/#\\\/schema\\\/person\\\/f5fc8f063065e38742da7afe15f25df7\",\"name\":\"Exaudi Redacci\u00f3n\",\"image\":{\"@type\":\"ImageObject\",\"inLanguage\":\"es\",\"@id\":\"https:\\\/\\\/secure.gravatar.com\\\/avatar\\\/fe0f6a059fb68d9b3e11bc5850dd4899b1c7492091a3cb6dd9b01b56ad828be2?s=96&d=mm&r=g\",\"url\":\"https:\\\/\\\/secure.gravatar.com\\\/avatar\\\/fe0f6a059fb68d9b3e11bc5850dd4899b1c7492091a3cb6dd9b01b56ad828be2?s=96&d=mm&r=g\",\"contentUrl\":\"https:\\\/\\\/secure.gravatar.com\\\/avatar\\\/fe0f6a059fb68d9b3e11bc5850dd4899b1c7492091a3cb6dd9b01b56ad828be2?s=96&d=mm&r=g\",\"caption\":\"Exaudi Redacci\u00f3n\"},\"description\":\"\u00bfQu\u00e9 es Exaudi News? Exaudi News es un medio de comunicaci\u00f3n cat\u00f3lico internacional que informa, forma y transforma, diariamente en espa\u00f1ol, ingl\u00e9s e italiano. A trav\u00e9s de noticias, art\u00edculos de an\u00e1lisis y transmisiones en directo de los eventos del Papa, Exaudi busca fortalecer la unidad de los cristianos y contribuir a la evangelizaci\u00f3n del mundo, siempre guiados por la doctrina social de la Iglesia. Trabajamos para acercar la verdad y los valores cristianos a cada rinc\u00f3n del planeta. \u00a1Ay\u00fadanos a transformar el mundo con Exaudi! En Exaudi creemos que la evangelizaci\u00f3n y la informaci\u00f3n de calidad pueden cambiar vidas. Para continuar con nuestra misi\u00f3n y expandir nuestro alcance, necesitamos tu ayuda. Adem\u00e1s, buscamos personas comprometidas que deseen unirse a nuestro equipo. Con tu apoyo, lograremos llegar a m\u00e1s personas, difundir el mensaje de Cristo y reforzar la unidad de los cristianos. \u00bfTe unes a nuestra misi\u00f3n? Para m\u00e1s informaci\u00f3n sobre c\u00f3mo colaborar, visita Exaudi.org\\\/es o cont\u00e1ctanos directamente: info@exaudi.org Exaudi: Informa, forma y transforma.\",\"sameAs\":[\"https:\\\/\\\/www.facebook.com\\\/ExaudiNoticias\\\/\",\"https:\\\/\\\/www.instagram.com\\\/exaudi_noticias\\\/\",\"https:\\\/\\\/x.com\\\/Exaudi_noticias\",\"https:\\\/\\\/www.youtube.com\\\/@exaudicatholicnews\"],\"url\":\"https:\\\/\\\/exaudi.org\\\/es\\\/author\\\/redaccionexaudi\\\/\"}]}<\/script>\n<!-- \/ Yoast SEO plugin. -->","yoast_head_json":{"title":"El Cielo No Puede Esperar, seleccionada para la JMJ Lisboa 2023 &#8211; Exaudi","robots":{"index":"index","follow":"follow","max-snippet":"max-snippet:-1","max-image-preview":"max-image-preview:large","max-video-preview":"max-video-preview:-1"},"canonical":"https:\/\/exaudi.org\/es\/el-cielo-no-puede-esperar-seleccionada-para-la-jmj-lisboa-2023\/","og_locale":"es_ES","og_type":"article","og_title":"El Cielo No Puede Esperar, seleccionada para la JMJ Lisboa 2023 &#8211; Exaudi","og_description":"La pel\u00edcula de Jos\u00e9 Mar\u00eda Zavala ha sido vista ya por m\u00e1s de 200.000 espectadores","og_url":"https:\/\/exaudi.org\/es\/el-cielo-no-puede-esperar-seleccionada-para-la-jmj-lisboa-2023\/","og_site_name":"Exaudi","article_publisher":"https:\/\/www.facebook.com\/ExaudiNews","article_author":"https:\/\/www.facebook.com\/ExaudiNoticias\/","article_published_time":"2023-07-06T10:02:44+00:00","article_modified_time":"2023-07-06T10:08:08+00:00","og_image":[{"width":1052,"height":566,"url":"https:\/\/exaudi.org\/wp-content\/uploads\/2022\/10\/EL-CIELO-NO-PUEDE-ESPERAR.jpg","type":"image\/jpeg"}],"author":"Exaudi Redacci\u00f3n","twitter_card":"summary_large_image","twitter_creator":"@Exaudi_noticias","twitter_site":"@Exaudi_News","twitter_misc":{"Escrito por":"Exaudi Redacci\u00f3n","Tiempo de lectura":"1 minuto"},"schema":{"@context":"https:\/\/schema.org","@graph":[{"@type":"Article","@id":"https:\/\/exaudi.org\/es\/el-cielo-no-puede-esperar-seleccionada-para-la-jmj-lisboa-2023\/#article","isPartOf":{"@id":"https:\/\/exaudi.org\/es\/el-cielo-no-puede-esperar-seleccionada-para-la-jmj-lisboa-2023\/"},"author":{"name":"Exaudi Redacci\u00f3n","@id":"https:\/\/exaudi.org\/#\/schema\/person\/f5fc8f063065e38742da7afe15f25df7"},"headline":"El Cielo No Puede Esperar, seleccionada para la JMJ Lisboa 2023","datePublished":"2023-07-06T10:02:44+00:00","dateModified":"2023-07-06T10:08:08+00:00","mainEntityOfPage":{"@id":"https:\/\/exaudi.org\/es\/el-cielo-no-puede-esperar-seleccionada-para-la-jmj-lisboa-2023\/"},"wordCount":275,"image":{"@id":"https:\/\/exaudi.org\/es\/el-cielo-no-puede-esperar-seleccionada-para-la-jmj-lisboa-2023\/#primaryimage"},"thumbnailUrl":"https:\/\/exaudi.org\/wp-content\/uploads\/2022\/10\/EL-CIELO-NO-PUEDE-ESPERAR.jpg","keywords":["'El cielo no puede esperar'","Borja Zavala","In\u00e9s Zavala","JMJLISBOA","Jos\u00e9 Mar\u00eda Zavala","Trending"],"articleSection":["Iglesia y Mundo"],"inLanguage":"es"},{"@type":"WebPage","@id":"https:\/\/exaudi.org\/es\/el-cielo-no-puede-esperar-seleccionada-para-la-jmj-lisboa-2023\/","url":"https:\/\/exaudi.org\/es\/el-cielo-no-puede-esperar-seleccionada-para-la-jmj-lisboa-2023\/","name":"El Cielo No Puede Esperar, seleccionada para la JMJ Lisboa 2023 &#8211; Exaudi","isPartOf":{"@id":"https:\/\/exaudi.org\/#website"},"primaryImageOfPage":{"@id":"https:\/\/exaudi.org\/es\/el-cielo-no-puede-esperar-seleccionada-para-la-jmj-lisboa-2023\/#primaryimage"},"image":{"@id":"https:\/\/exaudi.org\/es\/el-cielo-no-puede-esperar-seleccionada-para-la-jmj-lisboa-2023\/#primaryimage"},"thumbnailUrl":"https:\/\/exaudi.org\/wp-content\/uploads\/2022\/10\/EL-CIELO-NO-PUEDE-ESPERAR.jpg","datePublished":"2023-07-06T10:02:44+00:00","dateModified":"2023-07-06T10:08:08+00:00","author":{"@id":"https:\/\/exaudi.org\/#\/schema\/person\/f5fc8f063065e38742da7afe15f25df7"},"breadcrumb":{"@id":"https:\/\/exaudi.org\/es\/el-cielo-no-puede-esperar-seleccionada-para-la-jmj-lisboa-2023\/#breadcrumb"},"inLanguage":"es","potentialAction":[{"@type":"ReadAction","target":["https:\/\/exaudi.org\/es\/el-cielo-no-puede-esperar-seleccionada-para-la-jmj-lisboa-2023\/"]}]},{"@type":"ImageObject","inLanguage":"es","@id":"https:\/\/exaudi.org\/es\/el-cielo-no-puede-esperar-seleccionada-para-la-jmj-lisboa-2023\/#primaryimage","url":"https:\/\/exaudi.org\/wp-content\/uploads\/2022\/10\/EL-CIELO-NO-PUEDE-ESPERAR.jpg","contentUrl":"https:\/\/exaudi.org\/wp-content\/uploads\/2022\/10\/EL-CIELO-NO-PUEDE-ESPERAR.jpg","width":1052,"height":566},{"@type":"BreadcrumbList","@id":"https:\/\/exaudi.org\/es\/el-cielo-no-puede-esperar-seleccionada-para-la-jmj-lisboa-2023\/#breadcrumb","itemListElement":[{"@type":"ListItem","position":1,"name":"Portada","item":"https:\/\/exaudi.org\/es\/"},{"@type":"ListItem","position":2,"name":"El Cielo No Puede Esperar, seleccionada para la JMJ Lisboa 2023"}]},{"@type":"WebSite","@id":"https:\/\/exaudi.org\/#website","url":"https:\/\/exaudi.org\/","name":"Exaudi","description":"News","potentialAction":[{"@type":"SearchAction","target":{"@type":"EntryPoint","urlTemplate":"https:\/\/exaudi.org\/?s={search_term_string}"},"query-input":{"@type":"PropertyValueSpecification","valueRequired":true,"valueName":"search_term_string"}}],"inLanguage":"es"},{"@type":"Person","@id":"https:\/\/exaudi.org\/#\/schema\/person\/f5fc8f063065e38742da7afe15f25df7","name":"Exaudi Redacci\u00f3n","image":{"@type":"ImageObject","inLanguage":"es","@id":"https:\/\/secure.gravatar.com\/avatar\/fe0f6a059fb68d9b3e11bc5850dd4899b1c7492091a3cb6dd9b01b56ad828be2?s=96&d=mm&r=g","url":"https:\/\/secure.gravatar.com\/avatar\/fe0f6a059fb68d9b3e11bc5850dd4899b1c7492091a3cb6dd9b01b56ad828be2?s=96&d=mm&r=g","contentUrl":"https:\/\/secure.gravatar.com\/avatar\/fe0f6a059fb68d9b3e11bc5850dd4899b1c7492091a3cb6dd9b01b56ad828be2?s=96&d=mm&r=g","caption":"Exaudi Redacci\u00f3n"},"description":"\u00bfQu\u00e9 es Exaudi News? Exaudi News es un medio de comunicaci\u00f3n cat\u00f3lico internacional que informa, forma y transforma, diariamente en espa\u00f1ol, ingl\u00e9s e italiano. A trav\u00e9s de noticias, art\u00edculos de an\u00e1lisis y transmisiones en directo de los eventos del Papa, Exaudi busca fortalecer la unidad de los cristianos y contribuir a la evangelizaci\u00f3n del mundo, siempre guiados por la doctrina social de la Iglesia. Trabajamos para acercar la verdad y los valores cristianos a cada rinc\u00f3n del planeta. \u00a1Ay\u00fadanos a transformar el mundo con Exaudi! En Exaudi creemos que la evangelizaci\u00f3n y la informaci\u00f3n de calidad pueden cambiar vidas. Para continuar con nuestra misi\u00f3n y expandir nuestro alcance, necesitamos tu ayuda. Adem\u00e1s, buscamos personas comprometidas que deseen unirse a nuestro equipo. Con tu apoyo, lograremos llegar a m\u00e1s personas, difundir el mensaje de Cristo y reforzar la unidad de los cristianos. \u00bfTe unes a nuestra misi\u00f3n? Para m\u00e1s informaci\u00f3n sobre c\u00f3mo colaborar, visita Exaudi.org\/es o cont\u00e1ctanos directamente: info@exaudi.org Exaudi: Informa, forma y transforma.","sameAs":["https:\/\/www.facebook.com\/ExaudiNoticias\/","https:\/\/www.instagram.com\/exaudi_noticias\/","https:\/\/x.com\/Exaudi_noticias","https:\/\/www.youtube.com\/@exaudicatholicnews"],"url":"https:\/\/exaudi.org\/es\/author\/redaccionexaudi\/"}]}},"jetpack_featured_media_url":"https:\/\/exaudi.org\/wp-content\/uploads\/2022\/10\/EL-CIELO-NO-PUEDE-ESPERAR.jpg","jetpack_shortlink":"https:\/\/wp.me\/pgKjF2-kMr","_links":{"self":[{"href":"https:\/\/exaudi.org\/es\/wp-json\/wp\/v2\/posts\/79883","targetHints":{"allow":["GET"]}}],"collection":[{"href":"https:\/\/exaudi.org\/es\/wp-json\/wp\/v2\/posts"}],"about":[{"href":"https:\/\/exaudi.org\/es\/wp-json\/wp\/v2\/types\/post"}],"author":[{"embeddable":true,"href":"https:\/\/exaudi.org\/es\/wp-json\/wp\/v2\/users\/15"}],"replies":[{"embeddable":true,"href":"https:\/\/exaudi.org\/es\/wp-json\/wp\/v2\/comments?post=79883"}],"version-history":[{"count":0,"href":"https:\/\/exaudi.org\/es\/wp-json\/wp\/v2\/posts\/79883\/revisions"}],"wp:featuredmedia":[{"embeddable":true,"href":"https:\/\/exaudi.org\/es\/wp-json\/wp\/v2\/media\/64513"}],"wp:attachment":[{"href":"https:\/\/exaudi.org\/es\/wp-json\/wp\/v2\/media?parent=79883"}],"wp:term":[{"taxonomy":"category","embeddable":true,"href":"https:\/\/exaudi.org\/es\/wp-json\/wp\/v2\/categories?post=79883"},{"taxonomy":"post_tag","embeddable":true,"href":"https:\/\/exaudi.org\/es\/wp-json\/wp\/v2\/tags?post=79883"}],"curies":[{"name":"wp","href":"https:\/\/api.w.org\/{rel}","templated":true}]}}