{"id":79783,"date":"2023-07-05T12:01:33","date_gmt":"2023-07-05T10:01:33","guid":{"rendered":"https:\/\/exaudi.org\/?p=79783"},"modified":"2023-07-05T13:49:50","modified_gmt":"2023-07-05T11:49:50","slug":"carta-del-santo-padre-francisco-que-establece-la-comision-de-nuevos-martires-testigos-de-la-fe","status":"publish","type":"post","link":"https:\/\/exaudi.org\/es\/carta-del-santo-padre-francisco-que-establece-la-comision-de-nuevos-martires-testigos-de-la-fe\/","title":{"rendered":"Carta del Santo Padre Francisco que establece la \u00abComisi\u00f3n de Nuevos M\u00e1rtires Testigos de la Fe\u00bb"},"content":{"rendered":"<audio class=\"wp-audio-shortcode\" id=\"audio-79783-1\" preload=\"none\" style=\"width: 100%;\" controls=\"controls\"><source type=\"audio\/mpeg\" src=\"https:\/\/exaudi.org\/wp-content\/uploads\/2023\/07\/Carta-del-Santo-Padre-Francisco-que-establece-la-.mp3?_=1\" \/><a href=\"https:\/\/exaudi.org\/wp-content\/uploads\/2023\/07\/Carta-del-Santo-Padre-Francisco-que-establece-la-.mp3\">https:\/\/exaudi.org\/wp-content\/uploads\/2023\/07\/Carta-del-Santo-Padre-Francisco-que-establece-la-.mp3<\/a><\/audio>\n<p>Con vistas al pr\u00f3ximo Jubileo de 2025, que nos ver\u00e1 reunidos como \u00abPeregrinos de la esperanza\u00bb, he constituido la \u00abComisi\u00f3n de Nuevos M\u00e1rtires &#8211; Testigos de la Fe\u00bb en el Dicasterio para las Causas de los Santos, para elaborar un Cat\u00e1logo de todos los que han pagado su sangre para confesar a Cristo y dar testimonio de su Evangelio. Los m\u00e1rtires en la Iglesia son testigos de la esperanza que brota de la fe en Cristo y suscita la verdadera caridad. La esperanza mantiene viva la profunda convicci\u00f3n de que el bien es m\u00e1s fuerte que el mal, porque Dios en Cristo ha vencido el pecado y la muerte. La Comisi\u00f3n continuar\u00e1 la investigaci\u00f3n, ya iniciada con motivo del Gran Jubileo del 2000, para identificar a los Testigos de la Fe en este primer cuarto de siglo y luego proseguir en el futuro.<\/p>\n<p>De hecho, los m\u00e1rtires han acompa\u00f1ado la vida de la Iglesia en todos los tiempos y florecen como \u00abfruto maduro y excelente de la vi\u00f1a del Se\u00f1or\u00bb incluso hoy. Como he dicho muchas veces, los m\u00e1rtires \u00abson m\u00e1s numerosos en nuestro tiempo que en los primeros siglos\u00bb: son obispos, sacerdotes, consagrados y consagradas, laicos y familias, que en los diversos pa\u00edses del mundo, con el don de su vida, han ofrecido la prueba suprema de la caridad (cf. LG 42). Como ya escribi\u00f3 san Juan Pablo II en su carta apost\u00f3lica Tertio millennio adveniente, hay que hacer todo lo posible para que no se pierda el legado de la nube de los \u00absoldados desconocidos de la gran causa de Dios\u00bb (37). Ya el 7 de mayo de 2000 fueron recordados en una celebraci\u00f3n ecum\u00e9nica, que reuni\u00f3 en el Coliseo a representantes de las Iglesias y comunidades eclesiales de todo el mundo, para evocar, junto con el obispo de Roma, la riqueza de lo que yo mismo defin\u00ed m\u00e1s tarde como \u00abecumenismo de sangre\u00bb. Tambi\u00e9n en el pr\u00f3ximo Jubileo nos encontraremos unidos para una celebraci\u00f3n similar.<\/p>\n<p>Esta iniciativa no pretende establecer nuevos criterios para la valoraci\u00f3n can\u00f3nica del martirio, sino continuar con el relevamiento inicial de quienes, hasta el d\u00eda de hoy, siguen siendo asesinados por el solo hecho de ser cristianos.<\/p>\n<p>Se trata, pues, de continuar el recorrido hist\u00f3rico para recoger los testimonios de vida, hasta el derramamiento de sangre, de estos hermanos y hermanas nuestros, para que su memoria resalte como un tesoro que custodia la comunidad cristiana. La investigaci\u00f3n se referir\u00e1 no solo a la Iglesia Cat\u00f3lica, sino que se extender\u00e1 a todas las denominaciones cristianas. Incluso en nuestro tiempo, en el que asistimos a un cambio de \u00e9poca, los cristianos seguimos mostrando, en contextos de gran riesgo, la vitalidad del Bautismo que nos une. No son pocos, en efecto, los que, conscientes de los peligros que corren, manifiestan su fe o participan de la Eucarist\u00eda dominical. Otros son asesinados en un esfuerzo por salvar la vida de los pobres en la caridad, en el cuidado de los rechazados por la sociedad, en salvaguardar y promover el don de la paz y el poder del perd\u00f3n. Otros<br \/>\ntodav\u00eda son v\u00edctimas silenciosas, como individuos o en grupos, de los trastornos de la historia. Tenemos una gran deuda con ellos y no podemos olvidarlos. El trabajo de la Comisi\u00f3n permitir\u00e1 que los m\u00e1rtires, oficialmente reconocidos por la Iglesia, sean acompa\u00f1ados por los testimonios documentados -y son muchos- de estos hermanos y hermanas nuestros, dentro de un vasto panorama en el que resuena la \u00fanica voz de la martyria cristiana. .<br \/>\nLa Comisi\u00f3n ya establecida deber\u00e1 valerse de la contribuci\u00f3n activa de las Iglesias particulares en sus articulaciones, de los institutos religiosos y de todas las dem\u00e1s realidades cristianas, seg\u00fan los criterios que la propia Comisi\u00f3n elaborar\u00e1.<\/p>\n<p>En un mundo donde a veces parece reinar el mal, estoy seguro de que la elaboraci\u00f3n de este Cat\u00e1logo, tambi\u00e9n en el contexto del Jubileo ya inminente, ayudar\u00e1 a los creyentes a leer nuestro tiempo tambi\u00e9n a la luz de la Pascua, sacando de la urna de tantos mucha fidelidad generosa a Cristo raz\u00f3n de vida y de bien.<\/p>\n<p>Vaticano, 3 de julio de 2023<\/p>\n<p>FRANCISCO<\/p>\n<p><strong>Comisi\u00f3n de los Nuevos M\u00e1rtires \u2013 Testigos de la Fe<\/strong><\/p>\n<p>Prefecto: Su Eminencia el Cardenal MARCELLO SEMERARO, Prefecto del Dicasterio para las Causas de los Santos;<br \/>\nPresidente: SE Mons. FABIO FABENE, Secretario del Dicasterio para las Causas de los Santos;<br \/>\nVicepresidente: Prof. ANDREA RICCARDI, Fundador de la Comunidad de Sant&#8217;Egidio;<br \/>\nSecretario: Mons. MARCO GNAVI, p\u00e1rroco de la Bas\u00edlica de Santa Mar\u00eda en Trastevere y ya<br \/>\nSecretario de la Comisi\u00f3n \u00abNuevos M\u00e1rtires\u00bb del Gran Jubileo del 2000;<\/p>\n<p><strong>Miembros<\/strong><\/p>\n<p>P. DOMINIQUE ARNAULD, M.Afr;<br \/>\nRev. KOKOU MAWUENA AMBROISE ATAKPA;<br \/>\nHna. NADIA COPPA, A.S.C.;<br \/>\nProf. GIANNI EL HERMOSO;<br \/>\nProf. MARIA LUPI;<br \/>\nP. DINH ANH NHUE NGUYEN, O.F.M.Conv.;<br \/>\nDiac. DIDIER RANCE;<br \/>\nRev. ROBERTO REGOLI;<br \/>\nRev. \u00c1NGELO ROMANO;<br \/>\nArturo SOSA ABASCAL, S.I.<\/p>\n","protected":false},"excerpt":{"rendered":"<p>En el Dicasterio para las Causas de los Santos<\/p>\n","protected":false},"author":15,"featured_media":79778,"comment_status":"closed","ping_status":"closed","sticky":false,"template":"","format":"standard","meta":{"_acf_changed":false,"_crdt_document":"","inline_featured_image":false,"footnotes":""},"categories":[68,68],"tags":[164,9615,9616,9617,3164,4824,4953,4953],"class_list":{"0":"post-79783","1":"post","2":"type-post","3":"status-publish","4":"format-standard","5":"has-post-thumbnail","6":"hentry","7":"category-leon-xiv","9":"tag-carta","10":"tag-causa-de-santos","11":"tag-comision-de-nuevos-martires","12":"tag-comision-de-nuevos-martires-testigos-de-la-fe","13":"tag-fe-es","14":"tag-testigos-de-la-fe","15":"tag-trending-es"},"acf":[],"yoast_head":"<!-- This site is optimized with the Yoast SEO plugin v27.5 - https:\/\/yoast.com\/product\/yoast-seo-wordpress\/ -->\n<title>Carta del Santo Padre Francisco que establece la &quot;Comisi\u00f3n de Nuevos M\u00e1rtires Testigos de la Fe&quot; &#8211; Exaudi<\/title>\n<meta name=\"robots\" content=\"index, follow, max-snippet:-1, max-image-preview:large, max-video-preview:-1\" \/>\n<link rel=\"canonical\" href=\"https:\/\/exaudi.org\/es\/carta-del-santo-padre-francisco-que-establece-la-comision-de-nuevos-martires-testigos-de-la-fe\/\" \/>\n<meta property=\"og:locale\" content=\"es_ES\" \/>\n<meta property=\"og:type\" content=\"article\" \/>\n<meta property=\"og:title\" content=\"Carta del Santo Padre Francisco que establece la &quot;Comisi\u00f3n de Nuevos M\u00e1rtires Testigos de la Fe&quot; &#8211; Exaudi\" \/>\n<meta property=\"og:description\" content=\"En el Dicasterio para las Causas de los Santos\" \/>\n<meta property=\"og:url\" content=\"https:\/\/exaudi.org\/es\/carta-del-santo-padre-francisco-que-establece-la-comision-de-nuevos-martires-testigos-de-la-fe\/\" \/>\n<meta property=\"og:site_name\" content=\"Exaudi\" \/>\n<meta property=\"article:publisher\" content=\"https:\/\/www.facebook.com\/ExaudiNews\" \/>\n<meta property=\"article:author\" content=\"https:\/\/www.facebook.com\/ExaudiNoticias\/\" \/>\n<meta property=\"article:published_time\" content=\"2023-07-05T10:01:33+00:00\" \/>\n<meta property=\"article:modified_time\" content=\"2023-07-05T11:49:50+00:00\" \/>\n<meta property=\"og:image\" content=\"https:\/\/exaudi.org\/wp-content\/uploads\/2023\/07\/papa-francisco-escribiendo.jpeg\" \/>\n\t<meta property=\"og:image:width\" content=\"1200\" \/>\n\t<meta property=\"og:image:height\" content=\"753\" \/>\n\t<meta property=\"og:image:type\" content=\"image\/jpeg\" \/>\n<meta name=\"author\" content=\"Exaudi Redacci\u00f3n\" \/>\n<meta name=\"twitter:card\" content=\"summary_large_image\" \/>\n<meta name=\"twitter:creator\" content=\"@Exaudi_noticias\" \/>\n<meta name=\"twitter:site\" content=\"@Exaudi_News\" \/>\n<meta name=\"twitter:label1\" content=\"Escrito por\" \/>\n\t<meta name=\"twitter:data1\" content=\"Exaudi Redacci\u00f3n\" \/>\n\t<meta name=\"twitter:label2\" content=\"Tiempo de lectura\" \/>\n\t<meta name=\"twitter:data2\" content=\"4 minutos\" \/>\n<script type=\"application\/ld+json\" class=\"yoast-schema-graph\">{\"@context\":\"https:\\\/\\\/schema.org\",\"@graph\":[{\"@type\":\"Article\",\"@id\":\"https:\\\/\\\/exaudi.org\\\/es\\\/carta-del-santo-padre-francisco-que-establece-la-comision-de-nuevos-martires-testigos-de-la-fe\\\/#article\",\"isPartOf\":{\"@id\":\"https:\\\/\\\/exaudi.org\\\/es\\\/carta-del-santo-padre-francisco-que-establece-la-comision-de-nuevos-martires-testigos-de-la-fe\\\/\"},\"author\":{\"name\":\"Exaudi Redacci\u00f3n\",\"@id\":\"https:\\\/\\\/exaudi.org\\\/#\\\/schema\\\/person\\\/f5fc8f063065e38742da7afe15f25df7\"},\"headline\":\"Carta del Santo Padre Francisco que establece la \u00abComisi\u00f3n de Nuevos M\u00e1rtires Testigos de la Fe\u00bb\",\"datePublished\":\"2023-07-05T10:01:33+00:00\",\"dateModified\":\"2023-07-05T11:49:50+00:00\",\"mainEntityOfPage\":{\"@id\":\"https:\\\/\\\/exaudi.org\\\/es\\\/carta-del-santo-padre-francisco-que-establece-la-comision-de-nuevos-martires-testigos-de-la-fe\\\/\"},\"wordCount\":879,\"image\":{\"@id\":\"https:\\\/\\\/exaudi.org\\\/es\\\/carta-del-santo-padre-francisco-que-establece-la-comision-de-nuevos-martires-testigos-de-la-fe\\\/#primaryimage\"},\"thumbnailUrl\":\"https:\\\/\\\/exaudi.org\\\/wp-content\\\/uploads\\\/2023\\\/07\\\/papa-francisco-escribiendo.jpeg\",\"keywords\":[\"carta\",\"Causa de Santos\",\"Comisi\u00f3n de Nuevos M\u00e1rtires\",\"Comisi\u00f3n de Nuevos M\u00e1rtires Testigos de la Fe\",\"fe\",\"Testigos de la fe\",\"Trending\",\"Trending\"],\"articleSection\":[\"Le\u00f3n XIV\",\"Le\u00f3n XIV\"],\"inLanguage\":\"es\"},{\"@type\":\"WebPage\",\"@id\":\"https:\\\/\\\/exaudi.org\\\/es\\\/carta-del-santo-padre-francisco-que-establece-la-comision-de-nuevos-martires-testigos-de-la-fe\\\/\",\"url\":\"https:\\\/\\\/exaudi.org\\\/es\\\/carta-del-santo-padre-francisco-que-establece-la-comision-de-nuevos-martires-testigos-de-la-fe\\\/\",\"name\":\"Carta del Santo Padre Francisco que establece la \\\"Comisi\u00f3n de Nuevos M\u00e1rtires Testigos de la Fe\\\" &#8211; Exaudi\",\"isPartOf\":{\"@id\":\"https:\\\/\\\/exaudi.org\\\/#website\"},\"primaryImageOfPage\":{\"@id\":\"https:\\\/\\\/exaudi.org\\\/es\\\/carta-del-santo-padre-francisco-que-establece-la-comision-de-nuevos-martires-testigos-de-la-fe\\\/#primaryimage\"},\"image\":{\"@id\":\"https:\\\/\\\/exaudi.org\\\/es\\\/carta-del-santo-padre-francisco-que-establece-la-comision-de-nuevos-martires-testigos-de-la-fe\\\/#primaryimage\"},\"thumbnailUrl\":\"https:\\\/\\\/exaudi.org\\\/wp-content\\\/uploads\\\/2023\\\/07\\\/papa-francisco-escribiendo.jpeg\",\"datePublished\":\"2023-07-05T10:01:33+00:00\",\"dateModified\":\"2023-07-05T11:49:50+00:00\",\"author\":{\"@id\":\"https:\\\/\\\/exaudi.org\\\/#\\\/schema\\\/person\\\/f5fc8f063065e38742da7afe15f25df7\"},\"breadcrumb\":{\"@id\":\"https:\\\/\\\/exaudi.org\\\/es\\\/carta-del-santo-padre-francisco-que-establece-la-comision-de-nuevos-martires-testigos-de-la-fe\\\/#breadcrumb\"},\"inLanguage\":\"es\",\"potentialAction\":[{\"@type\":\"ReadAction\",\"target\":[\"https:\\\/\\\/exaudi.org\\\/es\\\/carta-del-santo-padre-francisco-que-establece-la-comision-de-nuevos-martires-testigos-de-la-fe\\\/\"]}]},{\"@type\":\"ImageObject\",\"inLanguage\":\"es\",\"@id\":\"https:\\\/\\\/exaudi.org\\\/es\\\/carta-del-santo-padre-francisco-que-establece-la-comision-de-nuevos-martires-testigos-de-la-fe\\\/#primaryimage\",\"url\":\"https:\\\/\\\/exaudi.org\\\/wp-content\\\/uploads\\\/2023\\\/07\\\/papa-francisco-escribiendo.jpeg\",\"contentUrl\":\"https:\\\/\\\/exaudi.org\\\/wp-content\\\/uploads\\\/2023\\\/07\\\/papa-francisco-escribiendo.jpeg\",\"width\":1200,\"height\":753,\"caption\":\"\u00a9 Vatican Media\"},{\"@type\":\"BreadcrumbList\",\"@id\":\"https:\\\/\\\/exaudi.org\\\/es\\\/carta-del-santo-padre-francisco-que-establece-la-comision-de-nuevos-martires-testigos-de-la-fe\\\/#breadcrumb\",\"itemListElement\":[{\"@type\":\"ListItem\",\"position\":1,\"name\":\"Portada\",\"item\":\"https:\\\/\\\/exaudi.org\\\/es\\\/\"},{\"@type\":\"ListItem\",\"position\":2,\"name\":\"Carta del Santo Padre Francisco que establece la \u00abComisi\u00f3n de Nuevos M\u00e1rtires Testigos de la Fe\u00bb\"}]},{\"@type\":\"WebSite\",\"@id\":\"https:\\\/\\\/exaudi.org\\\/#website\",\"url\":\"https:\\\/\\\/exaudi.org\\\/\",\"name\":\"Exaudi\",\"description\":\"News\",\"potentialAction\":[{\"@type\":\"SearchAction\",\"target\":{\"@type\":\"EntryPoint\",\"urlTemplate\":\"https:\\\/\\\/exaudi.org\\\/?s={search_term_string}\"},\"query-input\":{\"@type\":\"PropertyValueSpecification\",\"valueRequired\":true,\"valueName\":\"search_term_string\"}}],\"inLanguage\":\"es\"},{\"@type\":\"Person\",\"@id\":\"https:\\\/\\\/exaudi.org\\\/#\\\/schema\\\/person\\\/f5fc8f063065e38742da7afe15f25df7\",\"name\":\"Exaudi Redacci\u00f3n\",\"image\":{\"@type\":\"ImageObject\",\"inLanguage\":\"es\",\"@id\":\"https:\\\/\\\/secure.gravatar.com\\\/avatar\\\/fe0f6a059fb68d9b3e11bc5850dd4899b1c7492091a3cb6dd9b01b56ad828be2?s=96&d=mm&r=g\",\"url\":\"https:\\\/\\\/secure.gravatar.com\\\/avatar\\\/fe0f6a059fb68d9b3e11bc5850dd4899b1c7492091a3cb6dd9b01b56ad828be2?s=96&d=mm&r=g\",\"contentUrl\":\"https:\\\/\\\/secure.gravatar.com\\\/avatar\\\/fe0f6a059fb68d9b3e11bc5850dd4899b1c7492091a3cb6dd9b01b56ad828be2?s=96&d=mm&r=g\",\"caption\":\"Exaudi Redacci\u00f3n\"},\"description\":\"\u00bfQu\u00e9 es Exaudi News? Exaudi News es un medio de comunicaci\u00f3n cat\u00f3lico internacional que informa, forma y transforma, diariamente en espa\u00f1ol, ingl\u00e9s e italiano. A trav\u00e9s de noticias, art\u00edculos de an\u00e1lisis y transmisiones en directo de los eventos del Papa, Exaudi busca fortalecer la unidad de los cristianos y contribuir a la evangelizaci\u00f3n del mundo, siempre guiados por la doctrina social de la Iglesia. Trabajamos para acercar la verdad y los valores cristianos a cada rinc\u00f3n del planeta. \u00a1Ay\u00fadanos a transformar el mundo con Exaudi! En Exaudi creemos que la evangelizaci\u00f3n y la informaci\u00f3n de calidad pueden cambiar vidas. Para continuar con nuestra misi\u00f3n y expandir nuestro alcance, necesitamos tu ayuda. Adem\u00e1s, buscamos personas comprometidas que deseen unirse a nuestro equipo. Con tu apoyo, lograremos llegar a m\u00e1s personas, difundir el mensaje de Cristo y reforzar la unidad de los cristianos. \u00bfTe unes a nuestra misi\u00f3n? Para m\u00e1s informaci\u00f3n sobre c\u00f3mo colaborar, visita Exaudi.org\\\/es o cont\u00e1ctanos directamente: info@exaudi.org Exaudi: Informa, forma y transforma.\",\"sameAs\":[\"https:\\\/\\\/www.facebook.com\\\/ExaudiNoticias\\\/\",\"https:\\\/\\\/www.instagram.com\\\/exaudi_noticias\\\/\",\"https:\\\/\\\/x.com\\\/Exaudi_noticias\",\"https:\\\/\\\/www.youtube.com\\\/@exaudicatholicnews\"],\"url\":\"https:\\\/\\\/exaudi.org\\\/es\\\/author\\\/redaccionexaudi\\\/\"}]}<\/script>\n<!-- \/ Yoast SEO plugin. -->","yoast_head_json":{"title":"Carta del Santo Padre Francisco que establece la \"Comisi\u00f3n de Nuevos M\u00e1rtires Testigos de la Fe\" &#8211; Exaudi","robots":{"index":"index","follow":"follow","max-snippet":"max-snippet:-1","max-image-preview":"max-image-preview:large","max-video-preview":"max-video-preview:-1"},"canonical":"https:\/\/exaudi.org\/es\/carta-del-santo-padre-francisco-que-establece-la-comision-de-nuevos-martires-testigos-de-la-fe\/","og_locale":"es_ES","og_type":"article","og_title":"Carta del Santo Padre Francisco que establece la \"Comisi\u00f3n de Nuevos M\u00e1rtires Testigos de la Fe\" &#8211; Exaudi","og_description":"En el Dicasterio para las Causas de los Santos","og_url":"https:\/\/exaudi.org\/es\/carta-del-santo-padre-francisco-que-establece-la-comision-de-nuevos-martires-testigos-de-la-fe\/","og_site_name":"Exaudi","article_publisher":"https:\/\/www.facebook.com\/ExaudiNews","article_author":"https:\/\/www.facebook.com\/ExaudiNoticias\/","article_published_time":"2023-07-05T10:01:33+00:00","article_modified_time":"2023-07-05T11:49:50+00:00","og_image":[{"width":1200,"height":753,"url":"https:\/\/exaudi.org\/wp-content\/uploads\/2023\/07\/papa-francisco-escribiendo.jpeg","type":"image\/jpeg"}],"author":"Exaudi Redacci\u00f3n","twitter_card":"summary_large_image","twitter_creator":"@Exaudi_noticias","twitter_site":"@Exaudi_News","twitter_misc":{"Escrito por":"Exaudi Redacci\u00f3n","Tiempo de lectura":"4 minutos"},"schema":{"@context":"https:\/\/schema.org","@graph":[{"@type":"Article","@id":"https:\/\/exaudi.org\/es\/carta-del-santo-padre-francisco-que-establece-la-comision-de-nuevos-martires-testigos-de-la-fe\/#article","isPartOf":{"@id":"https:\/\/exaudi.org\/es\/carta-del-santo-padre-francisco-que-establece-la-comision-de-nuevos-martires-testigos-de-la-fe\/"},"author":{"name":"Exaudi Redacci\u00f3n","@id":"https:\/\/exaudi.org\/#\/schema\/person\/f5fc8f063065e38742da7afe15f25df7"},"headline":"Carta del Santo Padre Francisco que establece la \u00abComisi\u00f3n de Nuevos M\u00e1rtires Testigos de la Fe\u00bb","datePublished":"2023-07-05T10:01:33+00:00","dateModified":"2023-07-05T11:49:50+00:00","mainEntityOfPage":{"@id":"https:\/\/exaudi.org\/es\/carta-del-santo-padre-francisco-que-establece-la-comision-de-nuevos-martires-testigos-de-la-fe\/"},"wordCount":879,"image":{"@id":"https:\/\/exaudi.org\/es\/carta-del-santo-padre-francisco-que-establece-la-comision-de-nuevos-martires-testigos-de-la-fe\/#primaryimage"},"thumbnailUrl":"https:\/\/exaudi.org\/wp-content\/uploads\/2023\/07\/papa-francisco-escribiendo.jpeg","keywords":["carta","Causa de Santos","Comisi\u00f3n de Nuevos M\u00e1rtires","Comisi\u00f3n de Nuevos M\u00e1rtires Testigos de la Fe","fe","Testigos de la fe","Trending","Trending"],"articleSection":["Le\u00f3n XIV","Le\u00f3n XIV"],"inLanguage":"es"},{"@type":"WebPage","@id":"https:\/\/exaudi.org\/es\/carta-del-santo-padre-francisco-que-establece-la-comision-de-nuevos-martires-testigos-de-la-fe\/","url":"https:\/\/exaudi.org\/es\/carta-del-santo-padre-francisco-que-establece-la-comision-de-nuevos-martires-testigos-de-la-fe\/","name":"Carta del Santo Padre Francisco que establece la \"Comisi\u00f3n de Nuevos M\u00e1rtires Testigos de la Fe\" &#8211; Exaudi","isPartOf":{"@id":"https:\/\/exaudi.org\/#website"},"primaryImageOfPage":{"@id":"https:\/\/exaudi.org\/es\/carta-del-santo-padre-francisco-que-establece-la-comision-de-nuevos-martires-testigos-de-la-fe\/#primaryimage"},"image":{"@id":"https:\/\/exaudi.org\/es\/carta-del-santo-padre-francisco-que-establece-la-comision-de-nuevos-martires-testigos-de-la-fe\/#primaryimage"},"thumbnailUrl":"https:\/\/exaudi.org\/wp-content\/uploads\/2023\/07\/papa-francisco-escribiendo.jpeg","datePublished":"2023-07-05T10:01:33+00:00","dateModified":"2023-07-05T11:49:50+00:00","author":{"@id":"https:\/\/exaudi.org\/#\/schema\/person\/f5fc8f063065e38742da7afe15f25df7"},"breadcrumb":{"@id":"https:\/\/exaudi.org\/es\/carta-del-santo-padre-francisco-que-establece-la-comision-de-nuevos-martires-testigos-de-la-fe\/#breadcrumb"},"inLanguage":"es","potentialAction":[{"@type":"ReadAction","target":["https:\/\/exaudi.org\/es\/carta-del-santo-padre-francisco-que-establece-la-comision-de-nuevos-martires-testigos-de-la-fe\/"]}]},{"@type":"ImageObject","inLanguage":"es","@id":"https:\/\/exaudi.org\/es\/carta-del-santo-padre-francisco-que-establece-la-comision-de-nuevos-martires-testigos-de-la-fe\/#primaryimage","url":"https:\/\/exaudi.org\/wp-content\/uploads\/2023\/07\/papa-francisco-escribiendo.jpeg","contentUrl":"https:\/\/exaudi.org\/wp-content\/uploads\/2023\/07\/papa-francisco-escribiendo.jpeg","width":1200,"height":753,"caption":"\u00a9 Vatican Media"},{"@type":"BreadcrumbList","@id":"https:\/\/exaudi.org\/es\/carta-del-santo-padre-francisco-que-establece-la-comision-de-nuevos-martires-testigos-de-la-fe\/#breadcrumb","itemListElement":[{"@type":"ListItem","position":1,"name":"Portada","item":"https:\/\/exaudi.org\/es\/"},{"@type":"ListItem","position":2,"name":"Carta del Santo Padre Francisco que establece la \u00abComisi\u00f3n de Nuevos M\u00e1rtires Testigos de la Fe\u00bb"}]},{"@type":"WebSite","@id":"https:\/\/exaudi.org\/#website","url":"https:\/\/exaudi.org\/","name":"Exaudi","description":"News","potentialAction":[{"@type":"SearchAction","target":{"@type":"EntryPoint","urlTemplate":"https:\/\/exaudi.org\/?s={search_term_string}"},"query-input":{"@type":"PropertyValueSpecification","valueRequired":true,"valueName":"search_term_string"}}],"inLanguage":"es"},{"@type":"Person","@id":"https:\/\/exaudi.org\/#\/schema\/person\/f5fc8f063065e38742da7afe15f25df7","name":"Exaudi Redacci\u00f3n","image":{"@type":"ImageObject","inLanguage":"es","@id":"https:\/\/secure.gravatar.com\/avatar\/fe0f6a059fb68d9b3e11bc5850dd4899b1c7492091a3cb6dd9b01b56ad828be2?s=96&d=mm&r=g","url":"https:\/\/secure.gravatar.com\/avatar\/fe0f6a059fb68d9b3e11bc5850dd4899b1c7492091a3cb6dd9b01b56ad828be2?s=96&d=mm&r=g","contentUrl":"https:\/\/secure.gravatar.com\/avatar\/fe0f6a059fb68d9b3e11bc5850dd4899b1c7492091a3cb6dd9b01b56ad828be2?s=96&d=mm&r=g","caption":"Exaudi Redacci\u00f3n"},"description":"\u00bfQu\u00e9 es Exaudi News? Exaudi News es un medio de comunicaci\u00f3n cat\u00f3lico internacional que informa, forma y transforma, diariamente en espa\u00f1ol, ingl\u00e9s e italiano. A trav\u00e9s de noticias, art\u00edculos de an\u00e1lisis y transmisiones en directo de los eventos del Papa, Exaudi busca fortalecer la unidad de los cristianos y contribuir a la evangelizaci\u00f3n del mundo, siempre guiados por la doctrina social de la Iglesia. Trabajamos para acercar la verdad y los valores cristianos a cada rinc\u00f3n del planeta. \u00a1Ay\u00fadanos a transformar el mundo con Exaudi! En Exaudi creemos que la evangelizaci\u00f3n y la informaci\u00f3n de calidad pueden cambiar vidas. Para continuar con nuestra misi\u00f3n y expandir nuestro alcance, necesitamos tu ayuda. Adem\u00e1s, buscamos personas comprometidas que deseen unirse a nuestro equipo. Con tu apoyo, lograremos llegar a m\u00e1s personas, difundir el mensaje de Cristo y reforzar la unidad de los cristianos. \u00bfTe unes a nuestra misi\u00f3n? Para m\u00e1s informaci\u00f3n sobre c\u00f3mo colaborar, visita Exaudi.org\/es o cont\u00e1ctanos directamente: info@exaudi.org Exaudi: Informa, forma y transforma.","sameAs":["https:\/\/www.facebook.com\/ExaudiNoticias\/","https:\/\/www.instagram.com\/exaudi_noticias\/","https:\/\/x.com\/Exaudi_noticias","https:\/\/www.youtube.com\/@exaudicatholicnews"],"url":"https:\/\/exaudi.org\/es\/author\/redaccionexaudi\/"}]}},"jetpack_featured_media_url":"https:\/\/exaudi.org\/wp-content\/uploads\/2023\/07\/papa-francisco-escribiendo.jpeg","jetpack_shortlink":"https:\/\/wp.me\/pgKjF2-kKP","_links":{"self":[{"href":"https:\/\/exaudi.org\/es\/wp-json\/wp\/v2\/posts\/79783","targetHints":{"allow":["GET"]}}],"collection":[{"href":"https:\/\/exaudi.org\/es\/wp-json\/wp\/v2\/posts"}],"about":[{"href":"https:\/\/exaudi.org\/es\/wp-json\/wp\/v2\/types\/post"}],"author":[{"embeddable":true,"href":"https:\/\/exaudi.org\/es\/wp-json\/wp\/v2\/users\/15"}],"replies":[{"embeddable":true,"href":"https:\/\/exaudi.org\/es\/wp-json\/wp\/v2\/comments?post=79783"}],"version-history":[{"count":0,"href":"https:\/\/exaudi.org\/es\/wp-json\/wp\/v2\/posts\/79783\/revisions"}],"wp:featuredmedia":[{"embeddable":true,"href":"https:\/\/exaudi.org\/es\/wp-json\/wp\/v2\/media\/79778"}],"wp:attachment":[{"href":"https:\/\/exaudi.org\/es\/wp-json\/wp\/v2\/media?parent=79783"}],"wp:term":[{"taxonomy":"category","embeddable":true,"href":"https:\/\/exaudi.org\/es\/wp-json\/wp\/v2\/categories?post=79783"},{"taxonomy":"post_tag","embeddable":true,"href":"https:\/\/exaudi.org\/es\/wp-json\/wp\/v2\/tags?post=79783"}],"curies":[{"name":"wp","href":"https:\/\/api.w.org\/{rel}","templated":true}]}}