{"id":79765,"date":"2023-07-05T10:57:45","date_gmt":"2023-07-05T08:57:45","guid":{"rendered":"https:\/\/exaudi.org\/?p=79765"},"modified":"2023-07-05T10:57:45","modified_gmt":"2023-07-05T08:57:45","slug":"cardenal-arizmendi-a-pesar-de-todo-muchos-quieren","status":"publish","type":"post","link":"https:\/\/exaudi.org\/es\/cardenal-arizmendi-a-pesar-de-todo-muchos-quieren\/","title":{"rendered":"Cardenal Arizmendi: A pesar de todo, muchos quieren"},"content":{"rendered":"<audio class=\"wp-audio-shortcode\" id=\"audio-79765-1\" preload=\"none\" style=\"width: 100%;\" controls=\"controls\"><source type=\"audio\/mpeg\" src=\"https:\/\/exaudi.org\/wp-content\/uploads\/2023\/07\/Articulo-5-julio.mp3?_=1\" \/><a href=\"https:\/\/exaudi.org\/wp-content\/uploads\/2023\/07\/Articulo-5-julio.mp3\">https:\/\/exaudi.org\/wp-content\/uploads\/2023\/07\/Articulo-5-julio.mp3<\/a><\/audio>\n<p>El\u00a0<a href=\"https:\/\/exaudi.org\/es\/author\/felipearizmendi\/\" target=\"_blank\" rel=\"noopener\">cardenal Felipe Arizmendi<\/a>, obispo em\u00e9rito de San Crist\u00f3bal de Las Casas y responsable de la Doctrina de la Fe en la\u00a0<a href=\"https:\/\/www.cem.org.mx\/\" target=\"_blank\" rel=\"noopener\">Conferencia del Episcopado Mexicano (CEM)<\/a>, ofrece a los lectores de Exaudi su art\u00edculo semanal titulado \u201c<strong>A pesar de todo, muchos quieren<\/strong>\u201d<\/p>\n<p>***<\/p>\n<h3><strong>MIRAR<\/strong><\/h3>\n<p>Seg\u00fan un reportaje del peri\u00f3dico nacional <em>El Universal, <\/em>publicado el pasado 19 de junio, <em>\u201cel<\/em><em> c<\/em><em>rimen organizado cubre 81% de M\u00e9xico<\/em><em>. <\/em><em>Las garras de los grupos criminales se han hecho presentes en el pa\u00eds por medio de ejecuciones, masacres, narcomantas, extorsiones, secuestros, videos amenazantes e, incluso, asesinatos de polic\u00edas, pol\u00edticos y funcionarios. Estos hechos han sido detectados en mil 488 de los 2 mil 471 municipios que hay en el pa\u00eds.<\/em><\/p>\n<p><em>Las organizaciones delictivas con mayor presencia en M\u00e9xico son el C\u00e1rtel Jalisco Nueva Generaci\u00f3n y el C\u00e1rtel de Sinaloa. El primero opera en 28 estados; el segundo, en 24.<\/em> <em>Se ha detectado la presencia del C\u00e1rtel del Golfo en 10; del C\u00e1rtel del Noreste, en ocho; de La Familia Michoacana, en siete; de Los Zetas, en seis<\/em><em>; d<\/em><em>e Los Templarios, en cinco; de Los Chapitos, en cuatro. Organizaciones <\/em><em>\u2018<\/em><em>menores<\/em><em>\u2019<\/em><em> como los Beltr\u00e1n Leyva, el C\u00e1rtel de Caborca, Los Talibanes, Los Rojos, Los Salazar y Los Viagras act\u00faan cada una en tres estados<\/em><em>\u201d<\/em><em>.<\/em> A pesar de esto, muchos anhelan ser presidentes de nuestro pa\u00eds. \u00bfSe sienten capaces de enfrentar con eficiencia esta realidad? Aunque el lenguaje oficialista dice que estamos en paz y que el pueblo est\u00e1 contento, los que vivimos cerca de nuestros pueblos comprobamos diariamente que no es as\u00ed, sino que cunden el miedo, la incertidumbre y los asesinatos diarios en todas partes.<\/p>\n<p>Este es el problema m\u00e1s preocupante y delicado que vive el pa\u00eds. Adem\u00e1s, hay persistentes \u00edndices de marginaci\u00f3n y pobreza en algunas regiones, sobre todo del Sur; hay graves deficiencias en el sector salud, a pesar de los sue\u00f1os presidenciales; hay tendencias ideol\u00f3gicas que se intentan introyectar en la educaci\u00f3n b\u00e1sica, como la cuesti\u00f3n de g\u00e9nero y la orientaci\u00f3n sexual; casi todos los d\u00edas hay bloqueos de carreteras y calles, por reclamos de ciudadanos contra tantas injusticias que se padecen. Los muchos que aspiran a la presidencia de la Rep\u00fablica, \u00bfdimensionan en su justa medida estos hechos y tienen forma de contrarrestarlos?<\/p>\n<p>Si los partidos pol\u00edticos siempre nos han dividido y confrontado, ahora estamos mucho m\u00e1s, con el agravante de que esto est\u00e1 calentado e incitado desde la m\u00e1s alta tribuna del gobierno federal. En vez de promover la unidad y la reconciliaci\u00f3n entre los mexicanos, a diario escuchamos insultos y ofensas a quien piensa y act\u00faa en forma diferente. Y entre los aspirantes de su partido, nadie se atreve a llevarle la contra, pues se expondr\u00edan a ser vituperados y descalificados. En caso de llegar al poder, \u00bfc\u00f3mo crear un ambiente de hermanos, con nuestras leg\u00edtimas diferencias, pero unidos en la lucha por el bien com\u00fan?<\/p>\n<h3><strong>DISCERNIR<\/strong><\/h3>\n<p>No faltar\u00e1 quien diga que por qu\u00e9 abordar estos temas; que eso es meterse en pol\u00edtica y que son asuntos que no me incumben como obispo. Sin embargo, desde hace 58 a\u00f1os, el Concilio Vaticano II, en su Constituci\u00f3n <a href=\"https:\/\/exaudi.org\/es\/gaudium-et-spes\/\" target=\"_blank\" rel=\"noopener\"><em>Gaudium et spes <\/em><\/a>sobre <em>La Iglesia en el mundo actual, <\/em>al tratar sobre <em>la comunidad pol\u00edtica y la Iglesia, <\/em>afirma con toda claridad:<\/p>\n<p><em>\u201cLa Iglesia, que por raz\u00f3n de su misi\u00f3n y de su competencia, no se confunde en modo alguno con la comunidad pol\u00edtica ni est\u00e1 ligada a sistema pol\u00edtico alguno, es a la vez signo y salvaguardia del car\u00e1cter trascendente de la persona humana.<\/em><\/p>\n<p><em>La comunidad pol\u00edtica y la Iglesia son independientes y aut\u00f3nomas, cada una en su propio terreno. Ambas, sin embargo, aunque por diverso t\u00edtulo, est\u00e1n al servicio de la vocaci\u00f3n personal y social del hombre. Este servicio lo realizar\u00e1n con tanta mayor eficacia, para bien de todos, cuanto m\u00e1s sana y mejor sea la cooperaci\u00f3n entre ellas, habida cuenta de las circunstancias de lugar y tiempo. El hombre, en efecto, no se limita al solo horizonte temporal, sino que, sujeto de la historia humana, mantiene \u00edntegramente su vocaci\u00f3n eterna. La Iglesia por su parte, fundada en el amor del Redentor, contribuye a difundir cada vez m\u00e1s el reino de la justicia y de la caridad en el seno de cada naci\u00f3n y entre las naciones. Predicando la verdad evang\u00e9lica e iluminando todos los sectores de la acci\u00f3n humana con su doctrina y con el testimonio de los cristianos, respeta y promueve tambi\u00e9n la libertad y la responsabilidad pol\u00edticas del ciudadano.<\/em><\/p>\n<p><em>Ciertamente, las realidades temporales y las realidades sobrenaturales est\u00e1n estrechamente unidas entre s\u00ed, y la misma Iglesia se sirve de medios temporales en cuanto su propia misi\u00f3n lo exige. No pone, sin embargo, su esperanza en privilegios dados por el poder civil&#8230; Es de justicia que pueda la Iglesia en todo momento y en todas partes predicar la fe con aut\u00e9ntica libertad, ense\u00f1ar su doctrina social, ejercer su misi\u00f3n entre los hombres sin traba alguna y dar su juicio moral, incluso sobre materias referentes al orden pol\u00edtico, cuando lo exijan los derechos fundamentales de la persona o la salvaci\u00f3n de las almas, utilizando todos y solos aquellos medios que sean conformes al Evangelio y al bien de todos seg\u00fan la diversidad de tiempos y de situaciones.<\/em><\/p>\n<p><em>Con su fiel adhesi\u00f3n al Evangelio y el ejercicio de su misi\u00f3n en el mundo, la Iglesia, cuya misi\u00f3n es fomentar y elevar cuanto de verdadero, de bueno y de bello hay en la comunidad humana, consolida la paz en la humanidad para gloria de Dios\u201d <\/em>(GS 76).<\/p>\n<h3><strong>ACTUAR<\/strong><\/h3>\n<p>Ante tantos problemas que vive el pa\u00eds, cada quien hagamos cuanto podamos por el bien com\u00fan y sepamos discernir qui\u00e9nes de los candidatos a puestos p\u00fablicos tienen la real capacidad para que las cosas cambien y mejoren, No nos dejemos embaucar por la publicidad y por las propuestas demag\u00f3gicas que siempre son enga\u00f1osas.<\/p>\n","protected":false},"excerpt":{"rendered":"<p>No nos dejemos embaucar por la publicidad y por las propuestas demag\u00f3gicas que siempre son enga\u00f1osas<\/p>\n","protected":false},"author":24,"featured_media":79769,"comment_status":"closed","ping_status":"closed","sticky":false,"template":"","format":"standard","meta":{"_acf_changed":false,"_crdt_document":"","inline_featured_image":false,"footnotes":""},"categories":[130],"tags":[3727,8766,9367,4953],"class_list":["post-79765","post","type-post","status-publish","format-standard","has-post-thumbnail","hentry","category-voces","tag-cardenal-felipe-arizmendi","tag-crimen-organizado","tag-gaudium-et-spes","tag-trending-es"],"acf":[],"yoast_head":"<!-- This site is optimized with the Yoast SEO plugin v27.5 - https:\/\/yoast.com\/product\/yoast-seo-wordpress\/ -->\n<title>Cardenal Arizmendi: A pesar de todo, muchos quieren &#8211; Exaudi<\/title>\n<meta name=\"robots\" content=\"index, follow, max-snippet:-1, max-image-preview:large, max-video-preview:-1\" \/>\n<link rel=\"canonical\" href=\"https:\/\/exaudi.org\/es\/cardenal-arizmendi-a-pesar-de-todo-muchos-quieren\/\" \/>\n<meta property=\"og:locale\" content=\"es_ES\" \/>\n<meta property=\"og:type\" content=\"article\" \/>\n<meta property=\"og:title\" content=\"Cardenal Arizmendi: A pesar de todo, muchos quieren &#8211; Exaudi\" \/>\n<meta property=\"og:description\" content=\"No nos dejemos embaucar por la publicidad y por las propuestas demag\u00f3gicas que siempre son enga\u00f1osas\" \/>\n<meta property=\"og:url\" content=\"https:\/\/exaudi.org\/es\/cardenal-arizmendi-a-pesar-de-todo-muchos-quieren\/\" \/>\n<meta property=\"og:site_name\" content=\"Exaudi\" \/>\n<meta property=\"article:publisher\" content=\"https:\/\/www.facebook.com\/ExaudiNews\" \/>\n<meta property=\"article:published_time\" content=\"2023-07-05T08:57:45+00:00\" \/>\n<meta property=\"og:image\" content=\"https:\/\/exaudi.org\/wp-content\/uploads\/2023\/07\/pexels-ivan-samkov-6968875-scaled-e1688547457309.jpg\" \/>\n\t<meta property=\"og:image:width\" content=\"1702\" \/>\n\t<meta property=\"og:image:height\" content=\"1094\" \/>\n\t<meta property=\"og:image:type\" content=\"image\/jpeg\" \/>\n<meta name=\"author\" content=\"Cardenal Felipe Arizmendi\" \/>\n<meta name=\"twitter:card\" content=\"summary_large_image\" \/>\n<meta name=\"twitter:creator\" content=\"@Exaudi_News\" \/>\n<meta name=\"twitter:site\" content=\"@Exaudi_News\" \/>\n<meta name=\"twitter:label1\" content=\"Escrito por\" \/>\n\t<meta name=\"twitter:data1\" content=\"Cardenal Felipe Arizmendi\" \/>\n\t<meta name=\"twitter:label2\" content=\"Tiempo de lectura\" \/>\n\t<meta name=\"twitter:data2\" content=\"5 minutos\" \/>\n<script type=\"application\/ld+json\" class=\"yoast-schema-graph\">{\"@context\":\"https:\\\/\\\/schema.org\",\"@graph\":[{\"@type\":\"Article\",\"@id\":\"https:\\\/\\\/exaudi.org\\\/es\\\/cardenal-arizmendi-a-pesar-de-todo-muchos-quieren\\\/#article\",\"isPartOf\":{\"@id\":\"https:\\\/\\\/exaudi.org\\\/es\\\/cardenal-arizmendi-a-pesar-de-todo-muchos-quieren\\\/\"},\"author\":{\"name\":\"Cardenal Felipe Arizmendi\",\"@id\":\"https:\\\/\\\/exaudi.org\\\/#\\\/schema\\\/person\\\/c7d223f87e58f1105d044d8da1439102\"},\"headline\":\"Cardenal Arizmendi: A pesar de todo, muchos quieren\",\"datePublished\":\"2023-07-05T08:57:45+00:00\",\"mainEntityOfPage\":{\"@id\":\"https:\\\/\\\/exaudi.org\\\/es\\\/cardenal-arizmendi-a-pesar-de-todo-muchos-quieren\\\/\"},\"wordCount\":1063,\"image\":{\"@id\":\"https:\\\/\\\/exaudi.org\\\/es\\\/cardenal-arizmendi-a-pesar-de-todo-muchos-quieren\\\/#primaryimage\"},\"thumbnailUrl\":\"https:\\\/\\\/exaudi.org\\\/wp-content\\\/uploads\\\/2023\\\/07\\\/pexels-ivan-samkov-6968875-scaled-e1688547457309.jpg\",\"keywords\":[\"Cardenal Felipe Arizmendi\",\"Crimen organizado\",\"Gaudium et Spes\",\"Trending\"],\"articleSection\":[\"Voces\"],\"inLanguage\":\"es\"},{\"@type\":\"WebPage\",\"@id\":\"https:\\\/\\\/exaudi.org\\\/es\\\/cardenal-arizmendi-a-pesar-de-todo-muchos-quieren\\\/\",\"url\":\"https:\\\/\\\/exaudi.org\\\/es\\\/cardenal-arizmendi-a-pesar-de-todo-muchos-quieren\\\/\",\"name\":\"Cardenal Arizmendi: A pesar de todo, muchos quieren &#8211; Exaudi\",\"isPartOf\":{\"@id\":\"https:\\\/\\\/exaudi.org\\\/#website\"},\"primaryImageOfPage\":{\"@id\":\"https:\\\/\\\/exaudi.org\\\/es\\\/cardenal-arizmendi-a-pesar-de-todo-muchos-quieren\\\/#primaryimage\"},\"image\":{\"@id\":\"https:\\\/\\\/exaudi.org\\\/es\\\/cardenal-arizmendi-a-pesar-de-todo-muchos-quieren\\\/#primaryimage\"},\"thumbnailUrl\":\"https:\\\/\\\/exaudi.org\\\/wp-content\\\/uploads\\\/2023\\\/07\\\/pexels-ivan-samkov-6968875-scaled-e1688547457309.jpg\",\"datePublished\":\"2023-07-05T08:57:45+00:00\",\"author\":{\"@id\":\"https:\\\/\\\/exaudi.org\\\/#\\\/schema\\\/person\\\/c7d223f87e58f1105d044d8da1439102\"},\"breadcrumb\":{\"@id\":\"https:\\\/\\\/exaudi.org\\\/es\\\/cardenal-arizmendi-a-pesar-de-todo-muchos-quieren\\\/#breadcrumb\"},\"inLanguage\":\"es\",\"potentialAction\":[{\"@type\":\"ReadAction\",\"target\":[\"https:\\\/\\\/exaudi.org\\\/es\\\/cardenal-arizmendi-a-pesar-de-todo-muchos-quieren\\\/\"]}]},{\"@type\":\"ImageObject\",\"inLanguage\":\"es\",\"@id\":\"https:\\\/\\\/exaudi.org\\\/es\\\/cardenal-arizmendi-a-pesar-de-todo-muchos-quieren\\\/#primaryimage\",\"url\":\"https:\\\/\\\/exaudi.org\\\/wp-content\\\/uploads\\\/2023\\\/07\\\/pexels-ivan-samkov-6968875-scaled-e1688547457309.jpg\",\"contentUrl\":\"https:\\\/\\\/exaudi.org\\\/wp-content\\\/uploads\\\/2023\\\/07\\\/pexels-ivan-samkov-6968875-scaled-e1688547457309.jpg\",\"width\":1702,\"height\":1094,\"caption\":\"\u00a9 Pexels\"},{\"@type\":\"BreadcrumbList\",\"@id\":\"https:\\\/\\\/exaudi.org\\\/es\\\/cardenal-arizmendi-a-pesar-de-todo-muchos-quieren\\\/#breadcrumb\",\"itemListElement\":[{\"@type\":\"ListItem\",\"position\":1,\"name\":\"Portada\",\"item\":\"https:\\\/\\\/exaudi.org\\\/es\\\/\"},{\"@type\":\"ListItem\",\"position\":2,\"name\":\"Cardenal Arizmendi: A pesar de todo, muchos quieren\"}]},{\"@type\":\"WebSite\",\"@id\":\"https:\\\/\\\/exaudi.org\\\/#website\",\"url\":\"https:\\\/\\\/exaudi.org\\\/\",\"name\":\"Exaudi\",\"description\":\"News\",\"potentialAction\":[{\"@type\":\"SearchAction\",\"target\":{\"@type\":\"EntryPoint\",\"urlTemplate\":\"https:\\\/\\\/exaudi.org\\\/?s={search_term_string}\"},\"query-input\":{\"@type\":\"PropertyValueSpecification\",\"valueRequired\":true,\"valueName\":\"search_term_string\"}}],\"inLanguage\":\"es\"},{\"@type\":\"Person\",\"@id\":\"https:\\\/\\\/exaudi.org\\\/#\\\/schema\\\/person\\\/c7d223f87e58f1105d044d8da1439102\",\"name\":\"Cardenal Felipe Arizmendi\",\"image\":{\"@type\":\"ImageObject\",\"inLanguage\":\"es\",\"@id\":\"https:\\\/\\\/secure.gravatar.com\\\/avatar\\\/4ffc5520d896b86d39346168903de33a17ef0f23d16de0ff45062c1ff422ed2f?s=96&d=mm&r=g\",\"url\":\"https:\\\/\\\/secure.gravatar.com\\\/avatar\\\/4ffc5520d896b86d39346168903de33a17ef0f23d16de0ff45062c1ff422ed2f?s=96&d=mm&r=g\",\"contentUrl\":\"https:\\\/\\\/secure.gravatar.com\\\/avatar\\\/4ffc5520d896b86d39346168903de33a17ef0f23d16de0ff45062c1ff422ed2f?s=96&d=mm&r=g\",\"caption\":\"Cardenal Felipe Arizmendi\"},\"description\":\"Nacido en Chiltepec el 1 de mayo de 1940. Estudi\u00f3 Humanidades y Filosof\u00eda en el Seminario de Toluca, de 1952 a 1959. Curs\u00f3 la Teolog\u00eda en la Universidad Pontificia de Salamanca, Espa\u00f1a, de 1959 a 1963, obteniendo la licenciatura en Teolog\u00eda Dogm\u00e1tica. Por su cuenta, se especializ\u00f3 en Liturgia. Fue ordenado sacerdote el 25 de agosto de 1963 en Toluca. Sirvi\u00f3 como Vicario Parroquial en tres parroquias por tres a\u00f1os y medio y fue p\u00e1rroco de una comunidad ind\u00edgena otom\u00ed, de 1967 a 1970. Fue Director Espiritual del Seminario de Toluca por diez a\u00f1os, y Rector del mismo de 1981 a 1991. El 7 de marzo de 1991, fue ordenado obispo de la di\u00f3cesis de Tapachula, donde estuvo hasta el 30 de abril del a\u00f1o 2000. El 1 de mayo del 2000, inici\u00f3 su ministerio episcopal como XLVI obispo de la di\u00f3cesis de San Crist\u00f3bal de las Casas, Chiapas, una de las di\u00f3cesis m\u00e1s antiguas de M\u00e9xico, erigida en 1539; all\u00ed sirvi\u00f3 por casi 18 a\u00f1os. Ha ocupado diversos cargos en la Conferencia del Episcopado Mexicano y en el CELAM. El 3 de noviembre de 2017, el Papa Francisco le acept\u00f3, por edad, su renuncia al servicio episcopal en esta di\u00f3cesis, que entreg\u00f3 a su sucesor el 3 de enero de 2018. Desde entonces, reside en la ciudad de Toluca. Desde 1979, escribe art\u00edculos de actualidad en varios medios religiosos y civiles. Es autor de varias publicaciones.\",\"url\":\"https:\\\/\\\/exaudi.org\\\/es\\\/author\\\/felipearizmendi\\\/\"}]}<\/script>\n<!-- \/ Yoast SEO plugin. -->","yoast_head_json":{"title":"Cardenal Arizmendi: A pesar de todo, muchos quieren &#8211; Exaudi","robots":{"index":"index","follow":"follow","max-snippet":"max-snippet:-1","max-image-preview":"max-image-preview:large","max-video-preview":"max-video-preview:-1"},"canonical":"https:\/\/exaudi.org\/es\/cardenal-arizmendi-a-pesar-de-todo-muchos-quieren\/","og_locale":"es_ES","og_type":"article","og_title":"Cardenal Arizmendi: A pesar de todo, muchos quieren &#8211; Exaudi","og_description":"No nos dejemos embaucar por la publicidad y por las propuestas demag\u00f3gicas que siempre son enga\u00f1osas","og_url":"https:\/\/exaudi.org\/es\/cardenal-arizmendi-a-pesar-de-todo-muchos-quieren\/","og_site_name":"Exaudi","article_publisher":"https:\/\/www.facebook.com\/ExaudiNews","article_published_time":"2023-07-05T08:57:45+00:00","og_image":[{"width":1702,"height":1094,"url":"https:\/\/exaudi.org\/wp-content\/uploads\/2023\/07\/pexels-ivan-samkov-6968875-scaled-e1688547457309.jpg","type":"image\/jpeg"}],"author":"Cardenal Felipe Arizmendi","twitter_card":"summary_large_image","twitter_creator":"@Exaudi_News","twitter_site":"@Exaudi_News","twitter_misc":{"Escrito por":"Cardenal Felipe Arizmendi","Tiempo de lectura":"5 minutos"},"schema":{"@context":"https:\/\/schema.org","@graph":[{"@type":"Article","@id":"https:\/\/exaudi.org\/es\/cardenal-arizmendi-a-pesar-de-todo-muchos-quieren\/#article","isPartOf":{"@id":"https:\/\/exaudi.org\/es\/cardenal-arizmendi-a-pesar-de-todo-muchos-quieren\/"},"author":{"name":"Cardenal Felipe Arizmendi","@id":"https:\/\/exaudi.org\/#\/schema\/person\/c7d223f87e58f1105d044d8da1439102"},"headline":"Cardenal Arizmendi: A pesar de todo, muchos quieren","datePublished":"2023-07-05T08:57:45+00:00","mainEntityOfPage":{"@id":"https:\/\/exaudi.org\/es\/cardenal-arizmendi-a-pesar-de-todo-muchos-quieren\/"},"wordCount":1063,"image":{"@id":"https:\/\/exaudi.org\/es\/cardenal-arizmendi-a-pesar-de-todo-muchos-quieren\/#primaryimage"},"thumbnailUrl":"https:\/\/exaudi.org\/wp-content\/uploads\/2023\/07\/pexels-ivan-samkov-6968875-scaled-e1688547457309.jpg","keywords":["Cardenal Felipe Arizmendi","Crimen organizado","Gaudium et Spes","Trending"],"articleSection":["Voces"],"inLanguage":"es"},{"@type":"WebPage","@id":"https:\/\/exaudi.org\/es\/cardenal-arizmendi-a-pesar-de-todo-muchos-quieren\/","url":"https:\/\/exaudi.org\/es\/cardenal-arizmendi-a-pesar-de-todo-muchos-quieren\/","name":"Cardenal Arizmendi: A pesar de todo, muchos quieren &#8211; Exaudi","isPartOf":{"@id":"https:\/\/exaudi.org\/#website"},"primaryImageOfPage":{"@id":"https:\/\/exaudi.org\/es\/cardenal-arizmendi-a-pesar-de-todo-muchos-quieren\/#primaryimage"},"image":{"@id":"https:\/\/exaudi.org\/es\/cardenal-arizmendi-a-pesar-de-todo-muchos-quieren\/#primaryimage"},"thumbnailUrl":"https:\/\/exaudi.org\/wp-content\/uploads\/2023\/07\/pexels-ivan-samkov-6968875-scaled-e1688547457309.jpg","datePublished":"2023-07-05T08:57:45+00:00","author":{"@id":"https:\/\/exaudi.org\/#\/schema\/person\/c7d223f87e58f1105d044d8da1439102"},"breadcrumb":{"@id":"https:\/\/exaudi.org\/es\/cardenal-arizmendi-a-pesar-de-todo-muchos-quieren\/#breadcrumb"},"inLanguage":"es","potentialAction":[{"@type":"ReadAction","target":["https:\/\/exaudi.org\/es\/cardenal-arizmendi-a-pesar-de-todo-muchos-quieren\/"]}]},{"@type":"ImageObject","inLanguage":"es","@id":"https:\/\/exaudi.org\/es\/cardenal-arizmendi-a-pesar-de-todo-muchos-quieren\/#primaryimage","url":"https:\/\/exaudi.org\/wp-content\/uploads\/2023\/07\/pexels-ivan-samkov-6968875-scaled-e1688547457309.jpg","contentUrl":"https:\/\/exaudi.org\/wp-content\/uploads\/2023\/07\/pexels-ivan-samkov-6968875-scaled-e1688547457309.jpg","width":1702,"height":1094,"caption":"\u00a9 Pexels"},{"@type":"BreadcrumbList","@id":"https:\/\/exaudi.org\/es\/cardenal-arizmendi-a-pesar-de-todo-muchos-quieren\/#breadcrumb","itemListElement":[{"@type":"ListItem","position":1,"name":"Portada","item":"https:\/\/exaudi.org\/es\/"},{"@type":"ListItem","position":2,"name":"Cardenal Arizmendi: A pesar de todo, muchos quieren"}]},{"@type":"WebSite","@id":"https:\/\/exaudi.org\/#website","url":"https:\/\/exaudi.org\/","name":"Exaudi","description":"News","potentialAction":[{"@type":"SearchAction","target":{"@type":"EntryPoint","urlTemplate":"https:\/\/exaudi.org\/?s={search_term_string}"},"query-input":{"@type":"PropertyValueSpecification","valueRequired":true,"valueName":"search_term_string"}}],"inLanguage":"es"},{"@type":"Person","@id":"https:\/\/exaudi.org\/#\/schema\/person\/c7d223f87e58f1105d044d8da1439102","name":"Cardenal Felipe Arizmendi","image":{"@type":"ImageObject","inLanguage":"es","@id":"https:\/\/secure.gravatar.com\/avatar\/4ffc5520d896b86d39346168903de33a17ef0f23d16de0ff45062c1ff422ed2f?s=96&d=mm&r=g","url":"https:\/\/secure.gravatar.com\/avatar\/4ffc5520d896b86d39346168903de33a17ef0f23d16de0ff45062c1ff422ed2f?s=96&d=mm&r=g","contentUrl":"https:\/\/secure.gravatar.com\/avatar\/4ffc5520d896b86d39346168903de33a17ef0f23d16de0ff45062c1ff422ed2f?s=96&d=mm&r=g","caption":"Cardenal Felipe Arizmendi"},"description":"Nacido en Chiltepec el 1 de mayo de 1940. Estudi\u00f3 Humanidades y Filosof\u00eda en el Seminario de Toluca, de 1952 a 1959. Curs\u00f3 la Teolog\u00eda en la Universidad Pontificia de Salamanca, Espa\u00f1a, de 1959 a 1963, obteniendo la licenciatura en Teolog\u00eda Dogm\u00e1tica. Por su cuenta, se especializ\u00f3 en Liturgia. Fue ordenado sacerdote el 25 de agosto de 1963 en Toluca. Sirvi\u00f3 como Vicario Parroquial en tres parroquias por tres a\u00f1os y medio y fue p\u00e1rroco de una comunidad ind\u00edgena otom\u00ed, de 1967 a 1970. Fue Director Espiritual del Seminario de Toluca por diez a\u00f1os, y Rector del mismo de 1981 a 1991. El 7 de marzo de 1991, fue ordenado obispo de la di\u00f3cesis de Tapachula, donde estuvo hasta el 30 de abril del a\u00f1o 2000. El 1 de mayo del 2000, inici\u00f3 su ministerio episcopal como XLVI obispo de la di\u00f3cesis de San Crist\u00f3bal de las Casas, Chiapas, una de las di\u00f3cesis m\u00e1s antiguas de M\u00e9xico, erigida en 1539; all\u00ed sirvi\u00f3 por casi 18 a\u00f1os. Ha ocupado diversos cargos en la Conferencia del Episcopado Mexicano y en el CELAM. El 3 de noviembre de 2017, el Papa Francisco le acept\u00f3, por edad, su renuncia al servicio episcopal en esta di\u00f3cesis, que entreg\u00f3 a su sucesor el 3 de enero de 2018. Desde entonces, reside en la ciudad de Toluca. Desde 1979, escribe art\u00edculos de actualidad en varios medios religiosos y civiles. Es autor de varias publicaciones.","url":"https:\/\/exaudi.org\/es\/author\/felipearizmendi\/"}]}},"jetpack_featured_media_url":"https:\/\/exaudi.org\/wp-content\/uploads\/2023\/07\/pexels-ivan-samkov-6968875-scaled-e1688547457309.jpg","jetpack_shortlink":"https:\/\/wp.me\/pgKjF2-kKx","_links":{"self":[{"href":"https:\/\/exaudi.org\/es\/wp-json\/wp\/v2\/posts\/79765","targetHints":{"allow":["GET"]}}],"collection":[{"href":"https:\/\/exaudi.org\/es\/wp-json\/wp\/v2\/posts"}],"about":[{"href":"https:\/\/exaudi.org\/es\/wp-json\/wp\/v2\/types\/post"}],"author":[{"embeddable":true,"href":"https:\/\/exaudi.org\/es\/wp-json\/wp\/v2\/users\/24"}],"replies":[{"embeddable":true,"href":"https:\/\/exaudi.org\/es\/wp-json\/wp\/v2\/comments?post=79765"}],"version-history":[{"count":0,"href":"https:\/\/exaudi.org\/es\/wp-json\/wp\/v2\/posts\/79765\/revisions"}],"wp:featuredmedia":[{"embeddable":true,"href":"https:\/\/exaudi.org\/es\/wp-json\/wp\/v2\/media\/79769"}],"wp:attachment":[{"href":"https:\/\/exaudi.org\/es\/wp-json\/wp\/v2\/media?parent=79765"}],"wp:term":[{"taxonomy":"category","embeddable":true,"href":"https:\/\/exaudi.org\/es\/wp-json\/wp\/v2\/categories?post=79765"},{"taxonomy":"post_tag","embeddable":true,"href":"https:\/\/exaudi.org\/es\/wp-json\/wp\/v2\/tags?post=79765"}],"curies":[{"name":"wp","href":"https:\/\/api.w.org\/{rel}","templated":true}]}}